{"id":158514,"date":"2023-02-28T11:29:25","date_gmt":"2023-02-28T10:29:25","guid":{"rendered":"https:\/\/www.mondocamping.com\/experiencias-campings-espana-sept-experiences-pour-integrer-le-camping-et-le-territoire\/"},"modified":"2023-03-13T11:29:47","modified_gmt":"2023-03-13T10:29:47","slug":"experiencias-campings-espana-sept-experiences-pour-integrer-le-camping-et-le-territoire","status":"publish","type":"post","link":"https:\/\/www.mondocamping.com\/fr\/experiencias-campings-espana-sept-experiences-pour-integrer-le-camping-et-le-territoire\/","title":{"rendered":"Experiencias Campings Espa\u00f1a, sept exp\u00e9riences pour int\u00e9grer le camping et le territoire"},"content":{"rendered":"\n<p>Le projet Experiencias Campings Espa\u00f1a, promu par la F\u00e9d\u00e9ration espagnole des campings (FEEC) et la Conf\u00e9d\u00e9ration espagnole des h\u00f4tels et h\u00e9bergements touristiques (CEHAT), financ\u00e9 par le programme \u00ab\u00a0Experiencias Turismo Espa\u00f1a\u00a0\u00bb du minist\u00e8re de l&rsquo;Industrie, du Commerce et du Tourisme vise \u00e0 am\u00e9liorer la comp\u00e9titivit\u00e9 du r\u00e9seau national de campings.<\/p>\n\n<p>La strat\u00e9gie choisie vise \u00e0 conjuguer le plaisir des campings avec le d\u00e9veloppement des activit\u00e9s pr\u00e9sentes dans leur environnement (visites guid\u00e9es de monuments d&rsquo;int\u00e9r\u00eat touristique, parcours cyclables ou p\u00e9destres, visites d&rsquo;\u00e9tablissements agroalimentaires o\u00f9 il est possible de d\u00e9guster des produits et pr\u00e9parations) . Donc toutes les initiatives concernant le tourisme de plein air.<\/p>\n\n<h2 class=\"wp-block-heading\"><strong>LE REFLET DES AGENTS DE CAMPING ESPAGNOLS<\/strong><\/h2>\n\n<p>Dans une premi\u00e8re phase, Experiencias Campings Espa\u00f1a a vu l&rsquo;organisation de conf\u00e9rences et de r\u00e9unions avec le r\u00e9seau d&rsquo;agents de camping espagnols, regroup\u00e9s dans les associations territoriales int\u00e9gr\u00e9es (FEEC), au cours desquelles le projet a \u00e9t\u00e9 pr\u00e9sent\u00e9 et des r\u00e9flexions sur des exp\u00e9riences strat\u00e9giques nationales ont \u00e9t\u00e9 lanc\u00e9es. De la rencontre et gr\u00e2ce au d\u00e9bat, sept exp\u00e9riences touristiques ont \u00e9t\u00e9 identifi\u00e9es \u00e0 d\u00e9velopper pour promouvoir le secteur.<\/p>\n\n<p>Les sept exp\u00e9riences sur lesquelles l&rsquo;Espagne veut se concentrer sont : le cyclotourisme, le tourisme actif, naturaliste et rural, culturel, \u0153nogastronomique, famille-enfants et bleu-aquatique.<\/p>\n\n<h2 class=\"wp-block-heading\"><strong>ALLER AU R\u00c9SEAU DES SEPT EXP\u00c9RIENCES<\/strong><\/h2>\n\n<p>Experiencias Campings Espa\u00f1a a \u00e9galement pr\u00e9vu une deuxi\u00e8me phase, encore ouverte, visant \u00e0 identifier les entreprises et les organisations qui peuvent fournir des services et des activit\u00e9s li\u00e9es aux sept exp\u00e9riences. Le but ultime est de cr\u00e9er un groupe de plus en plus important d&rsquo;agents de camping r\u00e9unis sous Experiencias Campings Espa\u00f1a. Connecter ensuite les \u00e9tablissements, les entreprises d&rsquo;activit\u00e9s et les diff\u00e9rents profils de clients, permettant \u00e0 ces derniers d&rsquo;organiser et de planifier des voyages en fonction de l&rsquo;exp\u00e9rience souhait\u00e9e et de leurs motivations touristiques. Le tout pour produire un impact positif tant sur les usagers que sur le territoire.<\/p>\n\n<h2 class=\"wp-block-heading\"><strong>COMMENT REJOINDRE LE PROJET<\/strong><\/h2>\n\n<p>Les entreprises int\u00e9ress\u00e9es peuvent contacter le projet en \u00e9crivant un e-mail \u00e0 : hola@experienciascampings.es. Pour en savoir plus sur Experiencias Campings Espa\u00f1a il y a un site web d\u00e9di\u00e9 et aussi une vid\u00e9o<\/p>\n\n<p><\/p>\n","protected":false},"excerpt":{"rendered":"<p>Le projet Experiencias Campings Espa\u00f1a, promu par la F\u00e9d\u00e9ration espagnole des campings (FEEC) et la Conf\u00e9d\u00e9ration espagnole des h\u00f4tels et h\u00e9bergements touristiques (CEHAT), financ\u00e9 par le programme \u00ab\u00a0Experiencias Turismo Espa\u00f1a\u00a0\u00bb du minist\u00e8re de l&rsquo;Industrie, du Commerce et du Tourisme vise \u00e0 am\u00e9liorer la comp\u00e9titivit\u00e9 du r\u00e9seau national de campings. La strat\u00e9gie choisie vise \u00e0 conjuguer [&hellip;]<\/p>\n","protected":false},"author":5,"featured_media":156255,"comment_status":"closed","ping_status":"closed","sticky":false,"template":"","format":"standard","meta":{"_acf_changed":false,"_monsterinsights_skip_tracking":false,"_monsterinsights_sitenote_active":false,"_monsterinsights_sitenote_note":"","_monsterinsights_sitenote_category":0,"footnotes":""},"categories":[4024],"tags":[4189,4275,4274,4277,4276,4079],"class_list":["post-158514","post","type-post","status-publish","format-standard","has-post-thumbnail","hentry","category-actualite","tag-camping-fr","tag-espagne","tag-experiencias-campings-espana-fr","tag-federation-espagnole-des-campings","tag-sept-experiences-touristiques","tag-tourisme-de-plein-air"],"acf":[],"yoast_head":"<!-- This site is optimized with the Yoast SEO plugin v27.5 - https:\/\/yoast.com\/product\/yoast-seo-wordpress\/ -->\n<title>Experiencias Campings Espa\u00f1a, sept exp\u00e9riences pour int\u00e9grer le camping et le territoire<\/title>\n<meta name=\"description\" content=\"Camping et territoire sont la combinaison sur laquelle le projet Experiencias Campings Espa\u00f1a veut cr\u00e9er un r\u00e9seau pour augmenter l&#039;offre touristique\" \/>\n<meta name=\"robots\" content=\"index, follow, max-snippet:-1, max-image-preview:large, max-video-preview:-1\" \/>\n<link rel=\"canonical\" href=\"https:\/\/www.mondocamping.com\/fr\/experiencias-campings-espana-sept-experiences-pour-integrer-le-camping-et-le-territoire\/\" \/>\n<meta property=\"og:locale\" content=\"fr_FR\" \/>\n<meta property=\"og:type\" content=\"article\" \/>\n<meta property=\"og:title\" content=\"Experiencias Campings Espa\u00f1a, sept exp\u00e9riences pour int\u00e9grer le camping et le territoire\" \/>\n<meta property=\"og:description\" content=\"Camping et territoire sont la combinaison sur laquelle le projet Experiencias Campings Espa\u00f1a veut cr\u00e9er un r\u00e9seau pour augmenter l&#039;offre touristique\" \/>\n<meta property=\"og:url\" content=\"https:\/\/www.mondocamping.com\/fr\/experiencias-campings-espana-sept-experiences-pour-integrer-le-camping-et-le-territoire\/\" \/>\n<meta property=\"og:site_name\" content=\"Mondo Camping\" \/>\n<meta property=\"article:publisher\" content=\"https:\/\/www.facebook.com\/mondobalneare\" \/>\n<meta property=\"article:author\" content=\"https:\/\/www.facebook.com\/mondocamping\" \/>\n<meta property=\"article:published_time\" content=\"2023-02-28T10:29:25+00:00\" \/>\n<meta property=\"article:modified_time\" content=\"2023-03-13T10:29:47+00:00\" \/>\n<meta property=\"og:image\" content=\"https:\/\/www.mondocamping.com\/wp-content\/uploads\/2023\/02\/Campeggio-Spagna.jpg\" \/>\n\t<meta property=\"og:image:width\" content=\"1086\" \/>\n\t<meta property=\"og:image:height\" content=\"800\" \/>\n\t<meta property=\"og:image:type\" content=\"image\/jpeg\" \/>\n<meta name=\"author\" content=\"Mondo Camping\" \/>\n<meta name=\"twitter:card\" content=\"summary_large_image\" \/>\n<meta name=\"twitter:creator\" content=\"@mondobalneare\" \/>\n<meta name=\"twitter:site\" content=\"@mondobalneare\" \/>\n<meta name=\"twitter:label1\" content=\"\u00c9crit par\" \/>\n\t<meta name=\"twitter:data1\" content=\"Mondo Camping\" \/>\n\t<meta name=\"twitter:label2\" content=\"Dur\u00e9e de lecture estim\u00e9e\" \/>\n\t<meta name=\"twitter:data2\" content=\"2 minutes\" \/>\n<script type=\"application\/ld+json\" class=\"yoast-schema-graph\">{\"@context\":\"https:\\\/\\\/schema.org\",\"@graph\":[{\"@type\":\"Article\",\"@id\":\"https:\\\/\\\/www.mondocamping.com\\\/fr\\\/experiencias-campings-espana-sept-experiences-pour-integrer-le-camping-et-le-territoire\\\/#article\",\"isPartOf\":{\"@id\":\"https:\\\/\\\/www.mondocamping.com\\\/fr\\\/experiencias-campings-espana-sept-experiences-pour-integrer-le-camping-et-le-territoire\\\/\"},\"author\":{\"name\":\"Mondo Camping\",\"@id\":\"https:\\\/\\\/www.mondocamping.com\\\/#\\\/schema\\\/person\\\/01a031b8c5ef08c2204bb0e696f0a760\"},\"headline\":\"Experiencias Campings Espa\u00f1a, sept exp\u00e9riences pour int\u00e9grer le camping et le territoire\",\"datePublished\":\"2023-02-28T10:29:25+00:00\",\"dateModified\":\"2023-03-13T10:29:47+00:00\",\"mainEntityOfPage\":{\"@id\":\"https:\\\/\\\/www.mondocamping.com\\\/fr\\\/experiencias-campings-espana-sept-experiences-pour-integrer-le-camping-et-le-territoire\\\/\"},\"wordCount\":422,\"publisher\":{\"@id\":\"https:\\\/\\\/www.mondocamping.com\\\/#organization\"},\"image\":{\"@id\":\"https:\\\/\\\/www.mondocamping.com\\\/fr\\\/experiencias-campings-espana-sept-experiences-pour-integrer-le-camping-et-le-territoire\\\/#primaryimage\"},\"thumbnailUrl\":\"https:\\\/\\\/www.mondocamping.com\\\/wp-content\\\/uploads\\\/2023\\\/02\\\/Campeggio-Spagna.jpg\",\"keywords\":[\"camping\",\"Espagne\",\"Experiencias Campings Espa\u00f1a\",\"F\u00e9d\u00e9ration Espagnole des Campings\",\"sept exp\u00e9riences touristiques\",\"Tourisme de plein air\"],\"articleSection\":[\"Actualit\u00e9\"],\"inLanguage\":\"fr-FR\"},{\"@type\":\"WebPage\",\"@id\":\"https:\\\/\\\/www.mondocamping.com\\\/fr\\\/experiencias-campings-espana-sept-experiences-pour-integrer-le-camping-et-le-territoire\\\/\",\"url\":\"https:\\\/\\\/www.mondocamping.com\\\/fr\\\/experiencias-campings-espana-sept-experiences-pour-integrer-le-camping-et-le-territoire\\\/\",\"name\":\"Experiencias Campings Espa\u00f1a, sept exp\u00e9riences pour int\u00e9grer le camping et le territoire\",\"isPartOf\":{\"@id\":\"https:\\\/\\\/www.mondocamping.com\\\/#website\"},\"primaryImageOfPage\":{\"@id\":\"https:\\\/\\\/www.mondocamping.com\\\/fr\\\/experiencias-campings-espana-sept-experiences-pour-integrer-le-camping-et-le-territoire\\\/#primaryimage\"},\"image\":{\"@id\":\"https:\\\/\\\/www.mondocamping.com\\\/fr\\\/experiencias-campings-espana-sept-experiences-pour-integrer-le-camping-et-le-territoire\\\/#primaryimage\"},\"thumbnailUrl\":\"https:\\\/\\\/www.mondocamping.com\\\/wp-content\\\/uploads\\\/2023\\\/02\\\/Campeggio-Spagna.jpg\",\"datePublished\":\"2023-02-28T10:29:25+00:00\",\"dateModified\":\"2023-03-13T10:29:47+00:00\",\"description\":\"Camping et territoire sont la combinaison sur laquelle le projet Experiencias Campings Espa\u00f1a veut cr\u00e9er un r\u00e9seau pour augmenter l'offre touristique\",\"breadcrumb\":{\"@id\":\"https:\\\/\\\/www.mondocamping.com\\\/fr\\\/experiencias-campings-espana-sept-experiences-pour-integrer-le-camping-et-le-territoire\\\/#breadcrumb\"},\"inLanguage\":\"fr-FR\",\"potentialAction\":[{\"@type\":\"ReadAction\",\"target\":[\"https:\\\/\\\/www.mondocamping.com\\\/fr\\\/experiencias-campings-espana-sept-experiences-pour-integrer-le-camping-et-le-territoire\\\/\"]}]},{\"@type\":\"ImageObject\",\"inLanguage\":\"fr-FR\",\"@id\":\"https:\\\/\\\/www.mondocamping.com\\\/fr\\\/experiencias-campings-espana-sept-experiences-pour-integrer-le-camping-et-le-territoire\\\/#primaryimage\",\"url\":\"https:\\\/\\\/www.mondocamping.com\\\/wp-content\\\/uploads\\\/2023\\\/02\\\/Campeggio-Spagna.jpg\",\"contentUrl\":\"https:\\\/\\\/www.mondocamping.com\\\/wp-content\\\/uploads\\\/2023\\\/02\\\/Campeggio-Spagna.jpg\",\"width\":1086,\"height\":800,\"caption\":\"campeggio spagna\"},{\"@type\":\"BreadcrumbList\",\"@id\":\"https:\\\/\\\/www.mondocamping.com\\\/fr\\\/experiencias-campings-espana-sept-experiences-pour-integrer-le-camping-et-le-territoire\\\/#breadcrumb\",\"itemListElement\":[{\"@type\":\"ListItem\",\"position\":1,\"name\":\"Home\",\"item\":\"https:\\\/\\\/www.mondocamping.com\\\/fr\\\/\"},{\"@type\":\"ListItem\",\"position\":2,\"name\":\"Experiencias Campings Espa\u00f1a, sept exp\u00e9riences pour int\u00e9grer le camping et le territoire\"}]},{\"@type\":\"WebSite\",\"@id\":\"https:\\\/\\\/www.mondocamping.com\\\/#website\",\"url\":\"https:\\\/\\\/www.mondocamping.com\\\/\",\"name\":\"Mondo Camping\",\"description\":\"Le portail d\u00e9di\u00e9 aux gestionnaires de campings et villages touristiques\",\"publisher\":{\"@id\":\"https:\\\/\\\/www.mondocamping.com\\\/#organization\"},\"potentialAction\":[{\"@type\":\"SearchAction\",\"target\":{\"@type\":\"EntryPoint\",\"urlTemplate\":\"https:\\\/\\\/www.mondocamping.com\\\/?s={search_term_string}\"},\"query-input\":{\"@type\":\"PropertyValueSpecification\",\"valueRequired\":true,\"valueName\":\"search_term_string\"}}],\"inLanguage\":\"fr-FR\"},{\"@type\":\"Organization\",\"@id\":\"https:\\\/\\\/www.mondocamping.com\\\/#organization\",\"name\":\"Mondo Camping\",\"url\":\"https:\\\/\\\/www.mondocamping.com\\\/\",\"logo\":{\"@type\":\"ImageObject\",\"inLanguage\":\"fr-FR\",\"@id\":\"https:\\\/\\\/www.mondocamping.com\\\/#\\\/schema\\\/logo\\\/image\\\/\",\"url\":\"https:\\\/\\\/www.mondocamping.com\\\/wp-content\\\/uploads\\\/2022\\\/04\\\/mondo-camping-logo-contornato-1.png\",\"contentUrl\":\"https:\\\/\\\/www.mondocamping.com\\\/wp-content\\\/uploads\\\/2022\\\/04\\\/mondo-camping-logo-contornato-1.png\",\"width\":280,\"height\":90,\"caption\":\"Mondo Camping\"},\"image\":{\"@id\":\"https:\\\/\\\/www.mondocamping.com\\\/#\\\/schema\\\/logo\\\/image\\\/\"},\"sameAs\":[\"https:\\\/\\\/www.facebook.com\\\/mondobalneare\",\"https:\\\/\\\/x.com\\\/mondobalneare\",\"https:\\\/\\\/www.instagram.com\\\/mondobalneare\\\/\",\"https:\\\/\\\/www.linkedin.com\\\/company\\\/67180810\\\/\",\"https:\\\/\\\/www.youtube.com\\\/user\\\/mondobalnearevideo\"]},{\"@type\":\"Person\",\"@id\":\"https:\\\/\\\/www.mondocamping.com\\\/#\\\/schema\\\/person\\\/01a031b8c5ef08c2204bb0e696f0a760\",\"name\":\"Mondo Camping\",\"image\":{\"@type\":\"ImageObject\",\"inLanguage\":\"fr-FR\",\"@id\":\"https:\\\/\\\/www.mondocamping.com\\\/wp-content\\\/uploads\\\/2022\\\/05\\\/cropped-icona-MONDO-CAMPING-150x150.png\",\"url\":\"https:\\\/\\\/www.mondocamping.com\\\/wp-content\\\/uploads\\\/2022\\\/05\\\/cropped-icona-MONDO-CAMPING-150x150.png\",\"contentUrl\":\"https:\\\/\\\/www.mondocamping.com\\\/wp-content\\\/uploads\\\/2022\\\/05\\\/cropped-icona-MONDO-CAMPING-150x150.png\",\"caption\":\"Mondo Camping\"},\"sameAs\":[\"https:\\\/\\\/www.mondocamping.com\\\/\",\"https:\\\/\\\/www.facebook.com\\\/mondocamping\"]}]}<\/script>\n<!-- \/ Yoast SEO plugin. -->","yoast_head_json":{"title":"Experiencias Campings Espa\u00f1a, sept exp\u00e9riences pour int\u00e9grer le camping et le territoire","description":"Camping et territoire sont la combinaison sur laquelle le projet Experiencias Campings Espa\u00f1a veut cr\u00e9er un r\u00e9seau pour augmenter l'offre touristique","robots":{"index":"index","follow":"follow","max-snippet":"max-snippet:-1","max-image-preview":"max-image-preview:large","max-video-preview":"max-video-preview:-1"},"canonical":"https:\/\/www.mondocamping.com\/fr\/experiencias-campings-espana-sept-experiences-pour-integrer-le-camping-et-le-territoire\/","og_locale":"fr_FR","og_type":"article","og_title":"Experiencias Campings Espa\u00f1a, sept exp\u00e9riences pour int\u00e9grer le camping et le territoire","og_description":"Camping et territoire sont la combinaison sur laquelle le projet Experiencias Campings Espa\u00f1a veut cr\u00e9er un r\u00e9seau pour augmenter l'offre touristique","og_url":"https:\/\/www.mondocamping.com\/fr\/experiencias-campings-espana-sept-experiences-pour-integrer-le-camping-et-le-territoire\/","og_site_name":"Mondo Camping","article_publisher":"https:\/\/www.facebook.com\/mondobalneare","article_author":"https:\/\/www.facebook.com\/mondocamping","article_published_time":"2023-02-28T10:29:25+00:00","article_modified_time":"2023-03-13T10:29:47+00:00","og_image":[{"width":1086,"height":800,"url":"https:\/\/www.mondocamping.com\/wp-content\/uploads\/2023\/02\/Campeggio-Spagna.jpg","type":"image\/jpeg"}],"author":"Mondo Camping","twitter_card":"summary_large_image","twitter_creator":"@mondobalneare","twitter_site":"@mondobalneare","twitter_misc":{"\u00c9crit par":"Mondo Camping","Dur\u00e9e de lecture estim\u00e9e":"2 minutes"},"schema":{"@context":"https:\/\/schema.org","@graph":[{"@type":"Article","@id":"https:\/\/www.mondocamping.com\/fr\/experiencias-campings-espana-sept-experiences-pour-integrer-le-camping-et-le-territoire\/#article","isPartOf":{"@id":"https:\/\/www.mondocamping.com\/fr\/experiencias-campings-espana-sept-experiences-pour-integrer-le-camping-et-le-territoire\/"},"author":{"name":"Mondo Camping","@id":"https:\/\/www.mondocamping.com\/#\/schema\/person\/01a031b8c5ef08c2204bb0e696f0a760"},"headline":"Experiencias Campings Espa\u00f1a, sept exp\u00e9riences pour int\u00e9grer le camping et le territoire","datePublished":"2023-02-28T10:29:25+00:00","dateModified":"2023-03-13T10:29:47+00:00","mainEntityOfPage":{"@id":"https:\/\/www.mondocamping.com\/fr\/experiencias-campings-espana-sept-experiences-pour-integrer-le-camping-et-le-territoire\/"},"wordCount":422,"publisher":{"@id":"https:\/\/www.mondocamping.com\/#organization"},"image":{"@id":"https:\/\/www.mondocamping.com\/fr\/experiencias-campings-espana-sept-experiences-pour-integrer-le-camping-et-le-territoire\/#primaryimage"},"thumbnailUrl":"https:\/\/www.mondocamping.com\/wp-content\/uploads\/2023\/02\/Campeggio-Spagna.jpg","keywords":["camping","Espagne","Experiencias Campings Espa\u00f1a","F\u00e9d\u00e9ration Espagnole des Campings","sept exp\u00e9riences touristiques","Tourisme de plein air"],"articleSection":["Actualit\u00e9"],"inLanguage":"fr-FR"},{"@type":"WebPage","@id":"https:\/\/www.mondocamping.com\/fr\/experiencias-campings-espana-sept-experiences-pour-integrer-le-camping-et-le-territoire\/","url":"https:\/\/www.mondocamping.com\/fr\/experiencias-campings-espana-sept-experiences-pour-integrer-le-camping-et-le-territoire\/","name":"Experiencias Campings Espa\u00f1a, sept exp\u00e9riences pour int\u00e9grer le camping et le territoire","isPartOf":{"@id":"https:\/\/www.mondocamping.com\/#website"},"primaryImageOfPage":{"@id":"https:\/\/www.mondocamping.com\/fr\/experiencias-campings-espana-sept-experiences-pour-integrer-le-camping-et-le-territoire\/#primaryimage"},"image":{"@id":"https:\/\/www.mondocamping.com\/fr\/experiencias-campings-espana-sept-experiences-pour-integrer-le-camping-et-le-territoire\/#primaryimage"},"thumbnailUrl":"https:\/\/www.mondocamping.com\/wp-content\/uploads\/2023\/02\/Campeggio-Spagna.jpg","datePublished":"2023-02-28T10:29:25+00:00","dateModified":"2023-03-13T10:29:47+00:00","description":"Camping et territoire sont la combinaison sur laquelle le projet Experiencias Campings Espa\u00f1a veut cr\u00e9er un r\u00e9seau pour augmenter l'offre touristique","breadcrumb":{"@id":"https:\/\/www.mondocamping.com\/fr\/experiencias-campings-espana-sept-experiences-pour-integrer-le-camping-et-le-territoire\/#breadcrumb"},"inLanguage":"fr-FR","potentialAction":[{"@type":"ReadAction","target":["https:\/\/www.mondocamping.com\/fr\/experiencias-campings-espana-sept-experiences-pour-integrer-le-camping-et-le-territoire\/"]}]},{"@type":"ImageObject","inLanguage":"fr-FR","@id":"https:\/\/www.mondocamping.com\/fr\/experiencias-campings-espana-sept-experiences-pour-integrer-le-camping-et-le-territoire\/#primaryimage","url":"https:\/\/www.mondocamping.com\/wp-content\/uploads\/2023\/02\/Campeggio-Spagna.jpg","contentUrl":"https:\/\/www.mondocamping.com\/wp-content\/uploads\/2023\/02\/Campeggio-Spagna.jpg","width":1086,"height":800,"caption":"campeggio spagna"},{"@type":"BreadcrumbList","@id":"https:\/\/www.mondocamping.com\/fr\/experiencias-campings-espana-sept-experiences-pour-integrer-le-camping-et-le-territoire\/#breadcrumb","itemListElement":[{"@type":"ListItem","position":1,"name":"Home","item":"https:\/\/www.mondocamping.com\/fr\/"},{"@type":"ListItem","position":2,"name":"Experiencias Campings Espa\u00f1a, sept exp\u00e9riences pour int\u00e9grer le camping et le territoire"}]},{"@type":"WebSite","@id":"https:\/\/www.mondocamping.com\/#website","url":"https:\/\/www.mondocamping.com\/","name":"Mondo Camping","description":"Le portail d\u00e9di\u00e9 aux gestionnaires de campings et villages touristiques","publisher":{"@id":"https:\/\/www.mondocamping.com\/#organization"},"potentialAction":[{"@type":"SearchAction","target":{"@type":"EntryPoint","urlTemplate":"https:\/\/www.mondocamping.com\/?s={search_term_string}"},"query-input":{"@type":"PropertyValueSpecification","valueRequired":true,"valueName":"search_term_string"}}],"inLanguage":"fr-FR"},{"@type":"Organization","@id":"https:\/\/www.mondocamping.com\/#organization","name":"Mondo Camping","url":"https:\/\/www.mondocamping.com\/","logo":{"@type":"ImageObject","inLanguage":"fr-FR","@id":"https:\/\/www.mondocamping.com\/#\/schema\/logo\/image\/","url":"https:\/\/www.mondocamping.com\/wp-content\/uploads\/2022\/04\/mondo-camping-logo-contornato-1.png","contentUrl":"https:\/\/www.mondocamping.com\/wp-content\/uploads\/2022\/04\/mondo-camping-logo-contornato-1.png","width":280,"height":90,"caption":"Mondo Camping"},"image":{"@id":"https:\/\/www.mondocamping.com\/#\/schema\/logo\/image\/"},"sameAs":["https:\/\/www.facebook.com\/mondobalneare","https:\/\/x.com\/mondobalneare","https:\/\/www.instagram.com\/mondobalneare\/","https:\/\/www.linkedin.com\/company\/67180810\/","https:\/\/www.youtube.com\/user\/mondobalnearevideo"]},{"@type":"Person","@id":"https:\/\/www.mondocamping.com\/#\/schema\/person\/01a031b8c5ef08c2204bb0e696f0a760","name":"Mondo Camping","image":{"@type":"ImageObject","inLanguage":"fr-FR","@id":"https:\/\/www.mondocamping.com\/wp-content\/uploads\/2022\/05\/cropped-icona-MONDO-CAMPING-150x150.png","url":"https:\/\/www.mondocamping.com\/wp-content\/uploads\/2022\/05\/cropped-icona-MONDO-CAMPING-150x150.png","contentUrl":"https:\/\/www.mondocamping.com\/wp-content\/uploads\/2022\/05\/cropped-icona-MONDO-CAMPING-150x150.png","caption":"Mondo Camping"},"sameAs":["https:\/\/www.mondocamping.com\/","https:\/\/www.facebook.com\/mondocamping"]}]}},"_links":{"self":[{"href":"https:\/\/www.mondocamping.com\/fr\/wp-json\/wp\/v2\/posts\/158514","targetHints":{"allow":["GET"]}}],"collection":[{"href":"https:\/\/www.mondocamping.com\/fr\/wp-json\/wp\/v2\/posts"}],"about":[{"href":"https:\/\/www.mondocamping.com\/fr\/wp-json\/wp\/v2\/types\/post"}],"author":[{"embeddable":true,"href":"https:\/\/www.mondocamping.com\/fr\/wp-json\/wp\/v2\/users\/5"}],"replies":[{"embeddable":true,"href":"https:\/\/www.mondocamping.com\/fr\/wp-json\/wp\/v2\/comments?post=158514"}],"version-history":[{"count":1,"href":"https:\/\/www.mondocamping.com\/fr\/wp-json\/wp\/v2\/posts\/158514\/revisions"}],"predecessor-version":[{"id":158515,"href":"https:\/\/www.mondocamping.com\/fr\/wp-json\/wp\/v2\/posts\/158514\/revisions\/158515"}],"wp:featuredmedia":[{"embeddable":true,"href":"https:\/\/www.mondocamping.com\/fr\/wp-json\/wp\/v2\/media\/156255"}],"wp:attachment":[{"href":"https:\/\/www.mondocamping.com\/fr\/wp-json\/wp\/v2\/media?parent=158514"}],"wp:term":[{"taxonomy":"category","embeddable":true,"href":"https:\/\/www.mondocamping.com\/fr\/wp-json\/wp\/v2\/categories?post=158514"},{"taxonomy":"post_tag","embeddable":true,"href":"https:\/\/www.mondocamping.com\/fr\/wp-json\/wp\/v2\/tags?post=158514"}],"curies":[{"name":"wp","href":"https:\/\/api.w.org\/{rel}","templated":true}]}}