{"id":161750,"date":"2023-03-17T16:22:04","date_gmt":"2023-03-17T15:22:04","guid":{"rendered":"https:\/\/www.mondocamping.com\/72-des-francais-choisissent-le-camping-pour-leurs-vacances\/"},"modified":"2023-03-29T16:29:51","modified_gmt":"2023-03-29T14:29:51","slug":"72-des-francais-choisissent-le-camping-pour-leurs-vacances","status":"publish","type":"post","link":"https:\/\/www.mondocamping.com\/fr\/72-des-francais-choisissent-le-camping-pour-leurs-vacances\/","title":{"rendered":"72% des Fran\u00e7ais choisissent le camping pour leurs vacances"},"content":{"rendered":"\n<p>Une p\u00e9riode cruciale pour le secteur de l&rsquo;outdoor en France. Alors que les craintes demeurent en raison de la p\u00e9riode de fortes tensions \u00e9conomiques, les grandes r\u00e9alit\u00e9s telles que Campings.com ont communiqu\u00e9 des chiffres croissants sur les r\u00e9servations d\u00e8s le mois de f\u00e9vrier dernier.<\/p>\n\n<p><\/p>\n\n<p>\u00ab\u00a0Bonne nouvelle ! La saison 2023 d\u00e9marre bien pour Campings.com et nos partenaires h\u00e9bergeurs &#8211; a annonc\u00e9 la premi\u00e8re plateforme europ\u00e9enne de r\u00e9servation d&rsquo;h\u00e9bergement de plein air sur le net -. Les r\u00e9servations ont augment\u00e9 de 40 % par rapport \u00e0 2022. Cette croissance est actuellement tir\u00e9e par la basse saison\u201d.<\/p>\n\n<p><\/p>\n\n<p>Les outils d&rsquo;analyse de Campings.com ont \u00e9galement relev\u00e9 les inqui\u00e9tudes financi\u00e8res des Fran\u00e7ais, d&rsquo;o\u00f9 le risque d\u2019une baisse des r\u00e9servations.<\/p>\n\n<p>\u00ab\u00a0La nouvelle \u00e9dition de notre barom\u00e8tre clients r\u00e9v\u00e8le une nouvelle fois une forte inqui\u00e9tude des Fran\u00e7ais face \u00e0 la d\u00e9gradation du pouvoir d&rsquo;achat\u00a0\u00bb, peut-on encore lire dans la communication sociale du groupe, \u00ab\u00a0ils attendront le dernier moment pour r\u00e9server leurs vacances d&rsquo;\u00e9t\u00e9\u00a0\u00bb.<\/p>\n\n<p>Le seul secteur qui ne semble pas ressentir la crise en France est celui du camping, pour lequel Campings.com a publi\u00e9 des informations r\u00e9solument importantes et positives.<\/p>\n\n<p><\/p>\n\n<p>\u00ab\u00a0Nouvelle rassurante cependant pour l&rsquo;h\u00f4tellerie de plein air, le camping reste l&rsquo;une des options les plus pl\u00e9biscit\u00e9es (72%) pour partir en vacances\u00a0\u00bb. Le #DestinationFrance restera privil\u00e9gi\u00e9 pour plus de 70% des interview\u00e9s. Les d\u00e9partements les plus r\u00e9serv\u00e9s \u00e0 ce jour sont : Vend\u00e9e, Pyr\u00e9n\u00e9es-Orientales, H\u00e9rault, Charente Maritime et Morbihan\u00a0\u00bb<\/p>\n","protected":false},"excerpt":{"rendered":"<p>Une p\u00e9riode cruciale pour le secteur de l&rsquo;outdoor en France. Alors que les craintes demeurent en raison de la p\u00e9riode de fortes tensions \u00e9conomiques, les grandes r\u00e9alit\u00e9s telles que Campings.com ont communiqu\u00e9 des chiffres croissants sur les r\u00e9servations d\u00e8s le mois de f\u00e9vrier dernier. \u00ab\u00a0Bonne nouvelle ! La saison 2023 d\u00e9marre bien pour Campings.com et [&hellip;]<\/p>\n","protected":false},"author":5,"featured_media":159567,"comment_status":"closed","ping_status":"closed","sticky":false,"template":"","format":"standard","meta":{"_acf_changed":false,"_monsterinsights_skip_tracking":false,"_monsterinsights_sitenote_active":false,"_monsterinsights_sitenote_note":"","_monsterinsights_sitenote_category":0,"footnotes":""},"categories":[4024],"tags":[4189,4561,4562,4079],"class_list":["post-161750","post","type-post","status-publish","format-standard","has-post-thumbnail","hentry","category-actualite","tag-camping-fr","tag-campings-com-fr","tag-reservations","tag-tourisme-de-plein-air"],"acf":[],"yoast_head":"<!-- This site is optimized with the Yoast SEO plugin v27.5 - https:\/\/yoast.com\/product\/yoast-seo-wordpress\/ -->\n<title>72% des Fran\u00e7ais choisissent le camping pour leurs vacances<\/title>\n<meta name=\"robots\" content=\"index, follow, max-snippet:-1, max-image-preview:large, max-video-preview:-1\" \/>\n<link rel=\"canonical\" href=\"https:\/\/www.mondocamping.com\/fr\/72-des-francais-choisissent-le-camping-pour-leurs-vacances\/\" \/>\n<meta property=\"og:locale\" content=\"fr_FR\" \/>\n<meta property=\"og:type\" content=\"article\" \/>\n<meta property=\"og:title\" content=\"72% des Fran\u00e7ais choisissent le camping pour leurs vacances\" \/>\n<meta property=\"og:description\" content=\"Une p\u00e9riode cruciale pour le secteur de l&rsquo;outdoor en France. Alors que les craintes demeurent en raison de la p\u00e9riode de fortes tensions \u00e9conomiques, les grandes r\u00e9alit\u00e9s telles que Campings.com ont communiqu\u00e9 des chiffres croissants sur les r\u00e9servations d\u00e8s le mois de f\u00e9vrier dernier. \u00ab\u00a0Bonne nouvelle ! La saison 2023 d\u00e9marre bien pour Campings.com et [&hellip;]\" \/>\n<meta property=\"og:url\" content=\"https:\/\/www.mondocamping.com\/fr\/72-des-francais-choisissent-le-camping-pour-leurs-vacances\/\" \/>\n<meta property=\"og:site_name\" content=\"Mondo Camping\" \/>\n<meta property=\"article:publisher\" content=\"https:\/\/www.facebook.com\/mondobalneare\" \/>\n<meta property=\"article:author\" content=\"https:\/\/www.facebook.com\/mondocamping\" \/>\n<meta property=\"article:published_time\" content=\"2023-03-17T15:22:04+00:00\" \/>\n<meta property=\"article:modified_time\" content=\"2023-03-29T14:29:51+00:00\" \/>\n<meta property=\"og:image\" content=\"https:\/\/www.mondocamping.com\/wp-content\/uploads\/2023\/03\/Campings.com_.jpg\" \/>\n\t<meta property=\"og:image:width\" content=\"1200\" \/>\n\t<meta property=\"og:image:height\" content=\"900\" \/>\n\t<meta property=\"og:image:type\" content=\"image\/jpeg\" \/>\n<meta name=\"author\" content=\"Mondo Camping\" \/>\n<meta name=\"twitter:card\" content=\"summary_large_image\" \/>\n<meta name=\"twitter:creator\" content=\"@mondobalneare\" \/>\n<meta name=\"twitter:site\" content=\"@mondobalneare\" \/>\n<meta name=\"twitter:label1\" content=\"\u00c9crit par\" \/>\n\t<meta name=\"twitter:data1\" content=\"Mondo Camping\" \/>\n\t<meta name=\"twitter:label2\" content=\"Dur\u00e9e de lecture estim\u00e9e\" \/>\n\t<meta name=\"twitter:data2\" content=\"1 minute\" \/>\n<script type=\"application\/ld+json\" class=\"yoast-schema-graph\">{\"@context\":\"https:\\\/\\\/schema.org\",\"@graph\":[{\"@type\":\"Article\",\"@id\":\"https:\\\/\\\/www.mondocamping.com\\\/fr\\\/72-des-francais-choisissent-le-camping-pour-leurs-vacances\\\/#article\",\"isPartOf\":{\"@id\":\"https:\\\/\\\/www.mondocamping.com\\\/fr\\\/72-des-francais-choisissent-le-camping-pour-leurs-vacances\\\/\"},\"author\":{\"name\":\"Mondo Camping\",\"@id\":\"https:\\\/\\\/www.mondocamping.com\\\/#\\\/schema\\\/person\\\/01a031b8c5ef08c2204bb0e696f0a760\"},\"headline\":\"72% des Fran\u00e7ais choisissent le camping pour leurs vacances\",\"datePublished\":\"2023-03-17T15:22:04+00:00\",\"dateModified\":\"2023-03-29T14:29:51+00:00\",\"mainEntityOfPage\":{\"@id\":\"https:\\\/\\\/www.mondocamping.com\\\/fr\\\/72-des-francais-choisissent-le-camping-pour-leurs-vacances\\\/\"},\"wordCount\":283,\"publisher\":{\"@id\":\"https:\\\/\\\/www.mondocamping.com\\\/#organization\"},\"image\":{\"@id\":\"https:\\\/\\\/www.mondocamping.com\\\/fr\\\/72-des-francais-choisissent-le-camping-pour-leurs-vacances\\\/#primaryimage\"},\"thumbnailUrl\":\"https:\\\/\\\/www.mondocamping.com\\\/wp-content\\\/uploads\\\/2023\\\/03\\\/Campings.com_.jpg\",\"keywords\":[\"camping\",\"Campings.com\",\"R\u00e9servations\",\"Tourisme de plein air\"],\"articleSection\":[\"Actualit\u00e9\"],\"inLanguage\":\"fr-FR\"},{\"@type\":\"WebPage\",\"@id\":\"https:\\\/\\\/www.mondocamping.com\\\/fr\\\/72-des-francais-choisissent-le-camping-pour-leurs-vacances\\\/\",\"url\":\"https:\\\/\\\/www.mondocamping.com\\\/fr\\\/72-des-francais-choisissent-le-camping-pour-leurs-vacances\\\/\",\"name\":\"72% des Fran\u00e7ais choisissent le camping pour leurs vacances\",\"isPartOf\":{\"@id\":\"https:\\\/\\\/www.mondocamping.com\\\/#website\"},\"primaryImageOfPage\":{\"@id\":\"https:\\\/\\\/www.mondocamping.com\\\/fr\\\/72-des-francais-choisissent-le-camping-pour-leurs-vacances\\\/#primaryimage\"},\"image\":{\"@id\":\"https:\\\/\\\/www.mondocamping.com\\\/fr\\\/72-des-francais-choisissent-le-camping-pour-leurs-vacances\\\/#primaryimage\"},\"thumbnailUrl\":\"https:\\\/\\\/www.mondocamping.com\\\/wp-content\\\/uploads\\\/2023\\\/03\\\/Campings.com_.jpg\",\"datePublished\":\"2023-03-17T15:22:04+00:00\",\"dateModified\":\"2023-03-29T14:29:51+00:00\",\"breadcrumb\":{\"@id\":\"https:\\\/\\\/www.mondocamping.com\\\/fr\\\/72-des-francais-choisissent-le-camping-pour-leurs-vacances\\\/#breadcrumb\"},\"inLanguage\":\"fr-FR\",\"potentialAction\":[{\"@type\":\"ReadAction\",\"target\":[\"https:\\\/\\\/www.mondocamping.com\\\/fr\\\/72-des-francais-choisissent-le-camping-pour-leurs-vacances\\\/\"]}]},{\"@type\":\"ImageObject\",\"inLanguage\":\"fr-FR\",\"@id\":\"https:\\\/\\\/www.mondocamping.com\\\/fr\\\/72-des-francais-choisissent-le-camping-pour-leurs-vacances\\\/#primaryimage\",\"url\":\"https:\\\/\\\/www.mondocamping.com\\\/wp-content\\\/uploads\\\/2023\\\/03\\\/Campings.com_.jpg\",\"contentUrl\":\"https:\\\/\\\/www.mondocamping.com\\\/wp-content\\\/uploads\\\/2023\\\/03\\\/Campings.com_.jpg\",\"width\":1200,\"height\":900,\"caption\":\"camping\"},{\"@type\":\"BreadcrumbList\",\"@id\":\"https:\\\/\\\/www.mondocamping.com\\\/fr\\\/72-des-francais-choisissent-le-camping-pour-leurs-vacances\\\/#breadcrumb\",\"itemListElement\":[{\"@type\":\"ListItem\",\"position\":1,\"name\":\"Home\",\"item\":\"https:\\\/\\\/www.mondocamping.com\\\/fr\\\/\"},{\"@type\":\"ListItem\",\"position\":2,\"name\":\"72% des Fran\u00e7ais choisissent le camping pour leurs vacances\"}]},{\"@type\":\"WebSite\",\"@id\":\"https:\\\/\\\/www.mondocamping.com\\\/#website\",\"url\":\"https:\\\/\\\/www.mondocamping.com\\\/\",\"name\":\"Mondo Camping\",\"description\":\"Le portail d\u00e9di\u00e9 aux gestionnaires de campings et villages touristiques\",\"publisher\":{\"@id\":\"https:\\\/\\\/www.mondocamping.com\\\/#organization\"},\"potentialAction\":[{\"@type\":\"SearchAction\",\"target\":{\"@type\":\"EntryPoint\",\"urlTemplate\":\"https:\\\/\\\/www.mondocamping.com\\\/?s={search_term_string}\"},\"query-input\":{\"@type\":\"PropertyValueSpecification\",\"valueRequired\":true,\"valueName\":\"search_term_string\"}}],\"inLanguage\":\"fr-FR\"},{\"@type\":\"Organization\",\"@id\":\"https:\\\/\\\/www.mondocamping.com\\\/#organization\",\"name\":\"Mondo Camping\",\"url\":\"https:\\\/\\\/www.mondocamping.com\\\/\",\"logo\":{\"@type\":\"ImageObject\",\"inLanguage\":\"fr-FR\",\"@id\":\"https:\\\/\\\/www.mondocamping.com\\\/#\\\/schema\\\/logo\\\/image\\\/\",\"url\":\"https:\\\/\\\/www.mondocamping.com\\\/wp-content\\\/uploads\\\/2022\\\/04\\\/mondo-camping-logo-contornato-1.png\",\"contentUrl\":\"https:\\\/\\\/www.mondocamping.com\\\/wp-content\\\/uploads\\\/2022\\\/04\\\/mondo-camping-logo-contornato-1.png\",\"width\":280,\"height\":90,\"caption\":\"Mondo Camping\"},\"image\":{\"@id\":\"https:\\\/\\\/www.mondocamping.com\\\/#\\\/schema\\\/logo\\\/image\\\/\"},\"sameAs\":[\"https:\\\/\\\/www.facebook.com\\\/mondobalneare\",\"https:\\\/\\\/x.com\\\/mondobalneare\",\"https:\\\/\\\/www.instagram.com\\\/mondobalneare\\\/\",\"https:\\\/\\\/www.linkedin.com\\\/company\\\/67180810\\\/\",\"https:\\\/\\\/www.youtube.com\\\/user\\\/mondobalnearevideo\"]},{\"@type\":\"Person\",\"@id\":\"https:\\\/\\\/www.mondocamping.com\\\/#\\\/schema\\\/person\\\/01a031b8c5ef08c2204bb0e696f0a760\",\"name\":\"Mondo Camping\",\"image\":{\"@type\":\"ImageObject\",\"inLanguage\":\"fr-FR\",\"@id\":\"https:\\\/\\\/www.mondocamping.com\\\/wp-content\\\/uploads\\\/2022\\\/05\\\/cropped-icona-MONDO-CAMPING-150x150.png\",\"url\":\"https:\\\/\\\/www.mondocamping.com\\\/wp-content\\\/uploads\\\/2022\\\/05\\\/cropped-icona-MONDO-CAMPING-150x150.png\",\"contentUrl\":\"https:\\\/\\\/www.mondocamping.com\\\/wp-content\\\/uploads\\\/2022\\\/05\\\/cropped-icona-MONDO-CAMPING-150x150.png\",\"caption\":\"Mondo Camping\"},\"sameAs\":[\"https:\\\/\\\/www.mondocamping.com\\\/\",\"https:\\\/\\\/www.facebook.com\\\/mondocamping\"]}]}<\/script>\n<!-- \/ Yoast SEO plugin. -->","yoast_head_json":{"title":"72% des Fran\u00e7ais choisissent le camping pour leurs vacances","robots":{"index":"index","follow":"follow","max-snippet":"max-snippet:-1","max-image-preview":"max-image-preview:large","max-video-preview":"max-video-preview:-1"},"canonical":"https:\/\/www.mondocamping.com\/fr\/72-des-francais-choisissent-le-camping-pour-leurs-vacances\/","og_locale":"fr_FR","og_type":"article","og_title":"72% des Fran\u00e7ais choisissent le camping pour leurs vacances","og_description":"Une p\u00e9riode cruciale pour le secteur de l&rsquo;outdoor en France. Alors que les craintes demeurent en raison de la p\u00e9riode de fortes tensions \u00e9conomiques, les grandes r\u00e9alit\u00e9s telles que Campings.com ont communiqu\u00e9 des chiffres croissants sur les r\u00e9servations d\u00e8s le mois de f\u00e9vrier dernier. \u00ab\u00a0Bonne nouvelle ! La saison 2023 d\u00e9marre bien pour Campings.com et [&hellip;]","og_url":"https:\/\/www.mondocamping.com\/fr\/72-des-francais-choisissent-le-camping-pour-leurs-vacances\/","og_site_name":"Mondo Camping","article_publisher":"https:\/\/www.facebook.com\/mondobalneare","article_author":"https:\/\/www.facebook.com\/mondocamping","article_published_time":"2023-03-17T15:22:04+00:00","article_modified_time":"2023-03-29T14:29:51+00:00","og_image":[{"width":1200,"height":900,"url":"https:\/\/www.mondocamping.com\/wp-content\/uploads\/2023\/03\/Campings.com_.jpg","type":"image\/jpeg"}],"author":"Mondo Camping","twitter_card":"summary_large_image","twitter_creator":"@mondobalneare","twitter_site":"@mondobalneare","twitter_misc":{"\u00c9crit par":"Mondo Camping","Dur\u00e9e de lecture estim\u00e9e":"1 minute"},"schema":{"@context":"https:\/\/schema.org","@graph":[{"@type":"Article","@id":"https:\/\/www.mondocamping.com\/fr\/72-des-francais-choisissent-le-camping-pour-leurs-vacances\/#article","isPartOf":{"@id":"https:\/\/www.mondocamping.com\/fr\/72-des-francais-choisissent-le-camping-pour-leurs-vacances\/"},"author":{"name":"Mondo Camping","@id":"https:\/\/www.mondocamping.com\/#\/schema\/person\/01a031b8c5ef08c2204bb0e696f0a760"},"headline":"72% des Fran\u00e7ais choisissent le camping pour leurs vacances","datePublished":"2023-03-17T15:22:04+00:00","dateModified":"2023-03-29T14:29:51+00:00","mainEntityOfPage":{"@id":"https:\/\/www.mondocamping.com\/fr\/72-des-francais-choisissent-le-camping-pour-leurs-vacances\/"},"wordCount":283,"publisher":{"@id":"https:\/\/www.mondocamping.com\/#organization"},"image":{"@id":"https:\/\/www.mondocamping.com\/fr\/72-des-francais-choisissent-le-camping-pour-leurs-vacances\/#primaryimage"},"thumbnailUrl":"https:\/\/www.mondocamping.com\/wp-content\/uploads\/2023\/03\/Campings.com_.jpg","keywords":["camping","Campings.com","R\u00e9servations","Tourisme de plein air"],"articleSection":["Actualit\u00e9"],"inLanguage":"fr-FR"},{"@type":"WebPage","@id":"https:\/\/www.mondocamping.com\/fr\/72-des-francais-choisissent-le-camping-pour-leurs-vacances\/","url":"https:\/\/www.mondocamping.com\/fr\/72-des-francais-choisissent-le-camping-pour-leurs-vacances\/","name":"72% des Fran\u00e7ais choisissent le camping pour leurs vacances","isPartOf":{"@id":"https:\/\/www.mondocamping.com\/#website"},"primaryImageOfPage":{"@id":"https:\/\/www.mondocamping.com\/fr\/72-des-francais-choisissent-le-camping-pour-leurs-vacances\/#primaryimage"},"image":{"@id":"https:\/\/www.mondocamping.com\/fr\/72-des-francais-choisissent-le-camping-pour-leurs-vacances\/#primaryimage"},"thumbnailUrl":"https:\/\/www.mondocamping.com\/wp-content\/uploads\/2023\/03\/Campings.com_.jpg","datePublished":"2023-03-17T15:22:04+00:00","dateModified":"2023-03-29T14:29:51+00:00","breadcrumb":{"@id":"https:\/\/www.mondocamping.com\/fr\/72-des-francais-choisissent-le-camping-pour-leurs-vacances\/#breadcrumb"},"inLanguage":"fr-FR","potentialAction":[{"@type":"ReadAction","target":["https:\/\/www.mondocamping.com\/fr\/72-des-francais-choisissent-le-camping-pour-leurs-vacances\/"]}]},{"@type":"ImageObject","inLanguage":"fr-FR","@id":"https:\/\/www.mondocamping.com\/fr\/72-des-francais-choisissent-le-camping-pour-leurs-vacances\/#primaryimage","url":"https:\/\/www.mondocamping.com\/wp-content\/uploads\/2023\/03\/Campings.com_.jpg","contentUrl":"https:\/\/www.mondocamping.com\/wp-content\/uploads\/2023\/03\/Campings.com_.jpg","width":1200,"height":900,"caption":"camping"},{"@type":"BreadcrumbList","@id":"https:\/\/www.mondocamping.com\/fr\/72-des-francais-choisissent-le-camping-pour-leurs-vacances\/#breadcrumb","itemListElement":[{"@type":"ListItem","position":1,"name":"Home","item":"https:\/\/www.mondocamping.com\/fr\/"},{"@type":"ListItem","position":2,"name":"72% des Fran\u00e7ais choisissent le camping pour leurs vacances"}]},{"@type":"WebSite","@id":"https:\/\/www.mondocamping.com\/#website","url":"https:\/\/www.mondocamping.com\/","name":"Mondo Camping","description":"Le portail d\u00e9di\u00e9 aux gestionnaires de campings et villages touristiques","publisher":{"@id":"https:\/\/www.mondocamping.com\/#organization"},"potentialAction":[{"@type":"SearchAction","target":{"@type":"EntryPoint","urlTemplate":"https:\/\/www.mondocamping.com\/?s={search_term_string}"},"query-input":{"@type":"PropertyValueSpecification","valueRequired":true,"valueName":"search_term_string"}}],"inLanguage":"fr-FR"},{"@type":"Organization","@id":"https:\/\/www.mondocamping.com\/#organization","name":"Mondo Camping","url":"https:\/\/www.mondocamping.com\/","logo":{"@type":"ImageObject","inLanguage":"fr-FR","@id":"https:\/\/www.mondocamping.com\/#\/schema\/logo\/image\/","url":"https:\/\/www.mondocamping.com\/wp-content\/uploads\/2022\/04\/mondo-camping-logo-contornato-1.png","contentUrl":"https:\/\/www.mondocamping.com\/wp-content\/uploads\/2022\/04\/mondo-camping-logo-contornato-1.png","width":280,"height":90,"caption":"Mondo Camping"},"image":{"@id":"https:\/\/www.mondocamping.com\/#\/schema\/logo\/image\/"},"sameAs":["https:\/\/www.facebook.com\/mondobalneare","https:\/\/x.com\/mondobalneare","https:\/\/www.instagram.com\/mondobalneare\/","https:\/\/www.linkedin.com\/company\/67180810\/","https:\/\/www.youtube.com\/user\/mondobalnearevideo"]},{"@type":"Person","@id":"https:\/\/www.mondocamping.com\/#\/schema\/person\/01a031b8c5ef08c2204bb0e696f0a760","name":"Mondo Camping","image":{"@type":"ImageObject","inLanguage":"fr-FR","@id":"https:\/\/www.mondocamping.com\/wp-content\/uploads\/2022\/05\/cropped-icona-MONDO-CAMPING-150x150.png","url":"https:\/\/www.mondocamping.com\/wp-content\/uploads\/2022\/05\/cropped-icona-MONDO-CAMPING-150x150.png","contentUrl":"https:\/\/www.mondocamping.com\/wp-content\/uploads\/2022\/05\/cropped-icona-MONDO-CAMPING-150x150.png","caption":"Mondo Camping"},"sameAs":["https:\/\/www.mondocamping.com\/","https:\/\/www.facebook.com\/mondocamping"]}]}},"_links":{"self":[{"href":"https:\/\/www.mondocamping.com\/fr\/wp-json\/wp\/v2\/posts\/161750","targetHints":{"allow":["GET"]}}],"collection":[{"href":"https:\/\/www.mondocamping.com\/fr\/wp-json\/wp\/v2\/posts"}],"about":[{"href":"https:\/\/www.mondocamping.com\/fr\/wp-json\/wp\/v2\/types\/post"}],"author":[{"embeddable":true,"href":"https:\/\/www.mondocamping.com\/fr\/wp-json\/wp\/v2\/users\/5"}],"replies":[{"embeddable":true,"href":"https:\/\/www.mondocamping.com\/fr\/wp-json\/wp\/v2\/comments?post=161750"}],"version-history":[{"count":1,"href":"https:\/\/www.mondocamping.com\/fr\/wp-json\/wp\/v2\/posts\/161750\/revisions"}],"predecessor-version":[{"id":161751,"href":"https:\/\/www.mondocamping.com\/fr\/wp-json\/wp\/v2\/posts\/161750\/revisions\/161751"}],"wp:featuredmedia":[{"embeddable":true,"href":"https:\/\/www.mondocamping.com\/fr\/wp-json\/wp\/v2\/media\/159567"}],"wp:attachment":[{"href":"https:\/\/www.mondocamping.com\/fr\/wp-json\/wp\/v2\/media?parent=161750"}],"wp:term":[{"taxonomy":"category","embeddable":true,"href":"https:\/\/www.mondocamping.com\/fr\/wp-json\/wp\/v2\/categories?post=161750"},{"taxonomy":"post_tag","embeddable":true,"href":"https:\/\/www.mondocamping.com\/fr\/wp-json\/wp\/v2\/tags?post=161750"}],"curies":[{"name":"wp","href":"https:\/\/api.w.org\/{rel}","templated":true}]}}