{"id":162580,"date":"2023-04-17T00:27:58","date_gmt":"2023-04-16T22:27:58","guid":{"rendered":"https:\/\/www.mondocamping.com\/le-parasol-ethnique-et-elegant-qui-se-fond-dans-la-nature\/"},"modified":"2023-04-17T00:27:59","modified_gmt":"2023-04-16T22:27:59","slug":"le-parasol-ethnique-et-elegant-qui-se-fond-dans-la-nature","status":"publish","type":"post","link":"https:\/\/www.mondocamping.com\/fr\/le-parasol-ethnique-et-elegant-qui-se-fond-dans-la-nature\/","title":{"rendered":"Le parasol ethnique et \u00e9l\u00e9gant qui se fond dans la nature"},"content":{"rendered":"\n<p>R\u00e9alis\u00e9 avec une structure r\u00e9sistante en m\u00e9tal et en bois, le parasol ethnique de Tuareg est  fabriqu\u00e9 \u00e0 100% en Italie. C&rsquo;est un article indispensable pour tous ceux qui souhaitent donner une touche africaine \u00e0 leur camping, village, club sportif, bar en plein air, jardin ou plage.<\/p>\n\n<p>Le parasol ethnique est \u00e9l\u00e9gant et \u00e0 la mode, et se distingue des autres types de parasols par ses couleurs naturelles qui s&rsquo;int\u00e8grent parfaitement au paysage, en particulier dans les structures d&rsquo;h\u00e9bergement en pleine nature telles que les campings.<\/p>\n\n<p>Le parasol ethnique est confortable, r\u00e9sistant \u00e0 l&rsquo;usure et aux intemp\u00e9ries, tr\u00e8s esth\u00e9tique et r\u00e9solument cosy.<\/p>\n\n<h2 class=\"wp-block-heading\">Caract\u00e9ristiques techniques<\/h2>\n\n<ul class=\"wp-block-list\"><li>Diam\u00e8tre : 210 cm<\/li><li>Hauteur : 240 cm<\/li><li>Mat\u00e9riau : bois avec armature m\u00e9tallique<\/li><li>Couleur : marron<\/li><\/ul>\n\n<div style=\"height:20px\" aria-hidden=\"true\" class=\"wp-block-spacer\"><\/div>\n\n<h2 class=\"wp-block-heading\">Pour plus d&rsquo;informations<\/h2>\n\n<div class=\"wp-block-buttons is-layout-flex wp-block-buttons-is-layout-flex\">\n<div class=\"wp-block-button is-style-outline is-style-outline--1\"><a class=\"wp-block-button__link has-black-color has-luminous-vivid-amber-background-color has-text-color has-background\" href=\"https:\/\/www.mondocamping.com\/fornitori\/tuareg\/\">Contacter Tuareg<\/a><\/div>\n<\/div>\n","protected":false},"excerpt":{"rendered":"<p>R\u00e9alis\u00e9 avec une structure r\u00e9sistante en m\u00e9tal et en bois, le parasol ethnique de Tuareg est fabriqu\u00e9 \u00e0 100% en Italie. C&rsquo;est un article indispensable pour tous ceux qui souhaitent donner une touche africaine \u00e0 leur camping, village, club sportif, bar en plein air, jardin ou plage. Le parasol ethnique est \u00e9l\u00e9gant et \u00e0 la [&hellip;]<\/p>\n","protected":false},"author":64,"featured_media":142866,"comment_status":"closed","ping_status":"closed","sticky":false,"template":"","format":"standard","meta":{"_acf_changed":false,"_monsterinsights_skip_tracking":false,"_monsterinsights_sitenote_active":false,"_monsterinsights_sitenote_note":"","_monsterinsights_sitenote_category":0,"footnotes":""},"categories":[4022],"tags":[],"class_list":["post-162580","post","type-post","status-publish","format-standard","has-post-thumbnail","hentry","category-editoriaux"],"acf":[],"yoast_head":"<!-- This site is optimized with the Yoast SEO plugin v27.5 - https:\/\/yoast.com\/product\/yoast-seo-wordpress\/ -->\n<title>Le parasol ethnique et \u00e9l\u00e9gant qui se fond dans la nature<\/title>\n<meta name=\"robots\" content=\"index, follow, max-snippet:-1, max-image-preview:large, max-video-preview:-1\" \/>\n<link rel=\"canonical\" href=\"https:\/\/www.mondocamping.com\/fr\/le-parasol-ethnique-et-elegant-qui-se-fond-dans-la-nature\/\" \/>\n<meta property=\"og:locale\" content=\"fr_FR\" \/>\n<meta property=\"og:type\" content=\"article\" \/>\n<meta property=\"og:title\" content=\"Le parasol ethnique et \u00e9l\u00e9gant qui se fond dans la nature\" \/>\n<meta property=\"og:description\" content=\"R\u00e9alis\u00e9 avec une structure r\u00e9sistante en m\u00e9tal et en bois, le parasol ethnique de Tuareg est fabriqu\u00e9 \u00e0 100% en Italie. C&rsquo;est un article indispensable pour tous ceux qui souhaitent donner une touche africaine \u00e0 leur camping, village, club sportif, bar en plein air, jardin ou plage. Le parasol ethnique est \u00e9l\u00e9gant et \u00e0 la [&hellip;]\" \/>\n<meta property=\"og:url\" content=\"https:\/\/www.mondocamping.com\/fr\/le-parasol-ethnique-et-elegant-qui-se-fond-dans-la-nature\/\" \/>\n<meta property=\"og:site_name\" content=\"Mondo Camping\" \/>\n<meta property=\"article:publisher\" content=\"https:\/\/www.facebook.com\/mondobalneare\" \/>\n<meta property=\"article:published_time\" content=\"2023-04-16T22:27:58+00:00\" \/>\n<meta property=\"article:modified_time\" content=\"2023-04-16T22:27:59+00:00\" \/>\n<meta property=\"og:image\" content=\"https:\/\/www.mondocamping.com\/wp-content\/uploads\/2019\/06\/accessorio-tuareg-ombrellone-etnico.jpg\" \/>\n\t<meta property=\"og:image:width\" content=\"1200\" \/>\n\t<meta property=\"og:image:height\" content=\"599\" \/>\n\t<meta property=\"og:image:type\" content=\"image\/jpeg\" \/>\n<meta name=\"author\" content=\"Tuareg\" \/>\n<meta name=\"twitter:card\" content=\"summary_large_image\" \/>\n<meta name=\"twitter:creator\" content=\"@mondobalneare\" \/>\n<meta name=\"twitter:site\" content=\"@mondobalneare\" \/>\n<meta name=\"twitter:label1\" content=\"\u00c9crit par\" \/>\n\t<meta name=\"twitter:data1\" content=\"Tuareg\" \/>\n\t<meta name=\"twitter:label2\" content=\"Dur\u00e9e de lecture estim\u00e9e\" \/>\n\t<meta name=\"twitter:data2\" content=\"1 minute\" \/>\n<script type=\"application\/ld+json\" class=\"yoast-schema-graph\">{\"@context\":\"https:\\\/\\\/schema.org\",\"@graph\":[{\"@type\":\"Article\",\"@id\":\"https:\\\/\\\/www.mondocamping.com\\\/fr\\\/le-parasol-ethnique-et-elegant-qui-se-fond-dans-la-nature\\\/#article\",\"isPartOf\":{\"@id\":\"https:\\\/\\\/www.mondocamping.com\\\/fr\\\/le-parasol-ethnique-et-elegant-qui-se-fond-dans-la-nature\\\/\"},\"author\":{\"name\":\"Tuareg\",\"@id\":\"https:\\\/\\\/www.mondocamping.com\\\/#\\\/schema\\\/person\\\/60ae0b409462ee2f26536ed046d39660\"},\"headline\":\"Le parasol ethnique et \u00e9l\u00e9gant qui se fond dans la nature\",\"datePublished\":\"2023-04-16T22:27:58+00:00\",\"dateModified\":\"2023-04-16T22:27:59+00:00\",\"mainEntityOfPage\":{\"@id\":\"https:\\\/\\\/www.mondocamping.com\\\/fr\\\/le-parasol-ethnique-et-elegant-qui-se-fond-dans-la-nature\\\/\"},\"wordCount\":147,\"publisher\":{\"@id\":\"https:\\\/\\\/www.mondocamping.com\\\/#organization\"},\"image\":{\"@id\":\"https:\\\/\\\/www.mondocamping.com\\\/fr\\\/le-parasol-ethnique-et-elegant-qui-se-fond-dans-la-nature\\\/#primaryimage\"},\"thumbnailUrl\":\"https:\\\/\\\/www.mondocamping.com\\\/wp-content\\\/uploads\\\/2019\\\/06\\\/accessorio-tuareg-ombrellone-etnico.jpg\",\"articleSection\":[\"\u00c9ditoriaux\"],\"inLanguage\":\"fr-FR\"},{\"@type\":\"WebPage\",\"@id\":\"https:\\\/\\\/www.mondocamping.com\\\/fr\\\/le-parasol-ethnique-et-elegant-qui-se-fond-dans-la-nature\\\/\",\"url\":\"https:\\\/\\\/www.mondocamping.com\\\/fr\\\/le-parasol-ethnique-et-elegant-qui-se-fond-dans-la-nature\\\/\",\"name\":\"Le parasol ethnique et \u00e9l\u00e9gant qui se fond dans la nature\",\"isPartOf\":{\"@id\":\"https:\\\/\\\/www.mondocamping.com\\\/#website\"},\"primaryImageOfPage\":{\"@id\":\"https:\\\/\\\/www.mondocamping.com\\\/fr\\\/le-parasol-ethnique-et-elegant-qui-se-fond-dans-la-nature\\\/#primaryimage\"},\"image\":{\"@id\":\"https:\\\/\\\/www.mondocamping.com\\\/fr\\\/le-parasol-ethnique-et-elegant-qui-se-fond-dans-la-nature\\\/#primaryimage\"},\"thumbnailUrl\":\"https:\\\/\\\/www.mondocamping.com\\\/wp-content\\\/uploads\\\/2019\\\/06\\\/accessorio-tuareg-ombrellone-etnico.jpg\",\"datePublished\":\"2023-04-16T22:27:58+00:00\",\"dateModified\":\"2023-04-16T22:27:59+00:00\",\"breadcrumb\":{\"@id\":\"https:\\\/\\\/www.mondocamping.com\\\/fr\\\/le-parasol-ethnique-et-elegant-qui-se-fond-dans-la-nature\\\/#breadcrumb\"},\"inLanguage\":\"fr-FR\",\"potentialAction\":[{\"@type\":\"ReadAction\",\"target\":[\"https:\\\/\\\/www.mondocamping.com\\\/fr\\\/le-parasol-ethnique-et-elegant-qui-se-fond-dans-la-nature\\\/\"]}]},{\"@type\":\"ImageObject\",\"inLanguage\":\"fr-FR\",\"@id\":\"https:\\\/\\\/www.mondocamping.com\\\/fr\\\/le-parasol-ethnique-et-elegant-qui-se-fond-dans-la-nature\\\/#primaryimage\",\"url\":\"https:\\\/\\\/www.mondocamping.com\\\/wp-content\\\/uploads\\\/2019\\\/06\\\/accessorio-tuareg-ombrellone-etnico.jpg\",\"contentUrl\":\"https:\\\/\\\/www.mondocamping.com\\\/wp-content\\\/uploads\\\/2019\\\/06\\\/accessorio-tuareg-ombrellone-etnico.jpg\",\"width\":1200,\"height\":599},{\"@type\":\"BreadcrumbList\",\"@id\":\"https:\\\/\\\/www.mondocamping.com\\\/fr\\\/le-parasol-ethnique-et-elegant-qui-se-fond-dans-la-nature\\\/#breadcrumb\",\"itemListElement\":[{\"@type\":\"ListItem\",\"position\":1,\"name\":\"Home\",\"item\":\"https:\\\/\\\/www.mondocamping.com\\\/fr\\\/\"},{\"@type\":\"ListItem\",\"position\":2,\"name\":\"Le parasol ethnique et \u00e9l\u00e9gant qui se fond dans la nature\"}]},{\"@type\":\"WebSite\",\"@id\":\"https:\\\/\\\/www.mondocamping.com\\\/#website\",\"url\":\"https:\\\/\\\/www.mondocamping.com\\\/\",\"name\":\"Mondo Camping\",\"description\":\"Le portail d\u00e9di\u00e9 aux gestionnaires de campings et villages touristiques\",\"publisher\":{\"@id\":\"https:\\\/\\\/www.mondocamping.com\\\/#organization\"},\"potentialAction\":[{\"@type\":\"SearchAction\",\"target\":{\"@type\":\"EntryPoint\",\"urlTemplate\":\"https:\\\/\\\/www.mondocamping.com\\\/?s={search_term_string}\"},\"query-input\":{\"@type\":\"PropertyValueSpecification\",\"valueRequired\":true,\"valueName\":\"search_term_string\"}}],\"inLanguage\":\"fr-FR\"},{\"@type\":\"Organization\",\"@id\":\"https:\\\/\\\/www.mondocamping.com\\\/#organization\",\"name\":\"Mondo Camping\",\"url\":\"https:\\\/\\\/www.mondocamping.com\\\/\",\"logo\":{\"@type\":\"ImageObject\",\"inLanguage\":\"fr-FR\",\"@id\":\"https:\\\/\\\/www.mondocamping.com\\\/#\\\/schema\\\/logo\\\/image\\\/\",\"url\":\"https:\\\/\\\/www.mondocamping.com\\\/wp-content\\\/uploads\\\/2022\\\/04\\\/mondo-camping-logo-contornato-1.png\",\"contentUrl\":\"https:\\\/\\\/www.mondocamping.com\\\/wp-content\\\/uploads\\\/2022\\\/04\\\/mondo-camping-logo-contornato-1.png\",\"width\":280,\"height\":90,\"caption\":\"Mondo Camping\"},\"image\":{\"@id\":\"https:\\\/\\\/www.mondocamping.com\\\/#\\\/schema\\\/logo\\\/image\\\/\"},\"sameAs\":[\"https:\\\/\\\/www.facebook.com\\\/mondobalneare\",\"https:\\\/\\\/x.com\\\/mondobalneare\",\"https:\\\/\\\/www.instagram.com\\\/mondobalneare\\\/\",\"https:\\\/\\\/www.linkedin.com\\\/company\\\/67180810\\\/\",\"https:\\\/\\\/www.youtube.com\\\/user\\\/mondobalnearevideo\"]},{\"@type\":\"Person\",\"@id\":\"https:\\\/\\\/www.mondocamping.com\\\/#\\\/schema\\\/person\\\/60ae0b409462ee2f26536ed046d39660\",\"name\":\"Tuareg\",\"image\":{\"@type\":\"ImageObject\",\"inLanguage\":\"fr-FR\",\"@id\":\"https:\\\/\\\/www.mondocamping.com\\\/wp-content\\\/uploads\\\/2019\\\/06\\\/TUAREG-100x100.png\",\"url\":\"https:\\\/\\\/www.mondocamping.com\\\/wp-content\\\/uploads\\\/2019\\\/06\\\/TUAREG-100x100.png\",\"contentUrl\":\"https:\\\/\\\/www.mondocamping.com\\\/wp-content\\\/uploads\\\/2019\\\/06\\\/TUAREG-100x100.png\",\"caption\":\"Tuareg\"},\"description\":\"Tel. 0983 90388\"}]}<\/script>\n<!-- \/ Yoast SEO plugin. -->","yoast_head_json":{"title":"Le parasol ethnique et \u00e9l\u00e9gant qui se fond dans la nature","robots":{"index":"index","follow":"follow","max-snippet":"max-snippet:-1","max-image-preview":"max-image-preview:large","max-video-preview":"max-video-preview:-1"},"canonical":"https:\/\/www.mondocamping.com\/fr\/le-parasol-ethnique-et-elegant-qui-se-fond-dans-la-nature\/","og_locale":"fr_FR","og_type":"article","og_title":"Le parasol ethnique et \u00e9l\u00e9gant qui se fond dans la nature","og_description":"R\u00e9alis\u00e9 avec une structure r\u00e9sistante en m\u00e9tal et en bois, le parasol ethnique de Tuareg est fabriqu\u00e9 \u00e0 100% en Italie. C&rsquo;est un article indispensable pour tous ceux qui souhaitent donner une touche africaine \u00e0 leur camping, village, club sportif, bar en plein air, jardin ou plage. Le parasol ethnique est \u00e9l\u00e9gant et \u00e0 la [&hellip;]","og_url":"https:\/\/www.mondocamping.com\/fr\/le-parasol-ethnique-et-elegant-qui-se-fond-dans-la-nature\/","og_site_name":"Mondo Camping","article_publisher":"https:\/\/www.facebook.com\/mondobalneare","article_published_time":"2023-04-16T22:27:58+00:00","article_modified_time":"2023-04-16T22:27:59+00:00","og_image":[{"width":1200,"height":599,"url":"https:\/\/www.mondocamping.com\/wp-content\/uploads\/2019\/06\/accessorio-tuareg-ombrellone-etnico.jpg","type":"image\/jpeg"}],"author":"Tuareg","twitter_card":"summary_large_image","twitter_creator":"@mondobalneare","twitter_site":"@mondobalneare","twitter_misc":{"\u00c9crit par":"Tuareg","Dur\u00e9e de lecture estim\u00e9e":"1 minute"},"schema":{"@context":"https:\/\/schema.org","@graph":[{"@type":"Article","@id":"https:\/\/www.mondocamping.com\/fr\/le-parasol-ethnique-et-elegant-qui-se-fond-dans-la-nature\/#article","isPartOf":{"@id":"https:\/\/www.mondocamping.com\/fr\/le-parasol-ethnique-et-elegant-qui-se-fond-dans-la-nature\/"},"author":{"name":"Tuareg","@id":"https:\/\/www.mondocamping.com\/#\/schema\/person\/60ae0b409462ee2f26536ed046d39660"},"headline":"Le parasol ethnique et \u00e9l\u00e9gant qui se fond dans la nature","datePublished":"2023-04-16T22:27:58+00:00","dateModified":"2023-04-16T22:27:59+00:00","mainEntityOfPage":{"@id":"https:\/\/www.mondocamping.com\/fr\/le-parasol-ethnique-et-elegant-qui-se-fond-dans-la-nature\/"},"wordCount":147,"publisher":{"@id":"https:\/\/www.mondocamping.com\/#organization"},"image":{"@id":"https:\/\/www.mondocamping.com\/fr\/le-parasol-ethnique-et-elegant-qui-se-fond-dans-la-nature\/#primaryimage"},"thumbnailUrl":"https:\/\/www.mondocamping.com\/wp-content\/uploads\/2019\/06\/accessorio-tuareg-ombrellone-etnico.jpg","articleSection":["\u00c9ditoriaux"],"inLanguage":"fr-FR"},{"@type":"WebPage","@id":"https:\/\/www.mondocamping.com\/fr\/le-parasol-ethnique-et-elegant-qui-se-fond-dans-la-nature\/","url":"https:\/\/www.mondocamping.com\/fr\/le-parasol-ethnique-et-elegant-qui-se-fond-dans-la-nature\/","name":"Le parasol ethnique et \u00e9l\u00e9gant qui se fond dans la nature","isPartOf":{"@id":"https:\/\/www.mondocamping.com\/#website"},"primaryImageOfPage":{"@id":"https:\/\/www.mondocamping.com\/fr\/le-parasol-ethnique-et-elegant-qui-se-fond-dans-la-nature\/#primaryimage"},"image":{"@id":"https:\/\/www.mondocamping.com\/fr\/le-parasol-ethnique-et-elegant-qui-se-fond-dans-la-nature\/#primaryimage"},"thumbnailUrl":"https:\/\/www.mondocamping.com\/wp-content\/uploads\/2019\/06\/accessorio-tuareg-ombrellone-etnico.jpg","datePublished":"2023-04-16T22:27:58+00:00","dateModified":"2023-04-16T22:27:59+00:00","breadcrumb":{"@id":"https:\/\/www.mondocamping.com\/fr\/le-parasol-ethnique-et-elegant-qui-se-fond-dans-la-nature\/#breadcrumb"},"inLanguage":"fr-FR","potentialAction":[{"@type":"ReadAction","target":["https:\/\/www.mondocamping.com\/fr\/le-parasol-ethnique-et-elegant-qui-se-fond-dans-la-nature\/"]}]},{"@type":"ImageObject","inLanguage":"fr-FR","@id":"https:\/\/www.mondocamping.com\/fr\/le-parasol-ethnique-et-elegant-qui-se-fond-dans-la-nature\/#primaryimage","url":"https:\/\/www.mondocamping.com\/wp-content\/uploads\/2019\/06\/accessorio-tuareg-ombrellone-etnico.jpg","contentUrl":"https:\/\/www.mondocamping.com\/wp-content\/uploads\/2019\/06\/accessorio-tuareg-ombrellone-etnico.jpg","width":1200,"height":599},{"@type":"BreadcrumbList","@id":"https:\/\/www.mondocamping.com\/fr\/le-parasol-ethnique-et-elegant-qui-se-fond-dans-la-nature\/#breadcrumb","itemListElement":[{"@type":"ListItem","position":1,"name":"Home","item":"https:\/\/www.mondocamping.com\/fr\/"},{"@type":"ListItem","position":2,"name":"Le parasol ethnique et \u00e9l\u00e9gant qui se fond dans la nature"}]},{"@type":"WebSite","@id":"https:\/\/www.mondocamping.com\/#website","url":"https:\/\/www.mondocamping.com\/","name":"Mondo Camping","description":"Le portail d\u00e9di\u00e9 aux gestionnaires de campings et villages touristiques","publisher":{"@id":"https:\/\/www.mondocamping.com\/#organization"},"potentialAction":[{"@type":"SearchAction","target":{"@type":"EntryPoint","urlTemplate":"https:\/\/www.mondocamping.com\/?s={search_term_string}"},"query-input":{"@type":"PropertyValueSpecification","valueRequired":true,"valueName":"search_term_string"}}],"inLanguage":"fr-FR"},{"@type":"Organization","@id":"https:\/\/www.mondocamping.com\/#organization","name":"Mondo Camping","url":"https:\/\/www.mondocamping.com\/","logo":{"@type":"ImageObject","inLanguage":"fr-FR","@id":"https:\/\/www.mondocamping.com\/#\/schema\/logo\/image\/","url":"https:\/\/www.mondocamping.com\/wp-content\/uploads\/2022\/04\/mondo-camping-logo-contornato-1.png","contentUrl":"https:\/\/www.mondocamping.com\/wp-content\/uploads\/2022\/04\/mondo-camping-logo-contornato-1.png","width":280,"height":90,"caption":"Mondo Camping"},"image":{"@id":"https:\/\/www.mondocamping.com\/#\/schema\/logo\/image\/"},"sameAs":["https:\/\/www.facebook.com\/mondobalneare","https:\/\/x.com\/mondobalneare","https:\/\/www.instagram.com\/mondobalneare\/","https:\/\/www.linkedin.com\/company\/67180810\/","https:\/\/www.youtube.com\/user\/mondobalnearevideo"]},{"@type":"Person","@id":"https:\/\/www.mondocamping.com\/#\/schema\/person\/60ae0b409462ee2f26536ed046d39660","name":"Tuareg","image":{"@type":"ImageObject","inLanguage":"fr-FR","@id":"https:\/\/www.mondocamping.com\/wp-content\/uploads\/2019\/06\/TUAREG-100x100.png","url":"https:\/\/www.mondocamping.com\/wp-content\/uploads\/2019\/06\/TUAREG-100x100.png","contentUrl":"https:\/\/www.mondocamping.com\/wp-content\/uploads\/2019\/06\/TUAREG-100x100.png","caption":"Tuareg"},"description":"Tel. 0983 90388"}]}},"_links":{"self":[{"href":"https:\/\/www.mondocamping.com\/fr\/wp-json\/wp\/v2\/posts\/162580","targetHints":{"allow":["GET"]}}],"collection":[{"href":"https:\/\/www.mondocamping.com\/fr\/wp-json\/wp\/v2\/posts"}],"about":[{"href":"https:\/\/www.mondocamping.com\/fr\/wp-json\/wp\/v2\/types\/post"}],"author":[{"embeddable":true,"href":"https:\/\/www.mondocamping.com\/fr\/wp-json\/wp\/v2\/users\/64"}],"replies":[{"embeddable":true,"href":"https:\/\/www.mondocamping.com\/fr\/wp-json\/wp\/v2\/comments?post=162580"}],"version-history":[{"count":1,"href":"https:\/\/www.mondocamping.com\/fr\/wp-json\/wp\/v2\/posts\/162580\/revisions"}],"predecessor-version":[{"id":162581,"href":"https:\/\/www.mondocamping.com\/fr\/wp-json\/wp\/v2\/posts\/162580\/revisions\/162581"}],"wp:featuredmedia":[{"embeddable":true,"href":"https:\/\/www.mondocamping.com\/fr\/wp-json\/wp\/v2\/media\/142866"}],"wp:attachment":[{"href":"https:\/\/www.mondocamping.com\/fr\/wp-json\/wp\/v2\/media?parent=162580"}],"wp:term":[{"taxonomy":"category","embeddable":true,"href":"https:\/\/www.mondocamping.com\/fr\/wp-json\/wp\/v2\/categories?post=162580"},{"taxonomy":"post_tag","embeddable":true,"href":"https:\/\/www.mondocamping.com\/fr\/wp-json\/wp\/v2\/tags?post=162580"}],"curies":[{"name":"wp","href":"https:\/\/api.w.org\/{rel}","templated":true}]}}