{"id":162693,"date":"2023-04-21T14:57:22","date_gmt":"2023-04-21T12:57:22","guid":{"rendered":"https:\/\/www.mondocamping.com\/campings-com-le-boom-dans-les-camping-au-mois-aout\/"},"modified":"2023-04-21T14:58:09","modified_gmt":"2023-04-21T12:58:09","slug":"campings-com-le-boom-dans-les-camping-au-mois-aout","status":"publish","type":"post","link":"https:\/\/www.mondocamping.com\/fr\/campings-com-le-boom-dans-les-camping-au-mois-aout\/","title":{"rendered":"Campings.com, le boom dans les camping au mois ao\u00fbt ?"},"content":{"rendered":"\n<p>Le <strong>secteur du camping<\/strong> reste au c\u0153ur des choix des voyageurs. La durabilit\u00e9, l&rsquo;hospitalit\u00e9 et la flexibilit\u00e9 sont quelques-unes des caract\u00e9ristiques qui continuent \u00e0 propulser le camping, le pla\u00e7ant en t\u00eate des choix des touristes.<\/p>\n\n<p><strong>Campings.com<\/strong> a recens\u00e9 les cinq raisons pr\u00e9cises qui motivent les pr\u00e9f\u00e9rences :<\/p>\n\n<ul class=\"wp-block-list\"><li>La facilit\u00e9 de r\u00e9servation des espaces et des h\u00e9bergements, gr\u00e2ce \u00e0 des portails de plus en plus fiables, pr\u00e9cis et performants.<\/li><\/ul>\n\n<ul class=\"wp-block-list\"><li>Les prix plus bas sont un avantage certain par rapport aux h\u00f4tels plus traditionnels et plus chers.<\/li><\/ul>\n\n<ul class=\"wp-block-list\"><li>La sensation de plus grande libert\u00e9, garantie justement par l&rsquo;absence d&rsquo;horaires qui caract\u00e9rise les campings contrairement aux h\u00e9bergements classiques.<\/li><\/ul>\n\n<ul class=\"wp-block-list\"><li>Le contact plus profond avec la nature, assur\u00e9 par la position strat\u00e9gique occup\u00e9e par les campings dans les contextes o\u00f9 ils sont situ\u00e9s.<\/li><\/ul>\n\n<ul class=\"wp-block-list\"><li>Maintenir ses propres habitudes, m\u00eame en vacances, ce qui permet aux touristes les plus \u00e9loign\u00e9s de faire l&rsquo;exp\u00e9rience du confort de la maison.<\/li><\/ul>\n\n<h2 class=\"wp-block-heading\"><strong>Quand et o\u00f9 camper selon Campings.com.<\/strong><\/h2>\n\n<p>L&rsquo;<strong>\u00e9t\u00e9<\/strong>, qui arrive \u00e0 grands pas, est la saison pr\u00e9f\u00e9r\u00e9e des campeurs. En Italie, contrairement au reste de l&rsquo;Europe, 42% des campeurs s\u00e9journeront en ao\u00fbt, 29% en juillet et 17% en juin. Les destinations pr\u00e9f\u00e9r\u00e9es sont les camping de <strong>Toscane<\/strong> (34 %), de <strong>Sardaigne<\/strong> (14 %), des <strong>Pouilles<\/strong> (11 %) et de <strong>Corse<\/strong> (9 %).<\/p>\n\n<p>Voici toutes les raisons pour lesquelles les campings sont, cette ann\u00e9e encore, une r\u00e9f\u00e9rence pour les vacances 2023. Le mois d&rsquo;ao\u00fbt pourrait donc repr\u00e9senter, statistiques \u00e0 l&rsquo;appui, une nouvelle p\u00e9riode faste pour les r\u00e9servations. Une tendance qui va \u00e0 l&rsquo;encontre de la dynamique suivie par la <strong>Commission europ\u00e9enne du voyage<\/strong>, selon laquelle de nombreux voyageurs auraient \u00e9galement pr\u00e9f\u00e9r\u00e9 anticiper leurs vacances au d\u00e9but de l&rsquo;\u00e9t\u00e9, afin d&rsquo;\u00e9viter la p\u00e9riode du mois d&rsquo;ao\u00fbt.<\/p>\n","protected":false},"excerpt":{"rendered":"<p>Le secteur du camping reste au c\u0153ur des choix des voyageurs. La durabilit\u00e9, l&rsquo;hospitalit\u00e9 et la flexibilit\u00e9 sont quelques-unes des caract\u00e9ristiques qui continuent \u00e0 propulser le camping, le pla\u00e7ant en t\u00eate des choix des touristes. Campings.com a recens\u00e9 les cinq raisons pr\u00e9cises qui motivent les pr\u00e9f\u00e9rences : La facilit\u00e9 de r\u00e9servation des espaces et des [&hellip;]<\/p>\n","protected":false},"author":173,"featured_media":144410,"comment_status":"closed","ping_status":"closed","sticky":false,"template":"","format":"standard","meta":{"_acf_changed":false,"_monsterinsights_skip_tracking":false,"_monsterinsights_sitenote_active":false,"_monsterinsights_sitenote_note":"","_monsterinsights_sitenote_category":0,"footnotes":""},"categories":[4024],"tags":[4189,4561,4779,4562,4778],"class_list":["post-162693","post","type-post","status-publish","format-standard","has-post-thumbnail","hentry","category-actualite","tag-camping-fr","tag-campings-com-fr","tag-corse","tag-reservations","tag-toscane"],"acf":[],"yoast_head":"<!-- This site is optimized with the Yoast SEO plugin v27.5 - https:\/\/yoast.com\/product\/yoast-seo-wordpress\/ -->\n<title>Campings.com, le boom dans les camping au mois ao\u00fbt ?<\/title>\n<meta name=\"robots\" content=\"index, follow, max-snippet:-1, max-image-preview:large, max-video-preview:-1\" \/>\n<link rel=\"canonical\" href=\"https:\/\/www.mondocamping.com\/fr\/campings-com-le-boom-dans-les-camping-au-mois-aout\/\" \/>\n<meta property=\"og:locale\" content=\"fr_FR\" \/>\n<meta property=\"og:type\" content=\"article\" \/>\n<meta property=\"og:title\" content=\"Campings.com, le boom dans les camping au mois ao\u00fbt ?\" \/>\n<meta property=\"og:description\" content=\"Le secteur du camping reste au c\u0153ur des choix des voyageurs. La durabilit\u00e9, l&rsquo;hospitalit\u00e9 et la flexibilit\u00e9 sont quelques-unes des caract\u00e9ristiques qui continuent \u00e0 propulser le camping, le pla\u00e7ant en t\u00eate des choix des touristes. Campings.com a recens\u00e9 les cinq raisons pr\u00e9cises qui motivent les pr\u00e9f\u00e9rences : La facilit\u00e9 de r\u00e9servation des espaces et des [&hellip;]\" \/>\n<meta property=\"og:url\" content=\"https:\/\/www.mondocamping.com\/fr\/campings-com-le-boom-dans-les-camping-au-mois-aout\/\" \/>\n<meta property=\"og:site_name\" content=\"Mondo Camping\" \/>\n<meta property=\"article:publisher\" content=\"https:\/\/www.facebook.com\/mondobalneare\" \/>\n<meta property=\"article:published_time\" content=\"2023-04-21T12:57:22+00:00\" \/>\n<meta property=\"article:modified_time\" content=\"2023-04-21T12:58:09+00:00\" \/>\n<meta property=\"og:image\" content=\"https:\/\/www.mondocamping.com\/wp-content\/uploads\/2022\/06\/europa-camping-village-cavallino-treporti.jpg\" \/>\n\t<meta property=\"og:image:width\" content=\"1000\" \/>\n\t<meta property=\"og:image:height\" content=\"535\" \/>\n\t<meta property=\"og:image:type\" content=\"image\/jpeg\" \/>\n<meta name=\"author\" content=\"Helene Laurent\" \/>\n<meta name=\"twitter:card\" content=\"summary_large_image\" \/>\n<meta name=\"twitter:creator\" content=\"@mondobalneare\" \/>\n<meta name=\"twitter:site\" content=\"@mondobalneare\" \/>\n<meta name=\"twitter:label1\" content=\"\u00c9crit par\" \/>\n\t<meta name=\"twitter:data1\" content=\"Helene Laurent\" \/>\n\t<meta name=\"twitter:label2\" content=\"Dur\u00e9e de lecture estim\u00e9e\" \/>\n\t<meta name=\"twitter:data2\" content=\"2 minutes\" \/>\n<script type=\"application\/ld+json\" class=\"yoast-schema-graph\">{\"@context\":\"https:\\\/\\\/schema.org\",\"@graph\":[{\"@type\":\"Article\",\"@id\":\"https:\\\/\\\/www.mondocamping.com\\\/fr\\\/campings-com-le-boom-dans-les-camping-au-mois-aout\\\/#article\",\"isPartOf\":{\"@id\":\"https:\\\/\\\/www.mondocamping.com\\\/fr\\\/campings-com-le-boom-dans-les-camping-au-mois-aout\\\/\"},\"author\":{\"name\":\"Helene Laurent\",\"@id\":\"https:\\\/\\\/www.mondocamping.com\\\/#\\\/schema\\\/person\\\/eed3ea815a73a3cec3f6176e03072382\"},\"headline\":\"Campings.com, le boom dans les camping au mois ao\u00fbt ?\",\"datePublished\":\"2023-04-21T12:57:22+00:00\",\"dateModified\":\"2023-04-21T12:58:09+00:00\",\"mainEntityOfPage\":{\"@id\":\"https:\\\/\\\/www.mondocamping.com\\\/fr\\\/campings-com-le-boom-dans-les-camping-au-mois-aout\\\/\"},\"wordCount\":331,\"publisher\":{\"@id\":\"https:\\\/\\\/www.mondocamping.com\\\/#organization\"},\"image\":{\"@id\":\"https:\\\/\\\/www.mondocamping.com\\\/fr\\\/campings-com-le-boom-dans-les-camping-au-mois-aout\\\/#primaryimage\"},\"thumbnailUrl\":\"https:\\\/\\\/www.mondocamping.com\\\/wp-content\\\/uploads\\\/2022\\\/06\\\/europa-camping-village-cavallino-treporti.jpg\",\"keywords\":[\"camping\",\"Campings.com\",\"Corse\",\"R\u00e9servations\",\"Toscane\"],\"articleSection\":[\"Actualit\u00e9\"],\"inLanguage\":\"fr-FR\"},{\"@type\":\"WebPage\",\"@id\":\"https:\\\/\\\/www.mondocamping.com\\\/fr\\\/campings-com-le-boom-dans-les-camping-au-mois-aout\\\/\",\"url\":\"https:\\\/\\\/www.mondocamping.com\\\/fr\\\/campings-com-le-boom-dans-les-camping-au-mois-aout\\\/\",\"name\":\"Campings.com, le boom dans les camping au mois ao\u00fbt ?\",\"isPartOf\":{\"@id\":\"https:\\\/\\\/www.mondocamping.com\\\/#website\"},\"primaryImageOfPage\":{\"@id\":\"https:\\\/\\\/www.mondocamping.com\\\/fr\\\/campings-com-le-boom-dans-les-camping-au-mois-aout\\\/#primaryimage\"},\"image\":{\"@id\":\"https:\\\/\\\/www.mondocamping.com\\\/fr\\\/campings-com-le-boom-dans-les-camping-au-mois-aout\\\/#primaryimage\"},\"thumbnailUrl\":\"https:\\\/\\\/www.mondocamping.com\\\/wp-content\\\/uploads\\\/2022\\\/06\\\/europa-camping-village-cavallino-treporti.jpg\",\"datePublished\":\"2023-04-21T12:57:22+00:00\",\"dateModified\":\"2023-04-21T12:58:09+00:00\",\"breadcrumb\":{\"@id\":\"https:\\\/\\\/www.mondocamping.com\\\/fr\\\/campings-com-le-boom-dans-les-camping-au-mois-aout\\\/#breadcrumb\"},\"inLanguage\":\"fr-FR\",\"potentialAction\":[{\"@type\":\"ReadAction\",\"target\":[\"https:\\\/\\\/www.mondocamping.com\\\/fr\\\/campings-com-le-boom-dans-les-camping-au-mois-aout\\\/\"]}]},{\"@type\":\"ImageObject\",\"inLanguage\":\"fr-FR\",\"@id\":\"https:\\\/\\\/www.mondocamping.com\\\/fr\\\/campings-com-le-boom-dans-les-camping-au-mois-aout\\\/#primaryimage\",\"url\":\"https:\\\/\\\/www.mondocamping.com\\\/wp-content\\\/uploads\\\/2022\\\/06\\\/europa-camping-village-cavallino-treporti.jpg\",\"contentUrl\":\"https:\\\/\\\/www.mondocamping.com\\\/wp-content\\\/uploads\\\/2022\\\/06\\\/europa-camping-village-cavallino-treporti.jpg\",\"width\":1000,\"height\":535},{\"@type\":\"BreadcrumbList\",\"@id\":\"https:\\\/\\\/www.mondocamping.com\\\/fr\\\/campings-com-le-boom-dans-les-camping-au-mois-aout\\\/#breadcrumb\",\"itemListElement\":[{\"@type\":\"ListItem\",\"position\":1,\"name\":\"Home\",\"item\":\"https:\\\/\\\/www.mondocamping.com\\\/fr\\\/\"},{\"@type\":\"ListItem\",\"position\":2,\"name\":\"Campings.com, le boom dans les camping au mois ao\u00fbt ?\"}]},{\"@type\":\"WebSite\",\"@id\":\"https:\\\/\\\/www.mondocamping.com\\\/#website\",\"url\":\"https:\\\/\\\/www.mondocamping.com\\\/\",\"name\":\"Mondo Camping\",\"description\":\"Le portail d\u00e9di\u00e9 aux gestionnaires de campings et villages touristiques\",\"publisher\":{\"@id\":\"https:\\\/\\\/www.mondocamping.com\\\/#organization\"},\"potentialAction\":[{\"@type\":\"SearchAction\",\"target\":{\"@type\":\"EntryPoint\",\"urlTemplate\":\"https:\\\/\\\/www.mondocamping.com\\\/?s={search_term_string}\"},\"query-input\":{\"@type\":\"PropertyValueSpecification\",\"valueRequired\":true,\"valueName\":\"search_term_string\"}}],\"inLanguage\":\"fr-FR\"},{\"@type\":\"Organization\",\"@id\":\"https:\\\/\\\/www.mondocamping.com\\\/#organization\",\"name\":\"Mondo Camping\",\"url\":\"https:\\\/\\\/www.mondocamping.com\\\/\",\"logo\":{\"@type\":\"ImageObject\",\"inLanguage\":\"fr-FR\",\"@id\":\"https:\\\/\\\/www.mondocamping.com\\\/#\\\/schema\\\/logo\\\/image\\\/\",\"url\":\"https:\\\/\\\/www.mondocamping.com\\\/wp-content\\\/uploads\\\/2022\\\/04\\\/mondo-camping-logo-contornato-1.png\",\"contentUrl\":\"https:\\\/\\\/www.mondocamping.com\\\/wp-content\\\/uploads\\\/2022\\\/04\\\/mondo-camping-logo-contornato-1.png\",\"width\":280,\"height\":90,\"caption\":\"Mondo Camping\"},\"image\":{\"@id\":\"https:\\\/\\\/www.mondocamping.com\\\/#\\\/schema\\\/logo\\\/image\\\/\"},\"sameAs\":[\"https:\\\/\\\/www.facebook.com\\\/mondobalneare\",\"https:\\\/\\\/x.com\\\/mondobalneare\",\"https:\\\/\\\/www.instagram.com\\\/mondobalneare\\\/\",\"https:\\\/\\\/www.linkedin.com\\\/company\\\/67180810\\\/\",\"https:\\\/\\\/www.youtube.com\\\/user\\\/mondobalnearevideo\"]},{\"@type\":\"Person\",\"@id\":\"https:\\\/\\\/www.mondocamping.com\\\/#\\\/schema\\\/person\\\/eed3ea815a73a3cec3f6176e03072382\",\"name\":\"Helene Laurent\",\"image\":{\"@type\":\"ImageObject\",\"inLanguage\":\"fr-FR\",\"@id\":\"https:\\\/\\\/secure.gravatar.com\\\/avatar\\\/bac70d5cf6bff3519b930133cdbb588b1735215eb294cccae818e7422efb7469?s=96&d=mm&r=g\",\"url\":\"https:\\\/\\\/secure.gravatar.com\\\/avatar\\\/bac70d5cf6bff3519b930133cdbb588b1735215eb294cccae818e7422efb7469?s=96&d=mm&r=g\",\"contentUrl\":\"https:\\\/\\\/secure.gravatar.com\\\/avatar\\\/bac70d5cf6bff3519b930133cdbb588b1735215eb294cccae818e7422efb7469?s=96&d=mm&r=g\",\"caption\":\"Helene Laurent\"}}]}<\/script>\n<!-- \/ Yoast SEO plugin. -->","yoast_head_json":{"title":"Campings.com, le boom dans les camping au mois ao\u00fbt ?","robots":{"index":"index","follow":"follow","max-snippet":"max-snippet:-1","max-image-preview":"max-image-preview:large","max-video-preview":"max-video-preview:-1"},"canonical":"https:\/\/www.mondocamping.com\/fr\/campings-com-le-boom-dans-les-camping-au-mois-aout\/","og_locale":"fr_FR","og_type":"article","og_title":"Campings.com, le boom dans les camping au mois ao\u00fbt ?","og_description":"Le secteur du camping reste au c\u0153ur des choix des voyageurs. La durabilit\u00e9, l&rsquo;hospitalit\u00e9 et la flexibilit\u00e9 sont quelques-unes des caract\u00e9ristiques qui continuent \u00e0 propulser le camping, le pla\u00e7ant en t\u00eate des choix des touristes. Campings.com a recens\u00e9 les cinq raisons pr\u00e9cises qui motivent les pr\u00e9f\u00e9rences : La facilit\u00e9 de r\u00e9servation des espaces et des [&hellip;]","og_url":"https:\/\/www.mondocamping.com\/fr\/campings-com-le-boom-dans-les-camping-au-mois-aout\/","og_site_name":"Mondo Camping","article_publisher":"https:\/\/www.facebook.com\/mondobalneare","article_published_time":"2023-04-21T12:57:22+00:00","article_modified_time":"2023-04-21T12:58:09+00:00","og_image":[{"width":1000,"height":535,"url":"https:\/\/www.mondocamping.com\/wp-content\/uploads\/2022\/06\/europa-camping-village-cavallino-treporti.jpg","type":"image\/jpeg"}],"author":"Helene Laurent","twitter_card":"summary_large_image","twitter_creator":"@mondobalneare","twitter_site":"@mondobalneare","twitter_misc":{"\u00c9crit par":"Helene Laurent","Dur\u00e9e de lecture estim\u00e9e":"2 minutes"},"schema":{"@context":"https:\/\/schema.org","@graph":[{"@type":"Article","@id":"https:\/\/www.mondocamping.com\/fr\/campings-com-le-boom-dans-les-camping-au-mois-aout\/#article","isPartOf":{"@id":"https:\/\/www.mondocamping.com\/fr\/campings-com-le-boom-dans-les-camping-au-mois-aout\/"},"author":{"name":"Helene Laurent","@id":"https:\/\/www.mondocamping.com\/#\/schema\/person\/eed3ea815a73a3cec3f6176e03072382"},"headline":"Campings.com, le boom dans les camping au mois ao\u00fbt ?","datePublished":"2023-04-21T12:57:22+00:00","dateModified":"2023-04-21T12:58:09+00:00","mainEntityOfPage":{"@id":"https:\/\/www.mondocamping.com\/fr\/campings-com-le-boom-dans-les-camping-au-mois-aout\/"},"wordCount":331,"publisher":{"@id":"https:\/\/www.mondocamping.com\/#organization"},"image":{"@id":"https:\/\/www.mondocamping.com\/fr\/campings-com-le-boom-dans-les-camping-au-mois-aout\/#primaryimage"},"thumbnailUrl":"https:\/\/www.mondocamping.com\/wp-content\/uploads\/2022\/06\/europa-camping-village-cavallino-treporti.jpg","keywords":["camping","Campings.com","Corse","R\u00e9servations","Toscane"],"articleSection":["Actualit\u00e9"],"inLanguage":"fr-FR"},{"@type":"WebPage","@id":"https:\/\/www.mondocamping.com\/fr\/campings-com-le-boom-dans-les-camping-au-mois-aout\/","url":"https:\/\/www.mondocamping.com\/fr\/campings-com-le-boom-dans-les-camping-au-mois-aout\/","name":"Campings.com, le boom dans les camping au mois ao\u00fbt ?","isPartOf":{"@id":"https:\/\/www.mondocamping.com\/#website"},"primaryImageOfPage":{"@id":"https:\/\/www.mondocamping.com\/fr\/campings-com-le-boom-dans-les-camping-au-mois-aout\/#primaryimage"},"image":{"@id":"https:\/\/www.mondocamping.com\/fr\/campings-com-le-boom-dans-les-camping-au-mois-aout\/#primaryimage"},"thumbnailUrl":"https:\/\/www.mondocamping.com\/wp-content\/uploads\/2022\/06\/europa-camping-village-cavallino-treporti.jpg","datePublished":"2023-04-21T12:57:22+00:00","dateModified":"2023-04-21T12:58:09+00:00","breadcrumb":{"@id":"https:\/\/www.mondocamping.com\/fr\/campings-com-le-boom-dans-les-camping-au-mois-aout\/#breadcrumb"},"inLanguage":"fr-FR","potentialAction":[{"@type":"ReadAction","target":["https:\/\/www.mondocamping.com\/fr\/campings-com-le-boom-dans-les-camping-au-mois-aout\/"]}]},{"@type":"ImageObject","inLanguage":"fr-FR","@id":"https:\/\/www.mondocamping.com\/fr\/campings-com-le-boom-dans-les-camping-au-mois-aout\/#primaryimage","url":"https:\/\/www.mondocamping.com\/wp-content\/uploads\/2022\/06\/europa-camping-village-cavallino-treporti.jpg","contentUrl":"https:\/\/www.mondocamping.com\/wp-content\/uploads\/2022\/06\/europa-camping-village-cavallino-treporti.jpg","width":1000,"height":535},{"@type":"BreadcrumbList","@id":"https:\/\/www.mondocamping.com\/fr\/campings-com-le-boom-dans-les-camping-au-mois-aout\/#breadcrumb","itemListElement":[{"@type":"ListItem","position":1,"name":"Home","item":"https:\/\/www.mondocamping.com\/fr\/"},{"@type":"ListItem","position":2,"name":"Campings.com, le boom dans les camping au mois ao\u00fbt ?"}]},{"@type":"WebSite","@id":"https:\/\/www.mondocamping.com\/#website","url":"https:\/\/www.mondocamping.com\/","name":"Mondo Camping","description":"Le portail d\u00e9di\u00e9 aux gestionnaires de campings et villages touristiques","publisher":{"@id":"https:\/\/www.mondocamping.com\/#organization"},"potentialAction":[{"@type":"SearchAction","target":{"@type":"EntryPoint","urlTemplate":"https:\/\/www.mondocamping.com\/?s={search_term_string}"},"query-input":{"@type":"PropertyValueSpecification","valueRequired":true,"valueName":"search_term_string"}}],"inLanguage":"fr-FR"},{"@type":"Organization","@id":"https:\/\/www.mondocamping.com\/#organization","name":"Mondo Camping","url":"https:\/\/www.mondocamping.com\/","logo":{"@type":"ImageObject","inLanguage":"fr-FR","@id":"https:\/\/www.mondocamping.com\/#\/schema\/logo\/image\/","url":"https:\/\/www.mondocamping.com\/wp-content\/uploads\/2022\/04\/mondo-camping-logo-contornato-1.png","contentUrl":"https:\/\/www.mondocamping.com\/wp-content\/uploads\/2022\/04\/mondo-camping-logo-contornato-1.png","width":280,"height":90,"caption":"Mondo Camping"},"image":{"@id":"https:\/\/www.mondocamping.com\/#\/schema\/logo\/image\/"},"sameAs":["https:\/\/www.facebook.com\/mondobalneare","https:\/\/x.com\/mondobalneare","https:\/\/www.instagram.com\/mondobalneare\/","https:\/\/www.linkedin.com\/company\/67180810\/","https:\/\/www.youtube.com\/user\/mondobalnearevideo"]},{"@type":"Person","@id":"https:\/\/www.mondocamping.com\/#\/schema\/person\/eed3ea815a73a3cec3f6176e03072382","name":"Helene Laurent","image":{"@type":"ImageObject","inLanguage":"fr-FR","@id":"https:\/\/secure.gravatar.com\/avatar\/bac70d5cf6bff3519b930133cdbb588b1735215eb294cccae818e7422efb7469?s=96&d=mm&r=g","url":"https:\/\/secure.gravatar.com\/avatar\/bac70d5cf6bff3519b930133cdbb588b1735215eb294cccae818e7422efb7469?s=96&d=mm&r=g","contentUrl":"https:\/\/secure.gravatar.com\/avatar\/bac70d5cf6bff3519b930133cdbb588b1735215eb294cccae818e7422efb7469?s=96&d=mm&r=g","caption":"Helene Laurent"}}]}},"_links":{"self":[{"href":"https:\/\/www.mondocamping.com\/fr\/wp-json\/wp\/v2\/posts\/162693","targetHints":{"allow":["GET"]}}],"collection":[{"href":"https:\/\/www.mondocamping.com\/fr\/wp-json\/wp\/v2\/posts"}],"about":[{"href":"https:\/\/www.mondocamping.com\/fr\/wp-json\/wp\/v2\/types\/post"}],"author":[{"embeddable":true,"href":"https:\/\/www.mondocamping.com\/fr\/wp-json\/wp\/v2\/users\/173"}],"replies":[{"embeddable":true,"href":"https:\/\/www.mondocamping.com\/fr\/wp-json\/wp\/v2\/comments?post=162693"}],"version-history":[{"count":1,"href":"https:\/\/www.mondocamping.com\/fr\/wp-json\/wp\/v2\/posts\/162693\/revisions"}],"predecessor-version":[{"id":162694,"href":"https:\/\/www.mondocamping.com\/fr\/wp-json\/wp\/v2\/posts\/162693\/revisions\/162694"}],"wp:featuredmedia":[{"embeddable":true,"href":"https:\/\/www.mondocamping.com\/fr\/wp-json\/wp\/v2\/media\/144410"}],"wp:attachment":[{"href":"https:\/\/www.mondocamping.com\/fr\/wp-json\/wp\/v2\/media?parent=162693"}],"wp:term":[{"taxonomy":"category","embeddable":true,"href":"https:\/\/www.mondocamping.com\/fr\/wp-json\/wp\/v2\/categories?post=162693"},{"taxonomy":"post_tag","embeddable":true,"href":"https:\/\/www.mondocamping.com\/fr\/wp-json\/wp\/v2\/tags?post=162693"}],"curies":[{"name":"wp","href":"https:\/\/api.w.org\/{rel}","templated":true}]}}