{"id":163082,"date":"2023-05-05T00:42:59","date_gmt":"2023-05-04T22:42:59","guid":{"rendered":"https:\/\/www.mondocamping.com\/camping-espagne-prolongation-des-nouvelles-obligations-en-matiere-de-donnees-sensibles\/"},"modified":"2023-05-05T00:43:33","modified_gmt":"2023-05-04T22:43:33","slug":"camping-espagne-prolongation-des-nouvelles-obligations-en-matiere-de-donnees-sensibles","status":"publish","type":"post","link":"https:\/\/www.mondocamping.com\/fr\/camping-espagne-prolongation-des-nouvelles-obligations-en-matiere-de-donnees-sensibles\/","title":{"rendered":"Camping Espagne, prolongation des nouvelles obligations en mati\u00e8re de donn\u00e9es sensibles"},"content":{"rendered":"\n<p>Comment utiliser les donn\u00e9es fournies par les clients des campings ? En Espagne, le minist\u00e8re de l&rsquo;Int\u00e9rieur a <strong>prolong\u00e9 la p\u00e9riode transitoire d&rsquo;enregistrement des documents<\/strong>, qui devait expirer le 2 juin. En d&rsquo;autres termes, l&rsquo;obligation de communiquer les documents contenant les donn\u00e9es des clients r\u00e9servant ou s\u00e9journant dans les \u00e9tablissements touristiques ib\u00e9riques est prolong\u00e9e<strong> jusqu&rsquo;au 31 janvier 2024<\/strong>.<\/p>\n\n<p>Que se passe-t-il pour les campings ? Les \u00e9tablissements disposeront de neuf mois suppl\u00e9mentaires pour se pr\u00e9parer \u00e0 l&rsquo;extension et, \u00e0 partir du 1er f\u00e9vrier, pour se conformer aux dispositions de l&rsquo;arr\u00eat\u00e9 royal, qui contient les obligations d&rsquo;enregistrement des documents et d&rsquo;information des personnes physiques ou morales qui exercent des activit\u00e9s d&rsquo;h\u00e9bergement et de location de v\u00e9hicules.<\/p>\n\n<p><\/p>\n\n<p>La <strong>F\u00e9d\u00e9ration espagnole des campings<\/strong> (FEEC) est favorable \u00e0 cette extension, car elle consid\u00e8re que ce nouveau syst\u00e8me est irr\u00e9alisable. \u00ab\u00a0<em>Outre le fait que nous sommes oppos\u00e9s \u00e0 l&rsquo;id\u00e9e de demander au voyageur des informations qui ne figurent pas dans un document officiel (carte d&rsquo;identit\u00e9 ou passeport), la demande de ces donn\u00e9es augmenterait le travail \u00e0 la r\u00e9ception et la responsabilit\u00e9 assum\u00e9e par les campings eux-m\u00eames<\/em>\u00ab\u00a0, explique-t-elle. \u00ab\u00a0<em>Demander ces donn\u00e9es augmenterait le travail \u00e0 la r\u00e9ception et la responsabilit\u00e9 assum\u00e9e par les campings eux-m\u00eames<\/em>\u00ab\u00a0, explique la FEEC, qui ajoute : \u00ab\u00a0<em>Nous continuerons \u00e0 \u0153uvrer pour que cet arr\u00eat\u00e9 royal soit modifi\u00e9\u00a0\u00bb<\/em>.<\/p>\n","protected":false},"excerpt":{"rendered":"<p>Comment utiliser les donn\u00e9es fournies par les clients des campings ? En Espagne, le minist\u00e8re de l&rsquo;Int\u00e9rieur a prolong\u00e9 la p\u00e9riode transitoire d&rsquo;enregistrement des documents, qui devait expirer le 2 juin. En d&rsquo;autres termes, l&rsquo;obligation de communiquer les documents contenant les donn\u00e9es des clients r\u00e9servant ou s\u00e9journant dans les \u00e9tablissements touristiques ib\u00e9riques est prolong\u00e9e jusqu&rsquo;au [&hellip;]<\/p>\n","protected":false},"author":173,"featured_media":163067,"comment_status":"closed","ping_status":"closed","sticky":false,"template":"","format":"standard","meta":{"_acf_changed":false,"_monsterinsights_skip_tracking":false,"_monsterinsights_sitenote_active":false,"_monsterinsights_sitenote_note":"","_monsterinsights_sitenote_category":0,"footnotes":""},"categories":[4024],"tags":[4189,4822,4277,4665,4262,4079],"class_list":["post-163082","post","type-post","status-publish","format-standard","has-post-thumbnail","hentry","category-actualite","tag-camping-fr","tag-federacion-espanola-de-campings-fr","tag-federation-espagnole-des-campings","tag-feec-fr","tag-mondo-camping-fr","tag-tourisme-de-plein-air"],"acf":[],"yoast_head":"<!-- This site is optimized with the Yoast SEO plugin v27.5 - https:\/\/yoast.com\/product\/yoast-seo-wordpress\/ -->\n<title>Camping Espagne, prolongation des nouvelles obligations en mati\u00e8re de donn\u00e9es sensibles<\/title>\n<meta name=\"robots\" content=\"index, follow, max-snippet:-1, max-image-preview:large, max-video-preview:-1\" \/>\n<link rel=\"canonical\" href=\"https:\/\/www.mondocamping.com\/fr\/camping-espagne-prolongation-des-nouvelles-obligations-en-matiere-de-donnees-sensibles\/\" \/>\n<meta property=\"og:locale\" content=\"fr_FR\" \/>\n<meta property=\"og:type\" content=\"article\" \/>\n<meta property=\"og:title\" content=\"Camping Espagne, prolongation des nouvelles obligations en mati\u00e8re de donn\u00e9es sensibles\" \/>\n<meta property=\"og:description\" content=\"Comment utiliser les donn\u00e9es fournies par les clients des campings ? En Espagne, le minist\u00e8re de l&rsquo;Int\u00e9rieur a prolong\u00e9 la p\u00e9riode transitoire d&rsquo;enregistrement des documents, qui devait expirer le 2 juin. En d&rsquo;autres termes, l&rsquo;obligation de communiquer les documents contenant les donn\u00e9es des clients r\u00e9servant ou s\u00e9journant dans les \u00e9tablissements touristiques ib\u00e9riques est prolong\u00e9e jusqu&rsquo;au [&hellip;]\" \/>\n<meta property=\"og:url\" content=\"https:\/\/www.mondocamping.com\/fr\/camping-espagne-prolongation-des-nouvelles-obligations-en-matiere-de-donnees-sensibles\/\" \/>\n<meta property=\"og:site_name\" content=\"Mondo Camping\" \/>\n<meta property=\"article:publisher\" content=\"https:\/\/www.facebook.com\/mondobalneare\" \/>\n<meta property=\"article:published_time\" content=\"2023-05-04T22:42:59+00:00\" \/>\n<meta property=\"article:modified_time\" content=\"2023-05-04T22:43:33+00:00\" \/>\n<meta property=\"og:image\" content=\"https:\/\/www.mondocamping.com\/wp-content\/uploads\/2023\/05\/camping-spagna-1.jpg\" \/>\n\t<meta property=\"og:image:width\" content=\"1000\" \/>\n\t<meta property=\"og:image:height\" content=\"535\" \/>\n\t<meta property=\"og:image:type\" content=\"image\/jpeg\" \/>\n<meta name=\"author\" content=\"Helene Laurent\" \/>\n<meta name=\"twitter:card\" content=\"summary_large_image\" \/>\n<meta name=\"twitter:creator\" content=\"@mondobalneare\" \/>\n<meta name=\"twitter:site\" content=\"@mondobalneare\" \/>\n<meta name=\"twitter:label1\" content=\"\u00c9crit par\" \/>\n\t<meta name=\"twitter:data1\" content=\"Helene Laurent\" \/>\n\t<meta name=\"twitter:label2\" content=\"Dur\u00e9e de lecture estim\u00e9e\" \/>\n\t<meta name=\"twitter:data2\" content=\"1 minute\" \/>\n<script type=\"application\/ld+json\" class=\"yoast-schema-graph\">{\"@context\":\"https:\\\/\\\/schema.org\",\"@graph\":[{\"@type\":\"Article\",\"@id\":\"https:\\\/\\\/www.mondocamping.com\\\/fr\\\/camping-espagne-prolongation-des-nouvelles-obligations-en-matiere-de-donnees-sensibles\\\/#article\",\"isPartOf\":{\"@id\":\"https:\\\/\\\/www.mondocamping.com\\\/fr\\\/camping-espagne-prolongation-des-nouvelles-obligations-en-matiere-de-donnees-sensibles\\\/\"},\"author\":{\"name\":\"Helene Laurent\",\"@id\":\"https:\\\/\\\/www.mondocamping.com\\\/#\\\/schema\\\/person\\\/eed3ea815a73a3cec3f6176e03072382\"},\"headline\":\"Camping Espagne, prolongation des nouvelles obligations en mati\u00e8re de donn\u00e9es sensibles\",\"datePublished\":\"2023-05-04T22:42:59+00:00\",\"dateModified\":\"2023-05-04T22:43:33+00:00\",\"mainEntityOfPage\":{\"@id\":\"https:\\\/\\\/www.mondocamping.com\\\/fr\\\/camping-espagne-prolongation-des-nouvelles-obligations-en-matiere-de-donnees-sensibles\\\/\"},\"wordCount\":260,\"publisher\":{\"@id\":\"https:\\\/\\\/www.mondocamping.com\\\/#organization\"},\"image\":{\"@id\":\"https:\\\/\\\/www.mondocamping.com\\\/fr\\\/camping-espagne-prolongation-des-nouvelles-obligations-en-matiere-de-donnees-sensibles\\\/#primaryimage\"},\"thumbnailUrl\":\"https:\\\/\\\/www.mondocamping.com\\\/wp-content\\\/uploads\\\/2023\\\/05\\\/camping-spagna-1.jpg\",\"keywords\":[\"camping\",\"Federaci\u00f3n Espa\u00f1ola de Campings\",\"F\u00e9d\u00e9ration Espagnole des Campings\",\"FEEC\",\"Mondo Camping\",\"Tourisme de plein air\"],\"articleSection\":[\"Actualit\u00e9\"],\"inLanguage\":\"fr-FR\"},{\"@type\":\"WebPage\",\"@id\":\"https:\\\/\\\/www.mondocamping.com\\\/fr\\\/camping-espagne-prolongation-des-nouvelles-obligations-en-matiere-de-donnees-sensibles\\\/\",\"url\":\"https:\\\/\\\/www.mondocamping.com\\\/fr\\\/camping-espagne-prolongation-des-nouvelles-obligations-en-matiere-de-donnees-sensibles\\\/\",\"name\":\"Camping Espagne, prolongation des nouvelles obligations en mati\u00e8re de donn\u00e9es sensibles\",\"isPartOf\":{\"@id\":\"https:\\\/\\\/www.mondocamping.com\\\/#website\"},\"primaryImageOfPage\":{\"@id\":\"https:\\\/\\\/www.mondocamping.com\\\/fr\\\/camping-espagne-prolongation-des-nouvelles-obligations-en-matiere-de-donnees-sensibles\\\/#primaryimage\"},\"image\":{\"@id\":\"https:\\\/\\\/www.mondocamping.com\\\/fr\\\/camping-espagne-prolongation-des-nouvelles-obligations-en-matiere-de-donnees-sensibles\\\/#primaryimage\"},\"thumbnailUrl\":\"https:\\\/\\\/www.mondocamping.com\\\/wp-content\\\/uploads\\\/2023\\\/05\\\/camping-spagna-1.jpg\",\"datePublished\":\"2023-05-04T22:42:59+00:00\",\"dateModified\":\"2023-05-04T22:43:33+00:00\",\"breadcrumb\":{\"@id\":\"https:\\\/\\\/www.mondocamping.com\\\/fr\\\/camping-espagne-prolongation-des-nouvelles-obligations-en-matiere-de-donnees-sensibles\\\/#breadcrumb\"},\"inLanguage\":\"fr-FR\",\"potentialAction\":[{\"@type\":\"ReadAction\",\"target\":[\"https:\\\/\\\/www.mondocamping.com\\\/fr\\\/camping-espagne-prolongation-des-nouvelles-obligations-en-matiere-de-donnees-sensibles\\\/\"]}]},{\"@type\":\"ImageObject\",\"inLanguage\":\"fr-FR\",\"@id\":\"https:\\\/\\\/www.mondocamping.com\\\/fr\\\/camping-espagne-prolongation-des-nouvelles-obligations-en-matiere-de-donnees-sensibles\\\/#primaryimage\",\"url\":\"https:\\\/\\\/www.mondocamping.com\\\/wp-content\\\/uploads\\\/2023\\\/05\\\/camping-spagna-1.jpg\",\"contentUrl\":\"https:\\\/\\\/www.mondocamping.com\\\/wp-content\\\/uploads\\\/2023\\\/05\\\/camping-spagna-1.jpg\",\"width\":1000,\"height\":535},{\"@type\":\"BreadcrumbList\",\"@id\":\"https:\\\/\\\/www.mondocamping.com\\\/fr\\\/camping-espagne-prolongation-des-nouvelles-obligations-en-matiere-de-donnees-sensibles\\\/#breadcrumb\",\"itemListElement\":[{\"@type\":\"ListItem\",\"position\":1,\"name\":\"Home\",\"item\":\"https:\\\/\\\/www.mondocamping.com\\\/fr\\\/\"},{\"@type\":\"ListItem\",\"position\":2,\"name\":\"Camping Espagne, prolongation des nouvelles obligations en mati\u00e8re de donn\u00e9es sensibles\"}]},{\"@type\":\"WebSite\",\"@id\":\"https:\\\/\\\/www.mondocamping.com\\\/#website\",\"url\":\"https:\\\/\\\/www.mondocamping.com\\\/\",\"name\":\"Mondo Camping\",\"description\":\"Le portail d\u00e9di\u00e9 aux gestionnaires de campings et villages touristiques\",\"publisher\":{\"@id\":\"https:\\\/\\\/www.mondocamping.com\\\/#organization\"},\"potentialAction\":[{\"@type\":\"SearchAction\",\"target\":{\"@type\":\"EntryPoint\",\"urlTemplate\":\"https:\\\/\\\/www.mondocamping.com\\\/?s={search_term_string}\"},\"query-input\":{\"@type\":\"PropertyValueSpecification\",\"valueRequired\":true,\"valueName\":\"search_term_string\"}}],\"inLanguage\":\"fr-FR\"},{\"@type\":\"Organization\",\"@id\":\"https:\\\/\\\/www.mondocamping.com\\\/#organization\",\"name\":\"Mondo Camping\",\"url\":\"https:\\\/\\\/www.mondocamping.com\\\/\",\"logo\":{\"@type\":\"ImageObject\",\"inLanguage\":\"fr-FR\",\"@id\":\"https:\\\/\\\/www.mondocamping.com\\\/#\\\/schema\\\/logo\\\/image\\\/\",\"url\":\"https:\\\/\\\/www.mondocamping.com\\\/wp-content\\\/uploads\\\/2022\\\/04\\\/mondo-camping-logo-contornato-1.png\",\"contentUrl\":\"https:\\\/\\\/www.mondocamping.com\\\/wp-content\\\/uploads\\\/2022\\\/04\\\/mondo-camping-logo-contornato-1.png\",\"width\":280,\"height\":90,\"caption\":\"Mondo Camping\"},\"image\":{\"@id\":\"https:\\\/\\\/www.mondocamping.com\\\/#\\\/schema\\\/logo\\\/image\\\/\"},\"sameAs\":[\"https:\\\/\\\/www.facebook.com\\\/mondobalneare\",\"https:\\\/\\\/x.com\\\/mondobalneare\",\"https:\\\/\\\/www.instagram.com\\\/mondobalneare\\\/\",\"https:\\\/\\\/www.linkedin.com\\\/company\\\/67180810\\\/\",\"https:\\\/\\\/www.youtube.com\\\/user\\\/mondobalnearevideo\"]},{\"@type\":\"Person\",\"@id\":\"https:\\\/\\\/www.mondocamping.com\\\/#\\\/schema\\\/person\\\/eed3ea815a73a3cec3f6176e03072382\",\"name\":\"Helene Laurent\",\"image\":{\"@type\":\"ImageObject\",\"inLanguage\":\"fr-FR\",\"@id\":\"https:\\\/\\\/secure.gravatar.com\\\/avatar\\\/bac70d5cf6bff3519b930133cdbb588b1735215eb294cccae818e7422efb7469?s=96&d=mm&r=g\",\"url\":\"https:\\\/\\\/secure.gravatar.com\\\/avatar\\\/bac70d5cf6bff3519b930133cdbb588b1735215eb294cccae818e7422efb7469?s=96&d=mm&r=g\",\"contentUrl\":\"https:\\\/\\\/secure.gravatar.com\\\/avatar\\\/bac70d5cf6bff3519b930133cdbb588b1735215eb294cccae818e7422efb7469?s=96&d=mm&r=g\",\"caption\":\"Helene Laurent\"}}]}<\/script>\n<!-- \/ Yoast SEO plugin. -->","yoast_head_json":{"title":"Camping Espagne, prolongation des nouvelles obligations en mati\u00e8re de donn\u00e9es sensibles","robots":{"index":"index","follow":"follow","max-snippet":"max-snippet:-1","max-image-preview":"max-image-preview:large","max-video-preview":"max-video-preview:-1"},"canonical":"https:\/\/www.mondocamping.com\/fr\/camping-espagne-prolongation-des-nouvelles-obligations-en-matiere-de-donnees-sensibles\/","og_locale":"fr_FR","og_type":"article","og_title":"Camping Espagne, prolongation des nouvelles obligations en mati\u00e8re de donn\u00e9es sensibles","og_description":"Comment utiliser les donn\u00e9es fournies par les clients des campings ? En Espagne, le minist\u00e8re de l&rsquo;Int\u00e9rieur a prolong\u00e9 la p\u00e9riode transitoire d&rsquo;enregistrement des documents, qui devait expirer le 2 juin. En d&rsquo;autres termes, l&rsquo;obligation de communiquer les documents contenant les donn\u00e9es des clients r\u00e9servant ou s\u00e9journant dans les \u00e9tablissements touristiques ib\u00e9riques est prolong\u00e9e jusqu&rsquo;au [&hellip;]","og_url":"https:\/\/www.mondocamping.com\/fr\/camping-espagne-prolongation-des-nouvelles-obligations-en-matiere-de-donnees-sensibles\/","og_site_name":"Mondo Camping","article_publisher":"https:\/\/www.facebook.com\/mondobalneare","article_published_time":"2023-05-04T22:42:59+00:00","article_modified_time":"2023-05-04T22:43:33+00:00","og_image":[{"width":1000,"height":535,"url":"https:\/\/www.mondocamping.com\/wp-content\/uploads\/2023\/05\/camping-spagna-1.jpg","type":"image\/jpeg"}],"author":"Helene Laurent","twitter_card":"summary_large_image","twitter_creator":"@mondobalneare","twitter_site":"@mondobalneare","twitter_misc":{"\u00c9crit par":"Helene Laurent","Dur\u00e9e de lecture estim\u00e9e":"1 minute"},"schema":{"@context":"https:\/\/schema.org","@graph":[{"@type":"Article","@id":"https:\/\/www.mondocamping.com\/fr\/camping-espagne-prolongation-des-nouvelles-obligations-en-matiere-de-donnees-sensibles\/#article","isPartOf":{"@id":"https:\/\/www.mondocamping.com\/fr\/camping-espagne-prolongation-des-nouvelles-obligations-en-matiere-de-donnees-sensibles\/"},"author":{"name":"Helene Laurent","@id":"https:\/\/www.mondocamping.com\/#\/schema\/person\/eed3ea815a73a3cec3f6176e03072382"},"headline":"Camping Espagne, prolongation des nouvelles obligations en mati\u00e8re de donn\u00e9es sensibles","datePublished":"2023-05-04T22:42:59+00:00","dateModified":"2023-05-04T22:43:33+00:00","mainEntityOfPage":{"@id":"https:\/\/www.mondocamping.com\/fr\/camping-espagne-prolongation-des-nouvelles-obligations-en-matiere-de-donnees-sensibles\/"},"wordCount":260,"publisher":{"@id":"https:\/\/www.mondocamping.com\/#organization"},"image":{"@id":"https:\/\/www.mondocamping.com\/fr\/camping-espagne-prolongation-des-nouvelles-obligations-en-matiere-de-donnees-sensibles\/#primaryimage"},"thumbnailUrl":"https:\/\/www.mondocamping.com\/wp-content\/uploads\/2023\/05\/camping-spagna-1.jpg","keywords":["camping","Federaci\u00f3n Espa\u00f1ola de Campings","F\u00e9d\u00e9ration Espagnole des Campings","FEEC","Mondo Camping","Tourisme de plein air"],"articleSection":["Actualit\u00e9"],"inLanguage":"fr-FR"},{"@type":"WebPage","@id":"https:\/\/www.mondocamping.com\/fr\/camping-espagne-prolongation-des-nouvelles-obligations-en-matiere-de-donnees-sensibles\/","url":"https:\/\/www.mondocamping.com\/fr\/camping-espagne-prolongation-des-nouvelles-obligations-en-matiere-de-donnees-sensibles\/","name":"Camping Espagne, prolongation des nouvelles obligations en mati\u00e8re de donn\u00e9es sensibles","isPartOf":{"@id":"https:\/\/www.mondocamping.com\/#website"},"primaryImageOfPage":{"@id":"https:\/\/www.mondocamping.com\/fr\/camping-espagne-prolongation-des-nouvelles-obligations-en-matiere-de-donnees-sensibles\/#primaryimage"},"image":{"@id":"https:\/\/www.mondocamping.com\/fr\/camping-espagne-prolongation-des-nouvelles-obligations-en-matiere-de-donnees-sensibles\/#primaryimage"},"thumbnailUrl":"https:\/\/www.mondocamping.com\/wp-content\/uploads\/2023\/05\/camping-spagna-1.jpg","datePublished":"2023-05-04T22:42:59+00:00","dateModified":"2023-05-04T22:43:33+00:00","breadcrumb":{"@id":"https:\/\/www.mondocamping.com\/fr\/camping-espagne-prolongation-des-nouvelles-obligations-en-matiere-de-donnees-sensibles\/#breadcrumb"},"inLanguage":"fr-FR","potentialAction":[{"@type":"ReadAction","target":["https:\/\/www.mondocamping.com\/fr\/camping-espagne-prolongation-des-nouvelles-obligations-en-matiere-de-donnees-sensibles\/"]}]},{"@type":"ImageObject","inLanguage":"fr-FR","@id":"https:\/\/www.mondocamping.com\/fr\/camping-espagne-prolongation-des-nouvelles-obligations-en-matiere-de-donnees-sensibles\/#primaryimage","url":"https:\/\/www.mondocamping.com\/wp-content\/uploads\/2023\/05\/camping-spagna-1.jpg","contentUrl":"https:\/\/www.mondocamping.com\/wp-content\/uploads\/2023\/05\/camping-spagna-1.jpg","width":1000,"height":535},{"@type":"BreadcrumbList","@id":"https:\/\/www.mondocamping.com\/fr\/camping-espagne-prolongation-des-nouvelles-obligations-en-matiere-de-donnees-sensibles\/#breadcrumb","itemListElement":[{"@type":"ListItem","position":1,"name":"Home","item":"https:\/\/www.mondocamping.com\/fr\/"},{"@type":"ListItem","position":2,"name":"Camping Espagne, prolongation des nouvelles obligations en mati\u00e8re de donn\u00e9es sensibles"}]},{"@type":"WebSite","@id":"https:\/\/www.mondocamping.com\/#website","url":"https:\/\/www.mondocamping.com\/","name":"Mondo Camping","description":"Le portail d\u00e9di\u00e9 aux gestionnaires de campings et villages touristiques","publisher":{"@id":"https:\/\/www.mondocamping.com\/#organization"},"potentialAction":[{"@type":"SearchAction","target":{"@type":"EntryPoint","urlTemplate":"https:\/\/www.mondocamping.com\/?s={search_term_string}"},"query-input":{"@type":"PropertyValueSpecification","valueRequired":true,"valueName":"search_term_string"}}],"inLanguage":"fr-FR"},{"@type":"Organization","@id":"https:\/\/www.mondocamping.com\/#organization","name":"Mondo Camping","url":"https:\/\/www.mondocamping.com\/","logo":{"@type":"ImageObject","inLanguage":"fr-FR","@id":"https:\/\/www.mondocamping.com\/#\/schema\/logo\/image\/","url":"https:\/\/www.mondocamping.com\/wp-content\/uploads\/2022\/04\/mondo-camping-logo-contornato-1.png","contentUrl":"https:\/\/www.mondocamping.com\/wp-content\/uploads\/2022\/04\/mondo-camping-logo-contornato-1.png","width":280,"height":90,"caption":"Mondo Camping"},"image":{"@id":"https:\/\/www.mondocamping.com\/#\/schema\/logo\/image\/"},"sameAs":["https:\/\/www.facebook.com\/mondobalneare","https:\/\/x.com\/mondobalneare","https:\/\/www.instagram.com\/mondobalneare\/","https:\/\/www.linkedin.com\/company\/67180810\/","https:\/\/www.youtube.com\/user\/mondobalnearevideo"]},{"@type":"Person","@id":"https:\/\/www.mondocamping.com\/#\/schema\/person\/eed3ea815a73a3cec3f6176e03072382","name":"Helene Laurent","image":{"@type":"ImageObject","inLanguage":"fr-FR","@id":"https:\/\/secure.gravatar.com\/avatar\/bac70d5cf6bff3519b930133cdbb588b1735215eb294cccae818e7422efb7469?s=96&d=mm&r=g","url":"https:\/\/secure.gravatar.com\/avatar\/bac70d5cf6bff3519b930133cdbb588b1735215eb294cccae818e7422efb7469?s=96&d=mm&r=g","contentUrl":"https:\/\/secure.gravatar.com\/avatar\/bac70d5cf6bff3519b930133cdbb588b1735215eb294cccae818e7422efb7469?s=96&d=mm&r=g","caption":"Helene Laurent"}}]}},"_links":{"self":[{"href":"https:\/\/www.mondocamping.com\/fr\/wp-json\/wp\/v2\/posts\/163082","targetHints":{"allow":["GET"]}}],"collection":[{"href":"https:\/\/www.mondocamping.com\/fr\/wp-json\/wp\/v2\/posts"}],"about":[{"href":"https:\/\/www.mondocamping.com\/fr\/wp-json\/wp\/v2\/types\/post"}],"author":[{"embeddable":true,"href":"https:\/\/www.mondocamping.com\/fr\/wp-json\/wp\/v2\/users\/173"}],"replies":[{"embeddable":true,"href":"https:\/\/www.mondocamping.com\/fr\/wp-json\/wp\/v2\/comments?post=163082"}],"version-history":[{"count":1,"href":"https:\/\/www.mondocamping.com\/fr\/wp-json\/wp\/v2\/posts\/163082\/revisions"}],"predecessor-version":[{"id":163083,"href":"https:\/\/www.mondocamping.com\/fr\/wp-json\/wp\/v2\/posts\/163082\/revisions\/163083"}],"wp:featuredmedia":[{"embeddable":true,"href":"https:\/\/www.mondocamping.com\/fr\/wp-json\/wp\/v2\/media\/163067"}],"wp:attachment":[{"href":"https:\/\/www.mondocamping.com\/fr\/wp-json\/wp\/v2\/media?parent=163082"}],"wp:term":[{"taxonomy":"category","embeddable":true,"href":"https:\/\/www.mondocamping.com\/fr\/wp-json\/wp\/v2\/categories?post=163082"},{"taxonomy":"post_tag","embeddable":true,"href":"https:\/\/www.mondocamping.com\/fr\/wp-json\/wp\/v2\/tags?post=163082"}],"curies":[{"name":"wp","href":"https:\/\/api.w.org\/{rel}","templated":true}]}}