{"id":163366,"date":"2023-05-18T08:53:16","date_gmt":"2023-05-18T06:53:16","guid":{"rendered":"https:\/\/www.mondocamping.com\/2600-entreprises-et-plus-de-13-million-dhabitants-cest-la-force-du-secteur-du-plein-air-en-italie\/"},"modified":"2023-05-23T08:50:58","modified_gmt":"2023-05-23T06:50:58","slug":"2600-entreprises-et-plus-de-13-million-dhabitants-cest-la-force-du-secteur-du-plein-air-en-italie","status":"publish","type":"post","link":"https:\/\/www.mondocamping.com\/fr\/2600-entreprises-et-plus-de-13-million-dhabitants-cest-la-force-du-secteur-du-plein-air-en-italie\/","title":{"rendered":"2600 entreprises et plus de 1,3 million d&rsquo;habitants : c&rsquo;est la force du secteur du plein air en Italie."},"content":{"rendered":"\n<p>Le tourisme de plein air en Italie conna\u00eet une augmentation significative. Selon <strong>l&rsquo;Observatoire du tourisme de plein air, promu par Human Company<\/strong> en collaboration avec <strong>THRENDS<\/strong>, une saison estivale record est attendue, avec une pr\u00e9vision de <strong>56,6 millions de pr\u00e9sences en juin, juillet, ao\u00fbt et septembre<\/strong>. Ce chiffre montre une <strong>augmentation de 2 % par rapport \u00e0 2022 (55,5 millions) et de 1 % par rapport \u00e0 2019 (55,9 millions)<\/strong>. La saison actuelle marque non seulement la consolidation de la reprise des flux touristiques par rapport \u00e0 l&rsquo;\u00e9t\u00e9 2022, <strong>mais sera \u00e9galement l&rsquo;une des meilleures de ces 10 derni\u00e8res ann\u00e9es, juste derri\u00e8re 2017 (57,9 millions).<\/strong><\/p>\n\n<p><strong>Gianluca Caramanna<\/strong>, conseiller aupr\u00e8s de la ministre du tourisme Daniela Santanch\u00e8, a soulign\u00e9 l&rsquo;int\u00e9r\u00eat croissant pour le tourisme de plein air et l&rsquo;importance de <strong>promouvoir des destinations italiennes moins connues<\/strong>. Il a \u00e9galement soulign\u00e9 l&rsquo;engagement du gouvernement \u00e0 \u00e9laborer un <strong>plan strat\u00e9gique 2023-2027<\/strong> pour promouvoir l&rsquo;identit\u00e9 touristique de l&rsquo;Italie, en mettant l&rsquo;accent sur la <strong>durabilit\u00e9<\/strong> et <strong>l&rsquo;innovation<\/strong>. Selon <strong>l&rsquo;Observatoire du tourisme de plein air<\/strong>, le march\u00e9 \u00e9tranger est le plus prometteur, repr\u00e9sentant 51 % du total et d\u00e9montrant la <strong>volont\u00e9 des \u00e9trangers de voyager en M\u00e9diterran\u00e9e et surtout en Italie.<\/strong><\/p>\n\n<p><\/p>\n\n<p>Le pr\u00e9sident de <strong>Faita-Federcamping, Alberto Granzotto,<\/strong> s&rsquo;est \u00e9galement exprim\u00e9 lors de la pr\u00e9sentation des donn\u00e9es de <strong>l&rsquo;Observatoire du tourisme de plein air<\/strong> \u00e0 Rome le 9 mai. Le pr\u00e9sident de Federcamping a rappel\u00e9 que le <strong>secteur du plein air est le deuxi\u00e8me mode de tourisme en Italie apr\u00e8s l&rsquo;h\u00f4tellerie, avec 2 600 entreprises offrant plus de 1,3 million de lits par jour<\/strong>. Ce secteur est en pleine expansion, avec une r\u00e9cup\u00e9ration compl\u00e8te de la part de march\u00e9 perdue pendant la pand\u00e9mie et m\u00eame des augmentations en 2019. Il est important de comprendre et de valoriser son offre sp\u00e9cifique, qui repose sur le <strong>confort<\/strong>, la <strong>durabilit\u00e9<\/strong>, le <strong>contact avec la nature<\/strong> et la <strong>connexion avec les territoires.<\/strong><\/p>\n\n<p>Ainsi, le tourisme de plein air en Italie conna\u00eet une p\u00e9riode de croissance significative, attirant une <strong>forte demande de la part des touristes \u00e9trangers et italiens.<\/strong> Il offre des opportunit\u00e9s de d\u00e9veloppement \u00e9conomique et de promotion pour des destinations moins connues et n\u00e9cessite \u00e9galement un engagement politique et administratif important pour soutenir et am\u00e9liorer la qualit\u00e9 des services offerts.<\/p>\n","protected":false},"excerpt":{"rendered":"<p>Le tourisme de plein air en Italie conna\u00eet une augmentation significative. Selon l&rsquo;Observatoire du tourisme de plein air, promu par Human Company en collaboration avec THRENDS, une saison estivale record est attendue, avec une pr\u00e9vision de 56,6 millions de pr\u00e9sences en juin, juillet, ao\u00fbt et septembre. Ce chiffre montre une augmentation de 2 % par [&hellip;]<\/p>\n","protected":false},"author":173,"featured_media":163255,"comment_status":"closed","ping_status":"closed","sticky":false,"template":"","format":"standard","meta":{"_acf_changed":false,"_monsterinsights_skip_tracking":false,"_monsterinsights_sitenote_active":false,"_monsterinsights_sitenote_note":"","_monsterinsights_sitenote_category":0,"footnotes":""},"categories":[4024],"tags":[4078,4189,4077,4862,4209,4879,4880,4079],"class_list":["post-163366","post","type-post","status-publish","format-standard","has-post-thumbnail","hentry","category-actualite","tag-alberto-granzotto-fr","tag-camping-fr","tag-faita-federcamping-fr","tag-faita-federcamping-fr-2","tag-human-company-fr","tag-lobservatoire-du-tourisme-de-plein-air","tag-thrends-fr","tag-tourisme-de-plein-air"],"acf":[],"yoast_head":"<!-- This site is optimized with the Yoast SEO plugin v27.5 - https:\/\/yoast.com\/product\/yoast-seo-wordpress\/ -->\n<title>2600 entreprises et plus de 1,3 million d&#039;habitants : c&#039;est la force du secteur du plein air en Italie.<\/title>\n<meta name=\"robots\" content=\"index, follow, max-snippet:-1, max-image-preview:large, max-video-preview:-1\" \/>\n<link rel=\"canonical\" href=\"https:\/\/www.mondocamping.com\/fr\/2600-entreprises-et-plus-de-13-million-dhabitants-cest-la-force-du-secteur-du-plein-air-en-italie\/\" \/>\n<meta property=\"og:locale\" content=\"fr_FR\" \/>\n<meta property=\"og:type\" content=\"article\" \/>\n<meta property=\"og:title\" content=\"2600 entreprises et plus de 1,3 million d&#039;habitants : c&#039;est la force du secteur du plein air en Italie.\" \/>\n<meta property=\"og:description\" content=\"Le tourisme de plein air en Italie conna\u00eet une augmentation significative. Selon l&rsquo;Observatoire du tourisme de plein air, promu par Human Company en collaboration avec THRENDS, une saison estivale record est attendue, avec une pr\u00e9vision de 56,6 millions de pr\u00e9sences en juin, juillet, ao\u00fbt et septembre. Ce chiffre montre une augmentation de 2 % par [&hellip;]\" \/>\n<meta property=\"og:url\" content=\"https:\/\/www.mondocamping.com\/fr\/2600-entreprises-et-plus-de-13-million-dhabitants-cest-la-force-du-secteur-du-plein-air-en-italie\/\" \/>\n<meta property=\"og:site_name\" content=\"Mondo Camping\" \/>\n<meta property=\"article:publisher\" content=\"https:\/\/www.facebook.com\/mondobalneare\" \/>\n<meta property=\"article:published_time\" content=\"2023-05-18T06:53:16+00:00\" \/>\n<meta property=\"article:modified_time\" content=\"2023-05-23T06:50:58+00:00\" \/>\n<meta property=\"og:image\" content=\"https:\/\/www.mondocamping.com\/wp-content\/uploads\/2023\/05\/camping-notizie-1.jpg\" \/>\n\t<meta property=\"og:image:width\" content=\"1000\" \/>\n\t<meta property=\"og:image:height\" content=\"535\" \/>\n\t<meta property=\"og:image:type\" content=\"image\/jpeg\" \/>\n<meta name=\"author\" content=\"Helene Laurent\" \/>\n<meta name=\"twitter:card\" content=\"summary_large_image\" \/>\n<meta name=\"twitter:creator\" content=\"@mondobalneare\" \/>\n<meta name=\"twitter:site\" content=\"@mondobalneare\" \/>\n<meta name=\"twitter:label1\" content=\"\u00c9crit par\" \/>\n\t<meta name=\"twitter:data1\" content=\"Helene Laurent\" \/>\n\t<meta name=\"twitter:label2\" content=\"Dur\u00e9e de lecture estim\u00e9e\" \/>\n\t<meta name=\"twitter:data2\" content=\"2 minutes\" \/>\n<script type=\"application\/ld+json\" class=\"yoast-schema-graph\">{\"@context\":\"https:\\\/\\\/schema.org\",\"@graph\":[{\"@type\":\"Article\",\"@id\":\"https:\\\/\\\/www.mondocamping.com\\\/fr\\\/2600-entreprises-et-plus-de-13-million-dhabitants-cest-la-force-du-secteur-du-plein-air-en-italie\\\/#article\",\"isPartOf\":{\"@id\":\"https:\\\/\\\/www.mondocamping.com\\\/fr\\\/2600-entreprises-et-plus-de-13-million-dhabitants-cest-la-force-du-secteur-du-plein-air-en-italie\\\/\"},\"author\":{\"name\":\"Helene Laurent\",\"@id\":\"https:\\\/\\\/www.mondocamping.com\\\/#\\\/schema\\\/person\\\/eed3ea815a73a3cec3f6176e03072382\"},\"headline\":\"2600 entreprises et plus de 1,3 million d&rsquo;habitants : c&rsquo;est la force du secteur du plein air en Italie.\",\"datePublished\":\"2023-05-18T06:53:16+00:00\",\"dateModified\":\"2023-05-23T06:50:58+00:00\",\"mainEntityOfPage\":{\"@id\":\"https:\\\/\\\/www.mondocamping.com\\\/fr\\\/2600-entreprises-et-plus-de-13-million-dhabitants-cest-la-force-du-secteur-du-plein-air-en-italie\\\/\"},\"wordCount\":411,\"publisher\":{\"@id\":\"https:\\\/\\\/www.mondocamping.com\\\/#organization\"},\"image\":{\"@id\":\"https:\\\/\\\/www.mondocamping.com\\\/fr\\\/2600-entreprises-et-plus-de-13-million-dhabitants-cest-la-force-du-secteur-du-plein-air-en-italie\\\/#primaryimage\"},\"thumbnailUrl\":\"https:\\\/\\\/www.mondocamping.com\\\/wp-content\\\/uploads\\\/2023\\\/05\\\/camping-notizie-1.jpg\",\"keywords\":[\"Alberto Granzotto\",\"camping\",\"Faita Federcamping\",\"FAITA-Federcamping\",\"Human Company\",\"l'Observatoire du tourisme de plein air\",\"THRENDS\",\"Tourisme de plein air\"],\"articleSection\":[\"Actualit\u00e9\"],\"inLanguage\":\"fr-FR\"},{\"@type\":\"WebPage\",\"@id\":\"https:\\\/\\\/www.mondocamping.com\\\/fr\\\/2600-entreprises-et-plus-de-13-million-dhabitants-cest-la-force-du-secteur-du-plein-air-en-italie\\\/\",\"url\":\"https:\\\/\\\/www.mondocamping.com\\\/fr\\\/2600-entreprises-et-plus-de-13-million-dhabitants-cest-la-force-du-secteur-du-plein-air-en-italie\\\/\",\"name\":\"2600 entreprises et plus de 1,3 million d'habitants : c'est la force du secteur du plein air en Italie.\",\"isPartOf\":{\"@id\":\"https:\\\/\\\/www.mondocamping.com\\\/#website\"},\"primaryImageOfPage\":{\"@id\":\"https:\\\/\\\/www.mondocamping.com\\\/fr\\\/2600-entreprises-et-plus-de-13-million-dhabitants-cest-la-force-du-secteur-du-plein-air-en-italie\\\/#primaryimage\"},\"image\":{\"@id\":\"https:\\\/\\\/www.mondocamping.com\\\/fr\\\/2600-entreprises-et-plus-de-13-million-dhabitants-cest-la-force-du-secteur-du-plein-air-en-italie\\\/#primaryimage\"},\"thumbnailUrl\":\"https:\\\/\\\/www.mondocamping.com\\\/wp-content\\\/uploads\\\/2023\\\/05\\\/camping-notizie-1.jpg\",\"datePublished\":\"2023-05-18T06:53:16+00:00\",\"dateModified\":\"2023-05-23T06:50:58+00:00\",\"breadcrumb\":{\"@id\":\"https:\\\/\\\/www.mondocamping.com\\\/fr\\\/2600-entreprises-et-plus-de-13-million-dhabitants-cest-la-force-du-secteur-du-plein-air-en-italie\\\/#breadcrumb\"},\"inLanguage\":\"fr-FR\",\"potentialAction\":[{\"@type\":\"ReadAction\",\"target\":[\"https:\\\/\\\/www.mondocamping.com\\\/fr\\\/2600-entreprises-et-plus-de-13-million-dhabitants-cest-la-force-du-secteur-du-plein-air-en-italie\\\/\"]}]},{\"@type\":\"ImageObject\",\"inLanguage\":\"fr-FR\",\"@id\":\"https:\\\/\\\/www.mondocamping.com\\\/fr\\\/2600-entreprises-et-plus-de-13-million-dhabitants-cest-la-force-du-secteur-du-plein-air-en-italie\\\/#primaryimage\",\"url\":\"https:\\\/\\\/www.mondocamping.com\\\/wp-content\\\/uploads\\\/2023\\\/05\\\/camping-notizie-1.jpg\",\"contentUrl\":\"https:\\\/\\\/www.mondocamping.com\\\/wp-content\\\/uploads\\\/2023\\\/05\\\/camping-notizie-1.jpg\",\"width\":1000,\"height\":535},{\"@type\":\"BreadcrumbList\",\"@id\":\"https:\\\/\\\/www.mondocamping.com\\\/fr\\\/2600-entreprises-et-plus-de-13-million-dhabitants-cest-la-force-du-secteur-du-plein-air-en-italie\\\/#breadcrumb\",\"itemListElement\":[{\"@type\":\"ListItem\",\"position\":1,\"name\":\"Home\",\"item\":\"https:\\\/\\\/www.mondocamping.com\\\/fr\\\/\"},{\"@type\":\"ListItem\",\"position\":2,\"name\":\"2600 entreprises et plus de 1,3 million d&#8217;habitants : c&#8217;est la force du secteur du plein air en Italie.\"}]},{\"@type\":\"WebSite\",\"@id\":\"https:\\\/\\\/www.mondocamping.com\\\/#website\",\"url\":\"https:\\\/\\\/www.mondocamping.com\\\/\",\"name\":\"Mondo Camping\",\"description\":\"Le portail d\u00e9di\u00e9 aux gestionnaires de campings et villages touristiques\",\"publisher\":{\"@id\":\"https:\\\/\\\/www.mondocamping.com\\\/#organization\"},\"potentialAction\":[{\"@type\":\"SearchAction\",\"target\":{\"@type\":\"EntryPoint\",\"urlTemplate\":\"https:\\\/\\\/www.mondocamping.com\\\/?s={search_term_string}\"},\"query-input\":{\"@type\":\"PropertyValueSpecification\",\"valueRequired\":true,\"valueName\":\"search_term_string\"}}],\"inLanguage\":\"fr-FR\"},{\"@type\":\"Organization\",\"@id\":\"https:\\\/\\\/www.mondocamping.com\\\/#organization\",\"name\":\"Mondo Camping\",\"url\":\"https:\\\/\\\/www.mondocamping.com\\\/\",\"logo\":{\"@type\":\"ImageObject\",\"inLanguage\":\"fr-FR\",\"@id\":\"https:\\\/\\\/www.mondocamping.com\\\/#\\\/schema\\\/logo\\\/image\\\/\",\"url\":\"https:\\\/\\\/www.mondocamping.com\\\/wp-content\\\/uploads\\\/2022\\\/04\\\/mondo-camping-logo-contornato-1.png\",\"contentUrl\":\"https:\\\/\\\/www.mondocamping.com\\\/wp-content\\\/uploads\\\/2022\\\/04\\\/mondo-camping-logo-contornato-1.png\",\"width\":280,\"height\":90,\"caption\":\"Mondo Camping\"},\"image\":{\"@id\":\"https:\\\/\\\/www.mondocamping.com\\\/#\\\/schema\\\/logo\\\/image\\\/\"},\"sameAs\":[\"https:\\\/\\\/www.facebook.com\\\/mondobalneare\",\"https:\\\/\\\/x.com\\\/mondobalneare\",\"https:\\\/\\\/www.instagram.com\\\/mondobalneare\\\/\",\"https:\\\/\\\/www.linkedin.com\\\/company\\\/67180810\\\/\",\"https:\\\/\\\/www.youtube.com\\\/user\\\/mondobalnearevideo\"]},{\"@type\":\"Person\",\"@id\":\"https:\\\/\\\/www.mondocamping.com\\\/#\\\/schema\\\/person\\\/eed3ea815a73a3cec3f6176e03072382\",\"name\":\"Helene Laurent\",\"image\":{\"@type\":\"ImageObject\",\"inLanguage\":\"fr-FR\",\"@id\":\"https:\\\/\\\/secure.gravatar.com\\\/avatar\\\/bac70d5cf6bff3519b930133cdbb588b1735215eb294cccae818e7422efb7469?s=96&d=mm&r=g\",\"url\":\"https:\\\/\\\/secure.gravatar.com\\\/avatar\\\/bac70d5cf6bff3519b930133cdbb588b1735215eb294cccae818e7422efb7469?s=96&d=mm&r=g\",\"contentUrl\":\"https:\\\/\\\/secure.gravatar.com\\\/avatar\\\/bac70d5cf6bff3519b930133cdbb588b1735215eb294cccae818e7422efb7469?s=96&d=mm&r=g\",\"caption\":\"Helene Laurent\"}}]}<\/script>\n<!-- \/ Yoast SEO plugin. -->","yoast_head_json":{"title":"2600 entreprises et plus de 1,3 million d'habitants : c'est la force du secteur du plein air en Italie.","robots":{"index":"index","follow":"follow","max-snippet":"max-snippet:-1","max-image-preview":"max-image-preview:large","max-video-preview":"max-video-preview:-1"},"canonical":"https:\/\/www.mondocamping.com\/fr\/2600-entreprises-et-plus-de-13-million-dhabitants-cest-la-force-du-secteur-du-plein-air-en-italie\/","og_locale":"fr_FR","og_type":"article","og_title":"2600 entreprises et plus de 1,3 million d'habitants : c'est la force du secteur du plein air en Italie.","og_description":"Le tourisme de plein air en Italie conna\u00eet une augmentation significative. Selon l&rsquo;Observatoire du tourisme de plein air, promu par Human Company en collaboration avec THRENDS, une saison estivale record est attendue, avec une pr\u00e9vision de 56,6 millions de pr\u00e9sences en juin, juillet, ao\u00fbt et septembre. Ce chiffre montre une augmentation de 2 % par [&hellip;]","og_url":"https:\/\/www.mondocamping.com\/fr\/2600-entreprises-et-plus-de-13-million-dhabitants-cest-la-force-du-secteur-du-plein-air-en-italie\/","og_site_name":"Mondo Camping","article_publisher":"https:\/\/www.facebook.com\/mondobalneare","article_published_time":"2023-05-18T06:53:16+00:00","article_modified_time":"2023-05-23T06:50:58+00:00","og_image":[{"width":1000,"height":535,"url":"https:\/\/www.mondocamping.com\/wp-content\/uploads\/2023\/05\/camping-notizie-1.jpg","type":"image\/jpeg"}],"author":"Helene Laurent","twitter_card":"summary_large_image","twitter_creator":"@mondobalneare","twitter_site":"@mondobalneare","twitter_misc":{"\u00c9crit par":"Helene Laurent","Dur\u00e9e de lecture estim\u00e9e":"2 minutes"},"schema":{"@context":"https:\/\/schema.org","@graph":[{"@type":"Article","@id":"https:\/\/www.mondocamping.com\/fr\/2600-entreprises-et-plus-de-13-million-dhabitants-cest-la-force-du-secteur-du-plein-air-en-italie\/#article","isPartOf":{"@id":"https:\/\/www.mondocamping.com\/fr\/2600-entreprises-et-plus-de-13-million-dhabitants-cest-la-force-du-secteur-du-plein-air-en-italie\/"},"author":{"name":"Helene Laurent","@id":"https:\/\/www.mondocamping.com\/#\/schema\/person\/eed3ea815a73a3cec3f6176e03072382"},"headline":"2600 entreprises et plus de 1,3 million d&rsquo;habitants : c&rsquo;est la force du secteur du plein air en Italie.","datePublished":"2023-05-18T06:53:16+00:00","dateModified":"2023-05-23T06:50:58+00:00","mainEntityOfPage":{"@id":"https:\/\/www.mondocamping.com\/fr\/2600-entreprises-et-plus-de-13-million-dhabitants-cest-la-force-du-secteur-du-plein-air-en-italie\/"},"wordCount":411,"publisher":{"@id":"https:\/\/www.mondocamping.com\/#organization"},"image":{"@id":"https:\/\/www.mondocamping.com\/fr\/2600-entreprises-et-plus-de-13-million-dhabitants-cest-la-force-du-secteur-du-plein-air-en-italie\/#primaryimage"},"thumbnailUrl":"https:\/\/www.mondocamping.com\/wp-content\/uploads\/2023\/05\/camping-notizie-1.jpg","keywords":["Alberto Granzotto","camping","Faita Federcamping","FAITA-Federcamping","Human Company","l'Observatoire du tourisme de plein air","THRENDS","Tourisme de plein air"],"articleSection":["Actualit\u00e9"],"inLanguage":"fr-FR"},{"@type":"WebPage","@id":"https:\/\/www.mondocamping.com\/fr\/2600-entreprises-et-plus-de-13-million-dhabitants-cest-la-force-du-secteur-du-plein-air-en-italie\/","url":"https:\/\/www.mondocamping.com\/fr\/2600-entreprises-et-plus-de-13-million-dhabitants-cest-la-force-du-secteur-du-plein-air-en-italie\/","name":"2600 entreprises et plus de 1,3 million d'habitants : c'est la force du secteur du plein air en Italie.","isPartOf":{"@id":"https:\/\/www.mondocamping.com\/#website"},"primaryImageOfPage":{"@id":"https:\/\/www.mondocamping.com\/fr\/2600-entreprises-et-plus-de-13-million-dhabitants-cest-la-force-du-secteur-du-plein-air-en-italie\/#primaryimage"},"image":{"@id":"https:\/\/www.mondocamping.com\/fr\/2600-entreprises-et-plus-de-13-million-dhabitants-cest-la-force-du-secteur-du-plein-air-en-italie\/#primaryimage"},"thumbnailUrl":"https:\/\/www.mondocamping.com\/wp-content\/uploads\/2023\/05\/camping-notizie-1.jpg","datePublished":"2023-05-18T06:53:16+00:00","dateModified":"2023-05-23T06:50:58+00:00","breadcrumb":{"@id":"https:\/\/www.mondocamping.com\/fr\/2600-entreprises-et-plus-de-13-million-dhabitants-cest-la-force-du-secteur-du-plein-air-en-italie\/#breadcrumb"},"inLanguage":"fr-FR","potentialAction":[{"@type":"ReadAction","target":["https:\/\/www.mondocamping.com\/fr\/2600-entreprises-et-plus-de-13-million-dhabitants-cest-la-force-du-secteur-du-plein-air-en-italie\/"]}]},{"@type":"ImageObject","inLanguage":"fr-FR","@id":"https:\/\/www.mondocamping.com\/fr\/2600-entreprises-et-plus-de-13-million-dhabitants-cest-la-force-du-secteur-du-plein-air-en-italie\/#primaryimage","url":"https:\/\/www.mondocamping.com\/wp-content\/uploads\/2023\/05\/camping-notizie-1.jpg","contentUrl":"https:\/\/www.mondocamping.com\/wp-content\/uploads\/2023\/05\/camping-notizie-1.jpg","width":1000,"height":535},{"@type":"BreadcrumbList","@id":"https:\/\/www.mondocamping.com\/fr\/2600-entreprises-et-plus-de-13-million-dhabitants-cest-la-force-du-secteur-du-plein-air-en-italie\/#breadcrumb","itemListElement":[{"@type":"ListItem","position":1,"name":"Home","item":"https:\/\/www.mondocamping.com\/fr\/"},{"@type":"ListItem","position":2,"name":"2600 entreprises et plus de 1,3 million d&#8217;habitants : c&#8217;est la force du secteur du plein air en Italie."}]},{"@type":"WebSite","@id":"https:\/\/www.mondocamping.com\/#website","url":"https:\/\/www.mondocamping.com\/","name":"Mondo Camping","description":"Le portail d\u00e9di\u00e9 aux gestionnaires de campings et villages touristiques","publisher":{"@id":"https:\/\/www.mondocamping.com\/#organization"},"potentialAction":[{"@type":"SearchAction","target":{"@type":"EntryPoint","urlTemplate":"https:\/\/www.mondocamping.com\/?s={search_term_string}"},"query-input":{"@type":"PropertyValueSpecification","valueRequired":true,"valueName":"search_term_string"}}],"inLanguage":"fr-FR"},{"@type":"Organization","@id":"https:\/\/www.mondocamping.com\/#organization","name":"Mondo Camping","url":"https:\/\/www.mondocamping.com\/","logo":{"@type":"ImageObject","inLanguage":"fr-FR","@id":"https:\/\/www.mondocamping.com\/#\/schema\/logo\/image\/","url":"https:\/\/www.mondocamping.com\/wp-content\/uploads\/2022\/04\/mondo-camping-logo-contornato-1.png","contentUrl":"https:\/\/www.mondocamping.com\/wp-content\/uploads\/2022\/04\/mondo-camping-logo-contornato-1.png","width":280,"height":90,"caption":"Mondo Camping"},"image":{"@id":"https:\/\/www.mondocamping.com\/#\/schema\/logo\/image\/"},"sameAs":["https:\/\/www.facebook.com\/mondobalneare","https:\/\/x.com\/mondobalneare","https:\/\/www.instagram.com\/mondobalneare\/","https:\/\/www.linkedin.com\/company\/67180810\/","https:\/\/www.youtube.com\/user\/mondobalnearevideo"]},{"@type":"Person","@id":"https:\/\/www.mondocamping.com\/#\/schema\/person\/eed3ea815a73a3cec3f6176e03072382","name":"Helene Laurent","image":{"@type":"ImageObject","inLanguage":"fr-FR","@id":"https:\/\/secure.gravatar.com\/avatar\/bac70d5cf6bff3519b930133cdbb588b1735215eb294cccae818e7422efb7469?s=96&d=mm&r=g","url":"https:\/\/secure.gravatar.com\/avatar\/bac70d5cf6bff3519b930133cdbb588b1735215eb294cccae818e7422efb7469?s=96&d=mm&r=g","contentUrl":"https:\/\/secure.gravatar.com\/avatar\/bac70d5cf6bff3519b930133cdbb588b1735215eb294cccae818e7422efb7469?s=96&d=mm&r=g","caption":"Helene Laurent"}}]}},"_links":{"self":[{"href":"https:\/\/www.mondocamping.com\/fr\/wp-json\/wp\/v2\/posts\/163366","targetHints":{"allow":["GET"]}}],"collection":[{"href":"https:\/\/www.mondocamping.com\/fr\/wp-json\/wp\/v2\/posts"}],"about":[{"href":"https:\/\/www.mondocamping.com\/fr\/wp-json\/wp\/v2\/types\/post"}],"author":[{"embeddable":true,"href":"https:\/\/www.mondocamping.com\/fr\/wp-json\/wp\/v2\/users\/173"}],"replies":[{"embeddable":true,"href":"https:\/\/www.mondocamping.com\/fr\/wp-json\/wp\/v2\/comments?post=163366"}],"version-history":[{"count":1,"href":"https:\/\/www.mondocamping.com\/fr\/wp-json\/wp\/v2\/posts\/163366\/revisions"}],"predecessor-version":[{"id":163367,"href":"https:\/\/www.mondocamping.com\/fr\/wp-json\/wp\/v2\/posts\/163366\/revisions\/163367"}],"wp:featuredmedia":[{"embeddable":true,"href":"https:\/\/www.mondocamping.com\/fr\/wp-json\/wp\/v2\/media\/163255"}],"wp:attachment":[{"href":"https:\/\/www.mondocamping.com\/fr\/wp-json\/wp\/v2\/media?parent=163366"}],"wp:term":[{"taxonomy":"category","embeddable":true,"href":"https:\/\/www.mondocamping.com\/fr\/wp-json\/wp\/v2\/categories?post=163366"},{"taxonomy":"post_tag","embeddable":true,"href":"https:\/\/www.mondocamping.com\/fr\/wp-json\/wp\/v2\/tags?post=163366"}],"curies":[{"name":"wp","href":"https:\/\/api.w.org\/{rel}","templated":true}]}}