{"id":163387,"date":"2023-05-20T00:57:49","date_gmt":"2023-05-19T22:57:49","guid":{"rendered":"https:\/\/www.mondocamping.com\/poteaux-en-iroko-a-prix-abordable-pour-gazebos-et-verandas\/"},"modified":"2024-02-12T16:39:00","modified_gmt":"2024-02-12T15:39:00","slug":"poteaux-en-iroko-a-prix-abordable-pour-gazebos-et-verandas","status":"publish","type":"post","link":"https:\/\/www.mondocamping.com\/fr\/poteaux-en-iroko-a-prix-abordable-pour-gazebos-et-verandas\/","title":{"rendered":"Poteaux en iroko \u00e0 prix abordable pour gazebos et v\u00e9randas"},"content":{"rendered":"\n<p>Pour la prochaine saison estivale, My Tuscan Wood &#8211; entreprise toscane sp\u00e9cialis\u00e9e dans le bois de qualit\u00e9 pour le mobilier d&rsquo;ext\u00e9rieur &#8211; propose une grande nouveaut\u00e9 : des poteaux en bois d&rsquo;iroko robuste pour les gazebos et les v\u00e9randas des campings.<\/p>\n\n<p>L&rsquo;iroko est un bois particuli\u00e8rement dur, de couleur jaune-brun, issu des for\u00eats africaines et largement utilis\u00e9 dans le mobilier d&rsquo;ext\u00e9rieur en raison de sa durabilit\u00e9 garantie plus de vingt ans.<\/p>\n\n<p>My Tuscan Wood propose des poteaux en iroko de 75 x 75 mm et de 3 m\u00e8tres de long, \u00e0 un prix tr\u00e8s abordable et avec la possibilit\u00e9 de les avoir ronds au lieu de carr\u00e9s.<\/p>\n\n<p>Pour plus d&rsquo;information, <a href=\"https:\/\/www.mondocamping.com\/fr\/fornitori\/my-tuscan-wood\/\">contacter My Tuscan Wood &gt;<\/a><\/p>\n","protected":false},"excerpt":{"rendered":"<p>Pour la prochaine saison estivale, My Tuscan Wood &#8211; entreprise toscane sp\u00e9cialis\u00e9e dans le bois de qualit\u00e9 pour le mobilier d&rsquo;ext\u00e9rieur &#8211; propose une grande nouveaut\u00e9 : des poteaux en bois d&rsquo;iroko robuste pour les gazebos et les v\u00e9randas des campings. L&rsquo;iroko est un bois particuli\u00e8rement dur, de couleur jaune-brun, issu des for\u00eats africaines et [&hellip;]<\/p>\n","protected":false},"author":122,"featured_media":163383,"comment_status":"closed","ping_status":"closed","sticky":false,"template":"","format":"standard","meta":{"_acf_changed":false,"_monsterinsights_skip_tracking":false,"_monsterinsights_sitenote_active":false,"_monsterinsights_sitenote_note":"","_monsterinsights_sitenote_category":0,"footnotes":""},"categories":[4022],"tags":[],"class_list":["post-163387","post","type-post","status-publish","format-standard","has-post-thumbnail","hentry","category-editoriaux"],"acf":[],"yoast_head":"<!-- This site is optimized with the Yoast SEO plugin v27.5 - https:\/\/yoast.com\/product\/yoast-seo-wordpress\/ -->\n<title>Poteaux en iroko \u00e0 prix abordable pour gazebos et v\u00e9randas<\/title>\n<meta name=\"robots\" content=\"index, follow, max-snippet:-1, max-image-preview:large, max-video-preview:-1\" \/>\n<link rel=\"canonical\" href=\"https:\/\/www.mondocamping.com\/fr\/poteaux-en-iroko-a-prix-abordable-pour-gazebos-et-verandas\/\" \/>\n<meta property=\"og:locale\" content=\"fr_FR\" \/>\n<meta property=\"og:type\" content=\"article\" \/>\n<meta property=\"og:title\" content=\"Poteaux en iroko \u00e0 prix abordable pour gazebos et v\u00e9randas\" \/>\n<meta property=\"og:description\" content=\"Pour la prochaine saison estivale, My Tuscan Wood &#8211; entreprise toscane sp\u00e9cialis\u00e9e dans le bois de qualit\u00e9 pour le mobilier d&rsquo;ext\u00e9rieur &#8211; propose une grande nouveaut\u00e9 : des poteaux en bois d&rsquo;iroko robuste pour les gazebos et les v\u00e9randas des campings. L&rsquo;iroko est un bois particuli\u00e8rement dur, de couleur jaune-brun, issu des for\u00eats africaines et [&hellip;]\" \/>\n<meta property=\"og:url\" content=\"https:\/\/www.mondocamping.com\/fr\/poteaux-en-iroko-a-prix-abordable-pour-gazebos-et-verandas\/\" \/>\n<meta property=\"og:site_name\" content=\"Mondo Camping\" \/>\n<meta property=\"article:publisher\" content=\"https:\/\/www.facebook.com\/mondobalneare\" \/>\n<meta property=\"article:published_time\" content=\"2023-05-19T22:57:49+00:00\" \/>\n<meta property=\"article:modified_time\" content=\"2024-02-12T15:39:00+00:00\" \/>\n<meta property=\"og:image\" content=\"https:\/\/www.mondocamping.com\/wp-content\/uploads\/2023\/05\/pali-iroko.jpg\" \/>\n\t<meta property=\"og:image:width\" content=\"1000\" \/>\n\t<meta property=\"og:image:height\" content=\"535\" \/>\n\t<meta property=\"og:image:type\" content=\"image\/jpeg\" \/>\n<meta name=\"author\" content=\"My Tuscan Wood\" \/>\n<meta name=\"twitter:card\" content=\"summary_large_image\" \/>\n<meta name=\"twitter:creator\" content=\"@mondobalneare\" \/>\n<meta name=\"twitter:site\" content=\"@mondobalneare\" \/>\n<meta name=\"twitter:label1\" content=\"\u00c9crit par\" \/>\n\t<meta name=\"twitter:data1\" content=\"My Tuscan Wood\" \/>\n\t<meta name=\"twitter:label2\" content=\"Dur\u00e9e de lecture estim\u00e9e\" \/>\n\t<meta name=\"twitter:data2\" content=\"1 minute\" \/>\n<script type=\"application\/ld+json\" class=\"yoast-schema-graph\">{\"@context\":\"https:\\\/\\\/schema.org\",\"@graph\":[{\"@type\":\"Article\",\"@id\":\"https:\\\/\\\/www.mondocamping.com\\\/fr\\\/poteaux-en-iroko-a-prix-abordable-pour-gazebos-et-verandas\\\/#article\",\"isPartOf\":{\"@id\":\"https:\\\/\\\/www.mondocamping.com\\\/fr\\\/poteaux-en-iroko-a-prix-abordable-pour-gazebos-et-verandas\\\/\"},\"author\":{\"name\":\"My Tuscan Wood\",\"@id\":\"https:\\\/\\\/www.mondocamping.com\\\/#\\\/schema\\\/person\\\/96a95dac0dbcbdd33d37325bc2b3bc5a\"},\"headline\":\"Poteaux en iroko \u00e0 prix abordable pour gazebos et v\u00e9randas\",\"datePublished\":\"2023-05-19T22:57:49+00:00\",\"dateModified\":\"2024-02-12T15:39:00+00:00\",\"mainEntityOfPage\":{\"@id\":\"https:\\\/\\\/www.mondocamping.com\\\/fr\\\/poteaux-en-iroko-a-prix-abordable-pour-gazebos-et-verandas\\\/\"},\"wordCount\":135,\"publisher\":{\"@id\":\"https:\\\/\\\/www.mondocamping.com\\\/#organization\"},\"image\":{\"@id\":\"https:\\\/\\\/www.mondocamping.com\\\/fr\\\/poteaux-en-iroko-a-prix-abordable-pour-gazebos-et-verandas\\\/#primaryimage\"},\"thumbnailUrl\":\"https:\\\/\\\/www.mondocamping.com\\\/wp-content\\\/uploads\\\/2023\\\/05\\\/pali-iroko.jpg\",\"articleSection\":[\"\u00c9ditoriaux\"],\"inLanguage\":\"fr-FR\"},{\"@type\":\"WebPage\",\"@id\":\"https:\\\/\\\/www.mondocamping.com\\\/fr\\\/poteaux-en-iroko-a-prix-abordable-pour-gazebos-et-verandas\\\/\",\"url\":\"https:\\\/\\\/www.mondocamping.com\\\/fr\\\/poteaux-en-iroko-a-prix-abordable-pour-gazebos-et-verandas\\\/\",\"name\":\"Poteaux en iroko \u00e0 prix abordable pour gazebos et v\u00e9randas\",\"isPartOf\":{\"@id\":\"https:\\\/\\\/www.mondocamping.com\\\/#website\"},\"primaryImageOfPage\":{\"@id\":\"https:\\\/\\\/www.mondocamping.com\\\/fr\\\/poteaux-en-iroko-a-prix-abordable-pour-gazebos-et-verandas\\\/#primaryimage\"},\"image\":{\"@id\":\"https:\\\/\\\/www.mondocamping.com\\\/fr\\\/poteaux-en-iroko-a-prix-abordable-pour-gazebos-et-verandas\\\/#primaryimage\"},\"thumbnailUrl\":\"https:\\\/\\\/www.mondocamping.com\\\/wp-content\\\/uploads\\\/2023\\\/05\\\/pali-iroko.jpg\",\"datePublished\":\"2023-05-19T22:57:49+00:00\",\"dateModified\":\"2024-02-12T15:39:00+00:00\",\"breadcrumb\":{\"@id\":\"https:\\\/\\\/www.mondocamping.com\\\/fr\\\/poteaux-en-iroko-a-prix-abordable-pour-gazebos-et-verandas\\\/#breadcrumb\"},\"inLanguage\":\"fr-FR\",\"potentialAction\":[{\"@type\":\"ReadAction\",\"target\":[\"https:\\\/\\\/www.mondocamping.com\\\/fr\\\/poteaux-en-iroko-a-prix-abordable-pour-gazebos-et-verandas\\\/\"]}]},{\"@type\":\"ImageObject\",\"inLanguage\":\"fr-FR\",\"@id\":\"https:\\\/\\\/www.mondocamping.com\\\/fr\\\/poteaux-en-iroko-a-prix-abordable-pour-gazebos-et-verandas\\\/#primaryimage\",\"url\":\"https:\\\/\\\/www.mondocamping.com\\\/wp-content\\\/uploads\\\/2023\\\/05\\\/pali-iroko.jpg\",\"contentUrl\":\"https:\\\/\\\/www.mondocamping.com\\\/wp-content\\\/uploads\\\/2023\\\/05\\\/pali-iroko.jpg\",\"width\":1000,\"height\":535},{\"@type\":\"BreadcrumbList\",\"@id\":\"https:\\\/\\\/www.mondocamping.com\\\/fr\\\/poteaux-en-iroko-a-prix-abordable-pour-gazebos-et-verandas\\\/#breadcrumb\",\"itemListElement\":[{\"@type\":\"ListItem\",\"position\":1,\"name\":\"Home\",\"item\":\"https:\\\/\\\/www.mondocamping.com\\\/fr\\\/\"},{\"@type\":\"ListItem\",\"position\":2,\"name\":\"Poteaux en iroko \u00e0 prix abordable pour gazebos et v\u00e9randas\"}]},{\"@type\":\"WebSite\",\"@id\":\"https:\\\/\\\/www.mondocamping.com\\\/#website\",\"url\":\"https:\\\/\\\/www.mondocamping.com\\\/\",\"name\":\"Mondo Camping\",\"description\":\"Le portail d\u00e9di\u00e9 aux gestionnaires de campings et villages touristiques\",\"publisher\":{\"@id\":\"https:\\\/\\\/www.mondocamping.com\\\/#organization\"},\"potentialAction\":[{\"@type\":\"SearchAction\",\"target\":{\"@type\":\"EntryPoint\",\"urlTemplate\":\"https:\\\/\\\/www.mondocamping.com\\\/?s={search_term_string}\"},\"query-input\":{\"@type\":\"PropertyValueSpecification\",\"valueRequired\":true,\"valueName\":\"search_term_string\"}}],\"inLanguage\":\"fr-FR\"},{\"@type\":\"Organization\",\"@id\":\"https:\\\/\\\/www.mondocamping.com\\\/#organization\",\"name\":\"Mondo Camping\",\"url\":\"https:\\\/\\\/www.mondocamping.com\\\/\",\"logo\":{\"@type\":\"ImageObject\",\"inLanguage\":\"fr-FR\",\"@id\":\"https:\\\/\\\/www.mondocamping.com\\\/#\\\/schema\\\/logo\\\/image\\\/\",\"url\":\"https:\\\/\\\/www.mondocamping.com\\\/wp-content\\\/uploads\\\/2022\\\/04\\\/mondo-camping-logo-contornato-1.png\",\"contentUrl\":\"https:\\\/\\\/www.mondocamping.com\\\/wp-content\\\/uploads\\\/2022\\\/04\\\/mondo-camping-logo-contornato-1.png\",\"width\":280,\"height\":90,\"caption\":\"Mondo Camping\"},\"image\":{\"@id\":\"https:\\\/\\\/www.mondocamping.com\\\/#\\\/schema\\\/logo\\\/image\\\/\"},\"sameAs\":[\"https:\\\/\\\/www.facebook.com\\\/mondobalneare\",\"https:\\\/\\\/x.com\\\/mondobalneare\",\"https:\\\/\\\/www.instagram.com\\\/mondobalneare\\\/\",\"https:\\\/\\\/www.linkedin.com\\\/company\\\/67180810\\\/\",\"https:\\\/\\\/www.youtube.com\\\/user\\\/mondobalnearevideo\"]},{\"@type\":\"Person\",\"@id\":\"https:\\\/\\\/www.mondocamping.com\\\/#\\\/schema\\\/person\\\/96a95dac0dbcbdd33d37325bc2b3bc5a\",\"name\":\"My Tuscan Wood\",\"image\":{\"@type\":\"ImageObject\",\"inLanguage\":\"fr-FR\",\"@id\":\"https:\\\/\\\/www.mondocamping.com\\\/wp-content\\\/uploads\\\/2020\\\/11\\\/MyTuscanWood-logo-100x100.png\",\"url\":\"https:\\\/\\\/www.mondocamping.com\\\/wp-content\\\/uploads\\\/2020\\\/11\\\/MyTuscanWood-logo-100x100.png\",\"contentUrl\":\"https:\\\/\\\/www.mondocamping.com\\\/wp-content\\\/uploads\\\/2020\\\/11\\\/MyTuscanWood-logo-100x100.png\",\"caption\":\"My Tuscan Wood\"},\"description\":\"My Tuscan Wood produce strutture e pavimenti in legno per esterni, con tutta la passione toscana per il legno. Per maggiori informazioni: tel. 0586 509 961\"}]}<\/script>\n<!-- \/ Yoast SEO plugin. -->","yoast_head_json":{"title":"Poteaux en iroko \u00e0 prix abordable pour gazebos et v\u00e9randas","robots":{"index":"index","follow":"follow","max-snippet":"max-snippet:-1","max-image-preview":"max-image-preview:large","max-video-preview":"max-video-preview:-1"},"canonical":"https:\/\/www.mondocamping.com\/fr\/poteaux-en-iroko-a-prix-abordable-pour-gazebos-et-verandas\/","og_locale":"fr_FR","og_type":"article","og_title":"Poteaux en iroko \u00e0 prix abordable pour gazebos et v\u00e9randas","og_description":"Pour la prochaine saison estivale, My Tuscan Wood &#8211; entreprise toscane sp\u00e9cialis\u00e9e dans le bois de qualit\u00e9 pour le mobilier d&rsquo;ext\u00e9rieur &#8211; propose une grande nouveaut\u00e9 : des poteaux en bois d&rsquo;iroko robuste pour les gazebos et les v\u00e9randas des campings. L&rsquo;iroko est un bois particuli\u00e8rement dur, de couleur jaune-brun, issu des for\u00eats africaines et [&hellip;]","og_url":"https:\/\/www.mondocamping.com\/fr\/poteaux-en-iroko-a-prix-abordable-pour-gazebos-et-verandas\/","og_site_name":"Mondo Camping","article_publisher":"https:\/\/www.facebook.com\/mondobalneare","article_published_time":"2023-05-19T22:57:49+00:00","article_modified_time":"2024-02-12T15:39:00+00:00","og_image":[{"width":1000,"height":535,"url":"https:\/\/www.mondocamping.com\/wp-content\/uploads\/2023\/05\/pali-iroko.jpg","type":"image\/jpeg"}],"author":"My Tuscan Wood","twitter_card":"summary_large_image","twitter_creator":"@mondobalneare","twitter_site":"@mondobalneare","twitter_misc":{"\u00c9crit par":"My Tuscan Wood","Dur\u00e9e de lecture estim\u00e9e":"1 minute"},"schema":{"@context":"https:\/\/schema.org","@graph":[{"@type":"Article","@id":"https:\/\/www.mondocamping.com\/fr\/poteaux-en-iroko-a-prix-abordable-pour-gazebos-et-verandas\/#article","isPartOf":{"@id":"https:\/\/www.mondocamping.com\/fr\/poteaux-en-iroko-a-prix-abordable-pour-gazebos-et-verandas\/"},"author":{"name":"My Tuscan Wood","@id":"https:\/\/www.mondocamping.com\/#\/schema\/person\/96a95dac0dbcbdd33d37325bc2b3bc5a"},"headline":"Poteaux en iroko \u00e0 prix abordable pour gazebos et v\u00e9randas","datePublished":"2023-05-19T22:57:49+00:00","dateModified":"2024-02-12T15:39:00+00:00","mainEntityOfPage":{"@id":"https:\/\/www.mondocamping.com\/fr\/poteaux-en-iroko-a-prix-abordable-pour-gazebos-et-verandas\/"},"wordCount":135,"publisher":{"@id":"https:\/\/www.mondocamping.com\/#organization"},"image":{"@id":"https:\/\/www.mondocamping.com\/fr\/poteaux-en-iroko-a-prix-abordable-pour-gazebos-et-verandas\/#primaryimage"},"thumbnailUrl":"https:\/\/www.mondocamping.com\/wp-content\/uploads\/2023\/05\/pali-iroko.jpg","articleSection":["\u00c9ditoriaux"],"inLanguage":"fr-FR"},{"@type":"WebPage","@id":"https:\/\/www.mondocamping.com\/fr\/poteaux-en-iroko-a-prix-abordable-pour-gazebos-et-verandas\/","url":"https:\/\/www.mondocamping.com\/fr\/poteaux-en-iroko-a-prix-abordable-pour-gazebos-et-verandas\/","name":"Poteaux en iroko \u00e0 prix abordable pour gazebos et v\u00e9randas","isPartOf":{"@id":"https:\/\/www.mondocamping.com\/#website"},"primaryImageOfPage":{"@id":"https:\/\/www.mondocamping.com\/fr\/poteaux-en-iroko-a-prix-abordable-pour-gazebos-et-verandas\/#primaryimage"},"image":{"@id":"https:\/\/www.mondocamping.com\/fr\/poteaux-en-iroko-a-prix-abordable-pour-gazebos-et-verandas\/#primaryimage"},"thumbnailUrl":"https:\/\/www.mondocamping.com\/wp-content\/uploads\/2023\/05\/pali-iroko.jpg","datePublished":"2023-05-19T22:57:49+00:00","dateModified":"2024-02-12T15:39:00+00:00","breadcrumb":{"@id":"https:\/\/www.mondocamping.com\/fr\/poteaux-en-iroko-a-prix-abordable-pour-gazebos-et-verandas\/#breadcrumb"},"inLanguage":"fr-FR","potentialAction":[{"@type":"ReadAction","target":["https:\/\/www.mondocamping.com\/fr\/poteaux-en-iroko-a-prix-abordable-pour-gazebos-et-verandas\/"]}]},{"@type":"ImageObject","inLanguage":"fr-FR","@id":"https:\/\/www.mondocamping.com\/fr\/poteaux-en-iroko-a-prix-abordable-pour-gazebos-et-verandas\/#primaryimage","url":"https:\/\/www.mondocamping.com\/wp-content\/uploads\/2023\/05\/pali-iroko.jpg","contentUrl":"https:\/\/www.mondocamping.com\/wp-content\/uploads\/2023\/05\/pali-iroko.jpg","width":1000,"height":535},{"@type":"BreadcrumbList","@id":"https:\/\/www.mondocamping.com\/fr\/poteaux-en-iroko-a-prix-abordable-pour-gazebos-et-verandas\/#breadcrumb","itemListElement":[{"@type":"ListItem","position":1,"name":"Home","item":"https:\/\/www.mondocamping.com\/fr\/"},{"@type":"ListItem","position":2,"name":"Poteaux en iroko \u00e0 prix abordable pour gazebos et v\u00e9randas"}]},{"@type":"WebSite","@id":"https:\/\/www.mondocamping.com\/#website","url":"https:\/\/www.mondocamping.com\/","name":"Mondo Camping","description":"Le portail d\u00e9di\u00e9 aux gestionnaires de campings et villages touristiques","publisher":{"@id":"https:\/\/www.mondocamping.com\/#organization"},"potentialAction":[{"@type":"SearchAction","target":{"@type":"EntryPoint","urlTemplate":"https:\/\/www.mondocamping.com\/?s={search_term_string}"},"query-input":{"@type":"PropertyValueSpecification","valueRequired":true,"valueName":"search_term_string"}}],"inLanguage":"fr-FR"},{"@type":"Organization","@id":"https:\/\/www.mondocamping.com\/#organization","name":"Mondo Camping","url":"https:\/\/www.mondocamping.com\/","logo":{"@type":"ImageObject","inLanguage":"fr-FR","@id":"https:\/\/www.mondocamping.com\/#\/schema\/logo\/image\/","url":"https:\/\/www.mondocamping.com\/wp-content\/uploads\/2022\/04\/mondo-camping-logo-contornato-1.png","contentUrl":"https:\/\/www.mondocamping.com\/wp-content\/uploads\/2022\/04\/mondo-camping-logo-contornato-1.png","width":280,"height":90,"caption":"Mondo Camping"},"image":{"@id":"https:\/\/www.mondocamping.com\/#\/schema\/logo\/image\/"},"sameAs":["https:\/\/www.facebook.com\/mondobalneare","https:\/\/x.com\/mondobalneare","https:\/\/www.instagram.com\/mondobalneare\/","https:\/\/www.linkedin.com\/company\/67180810\/","https:\/\/www.youtube.com\/user\/mondobalnearevideo"]},{"@type":"Person","@id":"https:\/\/www.mondocamping.com\/#\/schema\/person\/96a95dac0dbcbdd33d37325bc2b3bc5a","name":"My Tuscan Wood","image":{"@type":"ImageObject","inLanguage":"fr-FR","@id":"https:\/\/www.mondocamping.com\/wp-content\/uploads\/2020\/11\/MyTuscanWood-logo-100x100.png","url":"https:\/\/www.mondocamping.com\/wp-content\/uploads\/2020\/11\/MyTuscanWood-logo-100x100.png","contentUrl":"https:\/\/www.mondocamping.com\/wp-content\/uploads\/2020\/11\/MyTuscanWood-logo-100x100.png","caption":"My Tuscan Wood"},"description":"My Tuscan Wood produce strutture e pavimenti in legno per esterni, con tutta la passione toscana per il legno. Per maggiori informazioni: tel. 0586 509 961"}]}},"_links":{"self":[{"href":"https:\/\/www.mondocamping.com\/fr\/wp-json\/wp\/v2\/posts\/163387","targetHints":{"allow":["GET"]}}],"collection":[{"href":"https:\/\/www.mondocamping.com\/fr\/wp-json\/wp\/v2\/posts"}],"about":[{"href":"https:\/\/www.mondocamping.com\/fr\/wp-json\/wp\/v2\/types\/post"}],"author":[{"embeddable":true,"href":"https:\/\/www.mondocamping.com\/fr\/wp-json\/wp\/v2\/users\/122"}],"replies":[{"embeddable":true,"href":"https:\/\/www.mondocamping.com\/fr\/wp-json\/wp\/v2\/comments?post=163387"}],"version-history":[{"count":1,"href":"https:\/\/www.mondocamping.com\/fr\/wp-json\/wp\/v2\/posts\/163387\/revisions"}],"predecessor-version":[{"id":163388,"href":"https:\/\/www.mondocamping.com\/fr\/wp-json\/wp\/v2\/posts\/163387\/revisions\/163388"}],"wp:featuredmedia":[{"embeddable":true,"href":"https:\/\/www.mondocamping.com\/fr\/wp-json\/wp\/v2\/media\/163383"}],"wp:attachment":[{"href":"https:\/\/www.mondocamping.com\/fr\/wp-json\/wp\/v2\/media?parent=163387"}],"wp:term":[{"taxonomy":"category","embeddable":true,"href":"https:\/\/www.mondocamping.com\/fr\/wp-json\/wp\/v2\/categories?post=163387"},{"taxonomy":"post_tag","embeddable":true,"href":"https:\/\/www.mondocamping.com\/fr\/wp-json\/wp\/v2\/tags?post=163387"}],"curies":[{"name":"wp","href":"https:\/\/api.w.org\/{rel}","templated":true}]}}