{"id":163412,"date":"2023-05-22T22:07:17","date_gmt":"2023-05-22T20:07:17","guid":{"rendered":"https:\/\/www.mondocamping.com\/le-club-del-sole-a-un-nouveau-plan-dexpansion\/"},"modified":"2023-05-23T08:32:16","modified_gmt":"2023-05-23T06:32:16","slug":"le-club-del-sole-a-un-nouveau-plan-dexpansion","status":"publish","type":"post","link":"https:\/\/www.mondocamping.com\/fr\/le-club-del-sole-a-un-nouveau-plan-dexpansion\/","title":{"rendered":"Le Club del Sole a un nouveau plan d&rsquo;expansion"},"content":{"rendered":"\n<p>Le <strong>Club del Sole<\/strong> poursuit sa croissance r\u00e9guli\u00e8re vers ses objectifs ambitieux de <strong>d\u00e9passer les 100 millions d&rsquo;euros de chiffre d&rsquo;affaires en 2023<\/strong> et d&rsquo;atteindre les 3,5 millions d&rsquo;entr\u00e9es. Malgr\u00e9 les efforts n\u00e9cessaires, les chiffres semblent soutenir l&rsquo;op\u00e9rateur italien, fond\u00e9 dans les ann\u00e9es 1970 et toujours dirig\u00e9 par le pr\u00e9sident <strong>Riccardo Giondi<\/strong>, flanqu\u00e9 du directeur g\u00e9n\u00e9ral <strong>Francesco Giondi<\/strong> et du directeur g\u00e9n\u00e9ral <strong>Angelo Cartelli<\/strong>.<\/p>\n\n<p>Le pr\u00e9sident commente qu&rsquo;en 2022, <strong>le chiffre d&rsquo;affaires a augment\u00e9 de 51 %<\/strong> par rapport \u00e0 2019, approchant les 3 millions d&rsquo;entr\u00e9es. Cette ann\u00e9e, gr\u00e2ce \u00e0 la poursuite des investissements, qui s&rsquo;\u00e9l\u00e8vent \u00e0 30 millions d&rsquo;euros par an et passeront \u00e0 35 millions d&rsquo;euros en 2023, <strong>le Club del Sole s&rsquo;appr\u00eate \u00e0 faire un nouveau bond en avant.<\/strong><\/p>\n\n<p>Actuellement, le groupe poss\u00e8de <strong>vingt installations qui emploient plus de 1 500 personnes pendant la saison<\/strong>. En outre, il a des projets d&rsquo;expansion ambitieux, qui pourraient conduire \u00e0 l&rsquo;ouverture <strong>de nouvelles installations non seulement en Italie<\/strong>, mais aussi dans d&rsquo;autres destinations m\u00e9diterran\u00e9ennes.<\/p>\n\n<p>Le PDG ajoute que le Club del Sole a lanc\u00e9 de grands projets cette ann\u00e9e, notamment l&rsquo;ouverture de deux <strong>nouvelles installations \u00e0 Rimini et \u00e0 Riccione pour l&rsquo;\u00e9t\u00e9<\/strong>. Il <strong>investit \u00e9galement dans l&rsquo;infrastructure num\u00e9rique<\/strong> et lancera bient\u00f4t un nouveau site web. L&rsquo;objectif est d&rsquo;offrir un produit qui va <strong>au-del\u00e0 du concept traditionnel de camping et de village<\/strong>. Le produit \u00ab\u00a0<strong>Vacances \u00e0 vie<\/strong>\u00a0\u00bb repr\u00e9sente bien la philosophie du Club del Sole, qui repose sur la qualit\u00e9 et la flexibilit\u00e9 comme \u00e9l\u00e9ments fondamentaux.<\/p>\n\n<p>Pendant la p\u00e9riode du Covid, les h\u00f4tes italiens ont red\u00e9couvert cette philosophie et ne l&rsquo;ont pas abandonn\u00e9e depuis. Avant la pand\u00e9mie, 60 % des h\u00f4tes \u00e9taient des \u00e9trangers, mais depuis 2022, le pourcentage s&rsquo;est invers\u00e9 et une nouvelle saison tr\u00e8s positive est attendue cette ann\u00e9e.<\/p>\n\n<p>Le secret de ce succ\u00e8s, selon Angelo Cartelli, directeur g\u00e9n\u00e9ral du Club del Sole, r\u00e9side dans la formule innovante propos\u00e9e par le Club del Sole, qui se distingue des anciens campings et offre un nouveau contenu. En conservant la philosophie des vacances en contact avec la nature, le Club del Sole s&rsquo;est concentr\u00e9 sur un type de village am\u00e9lior\u00e9, avec des services 4 \u00e9toiles et des solutions innovantes, telles que les tentes suspendues dans les arbres, r\u00e9alis\u00e9es gr\u00e2ce \u00e0 la collaboration avec The Nest.<\/p>\n\n<p>Afin de prolonger la saisonnalit\u00e9, le Club del Sole profite des opportunit\u00e9s offertes par le secteur Mice (Meeting, Incentive, Convention, Exhibition) \u00e0 travers Workin&rsquo;Glamp, ce qui permet d&rsquo;\u00e9tendre les activit\u00e9s pendant les mois pr\u00e9c\u00e9dant et suivant la haute saison&#8230;<\/p>\n","protected":false},"excerpt":{"rendered":"<p>Le Club del Sole poursuit sa croissance r\u00e9guli\u00e8re vers ses objectifs ambitieux de d\u00e9passer les 100 millions d&rsquo;euros de chiffre d&rsquo;affaires en 2023 et d&rsquo;atteindre les 3,5 millions d&rsquo;entr\u00e9es. Malgr\u00e9 les efforts n\u00e9cessaires, les chiffres semblent soutenir l&rsquo;op\u00e9rateur italien, fond\u00e9 dans les ann\u00e9es 1970 et toujours dirig\u00e9 par le pr\u00e9sident Riccardo Giondi, flanqu\u00e9 du directeur [&hellip;]<\/p>\n","protected":false},"author":173,"featured_media":163397,"comment_status":"closed","ping_status":"closed","sticky":false,"template":"","format":"standard","meta":{"_acf_changed":false,"_monsterinsights_skip_tracking":false,"_monsterinsights_sitenote_active":false,"_monsterinsights_sitenote_note":"","_monsterinsights_sitenote_category":0,"footnotes":""},"categories":[4024],"tags":[],"class_list":["post-163412","post","type-post","status-publish","format-standard","has-post-thumbnail","hentry","category-actualite"],"acf":[],"yoast_head":"<!-- This site is optimized with the Yoast SEO plugin v27.5 - https:\/\/yoast.com\/product\/yoast-seo-wordpress\/ -->\n<title>Le Club del Sole a un nouveau plan d&#039;expansion<\/title>\n<meta name=\"robots\" content=\"index, follow, max-snippet:-1, max-image-preview:large, max-video-preview:-1\" \/>\n<link rel=\"canonical\" href=\"https:\/\/www.mondocamping.com\/fr\/le-club-del-sole-a-un-nouveau-plan-dexpansion\/\" \/>\n<meta property=\"og:locale\" content=\"fr_FR\" \/>\n<meta property=\"og:type\" content=\"article\" \/>\n<meta property=\"og:title\" content=\"Le Club del Sole a un nouveau plan d&#039;expansion\" \/>\n<meta property=\"og:description\" content=\"Le Club del Sole poursuit sa croissance r\u00e9guli\u00e8re vers ses objectifs ambitieux de d\u00e9passer les 100 millions d&rsquo;euros de chiffre d&rsquo;affaires en 2023 et d&rsquo;atteindre les 3,5 millions d&rsquo;entr\u00e9es. Malgr\u00e9 les efforts n\u00e9cessaires, les chiffres semblent soutenir l&rsquo;op\u00e9rateur italien, fond\u00e9 dans les ann\u00e9es 1970 et toujours dirig\u00e9 par le pr\u00e9sident Riccardo Giondi, flanqu\u00e9 du directeur [&hellip;]\" \/>\n<meta property=\"og:url\" content=\"https:\/\/www.mondocamping.com\/fr\/le-club-del-sole-a-un-nouveau-plan-dexpansion\/\" \/>\n<meta property=\"og:site_name\" content=\"Mondo Camping\" \/>\n<meta property=\"article:publisher\" content=\"https:\/\/www.facebook.com\/mondobalneare\" \/>\n<meta property=\"article:published_time\" content=\"2023-05-22T20:07:17+00:00\" \/>\n<meta property=\"article:modified_time\" content=\"2023-05-23T06:32:16+00:00\" \/>\n<meta property=\"og:image\" content=\"https:\/\/www.mondocamping.com\/wp-content\/uploads\/2023\/05\/angelo-cartelli-club-del-sole.jpg\" \/>\n\t<meta property=\"og:image:width\" content=\"1000\" \/>\n\t<meta property=\"og:image:height\" content=\"535\" \/>\n\t<meta property=\"og:image:type\" content=\"image\/jpeg\" \/>\n<meta name=\"author\" content=\"Helene Laurent\" \/>\n<meta name=\"twitter:card\" content=\"summary_large_image\" \/>\n<meta name=\"twitter:creator\" content=\"@mondobalneare\" \/>\n<meta name=\"twitter:site\" content=\"@mondobalneare\" \/>\n<meta name=\"twitter:label1\" content=\"\u00c9crit par\" \/>\n\t<meta name=\"twitter:data1\" content=\"Helene Laurent\" \/>\n\t<meta name=\"twitter:label2\" content=\"Dur\u00e9e de lecture estim\u00e9e\" \/>\n\t<meta name=\"twitter:data2\" content=\"2 minutes\" \/>\n<script type=\"application\/ld+json\" class=\"yoast-schema-graph\">{\"@context\":\"https:\\\/\\\/schema.org\",\"@graph\":[{\"@type\":\"Article\",\"@id\":\"https:\\\/\\\/www.mondocamping.com\\\/fr\\\/le-club-del-sole-a-un-nouveau-plan-dexpansion\\\/#article\",\"isPartOf\":{\"@id\":\"https:\\\/\\\/www.mondocamping.com\\\/fr\\\/le-club-del-sole-a-un-nouveau-plan-dexpansion\\\/\"},\"author\":{\"name\":\"Helene Laurent\",\"@id\":\"https:\\\/\\\/www.mondocamping.com\\\/#\\\/schema\\\/person\\\/eed3ea815a73a3cec3f6176e03072382\"},\"headline\":\"Le Club del Sole a un nouveau plan d&rsquo;expansion\",\"datePublished\":\"2023-05-22T20:07:17+00:00\",\"dateModified\":\"2023-05-23T06:32:16+00:00\",\"mainEntityOfPage\":{\"@id\":\"https:\\\/\\\/www.mondocamping.com\\\/fr\\\/le-club-del-sole-a-un-nouveau-plan-dexpansion\\\/\"},\"wordCount\":466,\"publisher\":{\"@id\":\"https:\\\/\\\/www.mondocamping.com\\\/#organization\"},\"image\":{\"@id\":\"https:\\\/\\\/www.mondocamping.com\\\/fr\\\/le-club-del-sole-a-un-nouveau-plan-dexpansion\\\/#primaryimage\"},\"thumbnailUrl\":\"https:\\\/\\\/www.mondocamping.com\\\/wp-content\\\/uploads\\\/2023\\\/05\\\/angelo-cartelli-club-del-sole.jpg\",\"articleSection\":[\"Actualit\u00e9\"],\"inLanguage\":\"fr-FR\"},{\"@type\":\"WebPage\",\"@id\":\"https:\\\/\\\/www.mondocamping.com\\\/fr\\\/le-club-del-sole-a-un-nouveau-plan-dexpansion\\\/\",\"url\":\"https:\\\/\\\/www.mondocamping.com\\\/fr\\\/le-club-del-sole-a-un-nouveau-plan-dexpansion\\\/\",\"name\":\"Le Club del Sole a un nouveau plan d'expansion\",\"isPartOf\":{\"@id\":\"https:\\\/\\\/www.mondocamping.com\\\/#website\"},\"primaryImageOfPage\":{\"@id\":\"https:\\\/\\\/www.mondocamping.com\\\/fr\\\/le-club-del-sole-a-un-nouveau-plan-dexpansion\\\/#primaryimage\"},\"image\":{\"@id\":\"https:\\\/\\\/www.mondocamping.com\\\/fr\\\/le-club-del-sole-a-un-nouveau-plan-dexpansion\\\/#primaryimage\"},\"thumbnailUrl\":\"https:\\\/\\\/www.mondocamping.com\\\/wp-content\\\/uploads\\\/2023\\\/05\\\/angelo-cartelli-club-del-sole.jpg\",\"datePublished\":\"2023-05-22T20:07:17+00:00\",\"dateModified\":\"2023-05-23T06:32:16+00:00\",\"breadcrumb\":{\"@id\":\"https:\\\/\\\/www.mondocamping.com\\\/fr\\\/le-club-del-sole-a-un-nouveau-plan-dexpansion\\\/#breadcrumb\"},\"inLanguage\":\"fr-FR\",\"potentialAction\":[{\"@type\":\"ReadAction\",\"target\":[\"https:\\\/\\\/www.mondocamping.com\\\/fr\\\/le-club-del-sole-a-un-nouveau-plan-dexpansion\\\/\"]}]},{\"@type\":\"ImageObject\",\"inLanguage\":\"fr-FR\",\"@id\":\"https:\\\/\\\/www.mondocamping.com\\\/fr\\\/le-club-del-sole-a-un-nouveau-plan-dexpansion\\\/#primaryimage\",\"url\":\"https:\\\/\\\/www.mondocamping.com\\\/wp-content\\\/uploads\\\/2023\\\/05\\\/angelo-cartelli-club-del-sole.jpg\",\"contentUrl\":\"https:\\\/\\\/www.mondocamping.com\\\/wp-content\\\/uploads\\\/2023\\\/05\\\/angelo-cartelli-club-del-sole.jpg\",\"width\":1000,\"height\":535,\"caption\":\"Angelo Cartelli, direttore generale di Club del Sole\"},{\"@type\":\"BreadcrumbList\",\"@id\":\"https:\\\/\\\/www.mondocamping.com\\\/fr\\\/le-club-del-sole-a-un-nouveau-plan-dexpansion\\\/#breadcrumb\",\"itemListElement\":[{\"@type\":\"ListItem\",\"position\":1,\"name\":\"Home\",\"item\":\"https:\\\/\\\/www.mondocamping.com\\\/fr\\\/\"},{\"@type\":\"ListItem\",\"position\":2,\"name\":\"Le Club del Sole a un nouveau plan d&#8217;expansion\"}]},{\"@type\":\"WebSite\",\"@id\":\"https:\\\/\\\/www.mondocamping.com\\\/#website\",\"url\":\"https:\\\/\\\/www.mondocamping.com\\\/\",\"name\":\"Mondo Camping\",\"description\":\"Le portail d\u00e9di\u00e9 aux gestionnaires de campings et villages touristiques\",\"publisher\":{\"@id\":\"https:\\\/\\\/www.mondocamping.com\\\/#organization\"},\"potentialAction\":[{\"@type\":\"SearchAction\",\"target\":{\"@type\":\"EntryPoint\",\"urlTemplate\":\"https:\\\/\\\/www.mondocamping.com\\\/?s={search_term_string}\"},\"query-input\":{\"@type\":\"PropertyValueSpecification\",\"valueRequired\":true,\"valueName\":\"search_term_string\"}}],\"inLanguage\":\"fr-FR\"},{\"@type\":\"Organization\",\"@id\":\"https:\\\/\\\/www.mondocamping.com\\\/#organization\",\"name\":\"Mondo Camping\",\"url\":\"https:\\\/\\\/www.mondocamping.com\\\/\",\"logo\":{\"@type\":\"ImageObject\",\"inLanguage\":\"fr-FR\",\"@id\":\"https:\\\/\\\/www.mondocamping.com\\\/#\\\/schema\\\/logo\\\/image\\\/\",\"url\":\"https:\\\/\\\/www.mondocamping.com\\\/wp-content\\\/uploads\\\/2022\\\/04\\\/mondo-camping-logo-contornato-1.png\",\"contentUrl\":\"https:\\\/\\\/www.mondocamping.com\\\/wp-content\\\/uploads\\\/2022\\\/04\\\/mondo-camping-logo-contornato-1.png\",\"width\":280,\"height\":90,\"caption\":\"Mondo Camping\"},\"image\":{\"@id\":\"https:\\\/\\\/www.mondocamping.com\\\/#\\\/schema\\\/logo\\\/image\\\/\"},\"sameAs\":[\"https:\\\/\\\/www.facebook.com\\\/mondobalneare\",\"https:\\\/\\\/x.com\\\/mondobalneare\",\"https:\\\/\\\/www.instagram.com\\\/mondobalneare\\\/\",\"https:\\\/\\\/www.linkedin.com\\\/company\\\/67180810\\\/\",\"https:\\\/\\\/www.youtube.com\\\/user\\\/mondobalnearevideo\"]},{\"@type\":\"Person\",\"@id\":\"https:\\\/\\\/www.mondocamping.com\\\/#\\\/schema\\\/person\\\/eed3ea815a73a3cec3f6176e03072382\",\"name\":\"Helene Laurent\",\"image\":{\"@type\":\"ImageObject\",\"inLanguage\":\"fr-FR\",\"@id\":\"https:\\\/\\\/secure.gravatar.com\\\/avatar\\\/bac70d5cf6bff3519b930133cdbb588b1735215eb294cccae818e7422efb7469?s=96&d=mm&r=g\",\"url\":\"https:\\\/\\\/secure.gravatar.com\\\/avatar\\\/bac70d5cf6bff3519b930133cdbb588b1735215eb294cccae818e7422efb7469?s=96&d=mm&r=g\",\"contentUrl\":\"https:\\\/\\\/secure.gravatar.com\\\/avatar\\\/bac70d5cf6bff3519b930133cdbb588b1735215eb294cccae818e7422efb7469?s=96&d=mm&r=g\",\"caption\":\"Helene Laurent\"}}]}<\/script>\n<!-- \/ Yoast SEO plugin. -->","yoast_head_json":{"title":"Le Club del Sole a un nouveau plan d'expansion","robots":{"index":"index","follow":"follow","max-snippet":"max-snippet:-1","max-image-preview":"max-image-preview:large","max-video-preview":"max-video-preview:-1"},"canonical":"https:\/\/www.mondocamping.com\/fr\/le-club-del-sole-a-un-nouveau-plan-dexpansion\/","og_locale":"fr_FR","og_type":"article","og_title":"Le Club del Sole a un nouveau plan d'expansion","og_description":"Le Club del Sole poursuit sa croissance r\u00e9guli\u00e8re vers ses objectifs ambitieux de d\u00e9passer les 100 millions d&rsquo;euros de chiffre d&rsquo;affaires en 2023 et d&rsquo;atteindre les 3,5 millions d&rsquo;entr\u00e9es. Malgr\u00e9 les efforts n\u00e9cessaires, les chiffres semblent soutenir l&rsquo;op\u00e9rateur italien, fond\u00e9 dans les ann\u00e9es 1970 et toujours dirig\u00e9 par le pr\u00e9sident Riccardo Giondi, flanqu\u00e9 du directeur [&hellip;]","og_url":"https:\/\/www.mondocamping.com\/fr\/le-club-del-sole-a-un-nouveau-plan-dexpansion\/","og_site_name":"Mondo Camping","article_publisher":"https:\/\/www.facebook.com\/mondobalneare","article_published_time":"2023-05-22T20:07:17+00:00","article_modified_time":"2023-05-23T06:32:16+00:00","og_image":[{"width":1000,"height":535,"url":"https:\/\/www.mondocamping.com\/wp-content\/uploads\/2023\/05\/angelo-cartelli-club-del-sole.jpg","type":"image\/jpeg"}],"author":"Helene Laurent","twitter_card":"summary_large_image","twitter_creator":"@mondobalneare","twitter_site":"@mondobalneare","twitter_misc":{"\u00c9crit par":"Helene Laurent","Dur\u00e9e de lecture estim\u00e9e":"2 minutes"},"schema":{"@context":"https:\/\/schema.org","@graph":[{"@type":"Article","@id":"https:\/\/www.mondocamping.com\/fr\/le-club-del-sole-a-un-nouveau-plan-dexpansion\/#article","isPartOf":{"@id":"https:\/\/www.mondocamping.com\/fr\/le-club-del-sole-a-un-nouveau-plan-dexpansion\/"},"author":{"name":"Helene Laurent","@id":"https:\/\/www.mondocamping.com\/#\/schema\/person\/eed3ea815a73a3cec3f6176e03072382"},"headline":"Le Club del Sole a un nouveau plan d&rsquo;expansion","datePublished":"2023-05-22T20:07:17+00:00","dateModified":"2023-05-23T06:32:16+00:00","mainEntityOfPage":{"@id":"https:\/\/www.mondocamping.com\/fr\/le-club-del-sole-a-un-nouveau-plan-dexpansion\/"},"wordCount":466,"publisher":{"@id":"https:\/\/www.mondocamping.com\/#organization"},"image":{"@id":"https:\/\/www.mondocamping.com\/fr\/le-club-del-sole-a-un-nouveau-plan-dexpansion\/#primaryimage"},"thumbnailUrl":"https:\/\/www.mondocamping.com\/wp-content\/uploads\/2023\/05\/angelo-cartelli-club-del-sole.jpg","articleSection":["Actualit\u00e9"],"inLanguage":"fr-FR"},{"@type":"WebPage","@id":"https:\/\/www.mondocamping.com\/fr\/le-club-del-sole-a-un-nouveau-plan-dexpansion\/","url":"https:\/\/www.mondocamping.com\/fr\/le-club-del-sole-a-un-nouveau-plan-dexpansion\/","name":"Le Club del Sole a un nouveau plan d'expansion","isPartOf":{"@id":"https:\/\/www.mondocamping.com\/#website"},"primaryImageOfPage":{"@id":"https:\/\/www.mondocamping.com\/fr\/le-club-del-sole-a-un-nouveau-plan-dexpansion\/#primaryimage"},"image":{"@id":"https:\/\/www.mondocamping.com\/fr\/le-club-del-sole-a-un-nouveau-plan-dexpansion\/#primaryimage"},"thumbnailUrl":"https:\/\/www.mondocamping.com\/wp-content\/uploads\/2023\/05\/angelo-cartelli-club-del-sole.jpg","datePublished":"2023-05-22T20:07:17+00:00","dateModified":"2023-05-23T06:32:16+00:00","breadcrumb":{"@id":"https:\/\/www.mondocamping.com\/fr\/le-club-del-sole-a-un-nouveau-plan-dexpansion\/#breadcrumb"},"inLanguage":"fr-FR","potentialAction":[{"@type":"ReadAction","target":["https:\/\/www.mondocamping.com\/fr\/le-club-del-sole-a-un-nouveau-plan-dexpansion\/"]}]},{"@type":"ImageObject","inLanguage":"fr-FR","@id":"https:\/\/www.mondocamping.com\/fr\/le-club-del-sole-a-un-nouveau-plan-dexpansion\/#primaryimage","url":"https:\/\/www.mondocamping.com\/wp-content\/uploads\/2023\/05\/angelo-cartelli-club-del-sole.jpg","contentUrl":"https:\/\/www.mondocamping.com\/wp-content\/uploads\/2023\/05\/angelo-cartelli-club-del-sole.jpg","width":1000,"height":535,"caption":"Angelo Cartelli, direttore generale di Club del Sole"},{"@type":"BreadcrumbList","@id":"https:\/\/www.mondocamping.com\/fr\/le-club-del-sole-a-un-nouveau-plan-dexpansion\/#breadcrumb","itemListElement":[{"@type":"ListItem","position":1,"name":"Home","item":"https:\/\/www.mondocamping.com\/fr\/"},{"@type":"ListItem","position":2,"name":"Le Club del Sole a un nouveau plan d&#8217;expansion"}]},{"@type":"WebSite","@id":"https:\/\/www.mondocamping.com\/#website","url":"https:\/\/www.mondocamping.com\/","name":"Mondo Camping","description":"Le portail d\u00e9di\u00e9 aux gestionnaires de campings et villages touristiques","publisher":{"@id":"https:\/\/www.mondocamping.com\/#organization"},"potentialAction":[{"@type":"SearchAction","target":{"@type":"EntryPoint","urlTemplate":"https:\/\/www.mondocamping.com\/?s={search_term_string}"},"query-input":{"@type":"PropertyValueSpecification","valueRequired":true,"valueName":"search_term_string"}}],"inLanguage":"fr-FR"},{"@type":"Organization","@id":"https:\/\/www.mondocamping.com\/#organization","name":"Mondo Camping","url":"https:\/\/www.mondocamping.com\/","logo":{"@type":"ImageObject","inLanguage":"fr-FR","@id":"https:\/\/www.mondocamping.com\/#\/schema\/logo\/image\/","url":"https:\/\/www.mondocamping.com\/wp-content\/uploads\/2022\/04\/mondo-camping-logo-contornato-1.png","contentUrl":"https:\/\/www.mondocamping.com\/wp-content\/uploads\/2022\/04\/mondo-camping-logo-contornato-1.png","width":280,"height":90,"caption":"Mondo Camping"},"image":{"@id":"https:\/\/www.mondocamping.com\/#\/schema\/logo\/image\/"},"sameAs":["https:\/\/www.facebook.com\/mondobalneare","https:\/\/x.com\/mondobalneare","https:\/\/www.instagram.com\/mondobalneare\/","https:\/\/www.linkedin.com\/company\/67180810\/","https:\/\/www.youtube.com\/user\/mondobalnearevideo"]},{"@type":"Person","@id":"https:\/\/www.mondocamping.com\/#\/schema\/person\/eed3ea815a73a3cec3f6176e03072382","name":"Helene Laurent","image":{"@type":"ImageObject","inLanguage":"fr-FR","@id":"https:\/\/secure.gravatar.com\/avatar\/bac70d5cf6bff3519b930133cdbb588b1735215eb294cccae818e7422efb7469?s=96&d=mm&r=g","url":"https:\/\/secure.gravatar.com\/avatar\/bac70d5cf6bff3519b930133cdbb588b1735215eb294cccae818e7422efb7469?s=96&d=mm&r=g","contentUrl":"https:\/\/secure.gravatar.com\/avatar\/bac70d5cf6bff3519b930133cdbb588b1735215eb294cccae818e7422efb7469?s=96&d=mm&r=g","caption":"Helene Laurent"}}]}},"_links":{"self":[{"href":"https:\/\/www.mondocamping.com\/fr\/wp-json\/wp\/v2\/posts\/163412","targetHints":{"allow":["GET"]}}],"collection":[{"href":"https:\/\/www.mondocamping.com\/fr\/wp-json\/wp\/v2\/posts"}],"about":[{"href":"https:\/\/www.mondocamping.com\/fr\/wp-json\/wp\/v2\/types\/post"}],"author":[{"embeddable":true,"href":"https:\/\/www.mondocamping.com\/fr\/wp-json\/wp\/v2\/users\/173"}],"replies":[{"embeddable":true,"href":"https:\/\/www.mondocamping.com\/fr\/wp-json\/wp\/v2\/comments?post=163412"}],"version-history":[{"count":3,"href":"https:\/\/www.mondocamping.com\/fr\/wp-json\/wp\/v2\/posts\/163412\/revisions"}],"predecessor-version":[{"id":163415,"href":"https:\/\/www.mondocamping.com\/fr\/wp-json\/wp\/v2\/posts\/163412\/revisions\/163415"}],"wp:featuredmedia":[{"embeddable":true,"href":"https:\/\/www.mondocamping.com\/fr\/wp-json\/wp\/v2\/media\/163397"}],"wp:attachment":[{"href":"https:\/\/www.mondocamping.com\/fr\/wp-json\/wp\/v2\/media?parent=163412"}],"wp:term":[{"taxonomy":"category","embeddable":true,"href":"https:\/\/www.mondocamping.com\/fr\/wp-json\/wp\/v2\/categories?post=163412"},{"taxonomy":"post_tag","embeddable":true,"href":"https:\/\/www.mondocamping.com\/fr\/wp-json\/wp\/v2\/tags?post=163412"}],"curies":[{"name":"wp","href":"https:\/\/api.w.org\/{rel}","templated":true}]}}