{"id":163850,"date":"2023-06-21T08:10:50","date_gmt":"2023-06-21T06:10:50","guid":{"rendered":"https:\/\/www.mondocamping.com\/la-ripresa-del-turismo-traina-loccupazione\/"},"modified":"2023-06-26T10:14:05","modified_gmt":"2023-06-26T08:14:05","slug":"la-ripresa-del-turismo-traina-loccupazione","status":"publish","type":"post","link":"https:\/\/www.mondocamping.com\/fr\/la-ripresa-del-turismo-traina-loccupazione\/","title":{"rendered":"La reprise du tourisme stimule l&#8217;emploi"},"content":{"rendered":"\n<p>Les pr\u00e9visions estivales tr\u00e8s positives dans le secteur du plein air en Espagne stimulent la demande de main-d&rsquo;\u0153uvre. Selon la <strong>F\u00e9d\u00e9ration Espagnole des Campings (FEEC)<\/strong>, pas moins de <strong>8 000 embauches de personnel qualifi\u00e9 sont attendues pour la saison 2023<\/strong>. Parmi les profils les plus recherch\u00e9s figurent les <strong>r\u00e9ceptionnistes<\/strong> ayant des comp\u00e9tences linguistiques, <strong>les cuisiniers, les serveurs, le personnel d&rsquo;entretien, les nettoyeurs, les ma\u00eetres-nageurs<\/strong> et <strong>les animateurs<\/strong>. Actuellement, plus de 800 \u00e9tablissements membres de la FEEC participent activement \u00e0 la recherche de nouveaux employ\u00e9s et un certain optimisme r\u00e8gne dans les territoires, notamment dans les r\u00e9gions des zones rurales.<\/p>\n\n<p>Les \u00e9tablissements ont tendance \u00e0 pr\u00e9f\u00e9rer <strong>embaucher du personnel local<\/strong>, mais il existe \u00e9galement des offres de logement et de nourriture destin\u00e9es \u00e0 attirer des employ\u00e9s d&rsquo;autres r\u00e9gions. La plupart des embauches se font sur une base temporaire, avec des renouvellements saisonniers.<\/p>\n","protected":false},"excerpt":{"rendered":"<p>Les pr\u00e9visions estivales tr\u00e8s positives dans le secteur du plein air en Espagne stimulent la demande de main-d&rsquo;\u0153uvre. Selon la F\u00e9d\u00e9ration Espagnole des Campings (FEEC), pas moins de 8 000 embauches de personnel qualifi\u00e9 sont attendues pour la saison 2023. Parmi les profils les plus recherch\u00e9s figurent les r\u00e9ceptionnistes ayant des comp\u00e9tences linguistiques, les cuisiniers, [&hellip;]<\/p>\n","protected":false},"author":170,"featured_media":163846,"comment_status":"closed","ping_status":"closed","sticky":false,"template":"","format":"standard","meta":{"_acf_changed":false,"_monsterinsights_skip_tracking":false,"_monsterinsights_sitenote_active":false,"_monsterinsights_sitenote_note":"","_monsterinsights_sitenote_category":0,"footnotes":""},"categories":[4024],"tags":[4189,4210,4822,4665,4262],"class_list":["post-163850","post","type-post","status-publish","format-standard","has-post-thumbnail","hentry","category-actualite","tag-camping-fr","tag-camping-fr-2","tag-federacion-espanola-de-campings-fr","tag-feec-fr","tag-mondo-camping-fr"],"acf":[],"yoast_head":"<!-- This site is optimized with the Yoast SEO plugin v27.5 - https:\/\/yoast.com\/product\/yoast-seo-wordpress\/ -->\n<title>La reprise du tourisme stimule l&#039;emploi<\/title>\n<meta name=\"robots\" content=\"index, follow, max-snippet:-1, max-image-preview:large, max-video-preview:-1\" \/>\n<link rel=\"canonical\" href=\"https:\/\/www.mondocamping.com\/fr\/la-ripresa-del-turismo-traina-loccupazione\/\" \/>\n<meta property=\"og:locale\" content=\"fr_FR\" \/>\n<meta property=\"og:type\" content=\"article\" \/>\n<meta property=\"og:title\" content=\"La reprise du tourisme stimule l&#039;emploi\" \/>\n<meta property=\"og:description\" content=\"Les pr\u00e9visions estivales tr\u00e8s positives dans le secteur du plein air en Espagne stimulent la demande de main-d&rsquo;\u0153uvre. Selon la F\u00e9d\u00e9ration Espagnole des Campings (FEEC), pas moins de 8 000 embauches de personnel qualifi\u00e9 sont attendues pour la saison 2023. Parmi les profils les plus recherch\u00e9s figurent les r\u00e9ceptionnistes ayant des comp\u00e9tences linguistiques, les cuisiniers, [&hellip;]\" \/>\n<meta property=\"og:url\" content=\"https:\/\/www.mondocamping.com\/fr\/la-ripresa-del-turismo-traina-loccupazione\/\" \/>\n<meta property=\"og:site_name\" content=\"Mondo Camping\" \/>\n<meta property=\"article:publisher\" content=\"https:\/\/www.facebook.com\/mondobalneare\" \/>\n<meta property=\"article:published_time\" content=\"2023-06-21T06:10:50+00:00\" \/>\n<meta property=\"article:modified_time\" content=\"2023-06-26T08:14:05+00:00\" \/>\n<meta property=\"og:image\" content=\"https:\/\/www.mondocamping.com\/wp-content\/uploads\/2023\/06\/notizie-camping-1.jpg\" \/>\n\t<meta property=\"og:image:width\" content=\"1000\" \/>\n\t<meta property=\"og:image:height\" content=\"545\" \/>\n\t<meta property=\"og:image:type\" content=\"image\/jpeg\" \/>\n<meta name=\"author\" content=\"Chiara Borzi\" \/>\n<meta name=\"twitter:card\" content=\"summary_large_image\" \/>\n<meta name=\"twitter:creator\" content=\"@mondobalneare\" \/>\n<meta name=\"twitter:site\" content=\"@mondobalneare\" \/>\n<meta name=\"twitter:label1\" content=\"\u00c9crit par\" \/>\n\t<meta name=\"twitter:data1\" content=\"Chiara Borzi\" \/>\n\t<meta name=\"twitter:label2\" content=\"Dur\u00e9e de lecture estim\u00e9e\" \/>\n\t<meta name=\"twitter:data2\" content=\"1 minute\" \/>\n<script type=\"application\/ld+json\" class=\"yoast-schema-graph\">{\"@context\":\"https:\\\/\\\/schema.org\",\"@graph\":[{\"@type\":\"Article\",\"@id\":\"https:\\\/\\\/www.mondocamping.com\\\/fr\\\/la-ripresa-del-turismo-traina-loccupazione\\\/#article\",\"isPartOf\":{\"@id\":\"https:\\\/\\\/www.mondocamping.com\\\/fr\\\/la-ripresa-del-turismo-traina-loccupazione\\\/\"},\"author\":{\"name\":\"Chiara Borzi\",\"@id\":\"https:\\\/\\\/www.mondocamping.com\\\/#\\\/schema\\\/person\\\/e6f4a7f88cc17f5824c73f21a3fb8ee5\"},\"headline\":\"La reprise du tourisme stimule l&#8217;emploi\",\"datePublished\":\"2023-06-21T06:10:50+00:00\",\"dateModified\":\"2023-06-26T08:14:05+00:00\",\"mainEntityOfPage\":{\"@id\":\"https:\\\/\\\/www.mondocamping.com\\\/fr\\\/la-ripresa-del-turismo-traina-loccupazione\\\/\"},\"wordCount\":160,\"publisher\":{\"@id\":\"https:\\\/\\\/www.mondocamping.com\\\/#organization\"},\"image\":{\"@id\":\"https:\\\/\\\/www.mondocamping.com\\\/fr\\\/la-ripresa-del-turismo-traina-loccupazione\\\/#primaryimage\"},\"thumbnailUrl\":\"https:\\\/\\\/www.mondocamping.com\\\/wp-content\\\/uploads\\\/2023\\\/06\\\/notizie-camping-1.jpg\",\"keywords\":[\"camping\",\"camping\",\"Federaci\u00f3n Espa\u00f1ola de Campings\",\"FEEC\",\"Mondo Camping\"],\"articleSection\":[\"Actualit\u00e9\"],\"inLanguage\":\"fr-FR\"},{\"@type\":\"WebPage\",\"@id\":\"https:\\\/\\\/www.mondocamping.com\\\/fr\\\/la-ripresa-del-turismo-traina-loccupazione\\\/\",\"url\":\"https:\\\/\\\/www.mondocamping.com\\\/fr\\\/la-ripresa-del-turismo-traina-loccupazione\\\/\",\"name\":\"La reprise du tourisme stimule l'emploi\",\"isPartOf\":{\"@id\":\"https:\\\/\\\/www.mondocamping.com\\\/#website\"},\"primaryImageOfPage\":{\"@id\":\"https:\\\/\\\/www.mondocamping.com\\\/fr\\\/la-ripresa-del-turismo-traina-loccupazione\\\/#primaryimage\"},\"image\":{\"@id\":\"https:\\\/\\\/www.mondocamping.com\\\/fr\\\/la-ripresa-del-turismo-traina-loccupazione\\\/#primaryimage\"},\"thumbnailUrl\":\"https:\\\/\\\/www.mondocamping.com\\\/wp-content\\\/uploads\\\/2023\\\/06\\\/notizie-camping-1.jpg\",\"datePublished\":\"2023-06-21T06:10:50+00:00\",\"dateModified\":\"2023-06-26T08:14:05+00:00\",\"breadcrumb\":{\"@id\":\"https:\\\/\\\/www.mondocamping.com\\\/fr\\\/la-ripresa-del-turismo-traina-loccupazione\\\/#breadcrumb\"},\"inLanguage\":\"fr-FR\",\"potentialAction\":[{\"@type\":\"ReadAction\",\"target\":[\"https:\\\/\\\/www.mondocamping.com\\\/fr\\\/la-ripresa-del-turismo-traina-loccupazione\\\/\"]}]},{\"@type\":\"ImageObject\",\"inLanguage\":\"fr-FR\",\"@id\":\"https:\\\/\\\/www.mondocamping.com\\\/fr\\\/la-ripresa-del-turismo-traina-loccupazione\\\/#primaryimage\",\"url\":\"https:\\\/\\\/www.mondocamping.com\\\/wp-content\\\/uploads\\\/2023\\\/06\\\/notizie-camping-1.jpg\",\"contentUrl\":\"https:\\\/\\\/www.mondocamping.com\\\/wp-content\\\/uploads\\\/2023\\\/06\\\/notizie-camping-1.jpg\",\"width\":1000,\"height\":545},{\"@type\":\"BreadcrumbList\",\"@id\":\"https:\\\/\\\/www.mondocamping.com\\\/fr\\\/la-ripresa-del-turismo-traina-loccupazione\\\/#breadcrumb\",\"itemListElement\":[{\"@type\":\"ListItem\",\"position\":1,\"name\":\"Home\",\"item\":\"https:\\\/\\\/www.mondocamping.com\\\/fr\\\/\"},{\"@type\":\"ListItem\",\"position\":2,\"name\":\"La reprise du tourisme stimule l&#8217;emploi\"}]},{\"@type\":\"WebSite\",\"@id\":\"https:\\\/\\\/www.mondocamping.com\\\/#website\",\"url\":\"https:\\\/\\\/www.mondocamping.com\\\/\",\"name\":\"Mondo Camping\",\"description\":\"Le portail d\u00e9di\u00e9 aux gestionnaires de campings et villages touristiques\",\"publisher\":{\"@id\":\"https:\\\/\\\/www.mondocamping.com\\\/#organization\"},\"potentialAction\":[{\"@type\":\"SearchAction\",\"target\":{\"@type\":\"EntryPoint\",\"urlTemplate\":\"https:\\\/\\\/www.mondocamping.com\\\/?s={search_term_string}\"},\"query-input\":{\"@type\":\"PropertyValueSpecification\",\"valueRequired\":true,\"valueName\":\"search_term_string\"}}],\"inLanguage\":\"fr-FR\"},{\"@type\":\"Organization\",\"@id\":\"https:\\\/\\\/www.mondocamping.com\\\/#organization\",\"name\":\"Mondo Camping\",\"url\":\"https:\\\/\\\/www.mondocamping.com\\\/\",\"logo\":{\"@type\":\"ImageObject\",\"inLanguage\":\"fr-FR\",\"@id\":\"https:\\\/\\\/www.mondocamping.com\\\/#\\\/schema\\\/logo\\\/image\\\/\",\"url\":\"https:\\\/\\\/www.mondocamping.com\\\/wp-content\\\/uploads\\\/2022\\\/04\\\/mondo-camping-logo-contornato-1.png\",\"contentUrl\":\"https:\\\/\\\/www.mondocamping.com\\\/wp-content\\\/uploads\\\/2022\\\/04\\\/mondo-camping-logo-contornato-1.png\",\"width\":280,\"height\":90,\"caption\":\"Mondo Camping\"},\"image\":{\"@id\":\"https:\\\/\\\/www.mondocamping.com\\\/#\\\/schema\\\/logo\\\/image\\\/\"},\"sameAs\":[\"https:\\\/\\\/www.facebook.com\\\/mondobalneare\",\"https:\\\/\\\/x.com\\\/mondobalneare\",\"https:\\\/\\\/www.instagram.com\\\/mondobalneare\\\/\",\"https:\\\/\\\/www.linkedin.com\\\/company\\\/67180810\\\/\",\"https:\\\/\\\/www.youtube.com\\\/user\\\/mondobalnearevideo\"]},{\"@type\":\"Person\",\"@id\":\"https:\\\/\\\/www.mondocamping.com\\\/#\\\/schema\\\/person\\\/e6f4a7f88cc17f5824c73f21a3fb8ee5\",\"name\":\"Chiara Borzi\",\"image\":{\"@type\":\"ImageObject\",\"inLanguage\":\"fr-FR\",\"@id\":\"https:\\\/\\\/secure.gravatar.com\\\/avatar\\\/1270b43fb9da7c9e395e9d36a58a45aa3945e17b11f90a0475a31d73f84e4ff5?s=96&d=mm&r=g\",\"url\":\"https:\\\/\\\/secure.gravatar.com\\\/avatar\\\/1270b43fb9da7c9e395e9d36a58a45aa3945e17b11f90a0475a31d73f84e4ff5?s=96&d=mm&r=g\",\"contentUrl\":\"https:\\\/\\\/secure.gravatar.com\\\/avatar\\\/1270b43fb9da7c9e395e9d36a58a45aa3945e17b11f90a0475a31d73f84e4ff5?s=96&d=mm&r=g\",\"caption\":\"Chiara Borzi\"}}]}<\/script>\n<!-- \/ Yoast SEO plugin. -->","yoast_head_json":{"title":"La reprise du tourisme stimule l'emploi","robots":{"index":"index","follow":"follow","max-snippet":"max-snippet:-1","max-image-preview":"max-image-preview:large","max-video-preview":"max-video-preview:-1"},"canonical":"https:\/\/www.mondocamping.com\/fr\/la-ripresa-del-turismo-traina-loccupazione\/","og_locale":"fr_FR","og_type":"article","og_title":"La reprise du tourisme stimule l'emploi","og_description":"Les pr\u00e9visions estivales tr\u00e8s positives dans le secteur du plein air en Espagne stimulent la demande de main-d&rsquo;\u0153uvre. Selon la F\u00e9d\u00e9ration Espagnole des Campings (FEEC), pas moins de 8 000 embauches de personnel qualifi\u00e9 sont attendues pour la saison 2023. Parmi les profils les plus recherch\u00e9s figurent les r\u00e9ceptionnistes ayant des comp\u00e9tences linguistiques, les cuisiniers, [&hellip;]","og_url":"https:\/\/www.mondocamping.com\/fr\/la-ripresa-del-turismo-traina-loccupazione\/","og_site_name":"Mondo Camping","article_publisher":"https:\/\/www.facebook.com\/mondobalneare","article_published_time":"2023-06-21T06:10:50+00:00","article_modified_time":"2023-06-26T08:14:05+00:00","og_image":[{"width":1000,"height":545,"url":"https:\/\/www.mondocamping.com\/wp-content\/uploads\/2023\/06\/notizie-camping-1.jpg","type":"image\/jpeg"}],"author":"Chiara Borzi","twitter_card":"summary_large_image","twitter_creator":"@mondobalneare","twitter_site":"@mondobalneare","twitter_misc":{"\u00c9crit par":"Chiara Borzi","Dur\u00e9e de lecture estim\u00e9e":"1 minute"},"schema":{"@context":"https:\/\/schema.org","@graph":[{"@type":"Article","@id":"https:\/\/www.mondocamping.com\/fr\/la-ripresa-del-turismo-traina-loccupazione\/#article","isPartOf":{"@id":"https:\/\/www.mondocamping.com\/fr\/la-ripresa-del-turismo-traina-loccupazione\/"},"author":{"name":"Chiara Borzi","@id":"https:\/\/www.mondocamping.com\/#\/schema\/person\/e6f4a7f88cc17f5824c73f21a3fb8ee5"},"headline":"La reprise du tourisme stimule l&#8217;emploi","datePublished":"2023-06-21T06:10:50+00:00","dateModified":"2023-06-26T08:14:05+00:00","mainEntityOfPage":{"@id":"https:\/\/www.mondocamping.com\/fr\/la-ripresa-del-turismo-traina-loccupazione\/"},"wordCount":160,"publisher":{"@id":"https:\/\/www.mondocamping.com\/#organization"},"image":{"@id":"https:\/\/www.mondocamping.com\/fr\/la-ripresa-del-turismo-traina-loccupazione\/#primaryimage"},"thumbnailUrl":"https:\/\/www.mondocamping.com\/wp-content\/uploads\/2023\/06\/notizie-camping-1.jpg","keywords":["camping","camping","Federaci\u00f3n Espa\u00f1ola de Campings","FEEC","Mondo Camping"],"articleSection":["Actualit\u00e9"],"inLanguage":"fr-FR"},{"@type":"WebPage","@id":"https:\/\/www.mondocamping.com\/fr\/la-ripresa-del-turismo-traina-loccupazione\/","url":"https:\/\/www.mondocamping.com\/fr\/la-ripresa-del-turismo-traina-loccupazione\/","name":"La reprise du tourisme stimule l'emploi","isPartOf":{"@id":"https:\/\/www.mondocamping.com\/#website"},"primaryImageOfPage":{"@id":"https:\/\/www.mondocamping.com\/fr\/la-ripresa-del-turismo-traina-loccupazione\/#primaryimage"},"image":{"@id":"https:\/\/www.mondocamping.com\/fr\/la-ripresa-del-turismo-traina-loccupazione\/#primaryimage"},"thumbnailUrl":"https:\/\/www.mondocamping.com\/wp-content\/uploads\/2023\/06\/notizie-camping-1.jpg","datePublished":"2023-06-21T06:10:50+00:00","dateModified":"2023-06-26T08:14:05+00:00","breadcrumb":{"@id":"https:\/\/www.mondocamping.com\/fr\/la-ripresa-del-turismo-traina-loccupazione\/#breadcrumb"},"inLanguage":"fr-FR","potentialAction":[{"@type":"ReadAction","target":["https:\/\/www.mondocamping.com\/fr\/la-ripresa-del-turismo-traina-loccupazione\/"]}]},{"@type":"ImageObject","inLanguage":"fr-FR","@id":"https:\/\/www.mondocamping.com\/fr\/la-ripresa-del-turismo-traina-loccupazione\/#primaryimage","url":"https:\/\/www.mondocamping.com\/wp-content\/uploads\/2023\/06\/notizie-camping-1.jpg","contentUrl":"https:\/\/www.mondocamping.com\/wp-content\/uploads\/2023\/06\/notizie-camping-1.jpg","width":1000,"height":545},{"@type":"BreadcrumbList","@id":"https:\/\/www.mondocamping.com\/fr\/la-ripresa-del-turismo-traina-loccupazione\/#breadcrumb","itemListElement":[{"@type":"ListItem","position":1,"name":"Home","item":"https:\/\/www.mondocamping.com\/fr\/"},{"@type":"ListItem","position":2,"name":"La reprise du tourisme stimule l&#8217;emploi"}]},{"@type":"WebSite","@id":"https:\/\/www.mondocamping.com\/#website","url":"https:\/\/www.mondocamping.com\/","name":"Mondo Camping","description":"Le portail d\u00e9di\u00e9 aux gestionnaires de campings et villages touristiques","publisher":{"@id":"https:\/\/www.mondocamping.com\/#organization"},"potentialAction":[{"@type":"SearchAction","target":{"@type":"EntryPoint","urlTemplate":"https:\/\/www.mondocamping.com\/?s={search_term_string}"},"query-input":{"@type":"PropertyValueSpecification","valueRequired":true,"valueName":"search_term_string"}}],"inLanguage":"fr-FR"},{"@type":"Organization","@id":"https:\/\/www.mondocamping.com\/#organization","name":"Mondo Camping","url":"https:\/\/www.mondocamping.com\/","logo":{"@type":"ImageObject","inLanguage":"fr-FR","@id":"https:\/\/www.mondocamping.com\/#\/schema\/logo\/image\/","url":"https:\/\/www.mondocamping.com\/wp-content\/uploads\/2022\/04\/mondo-camping-logo-contornato-1.png","contentUrl":"https:\/\/www.mondocamping.com\/wp-content\/uploads\/2022\/04\/mondo-camping-logo-contornato-1.png","width":280,"height":90,"caption":"Mondo Camping"},"image":{"@id":"https:\/\/www.mondocamping.com\/#\/schema\/logo\/image\/"},"sameAs":["https:\/\/www.facebook.com\/mondobalneare","https:\/\/x.com\/mondobalneare","https:\/\/www.instagram.com\/mondobalneare\/","https:\/\/www.linkedin.com\/company\/67180810\/","https:\/\/www.youtube.com\/user\/mondobalnearevideo"]},{"@type":"Person","@id":"https:\/\/www.mondocamping.com\/#\/schema\/person\/e6f4a7f88cc17f5824c73f21a3fb8ee5","name":"Chiara Borzi","image":{"@type":"ImageObject","inLanguage":"fr-FR","@id":"https:\/\/secure.gravatar.com\/avatar\/1270b43fb9da7c9e395e9d36a58a45aa3945e17b11f90a0475a31d73f84e4ff5?s=96&d=mm&r=g","url":"https:\/\/secure.gravatar.com\/avatar\/1270b43fb9da7c9e395e9d36a58a45aa3945e17b11f90a0475a31d73f84e4ff5?s=96&d=mm&r=g","contentUrl":"https:\/\/secure.gravatar.com\/avatar\/1270b43fb9da7c9e395e9d36a58a45aa3945e17b11f90a0475a31d73f84e4ff5?s=96&d=mm&r=g","caption":"Chiara Borzi"}}]}},"_links":{"self":[{"href":"https:\/\/www.mondocamping.com\/fr\/wp-json\/wp\/v2\/posts\/163850","targetHints":{"allow":["GET"]}}],"collection":[{"href":"https:\/\/www.mondocamping.com\/fr\/wp-json\/wp\/v2\/posts"}],"about":[{"href":"https:\/\/www.mondocamping.com\/fr\/wp-json\/wp\/v2\/types\/post"}],"author":[{"embeddable":true,"href":"https:\/\/www.mondocamping.com\/fr\/wp-json\/wp\/v2\/users\/170"}],"replies":[{"embeddable":true,"href":"https:\/\/www.mondocamping.com\/fr\/wp-json\/wp\/v2\/comments?post=163850"}],"version-history":[{"count":3,"href":"https:\/\/www.mondocamping.com\/fr\/wp-json\/wp\/v2\/posts\/163850\/revisions"}],"predecessor-version":[{"id":163913,"href":"https:\/\/www.mondocamping.com\/fr\/wp-json\/wp\/v2\/posts\/163850\/revisions\/163913"}],"wp:featuredmedia":[{"embeddable":true,"href":"https:\/\/www.mondocamping.com\/fr\/wp-json\/wp\/v2\/media\/163846"}],"wp:attachment":[{"href":"https:\/\/www.mondocamping.com\/fr\/wp-json\/wp\/v2\/media?parent=163850"}],"wp:term":[{"taxonomy":"category","embeddable":true,"href":"https:\/\/www.mondocamping.com\/fr\/wp-json\/wp\/v2\/categories?post=163850"},{"taxonomy":"post_tag","embeddable":true,"href":"https:\/\/www.mondocamping.com\/fr\/wp-json\/wp\/v2\/tags?post=163850"}],"curies":[{"name":"wp","href":"https:\/\/api.w.org\/{rel}","templated":true}]}}