{"id":163962,"date":"2023-06-30T23:14:59","date_gmt":"2023-06-30T21:14:59","guid":{"rendered":"https:\/\/www.mondocamping.com\/da-vinci-le-salon-dexterieur-resistant\/"},"modified":"2023-07-01T08:31:14","modified_gmt":"2023-07-01T06:31:14","slug":"da-vinci-le-salon-dexterieur-resistant","status":"publish","type":"post","link":"https:\/\/www.mondocamping.com\/fr\/da-vinci-le-salon-dexterieur-resistant\/","title":{"rendered":"Da Vinci, le salon d&rsquo;ext\u00e9rieur r\u00e9sistant"},"content":{"rendered":"\n<p>Da Vinci est le salon d&rsquo;Italsedie avec des si\u00e8ges en toile textil\u00e8ne, id\u00e9al pour les campings et les villages. Tous les \u00e9l\u00e9ments sont tr\u00e8s r\u00e9sistants aux intemp\u00e9ries et \u00e0 la lumi\u00e8re du soleil, solides mais l\u00e9gers gr\u00e2ce aux cadres en aluminium peint, et les finitions sont enti\u00e8rement personnalisables.<\/p>\n\n<p>Le salon Da Vinci, utilisable \u00e0 l&rsquo;ext\u00e9rieur, se compose de deux fauteuils simples, d&rsquo;un canap\u00e9 deux places et d&rsquo;une table basse.<\/p>\n\n<p>Les cadres sont en aluminium peint, les vis sont en acier inoxydable et le plateau de la table est en lattes d&rsquo;aluminium. Tous les \u00e9l\u00e9ments sont facilement empilables.<\/p>\n\n<p>Dimensions :<\/p>\n\n<ul class=\"wp-block-list\"><li>fauteuil L 67 x P 70 x H 83 cm \/ assise h 39<\/li><li>canap\u00e9 L 124 x P 70 x H 83 cm \/ assise h 39<\/li><li>table basse cm. L 80 x P 50 x H 45 ou m. L 60 x P 60 x H 45<\/li><\/ul>\n\n<div style=\"height:20px\" aria-hidden=\"true\" class=\"wp-block-spacer\"><\/div>\n\n<h2 class=\"wp-block-heading\">Pour plus d&rsquo;informations<\/h2>\n\n<div class=\"wp-block-buttons is-layout-flex wp-block-buttons-is-layout-flex\">\n<div class=\"wp-block-button is-style-outline is-style-outline--1\"><a class=\"wp-block-button__link has-black-color has-luminous-vivid-amber-background-color has-text-color has-background\" href=\"https:\/\/www.italsedie.com\/contattaci\/\" target=\"_blank\" rel=\"noreferrer noopener\">Contacter Italsedie<\/a><\/div>\n<\/div>\n","protected":false},"excerpt":{"rendered":"<p>Da Vinci est le salon d&rsquo;Italsedie avec des si\u00e8ges en toile textil\u00e8ne, id\u00e9al pour les campings et les villages. Tous les \u00e9l\u00e9ments sont tr\u00e8s r\u00e9sistants aux intemp\u00e9ries et \u00e0 la lumi\u00e8re du soleil, solides mais l\u00e9gers gr\u00e2ce aux cadres en aluminium peint, et les finitions sont enti\u00e8rement personnalisables. Le salon Da Vinci, utilisable \u00e0 l&rsquo;ext\u00e9rieur, [&hellip;]<\/p>\n","protected":false},"author":171,"featured_media":163959,"comment_status":"closed","ping_status":"closed","sticky":false,"template":"","format":"standard","meta":{"_acf_changed":false,"_monsterinsights_skip_tracking":false,"_monsterinsights_sitenote_active":false,"_monsterinsights_sitenote_note":"","_monsterinsights_sitenote_category":0,"footnotes":""},"categories":[4022],"tags":[],"class_list":["post-163962","post","type-post","status-publish","format-standard","has-post-thumbnail","hentry","category-editoriaux"],"acf":[],"yoast_head":"<!-- This site is optimized with the Yoast SEO plugin v27.5 - https:\/\/yoast.com\/product\/yoast-seo-wordpress\/ -->\n<title>Da Vinci, le salon d&#039;ext\u00e9rieur r\u00e9sistant<\/title>\n<meta name=\"robots\" content=\"index, follow, max-snippet:-1, max-image-preview:large, max-video-preview:-1\" \/>\n<link rel=\"canonical\" href=\"https:\/\/www.mondocamping.com\/fr\/da-vinci-le-salon-dexterieur-resistant\/\" \/>\n<meta property=\"og:locale\" content=\"fr_FR\" \/>\n<meta property=\"og:type\" content=\"article\" \/>\n<meta property=\"og:title\" content=\"Da Vinci, le salon d&#039;ext\u00e9rieur r\u00e9sistant\" \/>\n<meta property=\"og:description\" content=\"Da Vinci est le salon d&rsquo;Italsedie avec des si\u00e8ges en toile textil\u00e8ne, id\u00e9al pour les campings et les villages. Tous les \u00e9l\u00e9ments sont tr\u00e8s r\u00e9sistants aux intemp\u00e9ries et \u00e0 la lumi\u00e8re du soleil, solides mais l\u00e9gers gr\u00e2ce aux cadres en aluminium peint, et les finitions sont enti\u00e8rement personnalisables. Le salon Da Vinci, utilisable \u00e0 l&rsquo;ext\u00e9rieur, [&hellip;]\" \/>\n<meta property=\"og:url\" content=\"https:\/\/www.mondocamping.com\/fr\/da-vinci-le-salon-dexterieur-resistant\/\" \/>\n<meta property=\"og:site_name\" content=\"Mondo Camping\" \/>\n<meta property=\"article:publisher\" content=\"https:\/\/www.facebook.com\/mondobalneare\" \/>\n<meta property=\"article:published_time\" content=\"2023-06-30T21:14:59+00:00\" \/>\n<meta property=\"article:modified_time\" content=\"2023-07-01T06:31:14+00:00\" \/>\n<meta property=\"og:image\" content=\"https:\/\/www.mondocamping.com\/wp-content\/uploads\/2023\/06\/salottino-esterno-davinci.jpg\" \/>\n\t<meta property=\"og:image:width\" content=\"1000\" \/>\n\t<meta property=\"og:image:height\" content=\"535\" \/>\n\t<meta property=\"og:image:type\" content=\"image\/jpeg\" \/>\n<meta name=\"author\" content=\"Italsedie srl\" \/>\n<meta name=\"twitter:card\" content=\"summary_large_image\" \/>\n<meta name=\"twitter:creator\" content=\"@mondobalneare\" \/>\n<meta name=\"twitter:site\" content=\"@mondobalneare\" \/>\n<meta name=\"twitter:label1\" content=\"\u00c9crit par\" \/>\n\t<meta name=\"twitter:data1\" content=\"Italsedie srl\" \/>\n\t<meta name=\"twitter:label2\" content=\"Dur\u00e9e de lecture estim\u00e9e\" \/>\n\t<meta name=\"twitter:data2\" content=\"1 minute\" \/>\n<script type=\"application\/ld+json\" class=\"yoast-schema-graph\">{\"@context\":\"https:\\\/\\\/schema.org\",\"@graph\":[{\"@type\":\"Article\",\"@id\":\"https:\\\/\\\/www.mondocamping.com\\\/fr\\\/da-vinci-le-salon-dexterieur-resistant\\\/#article\",\"isPartOf\":{\"@id\":\"https:\\\/\\\/www.mondocamping.com\\\/fr\\\/da-vinci-le-salon-dexterieur-resistant\\\/\"},\"author\":{\"name\":\"Italsedie srl\",\"@id\":\"https:\\\/\\\/www.mondocamping.com\\\/#\\\/schema\\\/person\\\/8ebfc275f217c1199f46ee2c18785c63\"},\"headline\":\"Da Vinci, le salon d&rsquo;ext\u00e9rieur r\u00e9sistant\",\"datePublished\":\"2023-06-30T21:14:59+00:00\",\"dateModified\":\"2023-07-01T06:31:14+00:00\",\"mainEntityOfPage\":{\"@id\":\"https:\\\/\\\/www.mondocamping.com\\\/fr\\\/da-vinci-le-salon-dexterieur-resistant\\\/\"},\"wordCount\":162,\"publisher\":{\"@id\":\"https:\\\/\\\/www.mondocamping.com\\\/#organization\"},\"image\":{\"@id\":\"https:\\\/\\\/www.mondocamping.com\\\/fr\\\/da-vinci-le-salon-dexterieur-resistant\\\/#primaryimage\"},\"thumbnailUrl\":\"https:\\\/\\\/www.mondocamping.com\\\/wp-content\\\/uploads\\\/2023\\\/06\\\/salottino-esterno-davinci.jpg\",\"articleSection\":[\"\u00c9ditoriaux\"],\"inLanguage\":\"fr-FR\"},{\"@type\":\"WebPage\",\"@id\":\"https:\\\/\\\/www.mondocamping.com\\\/fr\\\/da-vinci-le-salon-dexterieur-resistant\\\/\",\"url\":\"https:\\\/\\\/www.mondocamping.com\\\/fr\\\/da-vinci-le-salon-dexterieur-resistant\\\/\",\"name\":\"Da Vinci, le salon d'ext\u00e9rieur r\u00e9sistant\",\"isPartOf\":{\"@id\":\"https:\\\/\\\/www.mondocamping.com\\\/#website\"},\"primaryImageOfPage\":{\"@id\":\"https:\\\/\\\/www.mondocamping.com\\\/fr\\\/da-vinci-le-salon-dexterieur-resistant\\\/#primaryimage\"},\"image\":{\"@id\":\"https:\\\/\\\/www.mondocamping.com\\\/fr\\\/da-vinci-le-salon-dexterieur-resistant\\\/#primaryimage\"},\"thumbnailUrl\":\"https:\\\/\\\/www.mondocamping.com\\\/wp-content\\\/uploads\\\/2023\\\/06\\\/salottino-esterno-davinci.jpg\",\"datePublished\":\"2023-06-30T21:14:59+00:00\",\"dateModified\":\"2023-07-01T06:31:14+00:00\",\"breadcrumb\":{\"@id\":\"https:\\\/\\\/www.mondocamping.com\\\/fr\\\/da-vinci-le-salon-dexterieur-resistant\\\/#breadcrumb\"},\"inLanguage\":\"fr-FR\",\"potentialAction\":[{\"@type\":\"ReadAction\",\"target\":[\"https:\\\/\\\/www.mondocamping.com\\\/fr\\\/da-vinci-le-salon-dexterieur-resistant\\\/\"]}]},{\"@type\":\"ImageObject\",\"inLanguage\":\"fr-FR\",\"@id\":\"https:\\\/\\\/www.mondocamping.com\\\/fr\\\/da-vinci-le-salon-dexterieur-resistant\\\/#primaryimage\",\"url\":\"https:\\\/\\\/www.mondocamping.com\\\/wp-content\\\/uploads\\\/2023\\\/06\\\/salottino-esterno-davinci.jpg\",\"contentUrl\":\"https:\\\/\\\/www.mondocamping.com\\\/wp-content\\\/uploads\\\/2023\\\/06\\\/salottino-esterno-davinci.jpg\",\"width\":1000,\"height\":535},{\"@type\":\"BreadcrumbList\",\"@id\":\"https:\\\/\\\/www.mondocamping.com\\\/fr\\\/da-vinci-le-salon-dexterieur-resistant\\\/#breadcrumb\",\"itemListElement\":[{\"@type\":\"ListItem\",\"position\":1,\"name\":\"Home\",\"item\":\"https:\\\/\\\/www.mondocamping.com\\\/fr\\\/\"},{\"@type\":\"ListItem\",\"position\":2,\"name\":\"Da Vinci, le salon d&#8217;ext\u00e9rieur r\u00e9sistant\"}]},{\"@type\":\"WebSite\",\"@id\":\"https:\\\/\\\/www.mondocamping.com\\\/#website\",\"url\":\"https:\\\/\\\/www.mondocamping.com\\\/\",\"name\":\"Mondo Camping\",\"description\":\"Le portail d\u00e9di\u00e9 aux gestionnaires de campings et villages touristiques\",\"publisher\":{\"@id\":\"https:\\\/\\\/www.mondocamping.com\\\/#organization\"},\"potentialAction\":[{\"@type\":\"SearchAction\",\"target\":{\"@type\":\"EntryPoint\",\"urlTemplate\":\"https:\\\/\\\/www.mondocamping.com\\\/?s={search_term_string}\"},\"query-input\":{\"@type\":\"PropertyValueSpecification\",\"valueRequired\":true,\"valueName\":\"search_term_string\"}}],\"inLanguage\":\"fr-FR\"},{\"@type\":\"Organization\",\"@id\":\"https:\\\/\\\/www.mondocamping.com\\\/#organization\",\"name\":\"Mondo Camping\",\"url\":\"https:\\\/\\\/www.mondocamping.com\\\/\",\"logo\":{\"@type\":\"ImageObject\",\"inLanguage\":\"fr-FR\",\"@id\":\"https:\\\/\\\/www.mondocamping.com\\\/#\\\/schema\\\/logo\\\/image\\\/\",\"url\":\"https:\\\/\\\/www.mondocamping.com\\\/wp-content\\\/uploads\\\/2022\\\/04\\\/mondo-camping-logo-contornato-1.png\",\"contentUrl\":\"https:\\\/\\\/www.mondocamping.com\\\/wp-content\\\/uploads\\\/2022\\\/04\\\/mondo-camping-logo-contornato-1.png\",\"width\":280,\"height\":90,\"caption\":\"Mondo Camping\"},\"image\":{\"@id\":\"https:\\\/\\\/www.mondocamping.com\\\/#\\\/schema\\\/logo\\\/image\\\/\"},\"sameAs\":[\"https:\\\/\\\/www.facebook.com\\\/mondobalneare\",\"https:\\\/\\\/x.com\\\/mondobalneare\",\"https:\\\/\\\/www.instagram.com\\\/mondobalneare\\\/\",\"https:\\\/\\\/www.linkedin.com\\\/company\\\/67180810\\\/\",\"https:\\\/\\\/www.youtube.com\\\/user\\\/mondobalnearevideo\"]},{\"@type\":\"Person\",\"@id\":\"https:\\\/\\\/www.mondocamping.com\\\/#\\\/schema\\\/person\\\/8ebfc275f217c1199f46ee2c18785c63\",\"name\":\"Italsedie srl\",\"image\":{\"@type\":\"ImageObject\",\"inLanguage\":\"fr-FR\",\"@id\":\"https:\\\/\\\/www.mondocamping.com\\\/wp-content\\\/uploads\\\/2019\\\/06\\\/italsedie-150x150.jpg\",\"url\":\"https:\\\/\\\/www.mondocamping.com\\\/wp-content\\\/uploads\\\/2019\\\/06\\\/italsedie-150x150.jpg\",\"contentUrl\":\"https:\\\/\\\/www.mondocamping.com\\\/wp-content\\\/uploads\\\/2019\\\/06\\\/italsedie-150x150.jpg\",\"caption\":\"Italsedie srl\"},\"description\":\"Tel. 0544 950573\"}]}<\/script>\n<!-- \/ Yoast SEO plugin. -->","yoast_head_json":{"title":"Da Vinci, le salon d'ext\u00e9rieur r\u00e9sistant","robots":{"index":"index","follow":"follow","max-snippet":"max-snippet:-1","max-image-preview":"max-image-preview:large","max-video-preview":"max-video-preview:-1"},"canonical":"https:\/\/www.mondocamping.com\/fr\/da-vinci-le-salon-dexterieur-resistant\/","og_locale":"fr_FR","og_type":"article","og_title":"Da Vinci, le salon d'ext\u00e9rieur r\u00e9sistant","og_description":"Da Vinci est le salon d&rsquo;Italsedie avec des si\u00e8ges en toile textil\u00e8ne, id\u00e9al pour les campings et les villages. Tous les \u00e9l\u00e9ments sont tr\u00e8s r\u00e9sistants aux intemp\u00e9ries et \u00e0 la lumi\u00e8re du soleil, solides mais l\u00e9gers gr\u00e2ce aux cadres en aluminium peint, et les finitions sont enti\u00e8rement personnalisables. Le salon Da Vinci, utilisable \u00e0 l&rsquo;ext\u00e9rieur, [&hellip;]","og_url":"https:\/\/www.mondocamping.com\/fr\/da-vinci-le-salon-dexterieur-resistant\/","og_site_name":"Mondo Camping","article_publisher":"https:\/\/www.facebook.com\/mondobalneare","article_published_time":"2023-06-30T21:14:59+00:00","article_modified_time":"2023-07-01T06:31:14+00:00","og_image":[{"width":1000,"height":535,"url":"https:\/\/www.mondocamping.com\/wp-content\/uploads\/2023\/06\/salottino-esterno-davinci.jpg","type":"image\/jpeg"}],"author":"Italsedie srl","twitter_card":"summary_large_image","twitter_creator":"@mondobalneare","twitter_site":"@mondobalneare","twitter_misc":{"\u00c9crit par":"Italsedie srl","Dur\u00e9e de lecture estim\u00e9e":"1 minute"},"schema":{"@context":"https:\/\/schema.org","@graph":[{"@type":"Article","@id":"https:\/\/www.mondocamping.com\/fr\/da-vinci-le-salon-dexterieur-resistant\/#article","isPartOf":{"@id":"https:\/\/www.mondocamping.com\/fr\/da-vinci-le-salon-dexterieur-resistant\/"},"author":{"name":"Italsedie srl","@id":"https:\/\/www.mondocamping.com\/#\/schema\/person\/8ebfc275f217c1199f46ee2c18785c63"},"headline":"Da Vinci, le salon d&rsquo;ext\u00e9rieur r\u00e9sistant","datePublished":"2023-06-30T21:14:59+00:00","dateModified":"2023-07-01T06:31:14+00:00","mainEntityOfPage":{"@id":"https:\/\/www.mondocamping.com\/fr\/da-vinci-le-salon-dexterieur-resistant\/"},"wordCount":162,"publisher":{"@id":"https:\/\/www.mondocamping.com\/#organization"},"image":{"@id":"https:\/\/www.mondocamping.com\/fr\/da-vinci-le-salon-dexterieur-resistant\/#primaryimage"},"thumbnailUrl":"https:\/\/www.mondocamping.com\/wp-content\/uploads\/2023\/06\/salottino-esterno-davinci.jpg","articleSection":["\u00c9ditoriaux"],"inLanguage":"fr-FR"},{"@type":"WebPage","@id":"https:\/\/www.mondocamping.com\/fr\/da-vinci-le-salon-dexterieur-resistant\/","url":"https:\/\/www.mondocamping.com\/fr\/da-vinci-le-salon-dexterieur-resistant\/","name":"Da Vinci, le salon d'ext\u00e9rieur r\u00e9sistant","isPartOf":{"@id":"https:\/\/www.mondocamping.com\/#website"},"primaryImageOfPage":{"@id":"https:\/\/www.mondocamping.com\/fr\/da-vinci-le-salon-dexterieur-resistant\/#primaryimage"},"image":{"@id":"https:\/\/www.mondocamping.com\/fr\/da-vinci-le-salon-dexterieur-resistant\/#primaryimage"},"thumbnailUrl":"https:\/\/www.mondocamping.com\/wp-content\/uploads\/2023\/06\/salottino-esterno-davinci.jpg","datePublished":"2023-06-30T21:14:59+00:00","dateModified":"2023-07-01T06:31:14+00:00","breadcrumb":{"@id":"https:\/\/www.mondocamping.com\/fr\/da-vinci-le-salon-dexterieur-resistant\/#breadcrumb"},"inLanguage":"fr-FR","potentialAction":[{"@type":"ReadAction","target":["https:\/\/www.mondocamping.com\/fr\/da-vinci-le-salon-dexterieur-resistant\/"]}]},{"@type":"ImageObject","inLanguage":"fr-FR","@id":"https:\/\/www.mondocamping.com\/fr\/da-vinci-le-salon-dexterieur-resistant\/#primaryimage","url":"https:\/\/www.mondocamping.com\/wp-content\/uploads\/2023\/06\/salottino-esterno-davinci.jpg","contentUrl":"https:\/\/www.mondocamping.com\/wp-content\/uploads\/2023\/06\/salottino-esterno-davinci.jpg","width":1000,"height":535},{"@type":"BreadcrumbList","@id":"https:\/\/www.mondocamping.com\/fr\/da-vinci-le-salon-dexterieur-resistant\/#breadcrumb","itemListElement":[{"@type":"ListItem","position":1,"name":"Home","item":"https:\/\/www.mondocamping.com\/fr\/"},{"@type":"ListItem","position":2,"name":"Da Vinci, le salon d&#8217;ext\u00e9rieur r\u00e9sistant"}]},{"@type":"WebSite","@id":"https:\/\/www.mondocamping.com\/#website","url":"https:\/\/www.mondocamping.com\/","name":"Mondo Camping","description":"Le portail d\u00e9di\u00e9 aux gestionnaires de campings et villages touristiques","publisher":{"@id":"https:\/\/www.mondocamping.com\/#organization"},"potentialAction":[{"@type":"SearchAction","target":{"@type":"EntryPoint","urlTemplate":"https:\/\/www.mondocamping.com\/?s={search_term_string}"},"query-input":{"@type":"PropertyValueSpecification","valueRequired":true,"valueName":"search_term_string"}}],"inLanguage":"fr-FR"},{"@type":"Organization","@id":"https:\/\/www.mondocamping.com\/#organization","name":"Mondo Camping","url":"https:\/\/www.mondocamping.com\/","logo":{"@type":"ImageObject","inLanguage":"fr-FR","@id":"https:\/\/www.mondocamping.com\/#\/schema\/logo\/image\/","url":"https:\/\/www.mondocamping.com\/wp-content\/uploads\/2022\/04\/mondo-camping-logo-contornato-1.png","contentUrl":"https:\/\/www.mondocamping.com\/wp-content\/uploads\/2022\/04\/mondo-camping-logo-contornato-1.png","width":280,"height":90,"caption":"Mondo Camping"},"image":{"@id":"https:\/\/www.mondocamping.com\/#\/schema\/logo\/image\/"},"sameAs":["https:\/\/www.facebook.com\/mondobalneare","https:\/\/x.com\/mondobalneare","https:\/\/www.instagram.com\/mondobalneare\/","https:\/\/www.linkedin.com\/company\/67180810\/","https:\/\/www.youtube.com\/user\/mondobalnearevideo"]},{"@type":"Person","@id":"https:\/\/www.mondocamping.com\/#\/schema\/person\/8ebfc275f217c1199f46ee2c18785c63","name":"Italsedie srl","image":{"@type":"ImageObject","inLanguage":"fr-FR","@id":"https:\/\/www.mondocamping.com\/wp-content\/uploads\/2019\/06\/italsedie-150x150.jpg","url":"https:\/\/www.mondocamping.com\/wp-content\/uploads\/2019\/06\/italsedie-150x150.jpg","contentUrl":"https:\/\/www.mondocamping.com\/wp-content\/uploads\/2019\/06\/italsedie-150x150.jpg","caption":"Italsedie srl"},"description":"Tel. 0544 950573"}]}},"_links":{"self":[{"href":"https:\/\/www.mondocamping.com\/fr\/wp-json\/wp\/v2\/posts\/163962","targetHints":{"allow":["GET"]}}],"collection":[{"href":"https:\/\/www.mondocamping.com\/fr\/wp-json\/wp\/v2\/posts"}],"about":[{"href":"https:\/\/www.mondocamping.com\/fr\/wp-json\/wp\/v2\/types\/post"}],"author":[{"embeddable":true,"href":"https:\/\/www.mondocamping.com\/fr\/wp-json\/wp\/v2\/users\/171"}],"replies":[{"embeddable":true,"href":"https:\/\/www.mondocamping.com\/fr\/wp-json\/wp\/v2\/comments?post=163962"}],"version-history":[{"count":1,"href":"https:\/\/www.mondocamping.com\/fr\/wp-json\/wp\/v2\/posts\/163962\/revisions"}],"predecessor-version":[{"id":163963,"href":"https:\/\/www.mondocamping.com\/fr\/wp-json\/wp\/v2\/posts\/163962\/revisions\/163963"}],"wp:featuredmedia":[{"embeddable":true,"href":"https:\/\/www.mondocamping.com\/fr\/wp-json\/wp\/v2\/media\/163959"}],"wp:attachment":[{"href":"https:\/\/www.mondocamping.com\/fr\/wp-json\/wp\/v2\/media?parent=163962"}],"wp:term":[{"taxonomy":"category","embeddable":true,"href":"https:\/\/www.mondocamping.com\/fr\/wp-json\/wp\/v2\/categories?post=163962"},{"taxonomy":"post_tag","embeddable":true,"href":"https:\/\/www.mondocamping.com\/fr\/wp-json\/wp\/v2\/tags?post=163962"}],"curies":[{"name":"wp","href":"https:\/\/api.w.org\/{rel}","templated":true}]}}