{"id":164017,"date":"2023-07-05T19:40:04","date_gmt":"2023-07-05T17:40:04","guid":{"rendered":"https:\/\/www.mondocamping.com\/camping-vision-acquiert-vacanceselect-expansion-vers-de-nouvelles-possibilites-de-vacances\/"},"modified":"2023-07-06T09:47:49","modified_gmt":"2023-07-06T07:47:49","slug":"camping-vision-acquiert-vacanceselect-expansion-vers-de-nouvelles-possibilites-de-vacances","status":"publish","type":"post","link":"https:\/\/www.mondocamping.com\/fr\/camping-vision-acquiert-vacanceselect-expansion-vers-de-nouvelles-possibilites-de-vacances\/","title":{"rendered":"Camping Vision acquiert Vacanceselect : expansion vers de nouvelles possibilit\u00e9s de vacances"},"content":{"rendered":"\n<p>Le <strong>European Camping Group<\/strong> (ECG) a acquis <strong>Vacanceselect<\/strong> au d\u00e9but de l&rsquo;ann\u00e9e 2023. Cette fusion apportera des nouvelles importantes pour les amateurs de <strong>camping en Europe<\/strong>.<\/p>\n\n<p>\u00c0 partir de la saison 2024, les h\u00e9bergements Vacanceselect rejoindront <strong>Homair<\/strong> et <strong>Eurocamp<\/strong>, qui appartiennent d\u00e9j\u00e0 au <strong>groupe ECG<\/strong>. Cette fusion repr\u00e9sente une opportunit\u00e9 pour les campeurs, car <strong>Camping Vision<\/strong>, filiale d&rsquo;ECG, transformera la marque Vacanceselect en une plateforme de vacances encore plus large. <strong>Le nom Vacanceselect sera h\u00e9rit\u00e9 par Camping Vision, ce qui le positionnera comme une r\u00e9f\u00e9rence pour les vacances dans de nombreux pays europ\u00e9ens.<\/strong><\/p>\n\n<p>Qu&rsquo;est-ce que cela signifie pour les campeurs ? Aux plus de mille campings 4 et 5 \u00e9toiles de haute qualit\u00e9 existants s&rsquo;ajouteront plusieurs <strong>parcs de vacances<\/strong> et <strong>resorts familiaux<\/strong>. Un grand pas en avant pour Camping Vision, qui souhaite devenir le <strong>premier fournisseur de vacances familiales en Europe.<\/strong><\/p>\n\n<p>Avec l&rsquo;ajout de la marque Vacanceselect, Camping Vision cr\u00e9e une <strong>nouvelle plateforme de distribution pour les campings et les tour-op\u00e9rateurs dans plus de 16 pays<\/strong>. Les campeurs pourront ainsi r\u00e9server des h\u00e9bergements de vacances dans toute l&rsquo;Europe, gr\u00e2ce \u00e0 un large choix de campings, de parcs de vacances et de centres familiaux. Gr\u00e2ce \u00e0 l&rsquo;expertise interne de Camping Vision en mati\u00e8re de <strong>marketing num\u00e9rique<\/strong>, de <strong>ventes<\/strong> et <strong>d&rsquo;informatique<\/strong>, les partenaires de la plateforme b\u00e9n\u00e9ficieront d&rsquo;un soutien commercial continu et auront la possibilit\u00e9 d&rsquo;optimiser le taux d&rsquo;occupation de leurs installations, augmentant ainsi la fr\u00e9quentation. En outre, les campeurs b\u00e9n\u00e9ficieront de <strong>meilleures conditions de paiement<\/strong> et d&rsquo;un <strong>contact personnel avec les gestionnaires de contrats de Camping Vision<\/strong>.<\/p>\n\n<p>Avec l&rsquo;int\u00e9gration de Vacanceselect dans les syst\u00e8mes et les m\u00e9thodes de travail de Camping Vision, la r\u00e9servation de logements de vacances en Europe sera plus facile et plus pratique. <\/p>\n\n<p>Camping Vision est un tour op\u00e9rateur bas\u00e9 en <strong>Suisse<\/strong> et aux <strong>Pays-Bas<\/strong>, connu pour ses marques <strong>Allcamps<\/strong>, <strong>LuxCamp<\/strong> et les marques danoises <strong>Danskbilferie<\/strong> et <strong>Friferie<\/strong>. L&rsquo;histoire de Vacanceselect commence en 1984, lorsque <strong>Loek van de Loo<\/strong> fonde la soci\u00e9t\u00e9 n\u00e9erlandaise. Au fil des ans, Vacanceselect a connu une croissance rapide et s&rsquo;est d\u00e9velopp\u00e9e en Italie, devenant une organisation de camping en plein air avec des op\u00e9rations internationales. En 2018, l&rsquo;entreprise a \u00e9t\u00e9 rachet\u00e9e par la soci\u00e9t\u00e9 fran\u00e7aise <strong>Vacalians<\/strong> et a poursuivi ses activit\u00e9s sous le nom de Groupe Vacanceselect. Aujourd&rsquo;hui, avec l&rsquo;acquisition par European Camping Group, Vacanceselect rejoindra Camping Vision pour cr\u00e9er une exp\u00e9rience encore meilleure pour les campeurs \u00e0 travers l&rsquo;Europe.<\/p>\n","protected":false},"excerpt":{"rendered":"<p>Le European Camping Group (ECG) a acquis Vacanceselect au d\u00e9but de l&rsquo;ann\u00e9e 2023. Cette fusion apportera des nouvelles importantes pour les amateurs de camping en Europe. \u00c0 partir de la saison 2024, les h\u00e9bergements Vacanceselect rejoindront Homair et Eurocamp, qui appartiennent d\u00e9j\u00e0 au groupe ECG. Cette fusion repr\u00e9sente une opportunit\u00e9 pour les campeurs, car Camping [&hellip;]<\/p>\n","protected":false},"author":173,"featured_media":164014,"comment_status":"closed","ping_status":"closed","sticky":false,"template":"","format":"standard","meta":{"_acf_changed":false,"_monsterinsights_skip_tracking":false,"_monsterinsights_sitenote_active":false,"_monsterinsights_sitenote_note":"","_monsterinsights_sitenote_category":0,"footnotes":""},"categories":[4024],"tags":[5166,4189,5169,4332,5160,5168,5171,4262,5170,5172],"class_list":["post-164017","post","type-post","status-publish","format-standard","has-post-thumbnail","hentry","category-actualite","tag-acquisition","tag-camping-fr","tag-camping-vision-fr","tag-european-camping-group-fr","tag-gruppo-european-camping","tag-homair-fr","tag-loek-van-de-loo-fr","tag-mondo-camping-fr","tag-tour-operateur","tag-vacalians-fr"],"acf":[],"yoast_head":"<!-- This site is optimized with the Yoast SEO plugin v27.5 - https:\/\/yoast.com\/product\/yoast-seo-wordpress\/ -->\n<title>Camping Vision acquiert Vacanceselect : expansion vers de nouvelles possibilit\u00e9s de vacances<\/title>\n<meta name=\"robots\" content=\"index, follow, max-snippet:-1, max-image-preview:large, max-video-preview:-1\" \/>\n<link rel=\"canonical\" href=\"https:\/\/www.mondocamping.com\/fr\/camping-vision-acquiert-vacanceselect-expansion-vers-de-nouvelles-possibilites-de-vacances\/\" \/>\n<meta property=\"og:locale\" content=\"fr_FR\" \/>\n<meta property=\"og:type\" content=\"article\" \/>\n<meta property=\"og:title\" content=\"Camping Vision acquiert Vacanceselect : expansion vers de nouvelles possibilit\u00e9s de vacances\" \/>\n<meta property=\"og:description\" content=\"Le European Camping Group (ECG) a acquis Vacanceselect au d\u00e9but de l&rsquo;ann\u00e9e 2023. Cette fusion apportera des nouvelles importantes pour les amateurs de camping en Europe. \u00c0 partir de la saison 2024, les h\u00e9bergements Vacanceselect rejoindront Homair et Eurocamp, qui appartiennent d\u00e9j\u00e0 au groupe ECG. Cette fusion repr\u00e9sente une opportunit\u00e9 pour les campeurs, car Camping [&hellip;]\" \/>\n<meta property=\"og:url\" content=\"https:\/\/www.mondocamping.com\/fr\/camping-vision-acquiert-vacanceselect-expansion-vers-de-nouvelles-possibilites-de-vacances\/\" \/>\n<meta property=\"og:site_name\" content=\"Mondo Camping\" \/>\n<meta property=\"article:publisher\" content=\"https:\/\/www.facebook.com\/mondobalneare\" \/>\n<meta property=\"article:published_time\" content=\"2023-07-05T17:40:04+00:00\" \/>\n<meta property=\"article:modified_time\" content=\"2023-07-06T07:47:49+00:00\" \/>\n<meta property=\"og:image\" content=\"https:\/\/www.mondocamping.com\/wp-content\/uploads\/2023\/07\/camping-visione-notizie-1.jpg\" \/>\n\t<meta property=\"og:image:width\" content=\"1000\" \/>\n\t<meta property=\"og:image:height\" content=\"545\" \/>\n\t<meta property=\"og:image:type\" content=\"image\/jpeg\" \/>\n<meta name=\"author\" content=\"Helene Laurent\" \/>\n<meta name=\"twitter:card\" content=\"summary_large_image\" \/>\n<meta name=\"twitter:creator\" content=\"@mondobalneare\" \/>\n<meta name=\"twitter:site\" content=\"@mondobalneare\" \/>\n<meta name=\"twitter:label1\" content=\"\u00c9crit par\" \/>\n\t<meta name=\"twitter:data1\" content=\"Helene Laurent\" \/>\n\t<meta name=\"twitter:label2\" content=\"Dur\u00e9e de lecture estim\u00e9e\" \/>\n\t<meta name=\"twitter:data2\" content=\"2 minutes\" \/>\n<script type=\"application\/ld+json\" class=\"yoast-schema-graph\">{\"@context\":\"https:\\\/\\\/schema.org\",\"@graph\":[{\"@type\":\"Article\",\"@id\":\"https:\\\/\\\/www.mondocamping.com\\\/fr\\\/camping-vision-acquiert-vacanceselect-expansion-vers-de-nouvelles-possibilites-de-vacances\\\/#article\",\"isPartOf\":{\"@id\":\"https:\\\/\\\/www.mondocamping.com\\\/fr\\\/camping-vision-acquiert-vacanceselect-expansion-vers-de-nouvelles-possibilites-de-vacances\\\/\"},\"author\":{\"name\":\"Helene Laurent\",\"@id\":\"https:\\\/\\\/www.mondocamping.com\\\/#\\\/schema\\\/person\\\/eed3ea815a73a3cec3f6176e03072382\"},\"headline\":\"Camping Vision acquiert Vacanceselect : expansion vers de nouvelles possibilit\u00e9s de vacances\",\"datePublished\":\"2023-07-05T17:40:04+00:00\",\"dateModified\":\"2023-07-06T07:47:49+00:00\",\"mainEntityOfPage\":{\"@id\":\"https:\\\/\\\/www.mondocamping.com\\\/fr\\\/camping-vision-acquiert-vacanceselect-expansion-vers-de-nouvelles-possibilites-de-vacances\\\/\"},\"wordCount\":454,\"publisher\":{\"@id\":\"https:\\\/\\\/www.mondocamping.com\\\/#organization\"},\"image\":{\"@id\":\"https:\\\/\\\/www.mondocamping.com\\\/fr\\\/camping-vision-acquiert-vacanceselect-expansion-vers-de-nouvelles-possibilites-de-vacances\\\/#primaryimage\"},\"thumbnailUrl\":\"https:\\\/\\\/www.mondocamping.com\\\/wp-content\\\/uploads\\\/2023\\\/07\\\/camping-visione-notizie-1.jpg\",\"keywords\":[\"Acquisition\",\"camping\",\"Camping Vision\",\"European Camping Group\",\"Gruppo European Camping\",\"Homair\",\"Loek van de Loo\",\"Mondo Camping\",\"tour op\u00e9rateur\",\"Vacalians\"],\"articleSection\":[\"Actualit\u00e9\"],\"inLanguage\":\"fr-FR\"},{\"@type\":\"WebPage\",\"@id\":\"https:\\\/\\\/www.mondocamping.com\\\/fr\\\/camping-vision-acquiert-vacanceselect-expansion-vers-de-nouvelles-possibilites-de-vacances\\\/\",\"url\":\"https:\\\/\\\/www.mondocamping.com\\\/fr\\\/camping-vision-acquiert-vacanceselect-expansion-vers-de-nouvelles-possibilites-de-vacances\\\/\",\"name\":\"Camping Vision acquiert Vacanceselect : expansion vers de nouvelles possibilit\u00e9s de vacances\",\"isPartOf\":{\"@id\":\"https:\\\/\\\/www.mondocamping.com\\\/#website\"},\"primaryImageOfPage\":{\"@id\":\"https:\\\/\\\/www.mondocamping.com\\\/fr\\\/camping-vision-acquiert-vacanceselect-expansion-vers-de-nouvelles-possibilites-de-vacances\\\/#primaryimage\"},\"image\":{\"@id\":\"https:\\\/\\\/www.mondocamping.com\\\/fr\\\/camping-vision-acquiert-vacanceselect-expansion-vers-de-nouvelles-possibilites-de-vacances\\\/#primaryimage\"},\"thumbnailUrl\":\"https:\\\/\\\/www.mondocamping.com\\\/wp-content\\\/uploads\\\/2023\\\/07\\\/camping-visione-notizie-1.jpg\",\"datePublished\":\"2023-07-05T17:40:04+00:00\",\"dateModified\":\"2023-07-06T07:47:49+00:00\",\"breadcrumb\":{\"@id\":\"https:\\\/\\\/www.mondocamping.com\\\/fr\\\/camping-vision-acquiert-vacanceselect-expansion-vers-de-nouvelles-possibilites-de-vacances\\\/#breadcrumb\"},\"inLanguage\":\"fr-FR\",\"potentialAction\":[{\"@type\":\"ReadAction\",\"target\":[\"https:\\\/\\\/www.mondocamping.com\\\/fr\\\/camping-vision-acquiert-vacanceselect-expansion-vers-de-nouvelles-possibilites-de-vacances\\\/\"]}]},{\"@type\":\"ImageObject\",\"inLanguage\":\"fr-FR\",\"@id\":\"https:\\\/\\\/www.mondocamping.com\\\/fr\\\/camping-vision-acquiert-vacanceselect-expansion-vers-de-nouvelles-possibilites-de-vacances\\\/#primaryimage\",\"url\":\"https:\\\/\\\/www.mondocamping.com\\\/wp-content\\\/uploads\\\/2023\\\/07\\\/camping-visione-notizie-1.jpg\",\"contentUrl\":\"https:\\\/\\\/www.mondocamping.com\\\/wp-content\\\/uploads\\\/2023\\\/07\\\/camping-visione-notizie-1.jpg\",\"width\":1000,\"height\":545},{\"@type\":\"BreadcrumbList\",\"@id\":\"https:\\\/\\\/www.mondocamping.com\\\/fr\\\/camping-vision-acquiert-vacanceselect-expansion-vers-de-nouvelles-possibilites-de-vacances\\\/#breadcrumb\",\"itemListElement\":[{\"@type\":\"ListItem\",\"position\":1,\"name\":\"Home\",\"item\":\"https:\\\/\\\/www.mondocamping.com\\\/fr\\\/\"},{\"@type\":\"ListItem\",\"position\":2,\"name\":\"Camping Vision acquiert Vacanceselect : expansion vers de nouvelles possibilit\u00e9s de vacances\"}]},{\"@type\":\"WebSite\",\"@id\":\"https:\\\/\\\/www.mondocamping.com\\\/#website\",\"url\":\"https:\\\/\\\/www.mondocamping.com\\\/\",\"name\":\"Mondo Camping\",\"description\":\"Le portail d\u00e9di\u00e9 aux gestionnaires de campings et villages touristiques\",\"publisher\":{\"@id\":\"https:\\\/\\\/www.mondocamping.com\\\/#organization\"},\"potentialAction\":[{\"@type\":\"SearchAction\",\"target\":{\"@type\":\"EntryPoint\",\"urlTemplate\":\"https:\\\/\\\/www.mondocamping.com\\\/?s={search_term_string}\"},\"query-input\":{\"@type\":\"PropertyValueSpecification\",\"valueRequired\":true,\"valueName\":\"search_term_string\"}}],\"inLanguage\":\"fr-FR\"},{\"@type\":\"Organization\",\"@id\":\"https:\\\/\\\/www.mondocamping.com\\\/#organization\",\"name\":\"Mondo Camping\",\"url\":\"https:\\\/\\\/www.mondocamping.com\\\/\",\"logo\":{\"@type\":\"ImageObject\",\"inLanguage\":\"fr-FR\",\"@id\":\"https:\\\/\\\/www.mondocamping.com\\\/#\\\/schema\\\/logo\\\/image\\\/\",\"url\":\"https:\\\/\\\/www.mondocamping.com\\\/wp-content\\\/uploads\\\/2022\\\/04\\\/mondo-camping-logo-contornato-1.png\",\"contentUrl\":\"https:\\\/\\\/www.mondocamping.com\\\/wp-content\\\/uploads\\\/2022\\\/04\\\/mondo-camping-logo-contornato-1.png\",\"width\":280,\"height\":90,\"caption\":\"Mondo Camping\"},\"image\":{\"@id\":\"https:\\\/\\\/www.mondocamping.com\\\/#\\\/schema\\\/logo\\\/image\\\/\"},\"sameAs\":[\"https:\\\/\\\/www.facebook.com\\\/mondobalneare\",\"https:\\\/\\\/x.com\\\/mondobalneare\",\"https:\\\/\\\/www.instagram.com\\\/mondobalneare\\\/\",\"https:\\\/\\\/www.linkedin.com\\\/company\\\/67180810\\\/\",\"https:\\\/\\\/www.youtube.com\\\/user\\\/mondobalnearevideo\"]},{\"@type\":\"Person\",\"@id\":\"https:\\\/\\\/www.mondocamping.com\\\/#\\\/schema\\\/person\\\/eed3ea815a73a3cec3f6176e03072382\",\"name\":\"Helene Laurent\",\"image\":{\"@type\":\"ImageObject\",\"inLanguage\":\"fr-FR\",\"@id\":\"https:\\\/\\\/secure.gravatar.com\\\/avatar\\\/bac70d5cf6bff3519b930133cdbb588b1735215eb294cccae818e7422efb7469?s=96&d=mm&r=g\",\"url\":\"https:\\\/\\\/secure.gravatar.com\\\/avatar\\\/bac70d5cf6bff3519b930133cdbb588b1735215eb294cccae818e7422efb7469?s=96&d=mm&r=g\",\"contentUrl\":\"https:\\\/\\\/secure.gravatar.com\\\/avatar\\\/bac70d5cf6bff3519b930133cdbb588b1735215eb294cccae818e7422efb7469?s=96&d=mm&r=g\",\"caption\":\"Helene Laurent\"}}]}<\/script>\n<!-- \/ Yoast SEO plugin. -->","yoast_head_json":{"title":"Camping Vision acquiert Vacanceselect : expansion vers de nouvelles possibilit\u00e9s de vacances","robots":{"index":"index","follow":"follow","max-snippet":"max-snippet:-1","max-image-preview":"max-image-preview:large","max-video-preview":"max-video-preview:-1"},"canonical":"https:\/\/www.mondocamping.com\/fr\/camping-vision-acquiert-vacanceselect-expansion-vers-de-nouvelles-possibilites-de-vacances\/","og_locale":"fr_FR","og_type":"article","og_title":"Camping Vision acquiert Vacanceselect : expansion vers de nouvelles possibilit\u00e9s de vacances","og_description":"Le European Camping Group (ECG) a acquis Vacanceselect au d\u00e9but de l&rsquo;ann\u00e9e 2023. Cette fusion apportera des nouvelles importantes pour les amateurs de camping en Europe. \u00c0 partir de la saison 2024, les h\u00e9bergements Vacanceselect rejoindront Homair et Eurocamp, qui appartiennent d\u00e9j\u00e0 au groupe ECG. Cette fusion repr\u00e9sente une opportunit\u00e9 pour les campeurs, car Camping [&hellip;]","og_url":"https:\/\/www.mondocamping.com\/fr\/camping-vision-acquiert-vacanceselect-expansion-vers-de-nouvelles-possibilites-de-vacances\/","og_site_name":"Mondo Camping","article_publisher":"https:\/\/www.facebook.com\/mondobalneare","article_published_time":"2023-07-05T17:40:04+00:00","article_modified_time":"2023-07-06T07:47:49+00:00","og_image":[{"width":1000,"height":545,"url":"https:\/\/www.mondocamping.com\/wp-content\/uploads\/2023\/07\/camping-visione-notizie-1.jpg","type":"image\/jpeg"}],"author":"Helene Laurent","twitter_card":"summary_large_image","twitter_creator":"@mondobalneare","twitter_site":"@mondobalneare","twitter_misc":{"\u00c9crit par":"Helene Laurent","Dur\u00e9e de lecture estim\u00e9e":"2 minutes"},"schema":{"@context":"https:\/\/schema.org","@graph":[{"@type":"Article","@id":"https:\/\/www.mondocamping.com\/fr\/camping-vision-acquiert-vacanceselect-expansion-vers-de-nouvelles-possibilites-de-vacances\/#article","isPartOf":{"@id":"https:\/\/www.mondocamping.com\/fr\/camping-vision-acquiert-vacanceselect-expansion-vers-de-nouvelles-possibilites-de-vacances\/"},"author":{"name":"Helene Laurent","@id":"https:\/\/www.mondocamping.com\/#\/schema\/person\/eed3ea815a73a3cec3f6176e03072382"},"headline":"Camping Vision acquiert Vacanceselect : expansion vers de nouvelles possibilit\u00e9s de vacances","datePublished":"2023-07-05T17:40:04+00:00","dateModified":"2023-07-06T07:47:49+00:00","mainEntityOfPage":{"@id":"https:\/\/www.mondocamping.com\/fr\/camping-vision-acquiert-vacanceselect-expansion-vers-de-nouvelles-possibilites-de-vacances\/"},"wordCount":454,"publisher":{"@id":"https:\/\/www.mondocamping.com\/#organization"},"image":{"@id":"https:\/\/www.mondocamping.com\/fr\/camping-vision-acquiert-vacanceselect-expansion-vers-de-nouvelles-possibilites-de-vacances\/#primaryimage"},"thumbnailUrl":"https:\/\/www.mondocamping.com\/wp-content\/uploads\/2023\/07\/camping-visione-notizie-1.jpg","keywords":["Acquisition","camping","Camping Vision","European Camping Group","Gruppo European Camping","Homair","Loek van de Loo","Mondo Camping","tour op\u00e9rateur","Vacalians"],"articleSection":["Actualit\u00e9"],"inLanguage":"fr-FR"},{"@type":"WebPage","@id":"https:\/\/www.mondocamping.com\/fr\/camping-vision-acquiert-vacanceselect-expansion-vers-de-nouvelles-possibilites-de-vacances\/","url":"https:\/\/www.mondocamping.com\/fr\/camping-vision-acquiert-vacanceselect-expansion-vers-de-nouvelles-possibilites-de-vacances\/","name":"Camping Vision acquiert Vacanceselect : expansion vers de nouvelles possibilit\u00e9s de vacances","isPartOf":{"@id":"https:\/\/www.mondocamping.com\/#website"},"primaryImageOfPage":{"@id":"https:\/\/www.mondocamping.com\/fr\/camping-vision-acquiert-vacanceselect-expansion-vers-de-nouvelles-possibilites-de-vacances\/#primaryimage"},"image":{"@id":"https:\/\/www.mondocamping.com\/fr\/camping-vision-acquiert-vacanceselect-expansion-vers-de-nouvelles-possibilites-de-vacances\/#primaryimage"},"thumbnailUrl":"https:\/\/www.mondocamping.com\/wp-content\/uploads\/2023\/07\/camping-visione-notizie-1.jpg","datePublished":"2023-07-05T17:40:04+00:00","dateModified":"2023-07-06T07:47:49+00:00","breadcrumb":{"@id":"https:\/\/www.mondocamping.com\/fr\/camping-vision-acquiert-vacanceselect-expansion-vers-de-nouvelles-possibilites-de-vacances\/#breadcrumb"},"inLanguage":"fr-FR","potentialAction":[{"@type":"ReadAction","target":["https:\/\/www.mondocamping.com\/fr\/camping-vision-acquiert-vacanceselect-expansion-vers-de-nouvelles-possibilites-de-vacances\/"]}]},{"@type":"ImageObject","inLanguage":"fr-FR","@id":"https:\/\/www.mondocamping.com\/fr\/camping-vision-acquiert-vacanceselect-expansion-vers-de-nouvelles-possibilites-de-vacances\/#primaryimage","url":"https:\/\/www.mondocamping.com\/wp-content\/uploads\/2023\/07\/camping-visione-notizie-1.jpg","contentUrl":"https:\/\/www.mondocamping.com\/wp-content\/uploads\/2023\/07\/camping-visione-notizie-1.jpg","width":1000,"height":545},{"@type":"BreadcrumbList","@id":"https:\/\/www.mondocamping.com\/fr\/camping-vision-acquiert-vacanceselect-expansion-vers-de-nouvelles-possibilites-de-vacances\/#breadcrumb","itemListElement":[{"@type":"ListItem","position":1,"name":"Home","item":"https:\/\/www.mondocamping.com\/fr\/"},{"@type":"ListItem","position":2,"name":"Camping Vision acquiert Vacanceselect : expansion vers de nouvelles possibilit\u00e9s de vacances"}]},{"@type":"WebSite","@id":"https:\/\/www.mondocamping.com\/#website","url":"https:\/\/www.mondocamping.com\/","name":"Mondo Camping","description":"Le portail d\u00e9di\u00e9 aux gestionnaires de campings et villages touristiques","publisher":{"@id":"https:\/\/www.mondocamping.com\/#organization"},"potentialAction":[{"@type":"SearchAction","target":{"@type":"EntryPoint","urlTemplate":"https:\/\/www.mondocamping.com\/?s={search_term_string}"},"query-input":{"@type":"PropertyValueSpecification","valueRequired":true,"valueName":"search_term_string"}}],"inLanguage":"fr-FR"},{"@type":"Organization","@id":"https:\/\/www.mondocamping.com\/#organization","name":"Mondo Camping","url":"https:\/\/www.mondocamping.com\/","logo":{"@type":"ImageObject","inLanguage":"fr-FR","@id":"https:\/\/www.mondocamping.com\/#\/schema\/logo\/image\/","url":"https:\/\/www.mondocamping.com\/wp-content\/uploads\/2022\/04\/mondo-camping-logo-contornato-1.png","contentUrl":"https:\/\/www.mondocamping.com\/wp-content\/uploads\/2022\/04\/mondo-camping-logo-contornato-1.png","width":280,"height":90,"caption":"Mondo Camping"},"image":{"@id":"https:\/\/www.mondocamping.com\/#\/schema\/logo\/image\/"},"sameAs":["https:\/\/www.facebook.com\/mondobalneare","https:\/\/x.com\/mondobalneare","https:\/\/www.instagram.com\/mondobalneare\/","https:\/\/www.linkedin.com\/company\/67180810\/","https:\/\/www.youtube.com\/user\/mondobalnearevideo"]},{"@type":"Person","@id":"https:\/\/www.mondocamping.com\/#\/schema\/person\/eed3ea815a73a3cec3f6176e03072382","name":"Helene Laurent","image":{"@type":"ImageObject","inLanguage":"fr-FR","@id":"https:\/\/secure.gravatar.com\/avatar\/bac70d5cf6bff3519b930133cdbb588b1735215eb294cccae818e7422efb7469?s=96&d=mm&r=g","url":"https:\/\/secure.gravatar.com\/avatar\/bac70d5cf6bff3519b930133cdbb588b1735215eb294cccae818e7422efb7469?s=96&d=mm&r=g","contentUrl":"https:\/\/secure.gravatar.com\/avatar\/bac70d5cf6bff3519b930133cdbb588b1735215eb294cccae818e7422efb7469?s=96&d=mm&r=g","caption":"Helene Laurent"}}]}},"_links":{"self":[{"href":"https:\/\/www.mondocamping.com\/fr\/wp-json\/wp\/v2\/posts\/164017","targetHints":{"allow":["GET"]}}],"collection":[{"href":"https:\/\/www.mondocamping.com\/fr\/wp-json\/wp\/v2\/posts"}],"about":[{"href":"https:\/\/www.mondocamping.com\/fr\/wp-json\/wp\/v2\/types\/post"}],"author":[{"embeddable":true,"href":"https:\/\/www.mondocamping.com\/fr\/wp-json\/wp\/v2\/users\/173"}],"replies":[{"embeddable":true,"href":"https:\/\/www.mondocamping.com\/fr\/wp-json\/wp\/v2\/comments?post=164017"}],"version-history":[{"count":1,"href":"https:\/\/www.mondocamping.com\/fr\/wp-json\/wp\/v2\/posts\/164017\/revisions"}],"predecessor-version":[{"id":164018,"href":"https:\/\/www.mondocamping.com\/fr\/wp-json\/wp\/v2\/posts\/164017\/revisions\/164018"}],"wp:featuredmedia":[{"embeddable":true,"href":"https:\/\/www.mondocamping.com\/fr\/wp-json\/wp\/v2\/media\/164014"}],"wp:attachment":[{"href":"https:\/\/www.mondocamping.com\/fr\/wp-json\/wp\/v2\/media?parent=164017"}],"wp:term":[{"taxonomy":"category","embeddable":true,"href":"https:\/\/www.mondocamping.com\/fr\/wp-json\/wp\/v2\/categories?post=164017"},{"taxonomy":"post_tag","embeddable":true,"href":"https:\/\/www.mondocamping.com\/fr\/wp-json\/wp\/v2\/tags?post=164017"}],"curies":[{"name":"wp","href":"https:\/\/api.w.org\/{rel}","templated":true}]}}