{"id":164084,"date":"2023-07-13T17:28:14","date_gmt":"2023-07-13T15:28:14","guid":{"rendered":"https:\/\/www.mondocamping.com\/ete-record-pour-les-campings-espagnols-taux-doccupation-moyen-de-90-pour-cent\/"},"modified":"2023-07-13T17:29:20","modified_gmt":"2023-07-13T15:29:20","slug":"ete-record-pour-les-campings-espagnols-taux-doccupation-moyen-de-90-pour-cent","status":"publish","type":"post","link":"https:\/\/www.mondocamping.com\/fr\/ete-record-pour-les-campings-espagnols-taux-doccupation-moyen-de-90-pour-cent\/","title":{"rendered":"\u00c9t\u00e9 record pour les campings espagnols : taux d&rsquo;occupation moyen de 90 pour cent"},"content":{"rendered":"\n<p><strong>Les campings espagnols<\/strong> connaissent un \u00ab\u00a0\u00e9t\u00e9 historique\u00a0\u00bb avec un taux d&rsquo;<strong>occupation de 90 %<\/strong>, malgr\u00e9 une augmentation des prix de 5 %. Le s\u00e9jour moyen est d&rsquo;environ sept jours, avec une<strong> d\u00e9pense moyenne de 120 \u00e0 140 euros par famille<\/strong>. Les campings se pr\u00e9parent \u00e0 d\u00e9passer les r\u00e9sultats de l&rsquo;ann\u00e9e derni\u00e8re, confirmant ainsi leur popularit\u00e9 et leur attractivit\u00e9. Un exemple de r\u00e9ussite est le <strong>camping Cabo Pino \u00e0 Malaga<\/strong>, o\u00f9 la gamme d&rsquo;activit\u00e9s propos\u00e9es et la possibilit\u00e9 de profiter du plein air sont devenues les cl\u00e9s de leur succ\u00e8s.<\/p>\n\n<p>L&rsquo;un des facteurs d\u00e9terminants est le <strong>large \u00e9ventail d&rsquo;activit\u00e9s propos\u00e9es<\/strong> pour tous les \u00e2ges. Cette vari\u00e9t\u00e9 de divertissements fait des campings un choix attrayant pour ceux qui recherchent des vacances amusantes et attrayantes pour toute la famille.<\/p>\n\n<p>La <strong>pand\u00e9mie<\/strong> a \u00e9t\u00e9 l&rsquo;un des principaux facteurs contribuant au succ\u00e8s du camping. D&rsquo;apr\u00e8s les t\u00e9moignages recueillis, <strong>de nombreuses personnes qui n&rsquo;avaient jamais envisag\u00e9 l&rsquo;option du camping dans le pass\u00e9 ont commenc\u00e9 \u00e0 explorer cette alternative et \u00e0 l&rsquo;appr\u00e9cier<\/strong>. Apr\u00e8s la longue quarantaine et les restrictions impos\u00e9es par la crise sanitaire, les campings ont constitu\u00e9 un moyen pratique et s\u00fbr de passer du temps en plein air, loin des foules et entour\u00e9 par la nature.<\/p>\n\n<p>L&rsquo;un des facteurs qui font du camping<strong> un choix rentable<\/strong> par rapport \u00e0 d&rsquo;autres options de vacances est le co\u00fbt. Selon les g\u00e9rants du camping de Cabo Pino, <strong>une journ\u00e9e pass\u00e9e sur un emplacement peut co\u00fbter environ 50 euros<\/strong>, tandis qu&rsquo;<strong>un s\u00e9jour dans un bungalow co\u00fbte environ 120 euros<\/strong>. Ces tarifs abordables, combin\u00e9s \u00e0 la vaste gamme d&rsquo;activit\u00e9s propos\u00e9es et \u00e0 l&rsquo;exp\u00e9rience en plein air, font des campings un choix attrayant pour les familles \u00e0 la recherche de vacances bon march\u00e9, sans pour autant sacrifier la qualit\u00e9 et le plaisir.<\/p>\n\n<p>Les campings espagnols connaissent un \u00e9t\u00e9 record, <strong>avec un taux d&rsquo;occupation moyen de 90 %<\/strong> et des prix l\u00e9g\u00e8rement sup\u00e9rieurs \u00e0 ceux de l&rsquo;ann\u00e9e pr\u00e9c\u00e9dente. L&rsquo;offre d&rsquo;activit\u00e9s et la possibilit\u00e9 de profiter du plein air sont devenues les cl\u00e9s du succ\u00e8s des campings, qui ont r\u00e9ussi \u00e0 attirer \u00e0 la fois les touristes r\u00e9guliers et ceux qui, en raison de la pand\u00e9mie, d\u00e9couvrent cette option de vacances pour la premi\u00e8re fois. Avec des tarifs abordables et de nombreux divertissements, les campings espagnols sont un choix pratique pour les familles qui souhaitent passer des vacances amusantes, s\u00fbres et \u00e9conomiques.<\/p>\n","protected":false},"excerpt":{"rendered":"<p>Les campings espagnols connaissent un \u00ab\u00a0\u00e9t\u00e9 historique\u00a0\u00bb avec un taux d&rsquo;occupation de 90 %, malgr\u00e9 une augmentation des prix de 5 %. Le s\u00e9jour moyen est d&rsquo;environ sept jours, avec une d\u00e9pense moyenne de 120 \u00e0 140 euros par famille. Les campings se pr\u00e9parent \u00e0 d\u00e9passer les r\u00e9sultats de l&rsquo;ann\u00e9e derni\u00e8re, confirmant ainsi leur popularit\u00e9 [&hellip;]<\/p>\n","protected":false},"author":173,"featured_media":161092,"comment_status":"closed","ping_status":"closed","sticky":false,"template":"","format":"standard","meta":{"_acf_changed":false,"_monsterinsights_skip_tracking":false,"_monsterinsights_sitenote_active":false,"_monsterinsights_sitenote_note":"","_monsterinsights_sitenote_category":0,"footnotes":""},"categories":[4024],"tags":[5231,5232,5233,5234,4940],"class_list":["post-164084","post","type-post","status-publish","format-standard","has-post-thumbnail","hentry","category-actualite","tag-bungalow-fr","tag-cabo-pino-fr","tag-campings-espagnols","tag-offre","tag-prix"],"acf":[],"yoast_head":"<!-- This site is optimized with the Yoast SEO plugin v27.5 - https:\/\/yoast.com\/product\/yoast-seo-wordpress\/ -->\n<title>\u00c9t\u00e9 record pour les campings espagnols : taux d&#039;occupation moyen de 90 pour cent<\/title>\n<meta name=\"robots\" content=\"index, follow, max-snippet:-1, max-image-preview:large, max-video-preview:-1\" \/>\n<link rel=\"canonical\" href=\"https:\/\/www.mondocamping.com\/fr\/ete-record-pour-les-campings-espagnols-taux-doccupation-moyen-de-90-pour-cent\/\" \/>\n<meta property=\"og:locale\" content=\"fr_FR\" \/>\n<meta property=\"og:type\" content=\"article\" \/>\n<meta property=\"og:title\" content=\"\u00c9t\u00e9 record pour les campings espagnols : taux d&#039;occupation moyen de 90 pour cent\" \/>\n<meta property=\"og:description\" content=\"Les campings espagnols connaissent un \u00ab\u00a0\u00e9t\u00e9 historique\u00a0\u00bb avec un taux d&rsquo;occupation de 90 %, malgr\u00e9 une augmentation des prix de 5 %. Le s\u00e9jour moyen est d&rsquo;environ sept jours, avec une d\u00e9pense moyenne de 120 \u00e0 140 euros par famille. Les campings se pr\u00e9parent \u00e0 d\u00e9passer les r\u00e9sultats de l&rsquo;ann\u00e9e derni\u00e8re, confirmant ainsi leur popularit\u00e9 [&hellip;]\" \/>\n<meta property=\"og:url\" content=\"https:\/\/www.mondocamping.com\/fr\/ete-record-pour-les-campings-espagnols-taux-doccupation-moyen-de-90-pour-cent\/\" \/>\n<meta property=\"og:site_name\" content=\"Mondo Camping\" \/>\n<meta property=\"article:publisher\" content=\"https:\/\/www.facebook.com\/mondobalneare\" \/>\n<meta property=\"article:published_time\" content=\"2023-07-13T15:28:14+00:00\" \/>\n<meta property=\"article:modified_time\" content=\"2023-07-13T15:29:20+00:00\" \/>\n<meta property=\"og:image\" content=\"https:\/\/www.mondocamping.com\/wp-content\/uploads\/2023\/03\/imprenditori-camping.jpg\" \/>\n\t<meta property=\"og:image:width\" content=\"1920\" \/>\n\t<meta property=\"og:image:height\" content=\"800\" \/>\n\t<meta property=\"og:image:type\" content=\"image\/jpeg\" \/>\n<meta name=\"author\" content=\"Helene Laurent\" \/>\n<meta name=\"twitter:card\" content=\"summary_large_image\" \/>\n<meta name=\"twitter:creator\" content=\"@mondobalneare\" \/>\n<meta name=\"twitter:site\" content=\"@mondobalneare\" \/>\n<meta name=\"twitter:label1\" content=\"\u00c9crit par\" \/>\n\t<meta name=\"twitter:data1\" content=\"Helene Laurent\" \/>\n\t<meta name=\"twitter:label2\" content=\"Dur\u00e9e de lecture estim\u00e9e\" \/>\n\t<meta name=\"twitter:data2\" content=\"2 minutes\" \/>\n<script type=\"application\/ld+json\" class=\"yoast-schema-graph\">{\"@context\":\"https:\\\/\\\/schema.org\",\"@graph\":[{\"@type\":\"Article\",\"@id\":\"https:\\\/\\\/www.mondocamping.com\\\/fr\\\/ete-record-pour-les-campings-espagnols-taux-doccupation-moyen-de-90-pour-cent\\\/#article\",\"isPartOf\":{\"@id\":\"https:\\\/\\\/www.mondocamping.com\\\/fr\\\/ete-record-pour-les-campings-espagnols-taux-doccupation-moyen-de-90-pour-cent\\\/\"},\"author\":{\"name\":\"Helene Laurent\",\"@id\":\"https:\\\/\\\/www.mondocamping.com\\\/#\\\/schema\\\/person\\\/eed3ea815a73a3cec3f6176e03072382\"},\"headline\":\"\u00c9t\u00e9 record pour les campings espagnols : taux d&rsquo;occupation moyen de 90 pour cent\",\"datePublished\":\"2023-07-13T15:28:14+00:00\",\"dateModified\":\"2023-07-13T15:29:20+00:00\",\"mainEntityOfPage\":{\"@id\":\"https:\\\/\\\/www.mondocamping.com\\\/fr\\\/ete-record-pour-les-campings-espagnols-taux-doccupation-moyen-de-90-pour-cent\\\/\"},\"wordCount\":450,\"publisher\":{\"@id\":\"https:\\\/\\\/www.mondocamping.com\\\/#organization\"},\"image\":{\"@id\":\"https:\\\/\\\/www.mondocamping.com\\\/fr\\\/ete-record-pour-les-campings-espagnols-taux-doccupation-moyen-de-90-pour-cent\\\/#primaryimage\"},\"thumbnailUrl\":\"https:\\\/\\\/www.mondocamping.com\\\/wp-content\\\/uploads\\\/2023\\\/03\\\/imprenditori-camping.jpg\",\"keywords\":[\"bungalow\",\"Cabo Pino\",\"campings espagnols\",\"offre\",\"prix\"],\"articleSection\":[\"Actualit\u00e9\"],\"inLanguage\":\"fr-FR\"},{\"@type\":\"WebPage\",\"@id\":\"https:\\\/\\\/www.mondocamping.com\\\/fr\\\/ete-record-pour-les-campings-espagnols-taux-doccupation-moyen-de-90-pour-cent\\\/\",\"url\":\"https:\\\/\\\/www.mondocamping.com\\\/fr\\\/ete-record-pour-les-campings-espagnols-taux-doccupation-moyen-de-90-pour-cent\\\/\",\"name\":\"\u00c9t\u00e9 record pour les campings espagnols : taux d'occupation moyen de 90 pour cent\",\"isPartOf\":{\"@id\":\"https:\\\/\\\/www.mondocamping.com\\\/#website\"},\"primaryImageOfPage\":{\"@id\":\"https:\\\/\\\/www.mondocamping.com\\\/fr\\\/ete-record-pour-les-campings-espagnols-taux-doccupation-moyen-de-90-pour-cent\\\/#primaryimage\"},\"image\":{\"@id\":\"https:\\\/\\\/www.mondocamping.com\\\/fr\\\/ete-record-pour-les-campings-espagnols-taux-doccupation-moyen-de-90-pour-cent\\\/#primaryimage\"},\"thumbnailUrl\":\"https:\\\/\\\/www.mondocamping.com\\\/wp-content\\\/uploads\\\/2023\\\/03\\\/imprenditori-camping.jpg\",\"datePublished\":\"2023-07-13T15:28:14+00:00\",\"dateModified\":\"2023-07-13T15:29:20+00:00\",\"breadcrumb\":{\"@id\":\"https:\\\/\\\/www.mondocamping.com\\\/fr\\\/ete-record-pour-les-campings-espagnols-taux-doccupation-moyen-de-90-pour-cent\\\/#breadcrumb\"},\"inLanguage\":\"fr-FR\",\"potentialAction\":[{\"@type\":\"ReadAction\",\"target\":[\"https:\\\/\\\/www.mondocamping.com\\\/fr\\\/ete-record-pour-les-campings-espagnols-taux-doccupation-moyen-de-90-pour-cent\\\/\"]}]},{\"@type\":\"ImageObject\",\"inLanguage\":\"fr-FR\",\"@id\":\"https:\\\/\\\/www.mondocamping.com\\\/fr\\\/ete-record-pour-les-campings-espagnols-taux-doccupation-moyen-de-90-pour-cent\\\/#primaryimage\",\"url\":\"https:\\\/\\\/www.mondocamping.com\\\/wp-content\\\/uploads\\\/2023\\\/03\\\/imprenditori-camping.jpg\",\"contentUrl\":\"https:\\\/\\\/www.mondocamping.com\\\/wp-content\\\/uploads\\\/2023\\\/03\\\/imprenditori-camping.jpg\",\"width\":1920,\"height\":800,\"caption\":\"transizione verde camping\"},{\"@type\":\"BreadcrumbList\",\"@id\":\"https:\\\/\\\/www.mondocamping.com\\\/fr\\\/ete-record-pour-les-campings-espagnols-taux-doccupation-moyen-de-90-pour-cent\\\/#breadcrumb\",\"itemListElement\":[{\"@type\":\"ListItem\",\"position\":1,\"name\":\"Home\",\"item\":\"https:\\\/\\\/www.mondocamping.com\\\/fr\\\/\"},{\"@type\":\"ListItem\",\"position\":2,\"name\":\"\u00c9t\u00e9 record pour les campings espagnols : taux d&#8217;occupation moyen de 90 pour cent\"}]},{\"@type\":\"WebSite\",\"@id\":\"https:\\\/\\\/www.mondocamping.com\\\/#website\",\"url\":\"https:\\\/\\\/www.mondocamping.com\\\/\",\"name\":\"Mondo Camping\",\"description\":\"Le portail d\u00e9di\u00e9 aux gestionnaires de campings et villages touristiques\",\"publisher\":{\"@id\":\"https:\\\/\\\/www.mondocamping.com\\\/#organization\"},\"potentialAction\":[{\"@type\":\"SearchAction\",\"target\":{\"@type\":\"EntryPoint\",\"urlTemplate\":\"https:\\\/\\\/www.mondocamping.com\\\/?s={search_term_string}\"},\"query-input\":{\"@type\":\"PropertyValueSpecification\",\"valueRequired\":true,\"valueName\":\"search_term_string\"}}],\"inLanguage\":\"fr-FR\"},{\"@type\":\"Organization\",\"@id\":\"https:\\\/\\\/www.mondocamping.com\\\/#organization\",\"name\":\"Mondo Camping\",\"url\":\"https:\\\/\\\/www.mondocamping.com\\\/\",\"logo\":{\"@type\":\"ImageObject\",\"inLanguage\":\"fr-FR\",\"@id\":\"https:\\\/\\\/www.mondocamping.com\\\/#\\\/schema\\\/logo\\\/image\\\/\",\"url\":\"https:\\\/\\\/www.mondocamping.com\\\/wp-content\\\/uploads\\\/2022\\\/04\\\/mondo-camping-logo-contornato-1.png\",\"contentUrl\":\"https:\\\/\\\/www.mondocamping.com\\\/wp-content\\\/uploads\\\/2022\\\/04\\\/mondo-camping-logo-contornato-1.png\",\"width\":280,\"height\":90,\"caption\":\"Mondo Camping\"},\"image\":{\"@id\":\"https:\\\/\\\/www.mondocamping.com\\\/#\\\/schema\\\/logo\\\/image\\\/\"},\"sameAs\":[\"https:\\\/\\\/www.facebook.com\\\/mondobalneare\",\"https:\\\/\\\/x.com\\\/mondobalneare\",\"https:\\\/\\\/www.instagram.com\\\/mondobalneare\\\/\",\"https:\\\/\\\/www.linkedin.com\\\/company\\\/67180810\\\/\",\"https:\\\/\\\/www.youtube.com\\\/user\\\/mondobalnearevideo\"]},{\"@type\":\"Person\",\"@id\":\"https:\\\/\\\/www.mondocamping.com\\\/#\\\/schema\\\/person\\\/eed3ea815a73a3cec3f6176e03072382\",\"name\":\"Helene Laurent\",\"image\":{\"@type\":\"ImageObject\",\"inLanguage\":\"fr-FR\",\"@id\":\"https:\\\/\\\/secure.gravatar.com\\\/avatar\\\/bac70d5cf6bff3519b930133cdbb588b1735215eb294cccae818e7422efb7469?s=96&d=mm&r=g\",\"url\":\"https:\\\/\\\/secure.gravatar.com\\\/avatar\\\/bac70d5cf6bff3519b930133cdbb588b1735215eb294cccae818e7422efb7469?s=96&d=mm&r=g\",\"contentUrl\":\"https:\\\/\\\/secure.gravatar.com\\\/avatar\\\/bac70d5cf6bff3519b930133cdbb588b1735215eb294cccae818e7422efb7469?s=96&d=mm&r=g\",\"caption\":\"Helene Laurent\"}}]}<\/script>\n<!-- \/ Yoast SEO plugin. -->","yoast_head_json":{"title":"\u00c9t\u00e9 record pour les campings espagnols : taux d'occupation moyen de 90 pour cent","robots":{"index":"index","follow":"follow","max-snippet":"max-snippet:-1","max-image-preview":"max-image-preview:large","max-video-preview":"max-video-preview:-1"},"canonical":"https:\/\/www.mondocamping.com\/fr\/ete-record-pour-les-campings-espagnols-taux-doccupation-moyen-de-90-pour-cent\/","og_locale":"fr_FR","og_type":"article","og_title":"\u00c9t\u00e9 record pour les campings espagnols : taux d'occupation moyen de 90 pour cent","og_description":"Les campings espagnols connaissent un \u00ab\u00a0\u00e9t\u00e9 historique\u00a0\u00bb avec un taux d&rsquo;occupation de 90 %, malgr\u00e9 une augmentation des prix de 5 %. Le s\u00e9jour moyen est d&rsquo;environ sept jours, avec une d\u00e9pense moyenne de 120 \u00e0 140 euros par famille. Les campings se pr\u00e9parent \u00e0 d\u00e9passer les r\u00e9sultats de l&rsquo;ann\u00e9e derni\u00e8re, confirmant ainsi leur popularit\u00e9 [&hellip;]","og_url":"https:\/\/www.mondocamping.com\/fr\/ete-record-pour-les-campings-espagnols-taux-doccupation-moyen-de-90-pour-cent\/","og_site_name":"Mondo Camping","article_publisher":"https:\/\/www.facebook.com\/mondobalneare","article_published_time":"2023-07-13T15:28:14+00:00","article_modified_time":"2023-07-13T15:29:20+00:00","og_image":[{"width":1920,"height":800,"url":"https:\/\/www.mondocamping.com\/wp-content\/uploads\/2023\/03\/imprenditori-camping.jpg","type":"image\/jpeg"}],"author":"Helene Laurent","twitter_card":"summary_large_image","twitter_creator":"@mondobalneare","twitter_site":"@mondobalneare","twitter_misc":{"\u00c9crit par":"Helene Laurent","Dur\u00e9e de lecture estim\u00e9e":"2 minutes"},"schema":{"@context":"https:\/\/schema.org","@graph":[{"@type":"Article","@id":"https:\/\/www.mondocamping.com\/fr\/ete-record-pour-les-campings-espagnols-taux-doccupation-moyen-de-90-pour-cent\/#article","isPartOf":{"@id":"https:\/\/www.mondocamping.com\/fr\/ete-record-pour-les-campings-espagnols-taux-doccupation-moyen-de-90-pour-cent\/"},"author":{"name":"Helene Laurent","@id":"https:\/\/www.mondocamping.com\/#\/schema\/person\/eed3ea815a73a3cec3f6176e03072382"},"headline":"\u00c9t\u00e9 record pour les campings espagnols : taux d&rsquo;occupation moyen de 90 pour cent","datePublished":"2023-07-13T15:28:14+00:00","dateModified":"2023-07-13T15:29:20+00:00","mainEntityOfPage":{"@id":"https:\/\/www.mondocamping.com\/fr\/ete-record-pour-les-campings-espagnols-taux-doccupation-moyen-de-90-pour-cent\/"},"wordCount":450,"publisher":{"@id":"https:\/\/www.mondocamping.com\/#organization"},"image":{"@id":"https:\/\/www.mondocamping.com\/fr\/ete-record-pour-les-campings-espagnols-taux-doccupation-moyen-de-90-pour-cent\/#primaryimage"},"thumbnailUrl":"https:\/\/www.mondocamping.com\/wp-content\/uploads\/2023\/03\/imprenditori-camping.jpg","keywords":["bungalow","Cabo Pino","campings espagnols","offre","prix"],"articleSection":["Actualit\u00e9"],"inLanguage":"fr-FR"},{"@type":"WebPage","@id":"https:\/\/www.mondocamping.com\/fr\/ete-record-pour-les-campings-espagnols-taux-doccupation-moyen-de-90-pour-cent\/","url":"https:\/\/www.mondocamping.com\/fr\/ete-record-pour-les-campings-espagnols-taux-doccupation-moyen-de-90-pour-cent\/","name":"\u00c9t\u00e9 record pour les campings espagnols : taux d'occupation moyen de 90 pour cent","isPartOf":{"@id":"https:\/\/www.mondocamping.com\/#website"},"primaryImageOfPage":{"@id":"https:\/\/www.mondocamping.com\/fr\/ete-record-pour-les-campings-espagnols-taux-doccupation-moyen-de-90-pour-cent\/#primaryimage"},"image":{"@id":"https:\/\/www.mondocamping.com\/fr\/ete-record-pour-les-campings-espagnols-taux-doccupation-moyen-de-90-pour-cent\/#primaryimage"},"thumbnailUrl":"https:\/\/www.mondocamping.com\/wp-content\/uploads\/2023\/03\/imprenditori-camping.jpg","datePublished":"2023-07-13T15:28:14+00:00","dateModified":"2023-07-13T15:29:20+00:00","breadcrumb":{"@id":"https:\/\/www.mondocamping.com\/fr\/ete-record-pour-les-campings-espagnols-taux-doccupation-moyen-de-90-pour-cent\/#breadcrumb"},"inLanguage":"fr-FR","potentialAction":[{"@type":"ReadAction","target":["https:\/\/www.mondocamping.com\/fr\/ete-record-pour-les-campings-espagnols-taux-doccupation-moyen-de-90-pour-cent\/"]}]},{"@type":"ImageObject","inLanguage":"fr-FR","@id":"https:\/\/www.mondocamping.com\/fr\/ete-record-pour-les-campings-espagnols-taux-doccupation-moyen-de-90-pour-cent\/#primaryimage","url":"https:\/\/www.mondocamping.com\/wp-content\/uploads\/2023\/03\/imprenditori-camping.jpg","contentUrl":"https:\/\/www.mondocamping.com\/wp-content\/uploads\/2023\/03\/imprenditori-camping.jpg","width":1920,"height":800,"caption":"transizione verde camping"},{"@type":"BreadcrumbList","@id":"https:\/\/www.mondocamping.com\/fr\/ete-record-pour-les-campings-espagnols-taux-doccupation-moyen-de-90-pour-cent\/#breadcrumb","itemListElement":[{"@type":"ListItem","position":1,"name":"Home","item":"https:\/\/www.mondocamping.com\/fr\/"},{"@type":"ListItem","position":2,"name":"\u00c9t\u00e9 record pour les campings espagnols : taux d&#8217;occupation moyen de 90 pour cent"}]},{"@type":"WebSite","@id":"https:\/\/www.mondocamping.com\/#website","url":"https:\/\/www.mondocamping.com\/","name":"Mondo Camping","description":"Le portail d\u00e9di\u00e9 aux gestionnaires de campings et villages touristiques","publisher":{"@id":"https:\/\/www.mondocamping.com\/#organization"},"potentialAction":[{"@type":"SearchAction","target":{"@type":"EntryPoint","urlTemplate":"https:\/\/www.mondocamping.com\/?s={search_term_string}"},"query-input":{"@type":"PropertyValueSpecification","valueRequired":true,"valueName":"search_term_string"}}],"inLanguage":"fr-FR"},{"@type":"Organization","@id":"https:\/\/www.mondocamping.com\/#organization","name":"Mondo Camping","url":"https:\/\/www.mondocamping.com\/","logo":{"@type":"ImageObject","inLanguage":"fr-FR","@id":"https:\/\/www.mondocamping.com\/#\/schema\/logo\/image\/","url":"https:\/\/www.mondocamping.com\/wp-content\/uploads\/2022\/04\/mondo-camping-logo-contornato-1.png","contentUrl":"https:\/\/www.mondocamping.com\/wp-content\/uploads\/2022\/04\/mondo-camping-logo-contornato-1.png","width":280,"height":90,"caption":"Mondo Camping"},"image":{"@id":"https:\/\/www.mondocamping.com\/#\/schema\/logo\/image\/"},"sameAs":["https:\/\/www.facebook.com\/mondobalneare","https:\/\/x.com\/mondobalneare","https:\/\/www.instagram.com\/mondobalneare\/","https:\/\/www.linkedin.com\/company\/67180810\/","https:\/\/www.youtube.com\/user\/mondobalnearevideo"]},{"@type":"Person","@id":"https:\/\/www.mondocamping.com\/#\/schema\/person\/eed3ea815a73a3cec3f6176e03072382","name":"Helene Laurent","image":{"@type":"ImageObject","inLanguage":"fr-FR","@id":"https:\/\/secure.gravatar.com\/avatar\/bac70d5cf6bff3519b930133cdbb588b1735215eb294cccae818e7422efb7469?s=96&d=mm&r=g","url":"https:\/\/secure.gravatar.com\/avatar\/bac70d5cf6bff3519b930133cdbb588b1735215eb294cccae818e7422efb7469?s=96&d=mm&r=g","contentUrl":"https:\/\/secure.gravatar.com\/avatar\/bac70d5cf6bff3519b930133cdbb588b1735215eb294cccae818e7422efb7469?s=96&d=mm&r=g","caption":"Helene Laurent"}}]}},"_links":{"self":[{"href":"https:\/\/www.mondocamping.com\/fr\/wp-json\/wp\/v2\/posts\/164084","targetHints":{"allow":["GET"]}}],"collection":[{"href":"https:\/\/www.mondocamping.com\/fr\/wp-json\/wp\/v2\/posts"}],"about":[{"href":"https:\/\/www.mondocamping.com\/fr\/wp-json\/wp\/v2\/types\/post"}],"author":[{"embeddable":true,"href":"https:\/\/www.mondocamping.com\/fr\/wp-json\/wp\/v2\/users\/173"}],"replies":[{"embeddable":true,"href":"https:\/\/www.mondocamping.com\/fr\/wp-json\/wp\/v2\/comments?post=164084"}],"version-history":[{"count":1,"href":"https:\/\/www.mondocamping.com\/fr\/wp-json\/wp\/v2\/posts\/164084\/revisions"}],"predecessor-version":[{"id":164085,"href":"https:\/\/www.mondocamping.com\/fr\/wp-json\/wp\/v2\/posts\/164084\/revisions\/164085"}],"wp:featuredmedia":[{"embeddable":true,"href":"https:\/\/www.mondocamping.com\/fr\/wp-json\/wp\/v2\/media\/161092"}],"wp:attachment":[{"href":"https:\/\/www.mondocamping.com\/fr\/wp-json\/wp\/v2\/media?parent=164084"}],"wp:term":[{"taxonomy":"category","embeddable":true,"href":"https:\/\/www.mondocamping.com\/fr\/wp-json\/wp\/v2\/categories?post=164084"},{"taxonomy":"post_tag","embeddable":true,"href":"https:\/\/www.mondocamping.com\/fr\/wp-json\/wp\/v2\/tags?post=164084"}],"curies":[{"name":"wp","href":"https:\/\/api.w.org\/{rel}","templated":true}]}}