{"id":164213,"date":"2023-08-02T13:49:50","date_gmt":"2023-08-02T11:49:50","guid":{"rendered":"https:\/\/www.mondocamping.com\/vacances-et-prix-voici-ou-faire-du-camping-coute-moins-cher\/"},"modified":"2023-08-02T13:50:18","modified_gmt":"2023-08-02T11:50:18","slug":"vacances-et-prix-voici-ou-faire-du-camping-coute-moins-cher","status":"publish","type":"post","link":"https:\/\/www.mondocamping.com\/fr\/vacances-et-prix-voici-ou-faire-du-camping-coute-moins-cher\/","title":{"rendered":"Vacances et prix. Voici o\u00f9 faire du camping co\u00fbte moins cher"},"content":{"rendered":"\n<p>La hausse des prix de <strong>l&rsquo;\u00e9lectricit\u00e9<\/strong> et <strong>l&rsquo;inflation<\/strong> ont eu un impact significatif sur les <strong>prix<\/strong> des produits et des services, y compris dans le secteur du <strong>tourisme<\/strong>. Cet effet s&rsquo;est \u00e9galement \u00e9tendu au co\u00fbt du camping, comme le montre une liste pr\u00e9par\u00e9e par <strong>PinCAMP<\/strong>, le portail de camping de <strong>l&rsquo;ADAC<\/strong>.<\/p>\n\n<p>Selon le classement, les prix du camping augmenteront en moyenne de 7 % en Europe en 2023. Une famille avec un enfant devra payer en moyenne 55,7 euros par nuit pour un s\u00e9jour dans un camping en pleine saison estivale, montage de la tente et \u00e9lectricit\u00e9 inclus. Parmi les <strong>pays les moins chers<\/strong> figurent <strong>l&rsquo;Allemagne<\/strong> et la <strong>Su\u00e8de<\/strong>, avec un prix moyen de 42,6 euros et 39 euros par nuit respectivement. En revanche, les vacances en camping en <strong>Croatie<\/strong> et en <strong>Italie<\/strong> sont les plus ch\u00e8res, avec des prix respectifs de 69,3 euros et 65,8 euros par nuit. Il est important de noter que la liste ne couvre que les 11 pays les plus populaires pour le caravaning en Europe, de sorte que certains pays comme la Pologne, la R\u00e9publique tch\u00e8que ou la Lituanie n&rsquo;y figurent pas.<\/p>\n\n<p>La Croatie a atteint pour la premi\u00e8re fois le sommet de la liste des prix des campings avec une augmentation moyenne des prix de 15%. Cette hausse s&rsquo;explique en partie par l&rsquo;augmentation de la qualit\u00e9 de l&rsquo;offre de camping et l&rsquo;adoption de l&rsquo;euro comme monnaie. Le pays qui \u00e9tait auparavant en t\u00eate, la <strong>Suisse<\/strong>, n&rsquo;a connu qu&rsquo;une l\u00e9g\u00e8re augmentation des prix de l&rsquo;h\u00e9bergement de 2,5 % et occupe d\u00e9sormais la troisi\u00e8me place apr\u00e8s l&rsquo;Italie.<\/p>\n\n<p>Parmi les <strong>autres pays europ\u00e9ens<\/strong>, l&rsquo;Autriche a connu la troisi\u00e8me plus forte augmentation de prix, avec pr\u00e8s de 11 %. Au <strong>Royaume-Uni<\/strong>, en revanche, les prix des campings ont <strong>diminu\u00e9 de pr\u00e8s de 10 %<\/strong> pour atteindre 47,10 euros par nuit. Cette baisse est largement imputable \u00e0 l&rsquo;affaiblissement de la livre sterling et \u00e0 la sortie du Royaume-Uni de l&rsquo;<strong>Union europ\u00e9enne<\/strong>.<\/p>\n\n<p>Les prix des campings varient en fonction de la saison, les prix les plus \u00e9lev\u00e9s d\u00e9courageant les touristes de voyager. Certains campings proposent des prix plus bas en basse saison ou lorsque le taux d&rsquo;occupation est plus faible. R\u00e9server \u00e0 l&rsquo;avance peut donc s&rsquo;av\u00e9rer une strat\u00e9gie efficace, en particulier dans des lieux tr\u00e8s pris\u00e9s comme l&rsquo;Italie et la Croatie.<\/p>\n\n<p>Les augmentations de prix dans les diff\u00e9rents pays ont \u00e9t\u00e9 principalement influenc\u00e9es par l&rsquo;inflation, les augmentations de prix de l&rsquo;\u00e9lectricit\u00e9 et les variations des taux de change.<\/p>\n\n<p>Vous trouverez ci-dessous le classement des prix des campings dans les pays europ\u00e9ens :<\/p>\n\n<p>Europe<\/p>\n\n<ol class=\"wp-block-list\"><li>Croatie (\u20ac 69,30) + 15%<\/li><li>Italie (\u20ac 65,76) + 9%<\/li><li>Suisse (\u20ac 65,73) + 2%<\/li><li>Espagne (\u20ac 60,25) + 10%<\/li><li>Autriche (\u20ac 55,82) + 11%<\/li><li>Danemark (\u20ac 53.04) + 8%.<\/li><li>Pays-Bas (\u20ac 49.20) + 8%.<\/li><li>France (\u20ac 49,06) + 1%<\/li><li>Royaume-Uni (\u20ac 47.13) -10%.<\/li><li>Allemagne (\u20ac 42,62) + 11%<\/li><li>Su\u00e8de (39,02 \u20ac) + 4 %.<\/li><\/ol>\n\n<p>Allemagne &#8211; \u00c9tats f\u00e9d\u00e9raux<\/p>\n\n<ol class=\"wp-block-list\"><li>Mecklenburg-Vorpommern (48,25 \u20ac) + 13 %.<\/li><li>Brandebourg (46,25 \u20ac) + 24 %.<\/li><li>Bayern (44,06 \u20ac) + 12 %.<\/li><li>Schleswig-Holstein (\u20ac 44,00) + 8%<\/li><li>Bade-Wurtemberg (\u20ac 43,76) + 9%<\/li><li>Saxe (42,19 \u20ac) + 12 %<\/li><li>Rh\u00e9nanie-Palatinat (40,38 \u20ac) + 12 %<\/li><li>Sarre (40,24 \u20ac) + 25 %<\/li><li>Basse Saxe (39,98 \u20ac) + 13 %<\/li><li>Hesse (39,68 \u20ac) + 16 %<\/li><li>Saxe-Anhalt (\u20ac 37.13) + 12%<\/li><li>Rh\u00e9nanie-du-Nord-Westphalie (\u20ac 36,84) -0,5<\/li><li>Thuringe (35,07 \u20ac) + 2,5 %<\/li><\/ol>\n\n<p>Il est important de tenir compte de ces informations lorsque vous planifiez des vacances en camping en Europe, afin de faire un choix inform\u00e9 et de trouver des options adapt\u00e9es \u00e0 votre budget.<\/p>\n","protected":false},"excerpt":{"rendered":"<p>La hausse des prix de l&rsquo;\u00e9lectricit\u00e9 et l&rsquo;inflation ont eu un impact significatif sur les prix des produits et des services, y compris dans le secteur du tourisme. Cet effet s&rsquo;est \u00e9galement \u00e9tendu au co\u00fbt du camping, comme le montre une liste pr\u00e9par\u00e9e par PinCAMP, le portail de camping de l&rsquo;ADAC. Selon le classement, les [&hellip;]<\/p>\n","protected":false},"author":173,"featured_media":164108,"comment_status":"closed","ping_status":"closed","sticky":false,"template":"","format":"standard","meta":{"_acf_changed":false,"_monsterinsights_skip_tracking":false,"_monsterinsights_sitenote_active":false,"_monsterinsights_sitenote_note":"","_monsterinsights_sitenote_category":0,"footnotes":""},"categories":[4024],"tags":[4076,4189,5248,4707,4940,5062],"class_list":["post-164213","post","type-post","status-publish","format-standard","has-post-thumbnail","hentry","category-actualite","tag-adac-fr","tag-camping-fr","tag-europe","tag-pincamp-fr","tag-prix","tag-vacances"],"acf":[],"yoast_head":"<!-- This site is optimized with the Yoast SEO plugin v27.5 - https:\/\/yoast.com\/product\/yoast-seo-wordpress\/ -->\n<title>Vacances et prix. Voici o\u00f9 faire du camping co\u00fbte moins cher<\/title>\n<meta name=\"robots\" content=\"index, follow, max-snippet:-1, max-image-preview:large, max-video-preview:-1\" \/>\n<link rel=\"canonical\" href=\"https:\/\/www.mondocamping.com\/fr\/vacances-et-prix-voici-ou-faire-du-camping-coute-moins-cher\/\" \/>\n<meta property=\"og:locale\" content=\"fr_FR\" \/>\n<meta property=\"og:type\" content=\"article\" \/>\n<meta property=\"og:title\" content=\"Vacances et prix. Voici o\u00f9 faire du camping co\u00fbte moins cher\" \/>\n<meta property=\"og:description\" content=\"La hausse des prix de l&rsquo;\u00e9lectricit\u00e9 et l&rsquo;inflation ont eu un impact significatif sur les prix des produits et des services, y compris dans le secteur du tourisme. Cet effet s&rsquo;est \u00e9galement \u00e9tendu au co\u00fbt du camping, comme le montre une liste pr\u00e9par\u00e9e par PinCAMP, le portail de camping de l&rsquo;ADAC. Selon le classement, les [&hellip;]\" \/>\n<meta property=\"og:url\" content=\"https:\/\/www.mondocamping.com\/fr\/vacances-et-prix-voici-ou-faire-du-camping-coute-moins-cher\/\" \/>\n<meta property=\"og:site_name\" content=\"Mondo Camping\" \/>\n<meta property=\"article:publisher\" content=\"https:\/\/www.facebook.com\/mondobalneare\" \/>\n<meta property=\"article:published_time\" content=\"2023-08-02T11:49:50+00:00\" \/>\n<meta property=\"article:modified_time\" content=\"2023-08-02T11:50:18+00:00\" \/>\n<meta property=\"og:image\" content=\"https:\/\/www.mondocamping.com\/wp-content\/uploads\/2023\/07\/ecocamping-1.jpg\" \/>\n\t<meta property=\"og:image:width\" content=\"1000\" \/>\n\t<meta property=\"og:image:height\" content=\"545\" \/>\n\t<meta property=\"og:image:type\" content=\"image\/jpeg\" \/>\n<meta name=\"author\" content=\"Helene Laurent\" \/>\n<meta name=\"twitter:card\" content=\"summary_large_image\" \/>\n<meta name=\"twitter:creator\" content=\"@mondobalneare\" \/>\n<meta name=\"twitter:site\" content=\"@mondobalneare\" \/>\n<meta name=\"twitter:label1\" content=\"\u00c9crit par\" \/>\n\t<meta name=\"twitter:data1\" content=\"Helene Laurent\" \/>\n\t<meta name=\"twitter:label2\" content=\"Dur\u00e9e de lecture estim\u00e9e\" \/>\n\t<meta name=\"twitter:data2\" content=\"3 minutes\" \/>\n<script type=\"application\/ld+json\" class=\"yoast-schema-graph\">{\"@context\":\"https:\\\/\\\/schema.org\",\"@graph\":[{\"@type\":\"Article\",\"@id\":\"https:\\\/\\\/www.mondocamping.com\\\/fr\\\/vacances-et-prix-voici-ou-faire-du-camping-coute-moins-cher\\\/#article\",\"isPartOf\":{\"@id\":\"https:\\\/\\\/www.mondocamping.com\\\/fr\\\/vacances-et-prix-voici-ou-faire-du-camping-coute-moins-cher\\\/\"},\"author\":{\"name\":\"Helene Laurent\",\"@id\":\"https:\\\/\\\/www.mondocamping.com\\\/#\\\/schema\\\/person\\\/eed3ea815a73a3cec3f6176e03072382\"},\"headline\":\"Vacances et prix. Voici o\u00f9 faire du camping co\u00fbte moins cher\",\"datePublished\":\"2023-08-02T11:49:50+00:00\",\"dateModified\":\"2023-08-02T11:50:18+00:00\",\"mainEntityOfPage\":{\"@id\":\"https:\\\/\\\/www.mondocamping.com\\\/fr\\\/vacances-et-prix-voici-ou-faire-du-camping-coute-moins-cher\\\/\"},\"wordCount\":539,\"publisher\":{\"@id\":\"https:\\\/\\\/www.mondocamping.com\\\/#organization\"},\"image\":{\"@id\":\"https:\\\/\\\/www.mondocamping.com\\\/fr\\\/vacances-et-prix-voici-ou-faire-du-camping-coute-moins-cher\\\/#primaryimage\"},\"thumbnailUrl\":\"https:\\\/\\\/www.mondocamping.com\\\/wp-content\\\/uploads\\\/2023\\\/07\\\/ecocamping-1.jpg\",\"keywords\":[\"Adac\",\"camping\",\"Europe\",\"PiNCAMP\",\"prix\",\"vacances\"],\"articleSection\":[\"Actualit\u00e9\"],\"inLanguage\":\"fr-FR\"},{\"@type\":\"WebPage\",\"@id\":\"https:\\\/\\\/www.mondocamping.com\\\/fr\\\/vacances-et-prix-voici-ou-faire-du-camping-coute-moins-cher\\\/\",\"url\":\"https:\\\/\\\/www.mondocamping.com\\\/fr\\\/vacances-et-prix-voici-ou-faire-du-camping-coute-moins-cher\\\/\",\"name\":\"Vacances et prix. Voici o\u00f9 faire du camping co\u00fbte moins cher\",\"isPartOf\":{\"@id\":\"https:\\\/\\\/www.mondocamping.com\\\/#website\"},\"primaryImageOfPage\":{\"@id\":\"https:\\\/\\\/www.mondocamping.com\\\/fr\\\/vacances-et-prix-voici-ou-faire-du-camping-coute-moins-cher\\\/#primaryimage\"},\"image\":{\"@id\":\"https:\\\/\\\/www.mondocamping.com\\\/fr\\\/vacances-et-prix-voici-ou-faire-du-camping-coute-moins-cher\\\/#primaryimage\"},\"thumbnailUrl\":\"https:\\\/\\\/www.mondocamping.com\\\/wp-content\\\/uploads\\\/2023\\\/07\\\/ecocamping-1.jpg\",\"datePublished\":\"2023-08-02T11:49:50+00:00\",\"dateModified\":\"2023-08-02T11:50:18+00:00\",\"breadcrumb\":{\"@id\":\"https:\\\/\\\/www.mondocamping.com\\\/fr\\\/vacances-et-prix-voici-ou-faire-du-camping-coute-moins-cher\\\/#breadcrumb\"},\"inLanguage\":\"fr-FR\",\"potentialAction\":[{\"@type\":\"ReadAction\",\"target\":[\"https:\\\/\\\/www.mondocamping.com\\\/fr\\\/vacances-et-prix-voici-ou-faire-du-camping-coute-moins-cher\\\/\"]}]},{\"@type\":\"ImageObject\",\"inLanguage\":\"fr-FR\",\"@id\":\"https:\\\/\\\/www.mondocamping.com\\\/fr\\\/vacances-et-prix-voici-ou-faire-du-camping-coute-moins-cher\\\/#primaryimage\",\"url\":\"https:\\\/\\\/www.mondocamping.com\\\/wp-content\\\/uploads\\\/2023\\\/07\\\/ecocamping-1.jpg\",\"contentUrl\":\"https:\\\/\\\/www.mondocamping.com\\\/wp-content\\\/uploads\\\/2023\\\/07\\\/ecocamping-1.jpg\",\"width\":1000,\"height\":545},{\"@type\":\"BreadcrumbList\",\"@id\":\"https:\\\/\\\/www.mondocamping.com\\\/fr\\\/vacances-et-prix-voici-ou-faire-du-camping-coute-moins-cher\\\/#breadcrumb\",\"itemListElement\":[{\"@type\":\"ListItem\",\"position\":1,\"name\":\"Home\",\"item\":\"https:\\\/\\\/www.mondocamping.com\\\/fr\\\/\"},{\"@type\":\"ListItem\",\"position\":2,\"name\":\"Vacances et prix. Voici o\u00f9 faire du camping co\u00fbte moins cher\"}]},{\"@type\":\"WebSite\",\"@id\":\"https:\\\/\\\/www.mondocamping.com\\\/#website\",\"url\":\"https:\\\/\\\/www.mondocamping.com\\\/\",\"name\":\"Mondo Camping\",\"description\":\"Le portail d\u00e9di\u00e9 aux gestionnaires de campings et villages touristiques\",\"publisher\":{\"@id\":\"https:\\\/\\\/www.mondocamping.com\\\/#organization\"},\"potentialAction\":[{\"@type\":\"SearchAction\",\"target\":{\"@type\":\"EntryPoint\",\"urlTemplate\":\"https:\\\/\\\/www.mondocamping.com\\\/?s={search_term_string}\"},\"query-input\":{\"@type\":\"PropertyValueSpecification\",\"valueRequired\":true,\"valueName\":\"search_term_string\"}}],\"inLanguage\":\"fr-FR\"},{\"@type\":\"Organization\",\"@id\":\"https:\\\/\\\/www.mondocamping.com\\\/#organization\",\"name\":\"Mondo Camping\",\"url\":\"https:\\\/\\\/www.mondocamping.com\\\/\",\"logo\":{\"@type\":\"ImageObject\",\"inLanguage\":\"fr-FR\",\"@id\":\"https:\\\/\\\/www.mondocamping.com\\\/#\\\/schema\\\/logo\\\/image\\\/\",\"url\":\"https:\\\/\\\/www.mondocamping.com\\\/wp-content\\\/uploads\\\/2022\\\/04\\\/mondo-camping-logo-contornato-1.png\",\"contentUrl\":\"https:\\\/\\\/www.mondocamping.com\\\/wp-content\\\/uploads\\\/2022\\\/04\\\/mondo-camping-logo-contornato-1.png\",\"width\":280,\"height\":90,\"caption\":\"Mondo Camping\"},\"image\":{\"@id\":\"https:\\\/\\\/www.mondocamping.com\\\/#\\\/schema\\\/logo\\\/image\\\/\"},\"sameAs\":[\"https:\\\/\\\/www.facebook.com\\\/mondobalneare\",\"https:\\\/\\\/x.com\\\/mondobalneare\",\"https:\\\/\\\/www.instagram.com\\\/mondobalneare\\\/\",\"https:\\\/\\\/www.linkedin.com\\\/company\\\/67180810\\\/\",\"https:\\\/\\\/www.youtube.com\\\/user\\\/mondobalnearevideo\"]},{\"@type\":\"Person\",\"@id\":\"https:\\\/\\\/www.mondocamping.com\\\/#\\\/schema\\\/person\\\/eed3ea815a73a3cec3f6176e03072382\",\"name\":\"Helene Laurent\",\"image\":{\"@type\":\"ImageObject\",\"inLanguage\":\"fr-FR\",\"@id\":\"https:\\\/\\\/secure.gravatar.com\\\/avatar\\\/bac70d5cf6bff3519b930133cdbb588b1735215eb294cccae818e7422efb7469?s=96&d=mm&r=g\",\"url\":\"https:\\\/\\\/secure.gravatar.com\\\/avatar\\\/bac70d5cf6bff3519b930133cdbb588b1735215eb294cccae818e7422efb7469?s=96&d=mm&r=g\",\"contentUrl\":\"https:\\\/\\\/secure.gravatar.com\\\/avatar\\\/bac70d5cf6bff3519b930133cdbb588b1735215eb294cccae818e7422efb7469?s=96&d=mm&r=g\",\"caption\":\"Helene Laurent\"}}]}<\/script>\n<!-- \/ Yoast SEO plugin. -->","yoast_head_json":{"title":"Vacances et prix. Voici o\u00f9 faire du camping co\u00fbte moins cher","robots":{"index":"index","follow":"follow","max-snippet":"max-snippet:-1","max-image-preview":"max-image-preview:large","max-video-preview":"max-video-preview:-1"},"canonical":"https:\/\/www.mondocamping.com\/fr\/vacances-et-prix-voici-ou-faire-du-camping-coute-moins-cher\/","og_locale":"fr_FR","og_type":"article","og_title":"Vacances et prix. Voici o\u00f9 faire du camping co\u00fbte moins cher","og_description":"La hausse des prix de l&rsquo;\u00e9lectricit\u00e9 et l&rsquo;inflation ont eu un impact significatif sur les prix des produits et des services, y compris dans le secteur du tourisme. Cet effet s&rsquo;est \u00e9galement \u00e9tendu au co\u00fbt du camping, comme le montre une liste pr\u00e9par\u00e9e par PinCAMP, le portail de camping de l&rsquo;ADAC. Selon le classement, les [&hellip;]","og_url":"https:\/\/www.mondocamping.com\/fr\/vacances-et-prix-voici-ou-faire-du-camping-coute-moins-cher\/","og_site_name":"Mondo Camping","article_publisher":"https:\/\/www.facebook.com\/mondobalneare","article_published_time":"2023-08-02T11:49:50+00:00","article_modified_time":"2023-08-02T11:50:18+00:00","og_image":[{"width":1000,"height":545,"url":"https:\/\/www.mondocamping.com\/wp-content\/uploads\/2023\/07\/ecocamping-1.jpg","type":"image\/jpeg"}],"author":"Helene Laurent","twitter_card":"summary_large_image","twitter_creator":"@mondobalneare","twitter_site":"@mondobalneare","twitter_misc":{"\u00c9crit par":"Helene Laurent","Dur\u00e9e de lecture estim\u00e9e":"3 minutes"},"schema":{"@context":"https:\/\/schema.org","@graph":[{"@type":"Article","@id":"https:\/\/www.mondocamping.com\/fr\/vacances-et-prix-voici-ou-faire-du-camping-coute-moins-cher\/#article","isPartOf":{"@id":"https:\/\/www.mondocamping.com\/fr\/vacances-et-prix-voici-ou-faire-du-camping-coute-moins-cher\/"},"author":{"name":"Helene Laurent","@id":"https:\/\/www.mondocamping.com\/#\/schema\/person\/eed3ea815a73a3cec3f6176e03072382"},"headline":"Vacances et prix. Voici o\u00f9 faire du camping co\u00fbte moins cher","datePublished":"2023-08-02T11:49:50+00:00","dateModified":"2023-08-02T11:50:18+00:00","mainEntityOfPage":{"@id":"https:\/\/www.mondocamping.com\/fr\/vacances-et-prix-voici-ou-faire-du-camping-coute-moins-cher\/"},"wordCount":539,"publisher":{"@id":"https:\/\/www.mondocamping.com\/#organization"},"image":{"@id":"https:\/\/www.mondocamping.com\/fr\/vacances-et-prix-voici-ou-faire-du-camping-coute-moins-cher\/#primaryimage"},"thumbnailUrl":"https:\/\/www.mondocamping.com\/wp-content\/uploads\/2023\/07\/ecocamping-1.jpg","keywords":["Adac","camping","Europe","PiNCAMP","prix","vacances"],"articleSection":["Actualit\u00e9"],"inLanguage":"fr-FR"},{"@type":"WebPage","@id":"https:\/\/www.mondocamping.com\/fr\/vacances-et-prix-voici-ou-faire-du-camping-coute-moins-cher\/","url":"https:\/\/www.mondocamping.com\/fr\/vacances-et-prix-voici-ou-faire-du-camping-coute-moins-cher\/","name":"Vacances et prix. Voici o\u00f9 faire du camping co\u00fbte moins cher","isPartOf":{"@id":"https:\/\/www.mondocamping.com\/#website"},"primaryImageOfPage":{"@id":"https:\/\/www.mondocamping.com\/fr\/vacances-et-prix-voici-ou-faire-du-camping-coute-moins-cher\/#primaryimage"},"image":{"@id":"https:\/\/www.mondocamping.com\/fr\/vacances-et-prix-voici-ou-faire-du-camping-coute-moins-cher\/#primaryimage"},"thumbnailUrl":"https:\/\/www.mondocamping.com\/wp-content\/uploads\/2023\/07\/ecocamping-1.jpg","datePublished":"2023-08-02T11:49:50+00:00","dateModified":"2023-08-02T11:50:18+00:00","breadcrumb":{"@id":"https:\/\/www.mondocamping.com\/fr\/vacances-et-prix-voici-ou-faire-du-camping-coute-moins-cher\/#breadcrumb"},"inLanguage":"fr-FR","potentialAction":[{"@type":"ReadAction","target":["https:\/\/www.mondocamping.com\/fr\/vacances-et-prix-voici-ou-faire-du-camping-coute-moins-cher\/"]}]},{"@type":"ImageObject","inLanguage":"fr-FR","@id":"https:\/\/www.mondocamping.com\/fr\/vacances-et-prix-voici-ou-faire-du-camping-coute-moins-cher\/#primaryimage","url":"https:\/\/www.mondocamping.com\/wp-content\/uploads\/2023\/07\/ecocamping-1.jpg","contentUrl":"https:\/\/www.mondocamping.com\/wp-content\/uploads\/2023\/07\/ecocamping-1.jpg","width":1000,"height":545},{"@type":"BreadcrumbList","@id":"https:\/\/www.mondocamping.com\/fr\/vacances-et-prix-voici-ou-faire-du-camping-coute-moins-cher\/#breadcrumb","itemListElement":[{"@type":"ListItem","position":1,"name":"Home","item":"https:\/\/www.mondocamping.com\/fr\/"},{"@type":"ListItem","position":2,"name":"Vacances et prix. Voici o\u00f9 faire du camping co\u00fbte moins cher"}]},{"@type":"WebSite","@id":"https:\/\/www.mondocamping.com\/#website","url":"https:\/\/www.mondocamping.com\/","name":"Mondo Camping","description":"Le portail d\u00e9di\u00e9 aux gestionnaires de campings et villages touristiques","publisher":{"@id":"https:\/\/www.mondocamping.com\/#organization"},"potentialAction":[{"@type":"SearchAction","target":{"@type":"EntryPoint","urlTemplate":"https:\/\/www.mondocamping.com\/?s={search_term_string}"},"query-input":{"@type":"PropertyValueSpecification","valueRequired":true,"valueName":"search_term_string"}}],"inLanguage":"fr-FR"},{"@type":"Organization","@id":"https:\/\/www.mondocamping.com\/#organization","name":"Mondo Camping","url":"https:\/\/www.mondocamping.com\/","logo":{"@type":"ImageObject","inLanguage":"fr-FR","@id":"https:\/\/www.mondocamping.com\/#\/schema\/logo\/image\/","url":"https:\/\/www.mondocamping.com\/wp-content\/uploads\/2022\/04\/mondo-camping-logo-contornato-1.png","contentUrl":"https:\/\/www.mondocamping.com\/wp-content\/uploads\/2022\/04\/mondo-camping-logo-contornato-1.png","width":280,"height":90,"caption":"Mondo Camping"},"image":{"@id":"https:\/\/www.mondocamping.com\/#\/schema\/logo\/image\/"},"sameAs":["https:\/\/www.facebook.com\/mondobalneare","https:\/\/x.com\/mondobalneare","https:\/\/www.instagram.com\/mondobalneare\/","https:\/\/www.linkedin.com\/company\/67180810\/","https:\/\/www.youtube.com\/user\/mondobalnearevideo"]},{"@type":"Person","@id":"https:\/\/www.mondocamping.com\/#\/schema\/person\/eed3ea815a73a3cec3f6176e03072382","name":"Helene Laurent","image":{"@type":"ImageObject","inLanguage":"fr-FR","@id":"https:\/\/secure.gravatar.com\/avatar\/bac70d5cf6bff3519b930133cdbb588b1735215eb294cccae818e7422efb7469?s=96&d=mm&r=g","url":"https:\/\/secure.gravatar.com\/avatar\/bac70d5cf6bff3519b930133cdbb588b1735215eb294cccae818e7422efb7469?s=96&d=mm&r=g","contentUrl":"https:\/\/secure.gravatar.com\/avatar\/bac70d5cf6bff3519b930133cdbb588b1735215eb294cccae818e7422efb7469?s=96&d=mm&r=g","caption":"Helene Laurent"}}]}},"_links":{"self":[{"href":"https:\/\/www.mondocamping.com\/fr\/wp-json\/wp\/v2\/posts\/164213","targetHints":{"allow":["GET"]}}],"collection":[{"href":"https:\/\/www.mondocamping.com\/fr\/wp-json\/wp\/v2\/posts"}],"about":[{"href":"https:\/\/www.mondocamping.com\/fr\/wp-json\/wp\/v2\/types\/post"}],"author":[{"embeddable":true,"href":"https:\/\/www.mondocamping.com\/fr\/wp-json\/wp\/v2\/users\/173"}],"replies":[{"embeddable":true,"href":"https:\/\/www.mondocamping.com\/fr\/wp-json\/wp\/v2\/comments?post=164213"}],"version-history":[{"count":1,"href":"https:\/\/www.mondocamping.com\/fr\/wp-json\/wp\/v2\/posts\/164213\/revisions"}],"predecessor-version":[{"id":164214,"href":"https:\/\/www.mondocamping.com\/fr\/wp-json\/wp\/v2\/posts\/164213\/revisions\/164214"}],"wp:featuredmedia":[{"embeddable":true,"href":"https:\/\/www.mondocamping.com\/fr\/wp-json\/wp\/v2\/media\/164108"}],"wp:attachment":[{"href":"https:\/\/www.mondocamping.com\/fr\/wp-json\/wp\/v2\/media?parent=164213"}],"wp:term":[{"taxonomy":"category","embeddable":true,"href":"https:\/\/www.mondocamping.com\/fr\/wp-json\/wp\/v2\/categories?post=164213"},{"taxonomy":"post_tag","embeddable":true,"href":"https:\/\/www.mondocamping.com\/fr\/wp-json\/wp\/v2\/tags?post=164213"}],"curies":[{"name":"wp","href":"https:\/\/api.w.org\/{rel}","templated":true}]}}