{"id":164852,"date":"2023-09-19T22:59:55","date_gmt":"2023-09-19T20:59:55","guid":{"rendered":"https:\/\/www.mondocamping.com\/lete-en-or-des-campings-en-espagne-frequentation-record\/"},"modified":"2023-09-19T23:00:31","modified_gmt":"2023-09-19T21:00:31","slug":"lete-en-or-des-campings-en-espagne-frequentation-record","status":"publish","type":"post","link":"https:\/\/www.mondocamping.com\/fr\/lete-en-or-des-campings-en-espagne-frequentation-record\/","title":{"rendered":"L&rsquo;\u00e9t\u00e9 en or des campings en Espagne : fr\u00e9quentation record"},"content":{"rendered":"\n<p>L&rsquo;\u00e9t\u00e9 2023 a \u00e9t\u00e9 une p\u00e9riode extraordinaire pour le <strong>secteur du camping<\/strong> en <strong>Espagne<\/strong>, avec des r\u00e9sultats exceptionnels en termes d&rsquo;occupation et un afflux constant de voyageurs. Selon les donn\u00e9es de la <strong><a href=\"https:\/\/fedcamping.com\/los-campings-arrancan-la-semana-santa-con-una-prevision-media-del-90\/\">F\u00e9d\u00e9ration <\/a><a href=\"https:\/\/fedcamping.com\/los-campings-arrancan-la-semana-santa-con-una-prevision-media-del-90\/\" target=\"_blank\" rel=\"noreferrer noopener\">espagnole<\/a><a href=\"https:\/\/fedcamping.com\/los-campings-arrancan-la-semana-santa-con-una-prevision-media-del-90\/\"> des campings (FEEC)<\/a><\/strong>, la <strong>moyenne nationale d&rsquo;occupation<\/strong> a atteint un excellent <strong>90 % en juillet et en ao\u00fbt<\/strong>, avec des centaines d&rsquo;<strong>\u00e9tablissements affichant complet<\/strong>. Cette tendance positive devrait se poursuivre jusqu&rsquo;au 10 septembre.<\/p>\n\n<p>L&rsquo;\u00e9t\u00e9 pour les <strong>campings espagnols<\/strong> a \u00e9t\u00e9 caract\u00e9ris\u00e9 par un d\u00e9but incertain, avec un temps instable affectant principalement le nord de la p\u00e9ninsule espagnole, y compris des r\u00e9gions telles que la <strong>Galice, les Asturies, la Cantabrie et le Pays basque<\/strong>. Cependant, de la mi-juillet \u00e0 la fin ao\u00fbt, le secteur a enregistr\u00e9 un taux d&rsquo;occupation moyen de 90 %, confirmant les pr\u00e9visions de plus de 25 millions de nuit\u00e9es et de 5 millions de voyageurs pour la p\u00e9riode du 15 juin au 15 septembre.<\/p>\n\n<p>Malgr\u00e9 les succ\u00e8s enregistr\u00e9s en mati\u00e8re d&rsquo;occupation, <strong>le secteur des campings a d\u00fb faire face \u00e0 un d\u00e9fi majeur<\/strong>, \u00e0 savoir une <strong>diminution de 25 % des d\u00e9penses des clients internes<\/strong> par rapport aux ann\u00e9es pr\u00e9c\u00e9dentes. Cela signifie que, malgr\u00e9 le grand nombre de clients, le <strong>revenu final des \u00e9tablissements a \u00e9t\u00e9 affect\u00e9<\/strong> par la baisse de la consommation, en particulier dans les <strong>restaurants<\/strong> et les activit\u00e9s de <strong>loisirs<\/strong> \u00e0 l&rsquo;int\u00e9rieur des <strong>campings<\/strong>. Il est int\u00e9ressant de noter que les d\u00e9penses dans les supermarch\u00e9s des campings ont augment\u00e9 de 5 %, ce qui sugg\u00e8re que les visiteurs pr\u00e9f\u00e8rent consommer dans les bungalows et sur les emplacements plut\u00f4t que dans les restaurants et les bars de plage des campings.<\/p>\n\n<p><strong>Ana Beriain<\/strong>, pr\u00e9sidente de la FEEC, a comment\u00e9 <strong>l&rsquo;\u00e9t\u00e9 exceptionnel qu&rsquo;a connu le secteur du camping en Espagne<\/strong>, soulignant combien il est important pour les familles de d\u00e9brancher pendant quelques jours, de se d\u00e9tendre et d&rsquo;oublier les probl\u00e8mes quotidiens. Malgr\u00e9 la p\u00e9riode \u00e9conomique difficile que traverse l&rsquo;Europe, les voyageurs semblent attacher une grande valeur \u00e0 l&rsquo;exp\u00e9rience du camping, ce qui contribue au succ\u00e8s d&rsquo;un secteur qui s&rsquo;est r\u00e9v\u00e9l\u00e9 r\u00e9silient et en pleine croissance.<\/p>\n\n<p>En conclusion, l&rsquo;\u00e9t\u00e9 2023 a \u00e9t\u00e9 vraiment exceptionnel pour les campings en Espagne, avec un taux d&rsquo;<strong>occupation record<\/strong> et un afflux constant de voyageurs. Le secteur est toutefois confront\u00e9 au d\u00e9fi de la baisse des d\u00e9penses des clients, mais sa capacit\u00e9 d&rsquo;adaptation et son attrait pour les familles en font un segment important du<strong> tourisme espagnol<\/strong>. Le principal enseignement est que, malgr\u00e9 les difficult\u00e9s \u00e9conomiques, le d\u00e9sir d&rsquo;une pause estivale reste une priorit\u00e9 pour beaucoup.<\/p>\n","protected":false},"excerpt":{"rendered":"<p>L&rsquo;\u00e9t\u00e9 2023 a \u00e9t\u00e9 une p\u00e9riode extraordinaire pour le secteur du camping en Espagne, avec des r\u00e9sultats exceptionnels en termes d&rsquo;occupation et un afflux constant de voyageurs. Selon les donn\u00e9es de la F\u00e9d\u00e9ration espagnole des campings (FEEC), la moyenne nationale d&rsquo;occupation a atteint un excellent 90 % en juillet et en ao\u00fbt, avec des centaines [&hellip;]<\/p>\n","protected":false},"author":173,"featured_media":164093,"comment_status":"closed","ping_status":"closed","sticky":false,"template":"","format":"standard","meta":{"_acf_changed":false,"_monsterinsights_skip_tracking":false,"_monsterinsights_sitenote_active":false,"_monsterinsights_sitenote_note":"","_monsterinsights_sitenote_category":0,"footnotes":""},"categories":[4024],"tags":[4666,4275,5544],"class_list":["post-164852","post","type-post","status-publish","format-standard","has-post-thumbnail","hentry","category-actualite","tag-ana-beriain-fr","tag-espagne","tag-federation-espagnole-des-campings-feec"],"acf":[],"yoast_head":"<!-- This site is optimized with the Yoast SEO plugin v27.5 - https:\/\/yoast.com\/product\/yoast-seo-wordpress\/ -->\n<title>L&#039;\u00e9t\u00e9 en or des campings en Espagne : fr\u00e9quentation record<\/title>\n<meta name=\"robots\" content=\"index, follow, max-snippet:-1, max-image-preview:large, max-video-preview:-1\" \/>\n<link rel=\"canonical\" href=\"https:\/\/www.mondocamping.com\/fr\/lete-en-or-des-campings-en-espagne-frequentation-record\/\" \/>\n<meta property=\"og:locale\" content=\"fr_FR\" \/>\n<meta property=\"og:type\" content=\"article\" \/>\n<meta property=\"og:title\" content=\"L&#039;\u00e9t\u00e9 en or des campings en Espagne : fr\u00e9quentation record\" \/>\n<meta property=\"og:description\" content=\"L&rsquo;\u00e9t\u00e9 2023 a \u00e9t\u00e9 une p\u00e9riode extraordinaire pour le secteur du camping en Espagne, avec des r\u00e9sultats exceptionnels en termes d&rsquo;occupation et un afflux constant de voyageurs. Selon les donn\u00e9es de la F\u00e9d\u00e9ration espagnole des campings (FEEC), la moyenne nationale d&rsquo;occupation a atteint un excellent 90 % en juillet et en ao\u00fbt, avec des centaines [&hellip;]\" \/>\n<meta property=\"og:url\" content=\"https:\/\/www.mondocamping.com\/fr\/lete-en-or-des-campings-en-espagne-frequentation-record\/\" \/>\n<meta property=\"og:site_name\" content=\"Mondo Camping\" \/>\n<meta property=\"article:publisher\" content=\"https:\/\/www.facebook.com\/mondobalneare\" \/>\n<meta property=\"article:published_time\" content=\"2023-09-19T20:59:55+00:00\" \/>\n<meta property=\"article:modified_time\" content=\"2023-09-19T21:00:31+00:00\" \/>\n<meta property=\"og:image\" content=\"https:\/\/www.mondocamping.com\/wp-content\/uploads\/2023\/07\/camping-spagna-e1689319397222.png\" \/>\n\t<meta property=\"og:image:width\" content=\"1200\" \/>\n\t<meta property=\"og:image:height\" content=\"800\" \/>\n\t<meta property=\"og:image:type\" content=\"image\/png\" \/>\n<meta name=\"author\" content=\"Helene Laurent\" \/>\n<meta name=\"twitter:card\" content=\"summary_large_image\" \/>\n<meta name=\"twitter:creator\" content=\"@mondobalneare\" \/>\n<meta name=\"twitter:site\" content=\"@mondobalneare\" \/>\n<meta name=\"twitter:label1\" content=\"\u00c9crit par\" \/>\n\t<meta name=\"twitter:data1\" content=\"Helene Laurent\" \/>\n\t<meta name=\"twitter:label2\" content=\"Dur\u00e9e de lecture estim\u00e9e\" \/>\n\t<meta name=\"twitter:data2\" content=\"2 minutes\" \/>\n<script type=\"application\/ld+json\" class=\"yoast-schema-graph\">{\"@context\":\"https:\\\/\\\/schema.org\",\"@graph\":[{\"@type\":\"Article\",\"@id\":\"https:\\\/\\\/www.mondocamping.com\\\/fr\\\/lete-en-or-des-campings-en-espagne-frequentation-record\\\/#article\",\"isPartOf\":{\"@id\":\"https:\\\/\\\/www.mondocamping.com\\\/fr\\\/lete-en-or-des-campings-en-espagne-frequentation-record\\\/\"},\"author\":{\"name\":\"Helene Laurent\",\"@id\":\"https:\\\/\\\/www.mondocamping.com\\\/#\\\/schema\\\/person\\\/eed3ea815a73a3cec3f6176e03072382\"},\"headline\":\"L&rsquo;\u00e9t\u00e9 en or des campings en Espagne : fr\u00e9quentation record\",\"datePublished\":\"2023-09-19T20:59:55+00:00\",\"dateModified\":\"2023-09-19T21:00:31+00:00\",\"mainEntityOfPage\":{\"@id\":\"https:\\\/\\\/www.mondocamping.com\\\/fr\\\/lete-en-or-des-campings-en-espagne-frequentation-record\\\/\"},\"wordCount\":473,\"publisher\":{\"@id\":\"https:\\\/\\\/www.mondocamping.com\\\/#organization\"},\"image\":{\"@id\":\"https:\\\/\\\/www.mondocamping.com\\\/fr\\\/lete-en-or-des-campings-en-espagne-frequentation-record\\\/#primaryimage\"},\"thumbnailUrl\":\"https:\\\/\\\/www.mondocamping.com\\\/wp-content\\\/uploads\\\/2023\\\/07\\\/camping-spagna-e1689319397222.png\",\"keywords\":[\"Ana Beria\u00edn\",\"Espagne\",\"F\u00e9d\u00e9ration espagnole des campings (FEEC)\"],\"articleSection\":[\"Actualit\u00e9\"],\"inLanguage\":\"fr-FR\"},{\"@type\":\"WebPage\",\"@id\":\"https:\\\/\\\/www.mondocamping.com\\\/fr\\\/lete-en-or-des-campings-en-espagne-frequentation-record\\\/\",\"url\":\"https:\\\/\\\/www.mondocamping.com\\\/fr\\\/lete-en-or-des-campings-en-espagne-frequentation-record\\\/\",\"name\":\"L'\u00e9t\u00e9 en or des campings en Espagne : fr\u00e9quentation record\",\"isPartOf\":{\"@id\":\"https:\\\/\\\/www.mondocamping.com\\\/#website\"},\"primaryImageOfPage\":{\"@id\":\"https:\\\/\\\/www.mondocamping.com\\\/fr\\\/lete-en-or-des-campings-en-espagne-frequentation-record\\\/#primaryimage\"},\"image\":{\"@id\":\"https:\\\/\\\/www.mondocamping.com\\\/fr\\\/lete-en-or-des-campings-en-espagne-frequentation-record\\\/#primaryimage\"},\"thumbnailUrl\":\"https:\\\/\\\/www.mondocamping.com\\\/wp-content\\\/uploads\\\/2023\\\/07\\\/camping-spagna-e1689319397222.png\",\"datePublished\":\"2023-09-19T20:59:55+00:00\",\"dateModified\":\"2023-09-19T21:00:31+00:00\",\"breadcrumb\":{\"@id\":\"https:\\\/\\\/www.mondocamping.com\\\/fr\\\/lete-en-or-des-campings-en-espagne-frequentation-record\\\/#breadcrumb\"},\"inLanguage\":\"fr-FR\",\"potentialAction\":[{\"@type\":\"ReadAction\",\"target\":[\"https:\\\/\\\/www.mondocamping.com\\\/fr\\\/lete-en-or-des-campings-en-espagne-frequentation-record\\\/\"]}]},{\"@type\":\"ImageObject\",\"inLanguage\":\"fr-FR\",\"@id\":\"https:\\\/\\\/www.mondocamping.com\\\/fr\\\/lete-en-or-des-campings-en-espagne-frequentation-record\\\/#primaryimage\",\"url\":\"https:\\\/\\\/www.mondocamping.com\\\/wp-content\\\/uploads\\\/2023\\\/07\\\/camping-spagna-e1689319397222.png\",\"contentUrl\":\"https:\\\/\\\/www.mondocamping.com\\\/wp-content\\\/uploads\\\/2023\\\/07\\\/camping-spagna-e1689319397222.png\",\"width\":1200,\"height\":800},{\"@type\":\"BreadcrumbList\",\"@id\":\"https:\\\/\\\/www.mondocamping.com\\\/fr\\\/lete-en-or-des-campings-en-espagne-frequentation-record\\\/#breadcrumb\",\"itemListElement\":[{\"@type\":\"ListItem\",\"position\":1,\"name\":\"Home\",\"item\":\"https:\\\/\\\/www.mondocamping.com\\\/fr\\\/\"},{\"@type\":\"ListItem\",\"position\":2,\"name\":\"L&#8217;\u00e9t\u00e9 en or des campings en Espagne : fr\u00e9quentation record\"}]},{\"@type\":\"WebSite\",\"@id\":\"https:\\\/\\\/www.mondocamping.com\\\/#website\",\"url\":\"https:\\\/\\\/www.mondocamping.com\\\/\",\"name\":\"Mondo Camping\",\"description\":\"Le portail d\u00e9di\u00e9 aux gestionnaires de campings et villages touristiques\",\"publisher\":{\"@id\":\"https:\\\/\\\/www.mondocamping.com\\\/#organization\"},\"potentialAction\":[{\"@type\":\"SearchAction\",\"target\":{\"@type\":\"EntryPoint\",\"urlTemplate\":\"https:\\\/\\\/www.mondocamping.com\\\/?s={search_term_string}\"},\"query-input\":{\"@type\":\"PropertyValueSpecification\",\"valueRequired\":true,\"valueName\":\"search_term_string\"}}],\"inLanguage\":\"fr-FR\"},{\"@type\":\"Organization\",\"@id\":\"https:\\\/\\\/www.mondocamping.com\\\/#organization\",\"name\":\"Mondo Camping\",\"url\":\"https:\\\/\\\/www.mondocamping.com\\\/\",\"logo\":{\"@type\":\"ImageObject\",\"inLanguage\":\"fr-FR\",\"@id\":\"https:\\\/\\\/www.mondocamping.com\\\/#\\\/schema\\\/logo\\\/image\\\/\",\"url\":\"https:\\\/\\\/www.mondocamping.com\\\/wp-content\\\/uploads\\\/2022\\\/04\\\/mondo-camping-logo-contornato-1.png\",\"contentUrl\":\"https:\\\/\\\/www.mondocamping.com\\\/wp-content\\\/uploads\\\/2022\\\/04\\\/mondo-camping-logo-contornato-1.png\",\"width\":280,\"height\":90,\"caption\":\"Mondo Camping\"},\"image\":{\"@id\":\"https:\\\/\\\/www.mondocamping.com\\\/#\\\/schema\\\/logo\\\/image\\\/\"},\"sameAs\":[\"https:\\\/\\\/www.facebook.com\\\/mondobalneare\",\"https:\\\/\\\/x.com\\\/mondobalneare\",\"https:\\\/\\\/www.instagram.com\\\/mondobalneare\\\/\",\"https:\\\/\\\/www.linkedin.com\\\/company\\\/67180810\\\/\",\"https:\\\/\\\/www.youtube.com\\\/user\\\/mondobalnearevideo\"]},{\"@type\":\"Person\",\"@id\":\"https:\\\/\\\/www.mondocamping.com\\\/#\\\/schema\\\/person\\\/eed3ea815a73a3cec3f6176e03072382\",\"name\":\"Helene Laurent\",\"image\":{\"@type\":\"ImageObject\",\"inLanguage\":\"fr-FR\",\"@id\":\"https:\\\/\\\/secure.gravatar.com\\\/avatar\\\/bac70d5cf6bff3519b930133cdbb588b1735215eb294cccae818e7422efb7469?s=96&d=mm&r=g\",\"url\":\"https:\\\/\\\/secure.gravatar.com\\\/avatar\\\/bac70d5cf6bff3519b930133cdbb588b1735215eb294cccae818e7422efb7469?s=96&d=mm&r=g\",\"contentUrl\":\"https:\\\/\\\/secure.gravatar.com\\\/avatar\\\/bac70d5cf6bff3519b930133cdbb588b1735215eb294cccae818e7422efb7469?s=96&d=mm&r=g\",\"caption\":\"Helene Laurent\"}}]}<\/script>\n<!-- \/ Yoast SEO plugin. -->","yoast_head_json":{"title":"L'\u00e9t\u00e9 en or des campings en Espagne : fr\u00e9quentation record","robots":{"index":"index","follow":"follow","max-snippet":"max-snippet:-1","max-image-preview":"max-image-preview:large","max-video-preview":"max-video-preview:-1"},"canonical":"https:\/\/www.mondocamping.com\/fr\/lete-en-or-des-campings-en-espagne-frequentation-record\/","og_locale":"fr_FR","og_type":"article","og_title":"L'\u00e9t\u00e9 en or des campings en Espagne : fr\u00e9quentation record","og_description":"L&rsquo;\u00e9t\u00e9 2023 a \u00e9t\u00e9 une p\u00e9riode extraordinaire pour le secteur du camping en Espagne, avec des r\u00e9sultats exceptionnels en termes d&rsquo;occupation et un afflux constant de voyageurs. Selon les donn\u00e9es de la F\u00e9d\u00e9ration espagnole des campings (FEEC), la moyenne nationale d&rsquo;occupation a atteint un excellent 90 % en juillet et en ao\u00fbt, avec des centaines [&hellip;]","og_url":"https:\/\/www.mondocamping.com\/fr\/lete-en-or-des-campings-en-espagne-frequentation-record\/","og_site_name":"Mondo Camping","article_publisher":"https:\/\/www.facebook.com\/mondobalneare","article_published_time":"2023-09-19T20:59:55+00:00","article_modified_time":"2023-09-19T21:00:31+00:00","og_image":[{"width":1200,"height":800,"url":"https:\/\/www.mondocamping.com\/wp-content\/uploads\/2023\/07\/camping-spagna-e1689319397222.png","type":"image\/png"}],"author":"Helene Laurent","twitter_card":"summary_large_image","twitter_creator":"@mondobalneare","twitter_site":"@mondobalneare","twitter_misc":{"\u00c9crit par":"Helene Laurent","Dur\u00e9e de lecture estim\u00e9e":"2 minutes"},"schema":{"@context":"https:\/\/schema.org","@graph":[{"@type":"Article","@id":"https:\/\/www.mondocamping.com\/fr\/lete-en-or-des-campings-en-espagne-frequentation-record\/#article","isPartOf":{"@id":"https:\/\/www.mondocamping.com\/fr\/lete-en-or-des-campings-en-espagne-frequentation-record\/"},"author":{"name":"Helene Laurent","@id":"https:\/\/www.mondocamping.com\/#\/schema\/person\/eed3ea815a73a3cec3f6176e03072382"},"headline":"L&rsquo;\u00e9t\u00e9 en or des campings en Espagne : fr\u00e9quentation record","datePublished":"2023-09-19T20:59:55+00:00","dateModified":"2023-09-19T21:00:31+00:00","mainEntityOfPage":{"@id":"https:\/\/www.mondocamping.com\/fr\/lete-en-or-des-campings-en-espagne-frequentation-record\/"},"wordCount":473,"publisher":{"@id":"https:\/\/www.mondocamping.com\/#organization"},"image":{"@id":"https:\/\/www.mondocamping.com\/fr\/lete-en-or-des-campings-en-espagne-frequentation-record\/#primaryimage"},"thumbnailUrl":"https:\/\/www.mondocamping.com\/wp-content\/uploads\/2023\/07\/camping-spagna-e1689319397222.png","keywords":["Ana Beria\u00edn","Espagne","F\u00e9d\u00e9ration espagnole des campings (FEEC)"],"articleSection":["Actualit\u00e9"],"inLanguage":"fr-FR"},{"@type":"WebPage","@id":"https:\/\/www.mondocamping.com\/fr\/lete-en-or-des-campings-en-espagne-frequentation-record\/","url":"https:\/\/www.mondocamping.com\/fr\/lete-en-or-des-campings-en-espagne-frequentation-record\/","name":"L'\u00e9t\u00e9 en or des campings en Espagne : fr\u00e9quentation record","isPartOf":{"@id":"https:\/\/www.mondocamping.com\/#website"},"primaryImageOfPage":{"@id":"https:\/\/www.mondocamping.com\/fr\/lete-en-or-des-campings-en-espagne-frequentation-record\/#primaryimage"},"image":{"@id":"https:\/\/www.mondocamping.com\/fr\/lete-en-or-des-campings-en-espagne-frequentation-record\/#primaryimage"},"thumbnailUrl":"https:\/\/www.mondocamping.com\/wp-content\/uploads\/2023\/07\/camping-spagna-e1689319397222.png","datePublished":"2023-09-19T20:59:55+00:00","dateModified":"2023-09-19T21:00:31+00:00","breadcrumb":{"@id":"https:\/\/www.mondocamping.com\/fr\/lete-en-or-des-campings-en-espagne-frequentation-record\/#breadcrumb"},"inLanguage":"fr-FR","potentialAction":[{"@type":"ReadAction","target":["https:\/\/www.mondocamping.com\/fr\/lete-en-or-des-campings-en-espagne-frequentation-record\/"]}]},{"@type":"ImageObject","inLanguage":"fr-FR","@id":"https:\/\/www.mondocamping.com\/fr\/lete-en-or-des-campings-en-espagne-frequentation-record\/#primaryimage","url":"https:\/\/www.mondocamping.com\/wp-content\/uploads\/2023\/07\/camping-spagna-e1689319397222.png","contentUrl":"https:\/\/www.mondocamping.com\/wp-content\/uploads\/2023\/07\/camping-spagna-e1689319397222.png","width":1200,"height":800},{"@type":"BreadcrumbList","@id":"https:\/\/www.mondocamping.com\/fr\/lete-en-or-des-campings-en-espagne-frequentation-record\/#breadcrumb","itemListElement":[{"@type":"ListItem","position":1,"name":"Home","item":"https:\/\/www.mondocamping.com\/fr\/"},{"@type":"ListItem","position":2,"name":"L&#8217;\u00e9t\u00e9 en or des campings en Espagne : fr\u00e9quentation record"}]},{"@type":"WebSite","@id":"https:\/\/www.mondocamping.com\/#website","url":"https:\/\/www.mondocamping.com\/","name":"Mondo Camping","description":"Le portail d\u00e9di\u00e9 aux gestionnaires de campings et villages touristiques","publisher":{"@id":"https:\/\/www.mondocamping.com\/#organization"},"potentialAction":[{"@type":"SearchAction","target":{"@type":"EntryPoint","urlTemplate":"https:\/\/www.mondocamping.com\/?s={search_term_string}"},"query-input":{"@type":"PropertyValueSpecification","valueRequired":true,"valueName":"search_term_string"}}],"inLanguage":"fr-FR"},{"@type":"Organization","@id":"https:\/\/www.mondocamping.com\/#organization","name":"Mondo Camping","url":"https:\/\/www.mondocamping.com\/","logo":{"@type":"ImageObject","inLanguage":"fr-FR","@id":"https:\/\/www.mondocamping.com\/#\/schema\/logo\/image\/","url":"https:\/\/www.mondocamping.com\/wp-content\/uploads\/2022\/04\/mondo-camping-logo-contornato-1.png","contentUrl":"https:\/\/www.mondocamping.com\/wp-content\/uploads\/2022\/04\/mondo-camping-logo-contornato-1.png","width":280,"height":90,"caption":"Mondo Camping"},"image":{"@id":"https:\/\/www.mondocamping.com\/#\/schema\/logo\/image\/"},"sameAs":["https:\/\/www.facebook.com\/mondobalneare","https:\/\/x.com\/mondobalneare","https:\/\/www.instagram.com\/mondobalneare\/","https:\/\/www.linkedin.com\/company\/67180810\/","https:\/\/www.youtube.com\/user\/mondobalnearevideo"]},{"@type":"Person","@id":"https:\/\/www.mondocamping.com\/#\/schema\/person\/eed3ea815a73a3cec3f6176e03072382","name":"Helene Laurent","image":{"@type":"ImageObject","inLanguage":"fr-FR","@id":"https:\/\/secure.gravatar.com\/avatar\/bac70d5cf6bff3519b930133cdbb588b1735215eb294cccae818e7422efb7469?s=96&d=mm&r=g","url":"https:\/\/secure.gravatar.com\/avatar\/bac70d5cf6bff3519b930133cdbb588b1735215eb294cccae818e7422efb7469?s=96&d=mm&r=g","contentUrl":"https:\/\/secure.gravatar.com\/avatar\/bac70d5cf6bff3519b930133cdbb588b1735215eb294cccae818e7422efb7469?s=96&d=mm&r=g","caption":"Helene Laurent"}}]}},"_links":{"self":[{"href":"https:\/\/www.mondocamping.com\/fr\/wp-json\/wp\/v2\/posts\/164852","targetHints":{"allow":["GET"]}}],"collection":[{"href":"https:\/\/www.mondocamping.com\/fr\/wp-json\/wp\/v2\/posts"}],"about":[{"href":"https:\/\/www.mondocamping.com\/fr\/wp-json\/wp\/v2\/types\/post"}],"author":[{"embeddable":true,"href":"https:\/\/www.mondocamping.com\/fr\/wp-json\/wp\/v2\/users\/173"}],"replies":[{"embeddable":true,"href":"https:\/\/www.mondocamping.com\/fr\/wp-json\/wp\/v2\/comments?post=164852"}],"version-history":[{"count":1,"href":"https:\/\/www.mondocamping.com\/fr\/wp-json\/wp\/v2\/posts\/164852\/revisions"}],"predecessor-version":[{"id":164853,"href":"https:\/\/www.mondocamping.com\/fr\/wp-json\/wp\/v2\/posts\/164852\/revisions\/164853"}],"wp:featuredmedia":[{"embeddable":true,"href":"https:\/\/www.mondocamping.com\/fr\/wp-json\/wp\/v2\/media\/164093"}],"wp:attachment":[{"href":"https:\/\/www.mondocamping.com\/fr\/wp-json\/wp\/v2\/media?parent=164852"}],"wp:term":[{"taxonomy":"category","embeddable":true,"href":"https:\/\/www.mondocamping.com\/fr\/wp-json\/wp\/v2\/categories?post=164852"},{"taxonomy":"post_tag","embeddable":true,"href":"https:\/\/www.mondocamping.com\/fr\/wp-json\/wp\/v2\/tags?post=164852"}],"curies":[{"name":"wp","href":"https:\/\/api.w.org\/{rel}","templated":true}]}}