{"id":164883,"date":"2023-09-22T18:11:19","date_gmt":"2023-09-22T16:11:19","guid":{"rendered":"https:\/\/www.mondocamping.com\/un-present-en-croissance-et-un-avenir-plein-de-projets-entretien-avec-alberto-granzotto-president-de-faita\/"},"modified":"2023-09-22T18:12:07","modified_gmt":"2023-09-22T16:12:07","slug":"un-present-en-croissance-et-un-avenir-plein-de-projets-entretien-avec-alberto-granzotto-president-de-faita","status":"publish","type":"post","link":"https:\/\/www.mondocamping.com\/fr\/un-present-en-croissance-et-un-avenir-plein-de-projets-entretien-avec-alberto-granzotto-president-de-faita\/","title":{"rendered":"Un pr\u00e9sent en croissance et un avenir plein de projets : entretien avec Alberto Granzotto, pr\u00e9sident de Faita"},"content":{"rendered":"\n<p>Les <strong>propri\u00e9taires de camping<\/strong> sont confront\u00e9s \u00e0 des d\u00e9fis quotidiens tels que l&rsquo;augmentation des co\u00fbts de l&rsquo;\u00e9nergie et les interf\u00e9rences ext\u00e9rieures, comme l&rsquo;augmentation du prix des ferries en Sardaigne. Mais les chiffres de la saison estivale des campings et des villages sont positifs, avec une croissance de 3 % des arriv\u00e9es et des pr\u00e9sences par rapport \u00e0 l&rsquo;ann\u00e9e pr\u00e9c\u00e9dente. Nous en avons parl\u00e9 avec le <strong>pr\u00e9sident de Faita Federcamping, Alberto Granzotto<\/strong>, interview\u00e9 par Mondo Camping pour parler de l&rsquo;engagement de la f\u00e9d\u00e9ration \u00e0 rendre le <strong>secteur de l&rsquo;open air<\/strong> plus inclusif et durable et de son travail sur la qualit\u00e9 et l&rsquo;innovation, y compris un recensement des entreprises et l&rsquo;utilisation de la technologie num\u00e9rique. Ces projets seront pr\u00e9sent\u00e9s lors de salons tels que <strong>TTG \u00e0 Rimini et Hospitality \u00e0 Riva del Garda<\/strong>.<\/p>\n\n<p><strong>Monsieur le Pr\u00e9sident Granzotto, pouvons-nous d\u00e9j\u00e0 faire une premi\u00e8re \u00e9valuation de la saison estivale 2023 pour les campings et les villages italiens ?<\/strong><\/p>\n\n<p><em>Nous avons estim\u00e9 \u00e0 la fin du mois d&rsquo;ao\u00fbt que les r\u00e9sultats de la saison actuelle \u00e9taient sup\u00e9rieurs \u00e0 ceux de l&rsquo;ann\u00e9e derni\u00e8re, bien que l\u00e9g\u00e8rement. En termes approximatifs, nous pouvons estimer une <strong>croissance d&rsquo;environ 3 %<\/strong> des arriv\u00e9es et du m\u00eame ordre de grandeur des pr\u00e9sences. Si ce premier <strong>traitement anticip\u00e9 des donn\u00e9es se confirme<\/strong>, et avec l&rsquo;ajout des donn\u00e9es pour les mois de septembre et d&rsquo;octobre, le secteur de l&rsquo;Open Air approchera les 70 000 000 de pr\u00e9sences et les 11 000 000 de millions d&rsquo;arriv\u00e9es d&rsquo;ici \u00e0 2023.<\/em>&#13;\n<em>D&rsquo;apr\u00e8s une premi\u00e8re collecte de donn\u00e9es aupr\u00e8s des diff\u00e9rentes associations r\u00e9gionales, <strong>la demande d&rsquo;activit\u00e9s de plein air a presque augment\u00e9 dans toutes les r\u00e9gions<\/strong>. Certes, le temps instable du mois de juin a ralenti le d\u00e9but de la saison, mais il y a un sprint final tr\u00e8s fort en septembre et octobre, qui, comme pour dire, sera la cerise classique sur le g\u00e2teau d&rsquo;une saison excellente et prolong\u00e9e.<\/em><\/p>\n\n<p><strong>Quelles r\u00e9actions avez-vous re\u00e7ues de la part des propri\u00e9taires de campings italiens au cours de ces mois de travail intensif ?<\/strong><\/p>\n\n<p><em>Depuis quelques ann\u00e9es, nous travaillons dans des environnements souvent instables et impr\u00e9visibles: des \u00e9l\u00e9ments climatiques d\u00e9favorables,\u00a0 des fluctuations rapides \u00e0 la hausse des co\u00fbts de l&rsquo;\u00e9nergie et des mati\u00e8res premi\u00e8res, des influences de la politique mon\u00e9taire, l&rsquo;instabilit\u00e9 g\u00e9opolitique; Tout cela ne facilite certainement pas la <strong>gestion des entreprises<\/strong>, ni leur <strong>planification \u00e9conomico-financi\u00e8re<\/strong> des entreprises. Heureusement, le secteur r\u00e9siste bien, ce qui, au moins, inspire confiance et enthousiasme aux op\u00e9rateurs que nous sommes. Bien s\u00fbr, il arrive que nous soyons pris dans des interf\u00e9rences ext\u00e9rieures qui affectent n\u00e9gativement les <strong>tendances saisonni\u00e8res<\/strong>, comme dans le cas sp\u00e9cifique de la <strong>Sardaigne<\/strong>, o\u00f9 l&rsquo;augmentation inconsid\u00e9r\u00e9e des ferries n&rsquo;a certainement pas favoris\u00e9 la destination, surtout pour notre type de touristes qui utilisent souvent leurs propres moyens de logement, comme les camping-cars et les caravanes, et pour lesquels le co\u00fbt de l&#8217;embarquement a un impact significatif sur les frais d&#8217;embarquement, d\u00e9passant paradoxalement le co\u00fbt du s\u00e9jour dans l&rsquo;<strong>\u00e9tablissement d&rsquo;h\u00e9bergement<\/strong>.<\/em><\/p>\n\n<p><em>Mais comme je vous l&rsquo;ai dit, les op\u00e9rateurs ont \u00e9t\u00e9 tr\u00e8s satisfaits de la r\u00e9activit\u00e9 de l&rsquo;offre \u00e0 la demande, ce qui nous indique que nous sommes sur la bonne voie.<\/em><\/p>\n\n<p><strong>Les prix ont \u00e9galement augment\u00e9 dans les campings. S&rsquo;agit-il d&rsquo;une phase temporaire ou d&rsquo;une tendance qui deviendra syst\u00e9mique ?<\/strong><\/p>\n\n<p><em>Malheureusement, certains des \u00e9l\u00e9ments mentionn\u00e9s ci-dessus ne peuvent manquer d&rsquo;influencer le prix d&rsquo;un s\u00e9jour. Quand on sait que les entreprises de plein air sont en moyenne des structures d&rsquo;accueil de 4 hectares, voire plus de 70, on imagine les volumes d&rsquo;\u00e9nergie qu&rsquo;elles n\u00e9cessitent ou le type d&rsquo;entretien que ces types d&rsquo;activit\u00e9s requi\u00e8rent. De plus, m\u00eame pour les services compl\u00e9mentaires, l&rsquo;ensemble de la <strong>cha\u00eene<\/strong> de produits a subi des augmentations de prix qui ont d\u00fb \u00eatre en partie compens\u00e9es dans les tarifs.<\/em><\/p>\n\n<p><em>Cependant, une chose doit \u00eatre claire : les augmentations qui ont \u00e9t\u00e9 appliqu\u00e9es n&rsquo;ont jamais \u00e9t\u00e9 sup\u00e9rieures au <strong>taux d&rsquo;inflation<\/strong> actuel et, dans presque tous les cas, elles ont \u00e9t\u00e9 accompagn\u00e9es d&rsquo;un enrichissement des services fournis en termes de quantit\u00e9 et de qualit\u00e9.<\/em><\/p>\n\n<p><em>Quoi qu&rsquo;il en soit, la sp\u00e9cificit\u00e9 de notre secteur permet certainement de g\u00e9n\u00e9raliser l&rsquo;acc\u00e8s aux vacances et \u00e0 l&rsquo;utilisation du temps libre. Pr\u00e9cis\u00e9ment en raison de la modularit\u00e9 du s\u00e9jour, qui peut \u00e9galement \u00eatre appr\u00e9ci\u00e9 avec des moyens d&rsquo;<strong>h\u00e9bergement mobiles plus simples<\/strong>, tels que les tentes, ou des formes plus sophistiqu\u00e9es et exp\u00e9rimentales de <strong>glamping<\/strong>, en passant par les camping-cars et les caravanes, le tourisme en plein air est certainement une <strong>vacance accessible<\/strong>, modulaire et flexible.<\/em><\/p>\n\n<p><em>En conclusion, je ne pense pas que la tendance \u00e0 la hausse devienne end\u00e9mique, notamment parce qu&rsquo;il y a une forte prise de conscience des param\u00e8tres du march\u00e9 \u00e0 ne pas d\u00e9passer, non seulement pour des raisons \u00e9conomiques et de marketing, mais aussi pour des raisons \u00e9thiques et sociales.<\/em><\/p>\n\n<p><strong>Le tourisme de plein air est de plus en plus pris\u00e9 par les vacanciers. Comment exploiter cette vague pour qu&rsquo;elle ne reste pas une mode passag\u00e8re ?<\/strong><\/p>\n\n<p><em>Depuis quelques ann\u00e9es, l&rsquo;Open Air est appr\u00e9ci\u00e9 pour ce qu&rsquo;il est vraiment. Il ne s&rsquo;agit pas d&rsquo;un tourisme m\u00e9diocre, mais d&rsquo;une nouvelle philosophie de vacances, o\u00f9 l&rsquo;h\u00f4te est au centre.<\/em><\/p>\n\n<p><em>Dans le pass\u00e9, le choix des vacances en camping \u00e9tait principalement dict\u00e9 par des \u00e9l\u00e9ments \u00e9conomiques. Aujourd&rsquo;hui, l&rsquo;\u00e9l\u00e9ment moteur est certainement orient\u00e9 par l&rsquo;\u00e9motionnalit\u00e9, les gens vivent les vacances en plein air comme un moment exp\u00e9rientiel et r\u00e9g\u00e9n\u00e9rateur, o\u00f9 chaque \u00e9l\u00e9ment devient une \u00e9motion : l&rsquo;environnement, le logement, la nourriture, les activit\u00e9s ludiques et r\u00e9cr\u00e9atives.<\/em><\/p>\n\n<p><em>Cependant, il est n\u00e9cessaire de pouvoir capitaliser sur cette nouvelle orientation du march\u00e9, de pouvoir r\u00e9pondre aux nouveaux besoins des h\u00f4tes, en op\u00e9rant souvent de mani\u00e8re pr\u00e9dictive, en anticipant presque les demandes ou les besoins.<\/em><\/p>\n\n<p><em>L&rsquo;op\u00e9rateur Open Air doit savoir allier le pragmatisme de l&rsquo;entrepreneur \u00e0 l&rsquo;imagination du r\u00eaveur ; il doit savoir imaginer son entreprise comme un lieu totalement immerg\u00e9 dans le contexte naturel dans lequel il op\u00e8re, valorisant les traditions et les sp\u00e9cificit\u00e9s des territoires.<\/em><\/p>\n\n<p><em>Pour ce faire, il est n\u00e9cessaire de s&rsquo;informer, d&rsquo;\u00e9tudier, de travailler \u00e0 une mise \u00e0 jour continue. C&rsquo;est pourquoi, depuis quelques ann\u00e9es, la F\u00e9d\u00e9ration collabore avec le monde universitaire, par exemple avec le <strong>CISET &#8211; Centro Internazionale di Studi sull&rsquo;Economia Turistica dell&rsquo;Universit\u00e0 Ca&rsquo; Foscari di Venezia<\/strong> (Centre international d&rsquo;\u00e9tudes sur l&rsquo;\u00e9conomie touristique de l&rsquo;Universit\u00e9 Ca&rsquo; Foscari de Venise) pour le rapport annuel sur l&rsquo;\u00e9tude \u00e9conomique du secteur de l&rsquo;h\u00e9bergement touristique en plein air, ou avec le <strong>MET &#8211; Master en \u00e9conomie et gestion du tourisme de l&rsquo;Universit\u00e9 Bocconi de Milan<\/strong>, pour une \u00e9tude cognitive sur la demande en mati\u00e8re de tourisme en plein air.<\/em><\/p>\n\n<p><strong>Quelles seront les activit\u00e9s de Faita au cours des prochains mois ?<\/strong><\/p>\n\n<p><em>L&rsquo;accessibilit\u00e9, la durabilit\u00e9, la qualit\u00e9 et l&rsquo;innovation seront les quatre piliers fondamentaux des prochaines activit\u00e9s de la F\u00e9d\u00e9ration.<\/em><\/p>\n\n<p><em>En ce qui concerne l&rsquo;accessibilit\u00e9, la F\u00e9d\u00e9ration s&rsquo;engagera dans un parcours de sensibilisation et de formation, d\u00e9j\u00e0 entrepris il y a quelques ann\u00e9es, pour rendre le secteur de l&rsquo;Open Air de plus en plus inclusif. Dans les prochains mois, nous pr\u00e9senterons les r\u00e9sultats d&rsquo;un projet exp\u00e9rimental, en collaboration avec <strong>Village for all V4A\u00ae, Legambiente et IMQeAmbiente<\/strong>, pour l&rsquo;application des SDG aux structures d&rsquo;h\u00e9bergement touristique en plein air, utile pour l&rsquo;identification des KPI qui constitueront les \u00e9l\u00e9ments pr\u00e9\u00e9minents d&rsquo;une marque de qualit\u00e9 sp\u00e9cifique pour les structures d&rsquo;h\u00e9bergement en plein air, \u00e9galement bas\u00e9e sur des \u00e9l\u00e9ments li\u00e9s \u00e0 la durabilit\u00e9 et \u00e0 l&rsquo;accessibilit\u00e9.<\/em><\/p>\n\n<p><em>En outre, sur le th\u00e8me de la durabilit\u00e9, une premi\u00e8re phase d&rsquo;un projet vient d&rsquo;\u00eatre achev\u00e9e, en collaboration avec IMQeAmbiente, pour valoriser les structures d&rsquo;h\u00e9bergement touristique en plein air qui garantiront la mise en \u0153uvre et le maintien de bonnes pratiques de durabilit\u00e9, afin d&rsquo;atteindre les objectifs de l&rsquo;Agenda 2030, \u00e9galement \u00e0 travers la cr\u00e9ation d&rsquo;un <strong>MANIFESTE GUIDE Faita Federcamping<\/strong>, et avec la r\u00e9daction d&rsquo;\u00e9tats financiers certifi\u00e9s selon les <strong>param\u00e8tres ESG<\/strong>.<\/em><\/p>\n\n<p><em>En ce qui concerne la qualit\u00e9 et l&rsquo;innovation, nous avons commenc\u00e9 par apprendre \u00e0 mieux nous conna\u00eetre. Gr\u00e2ce au premier recensement quantitatif et qualitatif des entreprises de plein air, lanc\u00e9 en 2022 et en phase d&rsquo;\u00e9volution et de mise en \u0153uvre continues, la F\u00e9d\u00e9ration \u00e9tudie les caract\u00e9ristiques structurelles des entreprises afin de mener les activit\u00e9s n\u00e9cessaires \u00e0 l&rsquo;am\u00e9lioration ou \u00e0 la mise \u00e0 jour des services fournis.<\/em><\/p>\n\n<p><em>La F\u00e9d\u00e9ration travaille \u00e9galement sur les aspects technologiques ; le projet Open Air Hub, en tant que logiciel int\u00e9gr\u00e9 pour optimiser la communication num\u00e9rique des entreprises de tourisme en plein air, et la pr\u00e9sence sur les tables de travail du <strong>Minist\u00e8re du Tourisme au sein du Tourism Digital Hub (TDH)<\/strong>, en font partie.<\/em><\/p>\n\n<p><em>Tous ces \u00e9l\u00e9ments et bien d&rsquo;autres encore seront pr\u00e9sent\u00e9s par la F\u00e9d\u00e9ration lors des prochains salons tels que <strong>TTG \u00e0 Rimini<\/strong> et Hospitality \u00e0 Riva del Garda.<\/em><\/p>\n","protected":false},"excerpt":{"rendered":"<p>Les propri\u00e9taires de camping sont confront\u00e9s \u00e0 des d\u00e9fis quotidiens tels que l&rsquo;augmentation des co\u00fbts de l&rsquo;\u00e9nergie et les interf\u00e9rences ext\u00e9rieures, comme l&rsquo;augmentation du prix des ferries en Sardaigne. Mais les chiffres de la saison estivale des campings et des villages sont positifs, avec une croissance de 3 % des arriv\u00e9es et des pr\u00e9sences par [&hellip;]<\/p>\n","protected":false},"author":173,"featured_media":164849,"comment_status":"closed","ping_status":"closed","sticky":false,"template":"","format":"standard","meta":{"_acf_changed":false,"_monsterinsights_skip_tracking":false,"_monsterinsights_sitenote_active":false,"_monsterinsights_sitenote_note":"","_monsterinsights_sitenote_category":0,"footnotes":""},"categories":[4024],"tags":[4078,4189,4629,4077,4075,5558,4212,5556,4079,5557],"class_list":["post-164883","post","type-post","status-publish","format-standard","has-post-thumbnail","hentry","category-actualite","tag-alberto-granzotto-fr","tag-camping-fr","tag-durabilite","tag-faita-federcamping-fr","tag-glamping-fr","tag-hospitality-a-riva-del-garda","tag-italie","tag-periode-estivale","tag-tourisme-de-plein-air","tag-ttg-a-rimini"],"acf":[],"yoast_head":"<!-- This site is optimized with the Yoast SEO plugin v27.5 - https:\/\/yoast.com\/product\/yoast-seo-wordpress\/ -->\n<title>Un pr\u00e9sent en croissance et un avenir plein de projets : entretien avec Alberto Granzotto, pr\u00e9sident de Faita<\/title>\n<meta name=\"robots\" content=\"index, follow, max-snippet:-1, max-image-preview:large, max-video-preview:-1\" \/>\n<link rel=\"canonical\" href=\"https:\/\/www.mondocamping.com\/fr\/un-present-en-croissance-et-un-avenir-plein-de-projets-entretien-avec-alberto-granzotto-president-de-faita\/\" \/>\n<meta property=\"og:locale\" content=\"fr_FR\" \/>\n<meta property=\"og:type\" content=\"article\" \/>\n<meta property=\"og:title\" content=\"Un pr\u00e9sent en croissance et un avenir plein de projets : entretien avec Alberto Granzotto, pr\u00e9sident de Faita\" \/>\n<meta property=\"og:description\" content=\"Les propri\u00e9taires de camping sont confront\u00e9s \u00e0 des d\u00e9fis quotidiens tels que l&rsquo;augmentation des co\u00fbts de l&rsquo;\u00e9nergie et les interf\u00e9rences ext\u00e9rieures, comme l&rsquo;augmentation du prix des ferries en Sardaigne. Mais les chiffres de la saison estivale des campings et des villages sont positifs, avec une croissance de 3 % des arriv\u00e9es et des pr\u00e9sences par [&hellip;]\" \/>\n<meta property=\"og:url\" content=\"https:\/\/www.mondocamping.com\/fr\/un-present-en-croissance-et-un-avenir-plein-de-projets-entretien-avec-alberto-granzotto-president-de-faita\/\" \/>\n<meta property=\"og:site_name\" content=\"Mondo Camping\" \/>\n<meta property=\"article:publisher\" content=\"https:\/\/www.facebook.com\/mondobalneare\" \/>\n<meta property=\"article:published_time\" content=\"2023-09-22T16:11:19+00:00\" \/>\n<meta property=\"article:modified_time\" content=\"2023-09-22T16:12:07+00:00\" \/>\n<meta property=\"og:image\" content=\"https:\/\/www.mondocamping.com\/wp-content\/uploads\/2023\/09\/IMG-20230919-WA0030.jpg\" \/>\n\t<meta property=\"og:image:width\" content=\"640\" \/>\n\t<meta property=\"og:image:height\" content=\"425\" \/>\n\t<meta property=\"og:image:type\" content=\"image\/jpeg\" \/>\n<meta name=\"author\" content=\"Helene Laurent\" \/>\n<meta name=\"twitter:card\" content=\"summary_large_image\" \/>\n<meta name=\"twitter:creator\" content=\"@mondobalneare\" \/>\n<meta name=\"twitter:site\" content=\"@mondobalneare\" \/>\n<meta name=\"twitter:label1\" content=\"\u00c9crit par\" \/>\n\t<meta name=\"twitter:data1\" content=\"Helene Laurent\" \/>\n\t<meta name=\"twitter:label2\" content=\"Dur\u00e9e de lecture estim\u00e9e\" \/>\n\t<meta name=\"twitter:data2\" content=\"8 minutes\" \/>\n<script type=\"application\/ld+json\" class=\"yoast-schema-graph\">{\"@context\":\"https:\\\/\\\/schema.org\",\"@graph\":[{\"@type\":\"Article\",\"@id\":\"https:\\\/\\\/www.mondocamping.com\\\/fr\\\/un-present-en-croissance-et-un-avenir-plein-de-projets-entretien-avec-alberto-granzotto-president-de-faita\\\/#article\",\"isPartOf\":{\"@id\":\"https:\\\/\\\/www.mondocamping.com\\\/fr\\\/un-present-en-croissance-et-un-avenir-plein-de-projets-entretien-avec-alberto-granzotto-president-de-faita\\\/\"},\"author\":{\"name\":\"Helene Laurent\",\"@id\":\"https:\\\/\\\/www.mondocamping.com\\\/#\\\/schema\\\/person\\\/eed3ea815a73a3cec3f6176e03072382\"},\"headline\":\"Un pr\u00e9sent en croissance et un avenir plein de projets : entretien avec Alberto Granzotto, pr\u00e9sident de Faita\",\"datePublished\":\"2023-09-22T16:11:19+00:00\",\"dateModified\":\"2023-09-22T16:12:07+00:00\",\"mainEntityOfPage\":{\"@id\":\"https:\\\/\\\/www.mondocamping.com\\\/fr\\\/un-present-en-croissance-et-un-avenir-plein-de-projets-entretien-avec-alberto-granzotto-president-de-faita\\\/\"},\"wordCount\":1678,\"publisher\":{\"@id\":\"https:\\\/\\\/www.mondocamping.com\\\/#organization\"},\"image\":{\"@id\":\"https:\\\/\\\/www.mondocamping.com\\\/fr\\\/un-present-en-croissance-et-un-avenir-plein-de-projets-entretien-avec-alberto-granzotto-president-de-faita\\\/#primaryimage\"},\"thumbnailUrl\":\"https:\\\/\\\/www.mondocamping.com\\\/wp-content\\\/uploads\\\/2023\\\/09\\\/IMG-20230919-WA0030.jpg\",\"keywords\":[\"Alberto Granzotto\",\"camping\",\"durabilit\u00e9\",\"Faita Federcamping\",\"glamping\",\"Hospitality \u00e0 Riva del Garda\",\"Italie\",\"p\u00e9riode estivale\",\"Tourisme de plein air\",\"TTG \u00e0 Rimini\"],\"articleSection\":[\"Actualit\u00e9\"],\"inLanguage\":\"fr-FR\"},{\"@type\":\"WebPage\",\"@id\":\"https:\\\/\\\/www.mondocamping.com\\\/fr\\\/un-present-en-croissance-et-un-avenir-plein-de-projets-entretien-avec-alberto-granzotto-president-de-faita\\\/\",\"url\":\"https:\\\/\\\/www.mondocamping.com\\\/fr\\\/un-present-en-croissance-et-un-avenir-plein-de-projets-entretien-avec-alberto-granzotto-president-de-faita\\\/\",\"name\":\"Un pr\u00e9sent en croissance et un avenir plein de projets : entretien avec Alberto Granzotto, pr\u00e9sident de Faita\",\"isPartOf\":{\"@id\":\"https:\\\/\\\/www.mondocamping.com\\\/#website\"},\"primaryImageOfPage\":{\"@id\":\"https:\\\/\\\/www.mondocamping.com\\\/fr\\\/un-present-en-croissance-et-un-avenir-plein-de-projets-entretien-avec-alberto-granzotto-president-de-faita\\\/#primaryimage\"},\"image\":{\"@id\":\"https:\\\/\\\/www.mondocamping.com\\\/fr\\\/un-present-en-croissance-et-un-avenir-plein-de-projets-entretien-avec-alberto-granzotto-president-de-faita\\\/#primaryimage\"},\"thumbnailUrl\":\"https:\\\/\\\/www.mondocamping.com\\\/wp-content\\\/uploads\\\/2023\\\/09\\\/IMG-20230919-WA0030.jpg\",\"datePublished\":\"2023-09-22T16:11:19+00:00\",\"dateModified\":\"2023-09-22T16:12:07+00:00\",\"breadcrumb\":{\"@id\":\"https:\\\/\\\/www.mondocamping.com\\\/fr\\\/un-present-en-croissance-et-un-avenir-plein-de-projets-entretien-avec-alberto-granzotto-president-de-faita\\\/#breadcrumb\"},\"inLanguage\":\"fr-FR\",\"potentialAction\":[{\"@type\":\"ReadAction\",\"target\":[\"https:\\\/\\\/www.mondocamping.com\\\/fr\\\/un-present-en-croissance-et-un-avenir-plein-de-projets-entretien-avec-alberto-granzotto-president-de-faita\\\/\"]}]},{\"@type\":\"ImageObject\",\"inLanguage\":\"fr-FR\",\"@id\":\"https:\\\/\\\/www.mondocamping.com\\\/fr\\\/un-present-en-croissance-et-un-avenir-plein-de-projets-entretien-avec-alberto-granzotto-president-de-faita\\\/#primaryimage\",\"url\":\"https:\\\/\\\/www.mondocamping.com\\\/wp-content\\\/uploads\\\/2023\\\/09\\\/IMG-20230919-WA0030.jpg\",\"contentUrl\":\"https:\\\/\\\/www.mondocamping.com\\\/wp-content\\\/uploads\\\/2023\\\/09\\\/IMG-20230919-WA0030.jpg\",\"width\":640,\"height\":425,\"caption\":\"Alberto Granzotto\"},{\"@type\":\"BreadcrumbList\",\"@id\":\"https:\\\/\\\/www.mondocamping.com\\\/fr\\\/un-present-en-croissance-et-un-avenir-plein-de-projets-entretien-avec-alberto-granzotto-president-de-faita\\\/#breadcrumb\",\"itemListElement\":[{\"@type\":\"ListItem\",\"position\":1,\"name\":\"Home\",\"item\":\"https:\\\/\\\/www.mondocamping.com\\\/fr\\\/\"},{\"@type\":\"ListItem\",\"position\":2,\"name\":\"Un pr\u00e9sent en croissance et un avenir plein de projets : entretien avec Alberto Granzotto, pr\u00e9sident de Faita\"}]},{\"@type\":\"WebSite\",\"@id\":\"https:\\\/\\\/www.mondocamping.com\\\/#website\",\"url\":\"https:\\\/\\\/www.mondocamping.com\\\/\",\"name\":\"Mondo Camping\",\"description\":\"Le portail d\u00e9di\u00e9 aux gestionnaires de campings et villages touristiques\",\"publisher\":{\"@id\":\"https:\\\/\\\/www.mondocamping.com\\\/#organization\"},\"potentialAction\":[{\"@type\":\"SearchAction\",\"target\":{\"@type\":\"EntryPoint\",\"urlTemplate\":\"https:\\\/\\\/www.mondocamping.com\\\/?s={search_term_string}\"},\"query-input\":{\"@type\":\"PropertyValueSpecification\",\"valueRequired\":true,\"valueName\":\"search_term_string\"}}],\"inLanguage\":\"fr-FR\"},{\"@type\":\"Organization\",\"@id\":\"https:\\\/\\\/www.mondocamping.com\\\/#organization\",\"name\":\"Mondo Camping\",\"url\":\"https:\\\/\\\/www.mondocamping.com\\\/\",\"logo\":{\"@type\":\"ImageObject\",\"inLanguage\":\"fr-FR\",\"@id\":\"https:\\\/\\\/www.mondocamping.com\\\/#\\\/schema\\\/logo\\\/image\\\/\",\"url\":\"https:\\\/\\\/www.mondocamping.com\\\/wp-content\\\/uploads\\\/2022\\\/04\\\/mondo-camping-logo-contornato-1.png\",\"contentUrl\":\"https:\\\/\\\/www.mondocamping.com\\\/wp-content\\\/uploads\\\/2022\\\/04\\\/mondo-camping-logo-contornato-1.png\",\"width\":280,\"height\":90,\"caption\":\"Mondo Camping\"},\"image\":{\"@id\":\"https:\\\/\\\/www.mondocamping.com\\\/#\\\/schema\\\/logo\\\/image\\\/\"},\"sameAs\":[\"https:\\\/\\\/www.facebook.com\\\/mondobalneare\",\"https:\\\/\\\/x.com\\\/mondobalneare\",\"https:\\\/\\\/www.instagram.com\\\/mondobalneare\\\/\",\"https:\\\/\\\/www.linkedin.com\\\/company\\\/67180810\\\/\",\"https:\\\/\\\/www.youtube.com\\\/user\\\/mondobalnearevideo\"]},{\"@type\":\"Person\",\"@id\":\"https:\\\/\\\/www.mondocamping.com\\\/#\\\/schema\\\/person\\\/eed3ea815a73a3cec3f6176e03072382\",\"name\":\"Helene Laurent\",\"image\":{\"@type\":\"ImageObject\",\"inLanguage\":\"fr-FR\",\"@id\":\"https:\\\/\\\/secure.gravatar.com\\\/avatar\\\/bac70d5cf6bff3519b930133cdbb588b1735215eb294cccae818e7422efb7469?s=96&d=mm&r=g\",\"url\":\"https:\\\/\\\/secure.gravatar.com\\\/avatar\\\/bac70d5cf6bff3519b930133cdbb588b1735215eb294cccae818e7422efb7469?s=96&d=mm&r=g\",\"contentUrl\":\"https:\\\/\\\/secure.gravatar.com\\\/avatar\\\/bac70d5cf6bff3519b930133cdbb588b1735215eb294cccae818e7422efb7469?s=96&d=mm&r=g\",\"caption\":\"Helene Laurent\"}}]}<\/script>\n<!-- \/ Yoast SEO plugin. -->","yoast_head_json":{"title":"Un pr\u00e9sent en croissance et un avenir plein de projets : entretien avec Alberto Granzotto, pr\u00e9sident de Faita","robots":{"index":"index","follow":"follow","max-snippet":"max-snippet:-1","max-image-preview":"max-image-preview:large","max-video-preview":"max-video-preview:-1"},"canonical":"https:\/\/www.mondocamping.com\/fr\/un-present-en-croissance-et-un-avenir-plein-de-projets-entretien-avec-alberto-granzotto-president-de-faita\/","og_locale":"fr_FR","og_type":"article","og_title":"Un pr\u00e9sent en croissance et un avenir plein de projets : entretien avec Alberto Granzotto, pr\u00e9sident de Faita","og_description":"Les propri\u00e9taires de camping sont confront\u00e9s \u00e0 des d\u00e9fis quotidiens tels que l&rsquo;augmentation des co\u00fbts de l&rsquo;\u00e9nergie et les interf\u00e9rences ext\u00e9rieures, comme l&rsquo;augmentation du prix des ferries en Sardaigne. Mais les chiffres de la saison estivale des campings et des villages sont positifs, avec une croissance de 3 % des arriv\u00e9es et des pr\u00e9sences par [&hellip;]","og_url":"https:\/\/www.mondocamping.com\/fr\/un-present-en-croissance-et-un-avenir-plein-de-projets-entretien-avec-alberto-granzotto-president-de-faita\/","og_site_name":"Mondo Camping","article_publisher":"https:\/\/www.facebook.com\/mondobalneare","article_published_time":"2023-09-22T16:11:19+00:00","article_modified_time":"2023-09-22T16:12:07+00:00","og_image":[{"width":640,"height":425,"url":"https:\/\/www.mondocamping.com\/wp-content\/uploads\/2023\/09\/IMG-20230919-WA0030.jpg","type":"image\/jpeg"}],"author":"Helene Laurent","twitter_card":"summary_large_image","twitter_creator":"@mondobalneare","twitter_site":"@mondobalneare","twitter_misc":{"\u00c9crit par":"Helene Laurent","Dur\u00e9e de lecture estim\u00e9e":"8 minutes"},"schema":{"@context":"https:\/\/schema.org","@graph":[{"@type":"Article","@id":"https:\/\/www.mondocamping.com\/fr\/un-present-en-croissance-et-un-avenir-plein-de-projets-entretien-avec-alberto-granzotto-president-de-faita\/#article","isPartOf":{"@id":"https:\/\/www.mondocamping.com\/fr\/un-present-en-croissance-et-un-avenir-plein-de-projets-entretien-avec-alberto-granzotto-president-de-faita\/"},"author":{"name":"Helene Laurent","@id":"https:\/\/www.mondocamping.com\/#\/schema\/person\/eed3ea815a73a3cec3f6176e03072382"},"headline":"Un pr\u00e9sent en croissance et un avenir plein de projets : entretien avec Alberto Granzotto, pr\u00e9sident de Faita","datePublished":"2023-09-22T16:11:19+00:00","dateModified":"2023-09-22T16:12:07+00:00","mainEntityOfPage":{"@id":"https:\/\/www.mondocamping.com\/fr\/un-present-en-croissance-et-un-avenir-plein-de-projets-entretien-avec-alberto-granzotto-president-de-faita\/"},"wordCount":1678,"publisher":{"@id":"https:\/\/www.mondocamping.com\/#organization"},"image":{"@id":"https:\/\/www.mondocamping.com\/fr\/un-present-en-croissance-et-un-avenir-plein-de-projets-entretien-avec-alberto-granzotto-president-de-faita\/#primaryimage"},"thumbnailUrl":"https:\/\/www.mondocamping.com\/wp-content\/uploads\/2023\/09\/IMG-20230919-WA0030.jpg","keywords":["Alberto Granzotto","camping","durabilit\u00e9","Faita Federcamping","glamping","Hospitality \u00e0 Riva del Garda","Italie","p\u00e9riode estivale","Tourisme de plein air","TTG \u00e0 Rimini"],"articleSection":["Actualit\u00e9"],"inLanguage":"fr-FR"},{"@type":"WebPage","@id":"https:\/\/www.mondocamping.com\/fr\/un-present-en-croissance-et-un-avenir-plein-de-projets-entretien-avec-alberto-granzotto-president-de-faita\/","url":"https:\/\/www.mondocamping.com\/fr\/un-present-en-croissance-et-un-avenir-plein-de-projets-entretien-avec-alberto-granzotto-president-de-faita\/","name":"Un pr\u00e9sent en croissance et un avenir plein de projets : entretien avec Alberto Granzotto, pr\u00e9sident de Faita","isPartOf":{"@id":"https:\/\/www.mondocamping.com\/#website"},"primaryImageOfPage":{"@id":"https:\/\/www.mondocamping.com\/fr\/un-present-en-croissance-et-un-avenir-plein-de-projets-entretien-avec-alberto-granzotto-president-de-faita\/#primaryimage"},"image":{"@id":"https:\/\/www.mondocamping.com\/fr\/un-present-en-croissance-et-un-avenir-plein-de-projets-entretien-avec-alberto-granzotto-president-de-faita\/#primaryimage"},"thumbnailUrl":"https:\/\/www.mondocamping.com\/wp-content\/uploads\/2023\/09\/IMG-20230919-WA0030.jpg","datePublished":"2023-09-22T16:11:19+00:00","dateModified":"2023-09-22T16:12:07+00:00","breadcrumb":{"@id":"https:\/\/www.mondocamping.com\/fr\/un-present-en-croissance-et-un-avenir-plein-de-projets-entretien-avec-alberto-granzotto-president-de-faita\/#breadcrumb"},"inLanguage":"fr-FR","potentialAction":[{"@type":"ReadAction","target":["https:\/\/www.mondocamping.com\/fr\/un-present-en-croissance-et-un-avenir-plein-de-projets-entretien-avec-alberto-granzotto-president-de-faita\/"]}]},{"@type":"ImageObject","inLanguage":"fr-FR","@id":"https:\/\/www.mondocamping.com\/fr\/un-present-en-croissance-et-un-avenir-plein-de-projets-entretien-avec-alberto-granzotto-president-de-faita\/#primaryimage","url":"https:\/\/www.mondocamping.com\/wp-content\/uploads\/2023\/09\/IMG-20230919-WA0030.jpg","contentUrl":"https:\/\/www.mondocamping.com\/wp-content\/uploads\/2023\/09\/IMG-20230919-WA0030.jpg","width":640,"height":425,"caption":"Alberto Granzotto"},{"@type":"BreadcrumbList","@id":"https:\/\/www.mondocamping.com\/fr\/un-present-en-croissance-et-un-avenir-plein-de-projets-entretien-avec-alberto-granzotto-president-de-faita\/#breadcrumb","itemListElement":[{"@type":"ListItem","position":1,"name":"Home","item":"https:\/\/www.mondocamping.com\/fr\/"},{"@type":"ListItem","position":2,"name":"Un pr\u00e9sent en croissance et un avenir plein de projets : entretien avec Alberto Granzotto, pr\u00e9sident de Faita"}]},{"@type":"WebSite","@id":"https:\/\/www.mondocamping.com\/#website","url":"https:\/\/www.mondocamping.com\/","name":"Mondo Camping","description":"Le portail d\u00e9di\u00e9 aux gestionnaires de campings et villages touristiques","publisher":{"@id":"https:\/\/www.mondocamping.com\/#organization"},"potentialAction":[{"@type":"SearchAction","target":{"@type":"EntryPoint","urlTemplate":"https:\/\/www.mondocamping.com\/?s={search_term_string}"},"query-input":{"@type":"PropertyValueSpecification","valueRequired":true,"valueName":"search_term_string"}}],"inLanguage":"fr-FR"},{"@type":"Organization","@id":"https:\/\/www.mondocamping.com\/#organization","name":"Mondo Camping","url":"https:\/\/www.mondocamping.com\/","logo":{"@type":"ImageObject","inLanguage":"fr-FR","@id":"https:\/\/www.mondocamping.com\/#\/schema\/logo\/image\/","url":"https:\/\/www.mondocamping.com\/wp-content\/uploads\/2022\/04\/mondo-camping-logo-contornato-1.png","contentUrl":"https:\/\/www.mondocamping.com\/wp-content\/uploads\/2022\/04\/mondo-camping-logo-contornato-1.png","width":280,"height":90,"caption":"Mondo Camping"},"image":{"@id":"https:\/\/www.mondocamping.com\/#\/schema\/logo\/image\/"},"sameAs":["https:\/\/www.facebook.com\/mondobalneare","https:\/\/x.com\/mondobalneare","https:\/\/www.instagram.com\/mondobalneare\/","https:\/\/www.linkedin.com\/company\/67180810\/","https:\/\/www.youtube.com\/user\/mondobalnearevideo"]},{"@type":"Person","@id":"https:\/\/www.mondocamping.com\/#\/schema\/person\/eed3ea815a73a3cec3f6176e03072382","name":"Helene Laurent","image":{"@type":"ImageObject","inLanguage":"fr-FR","@id":"https:\/\/secure.gravatar.com\/avatar\/bac70d5cf6bff3519b930133cdbb588b1735215eb294cccae818e7422efb7469?s=96&d=mm&r=g","url":"https:\/\/secure.gravatar.com\/avatar\/bac70d5cf6bff3519b930133cdbb588b1735215eb294cccae818e7422efb7469?s=96&d=mm&r=g","contentUrl":"https:\/\/secure.gravatar.com\/avatar\/bac70d5cf6bff3519b930133cdbb588b1735215eb294cccae818e7422efb7469?s=96&d=mm&r=g","caption":"Helene Laurent"}}]}},"_links":{"self":[{"href":"https:\/\/www.mondocamping.com\/fr\/wp-json\/wp\/v2\/posts\/164883","targetHints":{"allow":["GET"]}}],"collection":[{"href":"https:\/\/www.mondocamping.com\/fr\/wp-json\/wp\/v2\/posts"}],"about":[{"href":"https:\/\/www.mondocamping.com\/fr\/wp-json\/wp\/v2\/types\/post"}],"author":[{"embeddable":true,"href":"https:\/\/www.mondocamping.com\/fr\/wp-json\/wp\/v2\/users\/173"}],"replies":[{"embeddable":true,"href":"https:\/\/www.mondocamping.com\/fr\/wp-json\/wp\/v2\/comments?post=164883"}],"version-history":[{"count":1,"href":"https:\/\/www.mondocamping.com\/fr\/wp-json\/wp\/v2\/posts\/164883\/revisions"}],"predecessor-version":[{"id":164884,"href":"https:\/\/www.mondocamping.com\/fr\/wp-json\/wp\/v2\/posts\/164883\/revisions\/164884"}],"wp:featuredmedia":[{"embeddable":true,"href":"https:\/\/www.mondocamping.com\/fr\/wp-json\/wp\/v2\/media\/164849"}],"wp:attachment":[{"href":"https:\/\/www.mondocamping.com\/fr\/wp-json\/wp\/v2\/media?parent=164883"}],"wp:term":[{"taxonomy":"category","embeddable":true,"href":"https:\/\/www.mondocamping.com\/fr\/wp-json\/wp\/v2\/categories?post=164883"},{"taxonomy":"post_tag","embeddable":true,"href":"https:\/\/www.mondocamping.com\/fr\/wp-json\/wp\/v2\/tags?post=164883"}],"curies":[{"name":"wp","href":"https:\/\/api.w.org\/{rel}","templated":true}]}}