{"id":165143,"date":"2023-10-12T17:55:04","date_gmt":"2023-10-12T15:55:04","guid":{"rendered":"https:\/\/www.mondocamping.com\/lenvironnement-et-la-durabilite-au-coeur-de-la-premiere-journee-de-sia-hospitality-design\/"},"modified":"2023-10-12T17:55:54","modified_gmt":"2023-10-12T15:55:54","slug":"lenvironnement-et-la-durabilite-au-coeur-de-la-premiere-journee-de-sia-hospitality-design","status":"publish","type":"post","link":"https:\/\/www.mondocamping.com\/fr\/lenvironnement-et-la-durabilite-au-coeur-de-la-premiere-journee-de-sia-hospitality-design\/","title":{"rendered":"L&rsquo;environnement et la durabilit\u00e9 au c\u0153ur de la premi\u00e8re journ\u00e9e de Sia Hospitality Design"},"content":{"rendered":"\n<p>Les<strong> campings et les villages touristiques<\/strong> en Italie concentrent leurs efforts sur les aspects de <strong>design<\/strong> et d&rsquo;<strong>efficacit\u00e9 \u00e9nerg\u00e9tique<\/strong>, d\u00e9montrant un engagement croissant \u00e0 adopter des <strong>pratiques \u00e9co-durables<\/strong>. Cette tendance est devenue un sujet imm\u00e9diat \u00e0 <strong>SIA<\/strong> <strong>Hospitality 2023<\/strong>, le jour de l&rsquo;ouverture du salon \u00e0 <strong>Rimini.<\/strong> Le secteur du camping adopte de plus en plus de solutions compatibles avec les besoins de l&rsquo;\u00e9cosyst\u00e8me dans lequel il est h\u00e9berg\u00e9, allant de la <strong>conception architecturale \u00e0 l&rsquo;optimisation de la consommation d&rsquo;\u00e9nergie<\/strong>.<\/p>\n\n<p>\u00ab\u00a0<em>La durabilit\u00e9 est l&rsquo;abc pour nous tous<\/em>\u00ab\u00a0, a d\u00e9clar\u00e9 <strong>Sergio Radaelli, PDG de Crippaconcept<\/strong>, au micro de Mondo Camping, \u00ab\u00a0<em>et nous sommes tous devenus des experts en mati\u00e8re d&rsquo;\u00e9nergies alternatives ou de mat\u00e9riaux naturels. Notre produit ne consomme d\u00e9j\u00e0 pas de terre et nous sommes partis de l\u00e0 pour cr\u00e9er une proposition qui l&rsquo;int\u00e8gre parfaitement \u00e0 l&rsquo;environnement<\/em>\u00ab\u00a0.<\/p>\n\n<p>\u00ab\u00a0<em><strong>Camping Design Architecture<\/strong> est n\u00e9 comme une exp\u00e9rience de conception d\u00e9di\u00e9e \u00e0 la construction d&rsquo;installations d&rsquo;h\u00e9bergement en plein air qui, dans leur r\u00e9alisation, tiennent compte de l&rsquo;environnement ou de la densit\u00e9, tout en s&rsquo;occupant de la r\u00e9alisation d&rsquo;unit\u00e9s mobiles de mani\u00e8re \u00e0 ce qu&rsquo;elles soient ergonomiques, confortables et accessibles \u00e0 tous les types de clients\u00a0\u00bb<\/em>, a expliqu\u00e9 la chercheuse <strong>Margherita Capotorto<\/strong>, <em>\u00ab\u00a0L&rsquo;analyse du site est indispensable pour identifier les lignes directrices qui seront utilis\u00e9es pour concevoir l&rsquo;organisation enti\u00e8re de l&rsquo;\u00e9tablissement.<\/em><\/p>\n\n<p><\/p>\n","protected":false},"excerpt":{"rendered":"<p>Les campings et les villages touristiques en Italie concentrent leurs efforts sur les aspects de design et d&rsquo;efficacit\u00e9 \u00e9nerg\u00e9tique, d\u00e9montrant un engagement croissant \u00e0 adopter des pratiques \u00e9co-durables. Cette tendance est devenue un sujet imm\u00e9diat \u00e0 SIA Hospitality 2023, le jour de l&rsquo;ouverture du salon \u00e0 Rimini. Le secteur du camping adopte de plus en [&hellip;]<\/p>\n","protected":false},"author":173,"featured_media":165102,"comment_status":"closed","ping_status":"closed","sticky":false,"template":"","format":"video","meta":{"_acf_changed":false,"_monsterinsights_skip_tracking":false,"_monsterinsights_sitenote_active":false,"_monsterinsights_sitenote_note":"","_monsterinsights_sitenote_category":0,"footnotes":""},"categories":[4024],"tags":[4729,4807,5696],"class_list":["post-165143","post","type-post","status-publish","format-video","has-post-thumbnail","hentry","category-actualite","tag-crippaconcept-fr","tag-sergio-radaelli-fr","tag-sia-rimini-2023-fr","post_format-post-format-video"],"acf":[],"yoast_head":"<!-- This site is optimized with the Yoast SEO plugin v27.5 - https:\/\/yoast.com\/product\/yoast-seo-wordpress\/ -->\n<title>L&#039;environnement et la durabilit\u00e9 au c\u0153ur de la premi\u00e8re journ\u00e9e de Sia Hospitality Design<\/title>\n<meta name=\"robots\" content=\"index, follow, max-snippet:-1, max-image-preview:large, max-video-preview:-1\" \/>\n<link rel=\"canonical\" href=\"https:\/\/www.mondocamping.com\/fr\/lenvironnement-et-la-durabilite-au-coeur-de-la-premiere-journee-de-sia-hospitality-design\/\" \/>\n<meta property=\"og:locale\" content=\"fr_FR\" \/>\n<meta property=\"og:type\" content=\"article\" \/>\n<meta property=\"og:title\" content=\"L&#039;environnement et la durabilit\u00e9 au c\u0153ur de la premi\u00e8re journ\u00e9e de Sia Hospitality Design\" \/>\n<meta property=\"og:description\" content=\"Les campings et les villages touristiques en Italie concentrent leurs efforts sur les aspects de design et d&rsquo;efficacit\u00e9 \u00e9nerg\u00e9tique, d\u00e9montrant un engagement croissant \u00e0 adopter des pratiques \u00e9co-durables. Cette tendance est devenue un sujet imm\u00e9diat \u00e0 SIA Hospitality 2023, le jour de l&rsquo;ouverture du salon \u00e0 Rimini. Le secteur du camping adopte de plus en [&hellip;]\" \/>\n<meta property=\"og:url\" content=\"https:\/\/www.mondocamping.com\/fr\/lenvironnement-et-la-durabilite-au-coeur-de-la-premiere-journee-de-sia-hospitality-design\/\" \/>\n<meta property=\"og:site_name\" content=\"Mondo Camping\" \/>\n<meta property=\"article:publisher\" content=\"https:\/\/www.facebook.com\/mondobalneare\" \/>\n<meta property=\"article:published_time\" content=\"2023-10-12T15:55:04+00:00\" \/>\n<meta property=\"article:modified_time\" content=\"2023-10-12T15:55:54+00:00\" \/>\n<meta property=\"og:image\" content=\"https:\/\/www.mondocamping.com\/wp-content\/uploads\/2023\/10\/CRIPPACONCEPT-Country-Suite001-1.jpg\" \/>\n\t<meta property=\"og:image:width\" content=\"1000\" \/>\n\t<meta property=\"og:image:height\" content=\"545\" \/>\n\t<meta property=\"og:image:type\" content=\"image\/jpeg\" \/>\n<meta name=\"author\" content=\"Helene Laurent\" \/>\n<meta name=\"twitter:card\" content=\"summary_large_image\" \/>\n<meta name=\"twitter:creator\" content=\"@mondobalneare\" \/>\n<meta name=\"twitter:site\" content=\"@mondobalneare\" \/>\n<meta name=\"twitter:label1\" content=\"\u00c9crit par\" \/>\n\t<meta name=\"twitter:data1\" content=\"Helene Laurent\" \/>\n\t<meta name=\"twitter:label2\" content=\"Dur\u00e9e de lecture estim\u00e9e\" \/>\n\t<meta name=\"twitter:data2\" content=\"1 minute\" \/>\n<script type=\"application\/ld+json\" class=\"yoast-schema-graph\">{\"@context\":\"https:\\\/\\\/schema.org\",\"@graph\":[{\"@type\":\"Article\",\"@id\":\"https:\\\/\\\/www.mondocamping.com\\\/fr\\\/lenvironnement-et-la-durabilite-au-coeur-de-la-premiere-journee-de-sia-hospitality-design\\\/#article\",\"isPartOf\":{\"@id\":\"https:\\\/\\\/www.mondocamping.com\\\/fr\\\/lenvironnement-et-la-durabilite-au-coeur-de-la-premiere-journee-de-sia-hospitality-design\\\/\"},\"author\":{\"name\":\"Helene Laurent\",\"@id\":\"https:\\\/\\\/www.mondocamping.com\\\/#\\\/schema\\\/person\\\/eed3ea815a73a3cec3f6176e03072382\"},\"headline\":\"L&rsquo;environnement et la durabilit\u00e9 au c\u0153ur de la premi\u00e8re journ\u00e9e de Sia Hospitality Design\",\"datePublished\":\"2023-10-12T15:55:04+00:00\",\"dateModified\":\"2023-10-12T15:55:54+00:00\",\"mainEntityOfPage\":{\"@id\":\"https:\\\/\\\/www.mondocamping.com\\\/fr\\\/lenvironnement-et-la-durabilite-au-coeur-de-la-premiere-journee-de-sia-hospitality-design\\\/\"},\"wordCount\":265,\"publisher\":{\"@id\":\"https:\\\/\\\/www.mondocamping.com\\\/#organization\"},\"image\":{\"@id\":\"https:\\\/\\\/www.mondocamping.com\\\/fr\\\/lenvironnement-et-la-durabilite-au-coeur-de-la-premiere-journee-de-sia-hospitality-design\\\/#primaryimage\"},\"thumbnailUrl\":\"https:\\\/\\\/www.mondocamping.com\\\/wp-content\\\/uploads\\\/2023\\\/10\\\/CRIPPACONCEPT-Country-Suite001-1.jpg\",\"keywords\":[\"Crippaconcept\",\"Sergio Radaelli\",\"Sia Rimini 2023\"],\"articleSection\":[\"Actualit\u00e9\"],\"inLanguage\":\"fr-FR\"},{\"@type\":\"WebPage\",\"@id\":\"https:\\\/\\\/www.mondocamping.com\\\/fr\\\/lenvironnement-et-la-durabilite-au-coeur-de-la-premiere-journee-de-sia-hospitality-design\\\/\",\"url\":\"https:\\\/\\\/www.mondocamping.com\\\/fr\\\/lenvironnement-et-la-durabilite-au-coeur-de-la-premiere-journee-de-sia-hospitality-design\\\/\",\"name\":\"L'environnement et la durabilit\u00e9 au c\u0153ur de la premi\u00e8re journ\u00e9e de Sia Hospitality Design\",\"isPartOf\":{\"@id\":\"https:\\\/\\\/www.mondocamping.com\\\/#website\"},\"primaryImageOfPage\":{\"@id\":\"https:\\\/\\\/www.mondocamping.com\\\/fr\\\/lenvironnement-et-la-durabilite-au-coeur-de-la-premiere-journee-de-sia-hospitality-design\\\/#primaryimage\"},\"image\":{\"@id\":\"https:\\\/\\\/www.mondocamping.com\\\/fr\\\/lenvironnement-et-la-durabilite-au-coeur-de-la-premiere-journee-de-sia-hospitality-design\\\/#primaryimage\"},\"thumbnailUrl\":\"https:\\\/\\\/www.mondocamping.com\\\/wp-content\\\/uploads\\\/2023\\\/10\\\/CRIPPACONCEPT-Country-Suite001-1.jpg\",\"datePublished\":\"2023-10-12T15:55:04+00:00\",\"dateModified\":\"2023-10-12T15:55:54+00:00\",\"breadcrumb\":{\"@id\":\"https:\\\/\\\/www.mondocamping.com\\\/fr\\\/lenvironnement-et-la-durabilite-au-coeur-de-la-premiere-journee-de-sia-hospitality-design\\\/#breadcrumb\"},\"inLanguage\":\"fr-FR\",\"potentialAction\":[{\"@type\":\"ReadAction\",\"target\":[\"https:\\\/\\\/www.mondocamping.com\\\/fr\\\/lenvironnement-et-la-durabilite-au-coeur-de-la-premiere-journee-de-sia-hospitality-design\\\/\"]}]},{\"@type\":\"ImageObject\",\"inLanguage\":\"fr-FR\",\"@id\":\"https:\\\/\\\/www.mondocamping.com\\\/fr\\\/lenvironnement-et-la-durabilite-au-coeur-de-la-premiere-journee-de-sia-hospitality-design\\\/#primaryimage\",\"url\":\"https:\\\/\\\/www.mondocamping.com\\\/wp-content\\\/uploads\\\/2023\\\/10\\\/CRIPPACONCEPT-Country-Suite001-1.jpg\",\"contentUrl\":\"https:\\\/\\\/www.mondocamping.com\\\/wp-content\\\/uploads\\\/2023\\\/10\\\/CRIPPACONCEPT-Country-Suite001-1.jpg\",\"width\":1000,\"height\":545,\"caption\":\"La Country Suite di Crippaconcept\"},{\"@type\":\"BreadcrumbList\",\"@id\":\"https:\\\/\\\/www.mondocamping.com\\\/fr\\\/lenvironnement-et-la-durabilite-au-coeur-de-la-premiere-journee-de-sia-hospitality-design\\\/#breadcrumb\",\"itemListElement\":[{\"@type\":\"ListItem\",\"position\":1,\"name\":\"Home\",\"item\":\"https:\\\/\\\/www.mondocamping.com\\\/fr\\\/\"},{\"@type\":\"ListItem\",\"position\":2,\"name\":\"L&#8217;environnement et la durabilit\u00e9 au c\u0153ur de la premi\u00e8re journ\u00e9e de Sia Hospitality Design\"}]},{\"@type\":\"WebSite\",\"@id\":\"https:\\\/\\\/www.mondocamping.com\\\/#website\",\"url\":\"https:\\\/\\\/www.mondocamping.com\\\/\",\"name\":\"Mondo Camping\",\"description\":\"Le portail d\u00e9di\u00e9 aux gestionnaires de campings et villages touristiques\",\"publisher\":{\"@id\":\"https:\\\/\\\/www.mondocamping.com\\\/#organization\"},\"potentialAction\":[{\"@type\":\"SearchAction\",\"target\":{\"@type\":\"EntryPoint\",\"urlTemplate\":\"https:\\\/\\\/www.mondocamping.com\\\/?s={search_term_string}\"},\"query-input\":{\"@type\":\"PropertyValueSpecification\",\"valueRequired\":true,\"valueName\":\"search_term_string\"}}],\"inLanguage\":\"fr-FR\"},{\"@type\":\"Organization\",\"@id\":\"https:\\\/\\\/www.mondocamping.com\\\/#organization\",\"name\":\"Mondo Camping\",\"url\":\"https:\\\/\\\/www.mondocamping.com\\\/\",\"logo\":{\"@type\":\"ImageObject\",\"inLanguage\":\"fr-FR\",\"@id\":\"https:\\\/\\\/www.mondocamping.com\\\/#\\\/schema\\\/logo\\\/image\\\/\",\"url\":\"https:\\\/\\\/www.mondocamping.com\\\/wp-content\\\/uploads\\\/2022\\\/04\\\/mondo-camping-logo-contornato-1.png\",\"contentUrl\":\"https:\\\/\\\/www.mondocamping.com\\\/wp-content\\\/uploads\\\/2022\\\/04\\\/mondo-camping-logo-contornato-1.png\",\"width\":280,\"height\":90,\"caption\":\"Mondo Camping\"},\"image\":{\"@id\":\"https:\\\/\\\/www.mondocamping.com\\\/#\\\/schema\\\/logo\\\/image\\\/\"},\"sameAs\":[\"https:\\\/\\\/www.facebook.com\\\/mondobalneare\",\"https:\\\/\\\/x.com\\\/mondobalneare\",\"https:\\\/\\\/www.instagram.com\\\/mondobalneare\\\/\",\"https:\\\/\\\/www.linkedin.com\\\/company\\\/67180810\\\/\",\"https:\\\/\\\/www.youtube.com\\\/user\\\/mondobalnearevideo\"]},{\"@type\":\"Person\",\"@id\":\"https:\\\/\\\/www.mondocamping.com\\\/#\\\/schema\\\/person\\\/eed3ea815a73a3cec3f6176e03072382\",\"name\":\"Helene Laurent\",\"image\":{\"@type\":\"ImageObject\",\"inLanguage\":\"fr-FR\",\"@id\":\"https:\\\/\\\/secure.gravatar.com\\\/avatar\\\/bac70d5cf6bff3519b930133cdbb588b1735215eb294cccae818e7422efb7469?s=96&d=mm&r=g\",\"url\":\"https:\\\/\\\/secure.gravatar.com\\\/avatar\\\/bac70d5cf6bff3519b930133cdbb588b1735215eb294cccae818e7422efb7469?s=96&d=mm&r=g\",\"contentUrl\":\"https:\\\/\\\/secure.gravatar.com\\\/avatar\\\/bac70d5cf6bff3519b930133cdbb588b1735215eb294cccae818e7422efb7469?s=96&d=mm&r=g\",\"caption\":\"Helene Laurent\"}}]}<\/script>\n<!-- \/ Yoast SEO plugin. -->","yoast_head_json":{"title":"L'environnement et la durabilit\u00e9 au c\u0153ur de la premi\u00e8re journ\u00e9e de Sia Hospitality Design","robots":{"index":"index","follow":"follow","max-snippet":"max-snippet:-1","max-image-preview":"max-image-preview:large","max-video-preview":"max-video-preview:-1"},"canonical":"https:\/\/www.mondocamping.com\/fr\/lenvironnement-et-la-durabilite-au-coeur-de-la-premiere-journee-de-sia-hospitality-design\/","og_locale":"fr_FR","og_type":"article","og_title":"L'environnement et la durabilit\u00e9 au c\u0153ur de la premi\u00e8re journ\u00e9e de Sia Hospitality Design","og_description":"Les campings et les villages touristiques en Italie concentrent leurs efforts sur les aspects de design et d&rsquo;efficacit\u00e9 \u00e9nerg\u00e9tique, d\u00e9montrant un engagement croissant \u00e0 adopter des pratiques \u00e9co-durables. Cette tendance est devenue un sujet imm\u00e9diat \u00e0 SIA Hospitality 2023, le jour de l&rsquo;ouverture du salon \u00e0 Rimini. Le secteur du camping adopte de plus en [&hellip;]","og_url":"https:\/\/www.mondocamping.com\/fr\/lenvironnement-et-la-durabilite-au-coeur-de-la-premiere-journee-de-sia-hospitality-design\/","og_site_name":"Mondo Camping","article_publisher":"https:\/\/www.facebook.com\/mondobalneare","article_published_time":"2023-10-12T15:55:04+00:00","article_modified_time":"2023-10-12T15:55:54+00:00","og_image":[{"width":1000,"height":545,"url":"https:\/\/www.mondocamping.com\/wp-content\/uploads\/2023\/10\/CRIPPACONCEPT-Country-Suite001-1.jpg","type":"image\/jpeg"}],"author":"Helene Laurent","twitter_card":"summary_large_image","twitter_creator":"@mondobalneare","twitter_site":"@mondobalneare","twitter_misc":{"\u00c9crit par":"Helene Laurent","Dur\u00e9e de lecture estim\u00e9e":"1 minute"},"schema":{"@context":"https:\/\/schema.org","@graph":[{"@type":"Article","@id":"https:\/\/www.mondocamping.com\/fr\/lenvironnement-et-la-durabilite-au-coeur-de-la-premiere-journee-de-sia-hospitality-design\/#article","isPartOf":{"@id":"https:\/\/www.mondocamping.com\/fr\/lenvironnement-et-la-durabilite-au-coeur-de-la-premiere-journee-de-sia-hospitality-design\/"},"author":{"name":"Helene Laurent","@id":"https:\/\/www.mondocamping.com\/#\/schema\/person\/eed3ea815a73a3cec3f6176e03072382"},"headline":"L&rsquo;environnement et la durabilit\u00e9 au c\u0153ur de la premi\u00e8re journ\u00e9e de Sia Hospitality Design","datePublished":"2023-10-12T15:55:04+00:00","dateModified":"2023-10-12T15:55:54+00:00","mainEntityOfPage":{"@id":"https:\/\/www.mondocamping.com\/fr\/lenvironnement-et-la-durabilite-au-coeur-de-la-premiere-journee-de-sia-hospitality-design\/"},"wordCount":265,"publisher":{"@id":"https:\/\/www.mondocamping.com\/#organization"},"image":{"@id":"https:\/\/www.mondocamping.com\/fr\/lenvironnement-et-la-durabilite-au-coeur-de-la-premiere-journee-de-sia-hospitality-design\/#primaryimage"},"thumbnailUrl":"https:\/\/www.mondocamping.com\/wp-content\/uploads\/2023\/10\/CRIPPACONCEPT-Country-Suite001-1.jpg","keywords":["Crippaconcept","Sergio Radaelli","Sia Rimini 2023"],"articleSection":["Actualit\u00e9"],"inLanguage":"fr-FR"},{"@type":"WebPage","@id":"https:\/\/www.mondocamping.com\/fr\/lenvironnement-et-la-durabilite-au-coeur-de-la-premiere-journee-de-sia-hospitality-design\/","url":"https:\/\/www.mondocamping.com\/fr\/lenvironnement-et-la-durabilite-au-coeur-de-la-premiere-journee-de-sia-hospitality-design\/","name":"L'environnement et la durabilit\u00e9 au c\u0153ur de la premi\u00e8re journ\u00e9e de Sia Hospitality Design","isPartOf":{"@id":"https:\/\/www.mondocamping.com\/#website"},"primaryImageOfPage":{"@id":"https:\/\/www.mondocamping.com\/fr\/lenvironnement-et-la-durabilite-au-coeur-de-la-premiere-journee-de-sia-hospitality-design\/#primaryimage"},"image":{"@id":"https:\/\/www.mondocamping.com\/fr\/lenvironnement-et-la-durabilite-au-coeur-de-la-premiere-journee-de-sia-hospitality-design\/#primaryimage"},"thumbnailUrl":"https:\/\/www.mondocamping.com\/wp-content\/uploads\/2023\/10\/CRIPPACONCEPT-Country-Suite001-1.jpg","datePublished":"2023-10-12T15:55:04+00:00","dateModified":"2023-10-12T15:55:54+00:00","breadcrumb":{"@id":"https:\/\/www.mondocamping.com\/fr\/lenvironnement-et-la-durabilite-au-coeur-de-la-premiere-journee-de-sia-hospitality-design\/#breadcrumb"},"inLanguage":"fr-FR","potentialAction":[{"@type":"ReadAction","target":["https:\/\/www.mondocamping.com\/fr\/lenvironnement-et-la-durabilite-au-coeur-de-la-premiere-journee-de-sia-hospitality-design\/"]}]},{"@type":"ImageObject","inLanguage":"fr-FR","@id":"https:\/\/www.mondocamping.com\/fr\/lenvironnement-et-la-durabilite-au-coeur-de-la-premiere-journee-de-sia-hospitality-design\/#primaryimage","url":"https:\/\/www.mondocamping.com\/wp-content\/uploads\/2023\/10\/CRIPPACONCEPT-Country-Suite001-1.jpg","contentUrl":"https:\/\/www.mondocamping.com\/wp-content\/uploads\/2023\/10\/CRIPPACONCEPT-Country-Suite001-1.jpg","width":1000,"height":545,"caption":"La Country Suite di Crippaconcept"},{"@type":"BreadcrumbList","@id":"https:\/\/www.mondocamping.com\/fr\/lenvironnement-et-la-durabilite-au-coeur-de-la-premiere-journee-de-sia-hospitality-design\/#breadcrumb","itemListElement":[{"@type":"ListItem","position":1,"name":"Home","item":"https:\/\/www.mondocamping.com\/fr\/"},{"@type":"ListItem","position":2,"name":"L&#8217;environnement et la durabilit\u00e9 au c\u0153ur de la premi\u00e8re journ\u00e9e de Sia Hospitality Design"}]},{"@type":"WebSite","@id":"https:\/\/www.mondocamping.com\/#website","url":"https:\/\/www.mondocamping.com\/","name":"Mondo Camping","description":"Le portail d\u00e9di\u00e9 aux gestionnaires de campings et villages touristiques","publisher":{"@id":"https:\/\/www.mondocamping.com\/#organization"},"potentialAction":[{"@type":"SearchAction","target":{"@type":"EntryPoint","urlTemplate":"https:\/\/www.mondocamping.com\/?s={search_term_string}"},"query-input":{"@type":"PropertyValueSpecification","valueRequired":true,"valueName":"search_term_string"}}],"inLanguage":"fr-FR"},{"@type":"Organization","@id":"https:\/\/www.mondocamping.com\/#organization","name":"Mondo Camping","url":"https:\/\/www.mondocamping.com\/","logo":{"@type":"ImageObject","inLanguage":"fr-FR","@id":"https:\/\/www.mondocamping.com\/#\/schema\/logo\/image\/","url":"https:\/\/www.mondocamping.com\/wp-content\/uploads\/2022\/04\/mondo-camping-logo-contornato-1.png","contentUrl":"https:\/\/www.mondocamping.com\/wp-content\/uploads\/2022\/04\/mondo-camping-logo-contornato-1.png","width":280,"height":90,"caption":"Mondo Camping"},"image":{"@id":"https:\/\/www.mondocamping.com\/#\/schema\/logo\/image\/"},"sameAs":["https:\/\/www.facebook.com\/mondobalneare","https:\/\/x.com\/mondobalneare","https:\/\/www.instagram.com\/mondobalneare\/","https:\/\/www.linkedin.com\/company\/67180810\/","https:\/\/www.youtube.com\/user\/mondobalnearevideo"]},{"@type":"Person","@id":"https:\/\/www.mondocamping.com\/#\/schema\/person\/eed3ea815a73a3cec3f6176e03072382","name":"Helene Laurent","image":{"@type":"ImageObject","inLanguage":"fr-FR","@id":"https:\/\/secure.gravatar.com\/avatar\/bac70d5cf6bff3519b930133cdbb588b1735215eb294cccae818e7422efb7469?s=96&d=mm&r=g","url":"https:\/\/secure.gravatar.com\/avatar\/bac70d5cf6bff3519b930133cdbb588b1735215eb294cccae818e7422efb7469?s=96&d=mm&r=g","contentUrl":"https:\/\/secure.gravatar.com\/avatar\/bac70d5cf6bff3519b930133cdbb588b1735215eb294cccae818e7422efb7469?s=96&d=mm&r=g","caption":"Helene Laurent"}}]}},"_links":{"self":[{"href":"https:\/\/www.mondocamping.com\/fr\/wp-json\/wp\/v2\/posts\/165143","targetHints":{"allow":["GET"]}}],"collection":[{"href":"https:\/\/www.mondocamping.com\/fr\/wp-json\/wp\/v2\/posts"}],"about":[{"href":"https:\/\/www.mondocamping.com\/fr\/wp-json\/wp\/v2\/types\/post"}],"author":[{"embeddable":true,"href":"https:\/\/www.mondocamping.com\/fr\/wp-json\/wp\/v2\/users\/173"}],"replies":[{"embeddable":true,"href":"https:\/\/www.mondocamping.com\/fr\/wp-json\/wp\/v2\/comments?post=165143"}],"version-history":[{"count":1,"href":"https:\/\/www.mondocamping.com\/fr\/wp-json\/wp\/v2\/posts\/165143\/revisions"}],"predecessor-version":[{"id":165144,"href":"https:\/\/www.mondocamping.com\/fr\/wp-json\/wp\/v2\/posts\/165143\/revisions\/165144"}],"wp:featuredmedia":[{"embeddable":true,"href":"https:\/\/www.mondocamping.com\/fr\/wp-json\/wp\/v2\/media\/165102"}],"wp:attachment":[{"href":"https:\/\/www.mondocamping.com\/fr\/wp-json\/wp\/v2\/media?parent=165143"}],"wp:term":[{"taxonomy":"category","embeddable":true,"href":"https:\/\/www.mondocamping.com\/fr\/wp-json\/wp\/v2\/categories?post=165143"},{"taxonomy":"post_tag","embeddable":true,"href":"https:\/\/www.mondocamping.com\/fr\/wp-json\/wp\/v2\/tags?post=165143"}],"curies":[{"name":"wp","href":"https:\/\/api.w.org\/{rel}","templated":true}]}}