{"id":166477,"date":"2023-12-13T14:01:44","date_gmt":"2023-12-13T13:01:44","guid":{"rendered":"https:\/\/www.mondocamping.com\/campings-les-reservations-pour-la-saison-2024-commencent-deja-et-samplifient\/"},"modified":"2023-12-13T14:04:49","modified_gmt":"2023-12-13T13:04:49","slug":"campings-les-reservations-pour-la-saison-2024-commencent-deja-et-samplifient","status":"publish","type":"post","link":"https:\/\/www.mondocamping.com\/fr\/campings-les-reservations-pour-la-saison-2024-commencent-deja-et-samplifient\/","title":{"rendered":"Campings, les r\u00e9servations pour la saison 2024 commencent d\u00e9j\u00e0 (et s&rsquo;amplifient)."},"content":{"rendered":"\n<p><strong>No\u00ebl<\/strong> arrive \u00e0 grands pas et pour les <strong>campings<\/strong>, l&rsquo;heure semble d\u00e9j\u00e0 \u00eatre aux bonnes nouvelles. Selon les <strong>chiffres<\/strong> publi\u00e9s par <strong>Campings.com<\/strong>, les <strong>r\u00e9servations<\/strong> pour la saison 2024 ont d\u00e9j\u00e0 commenc\u00e9 et sont en hausse par rapport \u00e0 l&rsquo;ann\u00e9e derni\u00e8re. Les touristes qui ont d\u00e9j\u00e0 r\u00e9serv\u00e9 des vacances en camping &#8211; par l&rsquo;interm\u00e9diaire du portail &#8211; ont augment\u00e9 de <strong>33 %<\/strong>. <strong>50 %<\/strong> des choix se sont port\u00e9s sur la p\u00e9riode estivale.<\/p>\n\n<h2 class=\"wp-block-heading\">Destinations pr\u00e9f\u00e9r\u00e9es <\/h2>\n\n<p>Pour Campings.com, <strong>l&rsquo;Espagne<\/strong> est la destination la plus recherch\u00e9e, mais les trois r\u00e9gions les plus populaires actuellement sont la <strong>Vend\u00e9e<\/strong>, la <strong>Bretagne<\/strong> et le <strong>Languedoc<\/strong>. Toutes en <strong>France<\/strong>. Campings.com a compar\u00e9 les donn\u00e9es actuelles avec celles de novembre 2022 et a constat\u00e9 des diff\u00e9rences d\u00e9j\u00e0 tr\u00e8s importantes pour les <strong>gestionnaires de camping<\/strong>.<\/p>\n","protected":false},"excerpt":{"rendered":"<p>No\u00ebl arrive \u00e0 grands pas et pour les campings, l&rsquo;heure semble d\u00e9j\u00e0 \u00eatre aux bonnes nouvelles. Selon les chiffres publi\u00e9s par Campings.com, les r\u00e9servations pour la saison 2024 ont d\u00e9j\u00e0 commenc\u00e9 et sont en hausse par rapport \u00e0 l&rsquo;ann\u00e9e derni\u00e8re. Les touristes qui ont d\u00e9j\u00e0 r\u00e9serv\u00e9 des vacances en camping &#8211; par l&rsquo;interm\u00e9diaire du portail [&hellip;]<\/p>\n","protected":false},"author":173,"featured_media":165328,"comment_status":"closed","ping_status":"closed","sticky":false,"template":"","format":"standard","meta":{"_acf_changed":false,"_monsterinsights_skip_tracking":false,"_monsterinsights_sitenote_active":false,"_monsterinsights_sitenote_note":"","_monsterinsights_sitenote_category":0,"footnotes":""},"categories":[4024],"tags":[4189,4561,4262,4562],"class_list":["post-166477","post","type-post","status-publish","format-standard","has-post-thumbnail","hentry","category-actualite","tag-camping-fr","tag-campings-com-fr","tag-mondo-camping-fr","tag-reservations"],"acf":[],"yoast_head":"<!-- This site is optimized with the Yoast SEO plugin v27.5 - https:\/\/yoast.com\/product\/yoast-seo-wordpress\/ -->\n<title>Campings, les r\u00e9servations pour la saison 2024 commencent d\u00e9j\u00e0 (et s&#039;amplifient).<\/title>\n<meta name=\"robots\" content=\"index, follow, max-snippet:-1, max-image-preview:large, max-video-preview:-1\" \/>\n<link rel=\"canonical\" href=\"https:\/\/www.mondocamping.com\/fr\/campings-les-reservations-pour-la-saison-2024-commencent-deja-et-samplifient\/\" \/>\n<meta property=\"og:locale\" content=\"fr_FR\" \/>\n<meta property=\"og:type\" content=\"article\" \/>\n<meta property=\"og:title\" content=\"Campings, les r\u00e9servations pour la saison 2024 commencent d\u00e9j\u00e0 (et s&#039;amplifient).\" \/>\n<meta property=\"og:description\" content=\"No\u00ebl arrive \u00e0 grands pas et pour les campings, l&rsquo;heure semble d\u00e9j\u00e0 \u00eatre aux bonnes nouvelles. Selon les chiffres publi\u00e9s par Campings.com, les r\u00e9servations pour la saison 2024 ont d\u00e9j\u00e0 commenc\u00e9 et sont en hausse par rapport \u00e0 l&rsquo;ann\u00e9e derni\u00e8re. Les touristes qui ont d\u00e9j\u00e0 r\u00e9serv\u00e9 des vacances en camping &#8211; par l&rsquo;interm\u00e9diaire du portail [&hellip;]\" \/>\n<meta property=\"og:url\" content=\"https:\/\/www.mondocamping.com\/fr\/campings-les-reservations-pour-la-saison-2024-commencent-deja-et-samplifient\/\" \/>\n<meta property=\"og:site_name\" content=\"Mondo Camping\" \/>\n<meta property=\"article:publisher\" content=\"https:\/\/www.facebook.com\/mondobalneare\" \/>\n<meta property=\"article:published_time\" content=\"2023-12-13T13:01:44+00:00\" \/>\n<meta property=\"article:modified_time\" content=\"2023-12-13T13:04:49+00:00\" \/>\n<meta property=\"og:image\" content=\"https:\/\/www.mondocamping.com\/wp-content\/uploads\/2023\/10\/notizie-camping-1.jpeg\" \/>\n\t<meta property=\"og:image:width\" content=\"1000\" \/>\n\t<meta property=\"og:image:height\" content=\"545\" \/>\n\t<meta property=\"og:image:type\" content=\"image\/jpeg\" \/>\n<meta name=\"author\" content=\"Helene Laurent\" \/>\n<meta name=\"twitter:card\" content=\"summary_large_image\" \/>\n<meta name=\"twitter:creator\" content=\"@mondobalneare\" \/>\n<meta name=\"twitter:site\" content=\"@mondobalneare\" \/>\n<meta name=\"twitter:label1\" content=\"\u00c9crit par\" \/>\n\t<meta name=\"twitter:data1\" content=\"Helene Laurent\" \/>\n\t<meta name=\"twitter:label2\" content=\"Dur\u00e9e de lecture estim\u00e9e\" \/>\n\t<meta name=\"twitter:data2\" content=\"1 minute\" \/>\n<script type=\"application\/ld+json\" class=\"yoast-schema-graph\">{\"@context\":\"https:\\\/\\\/schema.org\",\"@graph\":[{\"@type\":\"Article\",\"@id\":\"https:\\\/\\\/www.mondocamping.com\\\/fr\\\/campings-les-reservations-pour-la-saison-2024-commencent-deja-et-samplifient\\\/#article\",\"isPartOf\":{\"@id\":\"https:\\\/\\\/www.mondocamping.com\\\/fr\\\/campings-les-reservations-pour-la-saison-2024-commencent-deja-et-samplifient\\\/\"},\"author\":{\"name\":\"Helene Laurent\",\"@id\":\"https:\\\/\\\/www.mondocamping.com\\\/#\\\/schema\\\/person\\\/eed3ea815a73a3cec3f6176e03072382\"},\"headline\":\"Campings, les r\u00e9servations pour la saison 2024 commencent d\u00e9j\u00e0 (et s&rsquo;amplifient).\",\"datePublished\":\"2023-12-13T13:01:44+00:00\",\"dateModified\":\"2023-12-13T13:04:49+00:00\",\"mainEntityOfPage\":{\"@id\":\"https:\\\/\\\/www.mondocamping.com\\\/fr\\\/campings-les-reservations-pour-la-saison-2024-commencent-deja-et-samplifient\\\/\"},\"wordCount\":160,\"publisher\":{\"@id\":\"https:\\\/\\\/www.mondocamping.com\\\/#organization\"},\"image\":{\"@id\":\"https:\\\/\\\/www.mondocamping.com\\\/fr\\\/campings-les-reservations-pour-la-saison-2024-commencent-deja-et-samplifient\\\/#primaryimage\"},\"thumbnailUrl\":\"https:\\\/\\\/www.mondocamping.com\\\/wp-content\\\/uploads\\\/2023\\\/10\\\/notizie-camping-1.jpeg\",\"keywords\":[\"camping\",\"Campings.com\",\"Mondo Camping\",\"R\u00e9servations\"],\"articleSection\":[\"Actualit\u00e9\"],\"inLanguage\":\"fr-FR\"},{\"@type\":\"WebPage\",\"@id\":\"https:\\\/\\\/www.mondocamping.com\\\/fr\\\/campings-les-reservations-pour-la-saison-2024-commencent-deja-et-samplifient\\\/\",\"url\":\"https:\\\/\\\/www.mondocamping.com\\\/fr\\\/campings-les-reservations-pour-la-saison-2024-commencent-deja-et-samplifient\\\/\",\"name\":\"Campings, les r\u00e9servations pour la saison 2024 commencent d\u00e9j\u00e0 (et s'amplifient).\",\"isPartOf\":{\"@id\":\"https:\\\/\\\/www.mondocamping.com\\\/#website\"},\"primaryImageOfPage\":{\"@id\":\"https:\\\/\\\/www.mondocamping.com\\\/fr\\\/campings-les-reservations-pour-la-saison-2024-commencent-deja-et-samplifient\\\/#primaryimage\"},\"image\":{\"@id\":\"https:\\\/\\\/www.mondocamping.com\\\/fr\\\/campings-les-reservations-pour-la-saison-2024-commencent-deja-et-samplifient\\\/#primaryimage\"},\"thumbnailUrl\":\"https:\\\/\\\/www.mondocamping.com\\\/wp-content\\\/uploads\\\/2023\\\/10\\\/notizie-camping-1.jpeg\",\"datePublished\":\"2023-12-13T13:01:44+00:00\",\"dateModified\":\"2023-12-13T13:04:49+00:00\",\"breadcrumb\":{\"@id\":\"https:\\\/\\\/www.mondocamping.com\\\/fr\\\/campings-les-reservations-pour-la-saison-2024-commencent-deja-et-samplifient\\\/#breadcrumb\"},\"inLanguage\":\"fr-FR\",\"potentialAction\":[{\"@type\":\"ReadAction\",\"target\":[\"https:\\\/\\\/www.mondocamping.com\\\/fr\\\/campings-les-reservations-pour-la-saison-2024-commencent-deja-et-samplifient\\\/\"]}]},{\"@type\":\"ImageObject\",\"inLanguage\":\"fr-FR\",\"@id\":\"https:\\\/\\\/www.mondocamping.com\\\/fr\\\/campings-les-reservations-pour-la-saison-2024-commencent-deja-et-samplifient\\\/#primaryimage\",\"url\":\"https:\\\/\\\/www.mondocamping.com\\\/wp-content\\\/uploads\\\/2023\\\/10\\\/notizie-camping-1.jpeg\",\"contentUrl\":\"https:\\\/\\\/www.mondocamping.com\\\/wp-content\\\/uploads\\\/2023\\\/10\\\/notizie-camping-1.jpeg\",\"width\":1000,\"height\":545,\"caption\":\"notizie camping\"},{\"@type\":\"BreadcrumbList\",\"@id\":\"https:\\\/\\\/www.mondocamping.com\\\/fr\\\/campings-les-reservations-pour-la-saison-2024-commencent-deja-et-samplifient\\\/#breadcrumb\",\"itemListElement\":[{\"@type\":\"ListItem\",\"position\":1,\"name\":\"Home\",\"item\":\"https:\\\/\\\/www.mondocamping.com\\\/fr\\\/\"},{\"@type\":\"ListItem\",\"position\":2,\"name\":\"Campings, les r\u00e9servations pour la saison 2024 commencent d\u00e9j\u00e0 (et s&#8217;amplifient).\"}]},{\"@type\":\"WebSite\",\"@id\":\"https:\\\/\\\/www.mondocamping.com\\\/#website\",\"url\":\"https:\\\/\\\/www.mondocamping.com\\\/\",\"name\":\"Mondo Camping\",\"description\":\"Le portail d\u00e9di\u00e9 aux gestionnaires de campings et villages touristiques\",\"publisher\":{\"@id\":\"https:\\\/\\\/www.mondocamping.com\\\/#organization\"},\"potentialAction\":[{\"@type\":\"SearchAction\",\"target\":{\"@type\":\"EntryPoint\",\"urlTemplate\":\"https:\\\/\\\/www.mondocamping.com\\\/?s={search_term_string}\"},\"query-input\":{\"@type\":\"PropertyValueSpecification\",\"valueRequired\":true,\"valueName\":\"search_term_string\"}}],\"inLanguage\":\"fr-FR\"},{\"@type\":\"Organization\",\"@id\":\"https:\\\/\\\/www.mondocamping.com\\\/#organization\",\"name\":\"Mondo Camping\",\"url\":\"https:\\\/\\\/www.mondocamping.com\\\/\",\"logo\":{\"@type\":\"ImageObject\",\"inLanguage\":\"fr-FR\",\"@id\":\"https:\\\/\\\/www.mondocamping.com\\\/#\\\/schema\\\/logo\\\/image\\\/\",\"url\":\"https:\\\/\\\/www.mondocamping.com\\\/wp-content\\\/uploads\\\/2022\\\/04\\\/mondo-camping-logo-contornato-1.png\",\"contentUrl\":\"https:\\\/\\\/www.mondocamping.com\\\/wp-content\\\/uploads\\\/2022\\\/04\\\/mondo-camping-logo-contornato-1.png\",\"width\":280,\"height\":90,\"caption\":\"Mondo Camping\"},\"image\":{\"@id\":\"https:\\\/\\\/www.mondocamping.com\\\/#\\\/schema\\\/logo\\\/image\\\/\"},\"sameAs\":[\"https:\\\/\\\/www.facebook.com\\\/mondobalneare\",\"https:\\\/\\\/x.com\\\/mondobalneare\",\"https:\\\/\\\/www.instagram.com\\\/mondobalneare\\\/\",\"https:\\\/\\\/www.linkedin.com\\\/company\\\/67180810\\\/\",\"https:\\\/\\\/www.youtube.com\\\/user\\\/mondobalnearevideo\"]},{\"@type\":\"Person\",\"@id\":\"https:\\\/\\\/www.mondocamping.com\\\/#\\\/schema\\\/person\\\/eed3ea815a73a3cec3f6176e03072382\",\"name\":\"Helene Laurent\",\"image\":{\"@type\":\"ImageObject\",\"inLanguage\":\"fr-FR\",\"@id\":\"https:\\\/\\\/secure.gravatar.com\\\/avatar\\\/bac70d5cf6bff3519b930133cdbb588b1735215eb294cccae818e7422efb7469?s=96&d=mm&r=g\",\"url\":\"https:\\\/\\\/secure.gravatar.com\\\/avatar\\\/bac70d5cf6bff3519b930133cdbb588b1735215eb294cccae818e7422efb7469?s=96&d=mm&r=g\",\"contentUrl\":\"https:\\\/\\\/secure.gravatar.com\\\/avatar\\\/bac70d5cf6bff3519b930133cdbb588b1735215eb294cccae818e7422efb7469?s=96&d=mm&r=g\",\"caption\":\"Helene Laurent\"}}]}<\/script>\n<!-- \/ Yoast SEO plugin. -->","yoast_head_json":{"title":"Campings, les r\u00e9servations pour la saison 2024 commencent d\u00e9j\u00e0 (et s'amplifient).","robots":{"index":"index","follow":"follow","max-snippet":"max-snippet:-1","max-image-preview":"max-image-preview:large","max-video-preview":"max-video-preview:-1"},"canonical":"https:\/\/www.mondocamping.com\/fr\/campings-les-reservations-pour-la-saison-2024-commencent-deja-et-samplifient\/","og_locale":"fr_FR","og_type":"article","og_title":"Campings, les r\u00e9servations pour la saison 2024 commencent d\u00e9j\u00e0 (et s'amplifient).","og_description":"No\u00ebl arrive \u00e0 grands pas et pour les campings, l&rsquo;heure semble d\u00e9j\u00e0 \u00eatre aux bonnes nouvelles. Selon les chiffres publi\u00e9s par Campings.com, les r\u00e9servations pour la saison 2024 ont d\u00e9j\u00e0 commenc\u00e9 et sont en hausse par rapport \u00e0 l&rsquo;ann\u00e9e derni\u00e8re. Les touristes qui ont d\u00e9j\u00e0 r\u00e9serv\u00e9 des vacances en camping &#8211; par l&rsquo;interm\u00e9diaire du portail [&hellip;]","og_url":"https:\/\/www.mondocamping.com\/fr\/campings-les-reservations-pour-la-saison-2024-commencent-deja-et-samplifient\/","og_site_name":"Mondo Camping","article_publisher":"https:\/\/www.facebook.com\/mondobalneare","article_published_time":"2023-12-13T13:01:44+00:00","article_modified_time":"2023-12-13T13:04:49+00:00","og_image":[{"width":1000,"height":545,"url":"https:\/\/www.mondocamping.com\/wp-content\/uploads\/2023\/10\/notizie-camping-1.jpeg","type":"image\/jpeg"}],"author":"Helene Laurent","twitter_card":"summary_large_image","twitter_creator":"@mondobalneare","twitter_site":"@mondobalneare","twitter_misc":{"\u00c9crit par":"Helene Laurent","Dur\u00e9e de lecture estim\u00e9e":"1 minute"},"schema":{"@context":"https:\/\/schema.org","@graph":[{"@type":"Article","@id":"https:\/\/www.mondocamping.com\/fr\/campings-les-reservations-pour-la-saison-2024-commencent-deja-et-samplifient\/#article","isPartOf":{"@id":"https:\/\/www.mondocamping.com\/fr\/campings-les-reservations-pour-la-saison-2024-commencent-deja-et-samplifient\/"},"author":{"name":"Helene Laurent","@id":"https:\/\/www.mondocamping.com\/#\/schema\/person\/eed3ea815a73a3cec3f6176e03072382"},"headline":"Campings, les r\u00e9servations pour la saison 2024 commencent d\u00e9j\u00e0 (et s&rsquo;amplifient).","datePublished":"2023-12-13T13:01:44+00:00","dateModified":"2023-12-13T13:04:49+00:00","mainEntityOfPage":{"@id":"https:\/\/www.mondocamping.com\/fr\/campings-les-reservations-pour-la-saison-2024-commencent-deja-et-samplifient\/"},"wordCount":160,"publisher":{"@id":"https:\/\/www.mondocamping.com\/#organization"},"image":{"@id":"https:\/\/www.mondocamping.com\/fr\/campings-les-reservations-pour-la-saison-2024-commencent-deja-et-samplifient\/#primaryimage"},"thumbnailUrl":"https:\/\/www.mondocamping.com\/wp-content\/uploads\/2023\/10\/notizie-camping-1.jpeg","keywords":["camping","Campings.com","Mondo Camping","R\u00e9servations"],"articleSection":["Actualit\u00e9"],"inLanguage":"fr-FR"},{"@type":"WebPage","@id":"https:\/\/www.mondocamping.com\/fr\/campings-les-reservations-pour-la-saison-2024-commencent-deja-et-samplifient\/","url":"https:\/\/www.mondocamping.com\/fr\/campings-les-reservations-pour-la-saison-2024-commencent-deja-et-samplifient\/","name":"Campings, les r\u00e9servations pour la saison 2024 commencent d\u00e9j\u00e0 (et s'amplifient).","isPartOf":{"@id":"https:\/\/www.mondocamping.com\/#website"},"primaryImageOfPage":{"@id":"https:\/\/www.mondocamping.com\/fr\/campings-les-reservations-pour-la-saison-2024-commencent-deja-et-samplifient\/#primaryimage"},"image":{"@id":"https:\/\/www.mondocamping.com\/fr\/campings-les-reservations-pour-la-saison-2024-commencent-deja-et-samplifient\/#primaryimage"},"thumbnailUrl":"https:\/\/www.mondocamping.com\/wp-content\/uploads\/2023\/10\/notizie-camping-1.jpeg","datePublished":"2023-12-13T13:01:44+00:00","dateModified":"2023-12-13T13:04:49+00:00","breadcrumb":{"@id":"https:\/\/www.mondocamping.com\/fr\/campings-les-reservations-pour-la-saison-2024-commencent-deja-et-samplifient\/#breadcrumb"},"inLanguage":"fr-FR","potentialAction":[{"@type":"ReadAction","target":["https:\/\/www.mondocamping.com\/fr\/campings-les-reservations-pour-la-saison-2024-commencent-deja-et-samplifient\/"]}]},{"@type":"ImageObject","inLanguage":"fr-FR","@id":"https:\/\/www.mondocamping.com\/fr\/campings-les-reservations-pour-la-saison-2024-commencent-deja-et-samplifient\/#primaryimage","url":"https:\/\/www.mondocamping.com\/wp-content\/uploads\/2023\/10\/notizie-camping-1.jpeg","contentUrl":"https:\/\/www.mondocamping.com\/wp-content\/uploads\/2023\/10\/notizie-camping-1.jpeg","width":1000,"height":545,"caption":"notizie camping"},{"@type":"BreadcrumbList","@id":"https:\/\/www.mondocamping.com\/fr\/campings-les-reservations-pour-la-saison-2024-commencent-deja-et-samplifient\/#breadcrumb","itemListElement":[{"@type":"ListItem","position":1,"name":"Home","item":"https:\/\/www.mondocamping.com\/fr\/"},{"@type":"ListItem","position":2,"name":"Campings, les r\u00e9servations pour la saison 2024 commencent d\u00e9j\u00e0 (et s&#8217;amplifient)."}]},{"@type":"WebSite","@id":"https:\/\/www.mondocamping.com\/#website","url":"https:\/\/www.mondocamping.com\/","name":"Mondo Camping","description":"Le portail d\u00e9di\u00e9 aux gestionnaires de campings et villages touristiques","publisher":{"@id":"https:\/\/www.mondocamping.com\/#organization"},"potentialAction":[{"@type":"SearchAction","target":{"@type":"EntryPoint","urlTemplate":"https:\/\/www.mondocamping.com\/?s={search_term_string}"},"query-input":{"@type":"PropertyValueSpecification","valueRequired":true,"valueName":"search_term_string"}}],"inLanguage":"fr-FR"},{"@type":"Organization","@id":"https:\/\/www.mondocamping.com\/#organization","name":"Mondo Camping","url":"https:\/\/www.mondocamping.com\/","logo":{"@type":"ImageObject","inLanguage":"fr-FR","@id":"https:\/\/www.mondocamping.com\/#\/schema\/logo\/image\/","url":"https:\/\/www.mondocamping.com\/wp-content\/uploads\/2022\/04\/mondo-camping-logo-contornato-1.png","contentUrl":"https:\/\/www.mondocamping.com\/wp-content\/uploads\/2022\/04\/mondo-camping-logo-contornato-1.png","width":280,"height":90,"caption":"Mondo Camping"},"image":{"@id":"https:\/\/www.mondocamping.com\/#\/schema\/logo\/image\/"},"sameAs":["https:\/\/www.facebook.com\/mondobalneare","https:\/\/x.com\/mondobalneare","https:\/\/www.instagram.com\/mondobalneare\/","https:\/\/www.linkedin.com\/company\/67180810\/","https:\/\/www.youtube.com\/user\/mondobalnearevideo"]},{"@type":"Person","@id":"https:\/\/www.mondocamping.com\/#\/schema\/person\/eed3ea815a73a3cec3f6176e03072382","name":"Helene Laurent","image":{"@type":"ImageObject","inLanguage":"fr-FR","@id":"https:\/\/secure.gravatar.com\/avatar\/bac70d5cf6bff3519b930133cdbb588b1735215eb294cccae818e7422efb7469?s=96&d=mm&r=g","url":"https:\/\/secure.gravatar.com\/avatar\/bac70d5cf6bff3519b930133cdbb588b1735215eb294cccae818e7422efb7469?s=96&d=mm&r=g","contentUrl":"https:\/\/secure.gravatar.com\/avatar\/bac70d5cf6bff3519b930133cdbb588b1735215eb294cccae818e7422efb7469?s=96&d=mm&r=g","caption":"Helene Laurent"}}]}},"_links":{"self":[{"href":"https:\/\/www.mondocamping.com\/fr\/wp-json\/wp\/v2\/posts\/166477","targetHints":{"allow":["GET"]}}],"collection":[{"href":"https:\/\/www.mondocamping.com\/fr\/wp-json\/wp\/v2\/posts"}],"about":[{"href":"https:\/\/www.mondocamping.com\/fr\/wp-json\/wp\/v2\/types\/post"}],"author":[{"embeddable":true,"href":"https:\/\/www.mondocamping.com\/fr\/wp-json\/wp\/v2\/users\/173"}],"replies":[{"embeddable":true,"href":"https:\/\/www.mondocamping.com\/fr\/wp-json\/wp\/v2\/comments?post=166477"}],"version-history":[{"count":1,"href":"https:\/\/www.mondocamping.com\/fr\/wp-json\/wp\/v2\/posts\/166477\/revisions"}],"predecessor-version":[{"id":166478,"href":"https:\/\/www.mondocamping.com\/fr\/wp-json\/wp\/v2\/posts\/166477\/revisions\/166478"}],"wp:featuredmedia":[{"embeddable":true,"href":"https:\/\/www.mondocamping.com\/fr\/wp-json\/wp\/v2\/media\/165328"}],"wp:attachment":[{"href":"https:\/\/www.mondocamping.com\/fr\/wp-json\/wp\/v2\/media?parent=166477"}],"wp:term":[{"taxonomy":"category","embeddable":true,"href":"https:\/\/www.mondocamping.com\/fr\/wp-json\/wp\/v2\/categories?post=166477"},{"taxonomy":"post_tag","embeddable":true,"href":"https:\/\/www.mondocamping.com\/fr\/wp-json\/wp\/v2\/tags?post=166477"}],"curies":[{"name":"wp","href":"https:\/\/api.w.org\/{rel}","templated":true}]}}