{"id":166819,"date":"2023-12-20T10:32:39","date_gmt":"2023-12-20T09:32:39","guid":{"rendered":"https:\/\/www.mondocamping.com\/la-ou-il-y-avait-un-ecomoster-un-camping-sera-construit\/"},"modified":"2023-12-29T10:36:11","modified_gmt":"2023-12-29T09:36:11","slug":"la-ou-il-y-avait-un-ecomoster-un-camping-sera-construit","status":"publish","type":"post","link":"https:\/\/www.mondocamping.com\/fr\/la-ou-il-y-avait-un-ecomoster-un-camping-sera-construit\/","title":{"rendered":"L\u00e0 o\u00f9 il y avait un \u00e9comoster, un camping sera construit"},"content":{"rendered":"\n<p>Le Palazzo <strong>Mangeruca<\/strong>, l&rsquo;\u00e9comoster qui se trouvait sur la route nationale 106 dans la<strong> commune de Melissa<\/strong>, dans la province de <strong>Crotone<\/strong>, a \u00e9t\u00e9 d\u00e9moli. Un <strong>camping<\/strong> sera construit \u00e0 sa place. C&rsquo;est le maire de la ville,<strong> Raffaele Falbo<\/strong>, qui a annonc\u00e9 la nouvelle. La nouvelle structure portera le nom de <strong>Pythagore<\/strong>. \u00ab\u00a0<em>Nous avons r\u00e9cup\u00e9r\u00e9 la zone<\/em> \u00ab\u00a0, a expliqu\u00e9 le maire.  <em><strong>Notre intention est de laisser un autre signe de rupture<\/strong>, surtout pour les g\u00e9n\u00e9rations futures, un point de non-retour : par le biais d&rsquo;une installation urbaine qui renvoie \u00e0 l&rsquo;histoire la m\u00e9moire de ce jour de libert\u00e9, pour nommer la nouvelle <strong>aire de camping qui sera construite dans le cadre du projet financ\u00e9 par la r\u00e9gion de Calabre<\/strong>,  \u00e0 ce qui est d\u00e9sormais consid\u00e9r\u00e9 comme le marqueur d&rsquo;identit\u00e9 distinctif (MID) le plus important et le plus universellement reconnu de la Calabre, que l&rsquo;Italie et le monde n&rsquo;attendent toujours pas, pour reprendre les termes du gouverneur Occhiuto : \u00e0 Pythagore et \u00e0 cette \u00e9cole de Crotone qui a l\u00e9gu\u00e9 \u00e0 l&rsquo;humanit\u00e9 ce th\u00e9or\u00e8me que tous les enfants du monde connaissent.<\/em>\u00ab\u00a0.  <\/p>\n\n<h2 class=\"wp-block-heading\">Une subvention de 700 000 euros pour revitaliser la zone<\/h2>\n\n<p>Comme pr\u00e9vu, une aire de camping de 35 places sera construite sur le site de l&rsquo;\u00e9comoster. Le plan a d\u00e9j\u00e0 \u00e9t\u00e9 financ\u00e9 \u00e0 hauteur de<strong> 700 000 euros<\/strong> par la <strong>r\u00e9gion de Calabre<\/strong>. <em>Apr\u00e8s tant d&rsquo;ann\u00e9es<\/em>, a poursuivi le maire Falbo, <em>nous avons enfin mis un terme \u00e0 l&rsquo;un des abus de construction les plus intol\u00e9rables et les plus inimaginables sur les 800 kilom\u00e8tres de c\u00f4te de notre p\u00e9ninsule<\/em>.  <\/p>\n\n<figure class=\"wp-block-embed is-type-wp-embed is-provider-mondo-camping wp-block-embed-mondo-camping\"><div class=\"wp-block-embed__wrapper\">\n<blockquote class=\"wp-embedded-content\" data-secret=\"DLWQcDDkfe\"><a href=\"https:\/\/www.mondocamping.com\/campeggi-emilia-romagna-faita-federcamping\/\">L&rsquo;alluvione non ha fermato l&rsquo;Emilia-Romagna. Numeri di camping e villaggi in crescita rispetto il 2022<\/a><\/blockquote><iframe class=\"wp-embedded-content\" sandbox=\"allow-scripts\" security=\"restricted\" style=\"position: absolute; clip: rect(1px, 1px, 1px, 1px);\" title=\"\u00ab\u00a0L&rsquo;alluvione non ha fermato l&rsquo;Emilia-Romagna. Numeri di camping e villaggi in crescita rispetto il 2022\u00a0\u00bb &#8212; Mondo Camping\" src=\"https:\/\/www.mondocamping.com\/campeggi-emilia-romagna-faita-federcamping\/embed\/#?secret=k5S97R3rDw#?secret=DLWQcDDkfe\" data-secret=\"DLWQcDDkfe\" width=\"600\" height=\"338\" frameborder=\"0\" marginwidth=\"0\" marginheight=\"0\" scrolling=\"no\"><\/iframe>\n<\/div><\/figure>\n","protected":false},"excerpt":{"rendered":"<p>Le Palazzo Mangeruca, l&rsquo;\u00e9comoster qui se trouvait sur la route nationale 106 dans la commune de Melissa, dans la province de Crotone, a \u00e9t\u00e9 d\u00e9moli. Un camping sera construit \u00e0 sa place. C&rsquo;est le maire de la ville, Raffaele Falbo, qui a annonc\u00e9 la nouvelle. La nouvelle structure portera le nom de Pythagore. \u00ab\u00a0Nous avons [&hellip;]<\/p>\n","protected":false},"author":170,"featured_media":164161,"comment_status":"closed","ping_status":"closed","sticky":false,"template":"","format":"standard","meta":{"_acf_changed":false,"_monsterinsights_skip_tracking":false,"_monsterinsights_sitenote_active":false,"_monsterinsights_sitenote_note":"","_monsterinsights_sitenote_category":0,"footnotes":""},"categories":[4024],"tags":[5919,4189,5918,4262],"class_list":["post-166819","post","type-post","status-publish","format-standard","has-post-thumbnail","hentry","category-actualite","tag-calabre","tag-camping-fr","tag-ecomoster-fr","tag-mondo-camping-fr"],"acf":[],"yoast_head":"<!-- This site is optimized with the Yoast SEO plugin v27.5 - https:\/\/yoast.com\/product\/yoast-seo-wordpress\/ -->\n<title>L\u00e0 o\u00f9 il y avait un \u00e9comoster, un camping sera construit<\/title>\n<meta name=\"robots\" content=\"index, follow, max-snippet:-1, max-image-preview:large, max-video-preview:-1\" \/>\n<link rel=\"canonical\" href=\"https:\/\/www.mondocamping.com\/fr\/la-ou-il-y-avait-un-ecomoster-un-camping-sera-construit\/\" \/>\n<meta property=\"og:locale\" content=\"fr_FR\" \/>\n<meta property=\"og:type\" content=\"article\" \/>\n<meta property=\"og:title\" content=\"L\u00e0 o\u00f9 il y avait un \u00e9comoster, un camping sera construit\" \/>\n<meta property=\"og:description\" content=\"Le Palazzo Mangeruca, l&rsquo;\u00e9comoster qui se trouvait sur la route nationale 106 dans la commune de Melissa, dans la province de Crotone, a \u00e9t\u00e9 d\u00e9moli. Un camping sera construit \u00e0 sa place. C&rsquo;est le maire de la ville, Raffaele Falbo, qui a annonc\u00e9 la nouvelle. La nouvelle structure portera le nom de Pythagore. \u00ab\u00a0Nous avons [&hellip;]\" \/>\n<meta property=\"og:url\" content=\"https:\/\/www.mondocamping.com\/fr\/la-ou-il-y-avait-un-ecomoster-un-camping-sera-construit\/\" \/>\n<meta property=\"og:site_name\" content=\"Mondo Camping\" \/>\n<meta property=\"article:publisher\" content=\"https:\/\/www.facebook.com\/mondobalneare\" \/>\n<meta property=\"article:published_time\" content=\"2023-12-20T09:32:39+00:00\" \/>\n<meta property=\"article:modified_time\" content=\"2023-12-29T09:36:11+00:00\" \/>\n<meta property=\"og:image\" content=\"https:\/\/www.mondocamping.com\/wp-content\/uploads\/2023\/07\/campeggio-estate-italia-1.jpg\" \/>\n\t<meta property=\"og:image:width\" content=\"913\" \/>\n\t<meta property=\"og:image:height\" content=\"545\" \/>\n\t<meta property=\"og:image:type\" content=\"image\/jpeg\" \/>\n<meta name=\"author\" content=\"Chiara Borzi\" \/>\n<meta name=\"twitter:card\" content=\"summary_large_image\" \/>\n<meta name=\"twitter:creator\" content=\"@mondobalneare\" \/>\n<meta name=\"twitter:site\" content=\"@mondobalneare\" \/>\n<meta name=\"twitter:label1\" content=\"\u00c9crit par\" \/>\n\t<meta name=\"twitter:data1\" content=\"Chiara Borzi\" \/>\n\t<meta name=\"twitter:label2\" content=\"Dur\u00e9e de lecture estim\u00e9e\" \/>\n\t<meta name=\"twitter:data2\" content=\"1 minute\" \/>\n<script type=\"application\/ld+json\" class=\"yoast-schema-graph\">{\"@context\":\"https:\\\/\\\/schema.org\",\"@graph\":[{\"@type\":\"Article\",\"@id\":\"https:\\\/\\\/www.mondocamping.com\\\/fr\\\/la-ou-il-y-avait-un-ecomoster-un-camping-sera-construit\\\/#article\",\"isPartOf\":{\"@id\":\"https:\\\/\\\/www.mondocamping.com\\\/fr\\\/la-ou-il-y-avait-un-ecomoster-un-camping-sera-construit\\\/\"},\"author\":{\"name\":\"Chiara Borzi\",\"@id\":\"https:\\\/\\\/www.mondocamping.com\\\/#\\\/schema\\\/person\\\/e6f4a7f88cc17f5824c73f21a3fb8ee5\"},\"headline\":\"L\u00e0 o\u00f9 il y avait un \u00e9comoster, un camping sera construit\",\"datePublished\":\"2023-12-20T09:32:39+00:00\",\"dateModified\":\"2023-12-29T09:36:11+00:00\",\"mainEntityOfPage\":{\"@id\":\"https:\\\/\\\/www.mondocamping.com\\\/fr\\\/la-ou-il-y-avait-un-ecomoster-un-camping-sera-construit\\\/\"},\"wordCount\":291,\"publisher\":{\"@id\":\"https:\\\/\\\/www.mondocamping.com\\\/#organization\"},\"image\":{\"@id\":\"https:\\\/\\\/www.mondocamping.com\\\/fr\\\/la-ou-il-y-avait-un-ecomoster-un-camping-sera-construit\\\/#primaryimage\"},\"thumbnailUrl\":\"https:\\\/\\\/www.mondocamping.com\\\/wp-content\\\/uploads\\\/2023\\\/07\\\/campeggio-estate-italia-1.jpg\",\"keywords\":[\"Calabre\",\"camping\",\"ecomoster\",\"Mondo Camping\"],\"articleSection\":[\"Actualit\u00e9\"],\"inLanguage\":\"fr-FR\"},{\"@type\":\"WebPage\",\"@id\":\"https:\\\/\\\/www.mondocamping.com\\\/fr\\\/la-ou-il-y-avait-un-ecomoster-un-camping-sera-construit\\\/\",\"url\":\"https:\\\/\\\/www.mondocamping.com\\\/fr\\\/la-ou-il-y-avait-un-ecomoster-un-camping-sera-construit\\\/\",\"name\":\"L\u00e0 o\u00f9 il y avait un \u00e9comoster, un camping sera construit\",\"isPartOf\":{\"@id\":\"https:\\\/\\\/www.mondocamping.com\\\/#website\"},\"primaryImageOfPage\":{\"@id\":\"https:\\\/\\\/www.mondocamping.com\\\/fr\\\/la-ou-il-y-avait-un-ecomoster-un-camping-sera-construit\\\/#primaryimage\"},\"image\":{\"@id\":\"https:\\\/\\\/www.mondocamping.com\\\/fr\\\/la-ou-il-y-avait-un-ecomoster-un-camping-sera-construit\\\/#primaryimage\"},\"thumbnailUrl\":\"https:\\\/\\\/www.mondocamping.com\\\/wp-content\\\/uploads\\\/2023\\\/07\\\/campeggio-estate-italia-1.jpg\",\"datePublished\":\"2023-12-20T09:32:39+00:00\",\"dateModified\":\"2023-12-29T09:36:11+00:00\",\"breadcrumb\":{\"@id\":\"https:\\\/\\\/www.mondocamping.com\\\/fr\\\/la-ou-il-y-avait-un-ecomoster-un-camping-sera-construit\\\/#breadcrumb\"},\"inLanguage\":\"fr-FR\",\"potentialAction\":[{\"@type\":\"ReadAction\",\"target\":[\"https:\\\/\\\/www.mondocamping.com\\\/fr\\\/la-ou-il-y-avait-un-ecomoster-un-camping-sera-construit\\\/\"]}]},{\"@type\":\"ImageObject\",\"inLanguage\":\"fr-FR\",\"@id\":\"https:\\\/\\\/www.mondocamping.com\\\/fr\\\/la-ou-il-y-avait-un-ecomoster-un-camping-sera-construit\\\/#primaryimage\",\"url\":\"https:\\\/\\\/www.mondocamping.com\\\/wp-content\\\/uploads\\\/2023\\\/07\\\/campeggio-estate-italia-1.jpg\",\"contentUrl\":\"https:\\\/\\\/www.mondocamping.com\\\/wp-content\\\/uploads\\\/2023\\\/07\\\/campeggio-estate-italia-1.jpg\",\"width\":913,\"height\":545,\"caption\":\"Immagine di repertorio\"},{\"@type\":\"BreadcrumbList\",\"@id\":\"https:\\\/\\\/www.mondocamping.com\\\/fr\\\/la-ou-il-y-avait-un-ecomoster-un-camping-sera-construit\\\/#breadcrumb\",\"itemListElement\":[{\"@type\":\"ListItem\",\"position\":1,\"name\":\"Home\",\"item\":\"https:\\\/\\\/www.mondocamping.com\\\/fr\\\/\"},{\"@type\":\"ListItem\",\"position\":2,\"name\":\"L\u00e0 o\u00f9 il y avait un \u00e9comoster, un camping sera construit\"}]},{\"@type\":\"WebSite\",\"@id\":\"https:\\\/\\\/www.mondocamping.com\\\/#website\",\"url\":\"https:\\\/\\\/www.mondocamping.com\\\/\",\"name\":\"Mondo Camping\",\"description\":\"Le portail d\u00e9di\u00e9 aux gestionnaires de campings et villages touristiques\",\"publisher\":{\"@id\":\"https:\\\/\\\/www.mondocamping.com\\\/#organization\"},\"potentialAction\":[{\"@type\":\"SearchAction\",\"target\":{\"@type\":\"EntryPoint\",\"urlTemplate\":\"https:\\\/\\\/www.mondocamping.com\\\/?s={search_term_string}\"},\"query-input\":{\"@type\":\"PropertyValueSpecification\",\"valueRequired\":true,\"valueName\":\"search_term_string\"}}],\"inLanguage\":\"fr-FR\"},{\"@type\":\"Organization\",\"@id\":\"https:\\\/\\\/www.mondocamping.com\\\/#organization\",\"name\":\"Mondo Camping\",\"url\":\"https:\\\/\\\/www.mondocamping.com\\\/\",\"logo\":{\"@type\":\"ImageObject\",\"inLanguage\":\"fr-FR\",\"@id\":\"https:\\\/\\\/www.mondocamping.com\\\/#\\\/schema\\\/logo\\\/image\\\/\",\"url\":\"https:\\\/\\\/www.mondocamping.com\\\/wp-content\\\/uploads\\\/2022\\\/04\\\/mondo-camping-logo-contornato-1.png\",\"contentUrl\":\"https:\\\/\\\/www.mondocamping.com\\\/wp-content\\\/uploads\\\/2022\\\/04\\\/mondo-camping-logo-contornato-1.png\",\"width\":280,\"height\":90,\"caption\":\"Mondo Camping\"},\"image\":{\"@id\":\"https:\\\/\\\/www.mondocamping.com\\\/#\\\/schema\\\/logo\\\/image\\\/\"},\"sameAs\":[\"https:\\\/\\\/www.facebook.com\\\/mondobalneare\",\"https:\\\/\\\/x.com\\\/mondobalneare\",\"https:\\\/\\\/www.instagram.com\\\/mondobalneare\\\/\",\"https:\\\/\\\/www.linkedin.com\\\/company\\\/67180810\\\/\",\"https:\\\/\\\/www.youtube.com\\\/user\\\/mondobalnearevideo\"]},{\"@type\":\"Person\",\"@id\":\"https:\\\/\\\/www.mondocamping.com\\\/#\\\/schema\\\/person\\\/e6f4a7f88cc17f5824c73f21a3fb8ee5\",\"name\":\"Chiara Borzi\",\"image\":{\"@type\":\"ImageObject\",\"inLanguage\":\"fr-FR\",\"@id\":\"https:\\\/\\\/secure.gravatar.com\\\/avatar\\\/1270b43fb9da7c9e395e9d36a58a45aa3945e17b11f90a0475a31d73f84e4ff5?s=96&d=mm&r=g\",\"url\":\"https:\\\/\\\/secure.gravatar.com\\\/avatar\\\/1270b43fb9da7c9e395e9d36a58a45aa3945e17b11f90a0475a31d73f84e4ff5?s=96&d=mm&r=g\",\"contentUrl\":\"https:\\\/\\\/secure.gravatar.com\\\/avatar\\\/1270b43fb9da7c9e395e9d36a58a45aa3945e17b11f90a0475a31d73f84e4ff5?s=96&d=mm&r=g\",\"caption\":\"Chiara Borzi\"}}]}<\/script>\n<!-- \/ Yoast SEO plugin. -->","yoast_head_json":{"title":"L\u00e0 o\u00f9 il y avait un \u00e9comoster, un camping sera construit","robots":{"index":"index","follow":"follow","max-snippet":"max-snippet:-1","max-image-preview":"max-image-preview:large","max-video-preview":"max-video-preview:-1"},"canonical":"https:\/\/www.mondocamping.com\/fr\/la-ou-il-y-avait-un-ecomoster-un-camping-sera-construit\/","og_locale":"fr_FR","og_type":"article","og_title":"L\u00e0 o\u00f9 il y avait un \u00e9comoster, un camping sera construit","og_description":"Le Palazzo Mangeruca, l&rsquo;\u00e9comoster qui se trouvait sur la route nationale 106 dans la commune de Melissa, dans la province de Crotone, a \u00e9t\u00e9 d\u00e9moli. Un camping sera construit \u00e0 sa place. C&rsquo;est le maire de la ville, Raffaele Falbo, qui a annonc\u00e9 la nouvelle. La nouvelle structure portera le nom de Pythagore. \u00ab\u00a0Nous avons [&hellip;]","og_url":"https:\/\/www.mondocamping.com\/fr\/la-ou-il-y-avait-un-ecomoster-un-camping-sera-construit\/","og_site_name":"Mondo Camping","article_publisher":"https:\/\/www.facebook.com\/mondobalneare","article_published_time":"2023-12-20T09:32:39+00:00","article_modified_time":"2023-12-29T09:36:11+00:00","og_image":[{"width":913,"height":545,"url":"https:\/\/www.mondocamping.com\/wp-content\/uploads\/2023\/07\/campeggio-estate-italia-1.jpg","type":"image\/jpeg"}],"author":"Chiara Borzi","twitter_card":"summary_large_image","twitter_creator":"@mondobalneare","twitter_site":"@mondobalneare","twitter_misc":{"\u00c9crit par":"Chiara Borzi","Dur\u00e9e de lecture estim\u00e9e":"1 minute"},"schema":{"@context":"https:\/\/schema.org","@graph":[{"@type":"Article","@id":"https:\/\/www.mondocamping.com\/fr\/la-ou-il-y-avait-un-ecomoster-un-camping-sera-construit\/#article","isPartOf":{"@id":"https:\/\/www.mondocamping.com\/fr\/la-ou-il-y-avait-un-ecomoster-un-camping-sera-construit\/"},"author":{"name":"Chiara Borzi","@id":"https:\/\/www.mondocamping.com\/#\/schema\/person\/e6f4a7f88cc17f5824c73f21a3fb8ee5"},"headline":"L\u00e0 o\u00f9 il y avait un \u00e9comoster, un camping sera construit","datePublished":"2023-12-20T09:32:39+00:00","dateModified":"2023-12-29T09:36:11+00:00","mainEntityOfPage":{"@id":"https:\/\/www.mondocamping.com\/fr\/la-ou-il-y-avait-un-ecomoster-un-camping-sera-construit\/"},"wordCount":291,"publisher":{"@id":"https:\/\/www.mondocamping.com\/#organization"},"image":{"@id":"https:\/\/www.mondocamping.com\/fr\/la-ou-il-y-avait-un-ecomoster-un-camping-sera-construit\/#primaryimage"},"thumbnailUrl":"https:\/\/www.mondocamping.com\/wp-content\/uploads\/2023\/07\/campeggio-estate-italia-1.jpg","keywords":["Calabre","camping","ecomoster","Mondo Camping"],"articleSection":["Actualit\u00e9"],"inLanguage":"fr-FR"},{"@type":"WebPage","@id":"https:\/\/www.mondocamping.com\/fr\/la-ou-il-y-avait-un-ecomoster-un-camping-sera-construit\/","url":"https:\/\/www.mondocamping.com\/fr\/la-ou-il-y-avait-un-ecomoster-un-camping-sera-construit\/","name":"L\u00e0 o\u00f9 il y avait un \u00e9comoster, un camping sera construit","isPartOf":{"@id":"https:\/\/www.mondocamping.com\/#website"},"primaryImageOfPage":{"@id":"https:\/\/www.mondocamping.com\/fr\/la-ou-il-y-avait-un-ecomoster-un-camping-sera-construit\/#primaryimage"},"image":{"@id":"https:\/\/www.mondocamping.com\/fr\/la-ou-il-y-avait-un-ecomoster-un-camping-sera-construit\/#primaryimage"},"thumbnailUrl":"https:\/\/www.mondocamping.com\/wp-content\/uploads\/2023\/07\/campeggio-estate-italia-1.jpg","datePublished":"2023-12-20T09:32:39+00:00","dateModified":"2023-12-29T09:36:11+00:00","breadcrumb":{"@id":"https:\/\/www.mondocamping.com\/fr\/la-ou-il-y-avait-un-ecomoster-un-camping-sera-construit\/#breadcrumb"},"inLanguage":"fr-FR","potentialAction":[{"@type":"ReadAction","target":["https:\/\/www.mondocamping.com\/fr\/la-ou-il-y-avait-un-ecomoster-un-camping-sera-construit\/"]}]},{"@type":"ImageObject","inLanguage":"fr-FR","@id":"https:\/\/www.mondocamping.com\/fr\/la-ou-il-y-avait-un-ecomoster-un-camping-sera-construit\/#primaryimage","url":"https:\/\/www.mondocamping.com\/wp-content\/uploads\/2023\/07\/campeggio-estate-italia-1.jpg","contentUrl":"https:\/\/www.mondocamping.com\/wp-content\/uploads\/2023\/07\/campeggio-estate-italia-1.jpg","width":913,"height":545,"caption":"Immagine di repertorio"},{"@type":"BreadcrumbList","@id":"https:\/\/www.mondocamping.com\/fr\/la-ou-il-y-avait-un-ecomoster-un-camping-sera-construit\/#breadcrumb","itemListElement":[{"@type":"ListItem","position":1,"name":"Home","item":"https:\/\/www.mondocamping.com\/fr\/"},{"@type":"ListItem","position":2,"name":"L\u00e0 o\u00f9 il y avait un \u00e9comoster, un camping sera construit"}]},{"@type":"WebSite","@id":"https:\/\/www.mondocamping.com\/#website","url":"https:\/\/www.mondocamping.com\/","name":"Mondo Camping","description":"Le portail d\u00e9di\u00e9 aux gestionnaires de campings et villages touristiques","publisher":{"@id":"https:\/\/www.mondocamping.com\/#organization"},"potentialAction":[{"@type":"SearchAction","target":{"@type":"EntryPoint","urlTemplate":"https:\/\/www.mondocamping.com\/?s={search_term_string}"},"query-input":{"@type":"PropertyValueSpecification","valueRequired":true,"valueName":"search_term_string"}}],"inLanguage":"fr-FR"},{"@type":"Organization","@id":"https:\/\/www.mondocamping.com\/#organization","name":"Mondo Camping","url":"https:\/\/www.mondocamping.com\/","logo":{"@type":"ImageObject","inLanguage":"fr-FR","@id":"https:\/\/www.mondocamping.com\/#\/schema\/logo\/image\/","url":"https:\/\/www.mondocamping.com\/wp-content\/uploads\/2022\/04\/mondo-camping-logo-contornato-1.png","contentUrl":"https:\/\/www.mondocamping.com\/wp-content\/uploads\/2022\/04\/mondo-camping-logo-contornato-1.png","width":280,"height":90,"caption":"Mondo Camping"},"image":{"@id":"https:\/\/www.mondocamping.com\/#\/schema\/logo\/image\/"},"sameAs":["https:\/\/www.facebook.com\/mondobalneare","https:\/\/x.com\/mondobalneare","https:\/\/www.instagram.com\/mondobalneare\/","https:\/\/www.linkedin.com\/company\/67180810\/","https:\/\/www.youtube.com\/user\/mondobalnearevideo"]},{"@type":"Person","@id":"https:\/\/www.mondocamping.com\/#\/schema\/person\/e6f4a7f88cc17f5824c73f21a3fb8ee5","name":"Chiara Borzi","image":{"@type":"ImageObject","inLanguage":"fr-FR","@id":"https:\/\/secure.gravatar.com\/avatar\/1270b43fb9da7c9e395e9d36a58a45aa3945e17b11f90a0475a31d73f84e4ff5?s=96&d=mm&r=g","url":"https:\/\/secure.gravatar.com\/avatar\/1270b43fb9da7c9e395e9d36a58a45aa3945e17b11f90a0475a31d73f84e4ff5?s=96&d=mm&r=g","contentUrl":"https:\/\/secure.gravatar.com\/avatar\/1270b43fb9da7c9e395e9d36a58a45aa3945e17b11f90a0475a31d73f84e4ff5?s=96&d=mm&r=g","caption":"Chiara Borzi"}}]}},"_links":{"self":[{"href":"https:\/\/www.mondocamping.com\/fr\/wp-json\/wp\/v2\/posts\/166819","targetHints":{"allow":["GET"]}}],"collection":[{"href":"https:\/\/www.mondocamping.com\/fr\/wp-json\/wp\/v2\/posts"}],"about":[{"href":"https:\/\/www.mondocamping.com\/fr\/wp-json\/wp\/v2\/types\/post"}],"author":[{"embeddable":true,"href":"https:\/\/www.mondocamping.com\/fr\/wp-json\/wp\/v2\/users\/170"}],"replies":[{"embeddable":true,"href":"https:\/\/www.mondocamping.com\/fr\/wp-json\/wp\/v2\/comments?post=166819"}],"version-history":[{"count":1,"href":"https:\/\/www.mondocamping.com\/fr\/wp-json\/wp\/v2\/posts\/166819\/revisions"}],"predecessor-version":[{"id":166820,"href":"https:\/\/www.mondocamping.com\/fr\/wp-json\/wp\/v2\/posts\/166819\/revisions\/166820"}],"wp:featuredmedia":[{"embeddable":true,"href":"https:\/\/www.mondocamping.com\/fr\/wp-json\/wp\/v2\/media\/164161"}],"wp:attachment":[{"href":"https:\/\/www.mondocamping.com\/fr\/wp-json\/wp\/v2\/media?parent=166819"}],"wp:term":[{"taxonomy":"category","embeddable":true,"href":"https:\/\/www.mondocamping.com\/fr\/wp-json\/wp\/v2\/categories?post=166819"},{"taxonomy":"post_tag","embeddable":true,"href":"https:\/\/www.mondocamping.com\/fr\/wp-json\/wp\/v2\/tags?post=166819"}],"curies":[{"name":"wp","href":"https:\/\/api.w.org\/{rel}","templated":true}]}}