{"id":167232,"date":"2024-01-18T11:32:37","date_gmt":"2024-01-18T10:32:37","guid":{"rendered":"https:\/\/www.mondocamping.com\/le-tourisme-dans-les-campings-espagnols-une-analyse-de-la-basse-saison\/"},"modified":"2024-01-22T11:34:47","modified_gmt":"2024-01-22T10:34:47","slug":"le-tourisme-dans-les-campings-espagnols-une-analyse-de-la-basse-saison","status":"publish","type":"post","link":"https:\/\/www.mondocamping.com\/fr\/le-tourisme-dans-les-campings-espagnols-une-analyse-de-la-basse-saison\/","title":{"rendered":"Le tourisme dans les campings espagnols : une analyse de la basse saison"},"content":{"rendered":"\n<p>Le secteur du <strong>camping<\/strong> en <strong>Espagne<\/strong> conna\u00eet une p\u00e9riode de vitalit\u00e9 particuli\u00e8re, les statistiques attestant d&rsquo;un <strong>afflux <\/strong>constant <strong>de touristes <\/strong>m\u00eame pendant les saisons basses, l&rsquo;automne et l&rsquo;hiver. Selon<strong> Ana Beria\u00edn<\/strong>, pr\u00e9sidente de la <strong>\n  <a href=\"https:\/\/fedcamping.com\/\">F\u00e9d\u00e9ration espagnole de camping (FEEC)<\/a>\n<\/strong>les pr\u00e9visions indiquent une fermeture en 2023 d&rsquo;environ <strong>10 millions de voyageurs<\/strong> et un nombre impressionnant <strong>de 47 millions de nu<\/strong> it\u00e9es dans les campings. Un signe tangible de la solidit\u00e9 du secteur.  <\/p>\n\n<h2 class=\"wp-block-heading\">Un demi-million de campeurs suppl\u00e9mentaires en \u00e9t\u00e9<\/h2>\n\n<p>L&rsquo;\u00e9t\u00e9 a d\u00e9j\u00e0 d\u00e9montr\u00e9 la force du monde du camping espagnol, avec plus de <strong>5,2 millions de touristes enregistr\u00e9s,<\/strong> marquant une augmentation d&rsquo;<strong>un demi-million par rapport \u00e0 l&rsquo;\u00e9t\u00e9 pr\u00e9-pand\u00e9mique de 2019<\/strong>. Ces donn\u00e9es, bas\u00e9es sur les informations de l&rsquo;INE et rapport\u00e9es par la FECC, confirment une tendance positive et un retour progressif des flux touristiques.<\/p>\n\n<h2 class=\"wp-block-heading\">La basse saison espagnole stimul\u00e9e par les retrait\u00e9s<\/h2>\n\n<p>Un \u00e9l\u00e9ment crucial pour maintenir ce dynamisme pendant les mois de basse saison est le <strong>changement de profil des visiteurs<\/strong>. Alors que la fin des vacances d&rsquo;\u00e9t\u00e9 voit une diminution des familles avec enfants provenant de diff\u00e9rentes r\u00e9gions d&rsquo;Espagne, l&rsquo;automne et l&rsquo;hiver voient l&rsquo;arriv\u00e9e d&rsquo;un nouveau public : les <strong>retrait\u00e9s \u00e9trangers<\/strong> et les <strong>pr\u00e9retrait\u00e9s<\/strong>, principalement originaires des Pays-Bas, d&rsquo;Allemagne et du Royaume-Uni. Ces voyageurs, hommes et femmes \u00e2g\u00e9s de 60 \u00e0 75 ans, fuient les<strong> rigueurs hivernales <\/strong>de leur pays d&rsquo;origine \u00e0 la recherche de climats plus doux et trouvent refuge dans les campings espagnols. Utilisant des caravanes et des camping-cars, ils s\u00e9journent dans le pays d&rsquo;<strong>octobre<\/strong> \u00e0 <strong>mars<\/strong>, se d\u00e9pla\u00e7ant entre diff\u00e9rents \u00e9tablissements pour des p\u00e9riodes prolong\u00e9es. Leur capacit\u00e9 \u00e9conomique sup\u00e9rieure \u00e0 la moyenne leur permet de soutenir le secteur du tourisme, en d\u00e9pensant <strong>30 % de leur budget en camping et les 70 % restants dans les environs imm\u00e9diats <\/strong>. Ce flux financier soutient les activit\u00e9s de loisirs, les restaurants, le carburant et les visites touristiques, contribuant ainsi de mani\u00e8re significative \u00e0 l&rsquo;\u00e9conomie locale.<\/p>\n\n<h2 class=\"wp-block-heading\">750 000 campeurs \u00e9trangers attendus<\/h2>\n\n<p>Selon la FEEC, quelque <strong>750 000 campeurs \u00e9trangers<\/strong> sont attendus pendant l&rsquo;intersaison, soit une <strong>augmentation de 44 % <\/strong>par rapport \u00e0 l&rsquo;\u00e9poque de la pand\u00e9mie et presque trois fois plus qu&rsquo;il y a dix ans. Ces touristes sont essentiels pendant la basse saison, car ils permettent \u00e0 de nombreux \u00e9tablissements de poursuivre leurs activit\u00e9s et de couvrir les frais d&rsquo;entretien et de personnel. Beaucoup de ces visiteurs \u00e9trangers pr\u00e9f\u00e8rent les <strong>campings de la c\u00f4te m\u00e9diterran\u00e9enne ou du nord de la p\u00e9ninsule<\/strong>, tandis que d&rsquo;autres pr\u00e9f\u00e8rent l&rsquo;int\u00e9rieur des terres, d\u00e9sireux de d\u00e9couvrir les diff\u00e9rentes facettes culturelles et culinaires de l&rsquo;Espagne, du nord au sud et de l&rsquo;est \u00e0 l&rsquo;ouest.<\/p>\n\n<figure class=\"wp-block-embed is-type-wp-embed is-provider-mondo-camping wp-block-embed-mondo-camping\"><div class=\"wp-block-embed__wrapper\">\n<blockquote class=\"wp-embedded-content\" data-secret=\"GltgretIYF\"><a href=\"https:\/\/www.mondocamping.com\/fr\/camping-ana-beriain-feec-recompensee-en-espagne-femme-de-reference-pour-le-secteur-de-lair-libre\/\">Camping, Ana Beriain (Feec) premiata. In Spagna donna di riferimento per il settore open air<\/a><\/blockquote><iframe class=\"wp-embedded-content\" sandbox=\"allow-scripts\" security=\"restricted\" style=\"position: absolute; clip: rect(1px, 1px, 1px, 1px);\" title=\"\u00ab\u00a0Camping, Ana Beriain (Feec) premiata. In Spagna donna di riferimento per il settore open air\u00a0\u00bb &#8212; Mondo Camping\" src=\"https:\/\/www.mondocamping.com\/fr\/camping-ana-beriain-feec-recompensee-en-espagne-femme-de-reference-pour-le-secteur-de-lair-libre\/embed\/#?secret=tlpsJaVxr8#?secret=GltgretIYF\" data-secret=\"GltgretIYF\" width=\"600\" height=\"338\" frameborder=\"0\" marginwidth=\"0\" marginheight=\"0\" scrolling=\"no\"><\/iframe>\n<\/div><\/figure>\n","protected":false},"excerpt":{"rendered":"<p>Le secteur du camping en Espagne conna\u00eet une p\u00e9riode de vitalit\u00e9 particuli\u00e8re, les statistiques attestant d&rsquo;un afflux constant de touristes m\u00eame pendant les saisons basses, l&rsquo;automne et l&rsquo;hiver. Selon Ana Beria\u00edn, pr\u00e9sidente de la F\u00e9d\u00e9ration espagnole de camping (FEEC) les pr\u00e9visions indiquent une fermeture en 2023 d&rsquo;environ 10 millions de voyageurs et un nombre impressionnant [&hellip;]<\/p>\n","protected":false},"author":170,"featured_media":165767,"comment_status":"closed","ping_status":"closed","sticky":false,"template":"","format":"standard","meta":{"_acf_changed":false,"_monsterinsights_skip_tracking":false,"_monsterinsights_sitenote_active":false,"_monsterinsights_sitenote_note":"","_monsterinsights_sitenote_category":0,"footnotes":""},"categories":[4024],"tags":[4666,4189,5544,4262,5988],"class_list":["post-167232","post","type-post","status-publish","format-standard","has-post-thumbnail","hentry","category-actualite","tag-ana-beriain-fr","tag-camping-fr","tag-federation-espagnole-des-campings-feec","tag-mondo-camping-fr","tag-retraites"],"acf":[],"yoast_head":"<!-- This site is optimized with the Yoast SEO plugin v27.5 - https:\/\/yoast.com\/product\/yoast-seo-wordpress\/ -->\n<title>Le tourisme dans les campings espagnols : une analyse de la basse saison<\/title>\n<meta name=\"robots\" content=\"index, follow, max-snippet:-1, max-image-preview:large, max-video-preview:-1\" \/>\n<link rel=\"canonical\" href=\"https:\/\/www.mondocamping.com\/fr\/le-tourisme-dans-les-campings-espagnols-une-analyse-de-la-basse-saison\/\" \/>\n<meta property=\"og:locale\" content=\"fr_FR\" \/>\n<meta property=\"og:type\" content=\"article\" \/>\n<meta property=\"og:title\" content=\"Le tourisme dans les campings espagnols : une analyse de la basse saison\" \/>\n<meta property=\"og:description\" content=\"Le secteur du camping en Espagne conna\u00eet une p\u00e9riode de vitalit\u00e9 particuli\u00e8re, les statistiques attestant d&rsquo;un afflux constant de touristes m\u00eame pendant les saisons basses, l&rsquo;automne et l&rsquo;hiver. Selon Ana Beria\u00edn, pr\u00e9sidente de la F\u00e9d\u00e9ration espagnole de camping (FEEC) les pr\u00e9visions indiquent une fermeture en 2023 d&rsquo;environ 10 millions de voyageurs et un nombre impressionnant [&hellip;]\" \/>\n<meta property=\"og:url\" content=\"https:\/\/www.mondocamping.com\/fr\/le-tourisme-dans-les-campings-espagnols-une-analyse-de-la-basse-saison\/\" \/>\n<meta property=\"og:site_name\" content=\"Mondo Camping\" \/>\n<meta property=\"article:publisher\" content=\"https:\/\/www.facebook.com\/mondobalneare\" \/>\n<meta property=\"article:published_time\" content=\"2024-01-18T10:32:37+00:00\" \/>\n<meta property=\"article:modified_time\" content=\"2024-01-22T10:34:47+00:00\" \/>\n<meta property=\"og:image\" content=\"https:\/\/www.mondocamping.com\/wp-content\/uploads\/2023\/11\/Campeggio-2-1.jpeg\" \/>\n\t<meta property=\"og:image:width\" content=\"1200\" \/>\n\t<meta property=\"og:image:height\" content=\"900\" \/>\n\t<meta property=\"og:image:type\" content=\"image\/jpeg\" \/>\n<meta name=\"author\" content=\"Chiara Borzi\" \/>\n<meta name=\"twitter:card\" content=\"summary_large_image\" \/>\n<meta name=\"twitter:creator\" content=\"@mondobalneare\" \/>\n<meta name=\"twitter:site\" content=\"@mondobalneare\" \/>\n<meta name=\"twitter:label1\" content=\"\u00c9crit par\" \/>\n\t<meta name=\"twitter:data1\" content=\"Chiara Borzi\" \/>\n\t<meta name=\"twitter:label2\" content=\"Dur\u00e9e de lecture estim\u00e9e\" \/>\n\t<meta name=\"twitter:data2\" content=\"2 minutes\" \/>\n<script type=\"application\/ld+json\" class=\"yoast-schema-graph\">{\"@context\":\"https:\\\/\\\/schema.org\",\"@graph\":[{\"@type\":\"Article\",\"@id\":\"https:\\\/\\\/www.mondocamping.com\\\/fr\\\/le-tourisme-dans-les-campings-espagnols-une-analyse-de-la-basse-saison\\\/#article\",\"isPartOf\":{\"@id\":\"https:\\\/\\\/www.mondocamping.com\\\/fr\\\/le-tourisme-dans-les-campings-espagnols-une-analyse-de-la-basse-saison\\\/\"},\"author\":{\"name\":\"Chiara Borzi\",\"@id\":\"https:\\\/\\\/www.mondocamping.com\\\/#\\\/schema\\\/person\\\/e6f4a7f88cc17f5824c73f21a3fb8ee5\"},\"headline\":\"Le tourisme dans les campings espagnols : une analyse de la basse saison\",\"datePublished\":\"2024-01-18T10:32:37+00:00\",\"dateModified\":\"2024-01-22T10:34:47+00:00\",\"mainEntityOfPage\":{\"@id\":\"https:\\\/\\\/www.mondocamping.com\\\/fr\\\/le-tourisme-dans-les-campings-espagnols-une-analyse-de-la-basse-saison\\\/\"},\"wordCount\":501,\"publisher\":{\"@id\":\"https:\\\/\\\/www.mondocamping.com\\\/#organization\"},\"image\":{\"@id\":\"https:\\\/\\\/www.mondocamping.com\\\/fr\\\/le-tourisme-dans-les-campings-espagnols-une-analyse-de-la-basse-saison\\\/#primaryimage\"},\"thumbnailUrl\":\"https:\\\/\\\/www.mondocamping.com\\\/wp-content\\\/uploads\\\/2023\\\/11\\\/Campeggio-2-1.jpeg\",\"keywords\":[\"Ana Beria\u00edn\",\"camping\",\"F\u00e9d\u00e9ration espagnole des campings (FEEC)\",\"Mondo Camping\",\"retrait\u00e9s\"],\"articleSection\":[\"Actualit\u00e9\"],\"inLanguage\":\"fr-FR\"},{\"@type\":\"WebPage\",\"@id\":\"https:\\\/\\\/www.mondocamping.com\\\/fr\\\/le-tourisme-dans-les-campings-espagnols-une-analyse-de-la-basse-saison\\\/\",\"url\":\"https:\\\/\\\/www.mondocamping.com\\\/fr\\\/le-tourisme-dans-les-campings-espagnols-une-analyse-de-la-basse-saison\\\/\",\"name\":\"Le tourisme dans les campings espagnols : une analyse de la basse saison\",\"isPartOf\":{\"@id\":\"https:\\\/\\\/www.mondocamping.com\\\/#website\"},\"primaryImageOfPage\":{\"@id\":\"https:\\\/\\\/www.mondocamping.com\\\/fr\\\/le-tourisme-dans-les-campings-espagnols-une-analyse-de-la-basse-saison\\\/#primaryimage\"},\"image\":{\"@id\":\"https:\\\/\\\/www.mondocamping.com\\\/fr\\\/le-tourisme-dans-les-campings-espagnols-une-analyse-de-la-basse-saison\\\/#primaryimage\"},\"thumbnailUrl\":\"https:\\\/\\\/www.mondocamping.com\\\/wp-content\\\/uploads\\\/2023\\\/11\\\/Campeggio-2-1.jpeg\",\"datePublished\":\"2024-01-18T10:32:37+00:00\",\"dateModified\":\"2024-01-22T10:34:47+00:00\",\"breadcrumb\":{\"@id\":\"https:\\\/\\\/www.mondocamping.com\\\/fr\\\/le-tourisme-dans-les-campings-espagnols-une-analyse-de-la-basse-saison\\\/#breadcrumb\"},\"inLanguage\":\"fr-FR\",\"potentialAction\":[{\"@type\":\"ReadAction\",\"target\":[\"https:\\\/\\\/www.mondocamping.com\\\/fr\\\/le-tourisme-dans-les-campings-espagnols-une-analyse-de-la-basse-saison\\\/\"]}]},{\"@type\":\"ImageObject\",\"inLanguage\":\"fr-FR\",\"@id\":\"https:\\\/\\\/www.mondocamping.com\\\/fr\\\/le-tourisme-dans-les-campings-espagnols-une-analyse-de-la-basse-saison\\\/#primaryimage\",\"url\":\"https:\\\/\\\/www.mondocamping.com\\\/wp-content\\\/uploads\\\/2023\\\/11\\\/Campeggio-2-1.jpeg\",\"contentUrl\":\"https:\\\/\\\/www.mondocamping.com\\\/wp-content\\\/uploads\\\/2023\\\/11\\\/Campeggio-2-1.jpeg\",\"width\":1200,\"height\":900},{\"@type\":\"BreadcrumbList\",\"@id\":\"https:\\\/\\\/www.mondocamping.com\\\/fr\\\/le-tourisme-dans-les-campings-espagnols-une-analyse-de-la-basse-saison\\\/#breadcrumb\",\"itemListElement\":[{\"@type\":\"ListItem\",\"position\":1,\"name\":\"Home\",\"item\":\"https:\\\/\\\/www.mondocamping.com\\\/fr\\\/\"},{\"@type\":\"ListItem\",\"position\":2,\"name\":\"Le tourisme dans les campings espagnols : une analyse de la basse saison\"}]},{\"@type\":\"WebSite\",\"@id\":\"https:\\\/\\\/www.mondocamping.com\\\/#website\",\"url\":\"https:\\\/\\\/www.mondocamping.com\\\/\",\"name\":\"Mondo Camping\",\"description\":\"Le portail d\u00e9di\u00e9 aux gestionnaires de campings et villages touristiques\",\"publisher\":{\"@id\":\"https:\\\/\\\/www.mondocamping.com\\\/#organization\"},\"potentialAction\":[{\"@type\":\"SearchAction\",\"target\":{\"@type\":\"EntryPoint\",\"urlTemplate\":\"https:\\\/\\\/www.mondocamping.com\\\/?s={search_term_string}\"},\"query-input\":{\"@type\":\"PropertyValueSpecification\",\"valueRequired\":true,\"valueName\":\"search_term_string\"}}],\"inLanguage\":\"fr-FR\"},{\"@type\":\"Organization\",\"@id\":\"https:\\\/\\\/www.mondocamping.com\\\/#organization\",\"name\":\"Mondo Camping\",\"url\":\"https:\\\/\\\/www.mondocamping.com\\\/\",\"logo\":{\"@type\":\"ImageObject\",\"inLanguage\":\"fr-FR\",\"@id\":\"https:\\\/\\\/www.mondocamping.com\\\/#\\\/schema\\\/logo\\\/image\\\/\",\"url\":\"https:\\\/\\\/www.mondocamping.com\\\/wp-content\\\/uploads\\\/2022\\\/04\\\/mondo-camping-logo-contornato-1.png\",\"contentUrl\":\"https:\\\/\\\/www.mondocamping.com\\\/wp-content\\\/uploads\\\/2022\\\/04\\\/mondo-camping-logo-contornato-1.png\",\"width\":280,\"height\":90,\"caption\":\"Mondo Camping\"},\"image\":{\"@id\":\"https:\\\/\\\/www.mondocamping.com\\\/#\\\/schema\\\/logo\\\/image\\\/\"},\"sameAs\":[\"https:\\\/\\\/www.facebook.com\\\/mondobalneare\",\"https:\\\/\\\/x.com\\\/mondobalneare\",\"https:\\\/\\\/www.instagram.com\\\/mondobalneare\\\/\",\"https:\\\/\\\/www.linkedin.com\\\/company\\\/67180810\\\/\",\"https:\\\/\\\/www.youtube.com\\\/user\\\/mondobalnearevideo\"]},{\"@type\":\"Person\",\"@id\":\"https:\\\/\\\/www.mondocamping.com\\\/#\\\/schema\\\/person\\\/e6f4a7f88cc17f5824c73f21a3fb8ee5\",\"name\":\"Chiara Borzi\",\"image\":{\"@type\":\"ImageObject\",\"inLanguage\":\"fr-FR\",\"@id\":\"https:\\\/\\\/secure.gravatar.com\\\/avatar\\\/1270b43fb9da7c9e395e9d36a58a45aa3945e17b11f90a0475a31d73f84e4ff5?s=96&d=mm&r=g\",\"url\":\"https:\\\/\\\/secure.gravatar.com\\\/avatar\\\/1270b43fb9da7c9e395e9d36a58a45aa3945e17b11f90a0475a31d73f84e4ff5?s=96&d=mm&r=g\",\"contentUrl\":\"https:\\\/\\\/secure.gravatar.com\\\/avatar\\\/1270b43fb9da7c9e395e9d36a58a45aa3945e17b11f90a0475a31d73f84e4ff5?s=96&d=mm&r=g\",\"caption\":\"Chiara Borzi\"}}]}<\/script>\n<!-- \/ Yoast SEO plugin. -->","yoast_head_json":{"title":"Le tourisme dans les campings espagnols : une analyse de la basse saison","robots":{"index":"index","follow":"follow","max-snippet":"max-snippet:-1","max-image-preview":"max-image-preview:large","max-video-preview":"max-video-preview:-1"},"canonical":"https:\/\/www.mondocamping.com\/fr\/le-tourisme-dans-les-campings-espagnols-une-analyse-de-la-basse-saison\/","og_locale":"fr_FR","og_type":"article","og_title":"Le tourisme dans les campings espagnols : une analyse de la basse saison","og_description":"Le secteur du camping en Espagne conna\u00eet une p\u00e9riode de vitalit\u00e9 particuli\u00e8re, les statistiques attestant d&rsquo;un afflux constant de touristes m\u00eame pendant les saisons basses, l&rsquo;automne et l&rsquo;hiver. Selon Ana Beria\u00edn, pr\u00e9sidente de la F\u00e9d\u00e9ration espagnole de camping (FEEC) les pr\u00e9visions indiquent une fermeture en 2023 d&rsquo;environ 10 millions de voyageurs et un nombre impressionnant [&hellip;]","og_url":"https:\/\/www.mondocamping.com\/fr\/le-tourisme-dans-les-campings-espagnols-une-analyse-de-la-basse-saison\/","og_site_name":"Mondo Camping","article_publisher":"https:\/\/www.facebook.com\/mondobalneare","article_published_time":"2024-01-18T10:32:37+00:00","article_modified_time":"2024-01-22T10:34:47+00:00","og_image":[{"width":1200,"height":900,"url":"https:\/\/www.mondocamping.com\/wp-content\/uploads\/2023\/11\/Campeggio-2-1.jpeg","type":"image\/jpeg"}],"author":"Chiara Borzi","twitter_card":"summary_large_image","twitter_creator":"@mondobalneare","twitter_site":"@mondobalneare","twitter_misc":{"\u00c9crit par":"Chiara Borzi","Dur\u00e9e de lecture estim\u00e9e":"2 minutes"},"schema":{"@context":"https:\/\/schema.org","@graph":[{"@type":"Article","@id":"https:\/\/www.mondocamping.com\/fr\/le-tourisme-dans-les-campings-espagnols-une-analyse-de-la-basse-saison\/#article","isPartOf":{"@id":"https:\/\/www.mondocamping.com\/fr\/le-tourisme-dans-les-campings-espagnols-une-analyse-de-la-basse-saison\/"},"author":{"name":"Chiara Borzi","@id":"https:\/\/www.mondocamping.com\/#\/schema\/person\/e6f4a7f88cc17f5824c73f21a3fb8ee5"},"headline":"Le tourisme dans les campings espagnols : une analyse de la basse saison","datePublished":"2024-01-18T10:32:37+00:00","dateModified":"2024-01-22T10:34:47+00:00","mainEntityOfPage":{"@id":"https:\/\/www.mondocamping.com\/fr\/le-tourisme-dans-les-campings-espagnols-une-analyse-de-la-basse-saison\/"},"wordCount":501,"publisher":{"@id":"https:\/\/www.mondocamping.com\/#organization"},"image":{"@id":"https:\/\/www.mondocamping.com\/fr\/le-tourisme-dans-les-campings-espagnols-une-analyse-de-la-basse-saison\/#primaryimage"},"thumbnailUrl":"https:\/\/www.mondocamping.com\/wp-content\/uploads\/2023\/11\/Campeggio-2-1.jpeg","keywords":["Ana Beria\u00edn","camping","F\u00e9d\u00e9ration espagnole des campings (FEEC)","Mondo Camping","retrait\u00e9s"],"articleSection":["Actualit\u00e9"],"inLanguage":"fr-FR"},{"@type":"WebPage","@id":"https:\/\/www.mondocamping.com\/fr\/le-tourisme-dans-les-campings-espagnols-une-analyse-de-la-basse-saison\/","url":"https:\/\/www.mondocamping.com\/fr\/le-tourisme-dans-les-campings-espagnols-une-analyse-de-la-basse-saison\/","name":"Le tourisme dans les campings espagnols : une analyse de la basse saison","isPartOf":{"@id":"https:\/\/www.mondocamping.com\/#website"},"primaryImageOfPage":{"@id":"https:\/\/www.mondocamping.com\/fr\/le-tourisme-dans-les-campings-espagnols-une-analyse-de-la-basse-saison\/#primaryimage"},"image":{"@id":"https:\/\/www.mondocamping.com\/fr\/le-tourisme-dans-les-campings-espagnols-une-analyse-de-la-basse-saison\/#primaryimage"},"thumbnailUrl":"https:\/\/www.mondocamping.com\/wp-content\/uploads\/2023\/11\/Campeggio-2-1.jpeg","datePublished":"2024-01-18T10:32:37+00:00","dateModified":"2024-01-22T10:34:47+00:00","breadcrumb":{"@id":"https:\/\/www.mondocamping.com\/fr\/le-tourisme-dans-les-campings-espagnols-une-analyse-de-la-basse-saison\/#breadcrumb"},"inLanguage":"fr-FR","potentialAction":[{"@type":"ReadAction","target":["https:\/\/www.mondocamping.com\/fr\/le-tourisme-dans-les-campings-espagnols-une-analyse-de-la-basse-saison\/"]}]},{"@type":"ImageObject","inLanguage":"fr-FR","@id":"https:\/\/www.mondocamping.com\/fr\/le-tourisme-dans-les-campings-espagnols-une-analyse-de-la-basse-saison\/#primaryimage","url":"https:\/\/www.mondocamping.com\/wp-content\/uploads\/2023\/11\/Campeggio-2-1.jpeg","contentUrl":"https:\/\/www.mondocamping.com\/wp-content\/uploads\/2023\/11\/Campeggio-2-1.jpeg","width":1200,"height":900},{"@type":"BreadcrumbList","@id":"https:\/\/www.mondocamping.com\/fr\/le-tourisme-dans-les-campings-espagnols-une-analyse-de-la-basse-saison\/#breadcrumb","itemListElement":[{"@type":"ListItem","position":1,"name":"Home","item":"https:\/\/www.mondocamping.com\/fr\/"},{"@type":"ListItem","position":2,"name":"Le tourisme dans les campings espagnols : une analyse de la basse saison"}]},{"@type":"WebSite","@id":"https:\/\/www.mondocamping.com\/#website","url":"https:\/\/www.mondocamping.com\/","name":"Mondo Camping","description":"Le portail d\u00e9di\u00e9 aux gestionnaires de campings et villages touristiques","publisher":{"@id":"https:\/\/www.mondocamping.com\/#organization"},"potentialAction":[{"@type":"SearchAction","target":{"@type":"EntryPoint","urlTemplate":"https:\/\/www.mondocamping.com\/?s={search_term_string}"},"query-input":{"@type":"PropertyValueSpecification","valueRequired":true,"valueName":"search_term_string"}}],"inLanguage":"fr-FR"},{"@type":"Organization","@id":"https:\/\/www.mondocamping.com\/#organization","name":"Mondo Camping","url":"https:\/\/www.mondocamping.com\/","logo":{"@type":"ImageObject","inLanguage":"fr-FR","@id":"https:\/\/www.mondocamping.com\/#\/schema\/logo\/image\/","url":"https:\/\/www.mondocamping.com\/wp-content\/uploads\/2022\/04\/mondo-camping-logo-contornato-1.png","contentUrl":"https:\/\/www.mondocamping.com\/wp-content\/uploads\/2022\/04\/mondo-camping-logo-contornato-1.png","width":280,"height":90,"caption":"Mondo Camping"},"image":{"@id":"https:\/\/www.mondocamping.com\/#\/schema\/logo\/image\/"},"sameAs":["https:\/\/www.facebook.com\/mondobalneare","https:\/\/x.com\/mondobalneare","https:\/\/www.instagram.com\/mondobalneare\/","https:\/\/www.linkedin.com\/company\/67180810\/","https:\/\/www.youtube.com\/user\/mondobalnearevideo"]},{"@type":"Person","@id":"https:\/\/www.mondocamping.com\/#\/schema\/person\/e6f4a7f88cc17f5824c73f21a3fb8ee5","name":"Chiara Borzi","image":{"@type":"ImageObject","inLanguage":"fr-FR","@id":"https:\/\/secure.gravatar.com\/avatar\/1270b43fb9da7c9e395e9d36a58a45aa3945e17b11f90a0475a31d73f84e4ff5?s=96&d=mm&r=g","url":"https:\/\/secure.gravatar.com\/avatar\/1270b43fb9da7c9e395e9d36a58a45aa3945e17b11f90a0475a31d73f84e4ff5?s=96&d=mm&r=g","contentUrl":"https:\/\/secure.gravatar.com\/avatar\/1270b43fb9da7c9e395e9d36a58a45aa3945e17b11f90a0475a31d73f84e4ff5?s=96&d=mm&r=g","caption":"Chiara Borzi"}}]}},"_links":{"self":[{"href":"https:\/\/www.mondocamping.com\/fr\/wp-json\/wp\/v2\/posts\/167232","targetHints":{"allow":["GET"]}}],"collection":[{"href":"https:\/\/www.mondocamping.com\/fr\/wp-json\/wp\/v2\/posts"}],"about":[{"href":"https:\/\/www.mondocamping.com\/fr\/wp-json\/wp\/v2\/types\/post"}],"author":[{"embeddable":true,"href":"https:\/\/www.mondocamping.com\/fr\/wp-json\/wp\/v2\/users\/170"}],"replies":[{"embeddable":true,"href":"https:\/\/www.mondocamping.com\/fr\/wp-json\/wp\/v2\/comments?post=167232"}],"version-history":[{"count":1,"href":"https:\/\/www.mondocamping.com\/fr\/wp-json\/wp\/v2\/posts\/167232\/revisions"}],"predecessor-version":[{"id":167233,"href":"https:\/\/www.mondocamping.com\/fr\/wp-json\/wp\/v2\/posts\/167232\/revisions\/167233"}],"wp:featuredmedia":[{"embeddable":true,"href":"https:\/\/www.mondocamping.com\/fr\/wp-json\/wp\/v2\/media\/165767"}],"wp:attachment":[{"href":"https:\/\/www.mondocamping.com\/fr\/wp-json\/wp\/v2\/media?parent=167232"}],"wp:term":[{"taxonomy":"category","embeddable":true,"href":"https:\/\/www.mondocamping.com\/fr\/wp-json\/wp\/v2\/categories?post=167232"},{"taxonomy":"post_tag","embeddable":true,"href":"https:\/\/www.mondocamping.com\/fr\/wp-json\/wp\/v2\/tags?post=167232"}],"curies":[{"name":"wp","href":"https:\/\/api.w.org\/{rel}","templated":true}]}}