{"id":168054,"date":"2024-03-15T15:19:55","date_gmt":"2024-03-15T14:19:55","guid":{"rendered":"https:\/\/www.mondocamping.com\/gio-stemar-verandas-en-bois-deucalyptus-voici-pourquoi-les-choisir\/"},"modified":"2024-03-15T15:30:16","modified_gmt":"2024-03-15T14:30:16","slug":"gio-stemar-verandas-en-bois-deucalyptus-voici-pourquoi-les-choisir","status":"publish","type":"post","link":"https:\/\/www.mondocamping.com\/fr\/gio-stemar-verandas-en-bois-deucalyptus-voici-pourquoi-les-choisir\/","title":{"rendered":"Gio Stemar : v\u00e9randas en bois d&rsquo;eucalyptus, voici pourquoi les choisir"},"content":{"rendered":"\n<p>Les mots d&rsquo;ordre en pr\u00e9vision de l&rsquo;\u00e9t\u00e9 : abri et fra\u00eecheur. Il est impossible d&rsquo;ignorer ces deux n\u00e9cessit\u00e9s, c&rsquo;est pourquoi <strong>Gio Stemar<\/strong>, entreprise leader du secteur pr\u00e9sente sur le march\u00e9 depuis 1996, se concentre sur les <strong>v\u00e9randas en eucalyptus<\/strong>, parfaites pour les campings de derni\u00e8re g\u00e9n\u00e9ration qui souhaitent offrir un maximum de confort et de bien-\u00eatre \u00e0 leurs h\u00f4tes.  <\/p>\n\n<p>Mais quel est le secret de ce type de bois ? Pourquoi le choisir pour les v\u00e9randas des campings et des <em>mobil-homes<\/em>? L&rsquo;<strong>eucalyptus<\/strong> a parcouru un long chemin depuis son pays d&rsquo;origine, l&rsquo;Australie. Sous le soleil br\u00fblant de l&rsquo;<em>\u00eele-continent<\/em>isol\u00e9e de<em>\u00ab\u00a0down-under<\/em>\u00ab\u00a0, comme l&rsquo;appellent les habitants, cet arbre a forg\u00e9 son \u00e9corce au fil des mill\u00e9naires.  <\/p>\n\n<p>Esp\u00e8ce r\u00e9sistante, capable de supporter une chaleur extr\u00eame et m\u00eame le feu. L&rsquo;eucalyptus pousse dans des climats chauds et impitoyables, et prosp\u00e8re dans une grande partie du monde aujourd&rsquo;hui, offrant un bois de haute qualit\u00e9 avec un grand potentiel : il est adapt\u00e9 aux temp\u00e9ratures \u00e9lev\u00e9es, flexible et facile \u00e0 traiter, \u00e0 couper, \u00e0 poncer, \u00e0 polir et \u00e0 finir. De plus, il est r\u00e9sistant aux termites et autres insectes. Respirant et r\u00e9sistant, le bois d&rsquo;eucalyptus est la solution id\u00e9ale pour les v\u00e9randas de <strong>Gio Stemar <\/strong>.  <\/p>\n<div class=\"wp-block-image\">\n<figure class=\"aligncenter size-large\"><img fetchpriority=\"high\" decoding=\"async\" width=\"1024\" height=\"536\" src=\"https:\/\/www.mondocamping.com\/wp-content\/uploads\/2024\/03\/IMG_1566-2-1024x536.jpg\" alt=\"\" class=\"wp-image-168038\" srcset=\"https:\/\/www.mondocamping.com\/wp-content\/uploads\/2024\/03\/IMG_1566-2-1024x536.jpg 1024w, https:\/\/www.mondocamping.com\/wp-content\/uploads\/2024\/03\/IMG_1566-2-300x157.jpg 300w, https:\/\/www.mondocamping.com\/wp-content\/uploads\/2024\/03\/IMG_1566-2-768x402.jpg 768w, https:\/\/www.mondocamping.com\/wp-content\/uploads\/2024\/03\/IMG_1566-2.jpg 1200w\" sizes=\"(max-width: 1024px) 100vw, 1024px\" \/><\/figure>\n<\/div>\n<h2 class=\"wp-block-heading\">V\u00e9randas en bois d&rsquo;eucalyptus<\/h2>\n\n<p><strong>Flavio Settin, directeur de Gio Stemar<\/strong>, explique pourquoi une v\u00e9randa en eucalyptus peut faire la diff\u00e9rence.<em>L&rsquo;int\u00e9gration d&rsquo;une v\u00e9randa en bois d&rsquo;eucalyptus dans un b\u00e2timent\/une pi\u00e8ce modifie la physionomie de la structure et offre \u00e9galement un espace ext\u00e9rieur abrit\u00e9 du soleil et en m\u00eame temps ventil\u00e9. \u00ab\u00a0La caract\u00e9ristique du bois d&rsquo;eucalyptus est l&rsquo;utilisation des diff\u00e9rents composants en bois brut, et les toits sont g\u00e9n\u00e9ralement constitu\u00e9s de panneaux de bois d&rsquo;eucalyptus disponibles en diff\u00e9rentes tailles, d&rsquo;une \u00e9paisseur de 25\/32 mm, assembl\u00e9s par des tiges m\u00e9talliques traversantes ou par la fixation directe des diff\u00e9rents poteaux.<\/em><\/p>\n\n<p>La qualit\u00e9 et la polyvalence du bois, mais aussi l&rsquo;aspect final qu&rsquo;il donne \u00e0 la structure : une v\u00e9randa au style unique. L&rsquo;entreprise s&rsquo;est toujours distingu\u00e9e par ses propositions raffin\u00e9es qui \u00e9voquent des inspirations exotiques sans sacrifier les lignes modernes et la praticit\u00e9 indispensables au monde du camping.  <\/p>\n\n<div class=\"wp-block-buttons is-layout-flex wp-block-buttons-is-layout-flex\">\n<div class=\"wp-block-button\"><a class=\"wp-block-button__link wp-element-button\" href=\"https:\/\/giostemar.it\" target=\"_blank\" rel=\"noreferrer noopener\">Visiter le site<\/a><\/div>\n<\/div>\n","protected":false},"excerpt":{"rendered":"<p>Les mots d&rsquo;ordre en pr\u00e9vision de l&rsquo;\u00e9t\u00e9 : abri et fra\u00eecheur. Il est impossible d&rsquo;ignorer ces deux n\u00e9cessit\u00e9s, c&rsquo;est pourquoi Gio Stemar, entreprise leader du secteur pr\u00e9sente sur le march\u00e9 depuis 1996, se concentre sur les v\u00e9randas en eucalyptus, parfaites pour les campings de derni\u00e8re g\u00e9n\u00e9ration qui souhaitent offrir un maximum de confort et de [&hellip;]<\/p>\n","protected":false},"author":75,"featured_media":168043,"comment_status":"closed","ping_status":"closed","sticky":false,"template":"","format":"standard","meta":{"_acf_changed":false,"_monsterinsights_skip_tracking":false,"_monsterinsights_sitenote_active":false,"_monsterinsights_sitenote_note":"","_monsterinsights_sitenote_category":0,"footnotes":""},"categories":[4022],"tags":[4210,6148,6147,4262,4079,6149],"class_list":["post-168054","post","type-post","status-publish","format-standard","has-post-thumbnail","hentry","category-editoriaux","tag-camping-fr-2","tag-eucalyptus-fr","tag-gio-stemar-fr-2","tag-mondo-camping-fr","tag-tourisme-de-plein-air","tag-verandas-fr"],"acf":[],"yoast_head":"<!-- This site is optimized with the Yoast SEO plugin v27.5 - https:\/\/yoast.com\/product\/yoast-seo-wordpress\/ -->\n<title>Gio Stemar : v\u00e9randas en bois d&#039;eucalyptus, voici pourquoi les choisir<\/title>\n<meta name=\"robots\" content=\"index, follow, max-snippet:-1, max-image-preview:large, max-video-preview:-1\" \/>\n<link rel=\"canonical\" href=\"https:\/\/www.mondocamping.com\/fr\/gio-stemar-verandas-en-bois-deucalyptus-voici-pourquoi-les-choisir\/\" \/>\n<meta property=\"og:locale\" content=\"fr_FR\" \/>\n<meta property=\"og:type\" content=\"article\" \/>\n<meta property=\"og:title\" content=\"Gio Stemar : v\u00e9randas en bois d&#039;eucalyptus, voici pourquoi les choisir\" \/>\n<meta property=\"og:description\" content=\"Les mots d&rsquo;ordre en pr\u00e9vision de l&rsquo;\u00e9t\u00e9 : abri et fra\u00eecheur. Il est impossible d&rsquo;ignorer ces deux n\u00e9cessit\u00e9s, c&rsquo;est pourquoi Gio Stemar, entreprise leader du secteur pr\u00e9sente sur le march\u00e9 depuis 1996, se concentre sur les v\u00e9randas en eucalyptus, parfaites pour les campings de derni\u00e8re g\u00e9n\u00e9ration qui souhaitent offrir un maximum de confort et de [&hellip;]\" \/>\n<meta property=\"og:url\" content=\"https:\/\/www.mondocamping.com\/fr\/gio-stemar-verandas-en-bois-deucalyptus-voici-pourquoi-les-choisir\/\" \/>\n<meta property=\"og:site_name\" content=\"Mondo Camping\" \/>\n<meta property=\"article:publisher\" content=\"https:\/\/www.facebook.com\/mondobalneare\" \/>\n<meta property=\"article:published_time\" content=\"2024-03-15T14:19:55+00:00\" \/>\n<meta property=\"article:modified_time\" content=\"2024-03-15T14:30:16+00:00\" \/>\n<meta property=\"og:image\" content=\"https:\/\/www.mondocamping.com\/wp-content\/uploads\/2024\/03\/IMG_0198-2.jpg\" \/>\n\t<meta property=\"og:image:width\" content=\"1200\" \/>\n\t<meta property=\"og:image:height\" content=\"628\" \/>\n\t<meta property=\"og:image:type\" content=\"image\/jpeg\" \/>\n<meta name=\"author\" content=\"Gio Stemar\" \/>\n<meta name=\"twitter:card\" content=\"summary_large_image\" \/>\n<meta name=\"twitter:creator\" content=\"@mondobalneare\" \/>\n<meta name=\"twitter:site\" content=\"@mondobalneare\" \/>\n<meta name=\"twitter:label1\" content=\"\u00c9crit par\" \/>\n\t<meta name=\"twitter:data1\" content=\"Gio Stemar\" \/>\n\t<meta name=\"twitter:label2\" content=\"Dur\u00e9e de lecture estim\u00e9e\" \/>\n\t<meta name=\"twitter:data2\" content=\"2 minutes\" \/>\n<script type=\"application\/ld+json\" class=\"yoast-schema-graph\">{\"@context\":\"https:\\\/\\\/schema.org\",\"@graph\":[{\"@type\":\"Article\",\"@id\":\"https:\\\/\\\/www.mondocamping.com\\\/fr\\\/gio-stemar-verandas-en-bois-deucalyptus-voici-pourquoi-les-choisir\\\/#article\",\"isPartOf\":{\"@id\":\"https:\\\/\\\/www.mondocamping.com\\\/fr\\\/gio-stemar-verandas-en-bois-deucalyptus-voici-pourquoi-les-choisir\\\/\"},\"author\":{\"name\":\"Gio Stemar\",\"@id\":\"https:\\\/\\\/www.mondocamping.com\\\/#\\\/schema\\\/person\\\/fea6cb743a1f94214785609ceabc30de\"},\"headline\":\"Gio Stemar : v\u00e9randas en bois d&rsquo;eucalyptus, voici pourquoi les choisir\",\"datePublished\":\"2024-03-15T14:19:55+00:00\",\"dateModified\":\"2024-03-15T14:30:16+00:00\",\"mainEntityOfPage\":{\"@id\":\"https:\\\/\\\/www.mondocamping.com\\\/fr\\\/gio-stemar-verandas-en-bois-deucalyptus-voici-pourquoi-les-choisir\\\/\"},\"wordCount\":419,\"publisher\":{\"@id\":\"https:\\\/\\\/www.mondocamping.com\\\/#organization\"},\"image\":{\"@id\":\"https:\\\/\\\/www.mondocamping.com\\\/fr\\\/gio-stemar-verandas-en-bois-deucalyptus-voici-pourquoi-les-choisir\\\/#primaryimage\"},\"thumbnailUrl\":\"https:\\\/\\\/www.mondocamping.com\\\/wp-content\\\/uploads\\\/2024\\\/03\\\/IMG_0198-2.jpg\",\"keywords\":[\"camping\",\"Eucalyptus\",\"Gio Stemar\",\"Mondo Camping\",\"Tourisme de plein air\",\"v\u00e9randas\"],\"articleSection\":[\"\u00c9ditoriaux\"],\"inLanguage\":\"fr-FR\"},{\"@type\":\"WebPage\",\"@id\":\"https:\\\/\\\/www.mondocamping.com\\\/fr\\\/gio-stemar-verandas-en-bois-deucalyptus-voici-pourquoi-les-choisir\\\/\",\"url\":\"https:\\\/\\\/www.mondocamping.com\\\/fr\\\/gio-stemar-verandas-en-bois-deucalyptus-voici-pourquoi-les-choisir\\\/\",\"name\":\"Gio Stemar : v\u00e9randas en bois d'eucalyptus, voici pourquoi les choisir\",\"isPartOf\":{\"@id\":\"https:\\\/\\\/www.mondocamping.com\\\/#website\"},\"primaryImageOfPage\":{\"@id\":\"https:\\\/\\\/www.mondocamping.com\\\/fr\\\/gio-stemar-verandas-en-bois-deucalyptus-voici-pourquoi-les-choisir\\\/#primaryimage\"},\"image\":{\"@id\":\"https:\\\/\\\/www.mondocamping.com\\\/fr\\\/gio-stemar-verandas-en-bois-deucalyptus-voici-pourquoi-les-choisir\\\/#primaryimage\"},\"thumbnailUrl\":\"https:\\\/\\\/www.mondocamping.com\\\/wp-content\\\/uploads\\\/2024\\\/03\\\/IMG_0198-2.jpg\",\"datePublished\":\"2024-03-15T14:19:55+00:00\",\"dateModified\":\"2024-03-15T14:30:16+00:00\",\"breadcrumb\":{\"@id\":\"https:\\\/\\\/www.mondocamping.com\\\/fr\\\/gio-stemar-verandas-en-bois-deucalyptus-voici-pourquoi-les-choisir\\\/#breadcrumb\"},\"inLanguage\":\"fr-FR\",\"potentialAction\":[{\"@type\":\"ReadAction\",\"target\":[\"https:\\\/\\\/www.mondocamping.com\\\/fr\\\/gio-stemar-verandas-en-bois-deucalyptus-voici-pourquoi-les-choisir\\\/\"]}]},{\"@type\":\"ImageObject\",\"inLanguage\":\"fr-FR\",\"@id\":\"https:\\\/\\\/www.mondocamping.com\\\/fr\\\/gio-stemar-verandas-en-bois-deucalyptus-voici-pourquoi-les-choisir\\\/#primaryimage\",\"url\":\"https:\\\/\\\/www.mondocamping.com\\\/wp-content\\\/uploads\\\/2024\\\/03\\\/IMG_0198-2.jpg\",\"contentUrl\":\"https:\\\/\\\/www.mondocamping.com\\\/wp-content\\\/uploads\\\/2024\\\/03\\\/IMG_0198-2.jpg\",\"width\":1200,\"height\":628},{\"@type\":\"BreadcrumbList\",\"@id\":\"https:\\\/\\\/www.mondocamping.com\\\/fr\\\/gio-stemar-verandas-en-bois-deucalyptus-voici-pourquoi-les-choisir\\\/#breadcrumb\",\"itemListElement\":[{\"@type\":\"ListItem\",\"position\":1,\"name\":\"Home\",\"item\":\"https:\\\/\\\/www.mondocamping.com\\\/fr\\\/\"},{\"@type\":\"ListItem\",\"position\":2,\"name\":\"Gio Stemar : v\u00e9randas en bois d&#8217;eucalyptus, voici pourquoi les choisir\"}]},{\"@type\":\"WebSite\",\"@id\":\"https:\\\/\\\/www.mondocamping.com\\\/#website\",\"url\":\"https:\\\/\\\/www.mondocamping.com\\\/\",\"name\":\"Mondo Camping\",\"description\":\"Le portail d\u00e9di\u00e9 aux gestionnaires de campings et villages touristiques\",\"publisher\":{\"@id\":\"https:\\\/\\\/www.mondocamping.com\\\/#organization\"},\"potentialAction\":[{\"@type\":\"SearchAction\",\"target\":{\"@type\":\"EntryPoint\",\"urlTemplate\":\"https:\\\/\\\/www.mondocamping.com\\\/?s={search_term_string}\"},\"query-input\":{\"@type\":\"PropertyValueSpecification\",\"valueRequired\":true,\"valueName\":\"search_term_string\"}}],\"inLanguage\":\"fr-FR\"},{\"@type\":\"Organization\",\"@id\":\"https:\\\/\\\/www.mondocamping.com\\\/#organization\",\"name\":\"Mondo Camping\",\"url\":\"https:\\\/\\\/www.mondocamping.com\\\/\",\"logo\":{\"@type\":\"ImageObject\",\"inLanguage\":\"fr-FR\",\"@id\":\"https:\\\/\\\/www.mondocamping.com\\\/#\\\/schema\\\/logo\\\/image\\\/\",\"url\":\"https:\\\/\\\/www.mondocamping.com\\\/wp-content\\\/uploads\\\/2022\\\/04\\\/mondo-camping-logo-contornato-1.png\",\"contentUrl\":\"https:\\\/\\\/www.mondocamping.com\\\/wp-content\\\/uploads\\\/2022\\\/04\\\/mondo-camping-logo-contornato-1.png\",\"width\":280,\"height\":90,\"caption\":\"Mondo Camping\"},\"image\":{\"@id\":\"https:\\\/\\\/www.mondocamping.com\\\/#\\\/schema\\\/logo\\\/image\\\/\"},\"sameAs\":[\"https:\\\/\\\/www.facebook.com\\\/mondobalneare\",\"https:\\\/\\\/x.com\\\/mondobalneare\",\"https:\\\/\\\/www.instagram.com\\\/mondobalneare\\\/\",\"https:\\\/\\\/www.linkedin.com\\\/company\\\/67180810\\\/\",\"https:\\\/\\\/www.youtube.com\\\/user\\\/mondobalnearevideo\"]},{\"@type\":\"Person\",\"@id\":\"https:\\\/\\\/www.mondocamping.com\\\/#\\\/schema\\\/person\\\/fea6cb743a1f94214785609ceabc30de\",\"name\":\"Gio Stemar\",\"image\":{\"@type\":\"ImageObject\",\"inLanguage\":\"fr-FR\",\"@id\":\"https:\\\/\\\/www.mondocamping.com\\\/wp-content\\\/uploads\\\/2019\\\/06\\\/GIOSTEMAR-100x100.jpg\",\"url\":\"https:\\\/\\\/www.mondocamping.com\\\/wp-content\\\/uploads\\\/2019\\\/06\\\/GIOSTEMAR-100x100.jpg\",\"contentUrl\":\"https:\\\/\\\/www.mondocamping.com\\\/wp-content\\\/uploads\\\/2019\\\/06\\\/GIOSTEMAR-100x100.jpg\",\"caption\":\"Gio Stemar\"},\"description\":\"Tel. 0424 382821\"}]}<\/script>\n<!-- \/ Yoast SEO plugin. -->","yoast_head_json":{"title":"Gio Stemar : v\u00e9randas en bois d'eucalyptus, voici pourquoi les choisir","robots":{"index":"index","follow":"follow","max-snippet":"max-snippet:-1","max-image-preview":"max-image-preview:large","max-video-preview":"max-video-preview:-1"},"canonical":"https:\/\/www.mondocamping.com\/fr\/gio-stemar-verandas-en-bois-deucalyptus-voici-pourquoi-les-choisir\/","og_locale":"fr_FR","og_type":"article","og_title":"Gio Stemar : v\u00e9randas en bois d'eucalyptus, voici pourquoi les choisir","og_description":"Les mots d&rsquo;ordre en pr\u00e9vision de l&rsquo;\u00e9t\u00e9 : abri et fra\u00eecheur. Il est impossible d&rsquo;ignorer ces deux n\u00e9cessit\u00e9s, c&rsquo;est pourquoi Gio Stemar, entreprise leader du secteur pr\u00e9sente sur le march\u00e9 depuis 1996, se concentre sur les v\u00e9randas en eucalyptus, parfaites pour les campings de derni\u00e8re g\u00e9n\u00e9ration qui souhaitent offrir un maximum de confort et de [&hellip;]","og_url":"https:\/\/www.mondocamping.com\/fr\/gio-stemar-verandas-en-bois-deucalyptus-voici-pourquoi-les-choisir\/","og_site_name":"Mondo Camping","article_publisher":"https:\/\/www.facebook.com\/mondobalneare","article_published_time":"2024-03-15T14:19:55+00:00","article_modified_time":"2024-03-15T14:30:16+00:00","og_image":[{"width":1200,"height":628,"url":"https:\/\/www.mondocamping.com\/wp-content\/uploads\/2024\/03\/IMG_0198-2.jpg","type":"image\/jpeg"}],"author":"Gio Stemar","twitter_card":"summary_large_image","twitter_creator":"@mondobalneare","twitter_site":"@mondobalneare","twitter_misc":{"\u00c9crit par":"Gio Stemar","Dur\u00e9e de lecture estim\u00e9e":"2 minutes"},"schema":{"@context":"https:\/\/schema.org","@graph":[{"@type":"Article","@id":"https:\/\/www.mondocamping.com\/fr\/gio-stemar-verandas-en-bois-deucalyptus-voici-pourquoi-les-choisir\/#article","isPartOf":{"@id":"https:\/\/www.mondocamping.com\/fr\/gio-stemar-verandas-en-bois-deucalyptus-voici-pourquoi-les-choisir\/"},"author":{"name":"Gio Stemar","@id":"https:\/\/www.mondocamping.com\/#\/schema\/person\/fea6cb743a1f94214785609ceabc30de"},"headline":"Gio Stemar : v\u00e9randas en bois d&rsquo;eucalyptus, voici pourquoi les choisir","datePublished":"2024-03-15T14:19:55+00:00","dateModified":"2024-03-15T14:30:16+00:00","mainEntityOfPage":{"@id":"https:\/\/www.mondocamping.com\/fr\/gio-stemar-verandas-en-bois-deucalyptus-voici-pourquoi-les-choisir\/"},"wordCount":419,"publisher":{"@id":"https:\/\/www.mondocamping.com\/#organization"},"image":{"@id":"https:\/\/www.mondocamping.com\/fr\/gio-stemar-verandas-en-bois-deucalyptus-voici-pourquoi-les-choisir\/#primaryimage"},"thumbnailUrl":"https:\/\/www.mondocamping.com\/wp-content\/uploads\/2024\/03\/IMG_0198-2.jpg","keywords":["camping","Eucalyptus","Gio Stemar","Mondo Camping","Tourisme de plein air","v\u00e9randas"],"articleSection":["\u00c9ditoriaux"],"inLanguage":"fr-FR"},{"@type":"WebPage","@id":"https:\/\/www.mondocamping.com\/fr\/gio-stemar-verandas-en-bois-deucalyptus-voici-pourquoi-les-choisir\/","url":"https:\/\/www.mondocamping.com\/fr\/gio-stemar-verandas-en-bois-deucalyptus-voici-pourquoi-les-choisir\/","name":"Gio Stemar : v\u00e9randas en bois d'eucalyptus, voici pourquoi les choisir","isPartOf":{"@id":"https:\/\/www.mondocamping.com\/#website"},"primaryImageOfPage":{"@id":"https:\/\/www.mondocamping.com\/fr\/gio-stemar-verandas-en-bois-deucalyptus-voici-pourquoi-les-choisir\/#primaryimage"},"image":{"@id":"https:\/\/www.mondocamping.com\/fr\/gio-stemar-verandas-en-bois-deucalyptus-voici-pourquoi-les-choisir\/#primaryimage"},"thumbnailUrl":"https:\/\/www.mondocamping.com\/wp-content\/uploads\/2024\/03\/IMG_0198-2.jpg","datePublished":"2024-03-15T14:19:55+00:00","dateModified":"2024-03-15T14:30:16+00:00","breadcrumb":{"@id":"https:\/\/www.mondocamping.com\/fr\/gio-stemar-verandas-en-bois-deucalyptus-voici-pourquoi-les-choisir\/#breadcrumb"},"inLanguage":"fr-FR","potentialAction":[{"@type":"ReadAction","target":["https:\/\/www.mondocamping.com\/fr\/gio-stemar-verandas-en-bois-deucalyptus-voici-pourquoi-les-choisir\/"]}]},{"@type":"ImageObject","inLanguage":"fr-FR","@id":"https:\/\/www.mondocamping.com\/fr\/gio-stemar-verandas-en-bois-deucalyptus-voici-pourquoi-les-choisir\/#primaryimage","url":"https:\/\/www.mondocamping.com\/wp-content\/uploads\/2024\/03\/IMG_0198-2.jpg","contentUrl":"https:\/\/www.mondocamping.com\/wp-content\/uploads\/2024\/03\/IMG_0198-2.jpg","width":1200,"height":628},{"@type":"BreadcrumbList","@id":"https:\/\/www.mondocamping.com\/fr\/gio-stemar-verandas-en-bois-deucalyptus-voici-pourquoi-les-choisir\/#breadcrumb","itemListElement":[{"@type":"ListItem","position":1,"name":"Home","item":"https:\/\/www.mondocamping.com\/fr\/"},{"@type":"ListItem","position":2,"name":"Gio Stemar : v\u00e9randas en bois d&#8217;eucalyptus, voici pourquoi les choisir"}]},{"@type":"WebSite","@id":"https:\/\/www.mondocamping.com\/#website","url":"https:\/\/www.mondocamping.com\/","name":"Mondo Camping","description":"Le portail d\u00e9di\u00e9 aux gestionnaires de campings et villages touristiques","publisher":{"@id":"https:\/\/www.mondocamping.com\/#organization"},"potentialAction":[{"@type":"SearchAction","target":{"@type":"EntryPoint","urlTemplate":"https:\/\/www.mondocamping.com\/?s={search_term_string}"},"query-input":{"@type":"PropertyValueSpecification","valueRequired":true,"valueName":"search_term_string"}}],"inLanguage":"fr-FR"},{"@type":"Organization","@id":"https:\/\/www.mondocamping.com\/#organization","name":"Mondo Camping","url":"https:\/\/www.mondocamping.com\/","logo":{"@type":"ImageObject","inLanguage":"fr-FR","@id":"https:\/\/www.mondocamping.com\/#\/schema\/logo\/image\/","url":"https:\/\/www.mondocamping.com\/wp-content\/uploads\/2022\/04\/mondo-camping-logo-contornato-1.png","contentUrl":"https:\/\/www.mondocamping.com\/wp-content\/uploads\/2022\/04\/mondo-camping-logo-contornato-1.png","width":280,"height":90,"caption":"Mondo Camping"},"image":{"@id":"https:\/\/www.mondocamping.com\/#\/schema\/logo\/image\/"},"sameAs":["https:\/\/www.facebook.com\/mondobalneare","https:\/\/x.com\/mondobalneare","https:\/\/www.instagram.com\/mondobalneare\/","https:\/\/www.linkedin.com\/company\/67180810\/","https:\/\/www.youtube.com\/user\/mondobalnearevideo"]},{"@type":"Person","@id":"https:\/\/www.mondocamping.com\/#\/schema\/person\/fea6cb743a1f94214785609ceabc30de","name":"Gio Stemar","image":{"@type":"ImageObject","inLanguage":"fr-FR","@id":"https:\/\/www.mondocamping.com\/wp-content\/uploads\/2019\/06\/GIOSTEMAR-100x100.jpg","url":"https:\/\/www.mondocamping.com\/wp-content\/uploads\/2019\/06\/GIOSTEMAR-100x100.jpg","contentUrl":"https:\/\/www.mondocamping.com\/wp-content\/uploads\/2019\/06\/GIOSTEMAR-100x100.jpg","caption":"Gio Stemar"},"description":"Tel. 0424 382821"}]}},"_links":{"self":[{"href":"https:\/\/www.mondocamping.com\/fr\/wp-json\/wp\/v2\/posts\/168054","targetHints":{"allow":["GET"]}}],"collection":[{"href":"https:\/\/www.mondocamping.com\/fr\/wp-json\/wp\/v2\/posts"}],"about":[{"href":"https:\/\/www.mondocamping.com\/fr\/wp-json\/wp\/v2\/types\/post"}],"author":[{"embeddable":true,"href":"https:\/\/www.mondocamping.com\/fr\/wp-json\/wp\/v2\/users\/75"}],"replies":[{"embeddable":true,"href":"https:\/\/www.mondocamping.com\/fr\/wp-json\/wp\/v2\/comments?post=168054"}],"version-history":[{"count":2,"href":"https:\/\/www.mondocamping.com\/fr\/wp-json\/wp\/v2\/posts\/168054\/revisions"}],"predecessor-version":[{"id":168057,"href":"https:\/\/www.mondocamping.com\/fr\/wp-json\/wp\/v2\/posts\/168054\/revisions\/168057"}],"wp:featuredmedia":[{"embeddable":true,"href":"https:\/\/www.mondocamping.com\/fr\/wp-json\/wp\/v2\/media\/168043"}],"wp:attachment":[{"href":"https:\/\/www.mondocamping.com\/fr\/wp-json\/wp\/v2\/media?parent=168054"}],"wp:term":[{"taxonomy":"category","embeddable":true,"href":"https:\/\/www.mondocamping.com\/fr\/wp-json\/wp\/v2\/categories?post=168054"},{"taxonomy":"post_tag","embeddable":true,"href":"https:\/\/www.mondocamping.com\/fr\/wp-json\/wp\/v2\/tags?post=168054"}],"curies":[{"name":"wp","href":"https:\/\/api.w.org\/{rel}","templated":true}]}}