{"id":168069,"date":"2024-03-18T10:44:33","date_gmt":"2024-03-18T09:44:33","guid":{"rendered":"https:\/\/www.mondocamping.com\/confort-et-elegance-egalement-au-bord-du-lac-le-camping-village-du-parc-choisit-les-chaises-longues-professionnelles-de-tessitura-selva\/"},"modified":"2024-03-18T10:44:34","modified_gmt":"2024-03-18T09:44:34","slug":"confort-et-elegance-egalement-au-bord-du-lac-le-camping-village-du-parc-choisit-les-chaises-longues-professionnelles-de-tessitura-selva","status":"publish","type":"post","link":"https:\/\/www.mondocamping.com\/fr\/confort-et-elegance-egalement-au-bord-du-lac-le-camping-village-du-parc-choisit-les-chaises-longues-professionnelles-de-tessitura-selva\/","title":{"rendered":"Confort et \u00e9l\u00e9gance \u00e9galement au bord du lac, le Camping Village Du Parc choisit les chaises longues professionnelles de Tessitura Selva."},"content":{"rendered":"\n<p>Que ce soit au bord de la piscine ou sur la plage du <strong>Camping Village Du Parc<\/strong>, un \u00e9tablissement renomm\u00e9 situ\u00e9 sur le lac de Garde dans la belle ville de Lazise, les <strong>chaises longues Modello Professional de Tessitura Selva<\/strong>ne manqueront pas d&rsquo;impressionner. La combinaison gagnante du confort et du design fait de cette proposition un cheval de bataille de l&rsquo;entreprise, v\u00e9t\u00e9ran de plus de 80 ans dans la production et la commercialisation d&rsquo;\u00e9quipements pour les \u00e9tablissements de bains, les plages et les piscines.  <\/p>\n\n<p>Les chaises longues d&rsquo;ext\u00e9rieur propos\u00e9es par Tessitura Selva se caract\u00e9risent par leur facilit\u00e9 d&rsquo;utilisation et leur excellent rapport qualit\u00e9-prix. Elles sont tr\u00e8s r\u00e9sistantes aux intemp\u00e9ries et sont id\u00e9ales pour l&rsquo;am\u00e9nagement d&rsquo;espaces ext\u00e9rieurs \u00e0 usage professionnel. Toutes les toiles sont tiss\u00e9es avec du fil de nylon plastifi\u00e9 \u00e0 haute t\u00e9nacit\u00e9, garanti par la marque<em> Plastitex<\/em>. La r\u00e9sistance s&rsquo;allie au style gr\u00e2ce \u00e0 une vaste gamme de couleurs personnalis\u00e9es, disponibles sur demande.<\/p>\n\n<p>Le camping Veronese a opt\u00e9 pour la variante \u00e9l\u00e9gante de la <strong>chaise longue Professional Model<\/strong> <strong>\n  <em>Mercure 0655<\/em>\n<\/strong>un gris perle qui s&rsquo;int\u00e8gre parfaitement au cadre magnifique <strong>\n  <em>Village Du Parc<\/em>\n<\/strong>.<\/p>\n\n<h2 class=\"wp-block-heading\">Caract\u00e9ristiques du lit d&rsquo;enfant Mod\u00e8le professionnel<\/h2>\n\n<p>Le mod\u00e8le professionnel est un solarium en aluminium l\u00e9ger, fonctionnel et durable qui pr\u00e9sente un excellent rapport qualit\u00e9-prix. C&rsquo;est ce qui le distingue :<\/p>\n\n<ul class=\"wp-block-list\">\n<li><strong>Cadre<\/strong>:<strong> <\/strong>disponible dans une vari\u00e9t\u00e9 de finitions, il est enti\u00e8rement construit en aluminium primaire anodis\u00e9 18 microns pour garantir une dur\u00e9e de vie de 10 saisons.<\/li>\n\n\n\n<li><strong>Verrouillage<\/strong>: syst\u00e8me innovant avec la vis du taquet qui facilite le d\u00e9montage.<\/li>\n\n\n\n<li><strong>Jambes de lit :<\/strong> \u00e9quip\u00e9es d&rsquo;un syst\u00e8me brevet\u00e9 d&rsquo;ouverture des jambes aux normes CEE, sans compas.<\/li>\n\n\n\n<li><strong>Dossier<\/strong>: inclinable en 2 positions ou en 3 positions pour les mod\u00e8les <em>Eccentrico <\/em>et <em>Relax <\/em>(la troisi\u00e8me position est compl\u00e8tement plate \u00e0 la m\u00eame hauteur que le corps de la chaise longue).<\/li>\n\n\n\n<li><strong>Profil\u00e9 en aluminium (traverse<\/strong>) : il relie les deux pieds du bain de soleil et a une \u00e9paisseur de 18 mm. Gr\u00e2ce \u00e0 cette caract\u00e9ristique, les bains de soleil sont particuli\u00e8rement l\u00e9gers et maniables, adapt\u00e9s \u00e0 l&rsquo;am\u00e9nagement ext\u00e9rieur des jardins et des piscines, avec ou sans parasol.<\/li>\n\n\n\n<li><strong>Toile et parasol :<\/strong> en polyester enduit de PVC, disponible en diff\u00e9rentes couleurs ; personnalisation avec lettrage thermosoud\u00e9 sur demande.<\/li>\n\n\n\n<li><strong>Roues et appui-t\u00eate<\/strong>: \u00e9l\u00e9ments optionnels qui rendent le lit encore plus confortable et fonctionnel.<\/li>\n<\/ul>\n\n<div style=\"height:20px\" aria-hidden=\"true\" class=\"wp-block-spacer\"><\/div>\n\n<p>Pour plus d&rsquo;informations :<\/p>\n\n<div class=\"wp-block-buttons is-layout-flex wp-block-buttons-is-layout-flex\">\n<div class=\"wp-block-button\"><a class=\"wp-block-button__link wp-element-button\" href=\"https:\/\/www.tessituraselva.com\" target=\"_blank\" rel=\"noreferrer noopener\">Contacter Tessitura Selva<\/a><\/div>\n<\/div>\n","protected":false},"excerpt":{"rendered":"<p>Que ce soit au bord de la piscine ou sur la plage du Camping Village Du Parc, un \u00e9tablissement renomm\u00e9 situ\u00e9 sur le lac de Garde dans la belle ville de Lazise, les chaises longues Modello Professional de Tessitura Selvane manqueront pas d&rsquo;impressionner. La combinaison gagnante du confort et du design fait de cette proposition [&hellip;]<\/p>\n","protected":false},"author":49,"featured_media":167751,"comment_status":"closed","ping_status":"closed","sticky":false,"template":"","format":"standard","meta":{"_acf_changed":false,"_monsterinsights_skip_tracking":false,"_monsterinsights_sitenote_active":false,"_monsterinsights_sitenote_note":"","_monsterinsights_sitenote_category":0,"footnotes":""},"categories":[4307,4022],"tags":[3753,6050,6153,3856,6152],"class_list":["post-168069","post","type-post","status-publish","format-standard","has-post-thumbnail","hentry","category-architecture-et-conception","category-editoriaux","tag-camping","tag-chaises-longues","tag-lits-dexterieur","tag-mondo-camping","tag-usine-de-tissage-selva"],"acf":[],"yoast_head":"<!-- This site is optimized with the Yoast SEO plugin v27.5 - https:\/\/yoast.com\/product\/yoast-seo-wordpress\/ -->\n<title>Confort et \u00e9l\u00e9gance \u00e9galement au bord du lac, le Camping Village Du Parc choisit les chaises longues professionnelles de Tessitura Selva.<\/title>\n<meta name=\"robots\" content=\"index, follow, max-snippet:-1, max-image-preview:large, max-video-preview:-1\" \/>\n<link rel=\"canonical\" href=\"https:\/\/www.mondocamping.com\/fr\/confort-et-elegance-egalement-au-bord-du-lac-le-camping-village-du-parc-choisit-les-chaises-longues-professionnelles-de-tessitura-selva\/\" \/>\n<meta property=\"og:locale\" content=\"fr_FR\" \/>\n<meta property=\"og:type\" content=\"article\" \/>\n<meta property=\"og:title\" content=\"Confort et \u00e9l\u00e9gance \u00e9galement au bord du lac, le Camping Village Du Parc choisit les chaises longues professionnelles de Tessitura Selva.\" \/>\n<meta property=\"og:description\" content=\"Que ce soit au bord de la piscine ou sur la plage du Camping Village Du Parc, un \u00e9tablissement renomm\u00e9 situ\u00e9 sur le lac de Garde dans la belle ville de Lazise, les chaises longues Modello Professional de Tessitura Selvane manqueront pas d&rsquo;impressionner. La combinaison gagnante du confort et du design fait de cette proposition [&hellip;]\" \/>\n<meta property=\"og:url\" content=\"https:\/\/www.mondocamping.com\/fr\/confort-et-elegance-egalement-au-bord-du-lac-le-camping-village-du-parc-choisit-les-chaises-longues-professionnelles-de-tessitura-selva\/\" \/>\n<meta property=\"og:site_name\" content=\"Mondo Camping\" \/>\n<meta property=\"article:publisher\" content=\"https:\/\/www.facebook.com\/mondobalneare\" \/>\n<meta property=\"article:author\" content=\"https:\/\/www.facebook.com\/TessituraSelvaSrl\/\" \/>\n<meta property=\"article:published_time\" content=\"2024-03-18T09:44:33+00:00\" \/>\n<meta property=\"article:modified_time\" content=\"2024-03-18T09:44:34+00:00\" \/>\n<meta property=\"og:image\" content=\"https:\/\/www.mondocamping.com\/wp-content\/uploads\/2024\/02\/Camping-Du-Camp-2.jpeg\" \/>\n\t<meta property=\"og:image:width\" content=\"1200\" \/>\n\t<meta property=\"og:image:height\" content=\"814\" \/>\n\t<meta property=\"og:image:type\" content=\"image\/jpeg\" \/>\n<meta name=\"author\" content=\"Tessitura Selva\" \/>\n<meta name=\"twitter:card\" content=\"summary_large_image\" \/>\n<meta name=\"twitter:creator\" content=\"@mondobalneare\" \/>\n<meta name=\"twitter:site\" content=\"@mondobalneare\" \/>\n<meta name=\"twitter:label1\" content=\"\u00c9crit par\" \/>\n\t<meta name=\"twitter:data1\" content=\"Tessitura Selva\" \/>\n\t<meta name=\"twitter:label2\" content=\"Dur\u00e9e de lecture estim\u00e9e\" \/>\n\t<meta name=\"twitter:data2\" content=\"2 minutes\" \/>\n<script type=\"application\/ld+json\" class=\"yoast-schema-graph\">{\"@context\":\"https:\\\/\\\/schema.org\",\"@graph\":[{\"@type\":\"Article\",\"@id\":\"https:\\\/\\\/www.mondocamping.com\\\/fr\\\/confort-et-elegance-egalement-au-bord-du-lac-le-camping-village-du-parc-choisit-les-chaises-longues-professionnelles-de-tessitura-selva\\\/#article\",\"isPartOf\":{\"@id\":\"https:\\\/\\\/www.mondocamping.com\\\/fr\\\/confort-et-elegance-egalement-au-bord-du-lac-le-camping-village-du-parc-choisit-les-chaises-longues-professionnelles-de-tessitura-selva\\\/\"},\"author\":{\"name\":\"Tessitura Selva\",\"@id\":\"https:\\\/\\\/www.mondocamping.com\\\/#\\\/schema\\\/person\\\/c098f731e8e8ff7c98d283029602317c\"},\"headline\":\"Confort et \u00e9l\u00e9gance \u00e9galement au bord du lac, le Camping Village Du Parc choisit les chaises longues professionnelles de Tessitura Selva.\",\"datePublished\":\"2024-03-18T09:44:33+00:00\",\"dateModified\":\"2024-03-18T09:44:34+00:00\",\"mainEntityOfPage\":{\"@id\":\"https:\\\/\\\/www.mondocamping.com\\\/fr\\\/confort-et-elegance-egalement-au-bord-du-lac-le-camping-village-du-parc-choisit-les-chaises-longues-professionnelles-de-tessitura-selva\\\/\"},\"wordCount\":451,\"publisher\":{\"@id\":\"https:\\\/\\\/www.mondocamping.com\\\/#organization\"},\"image\":{\"@id\":\"https:\\\/\\\/www.mondocamping.com\\\/fr\\\/confort-et-elegance-egalement-au-bord-du-lac-le-camping-village-du-parc-choisit-les-chaises-longues-professionnelles-de-tessitura-selva\\\/#primaryimage\"},\"thumbnailUrl\":\"https:\\\/\\\/www.mondocamping.com\\\/wp-content\\\/uploads\\\/2024\\\/02\\\/Camping-Du-Camp-2.jpeg\",\"keywords\":[\"camping\",\"chaises longues\",\"lits d'ext\u00e9rieur\",\"Mondo Camping\",\"Usine de tissage Selva\"],\"articleSection\":[\"Architecture et conception\",\"\u00c9ditoriaux\"],\"inLanguage\":\"fr-FR\"},{\"@type\":\"WebPage\",\"@id\":\"https:\\\/\\\/www.mondocamping.com\\\/fr\\\/confort-et-elegance-egalement-au-bord-du-lac-le-camping-village-du-parc-choisit-les-chaises-longues-professionnelles-de-tessitura-selva\\\/\",\"url\":\"https:\\\/\\\/www.mondocamping.com\\\/fr\\\/confort-et-elegance-egalement-au-bord-du-lac-le-camping-village-du-parc-choisit-les-chaises-longues-professionnelles-de-tessitura-selva\\\/\",\"name\":\"Confort et \u00e9l\u00e9gance \u00e9galement au bord du lac, le Camping Village Du Parc choisit les chaises longues professionnelles de Tessitura Selva.\",\"isPartOf\":{\"@id\":\"https:\\\/\\\/www.mondocamping.com\\\/#website\"},\"primaryImageOfPage\":{\"@id\":\"https:\\\/\\\/www.mondocamping.com\\\/fr\\\/confort-et-elegance-egalement-au-bord-du-lac-le-camping-village-du-parc-choisit-les-chaises-longues-professionnelles-de-tessitura-selva\\\/#primaryimage\"},\"image\":{\"@id\":\"https:\\\/\\\/www.mondocamping.com\\\/fr\\\/confort-et-elegance-egalement-au-bord-du-lac-le-camping-village-du-parc-choisit-les-chaises-longues-professionnelles-de-tessitura-selva\\\/#primaryimage\"},\"thumbnailUrl\":\"https:\\\/\\\/www.mondocamping.com\\\/wp-content\\\/uploads\\\/2024\\\/02\\\/Camping-Du-Camp-2.jpeg\",\"datePublished\":\"2024-03-18T09:44:33+00:00\",\"dateModified\":\"2024-03-18T09:44:34+00:00\",\"breadcrumb\":{\"@id\":\"https:\\\/\\\/www.mondocamping.com\\\/fr\\\/confort-et-elegance-egalement-au-bord-du-lac-le-camping-village-du-parc-choisit-les-chaises-longues-professionnelles-de-tessitura-selva\\\/#breadcrumb\"},\"inLanguage\":\"fr-FR\",\"potentialAction\":[{\"@type\":\"ReadAction\",\"target\":[\"https:\\\/\\\/www.mondocamping.com\\\/fr\\\/confort-et-elegance-egalement-au-bord-du-lac-le-camping-village-du-parc-choisit-les-chaises-longues-professionnelles-de-tessitura-selva\\\/\"]}]},{\"@type\":\"ImageObject\",\"inLanguage\":\"fr-FR\",\"@id\":\"https:\\\/\\\/www.mondocamping.com\\\/fr\\\/confort-et-elegance-egalement-au-bord-du-lac-le-camping-village-du-parc-choisit-les-chaises-longues-professionnelles-de-tessitura-selva\\\/#primaryimage\",\"url\":\"https:\\\/\\\/www.mondocamping.com\\\/wp-content\\\/uploads\\\/2024\\\/02\\\/Camping-Du-Camp-2.jpeg\",\"contentUrl\":\"https:\\\/\\\/www.mondocamping.com\\\/wp-content\\\/uploads\\\/2024\\\/02\\\/Camping-Du-Camp-2.jpeg\",\"width\":1200,\"height\":814},{\"@type\":\"BreadcrumbList\",\"@id\":\"https:\\\/\\\/www.mondocamping.com\\\/fr\\\/confort-et-elegance-egalement-au-bord-du-lac-le-camping-village-du-parc-choisit-les-chaises-longues-professionnelles-de-tessitura-selva\\\/#breadcrumb\",\"itemListElement\":[{\"@type\":\"ListItem\",\"position\":1,\"name\":\"Home\",\"item\":\"https:\\\/\\\/www.mondocamping.com\\\/fr\\\/\"},{\"@type\":\"ListItem\",\"position\":2,\"name\":\"Confort et \u00e9l\u00e9gance \u00e9galement au bord du lac, le Camping Village Du Parc choisit les chaises longues professionnelles de Tessitura Selva.\"}]},{\"@type\":\"WebSite\",\"@id\":\"https:\\\/\\\/www.mondocamping.com\\\/#website\",\"url\":\"https:\\\/\\\/www.mondocamping.com\\\/\",\"name\":\"Mondo Camping\",\"description\":\"Le portail d\u00e9di\u00e9 aux gestionnaires de campings et villages touristiques\",\"publisher\":{\"@id\":\"https:\\\/\\\/www.mondocamping.com\\\/#organization\"},\"potentialAction\":[{\"@type\":\"SearchAction\",\"target\":{\"@type\":\"EntryPoint\",\"urlTemplate\":\"https:\\\/\\\/www.mondocamping.com\\\/?s={search_term_string}\"},\"query-input\":{\"@type\":\"PropertyValueSpecification\",\"valueRequired\":true,\"valueName\":\"search_term_string\"}}],\"inLanguage\":\"fr-FR\"},{\"@type\":\"Organization\",\"@id\":\"https:\\\/\\\/www.mondocamping.com\\\/#organization\",\"name\":\"Mondo Camping\",\"url\":\"https:\\\/\\\/www.mondocamping.com\\\/\",\"logo\":{\"@type\":\"ImageObject\",\"inLanguage\":\"fr-FR\",\"@id\":\"https:\\\/\\\/www.mondocamping.com\\\/#\\\/schema\\\/logo\\\/image\\\/\",\"url\":\"https:\\\/\\\/www.mondocamping.com\\\/wp-content\\\/uploads\\\/2022\\\/04\\\/mondo-camping-logo-contornato-1.png\",\"contentUrl\":\"https:\\\/\\\/www.mondocamping.com\\\/wp-content\\\/uploads\\\/2022\\\/04\\\/mondo-camping-logo-contornato-1.png\",\"width\":280,\"height\":90,\"caption\":\"Mondo Camping\"},\"image\":{\"@id\":\"https:\\\/\\\/www.mondocamping.com\\\/#\\\/schema\\\/logo\\\/image\\\/\"},\"sameAs\":[\"https:\\\/\\\/www.facebook.com\\\/mondobalneare\",\"https:\\\/\\\/x.com\\\/mondobalneare\",\"https:\\\/\\\/www.instagram.com\\\/mondobalneare\\\/\",\"https:\\\/\\\/www.linkedin.com\\\/company\\\/67180810\\\/\",\"https:\\\/\\\/www.youtube.com\\\/user\\\/mondobalnearevideo\"]},{\"@type\":\"Person\",\"@id\":\"https:\\\/\\\/www.mondocamping.com\\\/#\\\/schema\\\/person\\\/c098f731e8e8ff7c98d283029602317c\",\"name\":\"Tessitura Selva\",\"image\":{\"@type\":\"ImageObject\",\"inLanguage\":\"fr-FR\",\"@id\":\"https:\\\/\\\/www.mondocamping.com\\\/wp-content\\\/uploads\\\/2019\\\/06\\\/tessitura-selva-150x150.jpg\",\"url\":\"https:\\\/\\\/www.mondocamping.com\\\/wp-content\\\/uploads\\\/2019\\\/06\\\/tessitura-selva-150x150.jpg\",\"contentUrl\":\"https:\\\/\\\/www.mondocamping.com\\\/wp-content\\\/uploads\\\/2019\\\/06\\\/tessitura-selva-150x150.jpg\",\"caption\":\"Tessitura Selva\"},\"description\":\"Tel. 0541 827230\",\"sameAs\":[\"http:\\\/\\\/www.tessituraselva.com\",\"https:\\\/\\\/www.facebook.com\\\/TessituraSelvaSrl\\\/\",\"https:\\\/\\\/www.instagram.com\\\/tessituraselvasrl\\\/\"]}]}<\/script>\n<!-- \/ Yoast SEO plugin. -->","yoast_head_json":{"title":"Confort et \u00e9l\u00e9gance \u00e9galement au bord du lac, le Camping Village Du Parc choisit les chaises longues professionnelles de Tessitura Selva.","robots":{"index":"index","follow":"follow","max-snippet":"max-snippet:-1","max-image-preview":"max-image-preview:large","max-video-preview":"max-video-preview:-1"},"canonical":"https:\/\/www.mondocamping.com\/fr\/confort-et-elegance-egalement-au-bord-du-lac-le-camping-village-du-parc-choisit-les-chaises-longues-professionnelles-de-tessitura-selva\/","og_locale":"fr_FR","og_type":"article","og_title":"Confort et \u00e9l\u00e9gance \u00e9galement au bord du lac, le Camping Village Du Parc choisit les chaises longues professionnelles de Tessitura Selva.","og_description":"Que ce soit au bord de la piscine ou sur la plage du Camping Village Du Parc, un \u00e9tablissement renomm\u00e9 situ\u00e9 sur le lac de Garde dans la belle ville de Lazise, les chaises longues Modello Professional de Tessitura Selvane manqueront pas d&rsquo;impressionner. La combinaison gagnante du confort et du design fait de cette proposition [&hellip;]","og_url":"https:\/\/www.mondocamping.com\/fr\/confort-et-elegance-egalement-au-bord-du-lac-le-camping-village-du-parc-choisit-les-chaises-longues-professionnelles-de-tessitura-selva\/","og_site_name":"Mondo Camping","article_publisher":"https:\/\/www.facebook.com\/mondobalneare","article_author":"https:\/\/www.facebook.com\/TessituraSelvaSrl\/","article_published_time":"2024-03-18T09:44:33+00:00","article_modified_time":"2024-03-18T09:44:34+00:00","og_image":[{"width":1200,"height":814,"url":"https:\/\/www.mondocamping.com\/wp-content\/uploads\/2024\/02\/Camping-Du-Camp-2.jpeg","type":"image\/jpeg"}],"author":"Tessitura Selva","twitter_card":"summary_large_image","twitter_creator":"@mondobalneare","twitter_site":"@mondobalneare","twitter_misc":{"\u00c9crit par":"Tessitura Selva","Dur\u00e9e de lecture estim\u00e9e":"2 minutes"},"schema":{"@context":"https:\/\/schema.org","@graph":[{"@type":"Article","@id":"https:\/\/www.mondocamping.com\/fr\/confort-et-elegance-egalement-au-bord-du-lac-le-camping-village-du-parc-choisit-les-chaises-longues-professionnelles-de-tessitura-selva\/#article","isPartOf":{"@id":"https:\/\/www.mondocamping.com\/fr\/confort-et-elegance-egalement-au-bord-du-lac-le-camping-village-du-parc-choisit-les-chaises-longues-professionnelles-de-tessitura-selva\/"},"author":{"name":"Tessitura Selva","@id":"https:\/\/www.mondocamping.com\/#\/schema\/person\/c098f731e8e8ff7c98d283029602317c"},"headline":"Confort et \u00e9l\u00e9gance \u00e9galement au bord du lac, le Camping Village Du Parc choisit les chaises longues professionnelles de Tessitura Selva.","datePublished":"2024-03-18T09:44:33+00:00","dateModified":"2024-03-18T09:44:34+00:00","mainEntityOfPage":{"@id":"https:\/\/www.mondocamping.com\/fr\/confort-et-elegance-egalement-au-bord-du-lac-le-camping-village-du-parc-choisit-les-chaises-longues-professionnelles-de-tessitura-selva\/"},"wordCount":451,"publisher":{"@id":"https:\/\/www.mondocamping.com\/#organization"},"image":{"@id":"https:\/\/www.mondocamping.com\/fr\/confort-et-elegance-egalement-au-bord-du-lac-le-camping-village-du-parc-choisit-les-chaises-longues-professionnelles-de-tessitura-selva\/#primaryimage"},"thumbnailUrl":"https:\/\/www.mondocamping.com\/wp-content\/uploads\/2024\/02\/Camping-Du-Camp-2.jpeg","keywords":["camping","chaises longues","lits d'ext\u00e9rieur","Mondo Camping","Usine de tissage Selva"],"articleSection":["Architecture et conception","\u00c9ditoriaux"],"inLanguage":"fr-FR"},{"@type":"WebPage","@id":"https:\/\/www.mondocamping.com\/fr\/confort-et-elegance-egalement-au-bord-du-lac-le-camping-village-du-parc-choisit-les-chaises-longues-professionnelles-de-tessitura-selva\/","url":"https:\/\/www.mondocamping.com\/fr\/confort-et-elegance-egalement-au-bord-du-lac-le-camping-village-du-parc-choisit-les-chaises-longues-professionnelles-de-tessitura-selva\/","name":"Confort et \u00e9l\u00e9gance \u00e9galement au bord du lac, le Camping Village Du Parc choisit les chaises longues professionnelles de Tessitura Selva.","isPartOf":{"@id":"https:\/\/www.mondocamping.com\/#website"},"primaryImageOfPage":{"@id":"https:\/\/www.mondocamping.com\/fr\/confort-et-elegance-egalement-au-bord-du-lac-le-camping-village-du-parc-choisit-les-chaises-longues-professionnelles-de-tessitura-selva\/#primaryimage"},"image":{"@id":"https:\/\/www.mondocamping.com\/fr\/confort-et-elegance-egalement-au-bord-du-lac-le-camping-village-du-parc-choisit-les-chaises-longues-professionnelles-de-tessitura-selva\/#primaryimage"},"thumbnailUrl":"https:\/\/www.mondocamping.com\/wp-content\/uploads\/2024\/02\/Camping-Du-Camp-2.jpeg","datePublished":"2024-03-18T09:44:33+00:00","dateModified":"2024-03-18T09:44:34+00:00","breadcrumb":{"@id":"https:\/\/www.mondocamping.com\/fr\/confort-et-elegance-egalement-au-bord-du-lac-le-camping-village-du-parc-choisit-les-chaises-longues-professionnelles-de-tessitura-selva\/#breadcrumb"},"inLanguage":"fr-FR","potentialAction":[{"@type":"ReadAction","target":["https:\/\/www.mondocamping.com\/fr\/confort-et-elegance-egalement-au-bord-du-lac-le-camping-village-du-parc-choisit-les-chaises-longues-professionnelles-de-tessitura-selva\/"]}]},{"@type":"ImageObject","inLanguage":"fr-FR","@id":"https:\/\/www.mondocamping.com\/fr\/confort-et-elegance-egalement-au-bord-du-lac-le-camping-village-du-parc-choisit-les-chaises-longues-professionnelles-de-tessitura-selva\/#primaryimage","url":"https:\/\/www.mondocamping.com\/wp-content\/uploads\/2024\/02\/Camping-Du-Camp-2.jpeg","contentUrl":"https:\/\/www.mondocamping.com\/wp-content\/uploads\/2024\/02\/Camping-Du-Camp-2.jpeg","width":1200,"height":814},{"@type":"BreadcrumbList","@id":"https:\/\/www.mondocamping.com\/fr\/confort-et-elegance-egalement-au-bord-du-lac-le-camping-village-du-parc-choisit-les-chaises-longues-professionnelles-de-tessitura-selva\/#breadcrumb","itemListElement":[{"@type":"ListItem","position":1,"name":"Home","item":"https:\/\/www.mondocamping.com\/fr\/"},{"@type":"ListItem","position":2,"name":"Confort et \u00e9l\u00e9gance \u00e9galement au bord du lac, le Camping Village Du Parc choisit les chaises longues professionnelles de Tessitura Selva."}]},{"@type":"WebSite","@id":"https:\/\/www.mondocamping.com\/#website","url":"https:\/\/www.mondocamping.com\/","name":"Mondo Camping","description":"Le portail d\u00e9di\u00e9 aux gestionnaires de campings et villages touristiques","publisher":{"@id":"https:\/\/www.mondocamping.com\/#organization"},"potentialAction":[{"@type":"SearchAction","target":{"@type":"EntryPoint","urlTemplate":"https:\/\/www.mondocamping.com\/?s={search_term_string}"},"query-input":{"@type":"PropertyValueSpecification","valueRequired":true,"valueName":"search_term_string"}}],"inLanguage":"fr-FR"},{"@type":"Organization","@id":"https:\/\/www.mondocamping.com\/#organization","name":"Mondo Camping","url":"https:\/\/www.mondocamping.com\/","logo":{"@type":"ImageObject","inLanguage":"fr-FR","@id":"https:\/\/www.mondocamping.com\/#\/schema\/logo\/image\/","url":"https:\/\/www.mondocamping.com\/wp-content\/uploads\/2022\/04\/mondo-camping-logo-contornato-1.png","contentUrl":"https:\/\/www.mondocamping.com\/wp-content\/uploads\/2022\/04\/mondo-camping-logo-contornato-1.png","width":280,"height":90,"caption":"Mondo Camping"},"image":{"@id":"https:\/\/www.mondocamping.com\/#\/schema\/logo\/image\/"},"sameAs":["https:\/\/www.facebook.com\/mondobalneare","https:\/\/x.com\/mondobalneare","https:\/\/www.instagram.com\/mondobalneare\/","https:\/\/www.linkedin.com\/company\/67180810\/","https:\/\/www.youtube.com\/user\/mondobalnearevideo"]},{"@type":"Person","@id":"https:\/\/www.mondocamping.com\/#\/schema\/person\/c098f731e8e8ff7c98d283029602317c","name":"Tessitura Selva","image":{"@type":"ImageObject","inLanguage":"fr-FR","@id":"https:\/\/www.mondocamping.com\/wp-content\/uploads\/2019\/06\/tessitura-selva-150x150.jpg","url":"https:\/\/www.mondocamping.com\/wp-content\/uploads\/2019\/06\/tessitura-selva-150x150.jpg","contentUrl":"https:\/\/www.mondocamping.com\/wp-content\/uploads\/2019\/06\/tessitura-selva-150x150.jpg","caption":"Tessitura Selva"},"description":"Tel. 0541 827230","sameAs":["http:\/\/www.tessituraselva.com","https:\/\/www.facebook.com\/TessituraSelvaSrl\/","https:\/\/www.instagram.com\/tessituraselvasrl\/"]}]}},"_links":{"self":[{"href":"https:\/\/www.mondocamping.com\/fr\/wp-json\/wp\/v2\/posts\/168069","targetHints":{"allow":["GET"]}}],"collection":[{"href":"https:\/\/www.mondocamping.com\/fr\/wp-json\/wp\/v2\/posts"}],"about":[{"href":"https:\/\/www.mondocamping.com\/fr\/wp-json\/wp\/v2\/types\/post"}],"author":[{"embeddable":true,"href":"https:\/\/www.mondocamping.com\/fr\/wp-json\/wp\/v2\/users\/49"}],"replies":[{"embeddable":true,"href":"https:\/\/www.mondocamping.com\/fr\/wp-json\/wp\/v2\/comments?post=168069"}],"version-history":[{"count":1,"href":"https:\/\/www.mondocamping.com\/fr\/wp-json\/wp\/v2\/posts\/168069\/revisions"}],"predecessor-version":[{"id":168070,"href":"https:\/\/www.mondocamping.com\/fr\/wp-json\/wp\/v2\/posts\/168069\/revisions\/168070"}],"wp:featuredmedia":[{"embeddable":true,"href":"https:\/\/www.mondocamping.com\/fr\/wp-json\/wp\/v2\/media\/167751"}],"wp:attachment":[{"href":"https:\/\/www.mondocamping.com\/fr\/wp-json\/wp\/v2\/media?parent=168069"}],"wp:term":[{"taxonomy":"category","embeddable":true,"href":"https:\/\/www.mondocamping.com\/fr\/wp-json\/wp\/v2\/categories?post=168069"},{"taxonomy":"post_tag","embeddable":true,"href":"https:\/\/www.mondocamping.com\/fr\/wp-json\/wp\/v2\/tags?post=168069"}],"curies":[{"name":"wp","href":"https:\/\/api.w.org\/{rel}","templated":true}]}}