{"id":168204,"date":"2024-03-26T12:11:23","date_gmt":"2024-03-26T11:11:23","guid":{"rendered":"https:\/\/www.mondocamping.com\/espagne-campings-primes-en-asturies\/"},"modified":"2024-04-03T11:22:02","modified_gmt":"2024-04-03T09:22:02","slug":"espagne-campings-primes-en-asturies","status":"publish","type":"post","link":"https:\/\/www.mondocamping.com\/fr\/espagne-campings-primes-en-asturies\/","title":{"rendered":"Espagne : campings prim\u00e9s en Asturies"},"content":{"rendered":"\n<p>Ce magnifique coin du nord-ouest de l&rsquo;Espagne, qui surplombe la mer Cantabrique, confirme de plus en plus l&rsquo;importance du tourisme en plein air. Les <strong>Asturies<\/strong> verdoyantes, malgr\u00e9 les zones arides qui caract\u00e9risent la majeure partie du pays, sont une v\u00e9ritable r\u00e9v\u00e9lation.  <\/p>\n\n<p>La <strong>Communaut\u00e9 autonome des Asturies<\/strong> s&rsquo;oriente de plus en plus vers une proposition touristique bas\u00e9e sur le respect de l&rsquo;environnement et la durabilit\u00e9, et offre des solutions immersives pour des vacances en contact \u00e9troit avec la nature, les traditions, les sports et les sp\u00e9cialit\u00e9s \u00e0 kilom\u00e8tre z\u00e9ro. Une r\u00e9alit\u00e9 avec de grandes possibilit\u00e9s, un v\u00e9ritable moteur pour l&rsquo;\u00e9conomie nationale avec une grande vocation pour le tourisme, malgr\u00e9 le fait qu&rsquo;elle ne compte qu&rsquo;un peu plus d&rsquo;un million d&rsquo;habitants.<\/p>\n\n<p>Le <strong>secteur du camping<\/strong> excelle avec plus de <strong>50 installations<\/strong>, la plupart concentr\u00e9es le long de la <strong>Costa Verde <\/strong>et dans le <strong>parc naturel de Somiedo<\/strong>, une zone prot\u00e9g\u00e9e depuis 1988.  <\/p>\n\n<p>Ces derniers jours, l&rsquo;<strong>Association des campings des Asturies<\/strong> a pr\u00e9sent\u00e9 la premi\u00e8re \u00e9dition du <strong>\n  <em>Salon Nortur <\/em>\n<\/strong>pour la remise des <strong>Camping Awards 2024<\/strong>, au centre de conf\u00e9rences d&rsquo;<em>Avil\u00e9s<\/em>. Au cours de l&rsquo;\u00e9v\u00e9nement, les laur\u00e9ats ont \u00e9t\u00e9 pr\u00e9sent\u00e9s : le <strong>\n  <em>Camping Las conchas<\/em>\n<\/strong> de <em>Llanes<\/em>, le <strong>\n  <em>Camping<\/em>\n<\/strong><em> <\/em><strong><em>Fin de si\u00e8cle<\/em><\/strong><em> <\/em>de <em>Villaviciosa <\/em>, et le <strong>\n  <em>Camping Playa Sauces<\/em>\n<\/strong><em> <\/em>de <em>Ribadesella<\/em>.  <\/p>\n\n<p>Lors de l&rsquo;\u00e9v\u00e9nement, le vice-conseiller au tourisme des Asturies,  <em>Lara Martinez<\/em> et la pr\u00e9sidente des campings des Asturies, <em>Laura Arias,<\/em> ont remis la m\u00e9daille. <strong>\n  <em>Campista de Honor 2024<\/em>\n<\/strong> a <strong>\n  <em>Jos\u00e9 Manuel Ferrero<\/em>\n<\/strong>ancien pr\u00e9sident de l&rsquo;Association des campings d&rsquo;Aragon, et son \u00e9pouse <strong>\n  <em>Maria del Salz Ligorrez <\/em>\n<\/strong>pour leur d\u00e9vouement et leur longue carri\u00e8re professionnelle dans la promotion des campings.  <\/p>\n\n<p>L&rsquo;Espagne confirme l&rsquo;excellence europ\u00e9enne en mati\u00e8re de tourisme de <em>plein air<\/em>, certaines r\u00e9gions excellant en mati\u00e8re de beaut\u00e9 et de services.<\/p>\n\n<p><br\/><\/p>\n","protected":false},"excerpt":{"rendered":"<p>Ce magnifique coin du nord-ouest de l&rsquo;Espagne, qui surplombe la mer Cantabrique, confirme de plus en plus l&rsquo;importance du tourisme en plein air. Les Asturies verdoyantes, malgr\u00e9 les zones arides qui caract\u00e9risent la majeure partie du pays, sont une v\u00e9ritable r\u00e9v\u00e9lation. La Communaut\u00e9 autonome des Asturies s&rsquo;oriente de plus en plus vers une proposition touristique [&hellip;]<\/p>\n","protected":false},"author":5,"featured_media":168198,"comment_status":"closed","ping_status":"closed","sticky":false,"template":"","format":"standard","meta":{"_acf_changed":false,"_monsterinsights_skip_tracking":false,"_monsterinsights_sitenote_active":false,"_monsterinsights_sitenote_note":"","_monsterinsights_sitenote_category":0,"footnotes":""},"categories":[4024],"tags":[5882,6174,4210,4275,4262,4079],"class_list":["post-168204","post","type-post","status-publish","format-standard","has-post-thumbnail","hentry","category-actualite","tag-adac-camping-awards-2024-fr","tag-asturies","tag-camping-fr-2","tag-espagne","tag-mondo-camping-fr","tag-tourisme-de-plein-air"],"acf":[],"yoast_head":"<!-- This site is optimized with the Yoast SEO plugin v27.5 - https:\/\/yoast.com\/product\/yoast-seo-wordpress\/ -->\n<title>Espagne : campings prim\u00e9s en Asturies<\/title>\n<meta name=\"robots\" content=\"index, follow, max-snippet:-1, max-image-preview:large, max-video-preview:-1\" \/>\n<link rel=\"canonical\" href=\"https:\/\/www.mondocamping.com\/fr\/espagne-campings-primes-en-asturies\/\" \/>\n<meta property=\"og:locale\" content=\"fr_FR\" \/>\n<meta property=\"og:type\" content=\"article\" \/>\n<meta property=\"og:title\" content=\"Espagne : campings prim\u00e9s en Asturies\" \/>\n<meta property=\"og:description\" content=\"Ce magnifique coin du nord-ouest de l&rsquo;Espagne, qui surplombe la mer Cantabrique, confirme de plus en plus l&rsquo;importance du tourisme en plein air. Les Asturies verdoyantes, malgr\u00e9 les zones arides qui caract\u00e9risent la majeure partie du pays, sont une v\u00e9ritable r\u00e9v\u00e9lation. La Communaut\u00e9 autonome des Asturies s&rsquo;oriente de plus en plus vers une proposition touristique [&hellip;]\" \/>\n<meta property=\"og:url\" content=\"https:\/\/www.mondocamping.com\/fr\/espagne-campings-primes-en-asturies\/\" \/>\n<meta property=\"og:site_name\" content=\"Mondo Camping\" \/>\n<meta property=\"article:publisher\" content=\"https:\/\/www.facebook.com\/mondobalneare\" \/>\n<meta property=\"article:author\" content=\"https:\/\/www.facebook.com\/mondocamping\" \/>\n<meta property=\"article:published_time\" content=\"2024-03-26T11:11:23+00:00\" \/>\n<meta property=\"article:modified_time\" content=\"2024-04-03T09:22:02+00:00\" \/>\n<meta property=\"og:image\" content=\"https:\/\/www.mondocamping.com\/wp-content\/uploads\/2024\/03\/moises-muniz-tntWQfNLA8Y-unsplash-2.jpg\" \/>\n\t<meta property=\"og:image:width\" content=\"1200\" \/>\n\t<meta property=\"og:image:height\" content=\"628\" \/>\n\t<meta property=\"og:image:type\" content=\"image\/jpeg\" \/>\n<meta name=\"author\" content=\"Mondo Camping\" \/>\n<meta name=\"twitter:card\" content=\"summary_large_image\" \/>\n<meta name=\"twitter:creator\" content=\"@mondobalneare\" \/>\n<meta name=\"twitter:site\" content=\"@mondobalneare\" \/>\n<meta name=\"twitter:label1\" content=\"\u00c9crit par\" \/>\n\t<meta name=\"twitter:data1\" content=\"Mondo Camping\" \/>\n\t<meta name=\"twitter:label2\" content=\"Dur\u00e9e de lecture estim\u00e9e\" \/>\n\t<meta name=\"twitter:data2\" content=\"2 minutes\" \/>\n<script type=\"application\/ld+json\" class=\"yoast-schema-graph\">{\"@context\":\"https:\\\/\\\/schema.org\",\"@graph\":[{\"@type\":\"Article\",\"@id\":\"https:\\\/\\\/www.mondocamping.com\\\/fr\\\/espagne-campings-primes-en-asturies\\\/#article\",\"isPartOf\":{\"@id\":\"https:\\\/\\\/www.mondocamping.com\\\/fr\\\/espagne-campings-primes-en-asturies\\\/\"},\"author\":{\"name\":\"Mondo Camping\",\"@id\":\"https:\\\/\\\/www.mondocamping.com\\\/#\\\/schema\\\/person\\\/01a031b8c5ef08c2204bb0e696f0a760\"},\"headline\":\"Espagne : campings prim\u00e9s en Asturies\",\"datePublished\":\"2024-03-26T11:11:23+00:00\",\"dateModified\":\"2024-04-03T09:22:02+00:00\",\"mainEntityOfPage\":{\"@id\":\"https:\\\/\\\/www.mondocamping.com\\\/fr\\\/espagne-campings-primes-en-asturies\\\/\"},\"wordCount\":339,\"publisher\":{\"@id\":\"https:\\\/\\\/www.mondocamping.com\\\/#organization\"},\"image\":{\"@id\":\"https:\\\/\\\/www.mondocamping.com\\\/fr\\\/espagne-campings-primes-en-asturies\\\/#primaryimage\"},\"thumbnailUrl\":\"https:\\\/\\\/www.mondocamping.com\\\/wp-content\\\/uploads\\\/2024\\\/03\\\/moises-muniz-tntWQfNLA8Y-unsplash-2.jpg\",\"keywords\":[\"ADAC Camping Awards 2024\",\"Asturies\",\"camping\",\"Espagne\",\"Mondo Camping\",\"Tourisme de plein air\"],\"articleSection\":[\"Actualit\u00e9\"],\"inLanguage\":\"fr-FR\"},{\"@type\":\"WebPage\",\"@id\":\"https:\\\/\\\/www.mondocamping.com\\\/fr\\\/espagne-campings-primes-en-asturies\\\/\",\"url\":\"https:\\\/\\\/www.mondocamping.com\\\/fr\\\/espagne-campings-primes-en-asturies\\\/\",\"name\":\"Espagne : campings prim\u00e9s en Asturies\",\"isPartOf\":{\"@id\":\"https:\\\/\\\/www.mondocamping.com\\\/#website\"},\"primaryImageOfPage\":{\"@id\":\"https:\\\/\\\/www.mondocamping.com\\\/fr\\\/espagne-campings-primes-en-asturies\\\/#primaryimage\"},\"image\":{\"@id\":\"https:\\\/\\\/www.mondocamping.com\\\/fr\\\/espagne-campings-primes-en-asturies\\\/#primaryimage\"},\"thumbnailUrl\":\"https:\\\/\\\/www.mondocamping.com\\\/wp-content\\\/uploads\\\/2024\\\/03\\\/moises-muniz-tntWQfNLA8Y-unsplash-2.jpg\",\"datePublished\":\"2024-03-26T11:11:23+00:00\",\"dateModified\":\"2024-04-03T09:22:02+00:00\",\"breadcrumb\":{\"@id\":\"https:\\\/\\\/www.mondocamping.com\\\/fr\\\/espagne-campings-primes-en-asturies\\\/#breadcrumb\"},\"inLanguage\":\"fr-FR\",\"potentialAction\":[{\"@type\":\"ReadAction\",\"target\":[\"https:\\\/\\\/www.mondocamping.com\\\/fr\\\/espagne-campings-primes-en-asturies\\\/\"]}]},{\"@type\":\"ImageObject\",\"inLanguage\":\"fr-FR\",\"@id\":\"https:\\\/\\\/www.mondocamping.com\\\/fr\\\/espagne-campings-primes-en-asturies\\\/#primaryimage\",\"url\":\"https:\\\/\\\/www.mondocamping.com\\\/wp-content\\\/uploads\\\/2024\\\/03\\\/moises-muniz-tntWQfNLA8Y-unsplash-2.jpg\",\"contentUrl\":\"https:\\\/\\\/www.mondocamping.com\\\/wp-content\\\/uploads\\\/2024\\\/03\\\/moises-muniz-tntWQfNLA8Y-unsplash-2.jpg\",\"width\":1200,\"height\":628,\"caption\":\"Photo credit: Moises Muniz | Unsplash\"},{\"@type\":\"BreadcrumbList\",\"@id\":\"https:\\\/\\\/www.mondocamping.com\\\/fr\\\/espagne-campings-primes-en-asturies\\\/#breadcrumb\",\"itemListElement\":[{\"@type\":\"ListItem\",\"position\":1,\"name\":\"Home\",\"item\":\"https:\\\/\\\/www.mondocamping.com\\\/fr\\\/\"},{\"@type\":\"ListItem\",\"position\":2,\"name\":\"Espagne : campings prim\u00e9s en Asturies\"}]},{\"@type\":\"WebSite\",\"@id\":\"https:\\\/\\\/www.mondocamping.com\\\/#website\",\"url\":\"https:\\\/\\\/www.mondocamping.com\\\/\",\"name\":\"Mondo Camping\",\"description\":\"Le portail d\u00e9di\u00e9 aux gestionnaires de campings et villages touristiques\",\"publisher\":{\"@id\":\"https:\\\/\\\/www.mondocamping.com\\\/#organization\"},\"potentialAction\":[{\"@type\":\"SearchAction\",\"target\":{\"@type\":\"EntryPoint\",\"urlTemplate\":\"https:\\\/\\\/www.mondocamping.com\\\/?s={search_term_string}\"},\"query-input\":{\"@type\":\"PropertyValueSpecification\",\"valueRequired\":true,\"valueName\":\"search_term_string\"}}],\"inLanguage\":\"fr-FR\"},{\"@type\":\"Organization\",\"@id\":\"https:\\\/\\\/www.mondocamping.com\\\/#organization\",\"name\":\"Mondo Camping\",\"url\":\"https:\\\/\\\/www.mondocamping.com\\\/\",\"logo\":{\"@type\":\"ImageObject\",\"inLanguage\":\"fr-FR\",\"@id\":\"https:\\\/\\\/www.mondocamping.com\\\/#\\\/schema\\\/logo\\\/image\\\/\",\"url\":\"https:\\\/\\\/www.mondocamping.com\\\/wp-content\\\/uploads\\\/2022\\\/04\\\/mondo-camping-logo-contornato-1.png\",\"contentUrl\":\"https:\\\/\\\/www.mondocamping.com\\\/wp-content\\\/uploads\\\/2022\\\/04\\\/mondo-camping-logo-contornato-1.png\",\"width\":280,\"height\":90,\"caption\":\"Mondo Camping\"},\"image\":{\"@id\":\"https:\\\/\\\/www.mondocamping.com\\\/#\\\/schema\\\/logo\\\/image\\\/\"},\"sameAs\":[\"https:\\\/\\\/www.facebook.com\\\/mondobalneare\",\"https:\\\/\\\/x.com\\\/mondobalneare\",\"https:\\\/\\\/www.instagram.com\\\/mondobalneare\\\/\",\"https:\\\/\\\/www.linkedin.com\\\/company\\\/67180810\\\/\",\"https:\\\/\\\/www.youtube.com\\\/user\\\/mondobalnearevideo\"]},{\"@type\":\"Person\",\"@id\":\"https:\\\/\\\/www.mondocamping.com\\\/#\\\/schema\\\/person\\\/01a031b8c5ef08c2204bb0e696f0a760\",\"name\":\"Mondo Camping\",\"image\":{\"@type\":\"ImageObject\",\"inLanguage\":\"fr-FR\",\"@id\":\"https:\\\/\\\/www.mondocamping.com\\\/wp-content\\\/uploads\\\/2022\\\/05\\\/cropped-icona-MONDO-CAMPING-150x150.png\",\"url\":\"https:\\\/\\\/www.mondocamping.com\\\/wp-content\\\/uploads\\\/2022\\\/05\\\/cropped-icona-MONDO-CAMPING-150x150.png\",\"contentUrl\":\"https:\\\/\\\/www.mondocamping.com\\\/wp-content\\\/uploads\\\/2022\\\/05\\\/cropped-icona-MONDO-CAMPING-150x150.png\",\"caption\":\"Mondo Camping\"},\"sameAs\":[\"https:\\\/\\\/www.mondocamping.com\\\/\",\"https:\\\/\\\/www.facebook.com\\\/mondocamping\"]}]}<\/script>\n<!-- \/ Yoast SEO plugin. -->","yoast_head_json":{"title":"Espagne : campings prim\u00e9s en Asturies","robots":{"index":"index","follow":"follow","max-snippet":"max-snippet:-1","max-image-preview":"max-image-preview:large","max-video-preview":"max-video-preview:-1"},"canonical":"https:\/\/www.mondocamping.com\/fr\/espagne-campings-primes-en-asturies\/","og_locale":"fr_FR","og_type":"article","og_title":"Espagne : campings prim\u00e9s en Asturies","og_description":"Ce magnifique coin du nord-ouest de l&rsquo;Espagne, qui surplombe la mer Cantabrique, confirme de plus en plus l&rsquo;importance du tourisme en plein air. Les Asturies verdoyantes, malgr\u00e9 les zones arides qui caract\u00e9risent la majeure partie du pays, sont une v\u00e9ritable r\u00e9v\u00e9lation. La Communaut\u00e9 autonome des Asturies s&rsquo;oriente de plus en plus vers une proposition touristique [&hellip;]","og_url":"https:\/\/www.mondocamping.com\/fr\/espagne-campings-primes-en-asturies\/","og_site_name":"Mondo Camping","article_publisher":"https:\/\/www.facebook.com\/mondobalneare","article_author":"https:\/\/www.facebook.com\/mondocamping","article_published_time":"2024-03-26T11:11:23+00:00","article_modified_time":"2024-04-03T09:22:02+00:00","og_image":[{"width":1200,"height":628,"url":"https:\/\/www.mondocamping.com\/wp-content\/uploads\/2024\/03\/moises-muniz-tntWQfNLA8Y-unsplash-2.jpg","type":"image\/jpeg"}],"author":"Mondo Camping","twitter_card":"summary_large_image","twitter_creator":"@mondobalneare","twitter_site":"@mondobalneare","twitter_misc":{"\u00c9crit par":"Mondo Camping","Dur\u00e9e de lecture estim\u00e9e":"2 minutes"},"schema":{"@context":"https:\/\/schema.org","@graph":[{"@type":"Article","@id":"https:\/\/www.mondocamping.com\/fr\/espagne-campings-primes-en-asturies\/#article","isPartOf":{"@id":"https:\/\/www.mondocamping.com\/fr\/espagne-campings-primes-en-asturies\/"},"author":{"name":"Mondo Camping","@id":"https:\/\/www.mondocamping.com\/#\/schema\/person\/01a031b8c5ef08c2204bb0e696f0a760"},"headline":"Espagne : campings prim\u00e9s en Asturies","datePublished":"2024-03-26T11:11:23+00:00","dateModified":"2024-04-03T09:22:02+00:00","mainEntityOfPage":{"@id":"https:\/\/www.mondocamping.com\/fr\/espagne-campings-primes-en-asturies\/"},"wordCount":339,"publisher":{"@id":"https:\/\/www.mondocamping.com\/#organization"},"image":{"@id":"https:\/\/www.mondocamping.com\/fr\/espagne-campings-primes-en-asturies\/#primaryimage"},"thumbnailUrl":"https:\/\/www.mondocamping.com\/wp-content\/uploads\/2024\/03\/moises-muniz-tntWQfNLA8Y-unsplash-2.jpg","keywords":["ADAC Camping Awards 2024","Asturies","camping","Espagne","Mondo Camping","Tourisme de plein air"],"articleSection":["Actualit\u00e9"],"inLanguage":"fr-FR"},{"@type":"WebPage","@id":"https:\/\/www.mondocamping.com\/fr\/espagne-campings-primes-en-asturies\/","url":"https:\/\/www.mondocamping.com\/fr\/espagne-campings-primes-en-asturies\/","name":"Espagne : campings prim\u00e9s en Asturies","isPartOf":{"@id":"https:\/\/www.mondocamping.com\/#website"},"primaryImageOfPage":{"@id":"https:\/\/www.mondocamping.com\/fr\/espagne-campings-primes-en-asturies\/#primaryimage"},"image":{"@id":"https:\/\/www.mondocamping.com\/fr\/espagne-campings-primes-en-asturies\/#primaryimage"},"thumbnailUrl":"https:\/\/www.mondocamping.com\/wp-content\/uploads\/2024\/03\/moises-muniz-tntWQfNLA8Y-unsplash-2.jpg","datePublished":"2024-03-26T11:11:23+00:00","dateModified":"2024-04-03T09:22:02+00:00","breadcrumb":{"@id":"https:\/\/www.mondocamping.com\/fr\/espagne-campings-primes-en-asturies\/#breadcrumb"},"inLanguage":"fr-FR","potentialAction":[{"@type":"ReadAction","target":["https:\/\/www.mondocamping.com\/fr\/espagne-campings-primes-en-asturies\/"]}]},{"@type":"ImageObject","inLanguage":"fr-FR","@id":"https:\/\/www.mondocamping.com\/fr\/espagne-campings-primes-en-asturies\/#primaryimage","url":"https:\/\/www.mondocamping.com\/wp-content\/uploads\/2024\/03\/moises-muniz-tntWQfNLA8Y-unsplash-2.jpg","contentUrl":"https:\/\/www.mondocamping.com\/wp-content\/uploads\/2024\/03\/moises-muniz-tntWQfNLA8Y-unsplash-2.jpg","width":1200,"height":628,"caption":"Photo credit: Moises Muniz | Unsplash"},{"@type":"BreadcrumbList","@id":"https:\/\/www.mondocamping.com\/fr\/espagne-campings-primes-en-asturies\/#breadcrumb","itemListElement":[{"@type":"ListItem","position":1,"name":"Home","item":"https:\/\/www.mondocamping.com\/fr\/"},{"@type":"ListItem","position":2,"name":"Espagne : campings prim\u00e9s en Asturies"}]},{"@type":"WebSite","@id":"https:\/\/www.mondocamping.com\/#website","url":"https:\/\/www.mondocamping.com\/","name":"Mondo Camping","description":"Le portail d\u00e9di\u00e9 aux gestionnaires de campings et villages touristiques","publisher":{"@id":"https:\/\/www.mondocamping.com\/#organization"},"potentialAction":[{"@type":"SearchAction","target":{"@type":"EntryPoint","urlTemplate":"https:\/\/www.mondocamping.com\/?s={search_term_string}"},"query-input":{"@type":"PropertyValueSpecification","valueRequired":true,"valueName":"search_term_string"}}],"inLanguage":"fr-FR"},{"@type":"Organization","@id":"https:\/\/www.mondocamping.com\/#organization","name":"Mondo Camping","url":"https:\/\/www.mondocamping.com\/","logo":{"@type":"ImageObject","inLanguage":"fr-FR","@id":"https:\/\/www.mondocamping.com\/#\/schema\/logo\/image\/","url":"https:\/\/www.mondocamping.com\/wp-content\/uploads\/2022\/04\/mondo-camping-logo-contornato-1.png","contentUrl":"https:\/\/www.mondocamping.com\/wp-content\/uploads\/2022\/04\/mondo-camping-logo-contornato-1.png","width":280,"height":90,"caption":"Mondo Camping"},"image":{"@id":"https:\/\/www.mondocamping.com\/#\/schema\/logo\/image\/"},"sameAs":["https:\/\/www.facebook.com\/mondobalneare","https:\/\/x.com\/mondobalneare","https:\/\/www.instagram.com\/mondobalneare\/","https:\/\/www.linkedin.com\/company\/67180810\/","https:\/\/www.youtube.com\/user\/mondobalnearevideo"]},{"@type":"Person","@id":"https:\/\/www.mondocamping.com\/#\/schema\/person\/01a031b8c5ef08c2204bb0e696f0a760","name":"Mondo Camping","image":{"@type":"ImageObject","inLanguage":"fr-FR","@id":"https:\/\/www.mondocamping.com\/wp-content\/uploads\/2022\/05\/cropped-icona-MONDO-CAMPING-150x150.png","url":"https:\/\/www.mondocamping.com\/wp-content\/uploads\/2022\/05\/cropped-icona-MONDO-CAMPING-150x150.png","contentUrl":"https:\/\/www.mondocamping.com\/wp-content\/uploads\/2022\/05\/cropped-icona-MONDO-CAMPING-150x150.png","caption":"Mondo Camping"},"sameAs":["https:\/\/www.mondocamping.com\/","https:\/\/www.facebook.com\/mondocamping"]}]}},"_links":{"self":[{"href":"https:\/\/www.mondocamping.com\/fr\/wp-json\/wp\/v2\/posts\/168204","targetHints":{"allow":["GET"]}}],"collection":[{"href":"https:\/\/www.mondocamping.com\/fr\/wp-json\/wp\/v2\/posts"}],"about":[{"href":"https:\/\/www.mondocamping.com\/fr\/wp-json\/wp\/v2\/types\/post"}],"author":[{"embeddable":true,"href":"https:\/\/www.mondocamping.com\/fr\/wp-json\/wp\/v2\/users\/5"}],"replies":[{"embeddable":true,"href":"https:\/\/www.mondocamping.com\/fr\/wp-json\/wp\/v2\/comments?post=168204"}],"version-history":[{"count":2,"href":"https:\/\/www.mondocamping.com\/fr\/wp-json\/wp\/v2\/posts\/168204\/revisions"}],"predecessor-version":[{"id":168374,"href":"https:\/\/www.mondocamping.com\/fr\/wp-json\/wp\/v2\/posts\/168204\/revisions\/168374"}],"wp:featuredmedia":[{"embeddable":true,"href":"https:\/\/www.mondocamping.com\/fr\/wp-json\/wp\/v2\/media\/168198"}],"wp:attachment":[{"href":"https:\/\/www.mondocamping.com\/fr\/wp-json\/wp\/v2\/media?parent=168204"}],"wp:term":[{"taxonomy":"category","embeddable":true,"href":"https:\/\/www.mondocamping.com\/fr\/wp-json\/wp\/v2\/categories?post=168204"},{"taxonomy":"post_tag","embeddable":true,"href":"https:\/\/www.mondocamping.com\/fr\/wp-json\/wp\/v2\/tags?post=168204"}],"curies":[{"name":"wp","href":"https:\/\/api.w.org\/{rel}","templated":true}]}}