{"id":168274,"date":"2024-03-29T16:07:25","date_gmt":"2024-03-29T15:07:25","guid":{"rendered":"https:\/\/www.mondocamping.com\/profilmi-des-solutions-de-style-eco-vert-sans-fin-pour-lexterieur\/"},"modified":"2024-03-29T16:07:26","modified_gmt":"2024-03-29T15:07:26","slug":"profilmi-des-solutions-de-style-eco-vert-sans-fin-pour-lexterieur","status":"publish","type":"post","link":"https:\/\/www.mondocamping.com\/fr\/profilmi-des-solutions-de-style-eco-vert-sans-fin-pour-lexterieur\/","title":{"rendered":"Profilmi, des solutions de style \u00e9co-vert sans fin pour l&rsquo;ext\u00e9rieur"},"content":{"rendered":"\n<p>L&rsquo;innovation rencontre le style,<em> <\/em>la combinaison parfaite de l&rsquo;esth\u00e9tique naturelle du bois et de la r\u00e9sistance avanc\u00e9e des mat\u00e9riaux composites. <strong>Profilmi<\/strong>, une entreprise innovante et hautement cr\u00e9ative, \u00e9tablie dans le domaine du <strong>compoundage premium<\/strong> depuis 40 ans, offre des solutions qui font la diff\u00e9rence pour le mobilier urbain, de plage et d&rsquo;ext\u00e9rieur. Leurs points forts sont le mat\u00e9riau innovant <strong>WPC<\/strong>, une solution durable et brevet\u00e9e (syst\u00e8me de gestion d&rsquo;entreprise certifi\u00e9 depuis 1994 ISO n\u00b0 174\/94), et le go\u00fbt inimitable qui transforme la vie en <em>plein air<\/em> en un espace chaleureux.<\/p>\n\n<h2 class=\"wp-block-heading\">Qu&rsquo;entend-on par WPC ?<\/h2>\n\n<p>L&rsquo;acronyme <strong>WPC<\/strong> signifie <strong>\n  <em>\u00ab\u00a0Wood Plastic Composite\u00a0\u00bb.<\/em>\n<\/strong>Il s&rsquo;agit d&rsquo;un mat\u00e9riau composite qui <strong>combine les caract\u00e9ristiques du bois et du plastique<\/strong>; il est principalement fabriqu\u00e9 \u00e0 partir de d\u00e9chets de bois pulv\u00e9ris\u00e9s, tels que le bambou, et d&rsquo;un m\u00e9lange de polym\u00e8res et d&rsquo;additifs plastiques. Bien qu&rsquo;il s&rsquo;agisse d&rsquo;un mat\u00e9riau artificiel, cr\u00e9\u00e9 par une technique d&rsquo;extrusion \u00e0 chaud, le WPC est un produit<strong> \u00e9cologiquement durable, recycl\u00e9 et recyclable <\/strong>, dont l&rsquo;impact sur l&rsquo;environnement est inf\u00e9rieur \u00e0 celui d&rsquo;autres mat\u00e9riaux tels que le bois et le m\u00e9tal.<\/p>\n\n<h2 class=\"wp-block-heading\">Quelles sont les caract\u00e9ristiques du WPC ?  <\/h2>\n\n<p>Le WPC est un mat\u00e9riau extr\u00eamement <strong>polyvalent<\/strong> qui offre une excellente <strong>durabilit\u00e9 <\/strong>gr\u00e2ce \u00e0 sa <strong>r\u00e9sistance aux <\/strong>intemp\u00e9ries ; il est<strong> imperm\u00e9able \u00e0 l&rsquo;eau,<\/strong> ne se d\u00e9forme pas avec l&rsquo;humidit\u00e9, ne pourrit pas avec le temps gr\u00e2ce \u00e0 sa composition \u00e0 base de polym\u00e8res et est \u00e9galement extraordinairement <strong>r\u00e9sistant aux UV<\/strong>. Ces caract\u00e9ristiques garantissent une <strong>longue dur\u00e9e de vie avec peu ou pas d&rsquo;entretien <\/strong>.  <\/p>\n\n<p>Les solutions WPC sont esth\u00e9tiquement tr\u00e8s agr\u00e9ables gr\u00e2ce \u00e0 leur<strong>aspect<\/strong> bois<strong>naturel<\/strong>, ce qui contribue \u00e0 cr\u00e9er un environnement<em> ext\u00e9rieur<\/em> agr\u00e9able. Les rev\u00eatements de sol pour v\u00e9randas et les meubles d&rsquo;ext\u00e9rieur en WPC sont une proposition de pointe qui allie fonctionnalit\u00e9, style et \u00e9codurabilit\u00e9 &#8211; une caract\u00e9ristique d&rsquo;aujourd&rsquo;hui con\u00e7ue pour demain.  <\/p>\n<div class=\"wp-block-image\">\n<figure class=\"aligncenter size-large\"><img fetchpriority=\"high\" decoding=\"async\" width=\"1024\" height=\"536\" src=\"https:\/\/www.mondocamping.com\/wp-content\/uploads\/2024\/03\/pavimentazioni-per-esterni-in-WPC-2-1024x536.jpg\" alt=\"\" class=\"wp-image-168252\" srcset=\"https:\/\/www.mondocamping.com\/wp-content\/uploads\/2024\/03\/pavimentazioni-per-esterni-in-WPC-2-1024x536.jpg 1024w, https:\/\/www.mondocamping.com\/wp-content\/uploads\/2024\/03\/pavimentazioni-per-esterni-in-WPC-2-300x157.jpg 300w, https:\/\/www.mondocamping.com\/wp-content\/uploads\/2024\/03\/pavimentazioni-per-esterni-in-WPC-2-768x402.jpg 768w, https:\/\/www.mondocamping.com\/wp-content\/uploads\/2024\/03\/pavimentazioni-per-esterni-in-WPC-2.jpg 1200w\" sizes=\"(max-width: 1024px) 100vw, 1024px\" \/><\/figure>\n<\/div>\n<h2 class=\"wp-block-heading\">Rev\u00eatement de sol en WPC<\/h2>\n\n<p>Les solutions de rev\u00eatement de sol ext\u00e9rieur en WPC propos\u00e9es par <strong>La Profilmi<\/strong> sont tr\u00e8s demand\u00e9es pour les applications commerciales et r\u00e9sidentielles. De nombreux clients les choisissent pour <strong>leur jardin ou la v\u00e9randa de leur maison<\/strong>, id\u00e9al pour cr\u00e9er un espace<em> en plein air<\/em> \u00e9l\u00e9gant, durable et fonctionnel. Les surfaces en WPC sont \u00e9galement s\u00fbres car elles ne pr\u00e9sentent aucun risque de glissade et sont tr\u00e8s agr\u00e9ables au toucher lorsqu&rsquo;on marche pieds nus.  <\/p>\n\n<p>L&rsquo;utilisation des<strong> <em>terrasses <\/em>en WPC<\/strong> est devenue de plus en plus populaire en raison de leur durabilit\u00e9 et de leur<strong> faible<\/strong> besoin d&rsquo;<strong> entretien<\/strong>: les rev\u00eatements de sol en WPC ne se<strong> fendent pas, ne se fissurent pas et ne se d\u00e9forment<\/strong> pas comme les planches de bois. Ils pr\u00e9sentent \u00e9galement une<strong>grande r\u00e9sistance \u00e0 l&rsquo;usure et \u00e0 la pression m\u00e9canique<\/strong>. Un autre avantage du WPC est qu&rsquo;il est <strong>r\u00e9sistant aux vers du bois et aux insectes, et imperm\u00e9able aux moisissures et aux champignons<\/strong>.<\/p>\n\n<p>Les rev\u00eatements de sol WPC de La Profilmi s&rsquo;adaptent \u00e0 tous les contextes, ils peuvent donc \u00eatre utilis\u00e9s pour recouvrir des all\u00e9es \u00e9l\u00e9gantes, des espaces de d\u00e9tente accueillants, des aires de jeux s\u00e9curis\u00e9es pour les enfants ou m\u00eame pour tapisser les bords des piscines et des jacuzzis.<\/p>\n\n<h2 class=\"wp-block-heading\">Salottino, une touche de classe pour votre jardin<\/h2>\n\n<p>Dans le monde de <strong>La Profilmi<\/strong>, l&rsquo;<em>ext\u00e9rieur<\/em> est une question de fonctionnalit\u00e9, de confort et de style, toujours dans une optique de durabilit\u00e9. Une logique capable de cr\u00e9er une v\u00e9ritable connexion avec votre environnement, qui distingue les enceintes ext\u00e9rieures et les accessoires d&rsquo;ameublement, tels que les<strong> salons <\/strong>inspir\u00e9s du design am\u00e9ricain classique.  <\/p>\n\n<p>Les chaises de jardin am\u00e9ricaines sont une ic\u00f4ne de style et de confort dans le mobilier d&rsquo;<em>ext\u00e9rieur<\/em>, comme le mod\u00e8le embl\u00e9matique<em>\u00ab\u00a0Adirondack<\/em>\u00ab\u00a0, un v\u00e9ritable <em>must-have<\/em>. Profilmi s&rsquo;est inspir\u00e9 de ce grand classique pour cr\u00e9er l&rsquo;extraordinaire chaise \u00ab\u00a0Cate\u00a0\u00bb.<strong>\n  <em> \u00ab\u00a0Cate\u00a0\u00bb. <\/em>\n<\/strong>Un compl\u00e9ment qui r\u00e9v\u00e8le un niveau sup\u00e9rieur d&rsquo;\u00e9l\u00e9gance et de durabilit\u00e9 gr\u00e2ce \u00e0 ses dossiers inclinables et \u00e0 ses larges accoudoirs qui offrent une relaxation maximale dans une combinaison parfaite de fonctionnalit\u00e9 et d&rsquo;esth\u00e9tique.  <\/p>\n\n<p>Les chaises et les salons peuvent \u00e9galement \u00eatre fabriqu\u00e9s en WPC et se distinguent par leur robustesse et leur r\u00e9sistance aux intemp\u00e9ries, id\u00e9ales pour passer d&rsquo;agr\u00e9ables moments \u00e0 l&rsquo;ext\u00e9rieur en toute saison.  <\/p>\n<div class=\"wp-block-image\">\n<figure class=\"aligncenter size-large\"><img decoding=\"async\" width=\"1024\" height=\"536\" src=\"https:\/\/www.mondocamping.com\/wp-content\/uploads\/2024\/03\/top-sedia-americana-da-giardino-copia-2-1024x536.jpg\" alt=\"\" class=\"wp-image-168256\" srcset=\"https:\/\/www.mondocamping.com\/wp-content\/uploads\/2024\/03\/top-sedia-americana-da-giardino-copia-2-1024x536.jpg 1024w, https:\/\/www.mondocamping.com\/wp-content\/uploads\/2024\/03\/top-sedia-americana-da-giardino-copia-2-300x157.jpg 300w, https:\/\/www.mondocamping.com\/wp-content\/uploads\/2024\/03\/top-sedia-americana-da-giardino-copia-2-768x402.jpg 768w, https:\/\/www.mondocamping.com\/wp-content\/uploads\/2024\/03\/top-sedia-americana-da-giardino-copia-2.jpg 1200w\" sizes=\"(max-width: 1024px) 100vw, 1024px\" \/><\/figure>\n<\/div>\n<p>Pour plus d&rsquo;informations<\/p>\n\n<div class=\"wp-block-buttons is-layout-flex wp-block-buttons-is-layout-flex\">\n<div class=\"wp-block-button\"><a class=\"wp-block-button__link wp-element-button\" href=\"https:\/\/www.profilmi.it\" target=\"_blank\" rel=\"noreferrer noopener\">Contacter La Profilmi<\/a><\/div>\n<\/div>\n","protected":false},"excerpt":{"rendered":"<p>L&rsquo;innovation rencontre le style, la combinaison parfaite de l&rsquo;esth\u00e9tique naturelle du bois et de la r\u00e9sistance avanc\u00e9e des mat\u00e9riaux composites. Profilmi, une entreprise innovante et hautement cr\u00e9ative, \u00e9tablie dans le domaine du compoundage premium depuis 40 ans, offre des solutions qui font la diff\u00e9rence pour le mobilier urbain, de plage et d&rsquo;ext\u00e9rieur. Leurs points forts [&hellip;]<\/p>\n","protected":false},"author":71,"featured_media":168261,"comment_status":"closed","ping_status":"closed","sticky":false,"template":"","format":"standard","meta":{"_acf_changed":false,"_monsterinsights_skip_tracking":false,"_monsterinsights_sitenote_active":false,"_monsterinsights_sitenote_note":"","_monsterinsights_sitenote_category":0,"footnotes":""},"categories":[4022],"tags":[4189,4210,4262,6190,4079,6189],"class_list":["post-168274","post","type-post","status-publish","format-standard","has-post-thumbnail","hentry","category-editoriaux","tag-camping-fr","tag-camping-fr-2","tag-mondo-camping-fr","tag-pavage-eco-durable","tag-tourisme-de-plein-air","tag-wpc-fr"],"acf":[],"yoast_head":"<!-- This site is optimized with the Yoast SEO plugin v27.5 - https:\/\/yoast.com\/product\/yoast-seo-wordpress\/ -->\n<title>Profilmi, des solutions de style \u00e9co-vert sans fin pour l&#039;ext\u00e9rieur<\/title>\n<meta name=\"robots\" content=\"index, follow, max-snippet:-1, max-image-preview:large, max-video-preview:-1\" \/>\n<link rel=\"canonical\" href=\"https:\/\/www.mondocamping.com\/fr\/profilmi-des-solutions-de-style-eco-vert-sans-fin-pour-lexterieur\/\" \/>\n<meta property=\"og:locale\" content=\"fr_FR\" \/>\n<meta property=\"og:type\" content=\"article\" \/>\n<meta property=\"og:title\" content=\"Profilmi, des solutions de style \u00e9co-vert sans fin pour l&#039;ext\u00e9rieur\" \/>\n<meta property=\"og:description\" content=\"L&rsquo;innovation rencontre le style, la combinaison parfaite de l&rsquo;esth\u00e9tique naturelle du bois et de la r\u00e9sistance avanc\u00e9e des mat\u00e9riaux composites. Profilmi, une entreprise innovante et hautement cr\u00e9ative, \u00e9tablie dans le domaine du compoundage premium depuis 40 ans, offre des solutions qui font la diff\u00e9rence pour le mobilier urbain, de plage et d&rsquo;ext\u00e9rieur. Leurs points forts [&hellip;]\" \/>\n<meta property=\"og:url\" content=\"https:\/\/www.mondocamping.com\/fr\/profilmi-des-solutions-de-style-eco-vert-sans-fin-pour-lexterieur\/\" \/>\n<meta property=\"og:site_name\" content=\"Mondo Camping\" \/>\n<meta property=\"article:publisher\" content=\"https:\/\/www.facebook.com\/mondobalneare\" \/>\n<meta property=\"article:published_time\" content=\"2024-03-29T15:07:25+00:00\" \/>\n<meta property=\"article:modified_time\" content=\"2024-03-29T15:07:26+00:00\" \/>\n<meta property=\"og:image\" content=\"https:\/\/www.mondocamping.com\/wp-content\/uploads\/2024\/03\/top-azienda-2.jpg\" \/>\n\t<meta property=\"og:image:width\" content=\"1200\" \/>\n\t<meta property=\"og:image:height\" content=\"628\" \/>\n\t<meta property=\"og:image:type\" content=\"image\/jpeg\" \/>\n<meta name=\"author\" content=\"La Profilmi\" \/>\n<meta name=\"twitter:card\" content=\"summary_large_image\" \/>\n<meta name=\"twitter:creator\" content=\"@mondobalneare\" \/>\n<meta name=\"twitter:site\" content=\"@mondobalneare\" \/>\n<meta name=\"twitter:label1\" content=\"\u00c9crit par\" \/>\n\t<meta name=\"twitter:data1\" content=\"La Profilmi\" \/>\n\t<meta name=\"twitter:label2\" content=\"Dur\u00e9e de lecture estim\u00e9e\" \/>\n\t<meta name=\"twitter:data2\" content=\"4 minutes\" \/>\n<script type=\"application\/ld+json\" class=\"yoast-schema-graph\">{\"@context\":\"https:\\\/\\\/schema.org\",\"@graph\":[{\"@type\":\"Article\",\"@id\":\"https:\\\/\\\/www.mondocamping.com\\\/fr\\\/profilmi-des-solutions-de-style-eco-vert-sans-fin-pour-lexterieur\\\/#article\",\"isPartOf\":{\"@id\":\"https:\\\/\\\/www.mondocamping.com\\\/fr\\\/profilmi-des-solutions-de-style-eco-vert-sans-fin-pour-lexterieur\\\/\"},\"author\":{\"name\":\"La Profilmi\",\"@id\":\"https:\\\/\\\/www.mondocamping.com\\\/#\\\/schema\\\/person\\\/10b990ea4b2d57d04ba096015d165b9d\"},\"headline\":\"Profilmi, des solutions de style \u00e9co-vert sans fin pour l&rsquo;ext\u00e9rieur\",\"datePublished\":\"2024-03-29T15:07:25+00:00\",\"dateModified\":\"2024-03-29T15:07:26+00:00\",\"mainEntityOfPage\":{\"@id\":\"https:\\\/\\\/www.mondocamping.com\\\/fr\\\/profilmi-des-solutions-de-style-eco-vert-sans-fin-pour-lexterieur\\\/\"},\"wordCount\":808,\"publisher\":{\"@id\":\"https:\\\/\\\/www.mondocamping.com\\\/#organization\"},\"image\":{\"@id\":\"https:\\\/\\\/www.mondocamping.com\\\/fr\\\/profilmi-des-solutions-de-style-eco-vert-sans-fin-pour-lexterieur\\\/#primaryimage\"},\"thumbnailUrl\":\"https:\\\/\\\/www.mondocamping.com\\\/wp-content\\\/uploads\\\/2024\\\/03\\\/top-azienda-2.jpg\",\"keywords\":[\"camping\",\"camping\",\"Mondo Camping\",\"Pavage \u00e9co-durable\",\"Tourisme de plein air\",\"WPC\"],\"articleSection\":[\"\u00c9ditoriaux\"],\"inLanguage\":\"fr-FR\"},{\"@type\":\"WebPage\",\"@id\":\"https:\\\/\\\/www.mondocamping.com\\\/fr\\\/profilmi-des-solutions-de-style-eco-vert-sans-fin-pour-lexterieur\\\/\",\"url\":\"https:\\\/\\\/www.mondocamping.com\\\/fr\\\/profilmi-des-solutions-de-style-eco-vert-sans-fin-pour-lexterieur\\\/\",\"name\":\"Profilmi, des solutions de style \u00e9co-vert sans fin pour l'ext\u00e9rieur\",\"isPartOf\":{\"@id\":\"https:\\\/\\\/www.mondocamping.com\\\/#website\"},\"primaryImageOfPage\":{\"@id\":\"https:\\\/\\\/www.mondocamping.com\\\/fr\\\/profilmi-des-solutions-de-style-eco-vert-sans-fin-pour-lexterieur\\\/#primaryimage\"},\"image\":{\"@id\":\"https:\\\/\\\/www.mondocamping.com\\\/fr\\\/profilmi-des-solutions-de-style-eco-vert-sans-fin-pour-lexterieur\\\/#primaryimage\"},\"thumbnailUrl\":\"https:\\\/\\\/www.mondocamping.com\\\/wp-content\\\/uploads\\\/2024\\\/03\\\/top-azienda-2.jpg\",\"datePublished\":\"2024-03-29T15:07:25+00:00\",\"dateModified\":\"2024-03-29T15:07:26+00:00\",\"breadcrumb\":{\"@id\":\"https:\\\/\\\/www.mondocamping.com\\\/fr\\\/profilmi-des-solutions-de-style-eco-vert-sans-fin-pour-lexterieur\\\/#breadcrumb\"},\"inLanguage\":\"fr-FR\",\"potentialAction\":[{\"@type\":\"ReadAction\",\"target\":[\"https:\\\/\\\/www.mondocamping.com\\\/fr\\\/profilmi-des-solutions-de-style-eco-vert-sans-fin-pour-lexterieur\\\/\"]}]},{\"@type\":\"ImageObject\",\"inLanguage\":\"fr-FR\",\"@id\":\"https:\\\/\\\/www.mondocamping.com\\\/fr\\\/profilmi-des-solutions-de-style-eco-vert-sans-fin-pour-lexterieur\\\/#primaryimage\",\"url\":\"https:\\\/\\\/www.mondocamping.com\\\/wp-content\\\/uploads\\\/2024\\\/03\\\/top-azienda-2.jpg\",\"contentUrl\":\"https:\\\/\\\/www.mondocamping.com\\\/wp-content\\\/uploads\\\/2024\\\/03\\\/top-azienda-2.jpg\",\"width\":1200,\"height\":628},{\"@type\":\"BreadcrumbList\",\"@id\":\"https:\\\/\\\/www.mondocamping.com\\\/fr\\\/profilmi-des-solutions-de-style-eco-vert-sans-fin-pour-lexterieur\\\/#breadcrumb\",\"itemListElement\":[{\"@type\":\"ListItem\",\"position\":1,\"name\":\"Home\",\"item\":\"https:\\\/\\\/www.mondocamping.com\\\/fr\\\/\"},{\"@type\":\"ListItem\",\"position\":2,\"name\":\"Profilmi, des solutions de style \u00e9co-vert sans fin pour l&rsquo;ext\u00e9rieur\"}]},{\"@type\":\"WebSite\",\"@id\":\"https:\\\/\\\/www.mondocamping.com\\\/#website\",\"url\":\"https:\\\/\\\/www.mondocamping.com\\\/\",\"name\":\"Mondo Camping\",\"description\":\"Le portail d\u00e9di\u00e9 aux gestionnaires de campings et villages touristiques\",\"publisher\":{\"@id\":\"https:\\\/\\\/www.mondocamping.com\\\/#organization\"},\"potentialAction\":[{\"@type\":\"SearchAction\",\"target\":{\"@type\":\"EntryPoint\",\"urlTemplate\":\"https:\\\/\\\/www.mondocamping.com\\\/?s={search_term_string}\"},\"query-input\":{\"@type\":\"PropertyValueSpecification\",\"valueRequired\":true,\"valueName\":\"search_term_string\"}}],\"inLanguage\":\"fr-FR\"},{\"@type\":\"Organization\",\"@id\":\"https:\\\/\\\/www.mondocamping.com\\\/#organization\",\"name\":\"Mondo Camping\",\"url\":\"https:\\\/\\\/www.mondocamping.com\\\/\",\"logo\":{\"@type\":\"ImageObject\",\"inLanguage\":\"fr-FR\",\"@id\":\"https:\\\/\\\/www.mondocamping.com\\\/#\\\/schema\\\/logo\\\/image\\\/\",\"url\":\"https:\\\/\\\/www.mondocamping.com\\\/wp-content\\\/uploads\\\/2022\\\/04\\\/mondo-camping-logo-contornato-1.png\",\"contentUrl\":\"https:\\\/\\\/www.mondocamping.com\\\/wp-content\\\/uploads\\\/2022\\\/04\\\/mondo-camping-logo-contornato-1.png\",\"width\":280,\"height\":90,\"caption\":\"Mondo Camping\"},\"image\":{\"@id\":\"https:\\\/\\\/www.mondocamping.com\\\/#\\\/schema\\\/logo\\\/image\\\/\"},\"sameAs\":[\"https:\\\/\\\/www.facebook.com\\\/mondobalneare\",\"https:\\\/\\\/x.com\\\/mondobalneare\",\"https:\\\/\\\/www.instagram.com\\\/mondobalneare\\\/\",\"https:\\\/\\\/www.linkedin.com\\\/company\\\/67180810\\\/\",\"https:\\\/\\\/www.youtube.com\\\/user\\\/mondobalnearevideo\"]},{\"@type\":\"Person\",\"@id\":\"https:\\\/\\\/www.mondocamping.com\\\/#\\\/schema\\\/person\\\/10b990ea4b2d57d04ba096015d165b9d\",\"name\":\"La Profilmi\",\"image\":{\"@type\":\"ImageObject\",\"inLanguage\":\"fr-FR\",\"@id\":\"https:\\\/\\\/www.mondocamping.com\\\/wp-content\\\/uploads\\\/2019\\\/06\\\/profilmi-arredo-ecologico-150x150.png\",\"url\":\"https:\\\/\\\/www.mondocamping.com\\\/wp-content\\\/uploads\\\/2019\\\/06\\\/profilmi-arredo-ecologico-150x150.png\",\"contentUrl\":\"https:\\\/\\\/www.mondocamping.com\\\/wp-content\\\/uploads\\\/2019\\\/06\\\/profilmi-arredo-ecologico-150x150.png\",\"caption\":\"La Profilmi\"},\"description\":\"Tel. 0331 386043\"}]}<\/script>\n<!-- \/ Yoast SEO plugin. -->","yoast_head_json":{"title":"Profilmi, des solutions de style \u00e9co-vert sans fin pour l'ext\u00e9rieur","robots":{"index":"index","follow":"follow","max-snippet":"max-snippet:-1","max-image-preview":"max-image-preview:large","max-video-preview":"max-video-preview:-1"},"canonical":"https:\/\/www.mondocamping.com\/fr\/profilmi-des-solutions-de-style-eco-vert-sans-fin-pour-lexterieur\/","og_locale":"fr_FR","og_type":"article","og_title":"Profilmi, des solutions de style \u00e9co-vert sans fin pour l'ext\u00e9rieur","og_description":"L&rsquo;innovation rencontre le style, la combinaison parfaite de l&rsquo;esth\u00e9tique naturelle du bois et de la r\u00e9sistance avanc\u00e9e des mat\u00e9riaux composites. Profilmi, une entreprise innovante et hautement cr\u00e9ative, \u00e9tablie dans le domaine du compoundage premium depuis 40 ans, offre des solutions qui font la diff\u00e9rence pour le mobilier urbain, de plage et d&rsquo;ext\u00e9rieur. Leurs points forts [&hellip;]","og_url":"https:\/\/www.mondocamping.com\/fr\/profilmi-des-solutions-de-style-eco-vert-sans-fin-pour-lexterieur\/","og_site_name":"Mondo Camping","article_publisher":"https:\/\/www.facebook.com\/mondobalneare","article_published_time":"2024-03-29T15:07:25+00:00","article_modified_time":"2024-03-29T15:07:26+00:00","og_image":[{"width":1200,"height":628,"url":"https:\/\/www.mondocamping.com\/wp-content\/uploads\/2024\/03\/top-azienda-2.jpg","type":"image\/jpeg"}],"author":"La Profilmi","twitter_card":"summary_large_image","twitter_creator":"@mondobalneare","twitter_site":"@mondobalneare","twitter_misc":{"\u00c9crit par":"La Profilmi","Dur\u00e9e de lecture estim\u00e9e":"4 minutes"},"schema":{"@context":"https:\/\/schema.org","@graph":[{"@type":"Article","@id":"https:\/\/www.mondocamping.com\/fr\/profilmi-des-solutions-de-style-eco-vert-sans-fin-pour-lexterieur\/#article","isPartOf":{"@id":"https:\/\/www.mondocamping.com\/fr\/profilmi-des-solutions-de-style-eco-vert-sans-fin-pour-lexterieur\/"},"author":{"name":"La Profilmi","@id":"https:\/\/www.mondocamping.com\/#\/schema\/person\/10b990ea4b2d57d04ba096015d165b9d"},"headline":"Profilmi, des solutions de style \u00e9co-vert sans fin pour l&rsquo;ext\u00e9rieur","datePublished":"2024-03-29T15:07:25+00:00","dateModified":"2024-03-29T15:07:26+00:00","mainEntityOfPage":{"@id":"https:\/\/www.mondocamping.com\/fr\/profilmi-des-solutions-de-style-eco-vert-sans-fin-pour-lexterieur\/"},"wordCount":808,"publisher":{"@id":"https:\/\/www.mondocamping.com\/#organization"},"image":{"@id":"https:\/\/www.mondocamping.com\/fr\/profilmi-des-solutions-de-style-eco-vert-sans-fin-pour-lexterieur\/#primaryimage"},"thumbnailUrl":"https:\/\/www.mondocamping.com\/wp-content\/uploads\/2024\/03\/top-azienda-2.jpg","keywords":["camping","camping","Mondo Camping","Pavage \u00e9co-durable","Tourisme de plein air","WPC"],"articleSection":["\u00c9ditoriaux"],"inLanguage":"fr-FR"},{"@type":"WebPage","@id":"https:\/\/www.mondocamping.com\/fr\/profilmi-des-solutions-de-style-eco-vert-sans-fin-pour-lexterieur\/","url":"https:\/\/www.mondocamping.com\/fr\/profilmi-des-solutions-de-style-eco-vert-sans-fin-pour-lexterieur\/","name":"Profilmi, des solutions de style \u00e9co-vert sans fin pour l'ext\u00e9rieur","isPartOf":{"@id":"https:\/\/www.mondocamping.com\/#website"},"primaryImageOfPage":{"@id":"https:\/\/www.mondocamping.com\/fr\/profilmi-des-solutions-de-style-eco-vert-sans-fin-pour-lexterieur\/#primaryimage"},"image":{"@id":"https:\/\/www.mondocamping.com\/fr\/profilmi-des-solutions-de-style-eco-vert-sans-fin-pour-lexterieur\/#primaryimage"},"thumbnailUrl":"https:\/\/www.mondocamping.com\/wp-content\/uploads\/2024\/03\/top-azienda-2.jpg","datePublished":"2024-03-29T15:07:25+00:00","dateModified":"2024-03-29T15:07:26+00:00","breadcrumb":{"@id":"https:\/\/www.mondocamping.com\/fr\/profilmi-des-solutions-de-style-eco-vert-sans-fin-pour-lexterieur\/#breadcrumb"},"inLanguage":"fr-FR","potentialAction":[{"@type":"ReadAction","target":["https:\/\/www.mondocamping.com\/fr\/profilmi-des-solutions-de-style-eco-vert-sans-fin-pour-lexterieur\/"]}]},{"@type":"ImageObject","inLanguage":"fr-FR","@id":"https:\/\/www.mondocamping.com\/fr\/profilmi-des-solutions-de-style-eco-vert-sans-fin-pour-lexterieur\/#primaryimage","url":"https:\/\/www.mondocamping.com\/wp-content\/uploads\/2024\/03\/top-azienda-2.jpg","contentUrl":"https:\/\/www.mondocamping.com\/wp-content\/uploads\/2024\/03\/top-azienda-2.jpg","width":1200,"height":628},{"@type":"BreadcrumbList","@id":"https:\/\/www.mondocamping.com\/fr\/profilmi-des-solutions-de-style-eco-vert-sans-fin-pour-lexterieur\/#breadcrumb","itemListElement":[{"@type":"ListItem","position":1,"name":"Home","item":"https:\/\/www.mondocamping.com\/fr\/"},{"@type":"ListItem","position":2,"name":"Profilmi, des solutions de style \u00e9co-vert sans fin pour l&rsquo;ext\u00e9rieur"}]},{"@type":"WebSite","@id":"https:\/\/www.mondocamping.com\/#website","url":"https:\/\/www.mondocamping.com\/","name":"Mondo Camping","description":"Le portail d\u00e9di\u00e9 aux gestionnaires de campings et villages touristiques","publisher":{"@id":"https:\/\/www.mondocamping.com\/#organization"},"potentialAction":[{"@type":"SearchAction","target":{"@type":"EntryPoint","urlTemplate":"https:\/\/www.mondocamping.com\/?s={search_term_string}"},"query-input":{"@type":"PropertyValueSpecification","valueRequired":true,"valueName":"search_term_string"}}],"inLanguage":"fr-FR"},{"@type":"Organization","@id":"https:\/\/www.mondocamping.com\/#organization","name":"Mondo Camping","url":"https:\/\/www.mondocamping.com\/","logo":{"@type":"ImageObject","inLanguage":"fr-FR","@id":"https:\/\/www.mondocamping.com\/#\/schema\/logo\/image\/","url":"https:\/\/www.mondocamping.com\/wp-content\/uploads\/2022\/04\/mondo-camping-logo-contornato-1.png","contentUrl":"https:\/\/www.mondocamping.com\/wp-content\/uploads\/2022\/04\/mondo-camping-logo-contornato-1.png","width":280,"height":90,"caption":"Mondo Camping"},"image":{"@id":"https:\/\/www.mondocamping.com\/#\/schema\/logo\/image\/"},"sameAs":["https:\/\/www.facebook.com\/mondobalneare","https:\/\/x.com\/mondobalneare","https:\/\/www.instagram.com\/mondobalneare\/","https:\/\/www.linkedin.com\/company\/67180810\/","https:\/\/www.youtube.com\/user\/mondobalnearevideo"]},{"@type":"Person","@id":"https:\/\/www.mondocamping.com\/#\/schema\/person\/10b990ea4b2d57d04ba096015d165b9d","name":"La Profilmi","image":{"@type":"ImageObject","inLanguage":"fr-FR","@id":"https:\/\/www.mondocamping.com\/wp-content\/uploads\/2019\/06\/profilmi-arredo-ecologico-150x150.png","url":"https:\/\/www.mondocamping.com\/wp-content\/uploads\/2019\/06\/profilmi-arredo-ecologico-150x150.png","contentUrl":"https:\/\/www.mondocamping.com\/wp-content\/uploads\/2019\/06\/profilmi-arredo-ecologico-150x150.png","caption":"La Profilmi"},"description":"Tel. 0331 386043"}]}},"_links":{"self":[{"href":"https:\/\/www.mondocamping.com\/fr\/wp-json\/wp\/v2\/posts\/168274","targetHints":{"allow":["GET"]}}],"collection":[{"href":"https:\/\/www.mondocamping.com\/fr\/wp-json\/wp\/v2\/posts"}],"about":[{"href":"https:\/\/www.mondocamping.com\/fr\/wp-json\/wp\/v2\/types\/post"}],"author":[{"embeddable":true,"href":"https:\/\/www.mondocamping.com\/fr\/wp-json\/wp\/v2\/users\/71"}],"replies":[{"embeddable":true,"href":"https:\/\/www.mondocamping.com\/fr\/wp-json\/wp\/v2\/comments?post=168274"}],"version-history":[{"count":1,"href":"https:\/\/www.mondocamping.com\/fr\/wp-json\/wp\/v2\/posts\/168274\/revisions"}],"predecessor-version":[{"id":168275,"href":"https:\/\/www.mondocamping.com\/fr\/wp-json\/wp\/v2\/posts\/168274\/revisions\/168275"}],"wp:featuredmedia":[{"embeddable":true,"href":"https:\/\/www.mondocamping.com\/fr\/wp-json\/wp\/v2\/media\/168261"}],"wp:attachment":[{"href":"https:\/\/www.mondocamping.com\/fr\/wp-json\/wp\/v2\/media?parent=168274"}],"wp:term":[{"taxonomy":"category","embeddable":true,"href":"https:\/\/www.mondocamping.com\/fr\/wp-json\/wp\/v2\/categories?post=168274"},{"taxonomy":"post_tag","embeddable":true,"href":"https:\/\/www.mondocamping.com\/fr\/wp-json\/wp\/v2\/tags?post=168274"}],"curies":[{"name":"wp","href":"https:\/\/api.w.org\/{rel}","templated":true}]}}