{"id":169026,"date":"2024-05-14T13:26:01","date_gmt":"2024-05-14T11:26:01","guid":{"rendered":"https:\/\/www.mondocamping.com\/les-campings-catalans-mettent-laccent-sur-le-developpement-durable-faconner-un-avenir-toujours-plus-vert\/"},"modified":"2024-05-14T13:26:02","modified_gmt":"2024-05-14T11:26:02","slug":"les-campings-catalans-mettent-laccent-sur-le-developpement-durable-faconner-un-avenir-toujours-plus-vert","status":"publish","type":"post","link":"https:\/\/www.mondocamping.com\/fr\/les-campings-catalans-mettent-laccent-sur-le-developpement-durable-faconner-un-avenir-toujours-plus-vert\/","title":{"rendered":"Les campings catalans mettent l&rsquo;accent sur le d\u00e9veloppement durable : \u00ab\u00a0Fa\u00e7onner un avenir toujours plus vert\u00a0\u00bb."},"content":{"rendered":"\n<p>Les 25 et 26 avril 2024, le premier congr\u00e8s de camping de Catalogne s&rsquo;est tenu au <em>camping Vilanova Park <\/em>\u00e0 <em>Vilanova i la Geltr\u00fa, <\/em>dans la communaut\u00e9 autonome de Catalogne. L&rsquo;\u00e9v\u00e9nement \u00e9tait organis\u00e9 par l&rsquo;Association catalane de camping et soutenu par l&rsquo;Agence de tourisme de Catalogne. L&rsquo;\u00e9v\u00e9nement a \u00e9t\u00e9 suivi par de nombreux entrepreneurs du secteur provenant des r\u00e9gions de Barcelone, L\u00e9rida, G\u00e9rone, avec la Costa Brava, et Tarragone, avec la Costa Dorada, mais aussi par des repr\u00e9sentants de la Commission europ\u00e9enne.<strong> <\/strong>Experts espagnols et europ\u00e9ens dans les domaines du tourisme, de l&rsquo;\u00e9conomie, de la politique et de la science.<\/p>\n\n<h2 class=\"wp-block-heading\">Fa\u00e7onner un avenir plus vert\u00a0\u00bb : l&rsquo;industrie catalane du camping vise \u00e0 devenir plus durable<\/h2>\n\n<p>Les principaux objectifs du congr\u00e8s \u00e9taient clairs : renforcer la Catalogne en tant que destination touristique <em>en plein air<\/em>, mettre en relation les experts du secteur et, surtout, promouvoir la <strong>durabilit\u00e9 des campings<\/strong>. L&rsquo;accent a \u00e9t\u00e9 mis sur les strat\u00e9gies futures et les mesures concr\u00e8tes permettant aux campings d&rsquo;optimiser leur <strong>consommation d&rsquo;\u00e9nergie et d&rsquo;eau<\/strong>, de <strong>lutter contre le changement climatique<\/strong> et de <strong>pr\u00e9server les ressources naturelles<\/strong>. Un d\u00e9bat ouvert, pr\u00e9sid\u00e9 par le pr\u00e9sident de l&rsquo;Association espagnole des campings, auquel ont particip\u00e9 des scientifiques, des experts en tourisme, un m\u00e9t\u00e9orologue et d&rsquo;autres personnes qualifi\u00e9es ont \u00e9t\u00e9 invit\u00e9s \u00e0 la table des orateurs et dans les tables rondes.<\/p>\n\n<p>Les repr\u00e9sentants des associations de campings de Catalogne, de France, d&rsquo;Italie et du Danemark se sont concentr\u00e9s sur les d\u00e9fis et les opportunit\u00e9s auxquels les campings doivent et peuvent faire face \u00e0 l&rsquo;heure du changement climatique et de la num\u00e9risation, un avenir qui court vite mais qui est de plus en plus \u00e0 la recherche de ses origines, en lien avec la nature. Lors d&rsquo;un panel international, le mod\u00e9rateur et entrepreneur <em>Ralph Heinze<\/em> a fait le point avec des<em>\u00ab\u00a0leaders d&rsquo;opinion de l&rsquo;industrie europ\u00e9enne du camping<\/em>\u00a0\u00bb sur les orientations \u00e0 prendre \u00e0 l&rsquo;avenir.<\/p>\n\n<p>Des personnalit\u00e9s du secteur ont particip\u00e9 \u00e0 la conf\u00e9rence, notamment  <em>Uwe Frers<\/em>, PDG de PiNCAMP, <em>Ramon van Reine<\/em>, PDG d&rsquo;ACSI, <em>Josipa Cvelic-Bonifacic PhD<\/em>, professeur adjoint \u00e0 la facult\u00e9 de tourisme et de gestion de l&rsquo;h\u00f4tellerie d&rsquo;Opatija et initiateur du programme<em>\u00ab\u00a0Study Master Of Sustainable Outdoor Hospitality Management<\/em>\u00ab\u00a0, et<em> Martin Rolletschek<\/em>, ing\u00e9nieur en environnement, consultant et auditeur d&rsquo;ECOCAMPING.  <\/p>\n\n<p><em>Martin Rolletschek <\/em>a soulign\u00e9 l&rsquo;importance croissante des campings qui pr\u00e9servent les ressources et am\u00e9liorent leur qualit\u00e9 et leur empreinte carbone, en donnant l&rsquo;exemple de plus de 210 campings dans huit pays europ\u00e9ens qui ont obtenu la reconnaissance ECOCAMPING. En Catalogne \u00e9galement, ECOCAMPING mettra \u00e0 profit ses nombreuses ann\u00e9es d&rsquo;exp\u00e9rience et d&rsquo;expertise pour soutenir les campings qui s&rsquo;engagent \u00e0 devenir encore plus durables.<\/p>\n","protected":false},"excerpt":{"rendered":"<p>Les 25 et 26 avril 2024, le premier congr\u00e8s de camping de Catalogne s&rsquo;est tenu au camping Vilanova Park \u00e0 Vilanova i la Geltr\u00fa, dans la communaut\u00e9 autonome de Catalogne. L&rsquo;\u00e9v\u00e9nement \u00e9tait organis\u00e9 par l&rsquo;Association catalane de camping et soutenu par l&rsquo;Agence de tourisme de Catalogne. L&rsquo;\u00e9v\u00e9nement a \u00e9t\u00e9 suivi par de nombreux entrepreneurs du [&hellip;]<\/p>\n","protected":false},"author":5,"featured_media":169007,"comment_status":"closed","ping_status":"closed","sticky":false,"template":"","format":"standard","meta":{"_acf_changed":false,"_monsterinsights_skip_tracking":false,"_monsterinsights_sitenote_active":false,"_monsterinsights_sitenote_note":"","_monsterinsights_sitenote_category":0,"footnotes":""},"categories":[4024],"tags":[4189,4210,6275,5979,4262,4079],"class_list":["post-169026","post","type-post","status-publish","format-standard","has-post-thumbnail","hentry","category-actualite","tag-camping-fr","tag-camping-fr-2","tag-catalogne","tag-ecocamping-fr","tag-mondo-camping-fr","tag-tourisme-de-plein-air"],"acf":[],"yoast_head":"<!-- This site is optimized with the Yoast SEO plugin v27.5 - https:\/\/yoast.com\/product\/yoast-seo-wordpress\/ -->\n<title>Les campings catalans mettent l&#039;accent sur le d\u00e9veloppement durable : &quot;Fa\u00e7onner un avenir toujours plus vert&quot;.<\/title>\n<meta name=\"robots\" content=\"index, follow, max-snippet:-1, max-image-preview:large, max-video-preview:-1\" \/>\n<link rel=\"canonical\" href=\"https:\/\/www.mondocamping.com\/fr\/les-campings-catalans-mettent-laccent-sur-le-developpement-durable-faconner-un-avenir-toujours-plus-vert\/\" \/>\n<meta property=\"og:locale\" content=\"fr_FR\" \/>\n<meta property=\"og:type\" content=\"article\" \/>\n<meta property=\"og:title\" content=\"Les campings catalans mettent l&#039;accent sur le d\u00e9veloppement durable : &quot;Fa\u00e7onner un avenir toujours plus vert&quot;.\" \/>\n<meta property=\"og:description\" content=\"Les 25 et 26 avril 2024, le premier congr\u00e8s de camping de Catalogne s&rsquo;est tenu au camping Vilanova Park \u00e0 Vilanova i la Geltr\u00fa, dans la communaut\u00e9 autonome de Catalogne. L&rsquo;\u00e9v\u00e9nement \u00e9tait organis\u00e9 par l&rsquo;Association catalane de camping et soutenu par l&rsquo;Agence de tourisme de Catalogne. L&rsquo;\u00e9v\u00e9nement a \u00e9t\u00e9 suivi par de nombreux entrepreneurs du [&hellip;]\" \/>\n<meta property=\"og:url\" content=\"https:\/\/www.mondocamping.com\/fr\/les-campings-catalans-mettent-laccent-sur-le-developpement-durable-faconner-un-avenir-toujours-plus-vert\/\" \/>\n<meta property=\"og:site_name\" content=\"Mondo Camping\" \/>\n<meta property=\"article:publisher\" content=\"https:\/\/www.facebook.com\/mondobalneare\" \/>\n<meta property=\"article:author\" content=\"https:\/\/www.facebook.com\/mondocamping\" \/>\n<meta property=\"article:published_time\" content=\"2024-05-14T11:26:01+00:00\" \/>\n<meta property=\"article:modified_time\" content=\"2024-05-14T11:26:02+00:00\" \/>\n<meta property=\"og:image\" content=\"https:\/\/www.mondocamping.com\/wp-content\/uploads\/2024\/05\/65_title_image-1-ECOCAMPING.jpeg\" \/>\n\t<meta property=\"og:image:width\" content=\"792\" \/>\n\t<meta property=\"og:image:height\" content=\"446\" \/>\n\t<meta property=\"og:image:type\" content=\"image\/jpeg\" \/>\n<meta name=\"author\" content=\"Mondo Camping\" \/>\n<meta name=\"twitter:card\" content=\"summary_large_image\" \/>\n<meta name=\"twitter:creator\" content=\"@mondobalneare\" \/>\n<meta name=\"twitter:site\" content=\"@mondobalneare\" \/>\n<meta name=\"twitter:label1\" content=\"\u00c9crit par\" \/>\n\t<meta name=\"twitter:data1\" content=\"Mondo Camping\" \/>\n\t<meta name=\"twitter:label2\" content=\"Dur\u00e9e de lecture estim\u00e9e\" \/>\n\t<meta name=\"twitter:data2\" content=\"2 minutes\" \/>\n<script type=\"application\/ld+json\" class=\"yoast-schema-graph\">{\"@context\":\"https:\\\/\\\/schema.org\",\"@graph\":[{\"@type\":\"Article\",\"@id\":\"https:\\\/\\\/www.mondocamping.com\\\/fr\\\/les-campings-catalans-mettent-laccent-sur-le-developpement-durable-faconner-un-avenir-toujours-plus-vert\\\/#article\",\"isPartOf\":{\"@id\":\"https:\\\/\\\/www.mondocamping.com\\\/fr\\\/les-campings-catalans-mettent-laccent-sur-le-developpement-durable-faconner-un-avenir-toujours-plus-vert\\\/\"},\"author\":{\"name\":\"Mondo Camping\",\"@id\":\"https:\\\/\\\/www.mondocamping.com\\\/#\\\/schema\\\/person\\\/01a031b8c5ef08c2204bb0e696f0a760\"},\"headline\":\"Les campings catalans mettent l&rsquo;accent sur le d\u00e9veloppement durable : \u00ab\u00a0Fa\u00e7onner un avenir toujours plus vert\u00a0\u00bb.\",\"datePublished\":\"2024-05-14T11:26:01+00:00\",\"dateModified\":\"2024-05-14T11:26:02+00:00\",\"mainEntityOfPage\":{\"@id\":\"https:\\\/\\\/www.mondocamping.com\\\/fr\\\/les-campings-catalans-mettent-laccent-sur-le-developpement-durable-faconner-un-avenir-toujours-plus-vert\\\/\"},\"wordCount\":499,\"publisher\":{\"@id\":\"https:\\\/\\\/www.mondocamping.com\\\/#organization\"},\"image\":{\"@id\":\"https:\\\/\\\/www.mondocamping.com\\\/fr\\\/les-campings-catalans-mettent-laccent-sur-le-developpement-durable-faconner-un-avenir-toujours-plus-vert\\\/#primaryimage\"},\"thumbnailUrl\":\"https:\\\/\\\/www.mondocamping.com\\\/wp-content\\\/uploads\\\/2024\\\/05\\\/65_title_image-1-ECOCAMPING.jpeg\",\"keywords\":[\"camping\",\"camping\",\"Catalogne\",\"ECOCAMPING\",\"Mondo Camping\",\"Tourisme de plein air\"],\"articleSection\":[\"Actualit\u00e9\"],\"inLanguage\":\"fr-FR\"},{\"@type\":\"WebPage\",\"@id\":\"https:\\\/\\\/www.mondocamping.com\\\/fr\\\/les-campings-catalans-mettent-laccent-sur-le-developpement-durable-faconner-un-avenir-toujours-plus-vert\\\/\",\"url\":\"https:\\\/\\\/www.mondocamping.com\\\/fr\\\/les-campings-catalans-mettent-laccent-sur-le-developpement-durable-faconner-un-avenir-toujours-plus-vert\\\/\",\"name\":\"Les campings catalans mettent l'accent sur le d\u00e9veloppement durable : \\\"Fa\u00e7onner un avenir toujours plus vert\\\".\",\"isPartOf\":{\"@id\":\"https:\\\/\\\/www.mondocamping.com\\\/#website\"},\"primaryImageOfPage\":{\"@id\":\"https:\\\/\\\/www.mondocamping.com\\\/fr\\\/les-campings-catalans-mettent-laccent-sur-le-developpement-durable-faconner-un-avenir-toujours-plus-vert\\\/#primaryimage\"},\"image\":{\"@id\":\"https:\\\/\\\/www.mondocamping.com\\\/fr\\\/les-campings-catalans-mettent-laccent-sur-le-developpement-durable-faconner-un-avenir-toujours-plus-vert\\\/#primaryimage\"},\"thumbnailUrl\":\"https:\\\/\\\/www.mondocamping.com\\\/wp-content\\\/uploads\\\/2024\\\/05\\\/65_title_image-1-ECOCAMPING.jpeg\",\"datePublished\":\"2024-05-14T11:26:01+00:00\",\"dateModified\":\"2024-05-14T11:26:02+00:00\",\"breadcrumb\":{\"@id\":\"https:\\\/\\\/www.mondocamping.com\\\/fr\\\/les-campings-catalans-mettent-laccent-sur-le-developpement-durable-faconner-un-avenir-toujours-plus-vert\\\/#breadcrumb\"},\"inLanguage\":\"fr-FR\",\"potentialAction\":[{\"@type\":\"ReadAction\",\"target\":[\"https:\\\/\\\/www.mondocamping.com\\\/fr\\\/les-campings-catalans-mettent-laccent-sur-le-developpement-durable-faconner-un-avenir-toujours-plus-vert\\\/\"]}]},{\"@type\":\"ImageObject\",\"inLanguage\":\"fr-FR\",\"@id\":\"https:\\\/\\\/www.mondocamping.com\\\/fr\\\/les-campings-catalans-mettent-laccent-sur-le-developpement-durable-faconner-un-avenir-toujours-plus-vert\\\/#primaryimage\",\"url\":\"https:\\\/\\\/www.mondocamping.com\\\/wp-content\\\/uploads\\\/2024\\\/05\\\/65_title_image-1-ECOCAMPING.jpeg\",\"contentUrl\":\"https:\\\/\\\/www.mondocamping.com\\\/wp-content\\\/uploads\\\/2024\\\/05\\\/65_title_image-1-ECOCAMPING.jpeg\",\"width\":792,\"height\":446,\"caption\":\"ECOCAMPING\"},{\"@type\":\"BreadcrumbList\",\"@id\":\"https:\\\/\\\/www.mondocamping.com\\\/fr\\\/les-campings-catalans-mettent-laccent-sur-le-developpement-durable-faconner-un-avenir-toujours-plus-vert\\\/#breadcrumb\",\"itemListElement\":[{\"@type\":\"ListItem\",\"position\":1,\"name\":\"Home\",\"item\":\"https:\\\/\\\/www.mondocamping.com\\\/fr\\\/\"},{\"@type\":\"ListItem\",\"position\":2,\"name\":\"Les campings catalans mettent l&rsquo;accent sur le d\u00e9veloppement durable : \u00ab\u00a0Fa\u00e7onner un avenir toujours plus vert\u00a0\u00bb.\"}]},{\"@type\":\"WebSite\",\"@id\":\"https:\\\/\\\/www.mondocamping.com\\\/#website\",\"url\":\"https:\\\/\\\/www.mondocamping.com\\\/\",\"name\":\"Mondo Camping\",\"description\":\"Le portail d\u00e9di\u00e9 aux gestionnaires de campings et villages touristiques\",\"publisher\":{\"@id\":\"https:\\\/\\\/www.mondocamping.com\\\/#organization\"},\"potentialAction\":[{\"@type\":\"SearchAction\",\"target\":{\"@type\":\"EntryPoint\",\"urlTemplate\":\"https:\\\/\\\/www.mondocamping.com\\\/?s={search_term_string}\"},\"query-input\":{\"@type\":\"PropertyValueSpecification\",\"valueRequired\":true,\"valueName\":\"search_term_string\"}}],\"inLanguage\":\"fr-FR\"},{\"@type\":\"Organization\",\"@id\":\"https:\\\/\\\/www.mondocamping.com\\\/#organization\",\"name\":\"Mondo Camping\",\"url\":\"https:\\\/\\\/www.mondocamping.com\\\/\",\"logo\":{\"@type\":\"ImageObject\",\"inLanguage\":\"fr-FR\",\"@id\":\"https:\\\/\\\/www.mondocamping.com\\\/#\\\/schema\\\/logo\\\/image\\\/\",\"url\":\"https:\\\/\\\/www.mondocamping.com\\\/wp-content\\\/uploads\\\/2022\\\/04\\\/mondo-camping-logo-contornato-1.png\",\"contentUrl\":\"https:\\\/\\\/www.mondocamping.com\\\/wp-content\\\/uploads\\\/2022\\\/04\\\/mondo-camping-logo-contornato-1.png\",\"width\":280,\"height\":90,\"caption\":\"Mondo Camping\"},\"image\":{\"@id\":\"https:\\\/\\\/www.mondocamping.com\\\/#\\\/schema\\\/logo\\\/image\\\/\"},\"sameAs\":[\"https:\\\/\\\/www.facebook.com\\\/mondobalneare\",\"https:\\\/\\\/x.com\\\/mondobalneare\",\"https:\\\/\\\/www.instagram.com\\\/mondobalneare\\\/\",\"https:\\\/\\\/www.linkedin.com\\\/company\\\/67180810\\\/\",\"https:\\\/\\\/www.youtube.com\\\/user\\\/mondobalnearevideo\"]},{\"@type\":\"Person\",\"@id\":\"https:\\\/\\\/www.mondocamping.com\\\/#\\\/schema\\\/person\\\/01a031b8c5ef08c2204bb0e696f0a760\",\"name\":\"Mondo Camping\",\"image\":{\"@type\":\"ImageObject\",\"inLanguage\":\"fr-FR\",\"@id\":\"https:\\\/\\\/www.mondocamping.com\\\/wp-content\\\/uploads\\\/2022\\\/05\\\/cropped-icona-MONDO-CAMPING-150x150.png\",\"url\":\"https:\\\/\\\/www.mondocamping.com\\\/wp-content\\\/uploads\\\/2022\\\/05\\\/cropped-icona-MONDO-CAMPING-150x150.png\",\"contentUrl\":\"https:\\\/\\\/www.mondocamping.com\\\/wp-content\\\/uploads\\\/2022\\\/05\\\/cropped-icona-MONDO-CAMPING-150x150.png\",\"caption\":\"Mondo Camping\"},\"sameAs\":[\"https:\\\/\\\/www.mondocamping.com\\\/\",\"https:\\\/\\\/www.facebook.com\\\/mondocamping\"]}]}<\/script>\n<!-- \/ Yoast SEO plugin. -->","yoast_head_json":{"title":"Les campings catalans mettent l'accent sur le d\u00e9veloppement durable : \"Fa\u00e7onner un avenir toujours plus vert\".","robots":{"index":"index","follow":"follow","max-snippet":"max-snippet:-1","max-image-preview":"max-image-preview:large","max-video-preview":"max-video-preview:-1"},"canonical":"https:\/\/www.mondocamping.com\/fr\/les-campings-catalans-mettent-laccent-sur-le-developpement-durable-faconner-un-avenir-toujours-plus-vert\/","og_locale":"fr_FR","og_type":"article","og_title":"Les campings catalans mettent l'accent sur le d\u00e9veloppement durable : \"Fa\u00e7onner un avenir toujours plus vert\".","og_description":"Les 25 et 26 avril 2024, le premier congr\u00e8s de camping de Catalogne s&rsquo;est tenu au camping Vilanova Park \u00e0 Vilanova i la Geltr\u00fa, dans la communaut\u00e9 autonome de Catalogne. L&rsquo;\u00e9v\u00e9nement \u00e9tait organis\u00e9 par l&rsquo;Association catalane de camping et soutenu par l&rsquo;Agence de tourisme de Catalogne. L&rsquo;\u00e9v\u00e9nement a \u00e9t\u00e9 suivi par de nombreux entrepreneurs du [&hellip;]","og_url":"https:\/\/www.mondocamping.com\/fr\/les-campings-catalans-mettent-laccent-sur-le-developpement-durable-faconner-un-avenir-toujours-plus-vert\/","og_site_name":"Mondo Camping","article_publisher":"https:\/\/www.facebook.com\/mondobalneare","article_author":"https:\/\/www.facebook.com\/mondocamping","article_published_time":"2024-05-14T11:26:01+00:00","article_modified_time":"2024-05-14T11:26:02+00:00","og_image":[{"width":792,"height":446,"url":"https:\/\/www.mondocamping.com\/wp-content\/uploads\/2024\/05\/65_title_image-1-ECOCAMPING.jpeg","type":"image\/jpeg"}],"author":"Mondo Camping","twitter_card":"summary_large_image","twitter_creator":"@mondobalneare","twitter_site":"@mondobalneare","twitter_misc":{"\u00c9crit par":"Mondo Camping","Dur\u00e9e de lecture estim\u00e9e":"2 minutes"},"schema":{"@context":"https:\/\/schema.org","@graph":[{"@type":"Article","@id":"https:\/\/www.mondocamping.com\/fr\/les-campings-catalans-mettent-laccent-sur-le-developpement-durable-faconner-un-avenir-toujours-plus-vert\/#article","isPartOf":{"@id":"https:\/\/www.mondocamping.com\/fr\/les-campings-catalans-mettent-laccent-sur-le-developpement-durable-faconner-un-avenir-toujours-plus-vert\/"},"author":{"name":"Mondo Camping","@id":"https:\/\/www.mondocamping.com\/#\/schema\/person\/01a031b8c5ef08c2204bb0e696f0a760"},"headline":"Les campings catalans mettent l&rsquo;accent sur le d\u00e9veloppement durable : \u00ab\u00a0Fa\u00e7onner un avenir toujours plus vert\u00a0\u00bb.","datePublished":"2024-05-14T11:26:01+00:00","dateModified":"2024-05-14T11:26:02+00:00","mainEntityOfPage":{"@id":"https:\/\/www.mondocamping.com\/fr\/les-campings-catalans-mettent-laccent-sur-le-developpement-durable-faconner-un-avenir-toujours-plus-vert\/"},"wordCount":499,"publisher":{"@id":"https:\/\/www.mondocamping.com\/#organization"},"image":{"@id":"https:\/\/www.mondocamping.com\/fr\/les-campings-catalans-mettent-laccent-sur-le-developpement-durable-faconner-un-avenir-toujours-plus-vert\/#primaryimage"},"thumbnailUrl":"https:\/\/www.mondocamping.com\/wp-content\/uploads\/2024\/05\/65_title_image-1-ECOCAMPING.jpeg","keywords":["camping","camping","Catalogne","ECOCAMPING","Mondo Camping","Tourisme de plein air"],"articleSection":["Actualit\u00e9"],"inLanguage":"fr-FR"},{"@type":"WebPage","@id":"https:\/\/www.mondocamping.com\/fr\/les-campings-catalans-mettent-laccent-sur-le-developpement-durable-faconner-un-avenir-toujours-plus-vert\/","url":"https:\/\/www.mondocamping.com\/fr\/les-campings-catalans-mettent-laccent-sur-le-developpement-durable-faconner-un-avenir-toujours-plus-vert\/","name":"Les campings catalans mettent l'accent sur le d\u00e9veloppement durable : \"Fa\u00e7onner un avenir toujours plus vert\".","isPartOf":{"@id":"https:\/\/www.mondocamping.com\/#website"},"primaryImageOfPage":{"@id":"https:\/\/www.mondocamping.com\/fr\/les-campings-catalans-mettent-laccent-sur-le-developpement-durable-faconner-un-avenir-toujours-plus-vert\/#primaryimage"},"image":{"@id":"https:\/\/www.mondocamping.com\/fr\/les-campings-catalans-mettent-laccent-sur-le-developpement-durable-faconner-un-avenir-toujours-plus-vert\/#primaryimage"},"thumbnailUrl":"https:\/\/www.mondocamping.com\/wp-content\/uploads\/2024\/05\/65_title_image-1-ECOCAMPING.jpeg","datePublished":"2024-05-14T11:26:01+00:00","dateModified":"2024-05-14T11:26:02+00:00","breadcrumb":{"@id":"https:\/\/www.mondocamping.com\/fr\/les-campings-catalans-mettent-laccent-sur-le-developpement-durable-faconner-un-avenir-toujours-plus-vert\/#breadcrumb"},"inLanguage":"fr-FR","potentialAction":[{"@type":"ReadAction","target":["https:\/\/www.mondocamping.com\/fr\/les-campings-catalans-mettent-laccent-sur-le-developpement-durable-faconner-un-avenir-toujours-plus-vert\/"]}]},{"@type":"ImageObject","inLanguage":"fr-FR","@id":"https:\/\/www.mondocamping.com\/fr\/les-campings-catalans-mettent-laccent-sur-le-developpement-durable-faconner-un-avenir-toujours-plus-vert\/#primaryimage","url":"https:\/\/www.mondocamping.com\/wp-content\/uploads\/2024\/05\/65_title_image-1-ECOCAMPING.jpeg","contentUrl":"https:\/\/www.mondocamping.com\/wp-content\/uploads\/2024\/05\/65_title_image-1-ECOCAMPING.jpeg","width":792,"height":446,"caption":"ECOCAMPING"},{"@type":"BreadcrumbList","@id":"https:\/\/www.mondocamping.com\/fr\/les-campings-catalans-mettent-laccent-sur-le-developpement-durable-faconner-un-avenir-toujours-plus-vert\/#breadcrumb","itemListElement":[{"@type":"ListItem","position":1,"name":"Home","item":"https:\/\/www.mondocamping.com\/fr\/"},{"@type":"ListItem","position":2,"name":"Les campings catalans mettent l&rsquo;accent sur le d\u00e9veloppement durable : \u00ab\u00a0Fa\u00e7onner un avenir toujours plus vert\u00a0\u00bb."}]},{"@type":"WebSite","@id":"https:\/\/www.mondocamping.com\/#website","url":"https:\/\/www.mondocamping.com\/","name":"Mondo Camping","description":"Le portail d\u00e9di\u00e9 aux gestionnaires de campings et villages touristiques","publisher":{"@id":"https:\/\/www.mondocamping.com\/#organization"},"potentialAction":[{"@type":"SearchAction","target":{"@type":"EntryPoint","urlTemplate":"https:\/\/www.mondocamping.com\/?s={search_term_string}"},"query-input":{"@type":"PropertyValueSpecification","valueRequired":true,"valueName":"search_term_string"}}],"inLanguage":"fr-FR"},{"@type":"Organization","@id":"https:\/\/www.mondocamping.com\/#organization","name":"Mondo Camping","url":"https:\/\/www.mondocamping.com\/","logo":{"@type":"ImageObject","inLanguage":"fr-FR","@id":"https:\/\/www.mondocamping.com\/#\/schema\/logo\/image\/","url":"https:\/\/www.mondocamping.com\/wp-content\/uploads\/2022\/04\/mondo-camping-logo-contornato-1.png","contentUrl":"https:\/\/www.mondocamping.com\/wp-content\/uploads\/2022\/04\/mondo-camping-logo-contornato-1.png","width":280,"height":90,"caption":"Mondo Camping"},"image":{"@id":"https:\/\/www.mondocamping.com\/#\/schema\/logo\/image\/"},"sameAs":["https:\/\/www.facebook.com\/mondobalneare","https:\/\/x.com\/mondobalneare","https:\/\/www.instagram.com\/mondobalneare\/","https:\/\/www.linkedin.com\/company\/67180810\/","https:\/\/www.youtube.com\/user\/mondobalnearevideo"]},{"@type":"Person","@id":"https:\/\/www.mondocamping.com\/#\/schema\/person\/01a031b8c5ef08c2204bb0e696f0a760","name":"Mondo Camping","image":{"@type":"ImageObject","inLanguage":"fr-FR","@id":"https:\/\/www.mondocamping.com\/wp-content\/uploads\/2022\/05\/cropped-icona-MONDO-CAMPING-150x150.png","url":"https:\/\/www.mondocamping.com\/wp-content\/uploads\/2022\/05\/cropped-icona-MONDO-CAMPING-150x150.png","contentUrl":"https:\/\/www.mondocamping.com\/wp-content\/uploads\/2022\/05\/cropped-icona-MONDO-CAMPING-150x150.png","caption":"Mondo Camping"},"sameAs":["https:\/\/www.mondocamping.com\/","https:\/\/www.facebook.com\/mondocamping"]}]}},"_links":{"self":[{"href":"https:\/\/www.mondocamping.com\/fr\/wp-json\/wp\/v2\/posts\/169026","targetHints":{"allow":["GET"]}}],"collection":[{"href":"https:\/\/www.mondocamping.com\/fr\/wp-json\/wp\/v2\/posts"}],"about":[{"href":"https:\/\/www.mondocamping.com\/fr\/wp-json\/wp\/v2\/types\/post"}],"author":[{"embeddable":true,"href":"https:\/\/www.mondocamping.com\/fr\/wp-json\/wp\/v2\/users\/5"}],"replies":[{"embeddable":true,"href":"https:\/\/www.mondocamping.com\/fr\/wp-json\/wp\/v2\/comments?post=169026"}],"version-history":[{"count":1,"href":"https:\/\/www.mondocamping.com\/fr\/wp-json\/wp\/v2\/posts\/169026\/revisions"}],"predecessor-version":[{"id":169027,"href":"https:\/\/www.mondocamping.com\/fr\/wp-json\/wp\/v2\/posts\/169026\/revisions\/169027"}],"wp:featuredmedia":[{"embeddable":true,"href":"https:\/\/www.mondocamping.com\/fr\/wp-json\/wp\/v2\/media\/169007"}],"wp:attachment":[{"href":"https:\/\/www.mondocamping.com\/fr\/wp-json\/wp\/v2\/media?parent=169026"}],"wp:term":[{"taxonomy":"category","embeddable":true,"href":"https:\/\/www.mondocamping.com\/fr\/wp-json\/wp\/v2\/categories?post=169026"},{"taxonomy":"post_tag","embeddable":true,"href":"https:\/\/www.mondocamping.com\/fr\/wp-json\/wp\/v2\/tags?post=169026"}],"curies":[{"name":"wp","href":"https:\/\/api.w.org\/{rel}","templated":true}]}}