{"id":169073,"date":"2024-05-16T18:20:30","date_gmt":"2024-05-16T16:20:30","guid":{"rendered":"https:\/\/www.mondocamping.com\/camping-en-andalousie-le-charme-du-sud-de-lespagne\/"},"modified":"2024-05-20T09:15:44","modified_gmt":"2024-05-20T07:15:44","slug":"camping-en-andalousie-le-charme-du-sud-de-lespagne","status":"publish","type":"post","link":"https:\/\/www.mondocamping.com\/fr\/camping-en-andalousie-le-charme-du-sud-de-lespagne\/","title":{"rendered":"Camping en Andalousie, le charme du sud de l&rsquo;Espagne"},"content":{"rendered":"\n<p>Des vacances en <strong>Andalousie <\/strong>sont id\u00e9ales pour plonger dans la nature, des collines br\u00fbl\u00e9es par le soleil aux vall\u00e9es luxuriantes des hauts plateaux, et pour d\u00e9couvrir l&rsquo;imbrication des cultures qui la rendent unique. Toujours terre de rencontres et de traditions, de villes \u00e9tapes telles que  <strong>S\u00e9ville<\/strong>domin\u00e9e par la plus grande cath\u00e9drale d&rsquo;Espagne, une ville qui abrite la place la plus pittoresque du pays, \u00a0\u00bb la place de l&rsquo;homme \u00ab\u00a0.<em>Place d&rsquo;Espagne<\/em>\u00a0\u00bb ;  <strong>Cordoue<\/strong>avec son \u00e9glise qui \u00e9tait autrefois une mosqu\u00e9e, une architecture admirable o\u00f9 l&rsquo;int\u00e9rieur est une incroyable rencontre de styles au milieu d&rsquo;une dense for\u00eat de colonnes, et puis  <strong>Grenade<\/strong>o\u00f9 se dresse la magnifique Alhambra, la citadelle qui fut la r\u00e9sidence du sultan, gardienne de palais, de loggias, de cours et de jardins odorants, o\u00f9 l&rsquo;eau devient un \u00e9l\u00e9ment architectural savamment dos\u00e9.  <\/p>\n\n<p>L&rsquo;Andalousie s\u00e9duit \u00e9galement par les magnifiques <strong>villages blancs de la province de Cadix<\/strong>, connus sous le nom de<strong>\u00ab\u00a0pueblos blancos<\/strong>\u00ab\u00a0. Celui de <strong>\n  <em>Setenil de las bodegas<\/em>\n<\/strong>en plus d&rsquo;\u00eatre blanchie \u00e0 la chaux chaque \u00e9t\u00e9 pour faire face aux temp\u00e9ratures \u00e9lev\u00e9es, est une symbiose incroyable avec la roche qui semble embrasser les habitations, offrant des vues incroyables. Ce petit centre, ainsi que les autres joyaux, sont des micro-mondes qui r\u00e9sument l&rsquo;histoire andalouse et les anciennes coutumes.  <\/p>\n\n<p>Cette belle r\u00e9gion, c&rsquo;est aussi <strong>une nature pr\u00e9serv\u00e9e<\/strong>, aride et ensoleill\u00e9e, verte et luxuriante, une succession de paysages tr\u00e8s diff\u00e9rents et \u00e9vocateurs. Les zones prot\u00e9g\u00e9es comprennent le <strong>parc naturel de la Sierra Subbetica<\/strong>,<strong> <\/strong>Situ\u00e9e au sud de la province de Cordoue, la r\u00e9gion de la  <strong>Parc national de Do\u00f1ana,  <\/strong>54 000 hectares couvrant les territoires de Huelva et de S\u00e9ville, la  <strong>Parc national de la Sierra Nevada<\/strong>qui s&rsquo;\u00e9tend du sud-est de Grenade \u00e0 l&rsquo;ouest d&rsquo;Almer\u00eda, un poumon vert o\u00f9 se trouve le plus haut sommet de la p\u00e9ninsule ib\u00e9rique, le  <em>Mulhac\u00e9n<\/em>avec une hauteur de 3 479 m\u00e8tres ; le  <strong>Cazorla, Segura et le parc naturel de Las Villas<\/strong>La zone naturelle de Ja\u00e9n, qui s&rsquo;\u00e9tend sur plus de 200 000 hectares, est id\u00e9ale pour le camping, car elle dispose de nombreuses installations. L&rsquo;<strong>Alpujarra de Grenade<\/strong>, la r\u00e9gion montagneuse au pied de la Sierra Nevada, connue pour son \u00e9levage de ch\u00e8vres, qui fournit une mati\u00e8re premi\u00e8re unique : l&rsquo;une des laines les plus fines d&rsquo;Espagne, se pr\u00eate \u00e9galement tr\u00e8s bien au camping.  <\/p>\n\n<p>Lorsque l&rsquo;on pense \u00e0 l&rsquo;Andalousie, il est impossible de ne pas r\u00eaver aux plages, appr\u00e9ci\u00e9es des touristes de toute l&rsquo;Europe, qui affichent complet \u00e0 chaque saison estivale. La Costa de<strong> la<\/strong> <strong>Luz<\/strong>, qui s&rsquo;\u00e9tend entre les provinces de Cadix et de Huelva, donne sur les eaux de l&rsquo;oc\u00e9an Atlantique, tandis que la<strong> Costa del Sol<\/strong> s&rsquo;\u00e9tend sur la r\u00e9gion d&rsquo;Axarquia, dans la province de Malaga, baign\u00e9e par les vagues de la mer M\u00e9diterran\u00e9e. D\u00e9couvrez o\u00f9 camper pour passer de belles vacances \u00e0 la plage.<\/p>\n<div class=\"wp-block-image\">\n<figure class=\"aligncenter size-large\"><img fetchpriority=\"high\" decoding=\"async\" width=\"1024\" height=\"536\" src=\"https:\/\/www.mondocamping.com\/wp-content\/uploads\/2024\/05\/jorge-fernandez-salas-AraQAMZQfq8-unsplash-2-1024x536.jpg\" alt=\"\" class=\"wp-image-169061\" srcset=\"https:\/\/www.mondocamping.com\/wp-content\/uploads\/2024\/05\/jorge-fernandez-salas-AraQAMZQfq8-unsplash-2-1024x536.jpg 1024w, https:\/\/www.mondocamping.com\/wp-content\/uploads\/2024\/05\/jorge-fernandez-salas-AraQAMZQfq8-unsplash-2-300x157.jpg 300w, https:\/\/www.mondocamping.com\/wp-content\/uploads\/2024\/05\/jorge-fernandez-salas-AraQAMZQfq8-unsplash-2-768x402.jpg 768w, https:\/\/www.mondocamping.com\/wp-content\/uploads\/2024\/05\/jorge-fernandez-salas-AraQAMZQfq8-unsplash-2.jpg 1200w\" sizes=\"(max-width: 1024px) 100vw, 1024px\" \/><figcaption class=\"wp-element-caption\">Playa La Rijana, Playa La Rijana, Gualchos, Espagne |  <br\/>Cr\u00e9dit photo : Jorge Fern\u00e1ndez Salas<\/figcaption><\/figure>\n<\/div>\n<h2 class=\"wp-block-heading\">Camping vacances \u00e0 la plage  <\/h2>\n\n<p>Les campings andalous ne manquent pas sur la <strong>Costa de la Luz <\/strong>, notamment dans la<strong> province de Cadix<\/strong>. Sur la c\u00f4te, de Tarifa, la ville la plus m\u00e9ridionale d&rsquo;Espagne (\u00e0 seulement 14 kilom\u00e8tres du Maroc), \u00e0 El Puerto de Santa Maria, vous trouverez de nombreuses propositions de qualit\u00e9 \u00e0 deux pas de la plage ou avec un acc\u00e8s direct \u00e0 la c\u00f4te. La <strong>province de Huelva<\/strong> est \u00e9galement tr\u00e8s bien \u00e9quip\u00e9e, notamment dans les villes d&rsquo;<strong>Isla Cristina<\/strong> et d&rsquo;<strong>Islantilla<\/strong>. Vous y trouverez des installations de camping entour\u00e9es de magnifiques for\u00eats de pins et d&rsquo;une nature sauvage le long de la plage. Les campings de cet endroit sont \u00e9galement tr\u00e8s bien entretenus et il est possible d&rsquo;y trouver des propositions de glaming.  <\/p>\n\n<p>Le long de la<strong> Costa del Sol<\/strong>, dans la province de Malaga, vous pouvez \u00e9galement choisir parmi de nombreux campings, qui ont tendance \u00e0 \u00eatre plus minimalistes que ceux de la Costa de la Luz. De plus, dans cette zone, les installations sont situ\u00e9es plus \u00e0 l&rsquo;int\u00e9rieur des terres, mais il est possible d&rsquo;acc\u00e9der \u00e0 la plage par vos propres moyens ou gr\u00e2ce au service de navette propos\u00e9 par certaines installations.  <\/p>\n","protected":false},"excerpt":{"rendered":"<p>Des vacances en Andalousie sont id\u00e9ales pour plonger dans la nature, des collines br\u00fbl\u00e9es par le soleil aux vall\u00e9es luxuriantes des hauts plateaux, et pour d\u00e9couvrir l&rsquo;imbrication des cultures qui la rendent unique. Toujours terre de rencontres et de traditions, de villes \u00e9tapes telles que S\u00e9villedomin\u00e9e par la plus grande cath\u00e9drale d&rsquo;Espagne, une ville qui [&hellip;]<\/p>\n","protected":false},"author":180,"featured_media":169060,"comment_status":"closed","ping_status":"closed","sticky":false,"template":"","format":"standard","meta":{"_acf_changed":false,"_monsterinsights_skip_tracking":false,"_monsterinsights_sitenote_active":false,"_monsterinsights_sitenote_note":"","_monsterinsights_sitenote_category":0,"footnotes":""},"categories":[6215],"tags":[6289,3753,4275,6229,3856,4079],"class_list":["post-169073","post","type-post","status-publish","format-standard","has-post-thumbnail","hentry","category-leurope-en-camping","tag-andalousie","tag-camping","tag-espagne","tag-leurope-en-camping","tag-mondo-camping","tag-tourisme-de-plein-air"],"acf":[],"yoast_head":"<!-- This site is optimized with the Yoast SEO plugin v27.5 - https:\/\/yoast.com\/product\/yoast-seo-wordpress\/ -->\n<title>Camping en Andalousie, le charme du sud de l&#039;Espagne<\/title>\n<meta name=\"robots\" content=\"index, follow, max-snippet:-1, max-image-preview:large, max-video-preview:-1\" \/>\n<link rel=\"canonical\" href=\"https:\/\/www.mondocamping.com\/fr\/camping-en-andalousie-le-charme-du-sud-de-lespagne\/\" \/>\n<meta property=\"og:locale\" content=\"fr_FR\" \/>\n<meta property=\"og:type\" content=\"article\" \/>\n<meta property=\"og:title\" content=\"Camping en Andalousie, le charme du sud de l&#039;Espagne\" \/>\n<meta property=\"og:description\" content=\"Des vacances en Andalousie sont id\u00e9ales pour plonger dans la nature, des collines br\u00fbl\u00e9es par le soleil aux vall\u00e9es luxuriantes des hauts plateaux, et pour d\u00e9couvrir l&rsquo;imbrication des cultures qui la rendent unique. Toujours terre de rencontres et de traditions, de villes \u00e9tapes telles que S\u00e9villedomin\u00e9e par la plus grande cath\u00e9drale d&rsquo;Espagne, une ville qui [&hellip;]\" \/>\n<meta property=\"og:url\" content=\"https:\/\/www.mondocamping.com\/fr\/camping-en-andalousie-le-charme-du-sud-de-lespagne\/\" \/>\n<meta property=\"og:site_name\" content=\"Mondo Camping\" \/>\n<meta property=\"article:publisher\" content=\"https:\/\/www.facebook.com\/mondobalneare\" \/>\n<meta property=\"article:published_time\" content=\"2024-05-16T16:20:30+00:00\" \/>\n<meta property=\"article:modified_time\" content=\"2024-05-20T07:15:44+00:00\" \/>\n<meta property=\"og:image\" content=\"https:\/\/www.mondocamping.com\/wp-content\/uploads\/2024\/05\/jorge-fernandez-salas-zXxkdiBgHvA-unsplash-2.jpg\" \/>\n\t<meta property=\"og:image:width\" content=\"1200\" \/>\n\t<meta property=\"og:image:height\" content=\"628\" \/>\n\t<meta property=\"og:image:type\" content=\"image\/jpeg\" \/>\n<meta name=\"author\" content=\"Elena Bittante\" \/>\n<meta name=\"twitter:card\" content=\"summary_large_image\" \/>\n<meta name=\"twitter:creator\" content=\"@mondobalneare\" \/>\n<meta name=\"twitter:site\" content=\"@mondobalneare\" \/>\n<meta name=\"twitter:label1\" content=\"\u00c9crit par\" \/>\n\t<meta name=\"twitter:data1\" content=\"Elena Bittante\" \/>\n\t<meta name=\"twitter:label2\" content=\"Dur\u00e9e de lecture estim\u00e9e\" \/>\n\t<meta name=\"twitter:data2\" content=\"4 minutes\" \/>\n<script type=\"application\/ld+json\" class=\"yoast-schema-graph\">{\"@context\":\"https:\\\/\\\/schema.org\",\"@graph\":[{\"@type\":\"Article\",\"@id\":\"https:\\\/\\\/www.mondocamping.com\\\/fr\\\/camping-en-andalousie-le-charme-du-sud-de-lespagne\\\/#article\",\"isPartOf\":{\"@id\":\"https:\\\/\\\/www.mondocamping.com\\\/fr\\\/camping-en-andalousie-le-charme-du-sud-de-lespagne\\\/\"},\"author\":{\"name\":\"Elena Bittante\",\"@id\":\"https:\\\/\\\/www.mondocamping.com\\\/#\\\/schema\\\/person\\\/29a618cccb1b5f985a2ca4ea3a155c08\"},\"headline\":\"Camping en Andalousie, le charme du sud de l&rsquo;Espagne\",\"datePublished\":\"2024-05-16T16:20:30+00:00\",\"dateModified\":\"2024-05-20T07:15:44+00:00\",\"mainEntityOfPage\":{\"@id\":\"https:\\\/\\\/www.mondocamping.com\\\/fr\\\/camping-en-andalousie-le-charme-du-sud-de-lespagne\\\/\"},\"wordCount\":757,\"publisher\":{\"@id\":\"https:\\\/\\\/www.mondocamping.com\\\/#organization\"},\"image\":{\"@id\":\"https:\\\/\\\/www.mondocamping.com\\\/fr\\\/camping-en-andalousie-le-charme-du-sud-de-lespagne\\\/#primaryimage\"},\"thumbnailUrl\":\"https:\\\/\\\/www.mondocamping.com\\\/wp-content\\\/uploads\\\/2024\\\/05\\\/jorge-fernandez-salas-zXxkdiBgHvA-unsplash-2.jpg\",\"keywords\":[\"Andalousie\",\"camping\",\"Espagne\",\"L'Europe en camping\",\"Mondo Camping\",\"Tourisme de plein air\"],\"articleSection\":[\"L'Europe en camping\"],\"inLanguage\":\"fr-FR\"},{\"@type\":\"WebPage\",\"@id\":\"https:\\\/\\\/www.mondocamping.com\\\/fr\\\/camping-en-andalousie-le-charme-du-sud-de-lespagne\\\/\",\"url\":\"https:\\\/\\\/www.mondocamping.com\\\/fr\\\/camping-en-andalousie-le-charme-du-sud-de-lespagne\\\/\",\"name\":\"Camping en Andalousie, le charme du sud de l'Espagne\",\"isPartOf\":{\"@id\":\"https:\\\/\\\/www.mondocamping.com\\\/#website\"},\"primaryImageOfPage\":{\"@id\":\"https:\\\/\\\/www.mondocamping.com\\\/fr\\\/camping-en-andalousie-le-charme-du-sud-de-lespagne\\\/#primaryimage\"},\"image\":{\"@id\":\"https:\\\/\\\/www.mondocamping.com\\\/fr\\\/camping-en-andalousie-le-charme-du-sud-de-lespagne\\\/#primaryimage\"},\"thumbnailUrl\":\"https:\\\/\\\/www.mondocamping.com\\\/wp-content\\\/uploads\\\/2024\\\/05\\\/jorge-fernandez-salas-zXxkdiBgHvA-unsplash-2.jpg\",\"datePublished\":\"2024-05-16T16:20:30+00:00\",\"dateModified\":\"2024-05-20T07:15:44+00:00\",\"breadcrumb\":{\"@id\":\"https:\\\/\\\/www.mondocamping.com\\\/fr\\\/camping-en-andalousie-le-charme-du-sud-de-lespagne\\\/#breadcrumb\"},\"inLanguage\":\"fr-FR\",\"potentialAction\":[{\"@type\":\"ReadAction\",\"target\":[\"https:\\\/\\\/www.mondocamping.com\\\/fr\\\/camping-en-andalousie-le-charme-du-sud-de-lespagne\\\/\"]}]},{\"@type\":\"ImageObject\",\"inLanguage\":\"fr-FR\",\"@id\":\"https:\\\/\\\/www.mondocamping.com\\\/fr\\\/camping-en-andalousie-le-charme-du-sud-de-lespagne\\\/#primaryimage\",\"url\":\"https:\\\/\\\/www.mondocamping.com\\\/wp-content\\\/uploads\\\/2024\\\/05\\\/jorge-fernandez-salas-zXxkdiBgHvA-unsplash-2.jpg\",\"contentUrl\":\"https:\\\/\\\/www.mondocamping.com\\\/wp-content\\\/uploads\\\/2024\\\/05\\\/jorge-fernandez-salas-zXxkdiBgHvA-unsplash-2.jpg\",\"width\":1200,\"height\":628,\"caption\":\"Photo credit: Jorge Fern\u00e1ndez Salas | Unsplash\"},{\"@type\":\"BreadcrumbList\",\"@id\":\"https:\\\/\\\/www.mondocamping.com\\\/fr\\\/camping-en-andalousie-le-charme-du-sud-de-lespagne\\\/#breadcrumb\",\"itemListElement\":[{\"@type\":\"ListItem\",\"position\":1,\"name\":\"Home\",\"item\":\"https:\\\/\\\/www.mondocamping.com\\\/fr\\\/\"},{\"@type\":\"ListItem\",\"position\":2,\"name\":\"Camping en Andalousie, le charme du sud de l&rsquo;Espagne\"}]},{\"@type\":\"WebSite\",\"@id\":\"https:\\\/\\\/www.mondocamping.com\\\/#website\",\"url\":\"https:\\\/\\\/www.mondocamping.com\\\/\",\"name\":\"Mondo Camping\",\"description\":\"Le portail d\u00e9di\u00e9 aux gestionnaires de campings et villages touristiques\",\"publisher\":{\"@id\":\"https:\\\/\\\/www.mondocamping.com\\\/#organization\"},\"potentialAction\":[{\"@type\":\"SearchAction\",\"target\":{\"@type\":\"EntryPoint\",\"urlTemplate\":\"https:\\\/\\\/www.mondocamping.com\\\/?s={search_term_string}\"},\"query-input\":{\"@type\":\"PropertyValueSpecification\",\"valueRequired\":true,\"valueName\":\"search_term_string\"}}],\"inLanguage\":\"fr-FR\"},{\"@type\":\"Organization\",\"@id\":\"https:\\\/\\\/www.mondocamping.com\\\/#organization\",\"name\":\"Mondo Camping\",\"url\":\"https:\\\/\\\/www.mondocamping.com\\\/\",\"logo\":{\"@type\":\"ImageObject\",\"inLanguage\":\"fr-FR\",\"@id\":\"https:\\\/\\\/www.mondocamping.com\\\/#\\\/schema\\\/logo\\\/image\\\/\",\"url\":\"https:\\\/\\\/www.mondocamping.com\\\/wp-content\\\/uploads\\\/2022\\\/04\\\/mondo-camping-logo-contornato-1.png\",\"contentUrl\":\"https:\\\/\\\/www.mondocamping.com\\\/wp-content\\\/uploads\\\/2022\\\/04\\\/mondo-camping-logo-contornato-1.png\",\"width\":280,\"height\":90,\"caption\":\"Mondo Camping\"},\"image\":{\"@id\":\"https:\\\/\\\/www.mondocamping.com\\\/#\\\/schema\\\/logo\\\/image\\\/\"},\"sameAs\":[\"https:\\\/\\\/www.facebook.com\\\/mondobalneare\",\"https:\\\/\\\/x.com\\\/mondobalneare\",\"https:\\\/\\\/www.instagram.com\\\/mondobalneare\\\/\",\"https:\\\/\\\/www.linkedin.com\\\/company\\\/67180810\\\/\",\"https:\\\/\\\/www.youtube.com\\\/user\\\/mondobalnearevideo\"]},{\"@type\":\"Person\",\"@id\":\"https:\\\/\\\/www.mondocamping.com\\\/#\\\/schema\\\/person\\\/29a618cccb1b5f985a2ca4ea3a155c08\",\"name\":\"Elena Bittante\",\"image\":{\"@type\":\"ImageObject\",\"inLanguage\":\"fr-FR\",\"@id\":\"https:\\\/\\\/www.mondocamping.com\\\/wp-content\\\/uploads\\\/2024\\\/01\\\/elena-bittante-150x150.jpg\",\"url\":\"https:\\\/\\\/www.mondocamping.com\\\/wp-content\\\/uploads\\\/2024\\\/01\\\/elena-bittante-150x150.jpg\",\"contentUrl\":\"https:\\\/\\\/www.mondocamping.com\\\/wp-content\\\/uploads\\\/2024\\\/01\\\/elena-bittante-150x150.jpg\",\"caption\":\"Elena Bittante\"}}]}<\/script>\n<!-- \/ Yoast SEO plugin. -->","yoast_head_json":{"title":"Camping en Andalousie, le charme du sud de l'Espagne","robots":{"index":"index","follow":"follow","max-snippet":"max-snippet:-1","max-image-preview":"max-image-preview:large","max-video-preview":"max-video-preview:-1"},"canonical":"https:\/\/www.mondocamping.com\/fr\/camping-en-andalousie-le-charme-du-sud-de-lespagne\/","og_locale":"fr_FR","og_type":"article","og_title":"Camping en Andalousie, le charme du sud de l'Espagne","og_description":"Des vacances en Andalousie sont id\u00e9ales pour plonger dans la nature, des collines br\u00fbl\u00e9es par le soleil aux vall\u00e9es luxuriantes des hauts plateaux, et pour d\u00e9couvrir l&rsquo;imbrication des cultures qui la rendent unique. Toujours terre de rencontres et de traditions, de villes \u00e9tapes telles que S\u00e9villedomin\u00e9e par la plus grande cath\u00e9drale d&rsquo;Espagne, une ville qui [&hellip;]","og_url":"https:\/\/www.mondocamping.com\/fr\/camping-en-andalousie-le-charme-du-sud-de-lespagne\/","og_site_name":"Mondo Camping","article_publisher":"https:\/\/www.facebook.com\/mondobalneare","article_published_time":"2024-05-16T16:20:30+00:00","article_modified_time":"2024-05-20T07:15:44+00:00","og_image":[{"width":1200,"height":628,"url":"https:\/\/www.mondocamping.com\/wp-content\/uploads\/2024\/05\/jorge-fernandez-salas-zXxkdiBgHvA-unsplash-2.jpg","type":"image\/jpeg"}],"author":"Elena Bittante","twitter_card":"summary_large_image","twitter_creator":"@mondobalneare","twitter_site":"@mondobalneare","twitter_misc":{"\u00c9crit par":"Elena Bittante","Dur\u00e9e de lecture estim\u00e9e":"4 minutes"},"schema":{"@context":"https:\/\/schema.org","@graph":[{"@type":"Article","@id":"https:\/\/www.mondocamping.com\/fr\/camping-en-andalousie-le-charme-du-sud-de-lespagne\/#article","isPartOf":{"@id":"https:\/\/www.mondocamping.com\/fr\/camping-en-andalousie-le-charme-du-sud-de-lespagne\/"},"author":{"name":"Elena Bittante","@id":"https:\/\/www.mondocamping.com\/#\/schema\/person\/29a618cccb1b5f985a2ca4ea3a155c08"},"headline":"Camping en Andalousie, le charme du sud de l&rsquo;Espagne","datePublished":"2024-05-16T16:20:30+00:00","dateModified":"2024-05-20T07:15:44+00:00","mainEntityOfPage":{"@id":"https:\/\/www.mondocamping.com\/fr\/camping-en-andalousie-le-charme-du-sud-de-lespagne\/"},"wordCount":757,"publisher":{"@id":"https:\/\/www.mondocamping.com\/#organization"},"image":{"@id":"https:\/\/www.mondocamping.com\/fr\/camping-en-andalousie-le-charme-du-sud-de-lespagne\/#primaryimage"},"thumbnailUrl":"https:\/\/www.mondocamping.com\/wp-content\/uploads\/2024\/05\/jorge-fernandez-salas-zXxkdiBgHvA-unsplash-2.jpg","keywords":["Andalousie","camping","Espagne","L'Europe en camping","Mondo Camping","Tourisme de plein air"],"articleSection":["L'Europe en camping"],"inLanguage":"fr-FR"},{"@type":"WebPage","@id":"https:\/\/www.mondocamping.com\/fr\/camping-en-andalousie-le-charme-du-sud-de-lespagne\/","url":"https:\/\/www.mondocamping.com\/fr\/camping-en-andalousie-le-charme-du-sud-de-lespagne\/","name":"Camping en Andalousie, le charme du sud de l'Espagne","isPartOf":{"@id":"https:\/\/www.mondocamping.com\/#website"},"primaryImageOfPage":{"@id":"https:\/\/www.mondocamping.com\/fr\/camping-en-andalousie-le-charme-du-sud-de-lespagne\/#primaryimage"},"image":{"@id":"https:\/\/www.mondocamping.com\/fr\/camping-en-andalousie-le-charme-du-sud-de-lespagne\/#primaryimage"},"thumbnailUrl":"https:\/\/www.mondocamping.com\/wp-content\/uploads\/2024\/05\/jorge-fernandez-salas-zXxkdiBgHvA-unsplash-2.jpg","datePublished":"2024-05-16T16:20:30+00:00","dateModified":"2024-05-20T07:15:44+00:00","breadcrumb":{"@id":"https:\/\/www.mondocamping.com\/fr\/camping-en-andalousie-le-charme-du-sud-de-lespagne\/#breadcrumb"},"inLanguage":"fr-FR","potentialAction":[{"@type":"ReadAction","target":["https:\/\/www.mondocamping.com\/fr\/camping-en-andalousie-le-charme-du-sud-de-lespagne\/"]}]},{"@type":"ImageObject","inLanguage":"fr-FR","@id":"https:\/\/www.mondocamping.com\/fr\/camping-en-andalousie-le-charme-du-sud-de-lespagne\/#primaryimage","url":"https:\/\/www.mondocamping.com\/wp-content\/uploads\/2024\/05\/jorge-fernandez-salas-zXxkdiBgHvA-unsplash-2.jpg","contentUrl":"https:\/\/www.mondocamping.com\/wp-content\/uploads\/2024\/05\/jorge-fernandez-salas-zXxkdiBgHvA-unsplash-2.jpg","width":1200,"height":628,"caption":"Photo credit: Jorge Fern\u00e1ndez Salas | Unsplash"},{"@type":"BreadcrumbList","@id":"https:\/\/www.mondocamping.com\/fr\/camping-en-andalousie-le-charme-du-sud-de-lespagne\/#breadcrumb","itemListElement":[{"@type":"ListItem","position":1,"name":"Home","item":"https:\/\/www.mondocamping.com\/fr\/"},{"@type":"ListItem","position":2,"name":"Camping en Andalousie, le charme du sud de l&rsquo;Espagne"}]},{"@type":"WebSite","@id":"https:\/\/www.mondocamping.com\/#website","url":"https:\/\/www.mondocamping.com\/","name":"Mondo Camping","description":"Le portail d\u00e9di\u00e9 aux gestionnaires de campings et villages touristiques","publisher":{"@id":"https:\/\/www.mondocamping.com\/#organization"},"potentialAction":[{"@type":"SearchAction","target":{"@type":"EntryPoint","urlTemplate":"https:\/\/www.mondocamping.com\/?s={search_term_string}"},"query-input":{"@type":"PropertyValueSpecification","valueRequired":true,"valueName":"search_term_string"}}],"inLanguage":"fr-FR"},{"@type":"Organization","@id":"https:\/\/www.mondocamping.com\/#organization","name":"Mondo Camping","url":"https:\/\/www.mondocamping.com\/","logo":{"@type":"ImageObject","inLanguage":"fr-FR","@id":"https:\/\/www.mondocamping.com\/#\/schema\/logo\/image\/","url":"https:\/\/www.mondocamping.com\/wp-content\/uploads\/2022\/04\/mondo-camping-logo-contornato-1.png","contentUrl":"https:\/\/www.mondocamping.com\/wp-content\/uploads\/2022\/04\/mondo-camping-logo-contornato-1.png","width":280,"height":90,"caption":"Mondo Camping"},"image":{"@id":"https:\/\/www.mondocamping.com\/#\/schema\/logo\/image\/"},"sameAs":["https:\/\/www.facebook.com\/mondobalneare","https:\/\/x.com\/mondobalneare","https:\/\/www.instagram.com\/mondobalneare\/","https:\/\/www.linkedin.com\/company\/67180810\/","https:\/\/www.youtube.com\/user\/mondobalnearevideo"]},{"@type":"Person","@id":"https:\/\/www.mondocamping.com\/#\/schema\/person\/29a618cccb1b5f985a2ca4ea3a155c08","name":"Elena Bittante","image":{"@type":"ImageObject","inLanguage":"fr-FR","@id":"https:\/\/www.mondocamping.com\/wp-content\/uploads\/2024\/01\/elena-bittante-150x150.jpg","url":"https:\/\/www.mondocamping.com\/wp-content\/uploads\/2024\/01\/elena-bittante-150x150.jpg","contentUrl":"https:\/\/www.mondocamping.com\/wp-content\/uploads\/2024\/01\/elena-bittante-150x150.jpg","caption":"Elena Bittante"}}]}},"_links":{"self":[{"href":"https:\/\/www.mondocamping.com\/fr\/wp-json\/wp\/v2\/posts\/169073","targetHints":{"allow":["GET"]}}],"collection":[{"href":"https:\/\/www.mondocamping.com\/fr\/wp-json\/wp\/v2\/posts"}],"about":[{"href":"https:\/\/www.mondocamping.com\/fr\/wp-json\/wp\/v2\/types\/post"}],"author":[{"embeddable":true,"href":"https:\/\/www.mondocamping.com\/fr\/wp-json\/wp\/v2\/users\/180"}],"replies":[{"embeddable":true,"href":"https:\/\/www.mondocamping.com\/fr\/wp-json\/wp\/v2\/comments?post=169073"}],"version-history":[{"count":4,"href":"https:\/\/www.mondocamping.com\/fr\/wp-json\/wp\/v2\/posts\/169073\/revisions"}],"predecessor-version":[{"id":169101,"href":"https:\/\/www.mondocamping.com\/fr\/wp-json\/wp\/v2\/posts\/169073\/revisions\/169101"}],"wp:featuredmedia":[{"embeddable":true,"href":"https:\/\/www.mondocamping.com\/fr\/wp-json\/wp\/v2\/media\/169060"}],"wp:attachment":[{"href":"https:\/\/www.mondocamping.com\/fr\/wp-json\/wp\/v2\/media?parent=169073"}],"wp:term":[{"taxonomy":"category","embeddable":true,"href":"https:\/\/www.mondocamping.com\/fr\/wp-json\/wp\/v2\/categories?post=169073"},{"taxonomy":"post_tag","embeddable":true,"href":"https:\/\/www.mondocamping.com\/fr\/wp-json\/wp\/v2\/tags?post=169073"}],"curies":[{"name":"wp","href":"https:\/\/api.w.org\/{rel}","templated":true}]}}