{"id":169264,"date":"2024-05-30T11:23:23","date_gmt":"2024-05-30T09:23:23","guid":{"rendered":"https:\/\/www.mondocamping.com\/les-campings-de-basse-saxe-envoient-un-signal-fort-en-faveur-de-la-protection-du-climat\/"},"modified":"2024-06-03T11:27:42","modified_gmt":"2024-06-03T09:27:42","slug":"les-campings-de-basse-saxe-envoient-un-signal-fort-en-faveur-de-la-protection-du-climat","status":"publish","type":"post","link":"https:\/\/www.mondocamping.com\/fr\/les-campings-de-basse-saxe-envoient-un-signal-fort-en-faveur-de-la-protection-du-climat\/","title":{"rendered":"Les campings de Basse-Saxe envoient un signal fort en faveur de la protection du climat"},"content":{"rendered":"\n<p>Le Land <strong>\n  <em>Niedersachsen<\/em>\n<\/strong>(Basse-Saxe), dans le nord-ouest du pays, suit un plan qui donne un exemple fort en mati\u00e8re de protection du climat. Le plus grand <em>\u00c9tat d&rsquo;<\/em>Allemagne apr\u00e8s la Bavi\u00e8re, se concentre sur la logique verte pour la protection de l&rsquo;environnement et la qualit\u00e9 des s\u00e9jours en camping, un \u00e9l\u00e9ment important du tourisme vert. \u00c0 partir de 2023, le projet se distingue <strong>\n  <em>\u00ab\u00a0Campings \u00e9cologiques en Basse-Saxe\u00a0\u00bb.<\/em>\n<\/strong>Ce projet, parrain\u00e9 par le gouvernement du Land de Basse-Saxe et organis\u00e9 par le<em> BVCD Niedersachsen<\/em><em>, est <\/em>un plan d&rsquo;action qui a suscit\u00e9 un grand int\u00e9r\u00eat de la part des \u00e9tablissements de la r\u00e9gion.  <\/p>\n\n<p>Le projet vise \u00e0 sensibiliser davantage aux questions environnementales, \u00e0 mettre en place des plans ambitieux de protection du climat et \u00e0 r\u00e9aliser des \u00e9conomies de CO2. Une logique qui va de pair avec la protection du territoire, qui rec\u00e8le un important patrimoine de biodiversit\u00e9, des paysages de for\u00eats, de plaines fluviales, de landes et de bruy\u00e8res, alternant judicieusement avec des terres agricoles ; et surplombant la mer du Nord et les \u00eeles frisonnes, les campings de Basse-Saxe offrent un h\u00e9bergement dans une grande vari\u00e9t\u00e9 naturelle. La Basse-Saxe abrite \u00e9galement la lande de Lunebourg, la plus grande lande continue d&rsquo;Europe et l&rsquo;une des destinations de camping les plus populaires d&rsquo;Allemagne.<\/p>\n\n<h2 class=\"wp-block-heading\">Campings \u00e9cologiques en Basse-Saxe, le plan  <\/h2>\n\n<p>\u00c0 moyen et \u00e0 long terme, les campings de <em>Basse-Saxe<\/em> mettront en \u0153uvre le plan de protection du climat, qui comprend un certain nombre de mesures techniques, telles que  <\/p>\n\n<ul class=\"wp-block-list\">\n<li>la construction de syst\u00e8mes photovolta\u00efques ;<\/li>\n\n\n\n<li>l&rsquo;installation de pompes \u00e0 chaleur ;<\/li>\n\n\n\n<li>l&rsquo;am\u00e9lioration de l&rsquo;isolation des b\u00e2timents ;<\/li>\n\n\n\n<li>l&rsquo;optimisation de la consommation et de l&rsquo;utilisation de la chaleur r\u00e9siduelle.<\/li>\n<\/ul>\n\n<p>Les plans d&rsquo;action individuels comprennent \u00e9galement des aspects li\u00e9s au projet, tels que  <\/p>\n\n<ul class=\"wp-block-list\">\n<li>l&rsquo;ombrage et la v\u00e9g\u00e9talisation des b\u00e2timents ;<\/li>\n\n\n\n<li>l&rsquo;utilisation des transports publics pour les d\u00e9placements et les excursions ;<\/li>\n\n\n\n<li>adaptation des magasins, locaux et restaurants des campings avec approvisionnement en produits locaux.  <\/li>\n<\/ul>\n","protected":false},"excerpt":{"rendered":"<p>Le Land Niedersachsen (Basse-Saxe), dans le nord-ouest du pays, suit un plan qui donne un exemple fort en mati\u00e8re de protection du climat. Le plus grand \u00c9tat d&rsquo;Allemagne apr\u00e8s la Bavi\u00e8re, se concentre sur la logique verte pour la protection de l&rsquo;environnement et la qualit\u00e9 des s\u00e9jours en camping, un \u00e9l\u00e9ment important du tourisme vert. [&hellip;]<\/p>\n","protected":false},"author":5,"featured_media":169140,"comment_status":"closed","ping_status":"closed","sticky":false,"template":"","format":"standard","meta":{"_acf_changed":false,"_monsterinsights_skip_tracking":false,"_monsterinsights_sitenote_active":false,"_monsterinsights_sitenote_note":"","_monsterinsights_sitenote_category":0,"footnotes":""},"categories":[4024],"tags":[4937,4189,4262,4079],"class_list":["post-169264","post","type-post","status-publish","format-standard","has-post-thumbnail","hentry","category-actualite","tag-allemagne","tag-camping-fr","tag-mondo-camping-fr","tag-tourisme-de-plein-air"],"acf":[],"yoast_head":"<!-- This site is optimized with the Yoast SEO plugin v27.5 - https:\/\/yoast.com\/product\/yoast-seo-wordpress\/ -->\n<title>Les campings de Basse-Saxe envoient un signal fort en faveur de la protection du climat<\/title>\n<meta name=\"robots\" content=\"index, follow, max-snippet:-1, max-image-preview:large, max-video-preview:-1\" \/>\n<link rel=\"canonical\" href=\"https:\/\/www.mondocamping.com\/fr\/les-campings-de-basse-saxe-envoient-un-signal-fort-en-faveur-de-la-protection-du-climat\/\" \/>\n<meta property=\"og:locale\" content=\"fr_FR\" \/>\n<meta property=\"og:type\" content=\"article\" \/>\n<meta property=\"og:title\" content=\"Les campings de Basse-Saxe envoient un signal fort en faveur de la protection du climat\" \/>\n<meta property=\"og:description\" content=\"Le Land Niedersachsen (Basse-Saxe), dans le nord-ouest du pays, suit un plan qui donne un exemple fort en mati\u00e8re de protection du climat. Le plus grand \u00c9tat d&rsquo;Allemagne apr\u00e8s la Bavi\u00e8re, se concentre sur la logique verte pour la protection de l&rsquo;environnement et la qualit\u00e9 des s\u00e9jours en camping, un \u00e9l\u00e9ment important du tourisme vert. [&hellip;]\" \/>\n<meta property=\"og:url\" content=\"https:\/\/www.mondocamping.com\/fr\/les-campings-de-basse-saxe-envoient-un-signal-fort-en-faveur-de-la-protection-du-climat\/\" \/>\n<meta property=\"og:site_name\" content=\"Mondo Camping\" \/>\n<meta property=\"article:publisher\" content=\"https:\/\/www.facebook.com\/mondobalneare\" \/>\n<meta property=\"article:author\" content=\"https:\/\/www.facebook.com\/mondocamping\" \/>\n<meta property=\"article:published_time\" content=\"2024-05-30T09:23:23+00:00\" \/>\n<meta property=\"article:modified_time\" content=\"2024-06-03T09:27:42+00:00\" \/>\n<meta property=\"og:image\" content=\"https:\/\/www.mondocamping.com\/wp-content\/uploads\/2024\/05\/Klimaschutz-Uhlenkoeper_E-Laden-und-Wildblumenwiese-2048x1365-2.jpg\" \/>\n\t<meta property=\"og:image:width\" content=\"1200\" \/>\n\t<meta property=\"og:image:height\" content=\"628\" \/>\n\t<meta property=\"og:image:type\" content=\"image\/jpeg\" \/>\n<meta name=\"author\" content=\"Mondo Camping\" \/>\n<meta name=\"twitter:card\" content=\"summary_large_image\" \/>\n<meta name=\"twitter:creator\" content=\"@mondobalneare\" \/>\n<meta name=\"twitter:site\" content=\"@mondobalneare\" \/>\n<meta name=\"twitter:label1\" content=\"\u00c9crit par\" \/>\n\t<meta name=\"twitter:data1\" content=\"Mondo Camping\" \/>\n\t<meta name=\"twitter:label2\" content=\"Dur\u00e9e de lecture estim\u00e9e\" \/>\n\t<meta name=\"twitter:data2\" content=\"2 minutes\" \/>\n<script type=\"application\/ld+json\" class=\"yoast-schema-graph\">{\"@context\":\"https:\\\/\\\/schema.org\",\"@graph\":[{\"@type\":\"Article\",\"@id\":\"https:\\\/\\\/www.mondocamping.com\\\/fr\\\/les-campings-de-basse-saxe-envoient-un-signal-fort-en-faveur-de-la-protection-du-climat\\\/#article\",\"isPartOf\":{\"@id\":\"https:\\\/\\\/www.mondocamping.com\\\/fr\\\/les-campings-de-basse-saxe-envoient-un-signal-fort-en-faveur-de-la-protection-du-climat\\\/\"},\"author\":{\"name\":\"Mondo Camping\",\"@id\":\"https:\\\/\\\/www.mondocamping.com\\\/#\\\/schema\\\/person\\\/01a031b8c5ef08c2204bb0e696f0a760\"},\"headline\":\"Les campings de Basse-Saxe envoient un signal fort en faveur de la protection du climat\",\"datePublished\":\"2024-05-30T09:23:23+00:00\",\"dateModified\":\"2024-06-03T09:27:42+00:00\",\"mainEntityOfPage\":{\"@id\":\"https:\\\/\\\/www.mondocamping.com\\\/fr\\\/les-campings-de-basse-saxe-envoient-un-signal-fort-en-faveur-de-la-protection-du-climat\\\/\"},\"wordCount\":358,\"publisher\":{\"@id\":\"https:\\\/\\\/www.mondocamping.com\\\/#organization\"},\"image\":{\"@id\":\"https:\\\/\\\/www.mondocamping.com\\\/fr\\\/les-campings-de-basse-saxe-envoient-un-signal-fort-en-faveur-de-la-protection-du-climat\\\/#primaryimage\"},\"thumbnailUrl\":\"https:\\\/\\\/www.mondocamping.com\\\/wp-content\\\/uploads\\\/2024\\\/05\\\/Klimaschutz-Uhlenkoeper_E-Laden-und-Wildblumenwiese-2048x1365-2.jpg\",\"keywords\":[\"Allemagne\",\"camping\",\"Mondo Camping\",\"Tourisme de plein air\"],\"articleSection\":[\"Actualit\u00e9\"],\"inLanguage\":\"fr-FR\"},{\"@type\":\"WebPage\",\"@id\":\"https:\\\/\\\/www.mondocamping.com\\\/fr\\\/les-campings-de-basse-saxe-envoient-un-signal-fort-en-faveur-de-la-protection-du-climat\\\/\",\"url\":\"https:\\\/\\\/www.mondocamping.com\\\/fr\\\/les-campings-de-basse-saxe-envoient-un-signal-fort-en-faveur-de-la-protection-du-climat\\\/\",\"name\":\"Les campings de Basse-Saxe envoient un signal fort en faveur de la protection du climat\",\"isPartOf\":{\"@id\":\"https:\\\/\\\/www.mondocamping.com\\\/#website\"},\"primaryImageOfPage\":{\"@id\":\"https:\\\/\\\/www.mondocamping.com\\\/fr\\\/les-campings-de-basse-saxe-envoient-un-signal-fort-en-faveur-de-la-protection-du-climat\\\/#primaryimage\"},\"image\":{\"@id\":\"https:\\\/\\\/www.mondocamping.com\\\/fr\\\/les-campings-de-basse-saxe-envoient-un-signal-fort-en-faveur-de-la-protection-du-climat\\\/#primaryimage\"},\"thumbnailUrl\":\"https:\\\/\\\/www.mondocamping.com\\\/wp-content\\\/uploads\\\/2024\\\/05\\\/Klimaschutz-Uhlenkoeper_E-Laden-und-Wildblumenwiese-2048x1365-2.jpg\",\"datePublished\":\"2024-05-30T09:23:23+00:00\",\"dateModified\":\"2024-06-03T09:27:42+00:00\",\"breadcrumb\":{\"@id\":\"https:\\\/\\\/www.mondocamping.com\\\/fr\\\/les-campings-de-basse-saxe-envoient-un-signal-fort-en-faveur-de-la-protection-du-climat\\\/#breadcrumb\"},\"inLanguage\":\"fr-FR\",\"potentialAction\":[{\"@type\":\"ReadAction\",\"target\":[\"https:\\\/\\\/www.mondocamping.com\\\/fr\\\/les-campings-de-basse-saxe-envoient-un-signal-fort-en-faveur-de-la-protection-du-climat\\\/\"]}]},{\"@type\":\"ImageObject\",\"inLanguage\":\"fr-FR\",\"@id\":\"https:\\\/\\\/www.mondocamping.com\\\/fr\\\/les-campings-de-basse-saxe-envoient-un-signal-fort-en-faveur-de-la-protection-du-climat\\\/#primaryimage\",\"url\":\"https:\\\/\\\/www.mondocamping.com\\\/wp-content\\\/uploads\\\/2024\\\/05\\\/Klimaschutz-Uhlenkoeper_E-Laden-und-Wildblumenwiese-2048x1365-2.jpg\",\"contentUrl\":\"https:\\\/\\\/www.mondocamping.com\\\/wp-content\\\/uploads\\\/2024\\\/05\\\/Klimaschutz-Uhlenkoeper_E-Laden-und-Wildblumenwiese-2048x1365-2.jpg\",\"width\":1200,\"height\":628},{\"@type\":\"BreadcrumbList\",\"@id\":\"https:\\\/\\\/www.mondocamping.com\\\/fr\\\/les-campings-de-basse-saxe-envoient-un-signal-fort-en-faveur-de-la-protection-du-climat\\\/#breadcrumb\",\"itemListElement\":[{\"@type\":\"ListItem\",\"position\":1,\"name\":\"Home\",\"item\":\"https:\\\/\\\/www.mondocamping.com\\\/fr\\\/\"},{\"@type\":\"ListItem\",\"position\":2,\"name\":\"Les campings de Basse-Saxe envoient un signal fort en faveur de la protection du climat\"}]},{\"@type\":\"WebSite\",\"@id\":\"https:\\\/\\\/www.mondocamping.com\\\/#website\",\"url\":\"https:\\\/\\\/www.mondocamping.com\\\/\",\"name\":\"Mondo Camping\",\"description\":\"Le portail d\u00e9di\u00e9 aux gestionnaires de campings et villages touristiques\",\"publisher\":{\"@id\":\"https:\\\/\\\/www.mondocamping.com\\\/#organization\"},\"potentialAction\":[{\"@type\":\"SearchAction\",\"target\":{\"@type\":\"EntryPoint\",\"urlTemplate\":\"https:\\\/\\\/www.mondocamping.com\\\/?s={search_term_string}\"},\"query-input\":{\"@type\":\"PropertyValueSpecification\",\"valueRequired\":true,\"valueName\":\"search_term_string\"}}],\"inLanguage\":\"fr-FR\"},{\"@type\":\"Organization\",\"@id\":\"https:\\\/\\\/www.mondocamping.com\\\/#organization\",\"name\":\"Mondo Camping\",\"url\":\"https:\\\/\\\/www.mondocamping.com\\\/\",\"logo\":{\"@type\":\"ImageObject\",\"inLanguage\":\"fr-FR\",\"@id\":\"https:\\\/\\\/www.mondocamping.com\\\/#\\\/schema\\\/logo\\\/image\\\/\",\"url\":\"https:\\\/\\\/www.mondocamping.com\\\/wp-content\\\/uploads\\\/2022\\\/04\\\/mondo-camping-logo-contornato-1.png\",\"contentUrl\":\"https:\\\/\\\/www.mondocamping.com\\\/wp-content\\\/uploads\\\/2022\\\/04\\\/mondo-camping-logo-contornato-1.png\",\"width\":280,\"height\":90,\"caption\":\"Mondo Camping\"},\"image\":{\"@id\":\"https:\\\/\\\/www.mondocamping.com\\\/#\\\/schema\\\/logo\\\/image\\\/\"},\"sameAs\":[\"https:\\\/\\\/www.facebook.com\\\/mondobalneare\",\"https:\\\/\\\/x.com\\\/mondobalneare\",\"https:\\\/\\\/www.instagram.com\\\/mondobalneare\\\/\",\"https:\\\/\\\/www.linkedin.com\\\/company\\\/67180810\\\/\",\"https:\\\/\\\/www.youtube.com\\\/user\\\/mondobalnearevideo\"]},{\"@type\":\"Person\",\"@id\":\"https:\\\/\\\/www.mondocamping.com\\\/#\\\/schema\\\/person\\\/01a031b8c5ef08c2204bb0e696f0a760\",\"name\":\"Mondo Camping\",\"image\":{\"@type\":\"ImageObject\",\"inLanguage\":\"fr-FR\",\"@id\":\"https:\\\/\\\/www.mondocamping.com\\\/wp-content\\\/uploads\\\/2022\\\/05\\\/cropped-icona-MONDO-CAMPING-150x150.png\",\"url\":\"https:\\\/\\\/www.mondocamping.com\\\/wp-content\\\/uploads\\\/2022\\\/05\\\/cropped-icona-MONDO-CAMPING-150x150.png\",\"contentUrl\":\"https:\\\/\\\/www.mondocamping.com\\\/wp-content\\\/uploads\\\/2022\\\/05\\\/cropped-icona-MONDO-CAMPING-150x150.png\",\"caption\":\"Mondo Camping\"},\"sameAs\":[\"https:\\\/\\\/www.mondocamping.com\\\/\",\"https:\\\/\\\/www.facebook.com\\\/mondocamping\"]}]}<\/script>\n<!-- \/ Yoast SEO plugin. -->","yoast_head_json":{"title":"Les campings de Basse-Saxe envoient un signal fort en faveur de la protection du climat","robots":{"index":"index","follow":"follow","max-snippet":"max-snippet:-1","max-image-preview":"max-image-preview:large","max-video-preview":"max-video-preview:-1"},"canonical":"https:\/\/www.mondocamping.com\/fr\/les-campings-de-basse-saxe-envoient-un-signal-fort-en-faveur-de-la-protection-du-climat\/","og_locale":"fr_FR","og_type":"article","og_title":"Les campings de Basse-Saxe envoient un signal fort en faveur de la protection du climat","og_description":"Le Land Niedersachsen (Basse-Saxe), dans le nord-ouest du pays, suit un plan qui donne un exemple fort en mati\u00e8re de protection du climat. Le plus grand \u00c9tat d&rsquo;Allemagne apr\u00e8s la Bavi\u00e8re, se concentre sur la logique verte pour la protection de l&rsquo;environnement et la qualit\u00e9 des s\u00e9jours en camping, un \u00e9l\u00e9ment important du tourisme vert. [&hellip;]","og_url":"https:\/\/www.mondocamping.com\/fr\/les-campings-de-basse-saxe-envoient-un-signal-fort-en-faveur-de-la-protection-du-climat\/","og_site_name":"Mondo Camping","article_publisher":"https:\/\/www.facebook.com\/mondobalneare","article_author":"https:\/\/www.facebook.com\/mondocamping","article_published_time":"2024-05-30T09:23:23+00:00","article_modified_time":"2024-06-03T09:27:42+00:00","og_image":[{"width":1200,"height":628,"url":"https:\/\/www.mondocamping.com\/wp-content\/uploads\/2024\/05\/Klimaschutz-Uhlenkoeper_E-Laden-und-Wildblumenwiese-2048x1365-2.jpg","type":"image\/jpeg"}],"author":"Mondo Camping","twitter_card":"summary_large_image","twitter_creator":"@mondobalneare","twitter_site":"@mondobalneare","twitter_misc":{"\u00c9crit par":"Mondo Camping","Dur\u00e9e de lecture estim\u00e9e":"2 minutes"},"schema":{"@context":"https:\/\/schema.org","@graph":[{"@type":"Article","@id":"https:\/\/www.mondocamping.com\/fr\/les-campings-de-basse-saxe-envoient-un-signal-fort-en-faveur-de-la-protection-du-climat\/#article","isPartOf":{"@id":"https:\/\/www.mondocamping.com\/fr\/les-campings-de-basse-saxe-envoient-un-signal-fort-en-faveur-de-la-protection-du-climat\/"},"author":{"name":"Mondo Camping","@id":"https:\/\/www.mondocamping.com\/#\/schema\/person\/01a031b8c5ef08c2204bb0e696f0a760"},"headline":"Les campings de Basse-Saxe envoient un signal fort en faveur de la protection du climat","datePublished":"2024-05-30T09:23:23+00:00","dateModified":"2024-06-03T09:27:42+00:00","mainEntityOfPage":{"@id":"https:\/\/www.mondocamping.com\/fr\/les-campings-de-basse-saxe-envoient-un-signal-fort-en-faveur-de-la-protection-du-climat\/"},"wordCount":358,"publisher":{"@id":"https:\/\/www.mondocamping.com\/#organization"},"image":{"@id":"https:\/\/www.mondocamping.com\/fr\/les-campings-de-basse-saxe-envoient-un-signal-fort-en-faveur-de-la-protection-du-climat\/#primaryimage"},"thumbnailUrl":"https:\/\/www.mondocamping.com\/wp-content\/uploads\/2024\/05\/Klimaschutz-Uhlenkoeper_E-Laden-und-Wildblumenwiese-2048x1365-2.jpg","keywords":["Allemagne","camping","Mondo Camping","Tourisme de plein air"],"articleSection":["Actualit\u00e9"],"inLanguage":"fr-FR"},{"@type":"WebPage","@id":"https:\/\/www.mondocamping.com\/fr\/les-campings-de-basse-saxe-envoient-un-signal-fort-en-faveur-de-la-protection-du-climat\/","url":"https:\/\/www.mondocamping.com\/fr\/les-campings-de-basse-saxe-envoient-un-signal-fort-en-faveur-de-la-protection-du-climat\/","name":"Les campings de Basse-Saxe envoient un signal fort en faveur de la protection du climat","isPartOf":{"@id":"https:\/\/www.mondocamping.com\/#website"},"primaryImageOfPage":{"@id":"https:\/\/www.mondocamping.com\/fr\/les-campings-de-basse-saxe-envoient-un-signal-fort-en-faveur-de-la-protection-du-climat\/#primaryimage"},"image":{"@id":"https:\/\/www.mondocamping.com\/fr\/les-campings-de-basse-saxe-envoient-un-signal-fort-en-faveur-de-la-protection-du-climat\/#primaryimage"},"thumbnailUrl":"https:\/\/www.mondocamping.com\/wp-content\/uploads\/2024\/05\/Klimaschutz-Uhlenkoeper_E-Laden-und-Wildblumenwiese-2048x1365-2.jpg","datePublished":"2024-05-30T09:23:23+00:00","dateModified":"2024-06-03T09:27:42+00:00","breadcrumb":{"@id":"https:\/\/www.mondocamping.com\/fr\/les-campings-de-basse-saxe-envoient-un-signal-fort-en-faveur-de-la-protection-du-climat\/#breadcrumb"},"inLanguage":"fr-FR","potentialAction":[{"@type":"ReadAction","target":["https:\/\/www.mondocamping.com\/fr\/les-campings-de-basse-saxe-envoient-un-signal-fort-en-faveur-de-la-protection-du-climat\/"]}]},{"@type":"ImageObject","inLanguage":"fr-FR","@id":"https:\/\/www.mondocamping.com\/fr\/les-campings-de-basse-saxe-envoient-un-signal-fort-en-faveur-de-la-protection-du-climat\/#primaryimage","url":"https:\/\/www.mondocamping.com\/wp-content\/uploads\/2024\/05\/Klimaschutz-Uhlenkoeper_E-Laden-und-Wildblumenwiese-2048x1365-2.jpg","contentUrl":"https:\/\/www.mondocamping.com\/wp-content\/uploads\/2024\/05\/Klimaschutz-Uhlenkoeper_E-Laden-und-Wildblumenwiese-2048x1365-2.jpg","width":1200,"height":628},{"@type":"BreadcrumbList","@id":"https:\/\/www.mondocamping.com\/fr\/les-campings-de-basse-saxe-envoient-un-signal-fort-en-faveur-de-la-protection-du-climat\/#breadcrumb","itemListElement":[{"@type":"ListItem","position":1,"name":"Home","item":"https:\/\/www.mondocamping.com\/fr\/"},{"@type":"ListItem","position":2,"name":"Les campings de Basse-Saxe envoient un signal fort en faveur de la protection du climat"}]},{"@type":"WebSite","@id":"https:\/\/www.mondocamping.com\/#website","url":"https:\/\/www.mondocamping.com\/","name":"Mondo Camping","description":"Le portail d\u00e9di\u00e9 aux gestionnaires de campings et villages touristiques","publisher":{"@id":"https:\/\/www.mondocamping.com\/#organization"},"potentialAction":[{"@type":"SearchAction","target":{"@type":"EntryPoint","urlTemplate":"https:\/\/www.mondocamping.com\/?s={search_term_string}"},"query-input":{"@type":"PropertyValueSpecification","valueRequired":true,"valueName":"search_term_string"}}],"inLanguage":"fr-FR"},{"@type":"Organization","@id":"https:\/\/www.mondocamping.com\/#organization","name":"Mondo Camping","url":"https:\/\/www.mondocamping.com\/","logo":{"@type":"ImageObject","inLanguage":"fr-FR","@id":"https:\/\/www.mondocamping.com\/#\/schema\/logo\/image\/","url":"https:\/\/www.mondocamping.com\/wp-content\/uploads\/2022\/04\/mondo-camping-logo-contornato-1.png","contentUrl":"https:\/\/www.mondocamping.com\/wp-content\/uploads\/2022\/04\/mondo-camping-logo-contornato-1.png","width":280,"height":90,"caption":"Mondo Camping"},"image":{"@id":"https:\/\/www.mondocamping.com\/#\/schema\/logo\/image\/"},"sameAs":["https:\/\/www.facebook.com\/mondobalneare","https:\/\/x.com\/mondobalneare","https:\/\/www.instagram.com\/mondobalneare\/","https:\/\/www.linkedin.com\/company\/67180810\/","https:\/\/www.youtube.com\/user\/mondobalnearevideo"]},{"@type":"Person","@id":"https:\/\/www.mondocamping.com\/#\/schema\/person\/01a031b8c5ef08c2204bb0e696f0a760","name":"Mondo Camping","image":{"@type":"ImageObject","inLanguage":"fr-FR","@id":"https:\/\/www.mondocamping.com\/wp-content\/uploads\/2022\/05\/cropped-icona-MONDO-CAMPING-150x150.png","url":"https:\/\/www.mondocamping.com\/wp-content\/uploads\/2022\/05\/cropped-icona-MONDO-CAMPING-150x150.png","contentUrl":"https:\/\/www.mondocamping.com\/wp-content\/uploads\/2022\/05\/cropped-icona-MONDO-CAMPING-150x150.png","caption":"Mondo Camping"},"sameAs":["https:\/\/www.mondocamping.com\/","https:\/\/www.facebook.com\/mondocamping"]}]}},"_links":{"self":[{"href":"https:\/\/www.mondocamping.com\/fr\/wp-json\/wp\/v2\/posts\/169264","targetHints":{"allow":["GET"]}}],"collection":[{"href":"https:\/\/www.mondocamping.com\/fr\/wp-json\/wp\/v2\/posts"}],"about":[{"href":"https:\/\/www.mondocamping.com\/fr\/wp-json\/wp\/v2\/types\/post"}],"author":[{"embeddable":true,"href":"https:\/\/www.mondocamping.com\/fr\/wp-json\/wp\/v2\/users\/5"}],"replies":[{"embeddable":true,"href":"https:\/\/www.mondocamping.com\/fr\/wp-json\/wp\/v2\/comments?post=169264"}],"version-history":[{"count":1,"href":"https:\/\/www.mondocamping.com\/fr\/wp-json\/wp\/v2\/posts\/169264\/revisions"}],"predecessor-version":[{"id":169265,"href":"https:\/\/www.mondocamping.com\/fr\/wp-json\/wp\/v2\/posts\/169264\/revisions\/169265"}],"wp:featuredmedia":[{"embeddable":true,"href":"https:\/\/www.mondocamping.com\/fr\/wp-json\/wp\/v2\/media\/169140"}],"wp:attachment":[{"href":"https:\/\/www.mondocamping.com\/fr\/wp-json\/wp\/v2\/media?parent=169264"}],"wp:term":[{"taxonomy":"category","embeddable":true,"href":"https:\/\/www.mondocamping.com\/fr\/wp-json\/wp\/v2\/categories?post=169264"},{"taxonomy":"post_tag","embeddable":true,"href":"https:\/\/www.mondocamping.com\/fr\/wp-json\/wp\/v2\/tags?post=169264"}],"curies":[{"name":"wp","href":"https:\/\/api.w.org\/{rel}","templated":true}]}}