{"id":169816,"date":"2024-07-08T17:14:56","date_gmt":"2024-07-08T15:14:56","guid":{"rendered":"https:\/\/www.mondocamping.com\/federalberghi-et-faita-renouvellement-de-la-convention-collective-nationale-du-tourisme\/"},"modified":"2024-07-08T17:15:04","modified_gmt":"2024-07-08T15:15:04","slug":"federalberghi-et-faita-renouvellement-de-la-convention-collective-nationale-du-tourisme","status":"publish","type":"post","link":"https:\/\/www.mondocamping.com\/fr\/federalberghi-et-faita-renouvellement-de-la-convention-collective-nationale-du-tourisme\/","title":{"rendered":"Federalberghi et Faita : renouvellement de la convention collective nationale du tourisme"},"content":{"rendered":"\n<p>Le 5 juillet 2024, <strong>Federalberghi <\/strong>et <strong>Faita<\/strong>, avec la participation de <strong>Confcommercio<\/strong>, ainsi que les syndicats de travailleurs <strong>Filcams-Cgil<\/strong>,<strong> Fisascat-Cisl<\/strong> et <strong>Uiltucs-Uil<\/strong>, ont sign\u00e9 le <strong>renouvellement de la convention collective nationale de travail<\/strong> pour les employ\u00e9s des entreprises du secteur touristique, y compris celles du monde du plein air.  <\/p>\n\n<p>Une \u00e9tape importante qui a mis du temps \u00e0 \u00eatre franchie : les n\u00e9gociations avaient d\u00e9but\u00e9 le 27 f\u00e9vrier 2020, quelques jours seulement avant le blocage. La pand\u00e9mie a frein\u00e9 l&rsquo;avancement des travaux et, au fil des ans, elle n&rsquo;a pas \u00e9t\u00e9 le seul facteur \u00e0 l&rsquo;origine du processus, car d&rsquo;autres dommages se sont ajout\u00e9s, caus\u00e9s par la flamb\u00e9e des prix de l&rsquo;\u00e9nergie, les guerres et les tensions g\u00e9opolitiques, ainsi que par des ph\u00e9nom\u00e8nes m\u00e9t\u00e9orologiques d\u00e9favorables.  <\/p>\n\n<p>Le cadre g\u00e9n\u00e9ral a d\u00e9termin\u00e9 une \u00e9chelle de priorit\u00e9s et, pendant environ trois ans, les relations de travail ont donn\u00e9 la priorit\u00e9 \u00e0 la gestion de l&rsquo;urgence et \u00e0 la sauvegarde des entreprises et des emplois.  <\/p>\n\n<p>D\u00e9claration de Bernab\u00f2 Bocca, pr\u00e9sident de Federalberghi : <em>\u00ab\u00a0Aujourd&rsquo;hui, avec un march\u00e9 enfin revenu \u00e0 la normale, les parties se concentrent \u00e0 nouveau sur les perspectives de d\u00e9veloppement de l&rsquo;\u00e9conomie touristique<\/em>. <em>Nous y sommes parvenus gr\u00e2ce \u00e0 un accord qui \u00e9tablit un juste \u00e9quilibre entre les besoins des travailleurs et ceux des entreprises, tant sur le plan \u00e9conomique que sur le plan r\u00e9glementaire. Je souhaite bonne chance \u00e0 la communaut\u00e9 touristique dans son travail et je suis convaincu que cet accord important aidera tous ceux qui travaillent dans notre secteur \u00e0 tirer la satisfaction m\u00e9rit\u00e9e de leur engagement\u00a0\u00bb.<\/em><\/p>\n\n<h2 class=\"wp-block-heading\">\u00c0 qui s&rsquo;applique le contrat ?  <\/h2>\n\n<p>Selon les donn\u00e9es officielles de l&rsquo;INPS, plus de 28 000 entreprises, environ 290 000 travailleurs, avec des pointes de plus de 400 000 pendant la p\u00e9riode estivale, appliqueront la CCNL.<\/p>\n\n<p>Le contrat s&rsquo;applique aux travailleurs employ\u00e9s dans les h\u00f4tels, les villages touristiques, les campings, les auberges, les chambres d&rsquo;h\u00f4tes, les maisons et appartements de vacances et, plus g\u00e9n\u00e9ralement, dans toutes les activit\u00e9s d&rsquo;h\u00e9bergement touristique, h\u00f4teli\u00e8res et non h\u00f4teli\u00e8res.<\/p>\n\n<p>Selon les donn\u00e9es du CNEL, la CCNL renouvel\u00e9e par Federalberghi et Faita est de loin la convention collective la plus repr\u00e9sentative du secteur de l&rsquo;h\u00e9bergement touristique, puisqu&rsquo;elle est appliqu\u00e9e \u00e0 plus de 81 % des employ\u00e9s (le quota restant est r\u00e9parti entre dix-huit autres contrats mineurs).<\/p>\n","protected":false},"excerpt":{"rendered":"<p>Le 5 juillet 2024, Federalberghi et Faita, avec la participation de Confcommercio, ainsi que les syndicats de travailleurs Filcams-Cgil, Fisascat-Cisl et Uiltucs-Uil, ont sign\u00e9 le renouvellement de la convention collective nationale de travail pour les employ\u00e9s des entreprises du secteur touristique, y compris celles du monde du plein air. Une \u00e9tape importante qui a mis [&hellip;]<\/p>\n","protected":false},"author":5,"featured_media":169814,"comment_status":"closed","ping_status":"closed","sticky":false,"template":"","format":"standard","meta":{"_acf_changed":false,"_monsterinsights_skip_tracking":false,"_monsterinsights_sitenote_active":false,"_monsterinsights_sitenote_note":"","_monsterinsights_sitenote_category":0,"footnotes":""},"categories":[4024],"tags":[4189,4210,6391,6392,6390,4262,4079],"class_list":["post-169816","post","type-post","status-publish","format-standard","has-post-thumbnail","hentry","category-actualite","tag-camping-fr","tag-camping-fr-2","tag-ccnl-tourisme","tag-faita-fr","tag-federalberghi-fr","tag-mondo-camping-fr","tag-tourisme-de-plein-air"],"acf":[],"yoast_head":"<!-- This site is optimized with the Yoast SEO plugin v27.5 - https:\/\/yoast.com\/product\/yoast-seo-wordpress\/ -->\n<title>Federalberghi et Faita : renouvellement de la convention collective nationale du tourisme<\/title>\n<meta name=\"robots\" content=\"index, follow, max-snippet:-1, max-image-preview:large, max-video-preview:-1\" \/>\n<link rel=\"canonical\" href=\"https:\/\/www.mondocamping.com\/fr\/federalberghi-et-faita-renouvellement-de-la-convention-collective-nationale-du-tourisme\/\" \/>\n<meta property=\"og:locale\" content=\"fr_FR\" \/>\n<meta property=\"og:type\" content=\"article\" \/>\n<meta property=\"og:title\" content=\"Federalberghi et Faita : renouvellement de la convention collective nationale du tourisme\" \/>\n<meta property=\"og:description\" content=\"Le 5 juillet 2024, Federalberghi et Faita, avec la participation de Confcommercio, ainsi que les syndicats de travailleurs Filcams-Cgil, Fisascat-Cisl et Uiltucs-Uil, ont sign\u00e9 le renouvellement de la convention collective nationale de travail pour les employ\u00e9s des entreprises du secteur touristique, y compris celles du monde du plein air. Une \u00e9tape importante qui a mis [&hellip;]\" \/>\n<meta property=\"og:url\" content=\"https:\/\/www.mondocamping.com\/fr\/federalberghi-et-faita-renouvellement-de-la-convention-collective-nationale-du-tourisme\/\" \/>\n<meta property=\"og:site_name\" content=\"Mondo Camping\" \/>\n<meta property=\"article:publisher\" content=\"https:\/\/www.facebook.com\/mondobalneare\" \/>\n<meta property=\"article:author\" content=\"https:\/\/www.facebook.com\/mondocamping\" \/>\n<meta property=\"article:published_time\" content=\"2024-07-08T15:14:56+00:00\" \/>\n<meta property=\"article:modified_time\" content=\"2024-07-08T15:15:04+00:00\" \/>\n<meta property=\"og:image\" content=\"https:\/\/www.mondocamping.com\/wp-content\/uploads\/2024\/07\/bruce-mars-8YG31Xn4dSw-unsplash-2.jpg\" \/>\n\t<meta property=\"og:image:width\" content=\"1200\" \/>\n\t<meta property=\"og:image:height\" content=\"628\" \/>\n\t<meta property=\"og:image:type\" content=\"image\/jpeg\" \/>\n<meta name=\"author\" content=\"Mondo Camping\" \/>\n<meta name=\"twitter:card\" content=\"summary_large_image\" \/>\n<meta name=\"twitter:creator\" content=\"@mondobalneare\" \/>\n<meta name=\"twitter:site\" content=\"@mondobalneare\" \/>\n<meta name=\"twitter:label1\" content=\"\u00c9crit par\" \/>\n\t<meta name=\"twitter:data1\" content=\"Mondo Camping\" \/>\n\t<meta name=\"twitter:label2\" content=\"Dur\u00e9e de lecture estim\u00e9e\" \/>\n\t<meta name=\"twitter:data2\" content=\"2 minutes\" \/>\n<script type=\"application\/ld+json\" class=\"yoast-schema-graph\">{\"@context\":\"https:\\\/\\\/schema.org\",\"@graph\":[{\"@type\":\"Article\",\"@id\":\"https:\\\/\\\/www.mondocamping.com\\\/fr\\\/federalberghi-et-faita-renouvellement-de-la-convention-collective-nationale-du-tourisme\\\/#article\",\"isPartOf\":{\"@id\":\"https:\\\/\\\/www.mondocamping.com\\\/fr\\\/federalberghi-et-faita-renouvellement-de-la-convention-collective-nationale-du-tourisme\\\/\"},\"author\":{\"name\":\"Mondo Camping\",\"@id\":\"https:\\\/\\\/www.mondocamping.com\\\/#\\\/schema\\\/person\\\/01a031b8c5ef08c2204bb0e696f0a760\"},\"headline\":\"Federalberghi et Faita : renouvellement de la convention collective nationale du tourisme\",\"datePublished\":\"2024-07-08T15:14:56+00:00\",\"dateModified\":\"2024-07-08T15:15:04+00:00\",\"mainEntityOfPage\":{\"@id\":\"https:\\\/\\\/www.mondocamping.com\\\/fr\\\/federalberghi-et-faita-renouvellement-de-la-convention-collective-nationale-du-tourisme\\\/\"},\"wordCount\":424,\"publisher\":{\"@id\":\"https:\\\/\\\/www.mondocamping.com\\\/#organization\"},\"image\":{\"@id\":\"https:\\\/\\\/www.mondocamping.com\\\/fr\\\/federalberghi-et-faita-renouvellement-de-la-convention-collective-nationale-du-tourisme\\\/#primaryimage\"},\"thumbnailUrl\":\"https:\\\/\\\/www.mondocamping.com\\\/wp-content\\\/uploads\\\/2024\\\/07\\\/bruce-mars-8YG31Xn4dSw-unsplash-2.jpg\",\"keywords\":[\"camping\",\"camping\",\"CCNL Tourisme\",\"Faita\",\"Federalberghi\",\"Mondo Camping\",\"Tourisme de plein air\"],\"articleSection\":[\"Actualit\u00e9\"],\"inLanguage\":\"fr-FR\"},{\"@type\":\"WebPage\",\"@id\":\"https:\\\/\\\/www.mondocamping.com\\\/fr\\\/federalberghi-et-faita-renouvellement-de-la-convention-collective-nationale-du-tourisme\\\/\",\"url\":\"https:\\\/\\\/www.mondocamping.com\\\/fr\\\/federalberghi-et-faita-renouvellement-de-la-convention-collective-nationale-du-tourisme\\\/\",\"name\":\"Federalberghi et Faita : renouvellement de la convention collective nationale du tourisme\",\"isPartOf\":{\"@id\":\"https:\\\/\\\/www.mondocamping.com\\\/#website\"},\"primaryImageOfPage\":{\"@id\":\"https:\\\/\\\/www.mondocamping.com\\\/fr\\\/federalberghi-et-faita-renouvellement-de-la-convention-collective-nationale-du-tourisme\\\/#primaryimage\"},\"image\":{\"@id\":\"https:\\\/\\\/www.mondocamping.com\\\/fr\\\/federalberghi-et-faita-renouvellement-de-la-convention-collective-nationale-du-tourisme\\\/#primaryimage\"},\"thumbnailUrl\":\"https:\\\/\\\/www.mondocamping.com\\\/wp-content\\\/uploads\\\/2024\\\/07\\\/bruce-mars-8YG31Xn4dSw-unsplash-2.jpg\",\"datePublished\":\"2024-07-08T15:14:56+00:00\",\"dateModified\":\"2024-07-08T15:15:04+00:00\",\"breadcrumb\":{\"@id\":\"https:\\\/\\\/www.mondocamping.com\\\/fr\\\/federalberghi-et-faita-renouvellement-de-la-convention-collective-nationale-du-tourisme\\\/#breadcrumb\"},\"inLanguage\":\"fr-FR\",\"potentialAction\":[{\"@type\":\"ReadAction\",\"target\":[\"https:\\\/\\\/www.mondocamping.com\\\/fr\\\/federalberghi-et-faita-renouvellement-de-la-convention-collective-nationale-du-tourisme\\\/\"]}]},{\"@type\":\"ImageObject\",\"inLanguage\":\"fr-FR\",\"@id\":\"https:\\\/\\\/www.mondocamping.com\\\/fr\\\/federalberghi-et-faita-renouvellement-de-la-convention-collective-nationale-du-tourisme\\\/#primaryimage\",\"url\":\"https:\\\/\\\/www.mondocamping.com\\\/wp-content\\\/uploads\\\/2024\\\/07\\\/bruce-mars-8YG31Xn4dSw-unsplash-2.jpg\",\"contentUrl\":\"https:\\\/\\\/www.mondocamping.com\\\/wp-content\\\/uploads\\\/2024\\\/07\\\/bruce-mars-8YG31Xn4dSw-unsplash-2.jpg\",\"width\":1200,\"height\":628,\"caption\":\"Photo credit: Unsplash\"},{\"@type\":\"BreadcrumbList\",\"@id\":\"https:\\\/\\\/www.mondocamping.com\\\/fr\\\/federalberghi-et-faita-renouvellement-de-la-convention-collective-nationale-du-tourisme\\\/#breadcrumb\",\"itemListElement\":[{\"@type\":\"ListItem\",\"position\":1,\"name\":\"Home\",\"item\":\"https:\\\/\\\/www.mondocamping.com\\\/fr\\\/\"},{\"@type\":\"ListItem\",\"position\":2,\"name\":\"Federalberghi et Faita : renouvellement de la convention collective nationale du tourisme\"}]},{\"@type\":\"WebSite\",\"@id\":\"https:\\\/\\\/www.mondocamping.com\\\/#website\",\"url\":\"https:\\\/\\\/www.mondocamping.com\\\/\",\"name\":\"Mondo Camping\",\"description\":\"Le portail d\u00e9di\u00e9 aux gestionnaires de campings et villages touristiques\",\"publisher\":{\"@id\":\"https:\\\/\\\/www.mondocamping.com\\\/#organization\"},\"potentialAction\":[{\"@type\":\"SearchAction\",\"target\":{\"@type\":\"EntryPoint\",\"urlTemplate\":\"https:\\\/\\\/www.mondocamping.com\\\/?s={search_term_string}\"},\"query-input\":{\"@type\":\"PropertyValueSpecification\",\"valueRequired\":true,\"valueName\":\"search_term_string\"}}],\"inLanguage\":\"fr-FR\"},{\"@type\":\"Organization\",\"@id\":\"https:\\\/\\\/www.mondocamping.com\\\/#organization\",\"name\":\"Mondo Camping\",\"url\":\"https:\\\/\\\/www.mondocamping.com\\\/\",\"logo\":{\"@type\":\"ImageObject\",\"inLanguage\":\"fr-FR\",\"@id\":\"https:\\\/\\\/www.mondocamping.com\\\/#\\\/schema\\\/logo\\\/image\\\/\",\"url\":\"https:\\\/\\\/www.mondocamping.com\\\/wp-content\\\/uploads\\\/2022\\\/04\\\/mondo-camping-logo-contornato-1.png\",\"contentUrl\":\"https:\\\/\\\/www.mondocamping.com\\\/wp-content\\\/uploads\\\/2022\\\/04\\\/mondo-camping-logo-contornato-1.png\",\"width\":280,\"height\":90,\"caption\":\"Mondo Camping\"},\"image\":{\"@id\":\"https:\\\/\\\/www.mondocamping.com\\\/#\\\/schema\\\/logo\\\/image\\\/\"},\"sameAs\":[\"https:\\\/\\\/www.facebook.com\\\/mondobalneare\",\"https:\\\/\\\/x.com\\\/mondobalneare\",\"https:\\\/\\\/www.instagram.com\\\/mondobalneare\\\/\",\"https:\\\/\\\/www.linkedin.com\\\/company\\\/67180810\\\/\",\"https:\\\/\\\/www.youtube.com\\\/user\\\/mondobalnearevideo\"]},{\"@type\":\"Person\",\"@id\":\"https:\\\/\\\/www.mondocamping.com\\\/#\\\/schema\\\/person\\\/01a031b8c5ef08c2204bb0e696f0a760\",\"name\":\"Mondo Camping\",\"image\":{\"@type\":\"ImageObject\",\"inLanguage\":\"fr-FR\",\"@id\":\"https:\\\/\\\/www.mondocamping.com\\\/wp-content\\\/uploads\\\/2022\\\/05\\\/cropped-icona-MONDO-CAMPING-150x150.png\",\"url\":\"https:\\\/\\\/www.mondocamping.com\\\/wp-content\\\/uploads\\\/2022\\\/05\\\/cropped-icona-MONDO-CAMPING-150x150.png\",\"contentUrl\":\"https:\\\/\\\/www.mondocamping.com\\\/wp-content\\\/uploads\\\/2022\\\/05\\\/cropped-icona-MONDO-CAMPING-150x150.png\",\"caption\":\"Mondo Camping\"},\"sameAs\":[\"https:\\\/\\\/www.mondocamping.com\\\/\",\"https:\\\/\\\/www.facebook.com\\\/mondocamping\"]}]}<\/script>\n<!-- \/ Yoast SEO plugin. -->","yoast_head_json":{"title":"Federalberghi et Faita : renouvellement de la convention collective nationale du tourisme","robots":{"index":"index","follow":"follow","max-snippet":"max-snippet:-1","max-image-preview":"max-image-preview:large","max-video-preview":"max-video-preview:-1"},"canonical":"https:\/\/www.mondocamping.com\/fr\/federalberghi-et-faita-renouvellement-de-la-convention-collective-nationale-du-tourisme\/","og_locale":"fr_FR","og_type":"article","og_title":"Federalberghi et Faita : renouvellement de la convention collective nationale du tourisme","og_description":"Le 5 juillet 2024, Federalberghi et Faita, avec la participation de Confcommercio, ainsi que les syndicats de travailleurs Filcams-Cgil, Fisascat-Cisl et Uiltucs-Uil, ont sign\u00e9 le renouvellement de la convention collective nationale de travail pour les employ\u00e9s des entreprises du secteur touristique, y compris celles du monde du plein air. Une \u00e9tape importante qui a mis [&hellip;]","og_url":"https:\/\/www.mondocamping.com\/fr\/federalberghi-et-faita-renouvellement-de-la-convention-collective-nationale-du-tourisme\/","og_site_name":"Mondo Camping","article_publisher":"https:\/\/www.facebook.com\/mondobalneare","article_author":"https:\/\/www.facebook.com\/mondocamping","article_published_time":"2024-07-08T15:14:56+00:00","article_modified_time":"2024-07-08T15:15:04+00:00","og_image":[{"width":1200,"height":628,"url":"https:\/\/www.mondocamping.com\/wp-content\/uploads\/2024\/07\/bruce-mars-8YG31Xn4dSw-unsplash-2.jpg","type":"image\/jpeg"}],"author":"Mondo Camping","twitter_card":"summary_large_image","twitter_creator":"@mondobalneare","twitter_site":"@mondobalneare","twitter_misc":{"\u00c9crit par":"Mondo Camping","Dur\u00e9e de lecture estim\u00e9e":"2 minutes"},"schema":{"@context":"https:\/\/schema.org","@graph":[{"@type":"Article","@id":"https:\/\/www.mondocamping.com\/fr\/federalberghi-et-faita-renouvellement-de-la-convention-collective-nationale-du-tourisme\/#article","isPartOf":{"@id":"https:\/\/www.mondocamping.com\/fr\/federalberghi-et-faita-renouvellement-de-la-convention-collective-nationale-du-tourisme\/"},"author":{"name":"Mondo Camping","@id":"https:\/\/www.mondocamping.com\/#\/schema\/person\/01a031b8c5ef08c2204bb0e696f0a760"},"headline":"Federalberghi et Faita : renouvellement de la convention collective nationale du tourisme","datePublished":"2024-07-08T15:14:56+00:00","dateModified":"2024-07-08T15:15:04+00:00","mainEntityOfPage":{"@id":"https:\/\/www.mondocamping.com\/fr\/federalberghi-et-faita-renouvellement-de-la-convention-collective-nationale-du-tourisme\/"},"wordCount":424,"publisher":{"@id":"https:\/\/www.mondocamping.com\/#organization"},"image":{"@id":"https:\/\/www.mondocamping.com\/fr\/federalberghi-et-faita-renouvellement-de-la-convention-collective-nationale-du-tourisme\/#primaryimage"},"thumbnailUrl":"https:\/\/www.mondocamping.com\/wp-content\/uploads\/2024\/07\/bruce-mars-8YG31Xn4dSw-unsplash-2.jpg","keywords":["camping","camping","CCNL Tourisme","Faita","Federalberghi","Mondo Camping","Tourisme de plein air"],"articleSection":["Actualit\u00e9"],"inLanguage":"fr-FR"},{"@type":"WebPage","@id":"https:\/\/www.mondocamping.com\/fr\/federalberghi-et-faita-renouvellement-de-la-convention-collective-nationale-du-tourisme\/","url":"https:\/\/www.mondocamping.com\/fr\/federalberghi-et-faita-renouvellement-de-la-convention-collective-nationale-du-tourisme\/","name":"Federalberghi et Faita : renouvellement de la convention collective nationale du tourisme","isPartOf":{"@id":"https:\/\/www.mondocamping.com\/#website"},"primaryImageOfPage":{"@id":"https:\/\/www.mondocamping.com\/fr\/federalberghi-et-faita-renouvellement-de-la-convention-collective-nationale-du-tourisme\/#primaryimage"},"image":{"@id":"https:\/\/www.mondocamping.com\/fr\/federalberghi-et-faita-renouvellement-de-la-convention-collective-nationale-du-tourisme\/#primaryimage"},"thumbnailUrl":"https:\/\/www.mondocamping.com\/wp-content\/uploads\/2024\/07\/bruce-mars-8YG31Xn4dSw-unsplash-2.jpg","datePublished":"2024-07-08T15:14:56+00:00","dateModified":"2024-07-08T15:15:04+00:00","breadcrumb":{"@id":"https:\/\/www.mondocamping.com\/fr\/federalberghi-et-faita-renouvellement-de-la-convention-collective-nationale-du-tourisme\/#breadcrumb"},"inLanguage":"fr-FR","potentialAction":[{"@type":"ReadAction","target":["https:\/\/www.mondocamping.com\/fr\/federalberghi-et-faita-renouvellement-de-la-convention-collective-nationale-du-tourisme\/"]}]},{"@type":"ImageObject","inLanguage":"fr-FR","@id":"https:\/\/www.mondocamping.com\/fr\/federalberghi-et-faita-renouvellement-de-la-convention-collective-nationale-du-tourisme\/#primaryimage","url":"https:\/\/www.mondocamping.com\/wp-content\/uploads\/2024\/07\/bruce-mars-8YG31Xn4dSw-unsplash-2.jpg","contentUrl":"https:\/\/www.mondocamping.com\/wp-content\/uploads\/2024\/07\/bruce-mars-8YG31Xn4dSw-unsplash-2.jpg","width":1200,"height":628,"caption":"Photo credit: Unsplash"},{"@type":"BreadcrumbList","@id":"https:\/\/www.mondocamping.com\/fr\/federalberghi-et-faita-renouvellement-de-la-convention-collective-nationale-du-tourisme\/#breadcrumb","itemListElement":[{"@type":"ListItem","position":1,"name":"Home","item":"https:\/\/www.mondocamping.com\/fr\/"},{"@type":"ListItem","position":2,"name":"Federalberghi et Faita : renouvellement de la convention collective nationale du tourisme"}]},{"@type":"WebSite","@id":"https:\/\/www.mondocamping.com\/#website","url":"https:\/\/www.mondocamping.com\/","name":"Mondo Camping","description":"Le portail d\u00e9di\u00e9 aux gestionnaires de campings et villages touristiques","publisher":{"@id":"https:\/\/www.mondocamping.com\/#organization"},"potentialAction":[{"@type":"SearchAction","target":{"@type":"EntryPoint","urlTemplate":"https:\/\/www.mondocamping.com\/?s={search_term_string}"},"query-input":{"@type":"PropertyValueSpecification","valueRequired":true,"valueName":"search_term_string"}}],"inLanguage":"fr-FR"},{"@type":"Organization","@id":"https:\/\/www.mondocamping.com\/#organization","name":"Mondo Camping","url":"https:\/\/www.mondocamping.com\/","logo":{"@type":"ImageObject","inLanguage":"fr-FR","@id":"https:\/\/www.mondocamping.com\/#\/schema\/logo\/image\/","url":"https:\/\/www.mondocamping.com\/wp-content\/uploads\/2022\/04\/mondo-camping-logo-contornato-1.png","contentUrl":"https:\/\/www.mondocamping.com\/wp-content\/uploads\/2022\/04\/mondo-camping-logo-contornato-1.png","width":280,"height":90,"caption":"Mondo Camping"},"image":{"@id":"https:\/\/www.mondocamping.com\/#\/schema\/logo\/image\/"},"sameAs":["https:\/\/www.facebook.com\/mondobalneare","https:\/\/x.com\/mondobalneare","https:\/\/www.instagram.com\/mondobalneare\/","https:\/\/www.linkedin.com\/company\/67180810\/","https:\/\/www.youtube.com\/user\/mondobalnearevideo"]},{"@type":"Person","@id":"https:\/\/www.mondocamping.com\/#\/schema\/person\/01a031b8c5ef08c2204bb0e696f0a760","name":"Mondo Camping","image":{"@type":"ImageObject","inLanguage":"fr-FR","@id":"https:\/\/www.mondocamping.com\/wp-content\/uploads\/2022\/05\/cropped-icona-MONDO-CAMPING-150x150.png","url":"https:\/\/www.mondocamping.com\/wp-content\/uploads\/2022\/05\/cropped-icona-MONDO-CAMPING-150x150.png","contentUrl":"https:\/\/www.mondocamping.com\/wp-content\/uploads\/2022\/05\/cropped-icona-MONDO-CAMPING-150x150.png","caption":"Mondo Camping"},"sameAs":["https:\/\/www.mondocamping.com\/","https:\/\/www.facebook.com\/mondocamping"]}]}},"_links":{"self":[{"href":"https:\/\/www.mondocamping.com\/fr\/wp-json\/wp\/v2\/posts\/169816","targetHints":{"allow":["GET"]}}],"collection":[{"href":"https:\/\/www.mondocamping.com\/fr\/wp-json\/wp\/v2\/posts"}],"about":[{"href":"https:\/\/www.mondocamping.com\/fr\/wp-json\/wp\/v2\/types\/post"}],"author":[{"embeddable":true,"href":"https:\/\/www.mondocamping.com\/fr\/wp-json\/wp\/v2\/users\/5"}],"replies":[{"embeddable":true,"href":"https:\/\/www.mondocamping.com\/fr\/wp-json\/wp\/v2\/comments?post=169816"}],"version-history":[{"count":1,"href":"https:\/\/www.mondocamping.com\/fr\/wp-json\/wp\/v2\/posts\/169816\/revisions"}],"predecessor-version":[{"id":169817,"href":"https:\/\/www.mondocamping.com\/fr\/wp-json\/wp\/v2\/posts\/169816\/revisions\/169817"}],"wp:featuredmedia":[{"embeddable":true,"href":"https:\/\/www.mondocamping.com\/fr\/wp-json\/wp\/v2\/media\/169814"}],"wp:attachment":[{"href":"https:\/\/www.mondocamping.com\/fr\/wp-json\/wp\/v2\/media?parent=169816"}],"wp:term":[{"taxonomy":"category","embeddable":true,"href":"https:\/\/www.mondocamping.com\/fr\/wp-json\/wp\/v2\/categories?post=169816"},{"taxonomy":"post_tag","embeddable":true,"href":"https:\/\/www.mondocamping.com\/fr\/wp-json\/wp\/v2\/tags?post=169816"}],"curies":[{"name":"wp","href":"https:\/\/api.w.org\/{rel}","templated":true}]}}