{"id":170036,"date":"2024-07-19T20:43:51","date_gmt":"2024-07-19T18:43:51","guid":{"rendered":"https:\/\/www.mondocamping.com\/gio-stemar-des-meubles-qui-font-immediatement-penser-a-lete\/"},"modified":"2024-07-19T20:43:53","modified_gmt":"2024-07-19T18:43:53","slug":"gio-stemar-des-meubles-qui-font-immediatement-penser-a-lete","status":"publish","type":"post","link":"https:\/\/www.mondocamping.com\/fr\/gio-stemar-des-meubles-qui-font-immediatement-penser-a-lete\/","title":{"rendered":"Gi\u00f2 Stemar : des meubles qui font imm\u00e9diatement penser \u00e0 l&rsquo;\u00e9t\u00e9"},"content":{"rendered":"\n<p><em> <\/em><strong>Gi\u00f2 Stemar<\/strong>, entreprise leader du secteur pr\u00e9sente sur le march\u00e9 depuis 1996, mise sur un design ethno-chic, inspir\u00e9 des paradis lointains, sans renoncer \u00e0 la technique et \u00e0 la qualit\u00e9 <em>made in Italy<\/em> des structures et des mat\u00e9riaux, comme les v\u00e9randas en eucalyptus, un v\u00e9ritable <em>must <\/em>pour les structures de camping de derni\u00e8re g\u00e9n\u00e9ration qui souhaitent offrir un maximum de confort et de bien-\u00eatre \u00e0 leurs h\u00f4tes.  <\/p>\n\n<p>Fra\u00eecheur et style, les mots d&rsquo;ordre de la saison estivale avec les produits Gi\u00f2 Stemar, car si la praticit\u00e9 a sa part, la cr\u00e9ation de l&rsquo;ambiance et l&rsquo;atmosph\u00e8re rendent tout meilleur.  <\/p>\n\n<p>Il existe de nombreux mod\u00e8les parfaits pour l&rsquo;\u00e9t\u00e9, \u00e0 commencer par les <strong>v\u00e9randas en eucalyptus<\/strong>, un bois adapt\u00e9 aux temp\u00e9ratures \u00e9lev\u00e9es, respirant et r\u00e9sistant, flexible et facile \u00e0 travailler, \u00e0 couper, \u00e0 poncer, \u00e0 polir et \u00e0 finir. De plus, il est r\u00e9sistant aux termites et autres insectes.<\/p>\n\n<p>Pour la piscine ou la zone de bronzage d&rsquo;un camping, il y a de nombreuses propositions de parasols Gi\u00f2 Stemar, des lignes ethniques de bon go\u00fbt qui vous font r\u00eaver de paradis lointains. D\u00e9couvrons-en quelques-unes.  <\/p>\n\n<h2 class=\"wp-block-heading\"><strong>Parapluies en canne africaine  <\/strong><\/h2>\n<div class=\"wp-block-image\">\n<figure class=\"aligncenter size-large\"><img fetchpriority=\"high\" decoding=\"async\" width=\"1024\" height=\"682\" src=\"https:\/\/www.mondocamping.com\/wp-content\/uploads\/2024\/07\/ombrelloni-canna-africana-1024x682.jpg\" alt=\"\" class=\"wp-image-170016\" srcset=\"https:\/\/www.mondocamping.com\/wp-content\/uploads\/2024\/07\/ombrelloni-canna-africana-1024x682.jpg 1024w, https:\/\/www.mondocamping.com\/wp-content\/uploads\/2024\/07\/ombrelloni-canna-africana-300x200.jpg 300w, https:\/\/www.mondocamping.com\/wp-content\/uploads\/2024\/07\/ombrelloni-canna-africana-768x512.jpg 768w, https:\/\/www.mondocamping.com\/wp-content\/uploads\/2024\/07\/ombrelloni-canna-africana-391x260.jpg 391w, https:\/\/www.mondocamping.com\/wp-content\/uploads\/2024\/07\/ombrelloni-canna-africana.jpg 1423w\" sizes=\"(max-width: 1024px) 100vw, 1024px\" \/><\/figure>\n<\/div>\n<p>Tuiles de diff\u00e9rentes tailles et formes, fabriqu\u00e9es \u00e0 partir de tuiles en roseau africain, un produit naturel et \u00e9cologique d&rsquo;Afrique australe. Mat\u00e9riau id\u00e9al dans les r\u00e9gions venteuses, n\u00e9cessite peu d&rsquo;entretien. Diff\u00e9rentes solutions, tailles et couleurs sont disponibles. Possibilit\u00e9 d&rsquo;un rev\u00eatement int\u00e9rieur pour donner aux toits une plus grande r\u00e9sistance \u00e0 l&rsquo;eau.  <\/p>\n\n<h2 class=\"wp-block-heading\"><strong>Parapluies en herbe tress\u00e9e<\/strong> <\/h2>\n<div class=\"wp-block-image\">\n<figure class=\"aligncenter size-large\"><img decoding=\"async\" width=\"1024\" height=\"701\" src=\"https:\/\/www.mondocamping.com\/wp-content\/uploads\/2024\/07\/ombrelloni-erba-intrecciata-1024x701.jpg\" alt=\"\" class=\"wp-image-170010\" srcset=\"https:\/\/www.mondocamping.com\/wp-content\/uploads\/2024\/07\/ombrelloni-erba-intrecciata-1024x701.jpg 1024w, https:\/\/www.mondocamping.com\/wp-content\/uploads\/2024\/07\/ombrelloni-erba-intrecciata-300x205.jpg 300w, https:\/\/www.mondocamping.com\/wp-content\/uploads\/2024\/07\/ombrelloni-erba-intrecciata-768x525.jpg 768w, https:\/\/www.mondocamping.com\/wp-content\/uploads\/2024\/07\/ombrelloni-erba-intrecciata-474x324.jpg 474w, https:\/\/www.mondocamping.com\/wp-content\/uploads\/2024\/07\/ombrelloni-erba-intrecciata.jpg 1200w\" sizes=\"(max-width: 1024px) 100vw, 1024px\" \/><\/figure>\n<\/div>\n<p>Housses de parapluie rondes de diff\u00e9rentes tailles, fabriqu\u00e9es \u00e0 partir de filaments d&rsquo;herbe naturelle tress\u00e9s. Tr\u00e8s facile \u00e0 mettre en place sur les parasols : il suffit de placer la toile sur la structure porteuse sans avoir besoin d&rsquo;attaches. Habituellement utilis\u00e9e pour les parapluies, cette housse peut \u00e9galement \u00eatre utilis\u00e9e comme tapis pour cr\u00e9er des \u00eelots caract\u00e9ristiques sur le sol.  <\/p>\n\n<h2 class=\"wp-block-heading\"><strong>Makuti et Makuti synth\u00e9tique, style Afrique et Java <\/strong> <\/h2>\n<div class=\"wp-block-image\">\n<figure class=\"aligncenter size-large\"><img decoding=\"async\" width=\"1024\" height=\"682\" src=\"https:\/\/www.mondocamping.com\/wp-content\/uploads\/2024\/07\/copertura-Makuti-naturale-1024x682.jpg\" alt=\"\" class=\"wp-image-170013\" srcset=\"https:\/\/www.mondocamping.com\/wp-content\/uploads\/2024\/07\/copertura-Makuti-naturale-1024x682.jpg 1024w, https:\/\/www.mondocamping.com\/wp-content\/uploads\/2024\/07\/copertura-Makuti-naturale-300x200.jpg 300w, https:\/\/www.mondocamping.com\/wp-content\/uploads\/2024\/07\/copertura-Makuti-naturale-768x512.jpg 768w, https:\/\/www.mondocamping.com\/wp-content\/uploads\/2024\/07\/copertura-Makuti-naturale-391x260.jpg 391w, https:\/\/www.mondocamping.com\/wp-content\/uploads\/2024\/07\/copertura-Makuti-naturale-1536x1024.jpg 1536w, https:\/\/www.mondocamping.com\/wp-content\/uploads\/2024\/07\/copertura-Makuti-naturale.jpg 1595w\" sizes=\"(max-width: 1024px) 100vw, 1024px\" \/><\/figure>\n<\/div>\n<p>Toiture en feuilles de palmier naturelles ou synth\u00e9tiques, disponible en rouleaux et en tuiles, id\u00e9ale pour la fabrication de parasols et de gazebos. Les rouleaux de makuti naturel permettent un ameublement alternatif.  <\/p>\n\n<p>Couvertures synth\u00e9tiques d&rsquo;apparence naturelle. Le Makuti synth\u00e9tique est fourni en panneaux qui, plac\u00e9s sur des structures \u00e0 grandes pentes, les rendent imperm\u00e9ables. Les couvertures de style africain et le Java sont fournis sous forme de dalles, avec ou sans clips, de sorte qu&rsquo;ils peuvent \u00eatre facilement appliqu\u00e9s \u00e0 la fois sur les parasols et les structures en planches. Tous les produits synth\u00e9tiques Gio&rsquo; Stemar sont certifi\u00e9s et garantis.<\/p>\n\n<p>Pour plus d&rsquo;informations <\/p>\n\n<div class=\"wp-block-buttons is-layout-flex wp-block-buttons-is-layout-flex\">\n<div class=\"wp-block-button\"><a class=\"wp-block-button__link wp-element-button\">Contacter l&rsquo;entreprise<\/a><\/div>\n<\/div>\n","protected":false},"excerpt":{"rendered":"<p>Gi\u00f2 Stemar, entreprise leader du secteur pr\u00e9sente sur le march\u00e9 depuis 1996, mise sur un design ethno-chic, inspir\u00e9 des paradis lointains, sans renoncer \u00e0 la technique et \u00e0 la qualit\u00e9 made in Italy des structures et des mat\u00e9riaux, comme les v\u00e9randas en eucalyptus, un v\u00e9ritable must pour les structures de camping de derni\u00e8re g\u00e9n\u00e9ration qui [&hellip;]<\/p>\n","protected":false},"author":75,"featured_media":170021,"comment_status":"closed","ping_status":"closed","sticky":false,"template":"","format":"standard","meta":{"_acf_changed":false,"_monsterinsights_skip_tracking":false,"_monsterinsights_sitenote_active":false,"_monsterinsights_sitenote_note":"","_monsterinsights_sitenote_category":0,"footnotes":""},"categories":[4022],"tags":[4210,5758,4262,4079],"class_list":["post-170036","post","type-post","status-publish","format-standard","has-post-thumbnail","hentry","category-editoriaux","tag-camping-fr-2","tag-gio-stemar-fr","tag-mondo-camping-fr","tag-tourisme-de-plein-air"],"acf":[],"yoast_head":"<!-- This site is optimized with the Yoast SEO plugin v27.5 - https:\/\/yoast.com\/product\/yoast-seo-wordpress\/ -->\n<title>Gi\u00f2 Stemar : des meubles qui font imm\u00e9diatement penser \u00e0 l&#039;\u00e9t\u00e9<\/title>\n<meta name=\"robots\" content=\"index, follow, max-snippet:-1, max-image-preview:large, max-video-preview:-1\" \/>\n<link rel=\"canonical\" href=\"https:\/\/www.mondocamping.com\/fr\/gio-stemar-des-meubles-qui-font-immediatement-penser-a-lete\/\" \/>\n<meta property=\"og:locale\" content=\"fr_FR\" \/>\n<meta property=\"og:type\" content=\"article\" \/>\n<meta property=\"og:title\" content=\"Gi\u00f2 Stemar : des meubles qui font imm\u00e9diatement penser \u00e0 l&#039;\u00e9t\u00e9\" \/>\n<meta property=\"og:description\" content=\"Gi\u00f2 Stemar, entreprise leader du secteur pr\u00e9sente sur le march\u00e9 depuis 1996, mise sur un design ethno-chic, inspir\u00e9 des paradis lointains, sans renoncer \u00e0 la technique et \u00e0 la qualit\u00e9 made in Italy des structures et des mat\u00e9riaux, comme les v\u00e9randas en eucalyptus, un v\u00e9ritable must pour les structures de camping de derni\u00e8re g\u00e9n\u00e9ration qui [&hellip;]\" \/>\n<meta property=\"og:url\" content=\"https:\/\/www.mondocamping.com\/fr\/gio-stemar-des-meubles-qui-font-immediatement-penser-a-lete\/\" \/>\n<meta property=\"og:site_name\" content=\"Mondo Camping\" \/>\n<meta property=\"article:publisher\" content=\"https:\/\/www.facebook.com\/mondobalneare\" \/>\n<meta property=\"article:published_time\" content=\"2024-07-19T18:43:51+00:00\" \/>\n<meta property=\"article:modified_time\" content=\"2024-07-19T18:43:53+00:00\" \/>\n<meta property=\"og:image\" content=\"https:\/\/www.mondocamping.com\/wp-content\/uploads\/2024\/07\/3palmasintetica_yellow_1200x854-2.jpg\" \/>\n\t<meta property=\"og:image:width\" content=\"1200\" \/>\n\t<meta property=\"og:image:height\" content=\"628\" \/>\n\t<meta property=\"og:image:type\" content=\"image\/jpeg\" \/>\n<meta name=\"author\" content=\"Gio Stemar\" \/>\n<meta name=\"twitter:card\" content=\"summary_large_image\" \/>\n<meta name=\"twitter:creator\" content=\"@mondobalneare\" \/>\n<meta name=\"twitter:site\" content=\"@mondobalneare\" \/>\n<meta name=\"twitter:label1\" content=\"\u00c9crit par\" \/>\n\t<meta name=\"twitter:data1\" content=\"Gio Stemar\" \/>\n\t<meta name=\"twitter:label2\" content=\"Dur\u00e9e de lecture estim\u00e9e\" \/>\n\t<meta name=\"twitter:data2\" content=\"2 minutes\" \/>\n<script type=\"application\/ld+json\" class=\"yoast-schema-graph\">{\"@context\":\"https:\\\/\\\/schema.org\",\"@graph\":[{\"@type\":\"Article\",\"@id\":\"https:\\\/\\\/www.mondocamping.com\\\/fr\\\/gio-stemar-des-meubles-qui-font-immediatement-penser-a-lete\\\/#article\",\"isPartOf\":{\"@id\":\"https:\\\/\\\/www.mondocamping.com\\\/fr\\\/gio-stemar-des-meubles-qui-font-immediatement-penser-a-lete\\\/\"},\"author\":{\"name\":\"Gio Stemar\",\"@id\":\"https:\\\/\\\/www.mondocamping.com\\\/#\\\/schema\\\/person\\\/fea6cb743a1f94214785609ceabc30de\"},\"headline\":\"Gi\u00f2 Stemar : des meubles qui font imm\u00e9diatement penser \u00e0 l&rsquo;\u00e9t\u00e9\",\"datePublished\":\"2024-07-19T18:43:51+00:00\",\"dateModified\":\"2024-07-19T18:43:53+00:00\",\"mainEntityOfPage\":{\"@id\":\"https:\\\/\\\/www.mondocamping.com\\\/fr\\\/gio-stemar-des-meubles-qui-font-immediatement-penser-a-lete\\\/\"},\"wordCount\":472,\"publisher\":{\"@id\":\"https:\\\/\\\/www.mondocamping.com\\\/#organization\"},\"image\":{\"@id\":\"https:\\\/\\\/www.mondocamping.com\\\/fr\\\/gio-stemar-des-meubles-qui-font-immediatement-penser-a-lete\\\/#primaryimage\"},\"thumbnailUrl\":\"https:\\\/\\\/www.mondocamping.com\\\/wp-content\\\/uploads\\\/2024\\\/07\\\/3palmasintetica_yellow_1200x854-2.jpg\",\"keywords\":[\"camping\",\"Gi\u00f2 Stemar\",\"Mondo Camping\",\"Tourisme de plein air\"],\"articleSection\":[\"\u00c9ditoriaux\"],\"inLanguage\":\"fr-FR\"},{\"@type\":\"WebPage\",\"@id\":\"https:\\\/\\\/www.mondocamping.com\\\/fr\\\/gio-stemar-des-meubles-qui-font-immediatement-penser-a-lete\\\/\",\"url\":\"https:\\\/\\\/www.mondocamping.com\\\/fr\\\/gio-stemar-des-meubles-qui-font-immediatement-penser-a-lete\\\/\",\"name\":\"Gi\u00f2 Stemar : des meubles qui font imm\u00e9diatement penser \u00e0 l'\u00e9t\u00e9\",\"isPartOf\":{\"@id\":\"https:\\\/\\\/www.mondocamping.com\\\/#website\"},\"primaryImageOfPage\":{\"@id\":\"https:\\\/\\\/www.mondocamping.com\\\/fr\\\/gio-stemar-des-meubles-qui-font-immediatement-penser-a-lete\\\/#primaryimage\"},\"image\":{\"@id\":\"https:\\\/\\\/www.mondocamping.com\\\/fr\\\/gio-stemar-des-meubles-qui-font-immediatement-penser-a-lete\\\/#primaryimage\"},\"thumbnailUrl\":\"https:\\\/\\\/www.mondocamping.com\\\/wp-content\\\/uploads\\\/2024\\\/07\\\/3palmasintetica_yellow_1200x854-2.jpg\",\"datePublished\":\"2024-07-19T18:43:51+00:00\",\"dateModified\":\"2024-07-19T18:43:53+00:00\",\"breadcrumb\":{\"@id\":\"https:\\\/\\\/www.mondocamping.com\\\/fr\\\/gio-stemar-des-meubles-qui-font-immediatement-penser-a-lete\\\/#breadcrumb\"},\"inLanguage\":\"fr-FR\",\"potentialAction\":[{\"@type\":\"ReadAction\",\"target\":[\"https:\\\/\\\/www.mondocamping.com\\\/fr\\\/gio-stemar-des-meubles-qui-font-immediatement-penser-a-lete\\\/\"]}]},{\"@type\":\"ImageObject\",\"inLanguage\":\"fr-FR\",\"@id\":\"https:\\\/\\\/www.mondocamping.com\\\/fr\\\/gio-stemar-des-meubles-qui-font-immediatement-penser-a-lete\\\/#primaryimage\",\"url\":\"https:\\\/\\\/www.mondocamping.com\\\/wp-content\\\/uploads\\\/2024\\\/07\\\/3palmasintetica_yellow_1200x854-2.jpg\",\"contentUrl\":\"https:\\\/\\\/www.mondocamping.com\\\/wp-content\\\/uploads\\\/2024\\\/07\\\/3palmasintetica_yellow_1200x854-2.jpg\",\"width\":1200,\"height\":628},{\"@type\":\"BreadcrumbList\",\"@id\":\"https:\\\/\\\/www.mondocamping.com\\\/fr\\\/gio-stemar-des-meubles-qui-font-immediatement-penser-a-lete\\\/#breadcrumb\",\"itemListElement\":[{\"@type\":\"ListItem\",\"position\":1,\"name\":\"Home\",\"item\":\"https:\\\/\\\/www.mondocamping.com\\\/fr\\\/\"},{\"@type\":\"ListItem\",\"position\":2,\"name\":\"Gi\u00f2 Stemar : des meubles qui font imm\u00e9diatement penser \u00e0 l&rsquo;\u00e9t\u00e9\"}]},{\"@type\":\"WebSite\",\"@id\":\"https:\\\/\\\/www.mondocamping.com\\\/#website\",\"url\":\"https:\\\/\\\/www.mondocamping.com\\\/\",\"name\":\"Mondo Camping\",\"description\":\"Le portail d\u00e9di\u00e9 aux gestionnaires de campings et villages touristiques\",\"publisher\":{\"@id\":\"https:\\\/\\\/www.mondocamping.com\\\/#organization\"},\"potentialAction\":[{\"@type\":\"SearchAction\",\"target\":{\"@type\":\"EntryPoint\",\"urlTemplate\":\"https:\\\/\\\/www.mondocamping.com\\\/?s={search_term_string}\"},\"query-input\":{\"@type\":\"PropertyValueSpecification\",\"valueRequired\":true,\"valueName\":\"search_term_string\"}}],\"inLanguage\":\"fr-FR\"},{\"@type\":\"Organization\",\"@id\":\"https:\\\/\\\/www.mondocamping.com\\\/#organization\",\"name\":\"Mondo Camping\",\"url\":\"https:\\\/\\\/www.mondocamping.com\\\/\",\"logo\":{\"@type\":\"ImageObject\",\"inLanguage\":\"fr-FR\",\"@id\":\"https:\\\/\\\/www.mondocamping.com\\\/#\\\/schema\\\/logo\\\/image\\\/\",\"url\":\"https:\\\/\\\/www.mondocamping.com\\\/wp-content\\\/uploads\\\/2022\\\/04\\\/mondo-camping-logo-contornato-1.png\",\"contentUrl\":\"https:\\\/\\\/www.mondocamping.com\\\/wp-content\\\/uploads\\\/2022\\\/04\\\/mondo-camping-logo-contornato-1.png\",\"width\":280,\"height\":90,\"caption\":\"Mondo Camping\"},\"image\":{\"@id\":\"https:\\\/\\\/www.mondocamping.com\\\/#\\\/schema\\\/logo\\\/image\\\/\"},\"sameAs\":[\"https:\\\/\\\/www.facebook.com\\\/mondobalneare\",\"https:\\\/\\\/x.com\\\/mondobalneare\",\"https:\\\/\\\/www.instagram.com\\\/mondobalneare\\\/\",\"https:\\\/\\\/www.linkedin.com\\\/company\\\/67180810\\\/\",\"https:\\\/\\\/www.youtube.com\\\/user\\\/mondobalnearevideo\"]},{\"@type\":\"Person\",\"@id\":\"https:\\\/\\\/www.mondocamping.com\\\/#\\\/schema\\\/person\\\/fea6cb743a1f94214785609ceabc30de\",\"name\":\"Gio Stemar\",\"image\":{\"@type\":\"ImageObject\",\"inLanguage\":\"fr-FR\",\"@id\":\"https:\\\/\\\/www.mondocamping.com\\\/wp-content\\\/uploads\\\/2019\\\/06\\\/GIOSTEMAR-100x100.jpg\",\"url\":\"https:\\\/\\\/www.mondocamping.com\\\/wp-content\\\/uploads\\\/2019\\\/06\\\/GIOSTEMAR-100x100.jpg\",\"contentUrl\":\"https:\\\/\\\/www.mondocamping.com\\\/wp-content\\\/uploads\\\/2019\\\/06\\\/GIOSTEMAR-100x100.jpg\",\"caption\":\"Gio Stemar\"},\"description\":\"Tel. 0424 382821\"}]}<\/script>\n<!-- \/ Yoast SEO plugin. -->","yoast_head_json":{"title":"Gi\u00f2 Stemar : des meubles qui font imm\u00e9diatement penser \u00e0 l'\u00e9t\u00e9","robots":{"index":"index","follow":"follow","max-snippet":"max-snippet:-1","max-image-preview":"max-image-preview:large","max-video-preview":"max-video-preview:-1"},"canonical":"https:\/\/www.mondocamping.com\/fr\/gio-stemar-des-meubles-qui-font-immediatement-penser-a-lete\/","og_locale":"fr_FR","og_type":"article","og_title":"Gi\u00f2 Stemar : des meubles qui font imm\u00e9diatement penser \u00e0 l'\u00e9t\u00e9","og_description":"Gi\u00f2 Stemar, entreprise leader du secteur pr\u00e9sente sur le march\u00e9 depuis 1996, mise sur un design ethno-chic, inspir\u00e9 des paradis lointains, sans renoncer \u00e0 la technique et \u00e0 la qualit\u00e9 made in Italy des structures et des mat\u00e9riaux, comme les v\u00e9randas en eucalyptus, un v\u00e9ritable must pour les structures de camping de derni\u00e8re g\u00e9n\u00e9ration qui [&hellip;]","og_url":"https:\/\/www.mondocamping.com\/fr\/gio-stemar-des-meubles-qui-font-immediatement-penser-a-lete\/","og_site_name":"Mondo Camping","article_publisher":"https:\/\/www.facebook.com\/mondobalneare","article_published_time":"2024-07-19T18:43:51+00:00","article_modified_time":"2024-07-19T18:43:53+00:00","og_image":[{"width":1200,"height":628,"url":"https:\/\/www.mondocamping.com\/wp-content\/uploads\/2024\/07\/3palmasintetica_yellow_1200x854-2.jpg","type":"image\/jpeg"}],"author":"Gio Stemar","twitter_card":"summary_large_image","twitter_creator":"@mondobalneare","twitter_site":"@mondobalneare","twitter_misc":{"\u00c9crit par":"Gio Stemar","Dur\u00e9e de lecture estim\u00e9e":"2 minutes"},"schema":{"@context":"https:\/\/schema.org","@graph":[{"@type":"Article","@id":"https:\/\/www.mondocamping.com\/fr\/gio-stemar-des-meubles-qui-font-immediatement-penser-a-lete\/#article","isPartOf":{"@id":"https:\/\/www.mondocamping.com\/fr\/gio-stemar-des-meubles-qui-font-immediatement-penser-a-lete\/"},"author":{"name":"Gio Stemar","@id":"https:\/\/www.mondocamping.com\/#\/schema\/person\/fea6cb743a1f94214785609ceabc30de"},"headline":"Gi\u00f2 Stemar : des meubles qui font imm\u00e9diatement penser \u00e0 l&rsquo;\u00e9t\u00e9","datePublished":"2024-07-19T18:43:51+00:00","dateModified":"2024-07-19T18:43:53+00:00","mainEntityOfPage":{"@id":"https:\/\/www.mondocamping.com\/fr\/gio-stemar-des-meubles-qui-font-immediatement-penser-a-lete\/"},"wordCount":472,"publisher":{"@id":"https:\/\/www.mondocamping.com\/#organization"},"image":{"@id":"https:\/\/www.mondocamping.com\/fr\/gio-stemar-des-meubles-qui-font-immediatement-penser-a-lete\/#primaryimage"},"thumbnailUrl":"https:\/\/www.mondocamping.com\/wp-content\/uploads\/2024\/07\/3palmasintetica_yellow_1200x854-2.jpg","keywords":["camping","Gi\u00f2 Stemar","Mondo Camping","Tourisme de plein air"],"articleSection":["\u00c9ditoriaux"],"inLanguage":"fr-FR"},{"@type":"WebPage","@id":"https:\/\/www.mondocamping.com\/fr\/gio-stemar-des-meubles-qui-font-immediatement-penser-a-lete\/","url":"https:\/\/www.mondocamping.com\/fr\/gio-stemar-des-meubles-qui-font-immediatement-penser-a-lete\/","name":"Gi\u00f2 Stemar : des meubles qui font imm\u00e9diatement penser \u00e0 l'\u00e9t\u00e9","isPartOf":{"@id":"https:\/\/www.mondocamping.com\/#website"},"primaryImageOfPage":{"@id":"https:\/\/www.mondocamping.com\/fr\/gio-stemar-des-meubles-qui-font-immediatement-penser-a-lete\/#primaryimage"},"image":{"@id":"https:\/\/www.mondocamping.com\/fr\/gio-stemar-des-meubles-qui-font-immediatement-penser-a-lete\/#primaryimage"},"thumbnailUrl":"https:\/\/www.mondocamping.com\/wp-content\/uploads\/2024\/07\/3palmasintetica_yellow_1200x854-2.jpg","datePublished":"2024-07-19T18:43:51+00:00","dateModified":"2024-07-19T18:43:53+00:00","breadcrumb":{"@id":"https:\/\/www.mondocamping.com\/fr\/gio-stemar-des-meubles-qui-font-immediatement-penser-a-lete\/#breadcrumb"},"inLanguage":"fr-FR","potentialAction":[{"@type":"ReadAction","target":["https:\/\/www.mondocamping.com\/fr\/gio-stemar-des-meubles-qui-font-immediatement-penser-a-lete\/"]}]},{"@type":"ImageObject","inLanguage":"fr-FR","@id":"https:\/\/www.mondocamping.com\/fr\/gio-stemar-des-meubles-qui-font-immediatement-penser-a-lete\/#primaryimage","url":"https:\/\/www.mondocamping.com\/wp-content\/uploads\/2024\/07\/3palmasintetica_yellow_1200x854-2.jpg","contentUrl":"https:\/\/www.mondocamping.com\/wp-content\/uploads\/2024\/07\/3palmasintetica_yellow_1200x854-2.jpg","width":1200,"height":628},{"@type":"BreadcrumbList","@id":"https:\/\/www.mondocamping.com\/fr\/gio-stemar-des-meubles-qui-font-immediatement-penser-a-lete\/#breadcrumb","itemListElement":[{"@type":"ListItem","position":1,"name":"Home","item":"https:\/\/www.mondocamping.com\/fr\/"},{"@type":"ListItem","position":2,"name":"Gi\u00f2 Stemar : des meubles qui font imm\u00e9diatement penser \u00e0 l&rsquo;\u00e9t\u00e9"}]},{"@type":"WebSite","@id":"https:\/\/www.mondocamping.com\/#website","url":"https:\/\/www.mondocamping.com\/","name":"Mondo Camping","description":"Le portail d\u00e9di\u00e9 aux gestionnaires de campings et villages touristiques","publisher":{"@id":"https:\/\/www.mondocamping.com\/#organization"},"potentialAction":[{"@type":"SearchAction","target":{"@type":"EntryPoint","urlTemplate":"https:\/\/www.mondocamping.com\/?s={search_term_string}"},"query-input":{"@type":"PropertyValueSpecification","valueRequired":true,"valueName":"search_term_string"}}],"inLanguage":"fr-FR"},{"@type":"Organization","@id":"https:\/\/www.mondocamping.com\/#organization","name":"Mondo Camping","url":"https:\/\/www.mondocamping.com\/","logo":{"@type":"ImageObject","inLanguage":"fr-FR","@id":"https:\/\/www.mondocamping.com\/#\/schema\/logo\/image\/","url":"https:\/\/www.mondocamping.com\/wp-content\/uploads\/2022\/04\/mondo-camping-logo-contornato-1.png","contentUrl":"https:\/\/www.mondocamping.com\/wp-content\/uploads\/2022\/04\/mondo-camping-logo-contornato-1.png","width":280,"height":90,"caption":"Mondo Camping"},"image":{"@id":"https:\/\/www.mondocamping.com\/#\/schema\/logo\/image\/"},"sameAs":["https:\/\/www.facebook.com\/mondobalneare","https:\/\/x.com\/mondobalneare","https:\/\/www.instagram.com\/mondobalneare\/","https:\/\/www.linkedin.com\/company\/67180810\/","https:\/\/www.youtube.com\/user\/mondobalnearevideo"]},{"@type":"Person","@id":"https:\/\/www.mondocamping.com\/#\/schema\/person\/fea6cb743a1f94214785609ceabc30de","name":"Gio Stemar","image":{"@type":"ImageObject","inLanguage":"fr-FR","@id":"https:\/\/www.mondocamping.com\/wp-content\/uploads\/2019\/06\/GIOSTEMAR-100x100.jpg","url":"https:\/\/www.mondocamping.com\/wp-content\/uploads\/2019\/06\/GIOSTEMAR-100x100.jpg","contentUrl":"https:\/\/www.mondocamping.com\/wp-content\/uploads\/2019\/06\/GIOSTEMAR-100x100.jpg","caption":"Gio Stemar"},"description":"Tel. 0424 382821"}]}},"_links":{"self":[{"href":"https:\/\/www.mondocamping.com\/fr\/wp-json\/wp\/v2\/posts\/170036","targetHints":{"allow":["GET"]}}],"collection":[{"href":"https:\/\/www.mondocamping.com\/fr\/wp-json\/wp\/v2\/posts"}],"about":[{"href":"https:\/\/www.mondocamping.com\/fr\/wp-json\/wp\/v2\/types\/post"}],"author":[{"embeddable":true,"href":"https:\/\/www.mondocamping.com\/fr\/wp-json\/wp\/v2\/users\/75"}],"replies":[{"embeddable":true,"href":"https:\/\/www.mondocamping.com\/fr\/wp-json\/wp\/v2\/comments?post=170036"}],"version-history":[{"count":1,"href":"https:\/\/www.mondocamping.com\/fr\/wp-json\/wp\/v2\/posts\/170036\/revisions"}],"predecessor-version":[{"id":170037,"href":"https:\/\/www.mondocamping.com\/fr\/wp-json\/wp\/v2\/posts\/170036\/revisions\/170037"}],"wp:featuredmedia":[{"embeddable":true,"href":"https:\/\/www.mondocamping.com\/fr\/wp-json\/wp\/v2\/media\/170021"}],"wp:attachment":[{"href":"https:\/\/www.mondocamping.com\/fr\/wp-json\/wp\/v2\/media?parent=170036"}],"wp:term":[{"taxonomy":"category","embeddable":true,"href":"https:\/\/www.mondocamping.com\/fr\/wp-json\/wp\/v2\/categories?post=170036"},{"taxonomy":"post_tag","embeddable":true,"href":"https:\/\/www.mondocamping.com\/fr\/wp-json\/wp\/v2\/tags?post=170036"}],"curies":[{"name":"wp","href":"https:\/\/api.w.org\/{rel}","templated":true}]}}