{"id":170293,"date":"2024-08-07T12:31:07","date_gmt":"2024-08-07T10:31:07","guid":{"rendered":"https:\/\/www.mondocamping.com\/open-air-forum-2024-levenement-faita-federcamping-organise-a-rome\/"},"modified":"2024-08-21T16:27:10","modified_gmt":"2024-08-21T14:27:10","slug":"open-air-forum-2024-levenement-faita-federcamping-organise-a-rome","status":"publish","type":"post","link":"https:\/\/www.mondocamping.com\/fr\/open-air-forum-2024-levenement-faita-federcamping-organise-a-rome\/","title":{"rendered":"Open Air Forum 2024 : l&rsquo;\u00e9v\u00e9nement FAITA-FederCamping sera organis\u00e9 \u00e0 Rome"},"content":{"rendered":"\n<p>La capitale accueillera le Forum organis\u00e9 par <strong>Faita FederCamping<\/strong>, deux jours d\u00e9di\u00e9s \u00e0 toutes les probl\u00e9matiques du monde du plein air, ainsi que la tenue de l&rsquo;<strong>Assembl\u00e9e nationale de la F\u00e9d\u00e9ration<\/strong>, \u00e9galement ouverte pour l&rsquo;occasion aux entreprises non membres.  <\/p>\n\n<p>Comme le rapporte <strong>Faita FederCamping <\/strong>sur <strong>Campingmanagement.com<\/strong>, le Forum sera l&rsquo;occasion de pr\u00e9senter des services, des produits et toutes les nouveaut\u00e9s int\u00e9ressant les op\u00e9rateurs du secteur, mais aussi de participer \u00e0 des activit\u00e9s de formation et d&rsquo;information.<\/p>\n\n<p>Les <strong>partenaires de la FAITA<\/strong>, les acteurs institutionnels de r\u00e9f\u00e9rence pour le secteur, les entreprises de premier plan et les principales parties prenantes participeront \u00e0 cet \u00e9v\u00e9nement de deux jours. Le <strong>Forum Open Air 2024 <\/strong>est un rendez-vous tr\u00e8s attendu, con\u00e7u pour le dialogue et la mise \u00e0 jour des 2 600 entrepreneurs italiens de l&rsquo;Open Air, une occasion pr\u00e9cieuse de se rencontrer et de discuter des questions principales et \u00e9mergentes affectant la cha\u00eene d&rsquo;approvisionnement.  <\/p>\n\n<p>L&rsquo;\u00e9v\u00e9nement sera tr\u00e8s utile pour donner plus de visibilit\u00e9 et d&rsquo;appr\u00e9ciation \u00e0 un secteur qui, avec ses 70 millions de pr\u00e9sences et ses 10 millions d&rsquo;arriv\u00e9es, occupe une position de premier plan dans l&rsquo;industrie nationale du tourisme.  <\/p>\n\n<p>Comme indiqu\u00e9 par <strong>Faita FederCamping<\/strong>, vous pouvez vous inscrire en cliquant sur le lien suivant<a href=\"https:\/\/a8x0e6.mailupclient.com\/frontend\/LandingPage.aspx?idList=2&amp;idLP=4&amp;guid=8267649D-F11C-49ED-8E9C-554EBF0D7228\"><strong> lien <\/strong><\/a>.  <\/p>\n","protected":false},"excerpt":{"rendered":"<p>La capitale accueillera le Forum organis\u00e9 par Faita FederCamping, deux jours d\u00e9di\u00e9s \u00e0 toutes les probl\u00e9matiques du monde du plein air, ainsi que la tenue de l&rsquo;Assembl\u00e9e nationale de la F\u00e9d\u00e9ration, \u00e9galement ouverte pour l&rsquo;occasion aux entreprises non membres. Comme le rapporte Faita FederCamping sur Campingmanagement.com, le Forum sera l&rsquo;occasion de pr\u00e9senter des services, des [&hellip;]<\/p>\n","protected":false},"author":5,"featured_media":170284,"comment_status":"closed","ping_status":"closed","sticky":false,"template":"","format":"standard","meta":{"_acf_changed":false,"_monsterinsights_skip_tracking":false,"_monsterinsights_sitenote_active":false,"_monsterinsights_sitenote_note":"","_monsterinsights_sitenote_category":0,"footnotes":""},"categories":[4024],"tags":[3753,1761,3856,6442,6134],"class_list":["post-170293","post","type-post","status-publish","format-standard","has-post-thumbnail","hentry","category-actualite","tag-camping","tag-faita-federcamping","tag-mondo-camping","tag-open-air-forum-2024-levenement-faita-federcamping-sera-organise-a-rome","tag-rome"],"acf":[],"yoast_head":"<!-- This site is optimized with the Yoast SEO plugin v27.5 - https:\/\/yoast.com\/product\/yoast-seo-wordpress\/ -->\n<title>Open Air Forum 2024 : l&#039;\u00e9v\u00e9nement FAITA-FederCamping sera organis\u00e9 \u00e0 Rome<\/title>\n<meta name=\"robots\" content=\"index, follow, max-snippet:-1, max-image-preview:large, max-video-preview:-1\" \/>\n<link rel=\"canonical\" href=\"https:\/\/www.mondocamping.com\/fr\/open-air-forum-2024-levenement-faita-federcamping-organise-a-rome\/\" \/>\n<meta property=\"og:locale\" content=\"fr_FR\" \/>\n<meta property=\"og:type\" content=\"article\" \/>\n<meta property=\"og:title\" content=\"Open Air Forum 2024 : l&#039;\u00e9v\u00e9nement FAITA-FederCamping sera organis\u00e9 \u00e0 Rome\" \/>\n<meta property=\"og:description\" content=\"La capitale accueillera le Forum organis\u00e9 par Faita FederCamping, deux jours d\u00e9di\u00e9s \u00e0 toutes les probl\u00e9matiques du monde du plein air, ainsi que la tenue de l&rsquo;Assembl\u00e9e nationale de la F\u00e9d\u00e9ration, \u00e9galement ouverte pour l&rsquo;occasion aux entreprises non membres. Comme le rapporte Faita FederCamping sur Campingmanagement.com, le Forum sera l&rsquo;occasion de pr\u00e9senter des services, des [&hellip;]\" \/>\n<meta property=\"og:url\" content=\"https:\/\/www.mondocamping.com\/fr\/open-air-forum-2024-levenement-faita-federcamping-organise-a-rome\/\" \/>\n<meta property=\"og:site_name\" content=\"Mondo Camping\" \/>\n<meta property=\"article:publisher\" content=\"https:\/\/www.facebook.com\/mondobalneare\" \/>\n<meta property=\"article:author\" content=\"https:\/\/www.facebook.com\/mondocamping\" \/>\n<meta property=\"article:published_time\" content=\"2024-08-07T10:31:07+00:00\" \/>\n<meta property=\"article:modified_time\" content=\"2024-08-21T14:27:10+00:00\" \/>\n<meta property=\"og:image\" content=\"https:\/\/www.mondocamping.com\/wp-content\/uploads\/2024\/08\/Screenshot-2024-08-07-alle-12.22.31.png\" \/>\n\t<meta property=\"og:image:width\" content=\"1200\" \/>\n\t<meta property=\"og:image:height\" content=\"628\" \/>\n\t<meta property=\"og:image:type\" content=\"image\/png\" \/>\n<meta name=\"author\" content=\"Mondo Camping\" \/>\n<meta name=\"twitter:card\" content=\"summary_large_image\" \/>\n<meta name=\"twitter:creator\" content=\"@mondobalneare\" \/>\n<meta name=\"twitter:site\" content=\"@mondobalneare\" \/>\n<meta name=\"twitter:label1\" content=\"\u00c9crit par\" \/>\n\t<meta name=\"twitter:data1\" content=\"Mondo Camping\" \/>\n\t<meta name=\"twitter:label2\" content=\"Dur\u00e9e de lecture estim\u00e9e\" \/>\n\t<meta name=\"twitter:data2\" content=\"1 minute\" \/>\n<script type=\"application\/ld+json\" class=\"yoast-schema-graph\">{\"@context\":\"https:\\\/\\\/schema.org\",\"@graph\":[{\"@type\":\"Article\",\"@id\":\"https:\\\/\\\/www.mondocamping.com\\\/fr\\\/open-air-forum-2024-levenement-faita-federcamping-organise-a-rome\\\/#article\",\"isPartOf\":{\"@id\":\"https:\\\/\\\/www.mondocamping.com\\\/fr\\\/open-air-forum-2024-levenement-faita-federcamping-organise-a-rome\\\/\"},\"author\":{\"name\":\"Mondo Camping\",\"@id\":\"https:\\\/\\\/www.mondocamping.com\\\/#\\\/schema\\\/person\\\/01a031b8c5ef08c2204bb0e696f0a760\"},\"headline\":\"Open Air Forum 2024 : l&rsquo;\u00e9v\u00e9nement FAITA-FederCamping sera organis\u00e9 \u00e0 Rome\",\"datePublished\":\"2024-08-07T10:31:07+00:00\",\"dateModified\":\"2024-08-21T14:27:10+00:00\",\"mainEntityOfPage\":{\"@id\":\"https:\\\/\\\/www.mondocamping.com\\\/fr\\\/open-air-forum-2024-levenement-faita-federcamping-organise-a-rome\\\/\"},\"wordCount\":238,\"publisher\":{\"@id\":\"https:\\\/\\\/www.mondocamping.com\\\/#organization\"},\"image\":{\"@id\":\"https:\\\/\\\/www.mondocamping.com\\\/fr\\\/open-air-forum-2024-levenement-faita-federcamping-organise-a-rome\\\/#primaryimage\"},\"thumbnailUrl\":\"https:\\\/\\\/www.mondocamping.com\\\/wp-content\\\/uploads\\\/2024\\\/08\\\/Screenshot-2024-08-07-alle-12.22.31.png\",\"keywords\":[\"camping\",\"Faita Federcamping\",\"Mondo Camping\",\"Open Air Forum 2024 : l'\u00e9v\u00e9nement FAITA-FederCamping sera organis\u00e9 \u00e0 Rome\",\"Rome\"],\"articleSection\":[\"Actualit\u00e9\"],\"inLanguage\":\"fr-FR\"},{\"@type\":\"WebPage\",\"@id\":\"https:\\\/\\\/www.mondocamping.com\\\/fr\\\/open-air-forum-2024-levenement-faita-federcamping-organise-a-rome\\\/\",\"url\":\"https:\\\/\\\/www.mondocamping.com\\\/fr\\\/open-air-forum-2024-levenement-faita-federcamping-organise-a-rome\\\/\",\"name\":\"Open Air Forum 2024 : l'\u00e9v\u00e9nement FAITA-FederCamping sera organis\u00e9 \u00e0 Rome\",\"isPartOf\":{\"@id\":\"https:\\\/\\\/www.mondocamping.com\\\/#website\"},\"primaryImageOfPage\":{\"@id\":\"https:\\\/\\\/www.mondocamping.com\\\/fr\\\/open-air-forum-2024-levenement-faita-federcamping-organise-a-rome\\\/#primaryimage\"},\"image\":{\"@id\":\"https:\\\/\\\/www.mondocamping.com\\\/fr\\\/open-air-forum-2024-levenement-faita-federcamping-organise-a-rome\\\/#primaryimage\"},\"thumbnailUrl\":\"https:\\\/\\\/www.mondocamping.com\\\/wp-content\\\/uploads\\\/2024\\\/08\\\/Screenshot-2024-08-07-alle-12.22.31.png\",\"datePublished\":\"2024-08-07T10:31:07+00:00\",\"dateModified\":\"2024-08-21T14:27:10+00:00\",\"breadcrumb\":{\"@id\":\"https:\\\/\\\/www.mondocamping.com\\\/fr\\\/open-air-forum-2024-levenement-faita-federcamping-organise-a-rome\\\/#breadcrumb\"},\"inLanguage\":\"fr-FR\",\"potentialAction\":[{\"@type\":\"ReadAction\",\"target\":[\"https:\\\/\\\/www.mondocamping.com\\\/fr\\\/open-air-forum-2024-levenement-faita-federcamping-organise-a-rome\\\/\"]}]},{\"@type\":\"ImageObject\",\"inLanguage\":\"fr-FR\",\"@id\":\"https:\\\/\\\/www.mondocamping.com\\\/fr\\\/open-air-forum-2024-levenement-faita-federcamping-organise-a-rome\\\/#primaryimage\",\"url\":\"https:\\\/\\\/www.mondocamping.com\\\/wp-content\\\/uploads\\\/2024\\\/08\\\/Screenshot-2024-08-07-alle-12.22.31.png\",\"contentUrl\":\"https:\\\/\\\/www.mondocamping.com\\\/wp-content\\\/uploads\\\/2024\\\/08\\\/Screenshot-2024-08-07-alle-12.22.31.png\",\"width\":1200,\"height\":628},{\"@type\":\"BreadcrumbList\",\"@id\":\"https:\\\/\\\/www.mondocamping.com\\\/fr\\\/open-air-forum-2024-levenement-faita-federcamping-organise-a-rome\\\/#breadcrumb\",\"itemListElement\":[{\"@type\":\"ListItem\",\"position\":1,\"name\":\"Home\",\"item\":\"https:\\\/\\\/www.mondocamping.com\\\/fr\\\/\"},{\"@type\":\"ListItem\",\"position\":2,\"name\":\"Open Air Forum 2024 : l&rsquo;\u00e9v\u00e9nement FAITA-FederCamping sera organis\u00e9 \u00e0 Rome\"}]},{\"@type\":\"WebSite\",\"@id\":\"https:\\\/\\\/www.mondocamping.com\\\/#website\",\"url\":\"https:\\\/\\\/www.mondocamping.com\\\/\",\"name\":\"Mondo Camping\",\"description\":\"Le portail d\u00e9di\u00e9 aux gestionnaires de campings et villages touristiques\",\"publisher\":{\"@id\":\"https:\\\/\\\/www.mondocamping.com\\\/#organization\"},\"potentialAction\":[{\"@type\":\"SearchAction\",\"target\":{\"@type\":\"EntryPoint\",\"urlTemplate\":\"https:\\\/\\\/www.mondocamping.com\\\/?s={search_term_string}\"},\"query-input\":{\"@type\":\"PropertyValueSpecification\",\"valueRequired\":true,\"valueName\":\"search_term_string\"}}],\"inLanguage\":\"fr-FR\"},{\"@type\":\"Organization\",\"@id\":\"https:\\\/\\\/www.mondocamping.com\\\/#organization\",\"name\":\"Mondo Camping\",\"url\":\"https:\\\/\\\/www.mondocamping.com\\\/\",\"logo\":{\"@type\":\"ImageObject\",\"inLanguage\":\"fr-FR\",\"@id\":\"https:\\\/\\\/www.mondocamping.com\\\/#\\\/schema\\\/logo\\\/image\\\/\",\"url\":\"https:\\\/\\\/www.mondocamping.com\\\/wp-content\\\/uploads\\\/2022\\\/04\\\/mondo-camping-logo-contornato-1.png\",\"contentUrl\":\"https:\\\/\\\/www.mondocamping.com\\\/wp-content\\\/uploads\\\/2022\\\/04\\\/mondo-camping-logo-contornato-1.png\",\"width\":280,\"height\":90,\"caption\":\"Mondo Camping\"},\"image\":{\"@id\":\"https:\\\/\\\/www.mondocamping.com\\\/#\\\/schema\\\/logo\\\/image\\\/\"},\"sameAs\":[\"https:\\\/\\\/www.facebook.com\\\/mondobalneare\",\"https:\\\/\\\/x.com\\\/mondobalneare\",\"https:\\\/\\\/www.instagram.com\\\/mondobalneare\\\/\",\"https:\\\/\\\/www.linkedin.com\\\/company\\\/67180810\\\/\",\"https:\\\/\\\/www.youtube.com\\\/user\\\/mondobalnearevideo\"]},{\"@type\":\"Person\",\"@id\":\"https:\\\/\\\/www.mondocamping.com\\\/#\\\/schema\\\/person\\\/01a031b8c5ef08c2204bb0e696f0a760\",\"name\":\"Mondo Camping\",\"image\":{\"@type\":\"ImageObject\",\"inLanguage\":\"fr-FR\",\"@id\":\"https:\\\/\\\/www.mondocamping.com\\\/wp-content\\\/uploads\\\/2022\\\/05\\\/cropped-icona-MONDO-CAMPING-150x150.png\",\"url\":\"https:\\\/\\\/www.mondocamping.com\\\/wp-content\\\/uploads\\\/2022\\\/05\\\/cropped-icona-MONDO-CAMPING-150x150.png\",\"contentUrl\":\"https:\\\/\\\/www.mondocamping.com\\\/wp-content\\\/uploads\\\/2022\\\/05\\\/cropped-icona-MONDO-CAMPING-150x150.png\",\"caption\":\"Mondo Camping\"},\"sameAs\":[\"https:\\\/\\\/www.mondocamping.com\\\/\",\"https:\\\/\\\/www.facebook.com\\\/mondocamping\"]}]}<\/script>\n<!-- \/ Yoast SEO plugin. -->","yoast_head_json":{"title":"Open Air Forum 2024 : l'\u00e9v\u00e9nement FAITA-FederCamping sera organis\u00e9 \u00e0 Rome","robots":{"index":"index","follow":"follow","max-snippet":"max-snippet:-1","max-image-preview":"max-image-preview:large","max-video-preview":"max-video-preview:-1"},"canonical":"https:\/\/www.mondocamping.com\/fr\/open-air-forum-2024-levenement-faita-federcamping-organise-a-rome\/","og_locale":"fr_FR","og_type":"article","og_title":"Open Air Forum 2024 : l'\u00e9v\u00e9nement FAITA-FederCamping sera organis\u00e9 \u00e0 Rome","og_description":"La capitale accueillera le Forum organis\u00e9 par Faita FederCamping, deux jours d\u00e9di\u00e9s \u00e0 toutes les probl\u00e9matiques du monde du plein air, ainsi que la tenue de l&rsquo;Assembl\u00e9e nationale de la F\u00e9d\u00e9ration, \u00e9galement ouverte pour l&rsquo;occasion aux entreprises non membres. Comme le rapporte Faita FederCamping sur Campingmanagement.com, le Forum sera l&rsquo;occasion de pr\u00e9senter des services, des [&hellip;]","og_url":"https:\/\/www.mondocamping.com\/fr\/open-air-forum-2024-levenement-faita-federcamping-organise-a-rome\/","og_site_name":"Mondo Camping","article_publisher":"https:\/\/www.facebook.com\/mondobalneare","article_author":"https:\/\/www.facebook.com\/mondocamping","article_published_time":"2024-08-07T10:31:07+00:00","article_modified_time":"2024-08-21T14:27:10+00:00","og_image":[{"width":1200,"height":628,"url":"https:\/\/www.mondocamping.com\/wp-content\/uploads\/2024\/08\/Screenshot-2024-08-07-alle-12.22.31.png","type":"image\/png"}],"author":"Mondo Camping","twitter_card":"summary_large_image","twitter_creator":"@mondobalneare","twitter_site":"@mondobalneare","twitter_misc":{"\u00c9crit par":"Mondo Camping","Dur\u00e9e de lecture estim\u00e9e":"1 minute"},"schema":{"@context":"https:\/\/schema.org","@graph":[{"@type":"Article","@id":"https:\/\/www.mondocamping.com\/fr\/open-air-forum-2024-levenement-faita-federcamping-organise-a-rome\/#article","isPartOf":{"@id":"https:\/\/www.mondocamping.com\/fr\/open-air-forum-2024-levenement-faita-federcamping-organise-a-rome\/"},"author":{"name":"Mondo Camping","@id":"https:\/\/www.mondocamping.com\/#\/schema\/person\/01a031b8c5ef08c2204bb0e696f0a760"},"headline":"Open Air Forum 2024 : l&rsquo;\u00e9v\u00e9nement FAITA-FederCamping sera organis\u00e9 \u00e0 Rome","datePublished":"2024-08-07T10:31:07+00:00","dateModified":"2024-08-21T14:27:10+00:00","mainEntityOfPage":{"@id":"https:\/\/www.mondocamping.com\/fr\/open-air-forum-2024-levenement-faita-federcamping-organise-a-rome\/"},"wordCount":238,"publisher":{"@id":"https:\/\/www.mondocamping.com\/#organization"},"image":{"@id":"https:\/\/www.mondocamping.com\/fr\/open-air-forum-2024-levenement-faita-federcamping-organise-a-rome\/#primaryimage"},"thumbnailUrl":"https:\/\/www.mondocamping.com\/wp-content\/uploads\/2024\/08\/Screenshot-2024-08-07-alle-12.22.31.png","keywords":["camping","Faita Federcamping","Mondo Camping","Open Air Forum 2024 : l'\u00e9v\u00e9nement FAITA-FederCamping sera organis\u00e9 \u00e0 Rome","Rome"],"articleSection":["Actualit\u00e9"],"inLanguage":"fr-FR"},{"@type":"WebPage","@id":"https:\/\/www.mondocamping.com\/fr\/open-air-forum-2024-levenement-faita-federcamping-organise-a-rome\/","url":"https:\/\/www.mondocamping.com\/fr\/open-air-forum-2024-levenement-faita-federcamping-organise-a-rome\/","name":"Open Air Forum 2024 : l'\u00e9v\u00e9nement FAITA-FederCamping sera organis\u00e9 \u00e0 Rome","isPartOf":{"@id":"https:\/\/www.mondocamping.com\/#website"},"primaryImageOfPage":{"@id":"https:\/\/www.mondocamping.com\/fr\/open-air-forum-2024-levenement-faita-federcamping-organise-a-rome\/#primaryimage"},"image":{"@id":"https:\/\/www.mondocamping.com\/fr\/open-air-forum-2024-levenement-faita-federcamping-organise-a-rome\/#primaryimage"},"thumbnailUrl":"https:\/\/www.mondocamping.com\/wp-content\/uploads\/2024\/08\/Screenshot-2024-08-07-alle-12.22.31.png","datePublished":"2024-08-07T10:31:07+00:00","dateModified":"2024-08-21T14:27:10+00:00","breadcrumb":{"@id":"https:\/\/www.mondocamping.com\/fr\/open-air-forum-2024-levenement-faita-federcamping-organise-a-rome\/#breadcrumb"},"inLanguage":"fr-FR","potentialAction":[{"@type":"ReadAction","target":["https:\/\/www.mondocamping.com\/fr\/open-air-forum-2024-levenement-faita-federcamping-organise-a-rome\/"]}]},{"@type":"ImageObject","inLanguage":"fr-FR","@id":"https:\/\/www.mondocamping.com\/fr\/open-air-forum-2024-levenement-faita-federcamping-organise-a-rome\/#primaryimage","url":"https:\/\/www.mondocamping.com\/wp-content\/uploads\/2024\/08\/Screenshot-2024-08-07-alle-12.22.31.png","contentUrl":"https:\/\/www.mondocamping.com\/wp-content\/uploads\/2024\/08\/Screenshot-2024-08-07-alle-12.22.31.png","width":1200,"height":628},{"@type":"BreadcrumbList","@id":"https:\/\/www.mondocamping.com\/fr\/open-air-forum-2024-levenement-faita-federcamping-organise-a-rome\/#breadcrumb","itemListElement":[{"@type":"ListItem","position":1,"name":"Home","item":"https:\/\/www.mondocamping.com\/fr\/"},{"@type":"ListItem","position":2,"name":"Open Air Forum 2024 : l&rsquo;\u00e9v\u00e9nement FAITA-FederCamping sera organis\u00e9 \u00e0 Rome"}]},{"@type":"WebSite","@id":"https:\/\/www.mondocamping.com\/#website","url":"https:\/\/www.mondocamping.com\/","name":"Mondo Camping","description":"Le portail d\u00e9di\u00e9 aux gestionnaires de campings et villages touristiques","publisher":{"@id":"https:\/\/www.mondocamping.com\/#organization"},"potentialAction":[{"@type":"SearchAction","target":{"@type":"EntryPoint","urlTemplate":"https:\/\/www.mondocamping.com\/?s={search_term_string}"},"query-input":{"@type":"PropertyValueSpecification","valueRequired":true,"valueName":"search_term_string"}}],"inLanguage":"fr-FR"},{"@type":"Organization","@id":"https:\/\/www.mondocamping.com\/#organization","name":"Mondo Camping","url":"https:\/\/www.mondocamping.com\/","logo":{"@type":"ImageObject","inLanguage":"fr-FR","@id":"https:\/\/www.mondocamping.com\/#\/schema\/logo\/image\/","url":"https:\/\/www.mondocamping.com\/wp-content\/uploads\/2022\/04\/mondo-camping-logo-contornato-1.png","contentUrl":"https:\/\/www.mondocamping.com\/wp-content\/uploads\/2022\/04\/mondo-camping-logo-contornato-1.png","width":280,"height":90,"caption":"Mondo Camping"},"image":{"@id":"https:\/\/www.mondocamping.com\/#\/schema\/logo\/image\/"},"sameAs":["https:\/\/www.facebook.com\/mondobalneare","https:\/\/x.com\/mondobalneare","https:\/\/www.instagram.com\/mondobalneare\/","https:\/\/www.linkedin.com\/company\/67180810\/","https:\/\/www.youtube.com\/user\/mondobalnearevideo"]},{"@type":"Person","@id":"https:\/\/www.mondocamping.com\/#\/schema\/person\/01a031b8c5ef08c2204bb0e696f0a760","name":"Mondo Camping","image":{"@type":"ImageObject","inLanguage":"fr-FR","@id":"https:\/\/www.mondocamping.com\/wp-content\/uploads\/2022\/05\/cropped-icona-MONDO-CAMPING-150x150.png","url":"https:\/\/www.mondocamping.com\/wp-content\/uploads\/2022\/05\/cropped-icona-MONDO-CAMPING-150x150.png","contentUrl":"https:\/\/www.mondocamping.com\/wp-content\/uploads\/2022\/05\/cropped-icona-MONDO-CAMPING-150x150.png","caption":"Mondo Camping"},"sameAs":["https:\/\/www.mondocamping.com\/","https:\/\/www.facebook.com\/mondocamping"]}]}},"_links":{"self":[{"href":"https:\/\/www.mondocamping.com\/fr\/wp-json\/wp\/v2\/posts\/170293","targetHints":{"allow":["GET"]}}],"collection":[{"href":"https:\/\/www.mondocamping.com\/fr\/wp-json\/wp\/v2\/posts"}],"about":[{"href":"https:\/\/www.mondocamping.com\/fr\/wp-json\/wp\/v2\/types\/post"}],"author":[{"embeddable":true,"href":"https:\/\/www.mondocamping.com\/fr\/wp-json\/wp\/v2\/users\/5"}],"replies":[{"embeddable":true,"href":"https:\/\/www.mondocamping.com\/fr\/wp-json\/wp\/v2\/comments?post=170293"}],"version-history":[{"count":3,"href":"https:\/\/www.mondocamping.com\/fr\/wp-json\/wp\/v2\/posts\/170293\/revisions"}],"predecessor-version":[{"id":170455,"href":"https:\/\/www.mondocamping.com\/fr\/wp-json\/wp\/v2\/posts\/170293\/revisions\/170455"}],"wp:featuredmedia":[{"embeddable":true,"href":"https:\/\/www.mondocamping.com\/fr\/wp-json\/wp\/v2\/media\/170284"}],"wp:attachment":[{"href":"https:\/\/www.mondocamping.com\/fr\/wp-json\/wp\/v2\/media?parent=170293"}],"wp:term":[{"taxonomy":"category","embeddable":true,"href":"https:\/\/www.mondocamping.com\/fr\/wp-json\/wp\/v2\/categories?post=170293"},{"taxonomy":"post_tag","embeddable":true,"href":"https:\/\/www.mondocamping.com\/fr\/wp-json\/wp\/v2\/tags?post=170293"}],"curies":[{"name":"wp","href":"https:\/\/api.w.org\/{rel}","templated":true}]}}