{"id":170502,"date":"2024-08-26T17:13:40","date_gmt":"2024-08-26T15:13:40","guid":{"rendered":"https:\/\/www.mondocamping.com\/girocamping-pro-rendez-vous-en-catalogne-pour-ledition-2024\/"},"modified":"2024-08-26T17:13:42","modified_gmt":"2024-08-26T15:13:42","slug":"girocamping-pro-rendez-vous-en-catalogne-pour-ledition-2024","status":"publish","type":"post","link":"https:\/\/www.mondocamping.com\/fr\/girocamping-pro-rendez-vous-en-catalogne-pour-ledition-2024\/","title":{"rendered":"Girocamping PRO, rendez-vous en Catalogne pour l&rsquo;\u00e9dition 2024"},"content":{"rendered":"\n<p>L&rsquo;Espagne est l&rsquo;un des pays europ\u00e9ens de r\u00e9f\u00e9rence pour les vacances en plein air, et le<strong> congr\u00e8s Girocamping PRO<\/strong> est un \u00e9v\u00e9nement important qui r\u00e9unit les acteurs du secteur du plein air.\nL&rsquo;\u00e9v\u00e9nement aura lieu au <strong>centre civique de Sant Pere Pescador<\/strong>, une petite municipalit\u00e9 de la communaut\u00e9 autonome de Catalogne, connue pour \u00eatre l&rsquo;une des principales destinations au monde pour les amateurs de ski nautique.\nOutre cette particularit\u00e9, il s&rsquo;agit d&rsquo;une localit\u00e9 situ\u00e9e au bord de la mer M\u00e9diterran\u00e9e et dot\u00e9e d&rsquo;un territoire naturel unique, id\u00e9al pour des vacances en pleine nature.    <\/p>\n\n<p>L&rsquo;endroit id\u00e9al pour accueillir le congr\u00e8s organis\u00e9 par l&rsquo;<strong>association Girona Camping<\/strong>, avec un programme comprenant des pr\u00e9sentations sur divers sujets concernant le pass\u00e9, le pr\u00e9sent et l&rsquo;avenir du secteur du camping.\nLe Girocamping PRO <strong> <\/strong>est le cadre id\u00e9al pour d\u00e9couvrir de nouveaux produits et services et pour cr\u00e9er des synergies.<\/p>\n\n<p>Le programme comprend : la pr\u00e9sentation de l&rsquo;\u00e9tude<em><strong>\u00ab\u00a0Camping : histoire du<\/strong>camping en Catalogne<\/em>\u00ab\u00a0, qui vise \u00e0 comprendre l&rsquo;\u00e9volution et l&rsquo;impact du camping en Catalogne au cours de ses 70 ans d&rsquo;histoire.\nElle offrira une perspective historique et analytique du secteur, illustrant la fa\u00e7on dont il s&rsquo;est d\u00e9velopp\u00e9 et adapt\u00e9 aux changements socio-\u00e9conomiques et culturels et aidant \u00e0 tracer l&rsquo;avenir du camping dans la r\u00e9gion.   <\/p>\n\n<p>Elle sera suivie de la pr\u00e9sentation de l&rsquo;\u00e9tude<em>\u00ab\u00a0Impact \u00e9conomique du secteur du camping dans les comt\u00e9s de G\u00e9rone<\/em>\u00ab\u00a0, d&rsquo;une table ronde sur le tourisme vert : <em>\u00ab\u00a0Vacances vertes : au-del\u00e0 des certifications durables<\/em>\u00a0\u00bb et d&rsquo;une autre sur le projet<em>\u00ab\u00a0Smart Camp<\/em>\u00ab\u00a0.  <\/p>\n\n<p>En outre, la <strong>Nuit des campings de G\u00e9rone<\/strong>, \u00e9v\u00e9nement de cl\u00f4ture de la 7e \u00e9dition du congr\u00e8s Girocamping PRO 2024, aura lieu \u00e0 partir de 19 heures.\nLa c\u00e9l\u00e9bration, le d\u00eener et la c\u00e9r\u00e9monie de remise des prix auront lieu au <em>Camping &amp; Bungalow Resort &amp; Spa La Ballena Alegre<\/em>, \u00e0 Sant Pere Pescador. <\/p>\n\n<p>Dans cette \u00e9dition de Girocamping PRO, la participation sera r\u00e9serv\u00e9e exclusivement aux <strong>op\u00e9rateurs du secteur touristique<\/strong>, tels que les \u00e9tablissements d&rsquo;h\u00e9bergement, les entreprises touristiques, les administrations publiques touristiques, etc.<strong> La participation des entreprises fournisseurs du secteur touristique sera limit\u00e9e aux entreprises participant avec un espace de mise en r\u00e9seau.<\/strong><\/p>\n\n<p><strong><a href=\"https:\/\/acg.campingsingirona.com\/ca\/girocamping-pro\/\" target=\"_blank\" rel=\"noreferrer noopener\">Ici, vous pouvez lire plus d&rsquo;informations et consulter le programme complet du congr\u00e8s.<\/a> <\/strong>vous pouvez lire plus d&rsquo;informations et consulter le programme complet du congr\u00e8s.  <\/p>\n","protected":false},"excerpt":{"rendered":"<p>L&rsquo;Espagne est l&rsquo;un des pays europ\u00e9ens de r\u00e9f\u00e9rence pour les vacances en plein air, et le congr\u00e8s Girocamping PRO est un \u00e9v\u00e9nement important qui r\u00e9unit les acteurs du secteur du plein air. L&rsquo;\u00e9v\u00e9nement aura lieu au centre civique de Sant Pere Pescador, une petite municipalit\u00e9 de la communaut\u00e9 autonome de Catalogne, connue pour \u00eatre l&rsquo;une [&hellip;]<\/p>\n","protected":false},"author":5,"featured_media":169478,"comment_status":"closed","ping_status":"closed","sticky":false,"template":"","format":"standard","meta":{"_acf_changed":false,"_monsterinsights_skip_tracking":false,"_monsterinsights_sitenote_active":false,"_monsterinsights_sitenote_note":"","_monsterinsights_sitenote_category":0,"footnotes":""},"categories":[4024],"tags":[4189,4210,6458,4275,5632,4262],"class_list":["post-170502","post","type-post","status-publish","format-standard","has-post-thumbnail","hentry","category-actualite","tag-camping-fr","tag-camping-fr-2","tag-catalogne-fr","tag-espagne","tag-girocamping-pro-fr","tag-mondo-camping-fr"],"acf":[],"yoast_head":"<!-- This site is optimized with the Yoast SEO plugin v27.5 - https:\/\/yoast.com\/product\/yoast-seo-wordpress\/ -->\n<title>Girocamping PRO, rendez-vous en Catalogne pour l&#039;\u00e9dition 2024<\/title>\n<meta name=\"robots\" content=\"index, follow, max-snippet:-1, max-image-preview:large, max-video-preview:-1\" \/>\n<link rel=\"canonical\" href=\"https:\/\/www.mondocamping.com\/fr\/girocamping-pro-rendez-vous-en-catalogne-pour-ledition-2024\/\" \/>\n<meta property=\"og:locale\" content=\"fr_FR\" \/>\n<meta property=\"og:type\" content=\"article\" \/>\n<meta property=\"og:title\" content=\"Girocamping PRO, rendez-vous en Catalogne pour l&#039;\u00e9dition 2024\" \/>\n<meta property=\"og:description\" content=\"L&rsquo;Espagne est l&rsquo;un des pays europ\u00e9ens de r\u00e9f\u00e9rence pour les vacances en plein air, et le congr\u00e8s Girocamping PRO est un \u00e9v\u00e9nement important qui r\u00e9unit les acteurs du secteur du plein air. L&rsquo;\u00e9v\u00e9nement aura lieu au centre civique de Sant Pere Pescador, une petite municipalit\u00e9 de la communaut\u00e9 autonome de Catalogne, connue pour \u00eatre l&rsquo;une [&hellip;]\" \/>\n<meta property=\"og:url\" content=\"https:\/\/www.mondocamping.com\/fr\/girocamping-pro-rendez-vous-en-catalogne-pour-ledition-2024\/\" \/>\n<meta property=\"og:site_name\" content=\"Mondo Camping\" \/>\n<meta property=\"article:publisher\" content=\"https:\/\/www.facebook.com\/mondobalneare\" \/>\n<meta property=\"article:author\" content=\"https:\/\/www.facebook.com\/mondocamping\" \/>\n<meta property=\"article:published_time\" content=\"2024-08-26T15:13:40+00:00\" \/>\n<meta property=\"article:modified_time\" content=\"2024-08-26T15:13:42+00:00\" \/>\n<meta property=\"og:image\" content=\"https:\/\/www.mondocamping.com\/wp-content\/uploads\/2024\/08\/Screenshot-2024-08-26-alle-17.06.25.png\" \/>\n\t<meta property=\"og:image:width\" content=\"1200\" \/>\n\t<meta property=\"og:image:height\" content=\"628\" \/>\n\t<meta property=\"og:image:type\" content=\"image\/png\" \/>\n<meta name=\"author\" content=\"Mondo Camping\" \/>\n<meta name=\"twitter:card\" content=\"summary_large_image\" \/>\n<meta name=\"twitter:creator\" content=\"@mondobalneare\" \/>\n<meta name=\"twitter:site\" content=\"@mondobalneare\" \/>\n<meta name=\"twitter:label1\" content=\"\u00c9crit par\" \/>\n\t<meta name=\"twitter:data1\" content=\"Mondo Camping\" \/>\n\t<meta name=\"twitter:label2\" content=\"Dur\u00e9e de lecture estim\u00e9e\" \/>\n\t<meta name=\"twitter:data2\" content=\"2 minutes\" \/>\n<script type=\"application\/ld+json\" class=\"yoast-schema-graph\">{\"@context\":\"https:\\\/\\\/schema.org\",\"@graph\":[{\"@type\":\"Article\",\"@id\":\"https:\\\/\\\/www.mondocamping.com\\\/fr\\\/girocamping-pro-rendez-vous-en-catalogne-pour-ledition-2024\\\/#article\",\"isPartOf\":{\"@id\":\"https:\\\/\\\/www.mondocamping.com\\\/fr\\\/girocamping-pro-rendez-vous-en-catalogne-pour-ledition-2024\\\/\"},\"author\":{\"name\":\"Mondo Camping\",\"@id\":\"https:\\\/\\\/www.mondocamping.com\\\/#\\\/schema\\\/person\\\/01a031b8c5ef08c2204bb0e696f0a760\"},\"headline\":\"Girocamping PRO, rendez-vous en Catalogne pour l&rsquo;\u00e9dition 2024\",\"datePublished\":\"2024-08-26T15:13:40+00:00\",\"dateModified\":\"2024-08-26T15:13:42+00:00\",\"mainEntityOfPage\":{\"@id\":\"https:\\\/\\\/www.mondocamping.com\\\/fr\\\/girocamping-pro-rendez-vous-en-catalogne-pour-ledition-2024\\\/\"},\"wordCount\":441,\"publisher\":{\"@id\":\"https:\\\/\\\/www.mondocamping.com\\\/#organization\"},\"image\":{\"@id\":\"https:\\\/\\\/www.mondocamping.com\\\/fr\\\/girocamping-pro-rendez-vous-en-catalogne-pour-ledition-2024\\\/#primaryimage\"},\"thumbnailUrl\":\"https:\\\/\\\/www.mondocamping.com\\\/wp-content\\\/uploads\\\/2024\\\/06\\\/4daefdc51b5d4e23acdeccad3db4a27b-2.jpg\",\"keywords\":[\"camping\",\"camping\",\"Catalogne\",\"Espagne\",\"Girocamping PRO\",\"Mondo Camping\"],\"articleSection\":[\"Actualit\u00e9\"],\"inLanguage\":\"fr-FR\"},{\"@type\":\"WebPage\",\"@id\":\"https:\\\/\\\/www.mondocamping.com\\\/fr\\\/girocamping-pro-rendez-vous-en-catalogne-pour-ledition-2024\\\/\",\"url\":\"https:\\\/\\\/www.mondocamping.com\\\/fr\\\/girocamping-pro-rendez-vous-en-catalogne-pour-ledition-2024\\\/\",\"name\":\"Girocamping PRO, rendez-vous en Catalogne pour l'\u00e9dition 2024\",\"isPartOf\":{\"@id\":\"https:\\\/\\\/www.mondocamping.com\\\/#website\"},\"primaryImageOfPage\":{\"@id\":\"https:\\\/\\\/www.mondocamping.com\\\/fr\\\/girocamping-pro-rendez-vous-en-catalogne-pour-ledition-2024\\\/#primaryimage\"},\"image\":{\"@id\":\"https:\\\/\\\/www.mondocamping.com\\\/fr\\\/girocamping-pro-rendez-vous-en-catalogne-pour-ledition-2024\\\/#primaryimage\"},\"thumbnailUrl\":\"https:\\\/\\\/www.mondocamping.com\\\/wp-content\\\/uploads\\\/2024\\\/06\\\/4daefdc51b5d4e23acdeccad3db4a27b-2.jpg\",\"datePublished\":\"2024-08-26T15:13:40+00:00\",\"dateModified\":\"2024-08-26T15:13:42+00:00\",\"breadcrumb\":{\"@id\":\"https:\\\/\\\/www.mondocamping.com\\\/fr\\\/girocamping-pro-rendez-vous-en-catalogne-pour-ledition-2024\\\/#breadcrumb\"},\"inLanguage\":\"fr-FR\",\"potentialAction\":[{\"@type\":\"ReadAction\",\"target\":[\"https:\\\/\\\/www.mondocamping.com\\\/fr\\\/girocamping-pro-rendez-vous-en-catalogne-pour-ledition-2024\\\/\"]}]},{\"@type\":\"ImageObject\",\"inLanguage\":\"fr-FR\",\"@id\":\"https:\\\/\\\/www.mondocamping.com\\\/fr\\\/girocamping-pro-rendez-vous-en-catalogne-pour-ledition-2024\\\/#primaryimage\",\"url\":\"https:\\\/\\\/www.mondocamping.com\\\/wp-content\\\/uploads\\\/2024\\\/06\\\/4daefdc51b5d4e23acdeccad3db4a27b-2.jpg\",\"contentUrl\":\"https:\\\/\\\/www.mondocamping.com\\\/wp-content\\\/uploads\\\/2024\\\/06\\\/4daefdc51b5d4e23acdeccad3db4a27b-2.jpg\",\"width\":1200,\"height\":628},{\"@type\":\"BreadcrumbList\",\"@id\":\"https:\\\/\\\/www.mondocamping.com\\\/fr\\\/girocamping-pro-rendez-vous-en-catalogne-pour-ledition-2024\\\/#breadcrumb\",\"itemListElement\":[{\"@type\":\"ListItem\",\"position\":1,\"name\":\"Home\",\"item\":\"https:\\\/\\\/www.mondocamping.com\\\/fr\\\/\"},{\"@type\":\"ListItem\",\"position\":2,\"name\":\"Girocamping PRO, rendez-vous en Catalogne pour l&rsquo;\u00e9dition 2024\"}]},{\"@type\":\"WebSite\",\"@id\":\"https:\\\/\\\/www.mondocamping.com\\\/#website\",\"url\":\"https:\\\/\\\/www.mondocamping.com\\\/\",\"name\":\"Mondo Camping\",\"description\":\"Le portail d\u00e9di\u00e9 aux gestionnaires de campings et villages touristiques\",\"publisher\":{\"@id\":\"https:\\\/\\\/www.mondocamping.com\\\/#organization\"},\"potentialAction\":[{\"@type\":\"SearchAction\",\"target\":{\"@type\":\"EntryPoint\",\"urlTemplate\":\"https:\\\/\\\/www.mondocamping.com\\\/?s={search_term_string}\"},\"query-input\":{\"@type\":\"PropertyValueSpecification\",\"valueRequired\":true,\"valueName\":\"search_term_string\"}}],\"inLanguage\":\"fr-FR\"},{\"@type\":\"Organization\",\"@id\":\"https:\\\/\\\/www.mondocamping.com\\\/#organization\",\"name\":\"Mondo Camping\",\"url\":\"https:\\\/\\\/www.mondocamping.com\\\/\",\"logo\":{\"@type\":\"ImageObject\",\"inLanguage\":\"fr-FR\",\"@id\":\"https:\\\/\\\/www.mondocamping.com\\\/#\\\/schema\\\/logo\\\/image\\\/\",\"url\":\"https:\\\/\\\/www.mondocamping.com\\\/wp-content\\\/uploads\\\/2022\\\/04\\\/mondo-camping-logo-contornato-1.png\",\"contentUrl\":\"https:\\\/\\\/www.mondocamping.com\\\/wp-content\\\/uploads\\\/2022\\\/04\\\/mondo-camping-logo-contornato-1.png\",\"width\":280,\"height\":90,\"caption\":\"Mondo Camping\"},\"image\":{\"@id\":\"https:\\\/\\\/www.mondocamping.com\\\/#\\\/schema\\\/logo\\\/image\\\/\"},\"sameAs\":[\"https:\\\/\\\/www.facebook.com\\\/mondobalneare\",\"https:\\\/\\\/x.com\\\/mondobalneare\",\"https:\\\/\\\/www.instagram.com\\\/mondobalneare\\\/\",\"https:\\\/\\\/www.linkedin.com\\\/company\\\/67180810\\\/\",\"https:\\\/\\\/www.youtube.com\\\/user\\\/mondobalnearevideo\"]},{\"@type\":\"Person\",\"@id\":\"https:\\\/\\\/www.mondocamping.com\\\/#\\\/schema\\\/person\\\/01a031b8c5ef08c2204bb0e696f0a760\",\"name\":\"Mondo Camping\",\"image\":{\"@type\":\"ImageObject\",\"inLanguage\":\"fr-FR\",\"@id\":\"https:\\\/\\\/www.mondocamping.com\\\/wp-content\\\/uploads\\\/2022\\\/05\\\/cropped-icona-MONDO-CAMPING-150x150.png\",\"url\":\"https:\\\/\\\/www.mondocamping.com\\\/wp-content\\\/uploads\\\/2022\\\/05\\\/cropped-icona-MONDO-CAMPING-150x150.png\",\"contentUrl\":\"https:\\\/\\\/www.mondocamping.com\\\/wp-content\\\/uploads\\\/2022\\\/05\\\/cropped-icona-MONDO-CAMPING-150x150.png\",\"caption\":\"Mondo Camping\"},\"sameAs\":[\"https:\\\/\\\/www.mondocamping.com\\\/\",\"https:\\\/\\\/www.facebook.com\\\/mondocamping\"]}]}<\/script>\n<!-- \/ Yoast SEO plugin. -->","yoast_head_json":{"title":"Girocamping PRO, rendez-vous en Catalogne pour l'\u00e9dition 2024","robots":{"index":"index","follow":"follow","max-snippet":"max-snippet:-1","max-image-preview":"max-image-preview:large","max-video-preview":"max-video-preview:-1"},"canonical":"https:\/\/www.mondocamping.com\/fr\/girocamping-pro-rendez-vous-en-catalogne-pour-ledition-2024\/","og_locale":"fr_FR","og_type":"article","og_title":"Girocamping PRO, rendez-vous en Catalogne pour l'\u00e9dition 2024","og_description":"L&rsquo;Espagne est l&rsquo;un des pays europ\u00e9ens de r\u00e9f\u00e9rence pour les vacances en plein air, et le congr\u00e8s Girocamping PRO est un \u00e9v\u00e9nement important qui r\u00e9unit les acteurs du secteur du plein air. L&rsquo;\u00e9v\u00e9nement aura lieu au centre civique de Sant Pere Pescador, une petite municipalit\u00e9 de la communaut\u00e9 autonome de Catalogne, connue pour \u00eatre l&rsquo;une [&hellip;]","og_url":"https:\/\/www.mondocamping.com\/fr\/girocamping-pro-rendez-vous-en-catalogne-pour-ledition-2024\/","og_site_name":"Mondo Camping","article_publisher":"https:\/\/www.facebook.com\/mondobalneare","article_author":"https:\/\/www.facebook.com\/mondocamping","article_published_time":"2024-08-26T15:13:40+00:00","article_modified_time":"2024-08-26T15:13:42+00:00","og_image":[{"width":1200,"height":628,"url":"https:\/\/www.mondocamping.com\/wp-content\/uploads\/2024\/08\/Screenshot-2024-08-26-alle-17.06.25.png","type":"image\/png"}],"author":"Mondo Camping","twitter_card":"summary_large_image","twitter_creator":"@mondobalneare","twitter_site":"@mondobalneare","twitter_misc":{"\u00c9crit par":"Mondo Camping","Dur\u00e9e de lecture estim\u00e9e":"2 minutes"},"schema":{"@context":"https:\/\/schema.org","@graph":[{"@type":"Article","@id":"https:\/\/www.mondocamping.com\/fr\/girocamping-pro-rendez-vous-en-catalogne-pour-ledition-2024\/#article","isPartOf":{"@id":"https:\/\/www.mondocamping.com\/fr\/girocamping-pro-rendez-vous-en-catalogne-pour-ledition-2024\/"},"author":{"name":"Mondo Camping","@id":"https:\/\/www.mondocamping.com\/#\/schema\/person\/01a031b8c5ef08c2204bb0e696f0a760"},"headline":"Girocamping PRO, rendez-vous en Catalogne pour l&rsquo;\u00e9dition 2024","datePublished":"2024-08-26T15:13:40+00:00","dateModified":"2024-08-26T15:13:42+00:00","mainEntityOfPage":{"@id":"https:\/\/www.mondocamping.com\/fr\/girocamping-pro-rendez-vous-en-catalogne-pour-ledition-2024\/"},"wordCount":441,"publisher":{"@id":"https:\/\/www.mondocamping.com\/#organization"},"image":{"@id":"https:\/\/www.mondocamping.com\/fr\/girocamping-pro-rendez-vous-en-catalogne-pour-ledition-2024\/#primaryimage"},"thumbnailUrl":"https:\/\/www.mondocamping.com\/wp-content\/uploads\/2024\/06\/4daefdc51b5d4e23acdeccad3db4a27b-2.jpg","keywords":["camping","camping","Catalogne","Espagne","Girocamping PRO","Mondo Camping"],"articleSection":["Actualit\u00e9"],"inLanguage":"fr-FR"},{"@type":"WebPage","@id":"https:\/\/www.mondocamping.com\/fr\/girocamping-pro-rendez-vous-en-catalogne-pour-ledition-2024\/","url":"https:\/\/www.mondocamping.com\/fr\/girocamping-pro-rendez-vous-en-catalogne-pour-ledition-2024\/","name":"Girocamping PRO, rendez-vous en Catalogne pour l'\u00e9dition 2024","isPartOf":{"@id":"https:\/\/www.mondocamping.com\/#website"},"primaryImageOfPage":{"@id":"https:\/\/www.mondocamping.com\/fr\/girocamping-pro-rendez-vous-en-catalogne-pour-ledition-2024\/#primaryimage"},"image":{"@id":"https:\/\/www.mondocamping.com\/fr\/girocamping-pro-rendez-vous-en-catalogne-pour-ledition-2024\/#primaryimage"},"thumbnailUrl":"https:\/\/www.mondocamping.com\/wp-content\/uploads\/2024\/06\/4daefdc51b5d4e23acdeccad3db4a27b-2.jpg","datePublished":"2024-08-26T15:13:40+00:00","dateModified":"2024-08-26T15:13:42+00:00","breadcrumb":{"@id":"https:\/\/www.mondocamping.com\/fr\/girocamping-pro-rendez-vous-en-catalogne-pour-ledition-2024\/#breadcrumb"},"inLanguage":"fr-FR","potentialAction":[{"@type":"ReadAction","target":["https:\/\/www.mondocamping.com\/fr\/girocamping-pro-rendez-vous-en-catalogne-pour-ledition-2024\/"]}]},{"@type":"ImageObject","inLanguage":"fr-FR","@id":"https:\/\/www.mondocamping.com\/fr\/girocamping-pro-rendez-vous-en-catalogne-pour-ledition-2024\/#primaryimage","url":"https:\/\/www.mondocamping.com\/wp-content\/uploads\/2024\/06\/4daefdc51b5d4e23acdeccad3db4a27b-2.jpg","contentUrl":"https:\/\/www.mondocamping.com\/wp-content\/uploads\/2024\/06\/4daefdc51b5d4e23acdeccad3db4a27b-2.jpg","width":1200,"height":628},{"@type":"BreadcrumbList","@id":"https:\/\/www.mondocamping.com\/fr\/girocamping-pro-rendez-vous-en-catalogne-pour-ledition-2024\/#breadcrumb","itemListElement":[{"@type":"ListItem","position":1,"name":"Home","item":"https:\/\/www.mondocamping.com\/fr\/"},{"@type":"ListItem","position":2,"name":"Girocamping PRO, rendez-vous en Catalogne pour l&rsquo;\u00e9dition 2024"}]},{"@type":"WebSite","@id":"https:\/\/www.mondocamping.com\/#website","url":"https:\/\/www.mondocamping.com\/","name":"Mondo Camping","description":"Le portail d\u00e9di\u00e9 aux gestionnaires de campings et villages touristiques","publisher":{"@id":"https:\/\/www.mondocamping.com\/#organization"},"potentialAction":[{"@type":"SearchAction","target":{"@type":"EntryPoint","urlTemplate":"https:\/\/www.mondocamping.com\/?s={search_term_string}"},"query-input":{"@type":"PropertyValueSpecification","valueRequired":true,"valueName":"search_term_string"}}],"inLanguage":"fr-FR"},{"@type":"Organization","@id":"https:\/\/www.mondocamping.com\/#organization","name":"Mondo Camping","url":"https:\/\/www.mondocamping.com\/","logo":{"@type":"ImageObject","inLanguage":"fr-FR","@id":"https:\/\/www.mondocamping.com\/#\/schema\/logo\/image\/","url":"https:\/\/www.mondocamping.com\/wp-content\/uploads\/2022\/04\/mondo-camping-logo-contornato-1.png","contentUrl":"https:\/\/www.mondocamping.com\/wp-content\/uploads\/2022\/04\/mondo-camping-logo-contornato-1.png","width":280,"height":90,"caption":"Mondo Camping"},"image":{"@id":"https:\/\/www.mondocamping.com\/#\/schema\/logo\/image\/"},"sameAs":["https:\/\/www.facebook.com\/mondobalneare","https:\/\/x.com\/mondobalneare","https:\/\/www.instagram.com\/mondobalneare\/","https:\/\/www.linkedin.com\/company\/67180810\/","https:\/\/www.youtube.com\/user\/mondobalnearevideo"]},{"@type":"Person","@id":"https:\/\/www.mondocamping.com\/#\/schema\/person\/01a031b8c5ef08c2204bb0e696f0a760","name":"Mondo Camping","image":{"@type":"ImageObject","inLanguage":"fr-FR","@id":"https:\/\/www.mondocamping.com\/wp-content\/uploads\/2022\/05\/cropped-icona-MONDO-CAMPING-150x150.png","url":"https:\/\/www.mondocamping.com\/wp-content\/uploads\/2022\/05\/cropped-icona-MONDO-CAMPING-150x150.png","contentUrl":"https:\/\/www.mondocamping.com\/wp-content\/uploads\/2022\/05\/cropped-icona-MONDO-CAMPING-150x150.png","caption":"Mondo Camping"},"sameAs":["https:\/\/www.mondocamping.com\/","https:\/\/www.facebook.com\/mondocamping"]}]}},"_links":{"self":[{"href":"https:\/\/www.mondocamping.com\/fr\/wp-json\/wp\/v2\/posts\/170502","targetHints":{"allow":["GET"]}}],"collection":[{"href":"https:\/\/www.mondocamping.com\/fr\/wp-json\/wp\/v2\/posts"}],"about":[{"href":"https:\/\/www.mondocamping.com\/fr\/wp-json\/wp\/v2\/types\/post"}],"author":[{"embeddable":true,"href":"https:\/\/www.mondocamping.com\/fr\/wp-json\/wp\/v2\/users\/5"}],"replies":[{"embeddable":true,"href":"https:\/\/www.mondocamping.com\/fr\/wp-json\/wp\/v2\/comments?post=170502"}],"version-history":[{"count":1,"href":"https:\/\/www.mondocamping.com\/fr\/wp-json\/wp\/v2\/posts\/170502\/revisions"}],"predecessor-version":[{"id":170503,"href":"https:\/\/www.mondocamping.com\/fr\/wp-json\/wp\/v2\/posts\/170502\/revisions\/170503"}],"wp:featuredmedia":[{"embeddable":true,"href":"https:\/\/www.mondocamping.com\/fr\/wp-json\/wp\/v2\/media\/169478"}],"wp:attachment":[{"href":"https:\/\/www.mondocamping.com\/fr\/wp-json\/wp\/v2\/media?parent=170502"}],"wp:term":[{"taxonomy":"category","embeddable":true,"href":"https:\/\/www.mondocamping.com\/fr\/wp-json\/wp\/v2\/categories?post=170502"},{"taxonomy":"post_tag","embeddable":true,"href":"https:\/\/www.mondocamping.com\/fr\/wp-json\/wp\/v2\/tags?post=170502"}],"curies":[{"name":"wp","href":"https:\/\/api.w.org\/{rel}","templated":true}]}}