{"id":170537,"date":"2024-08-29T09:32:50","date_gmt":"2024-08-29T07:32:50","guid":{"rendered":"https:\/\/www.mondocamping.com\/faita-augmentation-de-la-frequentation-des-campings-italiens-de-plus-en-plus-de-demandes-dinstallations-dans-le-centre-sud\/"},"modified":"2024-08-29T09:32:51","modified_gmt":"2024-08-29T07:32:51","slug":"faita-augmentation-de-la-frequentation-des-campings-italiens-de-plus-en-plus-de-demandes-dinstallations-dans-le-centre-sud","status":"publish","type":"post","link":"https:\/\/www.mondocamping.com\/fr\/faita-augmentation-de-la-frequentation-des-campings-italiens-de-plus-en-plus-de-demandes-dinstallations-dans-le-centre-sud\/","title":{"rendered":"Faita : augmentation de la fr\u00e9quentation des campings italiens, de plus en plus de demandes d&rsquo;installations dans le Centre-Sud"},"content":{"rendered":"\n<p>Nous sommes presque \u00e0 la fin du mois d&rsquo;ao\u00fbt, c&rsquo;est le moment de faire le bilan.\nLe nombre de touristes qui auront s\u00e9journ\u00e9 dans les campings italiens et choisi des vacances en plein air dans le Bel Paese d\u00e9passe celui de l&rsquo;ann\u00e9e derni\u00e8re : <strong>11 millions et demi de pr\u00e9sences <\/strong>(pour un total de plus de 71 millions de nuit\u00e9es), soit une augmentation de 3,5 % par rapport \u00e0 2023, tandis que le nombre de nuit\u00e9es a augment\u00e9 de 1,3 %.\nUne am\u00e9lioration avec des taux d&rsquo;occupation des \u00e9quipements baln\u00e9aires atteignant 90% d\u00e8s la mi-juillet.  <\/p>\n\n<p><strong>Marco Sperapani<\/strong>, directeur g\u00e9n\u00e9ral de Faita Federcamping, confirme :<em>\u00ab\u00a0Ces chiffres consolident ceux de 2023, qui \u00e9taient d\u00e9j\u00e0 positifs.<\/em> <\/p>\n\n<p>Les touristes allemands, qui occupent cette ann\u00e9e encore la premi\u00e8re place, choisissent les centres de plein air italiens. Les Italiens et les N\u00e9erlandais sont \u00e9galement sur le podium, suivis par les Suisses et les Fran\u00e7ais.  <\/p>\n\n<p>Les touristes d&rsquo;au-del\u00e0 des Alpes pr\u00e9f\u00e8rent le Nord-Est, qui est encore une fois la destination italienne la plus populaire pour le tourisme de plein air, mais la nouveaut\u00e9 pour l&rsquo;\u00e9t\u00e9 2024 est la mont\u00e9e rapide des r\u00e9gions du centre et du sud de l&rsquo;Italie.  <\/p>\n\n<p>Comme le confirme <strong>Alberto Granzotto<\/strong>, pr\u00e9sident de Faita : \u00ab\u00a0&#8230;  <em>Une expansion et une \u00e9volution sans pr\u00e9c\u00e9dent en termes de qualit\u00e9 ont lieu dans toute l&rsquo;Italie.\nUn succ\u00e8s qui d\u00e9coule d&rsquo;investissements majeurs dans la durabilit\u00e9 environnementale, la num\u00e9risation et l&rsquo;inclusion. <\/em>\u00ab\u00a0.<\/p>\n\n<p>La saison estivale 2024 semble se cl\u00f4turer de la meilleure fa\u00e7on possible pour le tourisme italien en plein air, un excellent r\u00e9sultat avec une marge d&rsquo;am\u00e9lioration pour les saisons suivantes, en se concentrant de plus en plus sur les trois aspects soulign\u00e9s par le Pr\u00e9sident.  <\/p>\n\n<p>La durabilit\u00e9 environnementale, la num\u00e9risation et l&rsquo;inclusion sont des facteurs d\u00e9terminants pour une r\u00e9ceptivit\u00e9 de plus en plus intelligente et moderne, sans jamais perdre le contact le plus authentique avec la nature.  <\/p>\n","protected":false},"excerpt":{"rendered":"<p>Nous sommes presque \u00e0 la fin du mois d&rsquo;ao\u00fbt, c&rsquo;est le moment de faire le bilan. Le nombre de touristes qui auront s\u00e9journ\u00e9 dans les campings italiens et choisi des vacances en plein air dans le Bel Paese d\u00e9passe celui de l&rsquo;ann\u00e9e derni\u00e8re : 11 millions et demi de pr\u00e9sences (pour un total de plus [&hellip;]<\/p>\n","protected":false},"author":5,"featured_media":170524,"comment_status":"closed","ping_status":"closed","sticky":false,"template":"","format":"standard","meta":{"_acf_changed":false,"_monsterinsights_skip_tracking":false,"_monsterinsights_sitenote_active":false,"_monsterinsights_sitenote_note":"","_monsterinsights_sitenote_category":0,"footnotes":""},"categories":[4024],"tags":[4210,4189,4262],"class_list":["post-170537","post","type-post","status-publish","format-standard","has-post-thumbnail","hentry","category-actualite","tag-camping-fr-2","tag-camping-fr","tag-mondo-camping-fr"],"acf":[],"yoast_head":"<!-- This site is optimized with the Yoast SEO plugin v27.5 - https:\/\/yoast.com\/product\/yoast-seo-wordpress\/ -->\n<title>Faita : augmentation de la fr\u00e9quentation des campings italiens, de plus en plus de demandes d&#039;installations dans le Centre-Sud<\/title>\n<meta name=\"robots\" content=\"index, follow, max-snippet:-1, max-image-preview:large, max-video-preview:-1\" \/>\n<link rel=\"canonical\" href=\"https:\/\/www.mondocamping.com\/fr\/faita-augmentation-de-la-frequentation-des-campings-italiens-de-plus-en-plus-de-demandes-dinstallations-dans-le-centre-sud\/\" \/>\n<meta property=\"og:locale\" content=\"fr_FR\" \/>\n<meta property=\"og:type\" content=\"article\" \/>\n<meta property=\"og:title\" content=\"Faita : augmentation de la fr\u00e9quentation des campings italiens, de plus en plus de demandes d&#039;installations dans le Centre-Sud\" \/>\n<meta property=\"og:description\" content=\"Nous sommes presque \u00e0 la fin du mois d&rsquo;ao\u00fbt, c&rsquo;est le moment de faire le bilan. Le nombre de touristes qui auront s\u00e9journ\u00e9 dans les campings italiens et choisi des vacances en plein air dans le Bel Paese d\u00e9passe celui de l&rsquo;ann\u00e9e derni\u00e8re : 11 millions et demi de pr\u00e9sences (pour un total de plus [&hellip;]\" \/>\n<meta property=\"og:url\" content=\"https:\/\/www.mondocamping.com\/fr\/faita-augmentation-de-la-frequentation-des-campings-italiens-de-plus-en-plus-de-demandes-dinstallations-dans-le-centre-sud\/\" \/>\n<meta property=\"og:site_name\" content=\"Mondo Camping\" \/>\n<meta property=\"article:publisher\" content=\"https:\/\/www.facebook.com\/mondobalneare\" \/>\n<meta property=\"article:author\" content=\"https:\/\/www.facebook.com\/mondocamping\" \/>\n<meta property=\"article:published_time\" content=\"2024-08-29T07:32:50+00:00\" \/>\n<meta property=\"article:modified_time\" content=\"2024-08-29T07:32:51+00:00\" \/>\n<meta property=\"og:image\" content=\"https:\/\/www.mondocamping.com\/wp-content\/uploads\/2024\/08\/daniel-diemer-q4rrRE9TVVc-unsplash-2.jpg\" \/>\n\t<meta property=\"og:image:width\" content=\"1200\" \/>\n\t<meta property=\"og:image:height\" content=\"628\" \/>\n\t<meta property=\"og:image:type\" content=\"image\/jpeg\" \/>\n<meta name=\"author\" content=\"Mondo Camping\" \/>\n<meta name=\"twitter:card\" content=\"summary_large_image\" \/>\n<meta name=\"twitter:creator\" content=\"@mondobalneare\" \/>\n<meta name=\"twitter:site\" content=\"@mondobalneare\" \/>\n<meta name=\"twitter:label1\" content=\"\u00c9crit par\" \/>\n\t<meta name=\"twitter:data1\" content=\"Mondo Camping\" \/>\n\t<meta name=\"twitter:label2\" content=\"Dur\u00e9e de lecture estim\u00e9e\" \/>\n\t<meta name=\"twitter:data2\" content=\"2 minutes\" \/>\n<script type=\"application\/ld+json\" class=\"yoast-schema-graph\">{\"@context\":\"https:\\\/\\\/schema.org\",\"@graph\":[{\"@type\":\"Article\",\"@id\":\"https:\\\/\\\/www.mondocamping.com\\\/fr\\\/faita-augmentation-de-la-frequentation-des-campings-italiens-de-plus-en-plus-de-demandes-dinstallations-dans-le-centre-sud\\\/#article\",\"isPartOf\":{\"@id\":\"https:\\\/\\\/www.mondocamping.com\\\/fr\\\/faita-augmentation-de-la-frequentation-des-campings-italiens-de-plus-en-plus-de-demandes-dinstallations-dans-le-centre-sud\\\/\"},\"author\":{\"name\":\"Mondo Camping\",\"@id\":\"https:\\\/\\\/www.mondocamping.com\\\/#\\\/schema\\\/person\\\/01a031b8c5ef08c2204bb0e696f0a760\"},\"headline\":\"Faita : augmentation de la fr\u00e9quentation des campings italiens, de plus en plus de demandes d&rsquo;installations dans le Centre-Sud\",\"datePublished\":\"2024-08-29T07:32:50+00:00\",\"dateModified\":\"2024-08-29T07:32:51+00:00\",\"mainEntityOfPage\":{\"@id\":\"https:\\\/\\\/www.mondocamping.com\\\/fr\\\/faita-augmentation-de-la-frequentation-des-campings-italiens-de-plus-en-plus-de-demandes-dinstallations-dans-le-centre-sud\\\/\"},\"wordCount\":362,\"publisher\":{\"@id\":\"https:\\\/\\\/www.mondocamping.com\\\/#organization\"},\"image\":{\"@id\":\"https:\\\/\\\/www.mondocamping.com\\\/fr\\\/faita-augmentation-de-la-frequentation-des-campings-italiens-de-plus-en-plus-de-demandes-dinstallations-dans-le-centre-sud\\\/#primaryimage\"},\"thumbnailUrl\":\"https:\\\/\\\/www.mondocamping.com\\\/wp-content\\\/uploads\\\/2024\\\/08\\\/daniel-diemer-q4rrRE9TVVc-unsplash-2.jpg\",\"keywords\":[\"camping\",\"camping\",\"Mondo Camping\"],\"articleSection\":[\"Actualit\u00e9\"],\"inLanguage\":\"fr-FR\"},{\"@type\":\"WebPage\",\"@id\":\"https:\\\/\\\/www.mondocamping.com\\\/fr\\\/faita-augmentation-de-la-frequentation-des-campings-italiens-de-plus-en-plus-de-demandes-dinstallations-dans-le-centre-sud\\\/\",\"url\":\"https:\\\/\\\/www.mondocamping.com\\\/fr\\\/faita-augmentation-de-la-frequentation-des-campings-italiens-de-plus-en-plus-de-demandes-dinstallations-dans-le-centre-sud\\\/\",\"name\":\"Faita : augmentation de la fr\u00e9quentation des campings italiens, de plus en plus de demandes d'installations dans le Centre-Sud\",\"isPartOf\":{\"@id\":\"https:\\\/\\\/www.mondocamping.com\\\/#website\"},\"primaryImageOfPage\":{\"@id\":\"https:\\\/\\\/www.mondocamping.com\\\/fr\\\/faita-augmentation-de-la-frequentation-des-campings-italiens-de-plus-en-plus-de-demandes-dinstallations-dans-le-centre-sud\\\/#primaryimage\"},\"image\":{\"@id\":\"https:\\\/\\\/www.mondocamping.com\\\/fr\\\/faita-augmentation-de-la-frequentation-des-campings-italiens-de-plus-en-plus-de-demandes-dinstallations-dans-le-centre-sud\\\/#primaryimage\"},\"thumbnailUrl\":\"https:\\\/\\\/www.mondocamping.com\\\/wp-content\\\/uploads\\\/2024\\\/08\\\/daniel-diemer-q4rrRE9TVVc-unsplash-2.jpg\",\"datePublished\":\"2024-08-29T07:32:50+00:00\",\"dateModified\":\"2024-08-29T07:32:51+00:00\",\"breadcrumb\":{\"@id\":\"https:\\\/\\\/www.mondocamping.com\\\/fr\\\/faita-augmentation-de-la-frequentation-des-campings-italiens-de-plus-en-plus-de-demandes-dinstallations-dans-le-centre-sud\\\/#breadcrumb\"},\"inLanguage\":\"fr-FR\",\"potentialAction\":[{\"@type\":\"ReadAction\",\"target\":[\"https:\\\/\\\/www.mondocamping.com\\\/fr\\\/faita-augmentation-de-la-frequentation-des-campings-italiens-de-plus-en-plus-de-demandes-dinstallations-dans-le-centre-sud\\\/\"]}]},{\"@type\":\"ImageObject\",\"inLanguage\":\"fr-FR\",\"@id\":\"https:\\\/\\\/www.mondocamping.com\\\/fr\\\/faita-augmentation-de-la-frequentation-des-campings-italiens-de-plus-en-plus-de-demandes-dinstallations-dans-le-centre-sud\\\/#primaryimage\",\"url\":\"https:\\\/\\\/www.mondocamping.com\\\/wp-content\\\/uploads\\\/2024\\\/08\\\/daniel-diemer-q4rrRE9TVVc-unsplash-2.jpg\",\"contentUrl\":\"https:\\\/\\\/www.mondocamping.com\\\/wp-content\\\/uploads\\\/2024\\\/08\\\/daniel-diemer-q4rrRE9TVVc-unsplash-2.jpg\",\"width\":1200,\"height\":628,\"caption\":\"Photo credit: Daniel Diemer | Unsplash\"},{\"@type\":\"BreadcrumbList\",\"@id\":\"https:\\\/\\\/www.mondocamping.com\\\/fr\\\/faita-augmentation-de-la-frequentation-des-campings-italiens-de-plus-en-plus-de-demandes-dinstallations-dans-le-centre-sud\\\/#breadcrumb\",\"itemListElement\":[{\"@type\":\"ListItem\",\"position\":1,\"name\":\"Home\",\"item\":\"https:\\\/\\\/www.mondocamping.com\\\/fr\\\/\"},{\"@type\":\"ListItem\",\"position\":2,\"name\":\"Faita : augmentation de la fr\u00e9quentation des campings italiens, de plus en plus de demandes d&rsquo;installations dans le Centre-Sud\"}]},{\"@type\":\"WebSite\",\"@id\":\"https:\\\/\\\/www.mondocamping.com\\\/#website\",\"url\":\"https:\\\/\\\/www.mondocamping.com\\\/\",\"name\":\"Mondo Camping\",\"description\":\"Le portail d\u00e9di\u00e9 aux gestionnaires de campings et villages touristiques\",\"publisher\":{\"@id\":\"https:\\\/\\\/www.mondocamping.com\\\/#organization\"},\"potentialAction\":[{\"@type\":\"SearchAction\",\"target\":{\"@type\":\"EntryPoint\",\"urlTemplate\":\"https:\\\/\\\/www.mondocamping.com\\\/?s={search_term_string}\"},\"query-input\":{\"@type\":\"PropertyValueSpecification\",\"valueRequired\":true,\"valueName\":\"search_term_string\"}}],\"inLanguage\":\"fr-FR\"},{\"@type\":\"Organization\",\"@id\":\"https:\\\/\\\/www.mondocamping.com\\\/#organization\",\"name\":\"Mondo Camping\",\"url\":\"https:\\\/\\\/www.mondocamping.com\\\/\",\"logo\":{\"@type\":\"ImageObject\",\"inLanguage\":\"fr-FR\",\"@id\":\"https:\\\/\\\/www.mondocamping.com\\\/#\\\/schema\\\/logo\\\/image\\\/\",\"url\":\"https:\\\/\\\/www.mondocamping.com\\\/wp-content\\\/uploads\\\/2022\\\/04\\\/mondo-camping-logo-contornato-1.png\",\"contentUrl\":\"https:\\\/\\\/www.mondocamping.com\\\/wp-content\\\/uploads\\\/2022\\\/04\\\/mondo-camping-logo-contornato-1.png\",\"width\":280,\"height\":90,\"caption\":\"Mondo Camping\"},\"image\":{\"@id\":\"https:\\\/\\\/www.mondocamping.com\\\/#\\\/schema\\\/logo\\\/image\\\/\"},\"sameAs\":[\"https:\\\/\\\/www.facebook.com\\\/mondobalneare\",\"https:\\\/\\\/x.com\\\/mondobalneare\",\"https:\\\/\\\/www.instagram.com\\\/mondobalneare\\\/\",\"https:\\\/\\\/www.linkedin.com\\\/company\\\/67180810\\\/\",\"https:\\\/\\\/www.youtube.com\\\/user\\\/mondobalnearevideo\"]},{\"@type\":\"Person\",\"@id\":\"https:\\\/\\\/www.mondocamping.com\\\/#\\\/schema\\\/person\\\/01a031b8c5ef08c2204bb0e696f0a760\",\"name\":\"Mondo Camping\",\"image\":{\"@type\":\"ImageObject\",\"inLanguage\":\"fr-FR\",\"@id\":\"https:\\\/\\\/www.mondocamping.com\\\/wp-content\\\/uploads\\\/2022\\\/05\\\/cropped-icona-MONDO-CAMPING-150x150.png\",\"url\":\"https:\\\/\\\/www.mondocamping.com\\\/wp-content\\\/uploads\\\/2022\\\/05\\\/cropped-icona-MONDO-CAMPING-150x150.png\",\"contentUrl\":\"https:\\\/\\\/www.mondocamping.com\\\/wp-content\\\/uploads\\\/2022\\\/05\\\/cropped-icona-MONDO-CAMPING-150x150.png\",\"caption\":\"Mondo Camping\"},\"sameAs\":[\"https:\\\/\\\/www.mondocamping.com\\\/\",\"https:\\\/\\\/www.facebook.com\\\/mondocamping\"]}]}<\/script>\n<!-- \/ Yoast SEO plugin. -->","yoast_head_json":{"title":"Faita : augmentation de la fr\u00e9quentation des campings italiens, de plus en plus de demandes d'installations dans le Centre-Sud","robots":{"index":"index","follow":"follow","max-snippet":"max-snippet:-1","max-image-preview":"max-image-preview:large","max-video-preview":"max-video-preview:-1"},"canonical":"https:\/\/www.mondocamping.com\/fr\/faita-augmentation-de-la-frequentation-des-campings-italiens-de-plus-en-plus-de-demandes-dinstallations-dans-le-centre-sud\/","og_locale":"fr_FR","og_type":"article","og_title":"Faita : augmentation de la fr\u00e9quentation des campings italiens, de plus en plus de demandes d'installations dans le Centre-Sud","og_description":"Nous sommes presque \u00e0 la fin du mois d&rsquo;ao\u00fbt, c&rsquo;est le moment de faire le bilan. Le nombre de touristes qui auront s\u00e9journ\u00e9 dans les campings italiens et choisi des vacances en plein air dans le Bel Paese d\u00e9passe celui de l&rsquo;ann\u00e9e derni\u00e8re : 11 millions et demi de pr\u00e9sences (pour un total de plus [&hellip;]","og_url":"https:\/\/www.mondocamping.com\/fr\/faita-augmentation-de-la-frequentation-des-campings-italiens-de-plus-en-plus-de-demandes-dinstallations-dans-le-centre-sud\/","og_site_name":"Mondo Camping","article_publisher":"https:\/\/www.facebook.com\/mondobalneare","article_author":"https:\/\/www.facebook.com\/mondocamping","article_published_time":"2024-08-29T07:32:50+00:00","article_modified_time":"2024-08-29T07:32:51+00:00","og_image":[{"width":1200,"height":628,"url":"https:\/\/www.mondocamping.com\/wp-content\/uploads\/2024\/08\/daniel-diemer-q4rrRE9TVVc-unsplash-2.jpg","type":"image\/jpeg"}],"author":"Mondo Camping","twitter_card":"summary_large_image","twitter_creator":"@mondobalneare","twitter_site":"@mondobalneare","twitter_misc":{"\u00c9crit par":"Mondo Camping","Dur\u00e9e de lecture estim\u00e9e":"2 minutes"},"schema":{"@context":"https:\/\/schema.org","@graph":[{"@type":"Article","@id":"https:\/\/www.mondocamping.com\/fr\/faita-augmentation-de-la-frequentation-des-campings-italiens-de-plus-en-plus-de-demandes-dinstallations-dans-le-centre-sud\/#article","isPartOf":{"@id":"https:\/\/www.mondocamping.com\/fr\/faita-augmentation-de-la-frequentation-des-campings-italiens-de-plus-en-plus-de-demandes-dinstallations-dans-le-centre-sud\/"},"author":{"name":"Mondo Camping","@id":"https:\/\/www.mondocamping.com\/#\/schema\/person\/01a031b8c5ef08c2204bb0e696f0a760"},"headline":"Faita : augmentation de la fr\u00e9quentation des campings italiens, de plus en plus de demandes d&rsquo;installations dans le Centre-Sud","datePublished":"2024-08-29T07:32:50+00:00","dateModified":"2024-08-29T07:32:51+00:00","mainEntityOfPage":{"@id":"https:\/\/www.mondocamping.com\/fr\/faita-augmentation-de-la-frequentation-des-campings-italiens-de-plus-en-plus-de-demandes-dinstallations-dans-le-centre-sud\/"},"wordCount":362,"publisher":{"@id":"https:\/\/www.mondocamping.com\/#organization"},"image":{"@id":"https:\/\/www.mondocamping.com\/fr\/faita-augmentation-de-la-frequentation-des-campings-italiens-de-plus-en-plus-de-demandes-dinstallations-dans-le-centre-sud\/#primaryimage"},"thumbnailUrl":"https:\/\/www.mondocamping.com\/wp-content\/uploads\/2024\/08\/daniel-diemer-q4rrRE9TVVc-unsplash-2.jpg","keywords":["camping","camping","Mondo Camping"],"articleSection":["Actualit\u00e9"],"inLanguage":"fr-FR"},{"@type":"WebPage","@id":"https:\/\/www.mondocamping.com\/fr\/faita-augmentation-de-la-frequentation-des-campings-italiens-de-plus-en-plus-de-demandes-dinstallations-dans-le-centre-sud\/","url":"https:\/\/www.mondocamping.com\/fr\/faita-augmentation-de-la-frequentation-des-campings-italiens-de-plus-en-plus-de-demandes-dinstallations-dans-le-centre-sud\/","name":"Faita : augmentation de la fr\u00e9quentation des campings italiens, de plus en plus de demandes d'installations dans le Centre-Sud","isPartOf":{"@id":"https:\/\/www.mondocamping.com\/#website"},"primaryImageOfPage":{"@id":"https:\/\/www.mondocamping.com\/fr\/faita-augmentation-de-la-frequentation-des-campings-italiens-de-plus-en-plus-de-demandes-dinstallations-dans-le-centre-sud\/#primaryimage"},"image":{"@id":"https:\/\/www.mondocamping.com\/fr\/faita-augmentation-de-la-frequentation-des-campings-italiens-de-plus-en-plus-de-demandes-dinstallations-dans-le-centre-sud\/#primaryimage"},"thumbnailUrl":"https:\/\/www.mondocamping.com\/wp-content\/uploads\/2024\/08\/daniel-diemer-q4rrRE9TVVc-unsplash-2.jpg","datePublished":"2024-08-29T07:32:50+00:00","dateModified":"2024-08-29T07:32:51+00:00","breadcrumb":{"@id":"https:\/\/www.mondocamping.com\/fr\/faita-augmentation-de-la-frequentation-des-campings-italiens-de-plus-en-plus-de-demandes-dinstallations-dans-le-centre-sud\/#breadcrumb"},"inLanguage":"fr-FR","potentialAction":[{"@type":"ReadAction","target":["https:\/\/www.mondocamping.com\/fr\/faita-augmentation-de-la-frequentation-des-campings-italiens-de-plus-en-plus-de-demandes-dinstallations-dans-le-centre-sud\/"]}]},{"@type":"ImageObject","inLanguage":"fr-FR","@id":"https:\/\/www.mondocamping.com\/fr\/faita-augmentation-de-la-frequentation-des-campings-italiens-de-plus-en-plus-de-demandes-dinstallations-dans-le-centre-sud\/#primaryimage","url":"https:\/\/www.mondocamping.com\/wp-content\/uploads\/2024\/08\/daniel-diemer-q4rrRE9TVVc-unsplash-2.jpg","contentUrl":"https:\/\/www.mondocamping.com\/wp-content\/uploads\/2024\/08\/daniel-diemer-q4rrRE9TVVc-unsplash-2.jpg","width":1200,"height":628,"caption":"Photo credit: Daniel Diemer | Unsplash"},{"@type":"BreadcrumbList","@id":"https:\/\/www.mondocamping.com\/fr\/faita-augmentation-de-la-frequentation-des-campings-italiens-de-plus-en-plus-de-demandes-dinstallations-dans-le-centre-sud\/#breadcrumb","itemListElement":[{"@type":"ListItem","position":1,"name":"Home","item":"https:\/\/www.mondocamping.com\/fr\/"},{"@type":"ListItem","position":2,"name":"Faita : augmentation de la fr\u00e9quentation des campings italiens, de plus en plus de demandes d&rsquo;installations dans le Centre-Sud"}]},{"@type":"WebSite","@id":"https:\/\/www.mondocamping.com\/#website","url":"https:\/\/www.mondocamping.com\/","name":"Mondo Camping","description":"Le portail d\u00e9di\u00e9 aux gestionnaires de campings et villages touristiques","publisher":{"@id":"https:\/\/www.mondocamping.com\/#organization"},"potentialAction":[{"@type":"SearchAction","target":{"@type":"EntryPoint","urlTemplate":"https:\/\/www.mondocamping.com\/?s={search_term_string}"},"query-input":{"@type":"PropertyValueSpecification","valueRequired":true,"valueName":"search_term_string"}}],"inLanguage":"fr-FR"},{"@type":"Organization","@id":"https:\/\/www.mondocamping.com\/#organization","name":"Mondo Camping","url":"https:\/\/www.mondocamping.com\/","logo":{"@type":"ImageObject","inLanguage":"fr-FR","@id":"https:\/\/www.mondocamping.com\/#\/schema\/logo\/image\/","url":"https:\/\/www.mondocamping.com\/wp-content\/uploads\/2022\/04\/mondo-camping-logo-contornato-1.png","contentUrl":"https:\/\/www.mondocamping.com\/wp-content\/uploads\/2022\/04\/mondo-camping-logo-contornato-1.png","width":280,"height":90,"caption":"Mondo Camping"},"image":{"@id":"https:\/\/www.mondocamping.com\/#\/schema\/logo\/image\/"},"sameAs":["https:\/\/www.facebook.com\/mondobalneare","https:\/\/x.com\/mondobalneare","https:\/\/www.instagram.com\/mondobalneare\/","https:\/\/www.linkedin.com\/company\/67180810\/","https:\/\/www.youtube.com\/user\/mondobalnearevideo"]},{"@type":"Person","@id":"https:\/\/www.mondocamping.com\/#\/schema\/person\/01a031b8c5ef08c2204bb0e696f0a760","name":"Mondo Camping","image":{"@type":"ImageObject","inLanguage":"fr-FR","@id":"https:\/\/www.mondocamping.com\/wp-content\/uploads\/2022\/05\/cropped-icona-MONDO-CAMPING-150x150.png","url":"https:\/\/www.mondocamping.com\/wp-content\/uploads\/2022\/05\/cropped-icona-MONDO-CAMPING-150x150.png","contentUrl":"https:\/\/www.mondocamping.com\/wp-content\/uploads\/2022\/05\/cropped-icona-MONDO-CAMPING-150x150.png","caption":"Mondo Camping"},"sameAs":["https:\/\/www.mondocamping.com\/","https:\/\/www.facebook.com\/mondocamping"]}]}},"_links":{"self":[{"href":"https:\/\/www.mondocamping.com\/fr\/wp-json\/wp\/v2\/posts\/170537","targetHints":{"allow":["GET"]}}],"collection":[{"href":"https:\/\/www.mondocamping.com\/fr\/wp-json\/wp\/v2\/posts"}],"about":[{"href":"https:\/\/www.mondocamping.com\/fr\/wp-json\/wp\/v2\/types\/post"}],"author":[{"embeddable":true,"href":"https:\/\/www.mondocamping.com\/fr\/wp-json\/wp\/v2\/users\/5"}],"replies":[{"embeddable":true,"href":"https:\/\/www.mondocamping.com\/fr\/wp-json\/wp\/v2\/comments?post=170537"}],"version-history":[{"count":1,"href":"https:\/\/www.mondocamping.com\/fr\/wp-json\/wp\/v2\/posts\/170537\/revisions"}],"predecessor-version":[{"id":170538,"href":"https:\/\/www.mondocamping.com\/fr\/wp-json\/wp\/v2\/posts\/170537\/revisions\/170538"}],"wp:featuredmedia":[{"embeddable":true,"href":"https:\/\/www.mondocamping.com\/fr\/wp-json\/wp\/v2\/media\/170524"}],"wp:attachment":[{"href":"https:\/\/www.mondocamping.com\/fr\/wp-json\/wp\/v2\/media?parent=170537"}],"wp:term":[{"taxonomy":"category","embeddable":true,"href":"https:\/\/www.mondocamping.com\/fr\/wp-json\/wp\/v2\/categories?post=170537"},{"taxonomy":"post_tag","embeddable":true,"href":"https:\/\/www.mondocamping.com\/fr\/wp-json\/wp\/v2\/tags?post=170537"}],"curies":[{"name":"wp","href":"https:\/\/api.w.org\/{rel}","templated":true}]}}