{"id":170681,"date":"2024-09-10T09:20:59","date_gmt":"2024-09-10T07:20:59","guid":{"rendered":"https:\/\/www.mondocamping.com\/communique-de-presse-faita-concessions-detat-il-faut-tenir-compte-des-specificites-des-entreprises-dhebergement-touristique\/"},"modified":"2024-09-10T09:21:04","modified_gmt":"2024-09-10T07:21:04","slug":"communique-de-presse-faita-concessions-detat-il-faut-tenir-compte-des-specificites-des-entreprises-dhebergement-touristique","status":"publish","type":"post","link":"https:\/\/www.mondocamping.com\/fr\/communique-de-presse-faita-concessions-detat-il-faut-tenir-compte-des-specificites-des-entreprises-dhebergement-touristique\/","title":{"rendered":"Communiqu\u00e9 de presse Faita : \u00ab\u00a0Concessions d&rsquo;Etat : il faut tenir compte des sp\u00e9cificit\u00e9s des entreprises d&rsquo;h\u00e9bergement touristique\u00a0\u00bb."},"content":{"rendered":"\n<p><strong>Faita Federcamping et Federalberghi<\/strong> suivent de pr\u00e8s la mesure relative aux concessions maritimes, lacustres et fluviales \u00e0 des fins touristiques, r\u00e9cr\u00e9atives et sportives, qui a \u00e9t\u00e9 approuv\u00e9e hier par le Conseil des ministres.<\/p>\n\n<p><strong>Les h\u00f4tels, les campings et les villages<\/strong>, tout en partageant les besoins communs de la plupart des \u00e9tablissements de plage, <strong>pr\u00e9sentent des caract\u00e9ristiques particuli\u00e8res qui requi\u00e8rent une attention sp\u00e9cifique.<\/strong><\/p>\n\n<p>En effet, la concession constitue un \u00e9l\u00e9ment essentiel et d\u00e9terminant de l&rsquo;offre propos\u00e9e par les entreprises d&rsquo;h\u00e9bergement touristique qui mettent \u00e0 la disposition des clients les services d&rsquo;h\u00e9bergement et la plage am\u00e9nag\u00e9e dans le cadre d&rsquo;un forfait unique.  <\/p>\n\n<p>L&rsquo;int\u00e9gration est telle que <strong>les clients n&rsquo;utiliseraient pas les services d&rsquo;h\u00e9bergement si les services de plage n&rsquo;\u00e9taient pas \u00e9galement disponibles<\/strong>.<\/p>\n\n<p>Par cons\u00e9quent,<strong> si ces entreprises \u00e9taient priv\u00e9es de la concession, elles subiraient une double mutilation<\/strong>, qui ne pourrait pas \u00eatre compens\u00e9e par l&rsquo;attribution d&rsquo;une nouvelle zone dans un autre endroit, peut-\u00eatre \u00e9loign\u00e9 de la structure d&rsquo;accueil.<\/p>\n\n<p>Dans ce sc\u00e9nario, <strong>la prolongation jusqu&rsquo;en septembre 2027 de la validit\u00e9 des concessions \u00e9tatiques actuelles<\/strong>, bien qu&rsquo;appr\u00e9ciable puisqu&rsquo;elle ouvre une fen\u00eatre temporelle qui peut \u00eatre mise \u00e0 profit pour rechercher les solutions les plus appropri\u00e9es, <strong>n&rsquo;est pas en soi suffisante pour r\u00e9soudre les probl\u00e8mes qui se posent.<\/strong><\/p>\n\n<p><strong>Faita Federcamping<\/strong> et <strong>Federalberghi<\/strong>, en attendant que leurs instances se r\u00e9unissent pour \u00e9valuer pr\u00e9cis\u00e9ment le contenu du d\u00e9cret-loi, <strong>demandent d&rsquo;ores et d\u00e9j\u00e0 au Parlement d&rsquo;en am\u00e9liorer le contenu, en d\u00e9finissant des mesures ad hoc pour les structures d&rsquo;h\u00e9bergement touristique<\/strong>, comme l&rsquo;a d\u00e9j\u00e0 fait le l\u00e9gislateur grec, en pleine conformit\u00e9 avec le droit de l&rsquo;Union europ\u00e9enne.<\/p>\n\n<p>Vous pouvez en savoir plus sur le sujet et le contenu du r\u00e8glement en lisant l&rsquo;article suivant<strong><a href=\"https:\/\/www.mondobalneare.com\/finta-proroga-al-2027-canoni-110-e-indennizzi-allosso-la-legge-meloni-che-delude-i-balneari\/\">article du Monde de la Baignade<\/a><\/strong>.<\/p>\n\n<p><\/p>\n\n<p><\/p>\n\n<p><\/p>\n","protected":false},"excerpt":{"rendered":"<p>Faita Federcamping et Federalberghi suivent de pr\u00e8s la mesure relative aux concessions maritimes, lacustres et fluviales \u00e0 des fins touristiques, r\u00e9cr\u00e9atives et sportives, qui a \u00e9t\u00e9 approuv\u00e9e hier par le Conseil des ministres. Les h\u00f4tels, les campings et les villages, tout en partageant les besoins communs de la plupart des \u00e9tablissements de plage, pr\u00e9sentent des [&hellip;]<\/p>\n","protected":false},"author":5,"featured_media":170673,"comment_status":"closed","ping_status":"closed","sticky":false,"template":"","format":"standard","meta":{"_acf_changed":false,"_monsterinsights_skip_tracking":false,"_monsterinsights_sitenote_active":false,"_monsterinsights_sitenote_note":"","_monsterinsights_sitenote_category":0,"footnotes":""},"categories":[4024],"tags":[6392,4077,6390],"class_list":["post-170681","post","type-post","status-publish","format-standard","has-post-thumbnail","hentry","category-actualite","tag-faita-fr","tag-faita-federcamping-fr","tag-federalberghi-fr"],"acf":[],"yoast_head":"<!-- This site is optimized with the Yoast SEO plugin v27.5 - https:\/\/yoast.com\/product\/yoast-seo-wordpress\/ -->\n<title>Communiqu\u00e9 de presse Faita : &quot;Concessions d&#039;Etat : il faut tenir compte des sp\u00e9cificit\u00e9s des entreprises d&#039;h\u00e9bergement touristique&quot;.<\/title>\n<meta name=\"robots\" content=\"index, follow, max-snippet:-1, max-image-preview:large, max-video-preview:-1\" \/>\n<link rel=\"canonical\" href=\"https:\/\/www.mondocamping.com\/fr\/communique-de-presse-faita-concessions-detat-il-faut-tenir-compte-des-specificites-des-entreprises-dhebergement-touristique\/\" \/>\n<meta property=\"og:locale\" content=\"fr_FR\" \/>\n<meta property=\"og:type\" content=\"article\" \/>\n<meta property=\"og:title\" content=\"Communiqu\u00e9 de presse Faita : &quot;Concessions d&#039;Etat : il faut tenir compte des sp\u00e9cificit\u00e9s des entreprises d&#039;h\u00e9bergement touristique&quot;.\" \/>\n<meta property=\"og:description\" content=\"Faita Federcamping et Federalberghi suivent de pr\u00e8s la mesure relative aux concessions maritimes, lacustres et fluviales \u00e0 des fins touristiques, r\u00e9cr\u00e9atives et sportives, qui a \u00e9t\u00e9 approuv\u00e9e hier par le Conseil des ministres. Les h\u00f4tels, les campings et les villages, tout en partageant les besoins communs de la plupart des \u00e9tablissements de plage, pr\u00e9sentent des [&hellip;]\" \/>\n<meta property=\"og:url\" content=\"https:\/\/www.mondocamping.com\/fr\/communique-de-presse-faita-concessions-detat-il-faut-tenir-compte-des-specificites-des-entreprises-dhebergement-touristique\/\" \/>\n<meta property=\"og:site_name\" content=\"Mondo Camping\" \/>\n<meta property=\"article:publisher\" content=\"https:\/\/www.facebook.com\/mondobalneare\" \/>\n<meta property=\"article:author\" content=\"https:\/\/www.facebook.com\/mondocamping\" \/>\n<meta property=\"article:published_time\" content=\"2024-09-10T07:20:59+00:00\" \/>\n<meta property=\"article:modified_time\" content=\"2024-09-10T07:21:04+00:00\" \/>\n<meta property=\"og:image\" content=\"https:\/\/www.mondocamping.com\/wp-content\/uploads\/2024\/09\/chloe-frost-smith-0lG-wadk7pw-unsplash-2.jpg\" \/>\n\t<meta property=\"og:image:width\" content=\"1200\" \/>\n\t<meta property=\"og:image:height\" content=\"628\" \/>\n\t<meta property=\"og:image:type\" content=\"image\/jpeg\" \/>\n<meta name=\"author\" content=\"Mondo Camping\" \/>\n<meta name=\"twitter:card\" content=\"summary_large_image\" \/>\n<meta name=\"twitter:creator\" content=\"@mondobalneare\" \/>\n<meta name=\"twitter:site\" content=\"@mondobalneare\" \/>\n<meta name=\"twitter:label1\" content=\"\u00c9crit par\" \/>\n\t<meta name=\"twitter:data1\" content=\"Mondo Camping\" \/>\n\t<meta name=\"twitter:label2\" content=\"Dur\u00e9e de lecture estim\u00e9e\" \/>\n\t<meta name=\"twitter:data2\" content=\"2 minutes\" \/>\n<script type=\"application\/ld+json\" class=\"yoast-schema-graph\">{\"@context\":\"https:\\\/\\\/schema.org\",\"@graph\":[{\"@type\":\"Article\",\"@id\":\"https:\\\/\\\/www.mondocamping.com\\\/fr\\\/communique-de-presse-faita-concessions-detat-il-faut-tenir-compte-des-specificites-des-entreprises-dhebergement-touristique\\\/#article\",\"isPartOf\":{\"@id\":\"https:\\\/\\\/www.mondocamping.com\\\/fr\\\/communique-de-presse-faita-concessions-detat-il-faut-tenir-compte-des-specificites-des-entreprises-dhebergement-touristique\\\/\"},\"author\":{\"name\":\"Mondo Camping\",\"@id\":\"https:\\\/\\\/www.mondocamping.com\\\/#\\\/schema\\\/person\\\/01a031b8c5ef08c2204bb0e696f0a760\"},\"headline\":\"Communiqu\u00e9 de presse Faita : \u00ab\u00a0Concessions d&rsquo;Etat : il faut tenir compte des sp\u00e9cificit\u00e9s des entreprises d&rsquo;h\u00e9bergement touristique\u00a0\u00bb.\",\"datePublished\":\"2024-09-10T07:20:59+00:00\",\"dateModified\":\"2024-09-10T07:21:04+00:00\",\"mainEntityOfPage\":{\"@id\":\"https:\\\/\\\/www.mondocamping.com\\\/fr\\\/communique-de-presse-faita-concessions-detat-il-faut-tenir-compte-des-specificites-des-entreprises-dhebergement-touristique\\\/\"},\"wordCount\":360,\"publisher\":{\"@id\":\"https:\\\/\\\/www.mondocamping.com\\\/#organization\"},\"image\":{\"@id\":\"https:\\\/\\\/www.mondocamping.com\\\/fr\\\/communique-de-presse-faita-concessions-detat-il-faut-tenir-compte-des-specificites-des-entreprises-dhebergement-touristique\\\/#primaryimage\"},\"thumbnailUrl\":\"https:\\\/\\\/www.mondocamping.com\\\/wp-content\\\/uploads\\\/2024\\\/09\\\/chloe-frost-smith-0lG-wadk7pw-unsplash-2.jpg\",\"keywords\":[\"Faita\",\"Faita Federcamping\",\"Federalberghi\"],\"articleSection\":[\"Actualit\u00e9\"],\"inLanguage\":\"fr-FR\"},{\"@type\":\"WebPage\",\"@id\":\"https:\\\/\\\/www.mondocamping.com\\\/fr\\\/communique-de-presse-faita-concessions-detat-il-faut-tenir-compte-des-specificites-des-entreprises-dhebergement-touristique\\\/\",\"url\":\"https:\\\/\\\/www.mondocamping.com\\\/fr\\\/communique-de-presse-faita-concessions-detat-il-faut-tenir-compte-des-specificites-des-entreprises-dhebergement-touristique\\\/\",\"name\":\"Communiqu\u00e9 de presse Faita : \\\"Concessions d'Etat : il faut tenir compte des sp\u00e9cificit\u00e9s des entreprises d'h\u00e9bergement touristique\\\".\",\"isPartOf\":{\"@id\":\"https:\\\/\\\/www.mondocamping.com\\\/#website\"},\"primaryImageOfPage\":{\"@id\":\"https:\\\/\\\/www.mondocamping.com\\\/fr\\\/communique-de-presse-faita-concessions-detat-il-faut-tenir-compte-des-specificites-des-entreprises-dhebergement-touristique\\\/#primaryimage\"},\"image\":{\"@id\":\"https:\\\/\\\/www.mondocamping.com\\\/fr\\\/communique-de-presse-faita-concessions-detat-il-faut-tenir-compte-des-specificites-des-entreprises-dhebergement-touristique\\\/#primaryimage\"},\"thumbnailUrl\":\"https:\\\/\\\/www.mondocamping.com\\\/wp-content\\\/uploads\\\/2024\\\/09\\\/chloe-frost-smith-0lG-wadk7pw-unsplash-2.jpg\",\"datePublished\":\"2024-09-10T07:20:59+00:00\",\"dateModified\":\"2024-09-10T07:21:04+00:00\",\"breadcrumb\":{\"@id\":\"https:\\\/\\\/www.mondocamping.com\\\/fr\\\/communique-de-presse-faita-concessions-detat-il-faut-tenir-compte-des-specificites-des-entreprises-dhebergement-touristique\\\/#breadcrumb\"},\"inLanguage\":\"fr-FR\",\"potentialAction\":[{\"@type\":\"ReadAction\",\"target\":[\"https:\\\/\\\/www.mondocamping.com\\\/fr\\\/communique-de-presse-faita-concessions-detat-il-faut-tenir-compte-des-specificites-des-entreprises-dhebergement-touristique\\\/\"]}]},{\"@type\":\"ImageObject\",\"inLanguage\":\"fr-FR\",\"@id\":\"https:\\\/\\\/www.mondocamping.com\\\/fr\\\/communique-de-presse-faita-concessions-detat-il-faut-tenir-compte-des-specificites-des-entreprises-dhebergement-touristique\\\/#primaryimage\",\"url\":\"https:\\\/\\\/www.mondocamping.com\\\/wp-content\\\/uploads\\\/2024\\\/09\\\/chloe-frost-smith-0lG-wadk7pw-unsplash-2.jpg\",\"contentUrl\":\"https:\\\/\\\/www.mondocamping.com\\\/wp-content\\\/uploads\\\/2024\\\/09\\\/chloe-frost-smith-0lG-wadk7pw-unsplash-2.jpg\",\"width\":1200,\"height\":628},{\"@type\":\"BreadcrumbList\",\"@id\":\"https:\\\/\\\/www.mondocamping.com\\\/fr\\\/communique-de-presse-faita-concessions-detat-il-faut-tenir-compte-des-specificites-des-entreprises-dhebergement-touristique\\\/#breadcrumb\",\"itemListElement\":[{\"@type\":\"ListItem\",\"position\":1,\"name\":\"Home\",\"item\":\"https:\\\/\\\/www.mondocamping.com\\\/fr\\\/\"},{\"@type\":\"ListItem\",\"position\":2,\"name\":\"Communiqu\u00e9 de presse Faita : \u00ab\u00a0Concessions d&rsquo;Etat : il faut tenir compte des sp\u00e9cificit\u00e9s des entreprises d&rsquo;h\u00e9bergement touristique\u00a0\u00bb.\"}]},{\"@type\":\"WebSite\",\"@id\":\"https:\\\/\\\/www.mondocamping.com\\\/#website\",\"url\":\"https:\\\/\\\/www.mondocamping.com\\\/\",\"name\":\"Mondo Camping\",\"description\":\"Le portail d\u00e9di\u00e9 aux gestionnaires de campings et villages touristiques\",\"publisher\":{\"@id\":\"https:\\\/\\\/www.mondocamping.com\\\/#organization\"},\"potentialAction\":[{\"@type\":\"SearchAction\",\"target\":{\"@type\":\"EntryPoint\",\"urlTemplate\":\"https:\\\/\\\/www.mondocamping.com\\\/?s={search_term_string}\"},\"query-input\":{\"@type\":\"PropertyValueSpecification\",\"valueRequired\":true,\"valueName\":\"search_term_string\"}}],\"inLanguage\":\"fr-FR\"},{\"@type\":\"Organization\",\"@id\":\"https:\\\/\\\/www.mondocamping.com\\\/#organization\",\"name\":\"Mondo Camping\",\"url\":\"https:\\\/\\\/www.mondocamping.com\\\/\",\"logo\":{\"@type\":\"ImageObject\",\"inLanguage\":\"fr-FR\",\"@id\":\"https:\\\/\\\/www.mondocamping.com\\\/#\\\/schema\\\/logo\\\/image\\\/\",\"url\":\"https:\\\/\\\/www.mondocamping.com\\\/wp-content\\\/uploads\\\/2022\\\/04\\\/mondo-camping-logo-contornato-1.png\",\"contentUrl\":\"https:\\\/\\\/www.mondocamping.com\\\/wp-content\\\/uploads\\\/2022\\\/04\\\/mondo-camping-logo-contornato-1.png\",\"width\":280,\"height\":90,\"caption\":\"Mondo Camping\"},\"image\":{\"@id\":\"https:\\\/\\\/www.mondocamping.com\\\/#\\\/schema\\\/logo\\\/image\\\/\"},\"sameAs\":[\"https:\\\/\\\/www.facebook.com\\\/mondobalneare\",\"https:\\\/\\\/x.com\\\/mondobalneare\",\"https:\\\/\\\/www.instagram.com\\\/mondobalneare\\\/\",\"https:\\\/\\\/www.linkedin.com\\\/company\\\/67180810\\\/\",\"https:\\\/\\\/www.youtube.com\\\/user\\\/mondobalnearevideo\"]},{\"@type\":\"Person\",\"@id\":\"https:\\\/\\\/www.mondocamping.com\\\/#\\\/schema\\\/person\\\/01a031b8c5ef08c2204bb0e696f0a760\",\"name\":\"Mondo Camping\",\"image\":{\"@type\":\"ImageObject\",\"inLanguage\":\"fr-FR\",\"@id\":\"https:\\\/\\\/www.mondocamping.com\\\/wp-content\\\/uploads\\\/2022\\\/05\\\/cropped-icona-MONDO-CAMPING-150x150.png\",\"url\":\"https:\\\/\\\/www.mondocamping.com\\\/wp-content\\\/uploads\\\/2022\\\/05\\\/cropped-icona-MONDO-CAMPING-150x150.png\",\"contentUrl\":\"https:\\\/\\\/www.mondocamping.com\\\/wp-content\\\/uploads\\\/2022\\\/05\\\/cropped-icona-MONDO-CAMPING-150x150.png\",\"caption\":\"Mondo Camping\"},\"sameAs\":[\"https:\\\/\\\/www.mondocamping.com\\\/\",\"https:\\\/\\\/www.facebook.com\\\/mondocamping\"]}]}<\/script>\n<!-- \/ Yoast SEO plugin. -->","yoast_head_json":{"title":"Communiqu\u00e9 de presse Faita : \"Concessions d'Etat : il faut tenir compte des sp\u00e9cificit\u00e9s des entreprises d'h\u00e9bergement touristique\".","robots":{"index":"index","follow":"follow","max-snippet":"max-snippet:-1","max-image-preview":"max-image-preview:large","max-video-preview":"max-video-preview:-1"},"canonical":"https:\/\/www.mondocamping.com\/fr\/communique-de-presse-faita-concessions-detat-il-faut-tenir-compte-des-specificites-des-entreprises-dhebergement-touristique\/","og_locale":"fr_FR","og_type":"article","og_title":"Communiqu\u00e9 de presse Faita : \"Concessions d'Etat : il faut tenir compte des sp\u00e9cificit\u00e9s des entreprises d'h\u00e9bergement touristique\".","og_description":"Faita Federcamping et Federalberghi suivent de pr\u00e8s la mesure relative aux concessions maritimes, lacustres et fluviales \u00e0 des fins touristiques, r\u00e9cr\u00e9atives et sportives, qui a \u00e9t\u00e9 approuv\u00e9e hier par le Conseil des ministres. Les h\u00f4tels, les campings et les villages, tout en partageant les besoins communs de la plupart des \u00e9tablissements de plage, pr\u00e9sentent des [&hellip;]","og_url":"https:\/\/www.mondocamping.com\/fr\/communique-de-presse-faita-concessions-detat-il-faut-tenir-compte-des-specificites-des-entreprises-dhebergement-touristique\/","og_site_name":"Mondo Camping","article_publisher":"https:\/\/www.facebook.com\/mondobalneare","article_author":"https:\/\/www.facebook.com\/mondocamping","article_published_time":"2024-09-10T07:20:59+00:00","article_modified_time":"2024-09-10T07:21:04+00:00","og_image":[{"width":1200,"height":628,"url":"https:\/\/www.mondocamping.com\/wp-content\/uploads\/2024\/09\/chloe-frost-smith-0lG-wadk7pw-unsplash-2.jpg","type":"image\/jpeg"}],"author":"Mondo Camping","twitter_card":"summary_large_image","twitter_creator":"@mondobalneare","twitter_site":"@mondobalneare","twitter_misc":{"\u00c9crit par":"Mondo Camping","Dur\u00e9e de lecture estim\u00e9e":"2 minutes"},"schema":{"@context":"https:\/\/schema.org","@graph":[{"@type":"Article","@id":"https:\/\/www.mondocamping.com\/fr\/communique-de-presse-faita-concessions-detat-il-faut-tenir-compte-des-specificites-des-entreprises-dhebergement-touristique\/#article","isPartOf":{"@id":"https:\/\/www.mondocamping.com\/fr\/communique-de-presse-faita-concessions-detat-il-faut-tenir-compte-des-specificites-des-entreprises-dhebergement-touristique\/"},"author":{"name":"Mondo Camping","@id":"https:\/\/www.mondocamping.com\/#\/schema\/person\/01a031b8c5ef08c2204bb0e696f0a760"},"headline":"Communiqu\u00e9 de presse Faita : \u00ab\u00a0Concessions d&rsquo;Etat : il faut tenir compte des sp\u00e9cificit\u00e9s des entreprises d&rsquo;h\u00e9bergement touristique\u00a0\u00bb.","datePublished":"2024-09-10T07:20:59+00:00","dateModified":"2024-09-10T07:21:04+00:00","mainEntityOfPage":{"@id":"https:\/\/www.mondocamping.com\/fr\/communique-de-presse-faita-concessions-detat-il-faut-tenir-compte-des-specificites-des-entreprises-dhebergement-touristique\/"},"wordCount":360,"publisher":{"@id":"https:\/\/www.mondocamping.com\/#organization"},"image":{"@id":"https:\/\/www.mondocamping.com\/fr\/communique-de-presse-faita-concessions-detat-il-faut-tenir-compte-des-specificites-des-entreprises-dhebergement-touristique\/#primaryimage"},"thumbnailUrl":"https:\/\/www.mondocamping.com\/wp-content\/uploads\/2024\/09\/chloe-frost-smith-0lG-wadk7pw-unsplash-2.jpg","keywords":["Faita","Faita Federcamping","Federalberghi"],"articleSection":["Actualit\u00e9"],"inLanguage":"fr-FR"},{"@type":"WebPage","@id":"https:\/\/www.mondocamping.com\/fr\/communique-de-presse-faita-concessions-detat-il-faut-tenir-compte-des-specificites-des-entreprises-dhebergement-touristique\/","url":"https:\/\/www.mondocamping.com\/fr\/communique-de-presse-faita-concessions-detat-il-faut-tenir-compte-des-specificites-des-entreprises-dhebergement-touristique\/","name":"Communiqu\u00e9 de presse Faita : \"Concessions d'Etat : il faut tenir compte des sp\u00e9cificit\u00e9s des entreprises d'h\u00e9bergement touristique\".","isPartOf":{"@id":"https:\/\/www.mondocamping.com\/#website"},"primaryImageOfPage":{"@id":"https:\/\/www.mondocamping.com\/fr\/communique-de-presse-faita-concessions-detat-il-faut-tenir-compte-des-specificites-des-entreprises-dhebergement-touristique\/#primaryimage"},"image":{"@id":"https:\/\/www.mondocamping.com\/fr\/communique-de-presse-faita-concessions-detat-il-faut-tenir-compte-des-specificites-des-entreprises-dhebergement-touristique\/#primaryimage"},"thumbnailUrl":"https:\/\/www.mondocamping.com\/wp-content\/uploads\/2024\/09\/chloe-frost-smith-0lG-wadk7pw-unsplash-2.jpg","datePublished":"2024-09-10T07:20:59+00:00","dateModified":"2024-09-10T07:21:04+00:00","breadcrumb":{"@id":"https:\/\/www.mondocamping.com\/fr\/communique-de-presse-faita-concessions-detat-il-faut-tenir-compte-des-specificites-des-entreprises-dhebergement-touristique\/#breadcrumb"},"inLanguage":"fr-FR","potentialAction":[{"@type":"ReadAction","target":["https:\/\/www.mondocamping.com\/fr\/communique-de-presse-faita-concessions-detat-il-faut-tenir-compte-des-specificites-des-entreprises-dhebergement-touristique\/"]}]},{"@type":"ImageObject","inLanguage":"fr-FR","@id":"https:\/\/www.mondocamping.com\/fr\/communique-de-presse-faita-concessions-detat-il-faut-tenir-compte-des-specificites-des-entreprises-dhebergement-touristique\/#primaryimage","url":"https:\/\/www.mondocamping.com\/wp-content\/uploads\/2024\/09\/chloe-frost-smith-0lG-wadk7pw-unsplash-2.jpg","contentUrl":"https:\/\/www.mondocamping.com\/wp-content\/uploads\/2024\/09\/chloe-frost-smith-0lG-wadk7pw-unsplash-2.jpg","width":1200,"height":628},{"@type":"BreadcrumbList","@id":"https:\/\/www.mondocamping.com\/fr\/communique-de-presse-faita-concessions-detat-il-faut-tenir-compte-des-specificites-des-entreprises-dhebergement-touristique\/#breadcrumb","itemListElement":[{"@type":"ListItem","position":1,"name":"Home","item":"https:\/\/www.mondocamping.com\/fr\/"},{"@type":"ListItem","position":2,"name":"Communiqu\u00e9 de presse Faita : \u00ab\u00a0Concessions d&rsquo;Etat : il faut tenir compte des sp\u00e9cificit\u00e9s des entreprises d&rsquo;h\u00e9bergement touristique\u00a0\u00bb."}]},{"@type":"WebSite","@id":"https:\/\/www.mondocamping.com\/#website","url":"https:\/\/www.mondocamping.com\/","name":"Mondo Camping","description":"Le portail d\u00e9di\u00e9 aux gestionnaires de campings et villages touristiques","publisher":{"@id":"https:\/\/www.mondocamping.com\/#organization"},"potentialAction":[{"@type":"SearchAction","target":{"@type":"EntryPoint","urlTemplate":"https:\/\/www.mondocamping.com\/?s={search_term_string}"},"query-input":{"@type":"PropertyValueSpecification","valueRequired":true,"valueName":"search_term_string"}}],"inLanguage":"fr-FR"},{"@type":"Organization","@id":"https:\/\/www.mondocamping.com\/#organization","name":"Mondo Camping","url":"https:\/\/www.mondocamping.com\/","logo":{"@type":"ImageObject","inLanguage":"fr-FR","@id":"https:\/\/www.mondocamping.com\/#\/schema\/logo\/image\/","url":"https:\/\/www.mondocamping.com\/wp-content\/uploads\/2022\/04\/mondo-camping-logo-contornato-1.png","contentUrl":"https:\/\/www.mondocamping.com\/wp-content\/uploads\/2022\/04\/mondo-camping-logo-contornato-1.png","width":280,"height":90,"caption":"Mondo Camping"},"image":{"@id":"https:\/\/www.mondocamping.com\/#\/schema\/logo\/image\/"},"sameAs":["https:\/\/www.facebook.com\/mondobalneare","https:\/\/x.com\/mondobalneare","https:\/\/www.instagram.com\/mondobalneare\/","https:\/\/www.linkedin.com\/company\/67180810\/","https:\/\/www.youtube.com\/user\/mondobalnearevideo"]},{"@type":"Person","@id":"https:\/\/www.mondocamping.com\/#\/schema\/person\/01a031b8c5ef08c2204bb0e696f0a760","name":"Mondo Camping","image":{"@type":"ImageObject","inLanguage":"fr-FR","@id":"https:\/\/www.mondocamping.com\/wp-content\/uploads\/2022\/05\/cropped-icona-MONDO-CAMPING-150x150.png","url":"https:\/\/www.mondocamping.com\/wp-content\/uploads\/2022\/05\/cropped-icona-MONDO-CAMPING-150x150.png","contentUrl":"https:\/\/www.mondocamping.com\/wp-content\/uploads\/2022\/05\/cropped-icona-MONDO-CAMPING-150x150.png","caption":"Mondo Camping"},"sameAs":["https:\/\/www.mondocamping.com\/","https:\/\/www.facebook.com\/mondocamping"]}]}},"_links":{"self":[{"href":"https:\/\/www.mondocamping.com\/fr\/wp-json\/wp\/v2\/posts\/170681","targetHints":{"allow":["GET"]}}],"collection":[{"href":"https:\/\/www.mondocamping.com\/fr\/wp-json\/wp\/v2\/posts"}],"about":[{"href":"https:\/\/www.mondocamping.com\/fr\/wp-json\/wp\/v2\/types\/post"}],"author":[{"embeddable":true,"href":"https:\/\/www.mondocamping.com\/fr\/wp-json\/wp\/v2\/users\/5"}],"replies":[{"embeddable":true,"href":"https:\/\/www.mondocamping.com\/fr\/wp-json\/wp\/v2\/comments?post=170681"}],"version-history":[{"count":1,"href":"https:\/\/www.mondocamping.com\/fr\/wp-json\/wp\/v2\/posts\/170681\/revisions"}],"predecessor-version":[{"id":170682,"href":"https:\/\/www.mondocamping.com\/fr\/wp-json\/wp\/v2\/posts\/170681\/revisions\/170682"}],"wp:featuredmedia":[{"embeddable":true,"href":"https:\/\/www.mondocamping.com\/fr\/wp-json\/wp\/v2\/media\/170673"}],"wp:attachment":[{"href":"https:\/\/www.mondocamping.com\/fr\/wp-json\/wp\/v2\/media?parent=170681"}],"wp:term":[{"taxonomy":"category","embeddable":true,"href":"https:\/\/www.mondocamping.com\/fr\/wp-json\/wp\/v2\/categories?post=170681"},{"taxonomy":"post_tag","embeddable":true,"href":"https:\/\/www.mondocamping.com\/fr\/wp-json\/wp\/v2\/tags?post=170681"}],"curies":[{"name":"wp","href":"https:\/\/api.w.org\/{rel}","templated":true}]}}