{"id":171010,"date":"2024-09-26T12:02:08","date_gmt":"2024-09-26T10:02:08","guid":{"rendered":"https:\/\/www.mondocamping.com\/espagne-la-nouvelle-loi-sur-le-tourisme-suscite-des-inquietudes-en-matiere-de-protection-des-donnees-et-de-la-vie-privee\/"},"modified":"2024-09-30T12:00:19","modified_gmt":"2024-09-30T10:00:19","slug":"espagne-la-nouvelle-loi-sur-le-tourisme-suscite-des-inquietudes-en-matiere-de-protection-des-donnees-et-de-la-vie-privee","status":"publish","type":"post","link":"https:\/\/www.mondocamping.com\/fr\/espagne-la-nouvelle-loi-sur-le-tourisme-suscite-des-inquietudes-en-matiere-de-protection-des-donnees-et-de-la-vie-privee\/","title":{"rendered":"Espagne : la nouvelle loi sur le tourisme suscite des inqui\u00e9tudes en mati\u00e8re de protection des donn\u00e9es et de la vie priv\u00e9e"},"content":{"rendered":"\n<p>Une nouvelle loi qui entrera en vigueur le 1er octobre dans toute l&rsquo;Espagne, \u00e9tablie par le d\u00e9cret royal 933\/2021 : elle oblige les propri\u00e9taires priv\u00e9s, les h\u00f4tels et les campings \u00e0 collecter et \u00e0 communiquer au minist\u00e8re de l&rsquo;int\u00e9rieur les donn\u00e9es sensibles des voyageurs, y compris les m\u00e9thodes de paiement, les transactions financi\u00e8res, les num\u00e9ros de carte de cr\u00e9dit, les d\u00e9tails du contrat et les coordonn\u00e9es personnelles.  <\/p>\n\n<p>Selon le minist\u00e8re de l&rsquo;Int\u00e9rieur, la loi est n\u00e9cessaire pour <strong>accro\u00eetre la s\u00e9curit\u00e9 publique et pr\u00e9venir les activit\u00e9s terroristes et la criminalit\u00e9 organis\u00e9e.<\/strong>\nUne mesure que les op\u00e9rateurs du secteur consid\u00e8rent comme \u00ab\u00a0impossible\u00a0\u00bb et source de \u00ab\u00a0chaos et de confusion\u00a0\u00bb.   <\/p>\n\n<p>Cette loi s&rsquo;appliquera \u00e0 tous les touristes, nationaux et \u00e9trangers, une r\u00e8gle qui a suscit\u00e9 des dissensions parmi les initi\u00e9s. La Conf\u00e9d\u00e9ration espagnole de l&rsquo;h\u00f4tellerie et de l&rsquo;h\u00e9bergement (CEHAT), qui repr\u00e9sente plus de 16 000 entreprises et 1,8 million d&rsquo;\u00e9tablissements d&rsquo;h\u00e9bergement, s&rsquo;est fermement oppos\u00e9e \u00e0 la loi, en faisant valoir ses arguments.<\/p>\n\n<p>Les principales pr\u00e9occupations sont li\u00e9es \u00e0 la collecte, au stockage et \u00e0 la confidentialit\u00e9 des donn\u00e9es, soulignant qu&rsquo;elles devront \u00eatre effectu\u00e9es conform\u00e9ment \u00e0 une loi qu&rsquo;ils consid\u00e8rent comme \u00ab\u00a0tr\u00e8s d\u00e9ficiente et impossible \u00e0 mettre en \u0153uvre\u00a0\u00bb.\nIls soulignent \u00e9galement que la loi pourrait mettre en danger les entreprises espagnoles et les d\u00e9savantager par rapport \u00e0 leurs concurrents d&rsquo;autres pays de l&rsquo;UE.   <\/p>\n\n<p>Comme l&rsquo;a d\u00e9clar\u00e9 un porte-parole de l&rsquo;Association espagnole des h\u00f4tels : <em>\u00ab\u00a0Il existe une grande confusion quant aux donn\u00e9es requises et \u00e0 la mani\u00e8re dont elles doivent \u00eatre soumises. Le d\u00e9cret royal implique une ing\u00e9rence significative dans les droits \u00e0 la vie priv\u00e9e des touristes\u00a0\u00bb<\/em>.  <\/p>\n\n<p>En outre, la <strong><a href=\"https:\/\/fedcamping.com\" target=\"_blank\" rel=\"noreferrer noopener\">F\u00e9d\u00e9ration espagnole de camping FEEC<\/a><\/strong> d\u00e9nonce le chaos<strong>:<\/strong> &lsquo;<em>Les campings, qui ont toujours coop\u00e9r\u00e9 avec les forces de l&rsquo;ordre, ont eu la surprise de devoir fournir des donn\u00e9es non officielles, qui ne figurent sur aucun document de voyage (carte d&rsquo;identit\u00e9 ou passeport), telles que le mode de paiement, les num\u00e9ros de carte de cr\u00e9dit, le num\u00e9ro de t\u00e9l\u00e9phone portable et l&rsquo;adresse.\nComme la FEEC l&rsquo;a soulign\u00e9 \u00e0 plusieurs reprises au cours des derniers mois, cela rend impossible l&rsquo;envoi automatis\u00e9 de ces donn\u00e9es, les obligeant \u00e0 s&rsquo;enregistrer et \u00e0 les envoyer manuellement, ce qui entra\u00eene une augmentation des erreurs et un travail disproportionn\u00e9 pour ceux qui doivent fournir ces informations <\/em>\u00ab\u00a0.<\/p>\n\n<p><\/p>\n","protected":false},"excerpt":{"rendered":"<p>Une nouvelle loi qui entrera en vigueur le 1er octobre dans toute l&rsquo;Espagne, \u00e9tablie par le d\u00e9cret royal 933\/2021 : elle oblige les propri\u00e9taires priv\u00e9s, les h\u00f4tels et les campings \u00e0 collecter et \u00e0 communiquer au minist\u00e8re de l&rsquo;int\u00e9rieur les donn\u00e9es sensibles des voyageurs, y compris les m\u00e9thodes de paiement, les transactions financi\u00e8res, les num\u00e9ros [&hellip;]<\/p>\n","protected":false},"author":5,"featured_media":170987,"comment_status":"closed","ping_status":"closed","sticky":false,"template":"","format":"standard","meta":{"_acf_changed":false,"_monsterinsights_skip_tracking":false,"_monsterinsights_sitenote_active":false,"_monsterinsights_sitenote_note":"","_monsterinsights_sitenote_category":0,"footnotes":""},"categories":[4024],"tags":[4189,4210,4275,4665,4262,4079],"class_list":["post-171010","post","type-post","status-publish","format-standard","has-post-thumbnail","hentry","category-actualite","tag-camping-fr","tag-camping-fr-2","tag-espagne","tag-feec-fr","tag-mondo-camping-fr","tag-tourisme-de-plein-air"],"acf":[],"yoast_head":"<!-- This site is optimized with the Yoast SEO plugin v27.5 - https:\/\/yoast.com\/product\/yoast-seo-wordpress\/ -->\n<title>Espagne : la nouvelle loi sur le tourisme suscite des inqui\u00e9tudes en mati\u00e8re de protection des donn\u00e9es et de la vie priv\u00e9e<\/title>\n<meta name=\"robots\" content=\"index, follow, max-snippet:-1, max-image-preview:large, max-video-preview:-1\" \/>\n<link rel=\"canonical\" href=\"https:\/\/www.mondocamping.com\/fr\/espagne-la-nouvelle-loi-sur-le-tourisme-suscite-des-inquietudes-en-matiere-de-protection-des-donnees-et-de-la-vie-privee\/\" \/>\n<meta property=\"og:locale\" content=\"fr_FR\" \/>\n<meta property=\"og:type\" content=\"article\" \/>\n<meta property=\"og:title\" content=\"Espagne : la nouvelle loi sur le tourisme suscite des inqui\u00e9tudes en mati\u00e8re de protection des donn\u00e9es et de la vie priv\u00e9e\" \/>\n<meta property=\"og:description\" content=\"Une nouvelle loi qui entrera en vigueur le 1er octobre dans toute l&rsquo;Espagne, \u00e9tablie par le d\u00e9cret royal 933\/2021 : elle oblige les propri\u00e9taires priv\u00e9s, les h\u00f4tels et les campings \u00e0 collecter et \u00e0 communiquer au minist\u00e8re de l&rsquo;int\u00e9rieur les donn\u00e9es sensibles des voyageurs, y compris les m\u00e9thodes de paiement, les transactions financi\u00e8res, les num\u00e9ros [&hellip;]\" \/>\n<meta property=\"og:url\" content=\"https:\/\/www.mondocamping.com\/fr\/espagne-la-nouvelle-loi-sur-le-tourisme-suscite-des-inquietudes-en-matiere-de-protection-des-donnees-et-de-la-vie-privee\/\" \/>\n<meta property=\"og:site_name\" content=\"Mondo Camping\" \/>\n<meta property=\"article:publisher\" content=\"https:\/\/www.facebook.com\/mondobalneare\" \/>\n<meta property=\"article:author\" content=\"https:\/\/www.facebook.com\/mondocamping\" \/>\n<meta property=\"article:published_time\" content=\"2024-09-26T10:02:08+00:00\" \/>\n<meta property=\"article:modified_time\" content=\"2024-09-30T10:00:19+00:00\" \/>\n<meta property=\"og:image\" content=\"https:\/\/www.mondocamping.com\/wp-content\/uploads\/2024\/09\/helena-lopes-QpjyqYy5R-U-unsplash-2.jpg\" \/>\n\t<meta property=\"og:image:width\" content=\"1200\" \/>\n\t<meta property=\"og:image:height\" content=\"628\" \/>\n\t<meta property=\"og:image:type\" content=\"image\/jpeg\" \/>\n<meta name=\"author\" content=\"Mondo Camping\" \/>\n<meta name=\"twitter:card\" content=\"summary_large_image\" \/>\n<meta name=\"twitter:creator\" content=\"@mondobalneare\" \/>\n<meta name=\"twitter:site\" content=\"@mondobalneare\" \/>\n<meta name=\"twitter:label1\" content=\"\u00c9crit par\" \/>\n\t<meta name=\"twitter:data1\" content=\"Mondo Camping\" \/>\n\t<meta name=\"twitter:label2\" content=\"Dur\u00e9e de lecture estim\u00e9e\" \/>\n\t<meta name=\"twitter:data2\" content=\"2 minutes\" \/>\n<script type=\"application\/ld+json\" class=\"yoast-schema-graph\">{\"@context\":\"https:\\\/\\\/schema.org\",\"@graph\":[{\"@type\":\"Article\",\"@id\":\"https:\\\/\\\/www.mondocamping.com\\\/fr\\\/espagne-la-nouvelle-loi-sur-le-tourisme-suscite-des-inquietudes-en-matiere-de-protection-des-donnees-et-de-la-vie-privee\\\/#article\",\"isPartOf\":{\"@id\":\"https:\\\/\\\/www.mondocamping.com\\\/fr\\\/espagne-la-nouvelle-loi-sur-le-tourisme-suscite-des-inquietudes-en-matiere-de-protection-des-donnees-et-de-la-vie-privee\\\/\"},\"author\":{\"name\":\"Mondo Camping\",\"@id\":\"https:\\\/\\\/www.mondocamping.com\\\/#\\\/schema\\\/person\\\/01a031b8c5ef08c2204bb0e696f0a760\"},\"headline\":\"Espagne : la nouvelle loi sur le tourisme suscite des inqui\u00e9tudes en mati\u00e8re de protection des donn\u00e9es et de la vie priv\u00e9e\",\"datePublished\":\"2024-09-26T10:02:08+00:00\",\"dateModified\":\"2024-09-30T10:00:19+00:00\",\"mainEntityOfPage\":{\"@id\":\"https:\\\/\\\/www.mondocamping.com\\\/fr\\\/espagne-la-nouvelle-loi-sur-le-tourisme-suscite-des-inquietudes-en-matiere-de-protection-des-donnees-et-de-la-vie-privee\\\/\"},\"wordCount\":463,\"publisher\":{\"@id\":\"https:\\\/\\\/www.mondocamping.com\\\/#organization\"},\"image\":{\"@id\":\"https:\\\/\\\/www.mondocamping.com\\\/fr\\\/espagne-la-nouvelle-loi-sur-le-tourisme-suscite-des-inquietudes-en-matiere-de-protection-des-donnees-et-de-la-vie-privee\\\/#primaryimage\"},\"thumbnailUrl\":\"https:\\\/\\\/www.mondocamping.com\\\/wp-content\\\/uploads\\\/2024\\\/09\\\/helena-lopes-QpjyqYy5R-U-unsplash-2.jpg\",\"keywords\":[\"camping\",\"camping\",\"Espagne\",\"FEEC\",\"Mondo Camping\",\"Tourisme de plein air\"],\"articleSection\":[\"Actualit\u00e9\"],\"inLanguage\":\"fr-FR\"},{\"@type\":\"WebPage\",\"@id\":\"https:\\\/\\\/www.mondocamping.com\\\/fr\\\/espagne-la-nouvelle-loi-sur-le-tourisme-suscite-des-inquietudes-en-matiere-de-protection-des-donnees-et-de-la-vie-privee\\\/\",\"url\":\"https:\\\/\\\/www.mondocamping.com\\\/fr\\\/espagne-la-nouvelle-loi-sur-le-tourisme-suscite-des-inquietudes-en-matiere-de-protection-des-donnees-et-de-la-vie-privee\\\/\",\"name\":\"Espagne : la nouvelle loi sur le tourisme suscite des inqui\u00e9tudes en mati\u00e8re de protection des donn\u00e9es et de la vie priv\u00e9e\",\"isPartOf\":{\"@id\":\"https:\\\/\\\/www.mondocamping.com\\\/#website\"},\"primaryImageOfPage\":{\"@id\":\"https:\\\/\\\/www.mondocamping.com\\\/fr\\\/espagne-la-nouvelle-loi-sur-le-tourisme-suscite-des-inquietudes-en-matiere-de-protection-des-donnees-et-de-la-vie-privee\\\/#primaryimage\"},\"image\":{\"@id\":\"https:\\\/\\\/www.mondocamping.com\\\/fr\\\/espagne-la-nouvelle-loi-sur-le-tourisme-suscite-des-inquietudes-en-matiere-de-protection-des-donnees-et-de-la-vie-privee\\\/#primaryimage\"},\"thumbnailUrl\":\"https:\\\/\\\/www.mondocamping.com\\\/wp-content\\\/uploads\\\/2024\\\/09\\\/helena-lopes-QpjyqYy5R-U-unsplash-2.jpg\",\"datePublished\":\"2024-09-26T10:02:08+00:00\",\"dateModified\":\"2024-09-30T10:00:19+00:00\",\"breadcrumb\":{\"@id\":\"https:\\\/\\\/www.mondocamping.com\\\/fr\\\/espagne-la-nouvelle-loi-sur-le-tourisme-suscite-des-inquietudes-en-matiere-de-protection-des-donnees-et-de-la-vie-privee\\\/#breadcrumb\"},\"inLanguage\":\"fr-FR\",\"potentialAction\":[{\"@type\":\"ReadAction\",\"target\":[\"https:\\\/\\\/www.mondocamping.com\\\/fr\\\/espagne-la-nouvelle-loi-sur-le-tourisme-suscite-des-inquietudes-en-matiere-de-protection-des-donnees-et-de-la-vie-privee\\\/\"]}]},{\"@type\":\"ImageObject\",\"inLanguage\":\"fr-FR\",\"@id\":\"https:\\\/\\\/www.mondocamping.com\\\/fr\\\/espagne-la-nouvelle-loi-sur-le-tourisme-suscite-des-inquietudes-en-matiere-de-protection-des-donnees-et-de-la-vie-privee\\\/#primaryimage\",\"url\":\"https:\\\/\\\/www.mondocamping.com\\\/wp-content\\\/uploads\\\/2024\\\/09\\\/helena-lopes-QpjyqYy5R-U-unsplash-2.jpg\",\"contentUrl\":\"https:\\\/\\\/www.mondocamping.com\\\/wp-content\\\/uploads\\\/2024\\\/09\\\/helena-lopes-QpjyqYy5R-U-unsplash-2.jpg\",\"width\":1200,\"height\":628},{\"@type\":\"BreadcrumbList\",\"@id\":\"https:\\\/\\\/www.mondocamping.com\\\/fr\\\/espagne-la-nouvelle-loi-sur-le-tourisme-suscite-des-inquietudes-en-matiere-de-protection-des-donnees-et-de-la-vie-privee\\\/#breadcrumb\",\"itemListElement\":[{\"@type\":\"ListItem\",\"position\":1,\"name\":\"Home\",\"item\":\"https:\\\/\\\/www.mondocamping.com\\\/fr\\\/\"},{\"@type\":\"ListItem\",\"position\":2,\"name\":\"Espagne : la nouvelle loi sur le tourisme suscite des inqui\u00e9tudes en mati\u00e8re de protection des donn\u00e9es et de la vie priv\u00e9e\"}]},{\"@type\":\"WebSite\",\"@id\":\"https:\\\/\\\/www.mondocamping.com\\\/#website\",\"url\":\"https:\\\/\\\/www.mondocamping.com\\\/\",\"name\":\"Mondo Camping\",\"description\":\"Le portail d\u00e9di\u00e9 aux gestionnaires de campings et villages touristiques\",\"publisher\":{\"@id\":\"https:\\\/\\\/www.mondocamping.com\\\/#organization\"},\"potentialAction\":[{\"@type\":\"SearchAction\",\"target\":{\"@type\":\"EntryPoint\",\"urlTemplate\":\"https:\\\/\\\/www.mondocamping.com\\\/?s={search_term_string}\"},\"query-input\":{\"@type\":\"PropertyValueSpecification\",\"valueRequired\":true,\"valueName\":\"search_term_string\"}}],\"inLanguage\":\"fr-FR\"},{\"@type\":\"Organization\",\"@id\":\"https:\\\/\\\/www.mondocamping.com\\\/#organization\",\"name\":\"Mondo Camping\",\"url\":\"https:\\\/\\\/www.mondocamping.com\\\/\",\"logo\":{\"@type\":\"ImageObject\",\"inLanguage\":\"fr-FR\",\"@id\":\"https:\\\/\\\/www.mondocamping.com\\\/#\\\/schema\\\/logo\\\/image\\\/\",\"url\":\"https:\\\/\\\/www.mondocamping.com\\\/wp-content\\\/uploads\\\/2022\\\/04\\\/mondo-camping-logo-contornato-1.png\",\"contentUrl\":\"https:\\\/\\\/www.mondocamping.com\\\/wp-content\\\/uploads\\\/2022\\\/04\\\/mondo-camping-logo-contornato-1.png\",\"width\":280,\"height\":90,\"caption\":\"Mondo Camping\"},\"image\":{\"@id\":\"https:\\\/\\\/www.mondocamping.com\\\/#\\\/schema\\\/logo\\\/image\\\/\"},\"sameAs\":[\"https:\\\/\\\/www.facebook.com\\\/mondobalneare\",\"https:\\\/\\\/x.com\\\/mondobalneare\",\"https:\\\/\\\/www.instagram.com\\\/mondobalneare\\\/\",\"https:\\\/\\\/www.linkedin.com\\\/company\\\/67180810\\\/\",\"https:\\\/\\\/www.youtube.com\\\/user\\\/mondobalnearevideo\"]},{\"@type\":\"Person\",\"@id\":\"https:\\\/\\\/www.mondocamping.com\\\/#\\\/schema\\\/person\\\/01a031b8c5ef08c2204bb0e696f0a760\",\"name\":\"Mondo Camping\",\"image\":{\"@type\":\"ImageObject\",\"inLanguage\":\"fr-FR\",\"@id\":\"https:\\\/\\\/www.mondocamping.com\\\/wp-content\\\/uploads\\\/2022\\\/05\\\/cropped-icona-MONDO-CAMPING-150x150.png\",\"url\":\"https:\\\/\\\/www.mondocamping.com\\\/wp-content\\\/uploads\\\/2022\\\/05\\\/cropped-icona-MONDO-CAMPING-150x150.png\",\"contentUrl\":\"https:\\\/\\\/www.mondocamping.com\\\/wp-content\\\/uploads\\\/2022\\\/05\\\/cropped-icona-MONDO-CAMPING-150x150.png\",\"caption\":\"Mondo Camping\"},\"sameAs\":[\"https:\\\/\\\/www.mondocamping.com\\\/\",\"https:\\\/\\\/www.facebook.com\\\/mondocamping\"]}]}<\/script>\n<!-- \/ Yoast SEO plugin. -->","yoast_head_json":{"title":"Espagne : la nouvelle loi sur le tourisme suscite des inqui\u00e9tudes en mati\u00e8re de protection des donn\u00e9es et de la vie priv\u00e9e","robots":{"index":"index","follow":"follow","max-snippet":"max-snippet:-1","max-image-preview":"max-image-preview:large","max-video-preview":"max-video-preview:-1"},"canonical":"https:\/\/www.mondocamping.com\/fr\/espagne-la-nouvelle-loi-sur-le-tourisme-suscite-des-inquietudes-en-matiere-de-protection-des-donnees-et-de-la-vie-privee\/","og_locale":"fr_FR","og_type":"article","og_title":"Espagne : la nouvelle loi sur le tourisme suscite des inqui\u00e9tudes en mati\u00e8re de protection des donn\u00e9es et de la vie priv\u00e9e","og_description":"Une nouvelle loi qui entrera en vigueur le 1er octobre dans toute l&rsquo;Espagne, \u00e9tablie par le d\u00e9cret royal 933\/2021 : elle oblige les propri\u00e9taires priv\u00e9s, les h\u00f4tels et les campings \u00e0 collecter et \u00e0 communiquer au minist\u00e8re de l&rsquo;int\u00e9rieur les donn\u00e9es sensibles des voyageurs, y compris les m\u00e9thodes de paiement, les transactions financi\u00e8res, les num\u00e9ros [&hellip;]","og_url":"https:\/\/www.mondocamping.com\/fr\/espagne-la-nouvelle-loi-sur-le-tourisme-suscite-des-inquietudes-en-matiere-de-protection-des-donnees-et-de-la-vie-privee\/","og_site_name":"Mondo Camping","article_publisher":"https:\/\/www.facebook.com\/mondobalneare","article_author":"https:\/\/www.facebook.com\/mondocamping","article_published_time":"2024-09-26T10:02:08+00:00","article_modified_time":"2024-09-30T10:00:19+00:00","og_image":[{"width":1200,"height":628,"url":"https:\/\/www.mondocamping.com\/wp-content\/uploads\/2024\/09\/helena-lopes-QpjyqYy5R-U-unsplash-2.jpg","type":"image\/jpeg"}],"author":"Mondo Camping","twitter_card":"summary_large_image","twitter_creator":"@mondobalneare","twitter_site":"@mondobalneare","twitter_misc":{"\u00c9crit par":"Mondo Camping","Dur\u00e9e de lecture estim\u00e9e":"2 minutes"},"schema":{"@context":"https:\/\/schema.org","@graph":[{"@type":"Article","@id":"https:\/\/www.mondocamping.com\/fr\/espagne-la-nouvelle-loi-sur-le-tourisme-suscite-des-inquietudes-en-matiere-de-protection-des-donnees-et-de-la-vie-privee\/#article","isPartOf":{"@id":"https:\/\/www.mondocamping.com\/fr\/espagne-la-nouvelle-loi-sur-le-tourisme-suscite-des-inquietudes-en-matiere-de-protection-des-donnees-et-de-la-vie-privee\/"},"author":{"name":"Mondo Camping","@id":"https:\/\/www.mondocamping.com\/#\/schema\/person\/01a031b8c5ef08c2204bb0e696f0a760"},"headline":"Espagne : la nouvelle loi sur le tourisme suscite des inqui\u00e9tudes en mati\u00e8re de protection des donn\u00e9es et de la vie priv\u00e9e","datePublished":"2024-09-26T10:02:08+00:00","dateModified":"2024-09-30T10:00:19+00:00","mainEntityOfPage":{"@id":"https:\/\/www.mondocamping.com\/fr\/espagne-la-nouvelle-loi-sur-le-tourisme-suscite-des-inquietudes-en-matiere-de-protection-des-donnees-et-de-la-vie-privee\/"},"wordCount":463,"publisher":{"@id":"https:\/\/www.mondocamping.com\/#organization"},"image":{"@id":"https:\/\/www.mondocamping.com\/fr\/espagne-la-nouvelle-loi-sur-le-tourisme-suscite-des-inquietudes-en-matiere-de-protection-des-donnees-et-de-la-vie-privee\/#primaryimage"},"thumbnailUrl":"https:\/\/www.mondocamping.com\/wp-content\/uploads\/2024\/09\/helena-lopes-QpjyqYy5R-U-unsplash-2.jpg","keywords":["camping","camping","Espagne","FEEC","Mondo Camping","Tourisme de plein air"],"articleSection":["Actualit\u00e9"],"inLanguage":"fr-FR"},{"@type":"WebPage","@id":"https:\/\/www.mondocamping.com\/fr\/espagne-la-nouvelle-loi-sur-le-tourisme-suscite-des-inquietudes-en-matiere-de-protection-des-donnees-et-de-la-vie-privee\/","url":"https:\/\/www.mondocamping.com\/fr\/espagne-la-nouvelle-loi-sur-le-tourisme-suscite-des-inquietudes-en-matiere-de-protection-des-donnees-et-de-la-vie-privee\/","name":"Espagne : la nouvelle loi sur le tourisme suscite des inqui\u00e9tudes en mati\u00e8re de protection des donn\u00e9es et de la vie priv\u00e9e","isPartOf":{"@id":"https:\/\/www.mondocamping.com\/#website"},"primaryImageOfPage":{"@id":"https:\/\/www.mondocamping.com\/fr\/espagne-la-nouvelle-loi-sur-le-tourisme-suscite-des-inquietudes-en-matiere-de-protection-des-donnees-et-de-la-vie-privee\/#primaryimage"},"image":{"@id":"https:\/\/www.mondocamping.com\/fr\/espagne-la-nouvelle-loi-sur-le-tourisme-suscite-des-inquietudes-en-matiere-de-protection-des-donnees-et-de-la-vie-privee\/#primaryimage"},"thumbnailUrl":"https:\/\/www.mondocamping.com\/wp-content\/uploads\/2024\/09\/helena-lopes-QpjyqYy5R-U-unsplash-2.jpg","datePublished":"2024-09-26T10:02:08+00:00","dateModified":"2024-09-30T10:00:19+00:00","breadcrumb":{"@id":"https:\/\/www.mondocamping.com\/fr\/espagne-la-nouvelle-loi-sur-le-tourisme-suscite-des-inquietudes-en-matiere-de-protection-des-donnees-et-de-la-vie-privee\/#breadcrumb"},"inLanguage":"fr-FR","potentialAction":[{"@type":"ReadAction","target":["https:\/\/www.mondocamping.com\/fr\/espagne-la-nouvelle-loi-sur-le-tourisme-suscite-des-inquietudes-en-matiere-de-protection-des-donnees-et-de-la-vie-privee\/"]}]},{"@type":"ImageObject","inLanguage":"fr-FR","@id":"https:\/\/www.mondocamping.com\/fr\/espagne-la-nouvelle-loi-sur-le-tourisme-suscite-des-inquietudes-en-matiere-de-protection-des-donnees-et-de-la-vie-privee\/#primaryimage","url":"https:\/\/www.mondocamping.com\/wp-content\/uploads\/2024\/09\/helena-lopes-QpjyqYy5R-U-unsplash-2.jpg","contentUrl":"https:\/\/www.mondocamping.com\/wp-content\/uploads\/2024\/09\/helena-lopes-QpjyqYy5R-U-unsplash-2.jpg","width":1200,"height":628},{"@type":"BreadcrumbList","@id":"https:\/\/www.mondocamping.com\/fr\/espagne-la-nouvelle-loi-sur-le-tourisme-suscite-des-inquietudes-en-matiere-de-protection-des-donnees-et-de-la-vie-privee\/#breadcrumb","itemListElement":[{"@type":"ListItem","position":1,"name":"Home","item":"https:\/\/www.mondocamping.com\/fr\/"},{"@type":"ListItem","position":2,"name":"Espagne : la nouvelle loi sur le tourisme suscite des inqui\u00e9tudes en mati\u00e8re de protection des donn\u00e9es et de la vie priv\u00e9e"}]},{"@type":"WebSite","@id":"https:\/\/www.mondocamping.com\/#website","url":"https:\/\/www.mondocamping.com\/","name":"Mondo Camping","description":"Le portail d\u00e9di\u00e9 aux gestionnaires de campings et villages touristiques","publisher":{"@id":"https:\/\/www.mondocamping.com\/#organization"},"potentialAction":[{"@type":"SearchAction","target":{"@type":"EntryPoint","urlTemplate":"https:\/\/www.mondocamping.com\/?s={search_term_string}"},"query-input":{"@type":"PropertyValueSpecification","valueRequired":true,"valueName":"search_term_string"}}],"inLanguage":"fr-FR"},{"@type":"Organization","@id":"https:\/\/www.mondocamping.com\/#organization","name":"Mondo Camping","url":"https:\/\/www.mondocamping.com\/","logo":{"@type":"ImageObject","inLanguage":"fr-FR","@id":"https:\/\/www.mondocamping.com\/#\/schema\/logo\/image\/","url":"https:\/\/www.mondocamping.com\/wp-content\/uploads\/2022\/04\/mondo-camping-logo-contornato-1.png","contentUrl":"https:\/\/www.mondocamping.com\/wp-content\/uploads\/2022\/04\/mondo-camping-logo-contornato-1.png","width":280,"height":90,"caption":"Mondo Camping"},"image":{"@id":"https:\/\/www.mondocamping.com\/#\/schema\/logo\/image\/"},"sameAs":["https:\/\/www.facebook.com\/mondobalneare","https:\/\/x.com\/mondobalneare","https:\/\/www.instagram.com\/mondobalneare\/","https:\/\/www.linkedin.com\/company\/67180810\/","https:\/\/www.youtube.com\/user\/mondobalnearevideo"]},{"@type":"Person","@id":"https:\/\/www.mondocamping.com\/#\/schema\/person\/01a031b8c5ef08c2204bb0e696f0a760","name":"Mondo Camping","image":{"@type":"ImageObject","inLanguage":"fr-FR","@id":"https:\/\/www.mondocamping.com\/wp-content\/uploads\/2022\/05\/cropped-icona-MONDO-CAMPING-150x150.png","url":"https:\/\/www.mondocamping.com\/wp-content\/uploads\/2022\/05\/cropped-icona-MONDO-CAMPING-150x150.png","contentUrl":"https:\/\/www.mondocamping.com\/wp-content\/uploads\/2022\/05\/cropped-icona-MONDO-CAMPING-150x150.png","caption":"Mondo Camping"},"sameAs":["https:\/\/www.mondocamping.com\/","https:\/\/www.facebook.com\/mondocamping"]}]}},"_links":{"self":[{"href":"https:\/\/www.mondocamping.com\/fr\/wp-json\/wp\/v2\/posts\/171010","targetHints":{"allow":["GET"]}}],"collection":[{"href":"https:\/\/www.mondocamping.com\/fr\/wp-json\/wp\/v2\/posts"}],"about":[{"href":"https:\/\/www.mondocamping.com\/fr\/wp-json\/wp\/v2\/types\/post"}],"author":[{"embeddable":true,"href":"https:\/\/www.mondocamping.com\/fr\/wp-json\/wp\/v2\/users\/5"}],"replies":[{"embeddable":true,"href":"https:\/\/www.mondocamping.com\/fr\/wp-json\/wp\/v2\/comments?post=171010"}],"version-history":[{"count":2,"href":"https:\/\/www.mondocamping.com\/fr\/wp-json\/wp\/v2\/posts\/171010\/revisions"}],"predecessor-version":[{"id":171072,"href":"https:\/\/www.mondocamping.com\/fr\/wp-json\/wp\/v2\/posts\/171010\/revisions\/171072"}],"wp:featuredmedia":[{"embeddable":true,"href":"https:\/\/www.mondocamping.com\/fr\/wp-json\/wp\/v2\/media\/170987"}],"wp:attachment":[{"href":"https:\/\/www.mondocamping.com\/fr\/wp-json\/wp\/v2\/media?parent=171010"}],"wp:term":[{"taxonomy":"category","embeddable":true,"href":"https:\/\/www.mondocamping.com\/fr\/wp-json\/wp\/v2\/categories?post=171010"},{"taxonomy":"post_tag","embeddable":true,"href":"https:\/\/www.mondocamping.com\/fr\/wp-json\/wp\/v2\/tags?post=171010"}],"curies":[{"name":"wp","href":"https:\/\/api.w.org\/{rel}","templated":true}]}}