{"id":171022,"date":"2024-09-26T12:10:58","date_gmt":"2024-09-26T10:10:58","guid":{"rendered":"https:\/\/www.mondocamping.com\/salon-du-camping-car-et-de-la-caravane-du-15-au-20-octobre-a-birmingham\/"},"modified":"2024-10-01T12:00:08","modified_gmt":"2024-10-01T10:00:08","slug":"salon-du-camping-car-et-de-la-caravane-du-15-au-20-octobre-a-birmingham","status":"publish","type":"post","link":"https:\/\/www.mondocamping.com\/fr\/salon-du-camping-car-et-de-la-caravane-du-15-au-20-octobre-a-birmingham\/","title":{"rendered":"Salon du camping-car et de la caravane, du 15 au 20 octobre \u00e0 Birmingham"},"content":{"rendered":"\n<p><em>R\u00e9servez la date<\/em>: <strong>du 15 au 20 octobre 2024 <\/strong>aura lieu<strong> <\/strong>Le <a href=\"https:\/\/mcshow.co.uk\/\"><strong>Motorhome &amp; Caravan Show<\/strong> <\/a>au<strong> NEC de Birmingham<\/strong>, l&rsquo;un des \u00e9v\u00e9nements les plus attendus du tourisme international en plein air.\nIl s&rsquo;agit de la vitrine la plus importante du Royaume-Uni pour les v\u00e9hicules de loisirs, o\u00f9 les principaux fabricants britanniques et europ\u00e9ens se rencontreront. <\/p>\n\n<p>Avec 11 halls et plus de 350 exposants, le salon offre un choix in\u00e9gal\u00e9 de nouveaux v\u00e9hicules de loisirs, ainsi que des accessoires, des innovations et les destinations les plus int\u00e9ressantes en Europe et dans le monde.\nUn rendez-vous incontournable pour les professionnels mais aussi pour les nombreux amateurs de tourisme de plein air.   <\/p>\n\n<p>Le <strong>Motorhome <\/strong>&amp;<strong> Caravan Show<\/strong> est une v\u00e9ritable vitrine pour un millier de nouveaux mod\u00e8les des principaux fabricants et concessionnaires britanniques et europ\u00e9ens, qui seront expos\u00e9s c\u00f4te \u00e0 c\u00f4te pour que les visiteurs puissent entrer et comparer. Le <em>groupe Swift, Bailey of Bristol, Coachman, Elddis, Buccaneer<\/em> et <em>Xplore<\/em> seront rejoints par des fabricants et marques europ\u00e9ens tels que <em>Adria, Auto-Sleepers, Auto-Trail, Burstner, Carthago, Chausson, Dethleffs, Dreamer, Eriba, Etrusco, Frankia, Hillside Leisure, Hymer, Knaus, Laika, Malibu, Rapido, RollerTeam, Pilote, Weinsberg, Westfalia,<\/em> pour n&rsquo;en citer que quelques-uns.  <\/p>\n\n<p>Le salon se veut \u00e9galement un point de r\u00e9f\u00e9rence o\u00f9 vous trouverez tout ce dont vous avez besoin pour prendre<em>la route<\/em>: non seulement les derni\u00e8res nouveaut\u00e9s en mati\u00e8re de v\u00e9hicules de loisirs seront expos\u00e9es, mais il sera \u00e9galement possible de faire connaissance avec les principaux <strong>fabricants d&rsquo;auvents<\/strong>, qui seront pr\u00e9sents avec leurs derniers produits fixes et carrossables.  <\/p>\n\n<p>Le <strong>Motorhome <\/strong>&amp;<strong> Caravan Show<\/strong> est aussi un v\u00e9ritable \u00ab\u00a0guide de voyage\u00a0\u00bb pour partir \u00e0 l&rsquo;aventure.\nLe <em>Caravan<\/em> and <em>Motorhome Club<\/em> et le <em>Camping and Caravanning Club<\/em> pr\u00e9senteront aux visiteurs leurs vastes r\u00e9seaux de campings au Royaume-Uni et en Europe, ainsi que toutes leurs options de glamping.   <\/p>\n\n<p>Des <strong>offices de tourisme de <\/strong>tout le Royaume-Uni \u00e9taient \u00e9galement pr\u00e9sents au salon, ainsi que de nombreux <strong>offices <\/strong>europ\u00e9ens, notamment de France, d&rsquo;Espagne, du Portugal, d&rsquo;Italie, des Pays-Bas et d&rsquo;Allemagne.\nUne autre nouveaut\u00e9 de la foire est <strong><em>Mon Canada<\/em><\/strong>qui proposera des exp\u00e9riences de voyage personnalis\u00e9es \u00e0 travers le Canada, adapt\u00e9es \u00e0 diff\u00e9rents centres d&rsquo;int\u00e9r\u00eat, tels que des circuits de d\u00e9couverte de la faune et de la flore, des voyages en voiture et des aventures en plein air.   <\/p>\n\n<p>Les billets pour le Motorhome &amp; Caravan Show, NEC Birmingham, sont en vente sur le site <strong>mcshow.co.uk<\/strong>.<\/p>\n\n<p>Pour obtenir la liste compl\u00e8te des entreprises exposantes, consultez le site<strong> mcshow.co.uk.<\/strong> <\/p>\n","protected":false},"excerpt":{"rendered":"<p>R\u00e9servez la date: du 15 au 20 octobre 2024 aura lieu Le Motorhome &amp; Caravan Show au NEC de Birmingham, l&rsquo;un des \u00e9v\u00e9nements les plus attendus du tourisme international en plein air. Il s&rsquo;agit de la vitrine la plus importante du Royaume-Uni pour les v\u00e9hicules de loisirs, o\u00f9 les principaux fabricants britanniques et europ\u00e9ens se [&hellip;]<\/p>\n","protected":false},"author":5,"featured_media":171017,"comment_status":"closed","ping_status":"closed","sticky":false,"template":"","format":"standard","meta":{"_acf_changed":false,"_monsterinsights_skip_tracking":false,"_monsterinsights_sitenote_active":false,"_monsterinsights_sitenote_note":"","_monsterinsights_sitenote_category":0,"footnotes":""},"categories":[4024],"tags":[6540,4189,4210,4262,6539,4079],"class_list":["post-171022","post","type-post","status-publish","format-standard","has-post-thumbnail","hentry","category-actualite","tag-birmingham-fr","tag-camping-fr","tag-camping-fr-2","tag-mondo-camping-fr","tag-salon-du-camping-car-et-de-la-caravane","tag-tourisme-de-plein-air"],"acf":[],"yoast_head":"<!-- This site is optimized with the Yoast SEO plugin v27.5 - https:\/\/yoast.com\/product\/yoast-seo-wordpress\/ -->\n<title>Salon du camping-car et de la caravane, du 15 au 20 octobre \u00e0 Birmingham<\/title>\n<meta name=\"robots\" content=\"index, follow, max-snippet:-1, max-image-preview:large, max-video-preview:-1\" \/>\n<link rel=\"canonical\" href=\"https:\/\/www.mondocamping.com\/fr\/salon-du-camping-car-et-de-la-caravane-du-15-au-20-octobre-a-birmingham\/\" \/>\n<meta property=\"og:locale\" content=\"fr_FR\" \/>\n<meta property=\"og:type\" content=\"article\" \/>\n<meta property=\"og:title\" content=\"Salon du camping-car et de la caravane, du 15 au 20 octobre \u00e0 Birmingham\" \/>\n<meta property=\"og:description\" content=\"R\u00e9servez la date: du 15 au 20 octobre 2024 aura lieu Le Motorhome &amp; Caravan Show au NEC de Birmingham, l&rsquo;un des \u00e9v\u00e9nements les plus attendus du tourisme international en plein air. Il s&rsquo;agit de la vitrine la plus importante du Royaume-Uni pour les v\u00e9hicules de loisirs, o\u00f9 les principaux fabricants britanniques et europ\u00e9ens se [&hellip;]\" \/>\n<meta property=\"og:url\" content=\"https:\/\/www.mondocamping.com\/fr\/salon-du-camping-car-et-de-la-caravane-du-15-au-20-octobre-a-birmingham\/\" \/>\n<meta property=\"og:site_name\" content=\"Mondo Camping\" \/>\n<meta property=\"article:publisher\" content=\"https:\/\/www.facebook.com\/mondobalneare\" \/>\n<meta property=\"article:author\" content=\"https:\/\/www.facebook.com\/mondocamping\" \/>\n<meta property=\"article:published_time\" content=\"2024-09-26T10:10:58+00:00\" \/>\n<meta property=\"article:modified_time\" content=\"2024-10-01T10:00:08+00:00\" \/>\n<meta property=\"og:image\" content=\"https:\/\/www.mondocamping.com\/wp-content\/uploads\/2024\/09\/Screenshot-2024-09-26-alle-12.07.11.png\" \/>\n\t<meta property=\"og:image:width\" content=\"1200\" \/>\n\t<meta property=\"og:image:height\" content=\"628\" \/>\n\t<meta property=\"og:image:type\" content=\"image\/png\" \/>\n<meta name=\"author\" content=\"Mondo Camping\" \/>\n<meta name=\"twitter:card\" content=\"summary_large_image\" \/>\n<meta name=\"twitter:creator\" content=\"@mondobalneare\" \/>\n<meta name=\"twitter:site\" content=\"@mondobalneare\" \/>\n<meta name=\"twitter:label1\" content=\"\u00c9crit par\" \/>\n\t<meta name=\"twitter:data1\" content=\"Mondo Camping\" \/>\n\t<meta name=\"twitter:label2\" content=\"Dur\u00e9e de lecture estim\u00e9e\" \/>\n\t<meta name=\"twitter:data2\" content=\"2 minutes\" \/>\n<script type=\"application\/ld+json\" class=\"yoast-schema-graph\">{\"@context\":\"https:\\\/\\\/schema.org\",\"@graph\":[{\"@type\":\"Article\",\"@id\":\"https:\\\/\\\/www.mondocamping.com\\\/fr\\\/salon-du-camping-car-et-de-la-caravane-du-15-au-20-octobre-a-birmingham\\\/#article\",\"isPartOf\":{\"@id\":\"https:\\\/\\\/www.mondocamping.com\\\/fr\\\/salon-du-camping-car-et-de-la-caravane-du-15-au-20-octobre-a-birmingham\\\/\"},\"author\":{\"name\":\"Mondo Camping\",\"@id\":\"https:\\\/\\\/www.mondocamping.com\\\/#\\\/schema\\\/person\\\/01a031b8c5ef08c2204bb0e696f0a760\"},\"headline\":\"Salon du camping-car et de la caravane, du 15 au 20 octobre \u00e0 Birmingham\",\"datePublished\":\"2024-09-26T10:10:58+00:00\",\"dateModified\":\"2024-10-01T10:00:08+00:00\",\"mainEntityOfPage\":{\"@id\":\"https:\\\/\\\/www.mondocamping.com\\\/fr\\\/salon-du-camping-car-et-de-la-caravane-du-15-au-20-octobre-a-birmingham\\\/\"},\"wordCount\":456,\"publisher\":{\"@id\":\"https:\\\/\\\/www.mondocamping.com\\\/#organization\"},\"image\":{\"@id\":\"https:\\\/\\\/www.mondocamping.com\\\/fr\\\/salon-du-camping-car-et-de-la-caravane-du-15-au-20-octobre-a-birmingham\\\/#primaryimage\"},\"thumbnailUrl\":\"https:\\\/\\\/www.mondocamping.com\\\/wp-content\\\/uploads\\\/2024\\\/09\\\/Screenshot-2024-09-26-alle-12.07.11.png\",\"keywords\":[\"Birmingham\",\"camping\",\"camping\",\"Mondo Camping\",\"Salon du camping-car et de la caravane\",\"Tourisme de plein air\"],\"articleSection\":[\"Actualit\u00e9\"],\"inLanguage\":\"fr-FR\"},{\"@type\":\"WebPage\",\"@id\":\"https:\\\/\\\/www.mondocamping.com\\\/fr\\\/salon-du-camping-car-et-de-la-caravane-du-15-au-20-octobre-a-birmingham\\\/\",\"url\":\"https:\\\/\\\/www.mondocamping.com\\\/fr\\\/salon-du-camping-car-et-de-la-caravane-du-15-au-20-octobre-a-birmingham\\\/\",\"name\":\"Salon du camping-car et de la caravane, du 15 au 20 octobre \u00e0 Birmingham\",\"isPartOf\":{\"@id\":\"https:\\\/\\\/www.mondocamping.com\\\/#website\"},\"primaryImageOfPage\":{\"@id\":\"https:\\\/\\\/www.mondocamping.com\\\/fr\\\/salon-du-camping-car-et-de-la-caravane-du-15-au-20-octobre-a-birmingham\\\/#primaryimage\"},\"image\":{\"@id\":\"https:\\\/\\\/www.mondocamping.com\\\/fr\\\/salon-du-camping-car-et-de-la-caravane-du-15-au-20-octobre-a-birmingham\\\/#primaryimage\"},\"thumbnailUrl\":\"https:\\\/\\\/www.mondocamping.com\\\/wp-content\\\/uploads\\\/2024\\\/09\\\/Screenshot-2024-09-26-alle-12.07.11.png\",\"datePublished\":\"2024-09-26T10:10:58+00:00\",\"dateModified\":\"2024-10-01T10:00:08+00:00\",\"breadcrumb\":{\"@id\":\"https:\\\/\\\/www.mondocamping.com\\\/fr\\\/salon-du-camping-car-et-de-la-caravane-du-15-au-20-octobre-a-birmingham\\\/#breadcrumb\"},\"inLanguage\":\"fr-FR\",\"potentialAction\":[{\"@type\":\"ReadAction\",\"target\":[\"https:\\\/\\\/www.mondocamping.com\\\/fr\\\/salon-du-camping-car-et-de-la-caravane-du-15-au-20-octobre-a-birmingham\\\/\"]}]},{\"@type\":\"ImageObject\",\"inLanguage\":\"fr-FR\",\"@id\":\"https:\\\/\\\/www.mondocamping.com\\\/fr\\\/salon-du-camping-car-et-de-la-caravane-du-15-au-20-octobre-a-birmingham\\\/#primaryimage\",\"url\":\"https:\\\/\\\/www.mondocamping.com\\\/wp-content\\\/uploads\\\/2024\\\/09\\\/Screenshot-2024-09-26-alle-12.07.11.png\",\"contentUrl\":\"https:\\\/\\\/www.mondocamping.com\\\/wp-content\\\/uploads\\\/2024\\\/09\\\/Screenshot-2024-09-26-alle-12.07.11.png\",\"width\":1200,\"height\":628},{\"@type\":\"BreadcrumbList\",\"@id\":\"https:\\\/\\\/www.mondocamping.com\\\/fr\\\/salon-du-camping-car-et-de-la-caravane-du-15-au-20-octobre-a-birmingham\\\/#breadcrumb\",\"itemListElement\":[{\"@type\":\"ListItem\",\"position\":1,\"name\":\"Home\",\"item\":\"https:\\\/\\\/www.mondocamping.com\\\/fr\\\/\"},{\"@type\":\"ListItem\",\"position\":2,\"name\":\"Salon du camping-car et de la caravane, du 15 au 20 octobre \u00e0 Birmingham\"}]},{\"@type\":\"WebSite\",\"@id\":\"https:\\\/\\\/www.mondocamping.com\\\/#website\",\"url\":\"https:\\\/\\\/www.mondocamping.com\\\/\",\"name\":\"Mondo Camping\",\"description\":\"Le portail d\u00e9di\u00e9 aux gestionnaires de campings et villages touristiques\",\"publisher\":{\"@id\":\"https:\\\/\\\/www.mondocamping.com\\\/#organization\"},\"potentialAction\":[{\"@type\":\"SearchAction\",\"target\":{\"@type\":\"EntryPoint\",\"urlTemplate\":\"https:\\\/\\\/www.mondocamping.com\\\/?s={search_term_string}\"},\"query-input\":{\"@type\":\"PropertyValueSpecification\",\"valueRequired\":true,\"valueName\":\"search_term_string\"}}],\"inLanguage\":\"fr-FR\"},{\"@type\":\"Organization\",\"@id\":\"https:\\\/\\\/www.mondocamping.com\\\/#organization\",\"name\":\"Mondo Camping\",\"url\":\"https:\\\/\\\/www.mondocamping.com\\\/\",\"logo\":{\"@type\":\"ImageObject\",\"inLanguage\":\"fr-FR\",\"@id\":\"https:\\\/\\\/www.mondocamping.com\\\/#\\\/schema\\\/logo\\\/image\\\/\",\"url\":\"https:\\\/\\\/www.mondocamping.com\\\/wp-content\\\/uploads\\\/2022\\\/04\\\/mondo-camping-logo-contornato-1.png\",\"contentUrl\":\"https:\\\/\\\/www.mondocamping.com\\\/wp-content\\\/uploads\\\/2022\\\/04\\\/mondo-camping-logo-contornato-1.png\",\"width\":280,\"height\":90,\"caption\":\"Mondo Camping\"},\"image\":{\"@id\":\"https:\\\/\\\/www.mondocamping.com\\\/#\\\/schema\\\/logo\\\/image\\\/\"},\"sameAs\":[\"https:\\\/\\\/www.facebook.com\\\/mondobalneare\",\"https:\\\/\\\/x.com\\\/mondobalneare\",\"https:\\\/\\\/www.instagram.com\\\/mondobalneare\\\/\",\"https:\\\/\\\/www.linkedin.com\\\/company\\\/67180810\\\/\",\"https:\\\/\\\/www.youtube.com\\\/user\\\/mondobalnearevideo\"]},{\"@type\":\"Person\",\"@id\":\"https:\\\/\\\/www.mondocamping.com\\\/#\\\/schema\\\/person\\\/01a031b8c5ef08c2204bb0e696f0a760\",\"name\":\"Mondo Camping\",\"image\":{\"@type\":\"ImageObject\",\"inLanguage\":\"fr-FR\",\"@id\":\"https:\\\/\\\/www.mondocamping.com\\\/wp-content\\\/uploads\\\/2022\\\/05\\\/cropped-icona-MONDO-CAMPING-150x150.png\",\"url\":\"https:\\\/\\\/www.mondocamping.com\\\/wp-content\\\/uploads\\\/2022\\\/05\\\/cropped-icona-MONDO-CAMPING-150x150.png\",\"contentUrl\":\"https:\\\/\\\/www.mondocamping.com\\\/wp-content\\\/uploads\\\/2022\\\/05\\\/cropped-icona-MONDO-CAMPING-150x150.png\",\"caption\":\"Mondo Camping\"},\"sameAs\":[\"https:\\\/\\\/www.mondocamping.com\\\/\",\"https:\\\/\\\/www.facebook.com\\\/mondocamping\"]}]}<\/script>\n<!-- \/ Yoast SEO plugin. -->","yoast_head_json":{"title":"Salon du camping-car et de la caravane, du 15 au 20 octobre \u00e0 Birmingham","robots":{"index":"index","follow":"follow","max-snippet":"max-snippet:-1","max-image-preview":"max-image-preview:large","max-video-preview":"max-video-preview:-1"},"canonical":"https:\/\/www.mondocamping.com\/fr\/salon-du-camping-car-et-de-la-caravane-du-15-au-20-octobre-a-birmingham\/","og_locale":"fr_FR","og_type":"article","og_title":"Salon du camping-car et de la caravane, du 15 au 20 octobre \u00e0 Birmingham","og_description":"R\u00e9servez la date: du 15 au 20 octobre 2024 aura lieu Le Motorhome &amp; Caravan Show au NEC de Birmingham, l&rsquo;un des \u00e9v\u00e9nements les plus attendus du tourisme international en plein air. Il s&rsquo;agit de la vitrine la plus importante du Royaume-Uni pour les v\u00e9hicules de loisirs, o\u00f9 les principaux fabricants britanniques et europ\u00e9ens se [&hellip;]","og_url":"https:\/\/www.mondocamping.com\/fr\/salon-du-camping-car-et-de-la-caravane-du-15-au-20-octobre-a-birmingham\/","og_site_name":"Mondo Camping","article_publisher":"https:\/\/www.facebook.com\/mondobalneare","article_author":"https:\/\/www.facebook.com\/mondocamping","article_published_time":"2024-09-26T10:10:58+00:00","article_modified_time":"2024-10-01T10:00:08+00:00","og_image":[{"width":1200,"height":628,"url":"https:\/\/www.mondocamping.com\/wp-content\/uploads\/2024\/09\/Screenshot-2024-09-26-alle-12.07.11.png","type":"image\/png"}],"author":"Mondo Camping","twitter_card":"summary_large_image","twitter_creator":"@mondobalneare","twitter_site":"@mondobalneare","twitter_misc":{"\u00c9crit par":"Mondo Camping","Dur\u00e9e de lecture estim\u00e9e":"2 minutes"},"schema":{"@context":"https:\/\/schema.org","@graph":[{"@type":"Article","@id":"https:\/\/www.mondocamping.com\/fr\/salon-du-camping-car-et-de-la-caravane-du-15-au-20-octobre-a-birmingham\/#article","isPartOf":{"@id":"https:\/\/www.mondocamping.com\/fr\/salon-du-camping-car-et-de-la-caravane-du-15-au-20-octobre-a-birmingham\/"},"author":{"name":"Mondo Camping","@id":"https:\/\/www.mondocamping.com\/#\/schema\/person\/01a031b8c5ef08c2204bb0e696f0a760"},"headline":"Salon du camping-car et de la caravane, du 15 au 20 octobre \u00e0 Birmingham","datePublished":"2024-09-26T10:10:58+00:00","dateModified":"2024-10-01T10:00:08+00:00","mainEntityOfPage":{"@id":"https:\/\/www.mondocamping.com\/fr\/salon-du-camping-car-et-de-la-caravane-du-15-au-20-octobre-a-birmingham\/"},"wordCount":456,"publisher":{"@id":"https:\/\/www.mondocamping.com\/#organization"},"image":{"@id":"https:\/\/www.mondocamping.com\/fr\/salon-du-camping-car-et-de-la-caravane-du-15-au-20-octobre-a-birmingham\/#primaryimage"},"thumbnailUrl":"https:\/\/www.mondocamping.com\/wp-content\/uploads\/2024\/09\/Screenshot-2024-09-26-alle-12.07.11.png","keywords":["Birmingham","camping","camping","Mondo Camping","Salon du camping-car et de la caravane","Tourisme de plein air"],"articleSection":["Actualit\u00e9"],"inLanguage":"fr-FR"},{"@type":"WebPage","@id":"https:\/\/www.mondocamping.com\/fr\/salon-du-camping-car-et-de-la-caravane-du-15-au-20-octobre-a-birmingham\/","url":"https:\/\/www.mondocamping.com\/fr\/salon-du-camping-car-et-de-la-caravane-du-15-au-20-octobre-a-birmingham\/","name":"Salon du camping-car et de la caravane, du 15 au 20 octobre \u00e0 Birmingham","isPartOf":{"@id":"https:\/\/www.mondocamping.com\/#website"},"primaryImageOfPage":{"@id":"https:\/\/www.mondocamping.com\/fr\/salon-du-camping-car-et-de-la-caravane-du-15-au-20-octobre-a-birmingham\/#primaryimage"},"image":{"@id":"https:\/\/www.mondocamping.com\/fr\/salon-du-camping-car-et-de-la-caravane-du-15-au-20-octobre-a-birmingham\/#primaryimage"},"thumbnailUrl":"https:\/\/www.mondocamping.com\/wp-content\/uploads\/2024\/09\/Screenshot-2024-09-26-alle-12.07.11.png","datePublished":"2024-09-26T10:10:58+00:00","dateModified":"2024-10-01T10:00:08+00:00","breadcrumb":{"@id":"https:\/\/www.mondocamping.com\/fr\/salon-du-camping-car-et-de-la-caravane-du-15-au-20-octobre-a-birmingham\/#breadcrumb"},"inLanguage":"fr-FR","potentialAction":[{"@type":"ReadAction","target":["https:\/\/www.mondocamping.com\/fr\/salon-du-camping-car-et-de-la-caravane-du-15-au-20-octobre-a-birmingham\/"]}]},{"@type":"ImageObject","inLanguage":"fr-FR","@id":"https:\/\/www.mondocamping.com\/fr\/salon-du-camping-car-et-de-la-caravane-du-15-au-20-octobre-a-birmingham\/#primaryimage","url":"https:\/\/www.mondocamping.com\/wp-content\/uploads\/2024\/09\/Screenshot-2024-09-26-alle-12.07.11.png","contentUrl":"https:\/\/www.mondocamping.com\/wp-content\/uploads\/2024\/09\/Screenshot-2024-09-26-alle-12.07.11.png","width":1200,"height":628},{"@type":"BreadcrumbList","@id":"https:\/\/www.mondocamping.com\/fr\/salon-du-camping-car-et-de-la-caravane-du-15-au-20-octobre-a-birmingham\/#breadcrumb","itemListElement":[{"@type":"ListItem","position":1,"name":"Home","item":"https:\/\/www.mondocamping.com\/fr\/"},{"@type":"ListItem","position":2,"name":"Salon du camping-car et de la caravane, du 15 au 20 octobre \u00e0 Birmingham"}]},{"@type":"WebSite","@id":"https:\/\/www.mondocamping.com\/#website","url":"https:\/\/www.mondocamping.com\/","name":"Mondo Camping","description":"Le portail d\u00e9di\u00e9 aux gestionnaires de campings et villages touristiques","publisher":{"@id":"https:\/\/www.mondocamping.com\/#organization"},"potentialAction":[{"@type":"SearchAction","target":{"@type":"EntryPoint","urlTemplate":"https:\/\/www.mondocamping.com\/?s={search_term_string}"},"query-input":{"@type":"PropertyValueSpecification","valueRequired":true,"valueName":"search_term_string"}}],"inLanguage":"fr-FR"},{"@type":"Organization","@id":"https:\/\/www.mondocamping.com\/#organization","name":"Mondo Camping","url":"https:\/\/www.mondocamping.com\/","logo":{"@type":"ImageObject","inLanguage":"fr-FR","@id":"https:\/\/www.mondocamping.com\/#\/schema\/logo\/image\/","url":"https:\/\/www.mondocamping.com\/wp-content\/uploads\/2022\/04\/mondo-camping-logo-contornato-1.png","contentUrl":"https:\/\/www.mondocamping.com\/wp-content\/uploads\/2022\/04\/mondo-camping-logo-contornato-1.png","width":280,"height":90,"caption":"Mondo Camping"},"image":{"@id":"https:\/\/www.mondocamping.com\/#\/schema\/logo\/image\/"},"sameAs":["https:\/\/www.facebook.com\/mondobalneare","https:\/\/x.com\/mondobalneare","https:\/\/www.instagram.com\/mondobalneare\/","https:\/\/www.linkedin.com\/company\/67180810\/","https:\/\/www.youtube.com\/user\/mondobalnearevideo"]},{"@type":"Person","@id":"https:\/\/www.mondocamping.com\/#\/schema\/person\/01a031b8c5ef08c2204bb0e696f0a760","name":"Mondo Camping","image":{"@type":"ImageObject","inLanguage":"fr-FR","@id":"https:\/\/www.mondocamping.com\/wp-content\/uploads\/2022\/05\/cropped-icona-MONDO-CAMPING-150x150.png","url":"https:\/\/www.mondocamping.com\/wp-content\/uploads\/2022\/05\/cropped-icona-MONDO-CAMPING-150x150.png","contentUrl":"https:\/\/www.mondocamping.com\/wp-content\/uploads\/2022\/05\/cropped-icona-MONDO-CAMPING-150x150.png","caption":"Mondo Camping"},"sameAs":["https:\/\/www.mondocamping.com\/","https:\/\/www.facebook.com\/mondocamping"]}]}},"_links":{"self":[{"href":"https:\/\/www.mondocamping.com\/fr\/wp-json\/wp\/v2\/posts\/171022","targetHints":{"allow":["GET"]}}],"collection":[{"href":"https:\/\/www.mondocamping.com\/fr\/wp-json\/wp\/v2\/posts"}],"about":[{"href":"https:\/\/www.mondocamping.com\/fr\/wp-json\/wp\/v2\/types\/post"}],"author":[{"embeddable":true,"href":"https:\/\/www.mondocamping.com\/fr\/wp-json\/wp\/v2\/users\/5"}],"replies":[{"embeddable":true,"href":"https:\/\/www.mondocamping.com\/fr\/wp-json\/wp\/v2\/comments?post=171022"}],"version-history":[{"count":1,"href":"https:\/\/www.mondocamping.com\/fr\/wp-json\/wp\/v2\/posts\/171022\/revisions"}],"predecessor-version":[{"id":171023,"href":"https:\/\/www.mondocamping.com\/fr\/wp-json\/wp\/v2\/posts\/171022\/revisions\/171023"}],"wp:featuredmedia":[{"embeddable":true,"href":"https:\/\/www.mondocamping.com\/fr\/wp-json\/wp\/v2\/media\/171017"}],"wp:attachment":[{"href":"https:\/\/www.mondocamping.com\/fr\/wp-json\/wp\/v2\/media?parent=171022"}],"wp:term":[{"taxonomy":"category","embeddable":true,"href":"https:\/\/www.mondocamping.com\/fr\/wp-json\/wp\/v2\/categories?post=171022"},{"taxonomy":"post_tag","embeddable":true,"href":"https:\/\/www.mondocamping.com\/fr\/wp-json\/wp\/v2\/tags?post=171022"}],"curies":[{"name":"wp","href":"https:\/\/api.w.org\/{rel}","templated":true}]}}