{"id":171035,"date":"2024-09-26T12:17:10","date_gmt":"2024-09-26T10:17:10","guid":{"rendered":"https:\/\/www.mondocamping.com\/inout-du-9-au-11-octobre-a-rimini-veritas-lauthenticite-du-tourisme-et-de-lhospitalite-a-360\/"},"modified":"2024-10-02T12:00:14","modified_gmt":"2024-10-02T10:00:14","slug":"inout-du-9-au-11-octobre-a-rimini-veritas-lauthenticite-du-tourisme-et-de-lhospitalite-a-360","status":"publish","type":"post","link":"https:\/\/www.mondocamping.com\/fr\/inout-du-9-au-11-octobre-a-rimini-veritas-lauthenticite-du-tourisme-et-de-lhospitalite-a-360\/","title":{"rendered":"InOut du 9 au 11 octobre \u00e0 Rimini : \u00ab\u00a0Veritas\u00a0\u00bb l&rsquo;authenticit\u00e9 du tourisme et de l&rsquo;hospitalit\u00e9 \u00e0 360"},"content":{"rendered":"\n<p>Il ne reste plus que quelques jours avant la coupure du ruban qui marquera le coup d&rsquo;envoi de la campagne de sensibilisation de l&rsquo;Union europ\u00e9enne.<strong><em>InOut|La Communaut\u00e9 contractuelle<\/em><\/strong>un \u00e9v\u00e9nement qui se tiendra du <strong>9 au 11 octobre 2024 au Rimini Expo Centre<\/strong>.\nL&rsquo;\u00e9v\u00e9nement, organis\u00e9 par l&rsquo;<em> Italian Exhibition Group<\/em>, est l&rsquo;un des rendez-vous les plus attendus d\u00e9di\u00e9s au monde des contrats et de l&rsquo;h\u00f4tellerie indoor et outdoor, au cours duquel les professionnels de l&rsquo;h\u00f4tellerie rencontrent la gamme de produits et de services pour leurs projets. <\/p>\n\n<p>Le salon est id\u00e9al pour d\u00e9couvrir toutes les tendances et les \u00e9volutions du secteur des contrats, avec des p\u00f4les d&rsquo;exposition riches et int\u00e9gr\u00e9s qui offrent aux exposants, aux acheteurs et aux visiteurs une exp\u00e9rience compl\u00e8te, toujours plac\u00e9e sous le signe de l&rsquo;innovation.  <\/p>\n\n<p>Le programme des \u00e9v\u00e9nements de l&rsquo;\u00e9dition 2024 est extr\u00eamement riche, inspir\u00e9 par le cadre actuel du march\u00e9.\nTrois jours pleins de contenu, avec des conf\u00e9renciers de renomm\u00e9e internationale et des tables rondes dans lesquelles experts et entreprises \u00e9changeront des id\u00e9es, animant les neuf ar\u00e8nes de InOut | The Contract Community. <strong>Mondo Camping sera partenaire m\u00e9dia<\/strong> et vous tiendra au courant de toutes les nouveaut\u00e9s pr\u00e9sent\u00e9es et des curiosit\u00e9s de l&rsquo;\u00e9v\u00e9nement.   <\/p>\n\n<h2 class=\"wp-block-heading\">Veritas\u00a0\u00bb<strong>, le <\/strong> th\u00e8me de l&rsquo;\u00e9dition 2024<\/h2>\n\n<p><strong>Veritas\u00a0\u00bb<\/strong> est le fil conducteur qui refl\u00e8te un besoin actuel, une \u00e9poque o\u00f9 les r\u00e9cits artificiels, les critiques pas toujours authentiques et les fausses informations prolif\u00e8rent sur le web. <strong>La recherche de sources fiables et de \u00ab\u00a0v\u00e9rit\u00e9s factuelles\u00a0\u00bb est cruciale pour le secteur de l&rsquo;h\u00f4tellerie et de la restauration<\/strong>.  <\/p>\n\n<p>Les entreprises du secteur du tourisme et de l&rsquo;h\u00f4tellerie sont confront\u00e9es \u00e0 un d\u00e9fi croissant : fournir \u00e0 leurs clients des donn\u00e9es fiables sur les tendances, des analyses de march\u00e9 scientifiquement v\u00e9rifiables et des comptes rendus v\u00e9ridiques sur les territoires. L&rsquo;objectif est de d\u00e9passer les \u00ab\u00a0lieux communs\u00a0\u00bb et les \u00ab\u00a0id\u00e9es re\u00e7ues\u00a0\u00bb visant \u00e0 la pure persuasion d&rsquo;un voyageur qui ne se sent plus comme un simple consommateur, mais comme un individu pensant et autod\u00e9termin\u00e9.  <\/p>\n\n<p>Les espaces architecturaux d\u00e9di\u00e9s au tourisme et \u00e0 l&rsquo;hospitalit\u00e9 jouent \u00e9galement un r\u00f4le cl\u00e9 dans le r\u00e9cit de cette \u00ab\u00a0Veritas\u00a0\u00bb, gr\u00e2ce \u00e0 une architecture et \u00e0 des mat\u00e9riaux adaptables aux diff\u00e9rents contextes culturels, sociaux et climatiques.<\/p>\n\n<p>InOut The Contract Community 2024 incarne cette transformation avec \u00ab\u00a0Veritas\u00a0\u00bb, qui vise \u00e0 faire entrer le secteur dans une nouvelle \u00e8re, o\u00f9 <strong>la v\u00e9rit\u00e9, l&rsquo;\u00e9thique et la durabilit\u00e9 sont les piliers sur lesquels construire l&rsquo;avenir du tourisme et de l&rsquo;h\u00f4tellerie.<\/strong><\/p>\n","protected":false},"excerpt":{"rendered":"<p>Il ne reste plus que quelques jours avant la coupure du ruban qui marquera le coup d&rsquo;envoi de la campagne de sensibilisation de l&rsquo;Union europ\u00e9enne.InOut|La Communaut\u00e9 contractuelleun \u00e9v\u00e9nement qui se tiendra du 9 au 11 octobre 2024 au Rimini Expo Centre. L&rsquo;\u00e9v\u00e9nement, organis\u00e9 par l&rsquo; Italian Exhibition Group, est l&rsquo;un des rendez-vous les plus attendus [&hellip;]<\/p>\n","protected":false},"author":5,"featured_media":171029,"comment_status":"closed","ping_status":"closed","sticky":false,"template":"","format":"standard","meta":{"_acf_changed":false,"_monsterinsights_skip_tracking":false,"_monsterinsights_sitenote_active":false,"_monsterinsights_sitenote_note":"","_monsterinsights_sitenote_category":0,"footnotes":""},"categories":[4024],"tags":[4189,4210,5559,4262,6252,4079],"class_list":["post-171035","post","type-post","status-publish","format-standard","has-post-thumbnail","hentry","category-actualite","tag-camping-fr","tag-camping-fr-2","tag-inout-expo-fr","tag-mondo-camping-fr","tag-rimini-fr","tag-tourisme-de-plein-air"],"acf":[],"yoast_head":"<!-- This site is optimized with the Yoast SEO plugin v27.5 - https:\/\/yoast.com\/product\/yoast-seo-wordpress\/ -->\n<title>InOut du 9 au 11 octobre \u00e0 Rimini : &quot;Veritas&quot; l&#039;authenticit\u00e9 du tourisme et de l&#039;hospitalit\u00e9 \u00e0 360<\/title>\n<meta name=\"robots\" content=\"index, follow, max-snippet:-1, max-image-preview:large, max-video-preview:-1\" \/>\n<link rel=\"canonical\" href=\"https:\/\/www.mondocamping.com\/fr\/inout-du-9-au-11-octobre-a-rimini-veritas-lauthenticite-du-tourisme-et-de-lhospitalite-a-360\/\" \/>\n<meta property=\"og:locale\" content=\"fr_FR\" \/>\n<meta property=\"og:type\" content=\"article\" \/>\n<meta property=\"og:title\" content=\"InOut du 9 au 11 octobre \u00e0 Rimini : &quot;Veritas&quot; l&#039;authenticit\u00e9 du tourisme et de l&#039;hospitalit\u00e9 \u00e0 360\" \/>\n<meta property=\"og:description\" content=\"Il ne reste plus que quelques jours avant la coupure du ruban qui marquera le coup d&rsquo;envoi de la campagne de sensibilisation de l&rsquo;Union europ\u00e9enne.InOut|La Communaut\u00e9 contractuelleun \u00e9v\u00e9nement qui se tiendra du 9 au 11 octobre 2024 au Rimini Expo Centre. L&rsquo;\u00e9v\u00e9nement, organis\u00e9 par l&rsquo; Italian Exhibition Group, est l&rsquo;un des rendez-vous les plus attendus [&hellip;]\" \/>\n<meta property=\"og:url\" content=\"https:\/\/www.mondocamping.com\/fr\/inout-du-9-au-11-octobre-a-rimini-veritas-lauthenticite-du-tourisme-et-de-lhospitalite-a-360\/\" \/>\n<meta property=\"og:site_name\" content=\"Mondo Camping\" \/>\n<meta property=\"article:publisher\" content=\"https:\/\/www.facebook.com\/mondobalneare\" \/>\n<meta property=\"article:author\" content=\"https:\/\/www.facebook.com\/mondocamping\" \/>\n<meta property=\"article:published_time\" content=\"2024-09-26T10:17:10+00:00\" \/>\n<meta property=\"article:modified_time\" content=\"2024-10-02T10:00:14+00:00\" \/>\n<meta property=\"og:image\" content=\"https:\/\/www.mondocamping.com\/wp-content\/uploads\/2024\/09\/inout-2024.jpg\" \/>\n\t<meta property=\"og:image:width\" content=\"1140\" \/>\n\t<meta property=\"og:image:height\" content=\"500\" \/>\n\t<meta property=\"og:image:type\" content=\"image\/jpeg\" \/>\n<meta name=\"author\" content=\"Mondo Camping\" \/>\n<meta name=\"twitter:card\" content=\"summary_large_image\" \/>\n<meta name=\"twitter:creator\" content=\"@mondobalneare\" \/>\n<meta name=\"twitter:site\" content=\"@mondobalneare\" \/>\n<meta name=\"twitter:label1\" content=\"\u00c9crit par\" \/>\n\t<meta name=\"twitter:data1\" content=\"Mondo Camping\" \/>\n\t<meta name=\"twitter:label2\" content=\"Dur\u00e9e de lecture estim\u00e9e\" \/>\n\t<meta name=\"twitter:data2\" content=\"2 minutes\" \/>\n<script type=\"application\/ld+json\" class=\"yoast-schema-graph\">{\"@context\":\"https:\\\/\\\/schema.org\",\"@graph\":[{\"@type\":\"Article\",\"@id\":\"https:\\\/\\\/www.mondocamping.com\\\/fr\\\/inout-du-9-au-11-octobre-a-rimini-veritas-lauthenticite-du-tourisme-et-de-lhospitalite-a-360\\\/#article\",\"isPartOf\":{\"@id\":\"https:\\\/\\\/www.mondocamping.com\\\/fr\\\/inout-du-9-au-11-octobre-a-rimini-veritas-lauthenticite-du-tourisme-et-de-lhospitalite-a-360\\\/\"},\"author\":{\"name\":\"Mondo Camping\",\"@id\":\"https:\\\/\\\/www.mondocamping.com\\\/#\\\/schema\\\/person\\\/01a031b8c5ef08c2204bb0e696f0a760\"},\"headline\":\"InOut du 9 au 11 octobre \u00e0 Rimini : \u00ab\u00a0Veritas\u00a0\u00bb l&rsquo;authenticit\u00e9 du tourisme et de l&rsquo;hospitalit\u00e9 \u00e0 360\",\"datePublished\":\"2024-09-26T10:17:10+00:00\",\"dateModified\":\"2024-10-02T10:00:14+00:00\",\"mainEntityOfPage\":{\"@id\":\"https:\\\/\\\/www.mondocamping.com\\\/fr\\\/inout-du-9-au-11-octobre-a-rimini-veritas-lauthenticite-du-tourisme-et-de-lhospitalite-a-360\\\/\"},\"wordCount\":475,\"publisher\":{\"@id\":\"https:\\\/\\\/www.mondocamping.com\\\/#organization\"},\"image\":{\"@id\":\"https:\\\/\\\/www.mondocamping.com\\\/fr\\\/inout-du-9-au-11-octobre-a-rimini-veritas-lauthenticite-du-tourisme-et-de-lhospitalite-a-360\\\/#primaryimage\"},\"thumbnailUrl\":\"https:\\\/\\\/www.mondocamping.com\\\/wp-content\\\/uploads\\\/2024\\\/09\\\/inout-2024.jpg\",\"keywords\":[\"camping\",\"camping\",\"InOut Expo\",\"Mondo Camping\",\"Rimini\",\"Tourisme de plein air\"],\"articleSection\":[\"Actualit\u00e9\"],\"inLanguage\":\"fr-FR\"},{\"@type\":\"WebPage\",\"@id\":\"https:\\\/\\\/www.mondocamping.com\\\/fr\\\/inout-du-9-au-11-octobre-a-rimini-veritas-lauthenticite-du-tourisme-et-de-lhospitalite-a-360\\\/\",\"url\":\"https:\\\/\\\/www.mondocamping.com\\\/fr\\\/inout-du-9-au-11-octobre-a-rimini-veritas-lauthenticite-du-tourisme-et-de-lhospitalite-a-360\\\/\",\"name\":\"InOut du 9 au 11 octobre \u00e0 Rimini : \\\"Veritas\\\" l'authenticit\u00e9 du tourisme et de l'hospitalit\u00e9 \u00e0 360\",\"isPartOf\":{\"@id\":\"https:\\\/\\\/www.mondocamping.com\\\/#website\"},\"primaryImageOfPage\":{\"@id\":\"https:\\\/\\\/www.mondocamping.com\\\/fr\\\/inout-du-9-au-11-octobre-a-rimini-veritas-lauthenticite-du-tourisme-et-de-lhospitalite-a-360\\\/#primaryimage\"},\"image\":{\"@id\":\"https:\\\/\\\/www.mondocamping.com\\\/fr\\\/inout-du-9-au-11-octobre-a-rimini-veritas-lauthenticite-du-tourisme-et-de-lhospitalite-a-360\\\/#primaryimage\"},\"thumbnailUrl\":\"https:\\\/\\\/www.mondocamping.com\\\/wp-content\\\/uploads\\\/2024\\\/09\\\/inout-2024.jpg\",\"datePublished\":\"2024-09-26T10:17:10+00:00\",\"dateModified\":\"2024-10-02T10:00:14+00:00\",\"breadcrumb\":{\"@id\":\"https:\\\/\\\/www.mondocamping.com\\\/fr\\\/inout-du-9-au-11-octobre-a-rimini-veritas-lauthenticite-du-tourisme-et-de-lhospitalite-a-360\\\/#breadcrumb\"},\"inLanguage\":\"fr-FR\",\"potentialAction\":[{\"@type\":\"ReadAction\",\"target\":[\"https:\\\/\\\/www.mondocamping.com\\\/fr\\\/inout-du-9-au-11-octobre-a-rimini-veritas-lauthenticite-du-tourisme-et-de-lhospitalite-a-360\\\/\"]}]},{\"@type\":\"ImageObject\",\"inLanguage\":\"fr-FR\",\"@id\":\"https:\\\/\\\/www.mondocamping.com\\\/fr\\\/inout-du-9-au-11-octobre-a-rimini-veritas-lauthenticite-du-tourisme-et-de-lhospitalite-a-360\\\/#primaryimage\",\"url\":\"https:\\\/\\\/www.mondocamping.com\\\/wp-content\\\/uploads\\\/2024\\\/09\\\/inout-2024.jpg\",\"contentUrl\":\"https:\\\/\\\/www.mondocamping.com\\\/wp-content\\\/uploads\\\/2024\\\/09\\\/inout-2024.jpg\",\"width\":1140,\"height\":500},{\"@type\":\"BreadcrumbList\",\"@id\":\"https:\\\/\\\/www.mondocamping.com\\\/fr\\\/inout-du-9-au-11-octobre-a-rimini-veritas-lauthenticite-du-tourisme-et-de-lhospitalite-a-360\\\/#breadcrumb\",\"itemListElement\":[{\"@type\":\"ListItem\",\"position\":1,\"name\":\"Home\",\"item\":\"https:\\\/\\\/www.mondocamping.com\\\/fr\\\/\"},{\"@type\":\"ListItem\",\"position\":2,\"name\":\"InOut du 9 au 11 octobre \u00e0 Rimini : &#8220;Veritas&#8221; l&#8217;authenticit\u00e9 du tourisme et de l&#8217;hospitalit\u00e9 \u00e0 360\"}]},{\"@type\":\"WebSite\",\"@id\":\"https:\\\/\\\/www.mondocamping.com\\\/#website\",\"url\":\"https:\\\/\\\/www.mondocamping.com\\\/\",\"name\":\"Mondo Camping\",\"description\":\"Le portail d\u00e9di\u00e9 aux gestionnaires de campings et villages touristiques\",\"publisher\":{\"@id\":\"https:\\\/\\\/www.mondocamping.com\\\/#organization\"},\"potentialAction\":[{\"@type\":\"SearchAction\",\"target\":{\"@type\":\"EntryPoint\",\"urlTemplate\":\"https:\\\/\\\/www.mondocamping.com\\\/?s={search_term_string}\"},\"query-input\":{\"@type\":\"PropertyValueSpecification\",\"valueRequired\":true,\"valueName\":\"search_term_string\"}}],\"inLanguage\":\"fr-FR\"},{\"@type\":\"Organization\",\"@id\":\"https:\\\/\\\/www.mondocamping.com\\\/#organization\",\"name\":\"Mondo Camping\",\"url\":\"https:\\\/\\\/www.mondocamping.com\\\/\",\"logo\":{\"@type\":\"ImageObject\",\"inLanguage\":\"fr-FR\",\"@id\":\"https:\\\/\\\/www.mondocamping.com\\\/#\\\/schema\\\/logo\\\/image\\\/\",\"url\":\"https:\\\/\\\/www.mondocamping.com\\\/wp-content\\\/uploads\\\/2022\\\/04\\\/mondo-camping-logo-contornato-1.png\",\"contentUrl\":\"https:\\\/\\\/www.mondocamping.com\\\/wp-content\\\/uploads\\\/2022\\\/04\\\/mondo-camping-logo-contornato-1.png\",\"width\":280,\"height\":90,\"caption\":\"Mondo Camping\"},\"image\":{\"@id\":\"https:\\\/\\\/www.mondocamping.com\\\/#\\\/schema\\\/logo\\\/image\\\/\"},\"sameAs\":[\"https:\\\/\\\/www.facebook.com\\\/mondobalneare\",\"https:\\\/\\\/x.com\\\/mondobalneare\",\"https:\\\/\\\/www.instagram.com\\\/mondobalneare\\\/\",\"https:\\\/\\\/www.linkedin.com\\\/company\\\/67180810\\\/\",\"https:\\\/\\\/www.youtube.com\\\/user\\\/mondobalnearevideo\"]},{\"@type\":\"Person\",\"@id\":\"https:\\\/\\\/www.mondocamping.com\\\/#\\\/schema\\\/person\\\/01a031b8c5ef08c2204bb0e696f0a760\",\"name\":\"Mondo Camping\",\"image\":{\"@type\":\"ImageObject\",\"inLanguage\":\"fr-FR\",\"@id\":\"https:\\\/\\\/www.mondocamping.com\\\/wp-content\\\/uploads\\\/2022\\\/05\\\/cropped-icona-MONDO-CAMPING-150x150.png\",\"url\":\"https:\\\/\\\/www.mondocamping.com\\\/wp-content\\\/uploads\\\/2022\\\/05\\\/cropped-icona-MONDO-CAMPING-150x150.png\",\"contentUrl\":\"https:\\\/\\\/www.mondocamping.com\\\/wp-content\\\/uploads\\\/2022\\\/05\\\/cropped-icona-MONDO-CAMPING-150x150.png\",\"caption\":\"Mondo Camping\"},\"sameAs\":[\"https:\\\/\\\/www.mondocamping.com\\\/\",\"https:\\\/\\\/www.facebook.com\\\/mondocamping\"]}]}<\/script>\n<!-- \/ Yoast SEO plugin. -->","yoast_head_json":{"title":"InOut du 9 au 11 octobre \u00e0 Rimini : \"Veritas\" l'authenticit\u00e9 du tourisme et de l'hospitalit\u00e9 \u00e0 360","robots":{"index":"index","follow":"follow","max-snippet":"max-snippet:-1","max-image-preview":"max-image-preview:large","max-video-preview":"max-video-preview:-1"},"canonical":"https:\/\/www.mondocamping.com\/fr\/inout-du-9-au-11-octobre-a-rimini-veritas-lauthenticite-du-tourisme-et-de-lhospitalite-a-360\/","og_locale":"fr_FR","og_type":"article","og_title":"InOut du 9 au 11 octobre \u00e0 Rimini : \"Veritas\" l'authenticit\u00e9 du tourisme et de l'hospitalit\u00e9 \u00e0 360","og_description":"Il ne reste plus que quelques jours avant la coupure du ruban qui marquera le coup d&rsquo;envoi de la campagne de sensibilisation de l&rsquo;Union europ\u00e9enne.InOut|La Communaut\u00e9 contractuelleun \u00e9v\u00e9nement qui se tiendra du 9 au 11 octobre 2024 au Rimini Expo Centre. L&rsquo;\u00e9v\u00e9nement, organis\u00e9 par l&rsquo; Italian Exhibition Group, est l&rsquo;un des rendez-vous les plus attendus [&hellip;]","og_url":"https:\/\/www.mondocamping.com\/fr\/inout-du-9-au-11-octobre-a-rimini-veritas-lauthenticite-du-tourisme-et-de-lhospitalite-a-360\/","og_site_name":"Mondo Camping","article_publisher":"https:\/\/www.facebook.com\/mondobalneare","article_author":"https:\/\/www.facebook.com\/mondocamping","article_published_time":"2024-09-26T10:17:10+00:00","article_modified_time":"2024-10-02T10:00:14+00:00","og_image":[{"width":1140,"height":500,"url":"https:\/\/www.mondocamping.com\/wp-content\/uploads\/2024\/09\/inout-2024.jpg","type":"image\/jpeg"}],"author":"Mondo Camping","twitter_card":"summary_large_image","twitter_creator":"@mondobalneare","twitter_site":"@mondobalneare","twitter_misc":{"\u00c9crit par":"Mondo Camping","Dur\u00e9e de lecture estim\u00e9e":"2 minutes"},"schema":{"@context":"https:\/\/schema.org","@graph":[{"@type":"Article","@id":"https:\/\/www.mondocamping.com\/fr\/inout-du-9-au-11-octobre-a-rimini-veritas-lauthenticite-du-tourisme-et-de-lhospitalite-a-360\/#article","isPartOf":{"@id":"https:\/\/www.mondocamping.com\/fr\/inout-du-9-au-11-octobre-a-rimini-veritas-lauthenticite-du-tourisme-et-de-lhospitalite-a-360\/"},"author":{"name":"Mondo Camping","@id":"https:\/\/www.mondocamping.com\/#\/schema\/person\/01a031b8c5ef08c2204bb0e696f0a760"},"headline":"InOut du 9 au 11 octobre \u00e0 Rimini : \u00ab\u00a0Veritas\u00a0\u00bb l&rsquo;authenticit\u00e9 du tourisme et de l&rsquo;hospitalit\u00e9 \u00e0 360","datePublished":"2024-09-26T10:17:10+00:00","dateModified":"2024-10-02T10:00:14+00:00","mainEntityOfPage":{"@id":"https:\/\/www.mondocamping.com\/fr\/inout-du-9-au-11-octobre-a-rimini-veritas-lauthenticite-du-tourisme-et-de-lhospitalite-a-360\/"},"wordCount":475,"publisher":{"@id":"https:\/\/www.mondocamping.com\/#organization"},"image":{"@id":"https:\/\/www.mondocamping.com\/fr\/inout-du-9-au-11-octobre-a-rimini-veritas-lauthenticite-du-tourisme-et-de-lhospitalite-a-360\/#primaryimage"},"thumbnailUrl":"https:\/\/www.mondocamping.com\/wp-content\/uploads\/2024\/09\/inout-2024.jpg","keywords":["camping","camping","InOut Expo","Mondo Camping","Rimini","Tourisme de plein air"],"articleSection":["Actualit\u00e9"],"inLanguage":"fr-FR"},{"@type":"WebPage","@id":"https:\/\/www.mondocamping.com\/fr\/inout-du-9-au-11-octobre-a-rimini-veritas-lauthenticite-du-tourisme-et-de-lhospitalite-a-360\/","url":"https:\/\/www.mondocamping.com\/fr\/inout-du-9-au-11-octobre-a-rimini-veritas-lauthenticite-du-tourisme-et-de-lhospitalite-a-360\/","name":"InOut du 9 au 11 octobre \u00e0 Rimini : \"Veritas\" l'authenticit\u00e9 du tourisme et de l'hospitalit\u00e9 \u00e0 360","isPartOf":{"@id":"https:\/\/www.mondocamping.com\/#website"},"primaryImageOfPage":{"@id":"https:\/\/www.mondocamping.com\/fr\/inout-du-9-au-11-octobre-a-rimini-veritas-lauthenticite-du-tourisme-et-de-lhospitalite-a-360\/#primaryimage"},"image":{"@id":"https:\/\/www.mondocamping.com\/fr\/inout-du-9-au-11-octobre-a-rimini-veritas-lauthenticite-du-tourisme-et-de-lhospitalite-a-360\/#primaryimage"},"thumbnailUrl":"https:\/\/www.mondocamping.com\/wp-content\/uploads\/2024\/09\/inout-2024.jpg","datePublished":"2024-09-26T10:17:10+00:00","dateModified":"2024-10-02T10:00:14+00:00","breadcrumb":{"@id":"https:\/\/www.mondocamping.com\/fr\/inout-du-9-au-11-octobre-a-rimini-veritas-lauthenticite-du-tourisme-et-de-lhospitalite-a-360\/#breadcrumb"},"inLanguage":"fr-FR","potentialAction":[{"@type":"ReadAction","target":["https:\/\/www.mondocamping.com\/fr\/inout-du-9-au-11-octobre-a-rimini-veritas-lauthenticite-du-tourisme-et-de-lhospitalite-a-360\/"]}]},{"@type":"ImageObject","inLanguage":"fr-FR","@id":"https:\/\/www.mondocamping.com\/fr\/inout-du-9-au-11-octobre-a-rimini-veritas-lauthenticite-du-tourisme-et-de-lhospitalite-a-360\/#primaryimage","url":"https:\/\/www.mondocamping.com\/wp-content\/uploads\/2024\/09\/inout-2024.jpg","contentUrl":"https:\/\/www.mondocamping.com\/wp-content\/uploads\/2024\/09\/inout-2024.jpg","width":1140,"height":500},{"@type":"BreadcrumbList","@id":"https:\/\/www.mondocamping.com\/fr\/inout-du-9-au-11-octobre-a-rimini-veritas-lauthenticite-du-tourisme-et-de-lhospitalite-a-360\/#breadcrumb","itemListElement":[{"@type":"ListItem","position":1,"name":"Home","item":"https:\/\/www.mondocamping.com\/fr\/"},{"@type":"ListItem","position":2,"name":"InOut du 9 au 11 octobre \u00e0 Rimini : &#8220;Veritas&#8221; l&#8217;authenticit\u00e9 du tourisme et de l&#8217;hospitalit\u00e9 \u00e0 360"}]},{"@type":"WebSite","@id":"https:\/\/www.mondocamping.com\/#website","url":"https:\/\/www.mondocamping.com\/","name":"Mondo Camping","description":"Le portail d\u00e9di\u00e9 aux gestionnaires de campings et villages touristiques","publisher":{"@id":"https:\/\/www.mondocamping.com\/#organization"},"potentialAction":[{"@type":"SearchAction","target":{"@type":"EntryPoint","urlTemplate":"https:\/\/www.mondocamping.com\/?s={search_term_string}"},"query-input":{"@type":"PropertyValueSpecification","valueRequired":true,"valueName":"search_term_string"}}],"inLanguage":"fr-FR"},{"@type":"Organization","@id":"https:\/\/www.mondocamping.com\/#organization","name":"Mondo Camping","url":"https:\/\/www.mondocamping.com\/","logo":{"@type":"ImageObject","inLanguage":"fr-FR","@id":"https:\/\/www.mondocamping.com\/#\/schema\/logo\/image\/","url":"https:\/\/www.mondocamping.com\/wp-content\/uploads\/2022\/04\/mondo-camping-logo-contornato-1.png","contentUrl":"https:\/\/www.mondocamping.com\/wp-content\/uploads\/2022\/04\/mondo-camping-logo-contornato-1.png","width":280,"height":90,"caption":"Mondo Camping"},"image":{"@id":"https:\/\/www.mondocamping.com\/#\/schema\/logo\/image\/"},"sameAs":["https:\/\/www.facebook.com\/mondobalneare","https:\/\/x.com\/mondobalneare","https:\/\/www.instagram.com\/mondobalneare\/","https:\/\/www.linkedin.com\/company\/67180810\/","https:\/\/www.youtube.com\/user\/mondobalnearevideo"]},{"@type":"Person","@id":"https:\/\/www.mondocamping.com\/#\/schema\/person\/01a031b8c5ef08c2204bb0e696f0a760","name":"Mondo Camping","image":{"@type":"ImageObject","inLanguage":"fr-FR","@id":"https:\/\/www.mondocamping.com\/wp-content\/uploads\/2022\/05\/cropped-icona-MONDO-CAMPING-150x150.png","url":"https:\/\/www.mondocamping.com\/wp-content\/uploads\/2022\/05\/cropped-icona-MONDO-CAMPING-150x150.png","contentUrl":"https:\/\/www.mondocamping.com\/wp-content\/uploads\/2022\/05\/cropped-icona-MONDO-CAMPING-150x150.png","caption":"Mondo Camping"},"sameAs":["https:\/\/www.mondocamping.com\/","https:\/\/www.facebook.com\/mondocamping"]}]}},"_links":{"self":[{"href":"https:\/\/www.mondocamping.com\/fr\/wp-json\/wp\/v2\/posts\/171035","targetHints":{"allow":["GET"]}}],"collection":[{"href":"https:\/\/www.mondocamping.com\/fr\/wp-json\/wp\/v2\/posts"}],"about":[{"href":"https:\/\/www.mondocamping.com\/fr\/wp-json\/wp\/v2\/types\/post"}],"author":[{"embeddable":true,"href":"https:\/\/www.mondocamping.com\/fr\/wp-json\/wp\/v2\/users\/5"}],"replies":[{"embeddable":true,"href":"https:\/\/www.mondocamping.com\/fr\/wp-json\/wp\/v2\/comments?post=171035"}],"version-history":[{"count":1,"href":"https:\/\/www.mondocamping.com\/fr\/wp-json\/wp\/v2\/posts\/171035\/revisions"}],"predecessor-version":[{"id":171036,"href":"https:\/\/www.mondocamping.com\/fr\/wp-json\/wp\/v2\/posts\/171035\/revisions\/171036"}],"wp:featuredmedia":[{"embeddable":true,"href":"https:\/\/www.mondocamping.com\/fr\/wp-json\/wp\/v2\/media\/171029"}],"wp:attachment":[{"href":"https:\/\/www.mondocamping.com\/fr\/wp-json\/wp\/v2\/media?parent=171035"}],"wp:term":[{"taxonomy":"category","embeddable":true,"href":"https:\/\/www.mondocamping.com\/fr\/wp-json\/wp\/v2\/categories?post=171035"},{"taxonomy":"post_tag","embeddable":true,"href":"https:\/\/www.mondocamping.com\/fr\/wp-json\/wp\/v2\/tags?post=171035"}],"curies":[{"name":"wp","href":"https:\/\/api.w.org\/{rel}","templated":true}]}}