{"id":171109,"date":"2024-10-08T13:03:47","date_gmt":"2024-10-08T11:03:47","guid":{"rendered":"https:\/\/www.mondocamping.com\/conference-faita-federcamping-lavenir-est-en-plein-air-le-lac-de-garde-au-centre-du-tourisme-durable\/"},"modified":"2024-10-08T13:03:47","modified_gmt":"2024-10-08T11:03:47","slug":"conference-faita-federcamping-lavenir-est-en-plein-air-le-lac-de-garde-au-centre-du-tourisme-durable","status":"publish","type":"post","link":"https:\/\/www.mondocamping.com\/fr\/conference-faita-federcamping-lavenir-est-en-plein-air-le-lac-de-garde-au-centre-du-tourisme-durable\/","title":{"rendered":"Conf\u00e9rence Faita Federcamping : \u00ab\u00a0L&rsquo;AVENIR EST EN PLEIN AIR\u00a0\u00bb. Le lac de Garde au centre du tourisme durable"},"content":{"rendered":"\n<p>C&rsquo;est le pr\u00e9sident de FAITA-Federcamping <strong>Alberto Granzotto<\/strong> qui ouvrira la conf\u00e9rence intitul\u00e9e \u00ab\u00a0THE FUTURE IS OPEN AIR\u00a0\u00bb : Lake Garda at the center of sustainable tourism, qui se tiendra le lundi <strong>21 octobre 2024 \u00e0 10h00 \u00e0 Dogana Veneta, piazzetta A. Partenio 13, Lazise<\/strong>.  <\/p>\n\n<p>Une occasion de faire le point et d&rsquo;attirer l&rsquo;attention sur un secteur de plus en plus important dans le paysage touristique italien : le secteur du plein air. Les structures sont renouvel\u00e9es et les chiffres d&rsquo;affaires r\u00e9compensent les investissements des entreprises dans la durabilit\u00e9 environnementale, l&rsquo;inclusion et la num\u00e9risation, des facteurs importants dans un secteur en pleine croissance qui, au niveau national, repr\u00e9sente <strong>8 milliards de chiffre d&rsquo;affaires par an<\/strong>, avec <strong>11,4 millions d&rsquo;arriv\u00e9es en 2024 (+3,5 % par rapport \u00e0 2023) et 71 millions de pr\u00e9sences (+1,3 % par rapport \u00e0 2023)<\/strong>. <\/p>\n\n<p>En t\u00eate du classement de l&rsquo;offre de tourisme de plein air, on trouve toujours la <strong>V\u00e9n\u00e9tie<\/strong> qui, en termes de lits, repr\u00e9sente 17,5 % du total national, ainsi que la <strong>Toscane<\/strong> (14 %). Les Pouilles et l&rsquo;\u00c9milie-Romagne sont loin derri\u00e8re, avec respectivement 7,3 % et 7 % des lits, suivies de la Lombardie avec 6,8 %. Cette derni\u00e8re est cependant en deuxi\u00e8me position apr\u00e8s la Toscane pour le nombre d&rsquo;\u00e9tablissements : 8,3 % de ceux de l&rsquo;Italie.  <\/p>\n\n<p>La conf\u00e9rence accueillera des experts du secteur, un moment de confrontation important qui mettra en \u00e9vidence la mani\u00e8re dont le lac de Garde se positionne en tant que destination leader en Europe pour le tourisme de qualit\u00e9 et le respect de l&rsquo;environnement, et une occasion d&rsquo;approfondir les strat\u00e9gies et les innovations qui transforment ce lieu en un mod\u00e8le d&rsquo;excellence pour le tourisme en plein air.  <\/p>\n\n<p>Les donn\u00e9es, mais aussi les curiosit\u00e9s et les perspectives du tourisme en plein air, du lac de Garde au littoral, seront abord\u00e9es lors de la conf\u00e9rence organis\u00e9e par <strong>FAITA Federcamping<\/strong>, la f\u00e9d\u00e9ration la plus repr\u00e9sentative du secteur.  <\/p>\n\n<p>Parmi les intervenants figuraient les conseillers r\u00e9gionaux pour le tourisme de V\u00e9n\u00e9tie et de Lombardie Federico Caner et Barbara Mazzali, la pr\u00e9sidente de la conf\u00e9rence des maires de la c\u00f4te de V\u00e9n\u00e9tie Roberta Nesto, le maire de Lazise Damiano Bergamini, la responsable du domaine de recherche CISET Valeria Minghetti, le PDG de HBenchmark Francesco Traverso, des professeurs d&rsquo;universit\u00e9 et des entrepreneurs du secteur tels que Sergio Redaelli, PDG de Crippaconcept, la plus grande entreprise de production de r\u00e9sidences mobiles pour le tourisme en plein air certifi\u00e9e \u00ab\u00a0Made in Italy\u00a0\u00bb.  <\/p>\n\n<p>Gianluca Semprini, journaliste \u00e0 la RAI, animera la conf\u00e9rence.  <\/p>\n","protected":false},"excerpt":{"rendered":"<p>C&rsquo;est le pr\u00e9sident de FAITA-Federcamping Alberto Granzotto qui ouvrira la conf\u00e9rence intitul\u00e9e \u00ab\u00a0THE FUTURE IS OPEN AIR\u00a0\u00bb : Lake Garda at the center of sustainable tourism, qui se tiendra le lundi 21 octobre 2024 \u00e0 10h00 \u00e0 Dogana Veneta, piazzetta A. Partenio 13, Lazise. Une occasion de faire le point et d&rsquo;attirer l&rsquo;attention sur un [&hellip;]<\/p>\n","protected":false},"author":5,"featured_media":171094,"comment_status":"closed","ping_status":"closed","sticky":false,"template":"","format":"standard","meta":{"_acf_changed":false,"_monsterinsights_skip_tracking":false,"_monsterinsights_sitenote_active":false,"_monsterinsights_sitenote_note":"","_monsterinsights_sitenote_category":0,"footnotes":""},"categories":[4024],"tags":[4189,4210,4077,6550,6551,4262],"class_list":["post-171109","post","type-post","status-publish","format-standard","has-post-thumbnail","hentry","category-actualite","tag-camping-fr","tag-camping-fr-2","tag-faita-federcamping-fr","tag-lac-de-garde","tag-lazise-fr","tag-mondo-camping-fr"],"acf":[],"yoast_head":"<!-- This site is optimized with the Yoast SEO plugin v27.5 - https:\/\/yoast.com\/product\/yoast-seo-wordpress\/ -->\n<title>Conf\u00e9rence Faita Federcamping : &quot;L&#039;AVENIR EST EN PLEIN AIR&quot;. Le lac de Garde au centre du tourisme durable<\/title>\n<meta name=\"robots\" content=\"index, follow, max-snippet:-1, max-image-preview:large, max-video-preview:-1\" \/>\n<link rel=\"canonical\" href=\"https:\/\/www.mondocamping.com\/fr\/conference-faita-federcamping-lavenir-est-en-plein-air-le-lac-de-garde-au-centre-du-tourisme-durable\/\" \/>\n<meta property=\"og:locale\" content=\"fr_FR\" \/>\n<meta property=\"og:type\" content=\"article\" \/>\n<meta property=\"og:title\" content=\"Conf\u00e9rence Faita Federcamping : &quot;L&#039;AVENIR EST EN PLEIN AIR&quot;. Le lac de Garde au centre du tourisme durable\" \/>\n<meta property=\"og:description\" content=\"C&rsquo;est le pr\u00e9sident de FAITA-Federcamping Alberto Granzotto qui ouvrira la conf\u00e9rence intitul\u00e9e \u00ab\u00a0THE FUTURE IS OPEN AIR\u00a0\u00bb : Lake Garda at the center of sustainable tourism, qui se tiendra le lundi 21 octobre 2024 \u00e0 10h00 \u00e0 Dogana Veneta, piazzetta A. Partenio 13, Lazise. Une occasion de faire le point et d&rsquo;attirer l&rsquo;attention sur un [&hellip;]\" \/>\n<meta property=\"og:url\" content=\"https:\/\/www.mondocamping.com\/fr\/conference-faita-federcamping-lavenir-est-en-plein-air-le-lac-de-garde-au-centre-du-tourisme-durable\/\" \/>\n<meta property=\"og:site_name\" content=\"Mondo Camping\" \/>\n<meta property=\"article:publisher\" content=\"https:\/\/www.facebook.com\/mondobalneare\" \/>\n<meta property=\"article:author\" content=\"https:\/\/www.facebook.com\/mondocamping\" \/>\n<meta property=\"article:published_time\" content=\"2024-10-08T11:03:47+00:00\" \/>\n<meta property=\"og:image\" content=\"https:\/\/www.mondocamping.com\/wp-content\/uploads\/2024\/10\/Screenshot-2024-10-07-alle-18.25.31.png\" \/>\n\t<meta property=\"og:image:width\" content=\"1200\" \/>\n\t<meta property=\"og:image:height\" content=\"628\" \/>\n\t<meta property=\"og:image:type\" content=\"image\/png\" \/>\n<meta name=\"author\" content=\"Mondo Camping\" \/>\n<meta name=\"twitter:card\" content=\"summary_large_image\" \/>\n<meta name=\"twitter:creator\" content=\"@mondobalneare\" \/>\n<meta name=\"twitter:site\" content=\"@mondobalneare\" \/>\n<meta name=\"twitter:label1\" content=\"\u00c9crit par\" \/>\n\t<meta name=\"twitter:data1\" content=\"Mondo Camping\" \/>\n\t<meta name=\"twitter:label2\" content=\"Dur\u00e9e de lecture estim\u00e9e\" \/>\n\t<meta name=\"twitter:data2\" content=\"2 minutes\" \/>\n<script type=\"application\/ld+json\" class=\"yoast-schema-graph\">{\"@context\":\"https:\\\/\\\/schema.org\",\"@graph\":[{\"@type\":\"Article\",\"@id\":\"https:\\\/\\\/www.mondocamping.com\\\/fr\\\/conference-faita-federcamping-lavenir-est-en-plein-air-le-lac-de-garde-au-centre-du-tourisme-durable\\\/#article\",\"isPartOf\":{\"@id\":\"https:\\\/\\\/www.mondocamping.com\\\/fr\\\/conference-faita-federcamping-lavenir-est-en-plein-air-le-lac-de-garde-au-centre-du-tourisme-durable\\\/\"},\"author\":{\"name\":\"Mondo Camping\",\"@id\":\"https:\\\/\\\/www.mondocamping.com\\\/#\\\/schema\\\/person\\\/01a031b8c5ef08c2204bb0e696f0a760\"},\"headline\":\"Conf\u00e9rence Faita Federcamping : \u00ab\u00a0L&rsquo;AVENIR EST EN PLEIN AIR\u00a0\u00bb. Le lac de Garde au centre du tourisme durable\",\"datePublished\":\"2024-10-08T11:03:47+00:00\",\"mainEntityOfPage\":{\"@id\":\"https:\\\/\\\/www.mondocamping.com\\\/fr\\\/conference-faita-federcamping-lavenir-est-en-plein-air-le-lac-de-garde-au-centre-du-tourisme-durable\\\/\"},\"wordCount\":455,\"publisher\":{\"@id\":\"https:\\\/\\\/www.mondocamping.com\\\/#organization\"},\"image\":{\"@id\":\"https:\\\/\\\/www.mondocamping.com\\\/fr\\\/conference-faita-federcamping-lavenir-est-en-plein-air-le-lac-de-garde-au-centre-du-tourisme-durable\\\/#primaryimage\"},\"thumbnailUrl\":\"https:\\\/\\\/www.mondocamping.com\\\/wp-content\\\/uploads\\\/2024\\\/10\\\/Screenshot-2024-10-07-alle-18.25.31.png\",\"keywords\":[\"camping\",\"camping\",\"Faita Federcamping\",\"Lac de Garde\",\"Lazise\",\"Mondo Camping\"],\"articleSection\":[\"Actualit\u00e9\"],\"inLanguage\":\"fr-FR\"},{\"@type\":\"WebPage\",\"@id\":\"https:\\\/\\\/www.mondocamping.com\\\/fr\\\/conference-faita-federcamping-lavenir-est-en-plein-air-le-lac-de-garde-au-centre-du-tourisme-durable\\\/\",\"url\":\"https:\\\/\\\/www.mondocamping.com\\\/fr\\\/conference-faita-federcamping-lavenir-est-en-plein-air-le-lac-de-garde-au-centre-du-tourisme-durable\\\/\",\"name\":\"Conf\u00e9rence Faita Federcamping : \\\"L'AVENIR EST EN PLEIN AIR\\\". Le lac de Garde au centre du tourisme durable\",\"isPartOf\":{\"@id\":\"https:\\\/\\\/www.mondocamping.com\\\/#website\"},\"primaryImageOfPage\":{\"@id\":\"https:\\\/\\\/www.mondocamping.com\\\/fr\\\/conference-faita-federcamping-lavenir-est-en-plein-air-le-lac-de-garde-au-centre-du-tourisme-durable\\\/#primaryimage\"},\"image\":{\"@id\":\"https:\\\/\\\/www.mondocamping.com\\\/fr\\\/conference-faita-federcamping-lavenir-est-en-plein-air-le-lac-de-garde-au-centre-du-tourisme-durable\\\/#primaryimage\"},\"thumbnailUrl\":\"https:\\\/\\\/www.mondocamping.com\\\/wp-content\\\/uploads\\\/2024\\\/10\\\/Screenshot-2024-10-07-alle-18.25.31.png\",\"datePublished\":\"2024-10-08T11:03:47+00:00\",\"breadcrumb\":{\"@id\":\"https:\\\/\\\/www.mondocamping.com\\\/fr\\\/conference-faita-federcamping-lavenir-est-en-plein-air-le-lac-de-garde-au-centre-du-tourisme-durable\\\/#breadcrumb\"},\"inLanguage\":\"fr-FR\",\"potentialAction\":[{\"@type\":\"ReadAction\",\"target\":[\"https:\\\/\\\/www.mondocamping.com\\\/fr\\\/conference-faita-federcamping-lavenir-est-en-plein-air-le-lac-de-garde-au-centre-du-tourisme-durable\\\/\"]}]},{\"@type\":\"ImageObject\",\"inLanguage\":\"fr-FR\",\"@id\":\"https:\\\/\\\/www.mondocamping.com\\\/fr\\\/conference-faita-federcamping-lavenir-est-en-plein-air-le-lac-de-garde-au-centre-du-tourisme-durable\\\/#primaryimage\",\"url\":\"https:\\\/\\\/www.mondocamping.com\\\/wp-content\\\/uploads\\\/2024\\\/10\\\/Screenshot-2024-10-07-alle-18.25.31.png\",\"contentUrl\":\"https:\\\/\\\/www.mondocamping.com\\\/wp-content\\\/uploads\\\/2024\\\/10\\\/Screenshot-2024-10-07-alle-18.25.31.png\",\"width\":1200,\"height\":628},{\"@type\":\"BreadcrumbList\",\"@id\":\"https:\\\/\\\/www.mondocamping.com\\\/fr\\\/conference-faita-federcamping-lavenir-est-en-plein-air-le-lac-de-garde-au-centre-du-tourisme-durable\\\/#breadcrumb\",\"itemListElement\":[{\"@type\":\"ListItem\",\"position\":1,\"name\":\"Home\",\"item\":\"https:\\\/\\\/www.mondocamping.com\\\/fr\\\/\"},{\"@type\":\"ListItem\",\"position\":2,\"name\":\"Conf\u00e9rence Faita Federcamping : \u00ab\u00a0L&rsquo;AVENIR EST EN PLEIN AIR\u00a0\u00bb. Le lac de Garde au centre du tourisme durable\"}]},{\"@type\":\"WebSite\",\"@id\":\"https:\\\/\\\/www.mondocamping.com\\\/#website\",\"url\":\"https:\\\/\\\/www.mondocamping.com\\\/\",\"name\":\"Mondo Camping\",\"description\":\"Le portail d\u00e9di\u00e9 aux gestionnaires de campings et villages touristiques\",\"publisher\":{\"@id\":\"https:\\\/\\\/www.mondocamping.com\\\/#organization\"},\"potentialAction\":[{\"@type\":\"SearchAction\",\"target\":{\"@type\":\"EntryPoint\",\"urlTemplate\":\"https:\\\/\\\/www.mondocamping.com\\\/?s={search_term_string}\"},\"query-input\":{\"@type\":\"PropertyValueSpecification\",\"valueRequired\":true,\"valueName\":\"search_term_string\"}}],\"inLanguage\":\"fr-FR\"},{\"@type\":\"Organization\",\"@id\":\"https:\\\/\\\/www.mondocamping.com\\\/#organization\",\"name\":\"Mondo Camping\",\"url\":\"https:\\\/\\\/www.mondocamping.com\\\/\",\"logo\":{\"@type\":\"ImageObject\",\"inLanguage\":\"fr-FR\",\"@id\":\"https:\\\/\\\/www.mondocamping.com\\\/#\\\/schema\\\/logo\\\/image\\\/\",\"url\":\"https:\\\/\\\/www.mondocamping.com\\\/wp-content\\\/uploads\\\/2022\\\/04\\\/mondo-camping-logo-contornato-1.png\",\"contentUrl\":\"https:\\\/\\\/www.mondocamping.com\\\/wp-content\\\/uploads\\\/2022\\\/04\\\/mondo-camping-logo-contornato-1.png\",\"width\":280,\"height\":90,\"caption\":\"Mondo Camping\"},\"image\":{\"@id\":\"https:\\\/\\\/www.mondocamping.com\\\/#\\\/schema\\\/logo\\\/image\\\/\"},\"sameAs\":[\"https:\\\/\\\/www.facebook.com\\\/mondobalneare\",\"https:\\\/\\\/x.com\\\/mondobalneare\",\"https:\\\/\\\/www.instagram.com\\\/mondobalneare\\\/\",\"https:\\\/\\\/www.linkedin.com\\\/company\\\/67180810\\\/\",\"https:\\\/\\\/www.youtube.com\\\/user\\\/mondobalnearevideo\"]},{\"@type\":\"Person\",\"@id\":\"https:\\\/\\\/www.mondocamping.com\\\/#\\\/schema\\\/person\\\/01a031b8c5ef08c2204bb0e696f0a760\",\"name\":\"Mondo Camping\",\"image\":{\"@type\":\"ImageObject\",\"inLanguage\":\"fr-FR\",\"@id\":\"https:\\\/\\\/www.mondocamping.com\\\/wp-content\\\/uploads\\\/2022\\\/05\\\/cropped-icona-MONDO-CAMPING-150x150.png\",\"url\":\"https:\\\/\\\/www.mondocamping.com\\\/wp-content\\\/uploads\\\/2022\\\/05\\\/cropped-icona-MONDO-CAMPING-150x150.png\",\"contentUrl\":\"https:\\\/\\\/www.mondocamping.com\\\/wp-content\\\/uploads\\\/2022\\\/05\\\/cropped-icona-MONDO-CAMPING-150x150.png\",\"caption\":\"Mondo Camping\"},\"sameAs\":[\"https:\\\/\\\/www.mondocamping.com\\\/\",\"https:\\\/\\\/www.facebook.com\\\/mondocamping\"]}]}<\/script>\n<!-- \/ Yoast SEO plugin. -->","yoast_head_json":{"title":"Conf\u00e9rence Faita Federcamping : \"L'AVENIR EST EN PLEIN AIR\". Le lac de Garde au centre du tourisme durable","robots":{"index":"index","follow":"follow","max-snippet":"max-snippet:-1","max-image-preview":"max-image-preview:large","max-video-preview":"max-video-preview:-1"},"canonical":"https:\/\/www.mondocamping.com\/fr\/conference-faita-federcamping-lavenir-est-en-plein-air-le-lac-de-garde-au-centre-du-tourisme-durable\/","og_locale":"fr_FR","og_type":"article","og_title":"Conf\u00e9rence Faita Federcamping : \"L'AVENIR EST EN PLEIN AIR\". Le lac de Garde au centre du tourisme durable","og_description":"C&rsquo;est le pr\u00e9sident de FAITA-Federcamping Alberto Granzotto qui ouvrira la conf\u00e9rence intitul\u00e9e \u00ab\u00a0THE FUTURE IS OPEN AIR\u00a0\u00bb : Lake Garda at the center of sustainable tourism, qui se tiendra le lundi 21 octobre 2024 \u00e0 10h00 \u00e0 Dogana Veneta, piazzetta A. Partenio 13, Lazise. Une occasion de faire le point et d&rsquo;attirer l&rsquo;attention sur un [&hellip;]","og_url":"https:\/\/www.mondocamping.com\/fr\/conference-faita-federcamping-lavenir-est-en-plein-air-le-lac-de-garde-au-centre-du-tourisme-durable\/","og_site_name":"Mondo Camping","article_publisher":"https:\/\/www.facebook.com\/mondobalneare","article_author":"https:\/\/www.facebook.com\/mondocamping","article_published_time":"2024-10-08T11:03:47+00:00","og_image":[{"width":1200,"height":628,"url":"https:\/\/www.mondocamping.com\/wp-content\/uploads\/2024\/10\/Screenshot-2024-10-07-alle-18.25.31.png","type":"image\/png"}],"author":"Mondo Camping","twitter_card":"summary_large_image","twitter_creator":"@mondobalneare","twitter_site":"@mondobalneare","twitter_misc":{"\u00c9crit par":"Mondo Camping","Dur\u00e9e de lecture estim\u00e9e":"2 minutes"},"schema":{"@context":"https:\/\/schema.org","@graph":[{"@type":"Article","@id":"https:\/\/www.mondocamping.com\/fr\/conference-faita-federcamping-lavenir-est-en-plein-air-le-lac-de-garde-au-centre-du-tourisme-durable\/#article","isPartOf":{"@id":"https:\/\/www.mondocamping.com\/fr\/conference-faita-federcamping-lavenir-est-en-plein-air-le-lac-de-garde-au-centre-du-tourisme-durable\/"},"author":{"name":"Mondo Camping","@id":"https:\/\/www.mondocamping.com\/#\/schema\/person\/01a031b8c5ef08c2204bb0e696f0a760"},"headline":"Conf\u00e9rence Faita Federcamping : \u00ab\u00a0L&rsquo;AVENIR EST EN PLEIN AIR\u00a0\u00bb. Le lac de Garde au centre du tourisme durable","datePublished":"2024-10-08T11:03:47+00:00","mainEntityOfPage":{"@id":"https:\/\/www.mondocamping.com\/fr\/conference-faita-federcamping-lavenir-est-en-plein-air-le-lac-de-garde-au-centre-du-tourisme-durable\/"},"wordCount":455,"publisher":{"@id":"https:\/\/www.mondocamping.com\/#organization"},"image":{"@id":"https:\/\/www.mondocamping.com\/fr\/conference-faita-federcamping-lavenir-est-en-plein-air-le-lac-de-garde-au-centre-du-tourisme-durable\/#primaryimage"},"thumbnailUrl":"https:\/\/www.mondocamping.com\/wp-content\/uploads\/2024\/10\/Screenshot-2024-10-07-alle-18.25.31.png","keywords":["camping","camping","Faita Federcamping","Lac de Garde","Lazise","Mondo Camping"],"articleSection":["Actualit\u00e9"],"inLanguage":"fr-FR"},{"@type":"WebPage","@id":"https:\/\/www.mondocamping.com\/fr\/conference-faita-federcamping-lavenir-est-en-plein-air-le-lac-de-garde-au-centre-du-tourisme-durable\/","url":"https:\/\/www.mondocamping.com\/fr\/conference-faita-federcamping-lavenir-est-en-plein-air-le-lac-de-garde-au-centre-du-tourisme-durable\/","name":"Conf\u00e9rence Faita Federcamping : \"L'AVENIR EST EN PLEIN AIR\". Le lac de Garde au centre du tourisme durable","isPartOf":{"@id":"https:\/\/www.mondocamping.com\/#website"},"primaryImageOfPage":{"@id":"https:\/\/www.mondocamping.com\/fr\/conference-faita-federcamping-lavenir-est-en-plein-air-le-lac-de-garde-au-centre-du-tourisme-durable\/#primaryimage"},"image":{"@id":"https:\/\/www.mondocamping.com\/fr\/conference-faita-federcamping-lavenir-est-en-plein-air-le-lac-de-garde-au-centre-du-tourisme-durable\/#primaryimage"},"thumbnailUrl":"https:\/\/www.mondocamping.com\/wp-content\/uploads\/2024\/10\/Screenshot-2024-10-07-alle-18.25.31.png","datePublished":"2024-10-08T11:03:47+00:00","breadcrumb":{"@id":"https:\/\/www.mondocamping.com\/fr\/conference-faita-federcamping-lavenir-est-en-plein-air-le-lac-de-garde-au-centre-du-tourisme-durable\/#breadcrumb"},"inLanguage":"fr-FR","potentialAction":[{"@type":"ReadAction","target":["https:\/\/www.mondocamping.com\/fr\/conference-faita-federcamping-lavenir-est-en-plein-air-le-lac-de-garde-au-centre-du-tourisme-durable\/"]}]},{"@type":"ImageObject","inLanguage":"fr-FR","@id":"https:\/\/www.mondocamping.com\/fr\/conference-faita-federcamping-lavenir-est-en-plein-air-le-lac-de-garde-au-centre-du-tourisme-durable\/#primaryimage","url":"https:\/\/www.mondocamping.com\/wp-content\/uploads\/2024\/10\/Screenshot-2024-10-07-alle-18.25.31.png","contentUrl":"https:\/\/www.mondocamping.com\/wp-content\/uploads\/2024\/10\/Screenshot-2024-10-07-alle-18.25.31.png","width":1200,"height":628},{"@type":"BreadcrumbList","@id":"https:\/\/www.mondocamping.com\/fr\/conference-faita-federcamping-lavenir-est-en-plein-air-le-lac-de-garde-au-centre-du-tourisme-durable\/#breadcrumb","itemListElement":[{"@type":"ListItem","position":1,"name":"Home","item":"https:\/\/www.mondocamping.com\/fr\/"},{"@type":"ListItem","position":2,"name":"Conf\u00e9rence Faita Federcamping : \u00ab\u00a0L&rsquo;AVENIR EST EN PLEIN AIR\u00a0\u00bb. Le lac de Garde au centre du tourisme durable"}]},{"@type":"WebSite","@id":"https:\/\/www.mondocamping.com\/#website","url":"https:\/\/www.mondocamping.com\/","name":"Mondo Camping","description":"Le portail d\u00e9di\u00e9 aux gestionnaires de campings et villages touristiques","publisher":{"@id":"https:\/\/www.mondocamping.com\/#organization"},"potentialAction":[{"@type":"SearchAction","target":{"@type":"EntryPoint","urlTemplate":"https:\/\/www.mondocamping.com\/?s={search_term_string}"},"query-input":{"@type":"PropertyValueSpecification","valueRequired":true,"valueName":"search_term_string"}}],"inLanguage":"fr-FR"},{"@type":"Organization","@id":"https:\/\/www.mondocamping.com\/#organization","name":"Mondo Camping","url":"https:\/\/www.mondocamping.com\/","logo":{"@type":"ImageObject","inLanguage":"fr-FR","@id":"https:\/\/www.mondocamping.com\/#\/schema\/logo\/image\/","url":"https:\/\/www.mondocamping.com\/wp-content\/uploads\/2022\/04\/mondo-camping-logo-contornato-1.png","contentUrl":"https:\/\/www.mondocamping.com\/wp-content\/uploads\/2022\/04\/mondo-camping-logo-contornato-1.png","width":280,"height":90,"caption":"Mondo Camping"},"image":{"@id":"https:\/\/www.mondocamping.com\/#\/schema\/logo\/image\/"},"sameAs":["https:\/\/www.facebook.com\/mondobalneare","https:\/\/x.com\/mondobalneare","https:\/\/www.instagram.com\/mondobalneare\/","https:\/\/www.linkedin.com\/company\/67180810\/","https:\/\/www.youtube.com\/user\/mondobalnearevideo"]},{"@type":"Person","@id":"https:\/\/www.mondocamping.com\/#\/schema\/person\/01a031b8c5ef08c2204bb0e696f0a760","name":"Mondo Camping","image":{"@type":"ImageObject","inLanguage":"fr-FR","@id":"https:\/\/www.mondocamping.com\/wp-content\/uploads\/2022\/05\/cropped-icona-MONDO-CAMPING-150x150.png","url":"https:\/\/www.mondocamping.com\/wp-content\/uploads\/2022\/05\/cropped-icona-MONDO-CAMPING-150x150.png","contentUrl":"https:\/\/www.mondocamping.com\/wp-content\/uploads\/2022\/05\/cropped-icona-MONDO-CAMPING-150x150.png","caption":"Mondo Camping"},"sameAs":["https:\/\/www.mondocamping.com\/","https:\/\/www.facebook.com\/mondocamping"]}]}},"_links":{"self":[{"href":"https:\/\/www.mondocamping.com\/fr\/wp-json\/wp\/v2\/posts\/171109","targetHints":{"allow":["GET"]}}],"collection":[{"href":"https:\/\/www.mondocamping.com\/fr\/wp-json\/wp\/v2\/posts"}],"about":[{"href":"https:\/\/www.mondocamping.com\/fr\/wp-json\/wp\/v2\/types\/post"}],"author":[{"embeddable":true,"href":"https:\/\/www.mondocamping.com\/fr\/wp-json\/wp\/v2\/users\/5"}],"replies":[{"embeddable":true,"href":"https:\/\/www.mondocamping.com\/fr\/wp-json\/wp\/v2\/comments?post=171109"}],"version-history":[{"count":1,"href":"https:\/\/www.mondocamping.com\/fr\/wp-json\/wp\/v2\/posts\/171109\/revisions"}],"predecessor-version":[{"id":171110,"href":"https:\/\/www.mondocamping.com\/fr\/wp-json\/wp\/v2\/posts\/171109\/revisions\/171110"}],"wp:featuredmedia":[{"embeddable":true,"href":"https:\/\/www.mondocamping.com\/fr\/wp-json\/wp\/v2\/media\/171094"}],"wp:attachment":[{"href":"https:\/\/www.mondocamping.com\/fr\/wp-json\/wp\/v2\/media?parent=171109"}],"wp:term":[{"taxonomy":"category","embeddable":true,"href":"https:\/\/www.mondocamping.com\/fr\/wp-json\/wp\/v2\/categories?post=171109"},{"taxonomy":"post_tag","embeddable":true,"href":"https:\/\/www.mondocamping.com\/fr\/wp-json\/wp\/v2\/tags?post=171109"}],"curies":[{"name":"wp","href":"https:\/\/api.w.org\/{rel}","templated":true}]}}