{"id":171113,"date":"2024-10-08T13:05:22","date_gmt":"2024-10-08T11:05:22","guid":{"rendered":"https:\/\/www.mondocamping.com\/girocamping-pro-2024-lexcellence-en-plein-air-de-gerone-recompensee\/"},"modified":"2024-10-08T13:05:23","modified_gmt":"2024-10-08T11:05:23","slug":"girocamping-pro-2024-lexcellence-en-plein-air-de-gerone-recompensee","status":"publish","type":"post","link":"https:\/\/www.mondocamping.com\/fr\/girocamping-pro-2024-lexcellence-en-plein-air-de-gerone-recompensee\/","title":{"rendered":"Girocamping Pro 2024, l&rsquo;excellence en plein air de G\u00e9rone r\u00e9compens\u00e9e"},"content":{"rendered":"\n<p>La 6e \u00e9dition du<strong> Girocamping Pro<\/strong> s&rsquo;est d\u00e9roul\u00e9e dans la petite et belle commune de Sant Pere Pescador, un \u00e9v\u00e9nement organis\u00e9 par les 74 membres de l&rsquo;<strong>Association des campings de G\u00e9rone<\/strong> pour r\u00e9compenser les principaux entrepreneurs et entreprises du secteur.  <\/p>\n\n<p>Cette importante c\u00e9l\u00e9bration du secteur espagnol du plein air r\u00e9unit des entreprises, des fournisseurs et des repr\u00e9sentants de l&rsquo;administration publique dans une atmosph\u00e8re \u00e9l\u00e9gante et festive. Le moment le plus attendu de la soir\u00e9e a \u00e9t\u00e9 la remise des prix aux professionnels du plein air qui se sont distingu\u00e9s par leur contribution au d\u00e9veloppement et \u00e0 la croissance des campings dans la r\u00e9gion. <\/p>\n\n<p>Plusieurs personnalit\u00e9s politiques ont assist\u00e9 \u00e0 la c\u00e9r\u00e9monie, dont le maire de Sant Pere Pescador, <em>Agust\u00ed Badosa<\/em>, le pr\u00e9sident du conseil provincial de G\u00e9rone, <em>Miquel Noguer<\/em>, le subd\u00e9l\u00e9gu\u00e9 du gouvernement de G\u00e9rone, <em>Pere Parramon<\/em>, et la directrice g\u00e9n\u00e9rale adjointe de la gestion et de l&rsquo;inspection du tourisme de la Generalitat de Catalunya, <em>Anna Mart\u00ednez<\/em>.<\/p>\n\n<p>L&rsquo;un des prix les plus importants de la soir\u00e9e a \u00e9t\u00e9 le prix <strong><em>Prix Jaume Genover i Roig 2024<\/em><\/strong>d\u00e9cern\u00e9 \u00e0 l&rsquo;entrepreneur <em>Joan Carles Alc\u00e1ntara<\/em>, propri\u00e9taire du camping <em>Las Palmeras \u00e0 Sant Pere Pescador<\/em>. Comme le rapporte <a href=\"https:\/\/www.campingprofesional.com\/2024\/09\/los-campings-de-girona-premian-a-los-referentes-del-sector-en-girocamping-pro\/\"><strong>campingprofesional.com<\/strong><\/a> : \u00a0\u00bb <em>Avec une carri\u00e8re qui remonte aux ann\u00e9es 70, Alc\u00e1ntara est une r\u00e9f\u00e9rence en mati\u00e8re de gestion de campings depuis plus de 20 ans. Depuis qu&rsquo;il a pris la direction de Las Palmeras en 1991, avec son \u00e9pouse Pilar Roca, il a r\u00e9ussi \u00e0 en faire un camping familial en harmonie avec son environnement naturel. Aujourd&rsquo;hui, c&rsquo;est son fils Rom\u00e0 qui g\u00e8re le camping, qui s&rsquo;\u00e9tend sur sept hectares et compte 280 emplacements et 40 bungalows.  <\/em>\u00ab\u00a0<\/p>\n\n<p>Ce prix a \u00e9t\u00e9 suivi par le<strong><em> Prix Josep Su\u00f1\u00e9 <\/em><\/strong>a \u00e9t\u00e9 d\u00e9cern\u00e9 \u00e0 <em>Toni Castellar<\/em>, directeur du camping <em>La Ballena Alegre \u00e0 Sant Pere Pescador<\/em>, r\u00e9compensant ses 28 ann\u00e9es d&rsquo;exp\u00e9rience dans le secteur qui ont permis au camping de consolider sa position et d&rsquo;en faire une r\u00e9f\u00e9rence en mati\u00e8re de durabilit\u00e9 et de num\u00e9risation. Une r\u00e9ussite \u00e9galement rendue possible gr\u00e2ce \u00e0 la promotion de plusieurs initiatives innovantes, qui ont contribu\u00e9 \u00e0 positionner <em>La Ballena Alegre <\/em>comme l&rsquo;un des campings les plus vertueux du pays et l&rsquo;un des meilleurs campings de la Costa Brava. <\/p>\n\n<p>Le prix <strong><em>Girocamping 2024 <\/em><\/strong>a \u00e9t\u00e9 d\u00e9cern\u00e9 \u00e0 <em>Darn\u00e9s Grup<\/em>, l&rsquo;un des principaux fournisseurs de campings de G\u00e9rone, pour son soutien \u00e0 la transformation du secteur du tourisme dans la r\u00e9gion, reconnu au niveau europ\u00e9en.<\/p>\n\n<p>Enfin, l&rsquo;attribution du prix du <strong><em>Prix du camping de l&rsquo;ann\u00e9e<\/em><\/strong>d\u00e9cern\u00e9 gr\u00e2ce au vote des clients, a \u00e9t\u00e9 remis \u00e0 <em>La Ballena Alegre<\/em> <em>,<\/em> qui a remport\u00e9 le deuxi\u00e8me prix de la soir\u00e9e.  <\/p>\n\n<p>Le prochain rendez-vous de <strong><em>Girocamping Pro<\/em><\/strong> f\u00eatera sa <a href=\"https:\/\/acg.campingsingirona.com\/es\/girocamping-pro\/\" target=\"_blank\" rel=\"noreferrer noopener\">7e \u00e9dition le 25 septembre 2025<\/a>.<\/p>\n","protected":false},"excerpt":{"rendered":"<p>La 6e \u00e9dition du Girocamping Pro s&rsquo;est d\u00e9roul\u00e9e dans la petite et belle commune de Sant Pere Pescador, un \u00e9v\u00e9nement organis\u00e9 par les 74 membres de l&rsquo;Association des campings de G\u00e9rone pour r\u00e9compenser les principaux entrepreneurs et entreprises du secteur. Cette importante c\u00e9l\u00e9bration du secteur espagnol du plein air r\u00e9unit des entreprises, des fournisseurs et [&hellip;]<\/p>\n","protected":false},"author":5,"featured_media":169147,"comment_status":"closed","ping_status":"closed","sticky":false,"template":"","format":"standard","meta":{"_acf_changed":false,"_monsterinsights_skip_tracking":false,"_monsterinsights_sitenote_active":false,"_monsterinsights_sitenote_note":"","_monsterinsights_sitenote_category":0,"footnotes":""},"categories":[4024],"tags":[4189,4210,4275,4664,6553,4262],"class_list":["post-171113","post","type-post","status-publish","format-standard","has-post-thumbnail","hentry","category-actualite","tag-camping-fr","tag-camping-fr-2","tag-espagne","tag-gerone","tag-gyrocamping-pro-2024-fr","tag-mondo-camping-fr"],"acf":[],"yoast_head":"<!-- This site is optimized with the Yoast SEO plugin v27.5 - https:\/\/yoast.com\/product\/yoast-seo-wordpress\/ -->\n<title>Girocamping Pro 2024, l&#039;excellence en plein air de G\u00e9rone r\u00e9compens\u00e9e<\/title>\n<meta name=\"robots\" content=\"index, follow, max-snippet:-1, max-image-preview:large, max-video-preview:-1\" \/>\n<link rel=\"canonical\" href=\"https:\/\/www.mondocamping.com\/fr\/girocamping-pro-2024-lexcellence-en-plein-air-de-gerone-recompensee\/\" \/>\n<meta property=\"og:locale\" content=\"fr_FR\" \/>\n<meta property=\"og:type\" content=\"article\" \/>\n<meta property=\"og:title\" content=\"Girocamping Pro 2024, l&#039;excellence en plein air de G\u00e9rone r\u00e9compens\u00e9e\" \/>\n<meta property=\"og:description\" content=\"La 6e \u00e9dition du Girocamping Pro s&rsquo;est d\u00e9roul\u00e9e dans la petite et belle commune de Sant Pere Pescador, un \u00e9v\u00e9nement organis\u00e9 par les 74 membres de l&rsquo;Association des campings de G\u00e9rone pour r\u00e9compenser les principaux entrepreneurs et entreprises du secteur. Cette importante c\u00e9l\u00e9bration du secteur espagnol du plein air r\u00e9unit des entreprises, des fournisseurs et [&hellip;]\" \/>\n<meta property=\"og:url\" content=\"https:\/\/www.mondocamping.com\/fr\/girocamping-pro-2024-lexcellence-en-plein-air-de-gerone-recompensee\/\" \/>\n<meta property=\"og:site_name\" content=\"Mondo Camping\" \/>\n<meta property=\"article:publisher\" content=\"https:\/\/www.facebook.com\/mondobalneare\" \/>\n<meta property=\"article:author\" content=\"https:\/\/www.facebook.com\/mondocamping\" \/>\n<meta property=\"article:published_time\" content=\"2024-10-08T11:05:22+00:00\" \/>\n<meta property=\"article:modified_time\" content=\"2024-10-08T11:05:23+00:00\" \/>\n<meta property=\"og:image\" content=\"https:\/\/www.mondocamping.com\/wp-content\/uploads\/2024\/10\/Foto-Premis-Girocamping-Pro-24-2.jpg\" \/>\n\t<meta property=\"og:image:width\" content=\"1200\" \/>\n\t<meta property=\"og:image:height\" content=\"628\" \/>\n\t<meta property=\"og:image:type\" content=\"image\/jpeg\" \/>\n<meta name=\"author\" content=\"Mondo Camping\" \/>\n<meta name=\"twitter:card\" content=\"summary_large_image\" \/>\n<meta name=\"twitter:creator\" content=\"@mondobalneare\" \/>\n<meta name=\"twitter:site\" content=\"@mondobalneare\" \/>\n<meta name=\"twitter:label1\" content=\"\u00c9crit par\" \/>\n\t<meta name=\"twitter:data1\" content=\"Mondo Camping\" \/>\n\t<meta name=\"twitter:label2\" content=\"Dur\u00e9e de lecture estim\u00e9e\" \/>\n\t<meta name=\"twitter:data2\" content=\"2 minutes\" \/>\n<script type=\"application\/ld+json\" class=\"yoast-schema-graph\">{\"@context\":\"https:\\\/\\\/schema.org\",\"@graph\":[{\"@type\":\"Article\",\"@id\":\"https:\\\/\\\/www.mondocamping.com\\\/fr\\\/girocamping-pro-2024-lexcellence-en-plein-air-de-gerone-recompensee\\\/#article\",\"isPartOf\":{\"@id\":\"https:\\\/\\\/www.mondocamping.com\\\/fr\\\/girocamping-pro-2024-lexcellence-en-plein-air-de-gerone-recompensee\\\/\"},\"author\":{\"name\":\"Mondo Camping\",\"@id\":\"https:\\\/\\\/www.mondocamping.com\\\/#\\\/schema\\\/person\\\/01a031b8c5ef08c2204bb0e696f0a760\"},\"headline\":\"Girocamping Pro 2024, l&rsquo;excellence en plein air de G\u00e9rone r\u00e9compens\u00e9e\",\"datePublished\":\"2024-10-08T11:05:22+00:00\",\"dateModified\":\"2024-10-08T11:05:23+00:00\",\"mainEntityOfPage\":{\"@id\":\"https:\\\/\\\/www.mondocamping.com\\\/fr\\\/girocamping-pro-2024-lexcellence-en-plein-air-de-gerone-recompensee\\\/\"},\"wordCount\":512,\"publisher\":{\"@id\":\"https:\\\/\\\/www.mondocamping.com\\\/#organization\"},\"image\":{\"@id\":\"https:\\\/\\\/www.mondocamping.com\\\/fr\\\/girocamping-pro-2024-lexcellence-en-plein-air-de-gerone-recompensee\\\/#primaryimage\"},\"thumbnailUrl\":\"https:\\\/\\\/www.mondocamping.com\\\/wp-content\\\/uploads\\\/2024\\\/05\\\/proxyclick-visitor-management-system-VnACB-m22es-unsplash-2.jpg\",\"keywords\":[\"camping\",\"camping\",\"Espagne\",\"G\u00e9rone\",\"Gyrocamping Pro 2024\",\"Mondo Camping\"],\"articleSection\":[\"Actualit\u00e9\"],\"inLanguage\":\"fr-FR\"},{\"@type\":\"WebPage\",\"@id\":\"https:\\\/\\\/www.mondocamping.com\\\/fr\\\/girocamping-pro-2024-lexcellence-en-plein-air-de-gerone-recompensee\\\/\",\"url\":\"https:\\\/\\\/www.mondocamping.com\\\/fr\\\/girocamping-pro-2024-lexcellence-en-plein-air-de-gerone-recompensee\\\/\",\"name\":\"Girocamping Pro 2024, l'excellence en plein air de G\u00e9rone r\u00e9compens\u00e9e\",\"isPartOf\":{\"@id\":\"https:\\\/\\\/www.mondocamping.com\\\/#website\"},\"primaryImageOfPage\":{\"@id\":\"https:\\\/\\\/www.mondocamping.com\\\/fr\\\/girocamping-pro-2024-lexcellence-en-plein-air-de-gerone-recompensee\\\/#primaryimage\"},\"image\":{\"@id\":\"https:\\\/\\\/www.mondocamping.com\\\/fr\\\/girocamping-pro-2024-lexcellence-en-plein-air-de-gerone-recompensee\\\/#primaryimage\"},\"thumbnailUrl\":\"https:\\\/\\\/www.mondocamping.com\\\/wp-content\\\/uploads\\\/2024\\\/05\\\/proxyclick-visitor-management-system-VnACB-m22es-unsplash-2.jpg\",\"datePublished\":\"2024-10-08T11:05:22+00:00\",\"dateModified\":\"2024-10-08T11:05:23+00:00\",\"breadcrumb\":{\"@id\":\"https:\\\/\\\/www.mondocamping.com\\\/fr\\\/girocamping-pro-2024-lexcellence-en-plein-air-de-gerone-recompensee\\\/#breadcrumb\"},\"inLanguage\":\"fr-FR\",\"potentialAction\":[{\"@type\":\"ReadAction\",\"target\":[\"https:\\\/\\\/www.mondocamping.com\\\/fr\\\/girocamping-pro-2024-lexcellence-en-plein-air-de-gerone-recompensee\\\/\"]}]},{\"@type\":\"ImageObject\",\"inLanguage\":\"fr-FR\",\"@id\":\"https:\\\/\\\/www.mondocamping.com\\\/fr\\\/girocamping-pro-2024-lexcellence-en-plein-air-de-gerone-recompensee\\\/#primaryimage\",\"url\":\"https:\\\/\\\/www.mondocamping.com\\\/wp-content\\\/uploads\\\/2024\\\/05\\\/proxyclick-visitor-management-system-VnACB-m22es-unsplash-2.jpg\",\"contentUrl\":\"https:\\\/\\\/www.mondocamping.com\\\/wp-content\\\/uploads\\\/2024\\\/05\\\/proxyclick-visitor-management-system-VnACB-m22es-unsplash-2.jpg\",\"width\":1200,\"height\":628},{\"@type\":\"BreadcrumbList\",\"@id\":\"https:\\\/\\\/www.mondocamping.com\\\/fr\\\/girocamping-pro-2024-lexcellence-en-plein-air-de-gerone-recompensee\\\/#breadcrumb\",\"itemListElement\":[{\"@type\":\"ListItem\",\"position\":1,\"name\":\"Home\",\"item\":\"https:\\\/\\\/www.mondocamping.com\\\/fr\\\/\"},{\"@type\":\"ListItem\",\"position\":2,\"name\":\"Girocamping Pro 2024, l&rsquo;excellence en plein air de G\u00e9rone r\u00e9compens\u00e9e\"}]},{\"@type\":\"WebSite\",\"@id\":\"https:\\\/\\\/www.mondocamping.com\\\/#website\",\"url\":\"https:\\\/\\\/www.mondocamping.com\\\/\",\"name\":\"Mondo Camping\",\"description\":\"Le portail d\u00e9di\u00e9 aux gestionnaires de campings et villages touristiques\",\"publisher\":{\"@id\":\"https:\\\/\\\/www.mondocamping.com\\\/#organization\"},\"potentialAction\":[{\"@type\":\"SearchAction\",\"target\":{\"@type\":\"EntryPoint\",\"urlTemplate\":\"https:\\\/\\\/www.mondocamping.com\\\/?s={search_term_string}\"},\"query-input\":{\"@type\":\"PropertyValueSpecification\",\"valueRequired\":true,\"valueName\":\"search_term_string\"}}],\"inLanguage\":\"fr-FR\"},{\"@type\":\"Organization\",\"@id\":\"https:\\\/\\\/www.mondocamping.com\\\/#organization\",\"name\":\"Mondo Camping\",\"url\":\"https:\\\/\\\/www.mondocamping.com\\\/\",\"logo\":{\"@type\":\"ImageObject\",\"inLanguage\":\"fr-FR\",\"@id\":\"https:\\\/\\\/www.mondocamping.com\\\/#\\\/schema\\\/logo\\\/image\\\/\",\"url\":\"https:\\\/\\\/www.mondocamping.com\\\/wp-content\\\/uploads\\\/2022\\\/04\\\/mondo-camping-logo-contornato-1.png\",\"contentUrl\":\"https:\\\/\\\/www.mondocamping.com\\\/wp-content\\\/uploads\\\/2022\\\/04\\\/mondo-camping-logo-contornato-1.png\",\"width\":280,\"height\":90,\"caption\":\"Mondo Camping\"},\"image\":{\"@id\":\"https:\\\/\\\/www.mondocamping.com\\\/#\\\/schema\\\/logo\\\/image\\\/\"},\"sameAs\":[\"https:\\\/\\\/www.facebook.com\\\/mondobalneare\",\"https:\\\/\\\/x.com\\\/mondobalneare\",\"https:\\\/\\\/www.instagram.com\\\/mondobalneare\\\/\",\"https:\\\/\\\/www.linkedin.com\\\/company\\\/67180810\\\/\",\"https:\\\/\\\/www.youtube.com\\\/user\\\/mondobalnearevideo\"]},{\"@type\":\"Person\",\"@id\":\"https:\\\/\\\/www.mondocamping.com\\\/#\\\/schema\\\/person\\\/01a031b8c5ef08c2204bb0e696f0a760\",\"name\":\"Mondo Camping\",\"image\":{\"@type\":\"ImageObject\",\"inLanguage\":\"fr-FR\",\"@id\":\"https:\\\/\\\/www.mondocamping.com\\\/wp-content\\\/uploads\\\/2022\\\/05\\\/cropped-icona-MONDO-CAMPING-150x150.png\",\"url\":\"https:\\\/\\\/www.mondocamping.com\\\/wp-content\\\/uploads\\\/2022\\\/05\\\/cropped-icona-MONDO-CAMPING-150x150.png\",\"contentUrl\":\"https:\\\/\\\/www.mondocamping.com\\\/wp-content\\\/uploads\\\/2022\\\/05\\\/cropped-icona-MONDO-CAMPING-150x150.png\",\"caption\":\"Mondo Camping\"},\"sameAs\":[\"https:\\\/\\\/www.mondocamping.com\\\/\",\"https:\\\/\\\/www.facebook.com\\\/mondocamping\"]}]}<\/script>\n<!-- \/ Yoast SEO plugin. -->","yoast_head_json":{"title":"Girocamping Pro 2024, l'excellence en plein air de G\u00e9rone r\u00e9compens\u00e9e","robots":{"index":"index","follow":"follow","max-snippet":"max-snippet:-1","max-image-preview":"max-image-preview:large","max-video-preview":"max-video-preview:-1"},"canonical":"https:\/\/www.mondocamping.com\/fr\/girocamping-pro-2024-lexcellence-en-plein-air-de-gerone-recompensee\/","og_locale":"fr_FR","og_type":"article","og_title":"Girocamping Pro 2024, l'excellence en plein air de G\u00e9rone r\u00e9compens\u00e9e","og_description":"La 6e \u00e9dition du Girocamping Pro s&rsquo;est d\u00e9roul\u00e9e dans la petite et belle commune de Sant Pere Pescador, un \u00e9v\u00e9nement organis\u00e9 par les 74 membres de l&rsquo;Association des campings de G\u00e9rone pour r\u00e9compenser les principaux entrepreneurs et entreprises du secteur. Cette importante c\u00e9l\u00e9bration du secteur espagnol du plein air r\u00e9unit des entreprises, des fournisseurs et [&hellip;]","og_url":"https:\/\/www.mondocamping.com\/fr\/girocamping-pro-2024-lexcellence-en-plein-air-de-gerone-recompensee\/","og_site_name":"Mondo Camping","article_publisher":"https:\/\/www.facebook.com\/mondobalneare","article_author":"https:\/\/www.facebook.com\/mondocamping","article_published_time":"2024-10-08T11:05:22+00:00","article_modified_time":"2024-10-08T11:05:23+00:00","og_image":[{"width":1200,"height":628,"url":"https:\/\/www.mondocamping.com\/wp-content\/uploads\/2024\/10\/Foto-Premis-Girocamping-Pro-24-2.jpg","type":"image\/jpeg"}],"author":"Mondo Camping","twitter_card":"summary_large_image","twitter_creator":"@mondobalneare","twitter_site":"@mondobalneare","twitter_misc":{"\u00c9crit par":"Mondo Camping","Dur\u00e9e de lecture estim\u00e9e":"2 minutes"},"schema":{"@context":"https:\/\/schema.org","@graph":[{"@type":"Article","@id":"https:\/\/www.mondocamping.com\/fr\/girocamping-pro-2024-lexcellence-en-plein-air-de-gerone-recompensee\/#article","isPartOf":{"@id":"https:\/\/www.mondocamping.com\/fr\/girocamping-pro-2024-lexcellence-en-plein-air-de-gerone-recompensee\/"},"author":{"name":"Mondo Camping","@id":"https:\/\/www.mondocamping.com\/#\/schema\/person\/01a031b8c5ef08c2204bb0e696f0a760"},"headline":"Girocamping Pro 2024, l&rsquo;excellence en plein air de G\u00e9rone r\u00e9compens\u00e9e","datePublished":"2024-10-08T11:05:22+00:00","dateModified":"2024-10-08T11:05:23+00:00","mainEntityOfPage":{"@id":"https:\/\/www.mondocamping.com\/fr\/girocamping-pro-2024-lexcellence-en-plein-air-de-gerone-recompensee\/"},"wordCount":512,"publisher":{"@id":"https:\/\/www.mondocamping.com\/#organization"},"image":{"@id":"https:\/\/www.mondocamping.com\/fr\/girocamping-pro-2024-lexcellence-en-plein-air-de-gerone-recompensee\/#primaryimage"},"thumbnailUrl":"https:\/\/www.mondocamping.com\/wp-content\/uploads\/2024\/05\/proxyclick-visitor-management-system-VnACB-m22es-unsplash-2.jpg","keywords":["camping","camping","Espagne","G\u00e9rone","Gyrocamping Pro 2024","Mondo Camping"],"articleSection":["Actualit\u00e9"],"inLanguage":"fr-FR"},{"@type":"WebPage","@id":"https:\/\/www.mondocamping.com\/fr\/girocamping-pro-2024-lexcellence-en-plein-air-de-gerone-recompensee\/","url":"https:\/\/www.mondocamping.com\/fr\/girocamping-pro-2024-lexcellence-en-plein-air-de-gerone-recompensee\/","name":"Girocamping Pro 2024, l'excellence en plein air de G\u00e9rone r\u00e9compens\u00e9e","isPartOf":{"@id":"https:\/\/www.mondocamping.com\/#website"},"primaryImageOfPage":{"@id":"https:\/\/www.mondocamping.com\/fr\/girocamping-pro-2024-lexcellence-en-plein-air-de-gerone-recompensee\/#primaryimage"},"image":{"@id":"https:\/\/www.mondocamping.com\/fr\/girocamping-pro-2024-lexcellence-en-plein-air-de-gerone-recompensee\/#primaryimage"},"thumbnailUrl":"https:\/\/www.mondocamping.com\/wp-content\/uploads\/2024\/05\/proxyclick-visitor-management-system-VnACB-m22es-unsplash-2.jpg","datePublished":"2024-10-08T11:05:22+00:00","dateModified":"2024-10-08T11:05:23+00:00","breadcrumb":{"@id":"https:\/\/www.mondocamping.com\/fr\/girocamping-pro-2024-lexcellence-en-plein-air-de-gerone-recompensee\/#breadcrumb"},"inLanguage":"fr-FR","potentialAction":[{"@type":"ReadAction","target":["https:\/\/www.mondocamping.com\/fr\/girocamping-pro-2024-lexcellence-en-plein-air-de-gerone-recompensee\/"]}]},{"@type":"ImageObject","inLanguage":"fr-FR","@id":"https:\/\/www.mondocamping.com\/fr\/girocamping-pro-2024-lexcellence-en-plein-air-de-gerone-recompensee\/#primaryimage","url":"https:\/\/www.mondocamping.com\/wp-content\/uploads\/2024\/05\/proxyclick-visitor-management-system-VnACB-m22es-unsplash-2.jpg","contentUrl":"https:\/\/www.mondocamping.com\/wp-content\/uploads\/2024\/05\/proxyclick-visitor-management-system-VnACB-m22es-unsplash-2.jpg","width":1200,"height":628},{"@type":"BreadcrumbList","@id":"https:\/\/www.mondocamping.com\/fr\/girocamping-pro-2024-lexcellence-en-plein-air-de-gerone-recompensee\/#breadcrumb","itemListElement":[{"@type":"ListItem","position":1,"name":"Home","item":"https:\/\/www.mondocamping.com\/fr\/"},{"@type":"ListItem","position":2,"name":"Girocamping Pro 2024, l&rsquo;excellence en plein air de G\u00e9rone r\u00e9compens\u00e9e"}]},{"@type":"WebSite","@id":"https:\/\/www.mondocamping.com\/#website","url":"https:\/\/www.mondocamping.com\/","name":"Mondo Camping","description":"Le portail d\u00e9di\u00e9 aux gestionnaires de campings et villages touristiques","publisher":{"@id":"https:\/\/www.mondocamping.com\/#organization"},"potentialAction":[{"@type":"SearchAction","target":{"@type":"EntryPoint","urlTemplate":"https:\/\/www.mondocamping.com\/?s={search_term_string}"},"query-input":{"@type":"PropertyValueSpecification","valueRequired":true,"valueName":"search_term_string"}}],"inLanguage":"fr-FR"},{"@type":"Organization","@id":"https:\/\/www.mondocamping.com\/#organization","name":"Mondo Camping","url":"https:\/\/www.mondocamping.com\/","logo":{"@type":"ImageObject","inLanguage":"fr-FR","@id":"https:\/\/www.mondocamping.com\/#\/schema\/logo\/image\/","url":"https:\/\/www.mondocamping.com\/wp-content\/uploads\/2022\/04\/mondo-camping-logo-contornato-1.png","contentUrl":"https:\/\/www.mondocamping.com\/wp-content\/uploads\/2022\/04\/mondo-camping-logo-contornato-1.png","width":280,"height":90,"caption":"Mondo Camping"},"image":{"@id":"https:\/\/www.mondocamping.com\/#\/schema\/logo\/image\/"},"sameAs":["https:\/\/www.facebook.com\/mondobalneare","https:\/\/x.com\/mondobalneare","https:\/\/www.instagram.com\/mondobalneare\/","https:\/\/www.linkedin.com\/company\/67180810\/","https:\/\/www.youtube.com\/user\/mondobalnearevideo"]},{"@type":"Person","@id":"https:\/\/www.mondocamping.com\/#\/schema\/person\/01a031b8c5ef08c2204bb0e696f0a760","name":"Mondo Camping","image":{"@type":"ImageObject","inLanguage":"fr-FR","@id":"https:\/\/www.mondocamping.com\/wp-content\/uploads\/2022\/05\/cropped-icona-MONDO-CAMPING-150x150.png","url":"https:\/\/www.mondocamping.com\/wp-content\/uploads\/2022\/05\/cropped-icona-MONDO-CAMPING-150x150.png","contentUrl":"https:\/\/www.mondocamping.com\/wp-content\/uploads\/2022\/05\/cropped-icona-MONDO-CAMPING-150x150.png","caption":"Mondo Camping"},"sameAs":["https:\/\/www.mondocamping.com\/","https:\/\/www.facebook.com\/mondocamping"]}]}},"_links":{"self":[{"href":"https:\/\/www.mondocamping.com\/fr\/wp-json\/wp\/v2\/posts\/171113","targetHints":{"allow":["GET"]}}],"collection":[{"href":"https:\/\/www.mondocamping.com\/fr\/wp-json\/wp\/v2\/posts"}],"about":[{"href":"https:\/\/www.mondocamping.com\/fr\/wp-json\/wp\/v2\/types\/post"}],"author":[{"embeddable":true,"href":"https:\/\/www.mondocamping.com\/fr\/wp-json\/wp\/v2\/users\/5"}],"replies":[{"embeddable":true,"href":"https:\/\/www.mondocamping.com\/fr\/wp-json\/wp\/v2\/comments?post=171113"}],"version-history":[{"count":1,"href":"https:\/\/www.mondocamping.com\/fr\/wp-json\/wp\/v2\/posts\/171113\/revisions"}],"predecessor-version":[{"id":171114,"href":"https:\/\/www.mondocamping.com\/fr\/wp-json\/wp\/v2\/posts\/171113\/revisions\/171114"}],"wp:featuredmedia":[{"embeddable":true,"href":"https:\/\/www.mondocamping.com\/fr\/wp-json\/wp\/v2\/media\/169147"}],"wp:attachment":[{"href":"https:\/\/www.mondocamping.com\/fr\/wp-json\/wp\/v2\/media?parent=171113"}],"wp:term":[{"taxonomy":"category","embeddable":true,"href":"https:\/\/www.mondocamping.com\/fr\/wp-json\/wp\/v2\/categories?post=171113"},{"taxonomy":"post_tag","embeddable":true,"href":"https:\/\/www.mondocamping.com\/fr\/wp-json\/wp\/v2\/tags?post=171113"}],"curies":[{"name":"wp","href":"https:\/\/api.w.org\/{rel}","templated":true}]}}