{"id":171126,"date":"2024-10-09T12:13:45","date_gmt":"2024-10-09T10:13:45","guid":{"rendered":"https:\/\/www.mondocamping.com\/logements-mobiles-dans-des-installations-de-plein-air-la-non-pertinence-cadastrale-sanctionnee-et-approuvee\/"},"modified":"2024-10-09T12:13:46","modified_gmt":"2024-10-09T10:13:46","slug":"logements-mobiles-dans-des-installations-de-plein-air-la-non-pertinence-cadastrale-sanctionnee-et-approuvee","status":"publish","type":"post","link":"https:\/\/www.mondocamping.com\/fr\/logements-mobiles-dans-des-installations-de-plein-air-la-non-pertinence-cadastrale-sanctionnee-et-approuvee\/","title":{"rendered":"Logements mobiles dans des installations de plein air : la non-pertinence cadastrale sanctionn\u00e9e et approuv\u00e9e"},"content":{"rendered":"\n<p>Apr\u00e8s des ann\u00e9es d&rsquo;incertitude et d&rsquo;interpr\u00e9tations subjectives d\u00e9battues par les organes administratifs, la<strong>non-pertinence cadastrale des installations d&rsquo;h\u00e9bergement mobile install\u00e9es dans des installations d&rsquo;h\u00e9bergement touristique en plein air<\/strong> a \u00e9t\u00e9 d\u00e9finie, approuv\u00e9e et transpos\u00e9e dans la loi.<\/p>\n\n<p>Ainsi, <strong>\u00e0 partir du 1er janvier 2025<\/strong>, les structures mobiles telles que les caravanes, les maisons mobiles et tous les dispositifs de couchage mobiles \u00e9quip\u00e9s de m\u00e9canismes rotatifs en fonctionnement situ\u00e9s dans les campings et les installations d&rsquo;h\u00e9bergement en plein air ne seront pas pris en compte aux fins de la repr\u00e9sentation et du recensement cadastral.  <\/p>\n\n<p>Nous rapportons les d\u00e9clarations d&rsquo;<strong>Alberto Granzotto<\/strong>, pr\u00e9sident de <em>FAITA Federcamping : <\/em>\u00ab\u00a0<em>Le r\u00e8glement r\u00e8gle enfin une question en suspens depuis des ann\u00e9es. L&rsquo;incertitude g\u00e9n\u00e9r\u00e9e par les diff\u00e9rentes interpr\u00e9tations, souvent contradictoires, a trop longtemps limit\u00e9, contrairement \u00e0 d&rsquo;autres march\u00e9s europ\u00e9ens, une plus grande diffusion dans notre pays des v\u00e9hicules d&rsquo;h\u00e9bergement mobile, des \u00e9quipements qui, au contraire, par leur nature et leurs caract\u00e9ristiques, sont bien adapt\u00e9s \u00e0 la nouvelle philosophie de vacances exprim\u00e9e par le tourisme en plein air, se configurant comme des installations \u00e0 tr\u00e8s faible impact, du plus grand int\u00e9r\u00eat pour la demande nationale et internationale pour leur qualit\u00e9, leur confort et leur durabilit\u00e9 environnementale. <\/em>\u00ab\u00a0.  <\/p>\n\n<p>Le pr\u00e9sident a conclu en d\u00e9clarant :<em>\u00ab\u00a0Je remercie le gouvernement et les minist\u00e8res du tourisme et de l&rsquo;\u00e9conomie et des finances qui, gr\u00e2ce \u00e0 cette mesure sur la non-pertinence cadastrale, permettront aux entrepreneurs d&rsquo;op\u00e9rer sereinement, mais surtout avec la certitude n\u00e9cessaire, dans la planification de leurs investissements, permettant \u00e0 Open Air d&rsquo;atteindre les niveaux de qualit\u00e9 \u00e9lev\u00e9s exig\u00e9s par une demande de plus en plus dynamique et \u00e9volu\u00e9e<\/em>\u00ab\u00a0.  <\/p>\n","protected":false},"excerpt":{"rendered":"<p>Apr\u00e8s des ann\u00e9es d&rsquo;incertitude et d&rsquo;interpr\u00e9tations subjectives d\u00e9battues par les organes administratifs, lanon-pertinence cadastrale des installations d&rsquo;h\u00e9bergement mobile install\u00e9es dans des installations d&rsquo;h\u00e9bergement touristique en plein air a \u00e9t\u00e9 d\u00e9finie, approuv\u00e9e et transpos\u00e9e dans la loi. Ainsi, \u00e0 partir du 1er janvier 2025, les structures mobiles telles que les caravanes, les maisons mobiles et tous [&hellip;]<\/p>\n","protected":false},"author":5,"featured_media":171120,"comment_status":"closed","ping_status":"closed","sticky":false,"template":"","format":"standard","meta":{"_acf_changed":false,"_monsterinsights_skip_tracking":false,"_monsterinsights_sitenote_active":false,"_monsterinsights_sitenote_note":"","_monsterinsights_sitenote_category":0,"footnotes":""},"categories":[4024],"tags":[4210,4189,4077,4262,4079],"class_list":["post-171126","post","type-post","status-publish","format-standard","has-post-thumbnail","hentry","category-actualite","tag-camping-fr-2","tag-camping-fr","tag-faita-federcamping-fr","tag-mondo-camping-fr","tag-tourisme-de-plein-air"],"acf":[],"yoast_head":"<!-- This site is optimized with the Yoast SEO plugin v27.5 - https:\/\/yoast.com\/product\/yoast-seo-wordpress\/ -->\n<title>Logements mobiles dans des installations de plein air : la non-pertinence cadastrale sanctionn\u00e9e et approuv\u00e9e<\/title>\n<meta name=\"robots\" content=\"index, follow, max-snippet:-1, max-image-preview:large, max-video-preview:-1\" \/>\n<link rel=\"canonical\" href=\"https:\/\/www.mondocamping.com\/fr\/logements-mobiles-dans-des-installations-de-plein-air-la-non-pertinence-cadastrale-sanctionnee-et-approuvee\/\" \/>\n<meta property=\"og:locale\" content=\"fr_FR\" \/>\n<meta property=\"og:type\" content=\"article\" \/>\n<meta property=\"og:title\" content=\"Logements mobiles dans des installations de plein air : la non-pertinence cadastrale sanctionn\u00e9e et approuv\u00e9e\" \/>\n<meta property=\"og:description\" content=\"Apr\u00e8s des ann\u00e9es d&rsquo;incertitude et d&rsquo;interpr\u00e9tations subjectives d\u00e9battues par les organes administratifs, lanon-pertinence cadastrale des installations d&rsquo;h\u00e9bergement mobile install\u00e9es dans des installations d&rsquo;h\u00e9bergement touristique en plein air a \u00e9t\u00e9 d\u00e9finie, approuv\u00e9e et transpos\u00e9e dans la loi. Ainsi, \u00e0 partir du 1er janvier 2025, les structures mobiles telles que les caravanes, les maisons mobiles et tous [&hellip;]\" \/>\n<meta property=\"og:url\" content=\"https:\/\/www.mondocamping.com\/fr\/logements-mobiles-dans-des-installations-de-plein-air-la-non-pertinence-cadastrale-sanctionnee-et-approuvee\/\" \/>\n<meta property=\"og:site_name\" content=\"Mondo Camping\" \/>\n<meta property=\"article:publisher\" content=\"https:\/\/www.facebook.com\/mondobalneare\" \/>\n<meta property=\"article:author\" content=\"https:\/\/www.facebook.com\/mondocamping\" \/>\n<meta property=\"article:published_time\" content=\"2024-10-09T10:13:45+00:00\" \/>\n<meta property=\"article:modified_time\" content=\"2024-10-09T10:13:46+00:00\" \/>\n<meta property=\"og:image\" content=\"https:\/\/www.mondocamping.com\/wp-content\/uploads\/2024\/10\/casa-omologata-02-2.jpg\" \/>\n\t<meta property=\"og:image:width\" content=\"1200\" \/>\n\t<meta property=\"og:image:height\" content=\"628\" \/>\n\t<meta property=\"og:image:type\" content=\"image\/jpeg\" \/>\n<meta name=\"author\" content=\"Mondo Camping\" \/>\n<meta name=\"twitter:card\" content=\"summary_large_image\" \/>\n<meta name=\"twitter:creator\" content=\"@mondobalneare\" \/>\n<meta name=\"twitter:site\" content=\"@mondobalneare\" \/>\n<meta name=\"twitter:label1\" content=\"\u00c9crit par\" \/>\n\t<meta name=\"twitter:data1\" content=\"Mondo Camping\" \/>\n\t<meta name=\"twitter:label2\" content=\"Dur\u00e9e de lecture estim\u00e9e\" \/>\n\t<meta name=\"twitter:data2\" content=\"2 minutes\" \/>\n<script type=\"application\/ld+json\" class=\"yoast-schema-graph\">{\"@context\":\"https:\\\/\\\/schema.org\",\"@graph\":[{\"@type\":\"Article\",\"@id\":\"https:\\\/\\\/www.mondocamping.com\\\/fr\\\/logements-mobiles-dans-des-installations-de-plein-air-la-non-pertinence-cadastrale-sanctionnee-et-approuvee\\\/#article\",\"isPartOf\":{\"@id\":\"https:\\\/\\\/www.mondocamping.com\\\/fr\\\/logements-mobiles-dans-des-installations-de-plein-air-la-non-pertinence-cadastrale-sanctionnee-et-approuvee\\\/\"},\"author\":{\"name\":\"Mondo Camping\",\"@id\":\"https:\\\/\\\/www.mondocamping.com\\\/#\\\/schema\\\/person\\\/01a031b8c5ef08c2204bb0e696f0a760\"},\"headline\":\"Logements mobiles dans des installations de plein air : la non-pertinence cadastrale sanctionn\u00e9e et approuv\u00e9e\",\"datePublished\":\"2024-10-09T10:13:45+00:00\",\"dateModified\":\"2024-10-09T10:13:46+00:00\",\"mainEntityOfPage\":{\"@id\":\"https:\\\/\\\/www.mondocamping.com\\\/fr\\\/logements-mobiles-dans-des-installations-de-plein-air-la-non-pertinence-cadastrale-sanctionnee-et-approuvee\\\/\"},\"wordCount\":329,\"publisher\":{\"@id\":\"https:\\\/\\\/www.mondocamping.com\\\/#organization\"},\"image\":{\"@id\":\"https:\\\/\\\/www.mondocamping.com\\\/fr\\\/logements-mobiles-dans-des-installations-de-plein-air-la-non-pertinence-cadastrale-sanctionnee-et-approuvee\\\/#primaryimage\"},\"thumbnailUrl\":\"https:\\\/\\\/www.mondocamping.com\\\/wp-content\\\/uploads\\\/2024\\\/10\\\/casa-omologata-02-2.jpg\",\"keywords\":[\"camping\",\"camping\",\"Faita Federcamping\",\"Mondo Camping\",\"Tourisme de plein air\"],\"articleSection\":[\"Actualit\u00e9\"],\"inLanguage\":\"fr-FR\"},{\"@type\":\"WebPage\",\"@id\":\"https:\\\/\\\/www.mondocamping.com\\\/fr\\\/logements-mobiles-dans-des-installations-de-plein-air-la-non-pertinence-cadastrale-sanctionnee-et-approuvee\\\/\",\"url\":\"https:\\\/\\\/www.mondocamping.com\\\/fr\\\/logements-mobiles-dans-des-installations-de-plein-air-la-non-pertinence-cadastrale-sanctionnee-et-approuvee\\\/\",\"name\":\"Logements mobiles dans des installations de plein air : la non-pertinence cadastrale sanctionn\u00e9e et approuv\u00e9e\",\"isPartOf\":{\"@id\":\"https:\\\/\\\/www.mondocamping.com\\\/#website\"},\"primaryImageOfPage\":{\"@id\":\"https:\\\/\\\/www.mondocamping.com\\\/fr\\\/logements-mobiles-dans-des-installations-de-plein-air-la-non-pertinence-cadastrale-sanctionnee-et-approuvee\\\/#primaryimage\"},\"image\":{\"@id\":\"https:\\\/\\\/www.mondocamping.com\\\/fr\\\/logements-mobiles-dans-des-installations-de-plein-air-la-non-pertinence-cadastrale-sanctionnee-et-approuvee\\\/#primaryimage\"},\"thumbnailUrl\":\"https:\\\/\\\/www.mondocamping.com\\\/wp-content\\\/uploads\\\/2024\\\/10\\\/casa-omologata-02-2.jpg\",\"datePublished\":\"2024-10-09T10:13:45+00:00\",\"dateModified\":\"2024-10-09T10:13:46+00:00\",\"breadcrumb\":{\"@id\":\"https:\\\/\\\/www.mondocamping.com\\\/fr\\\/logements-mobiles-dans-des-installations-de-plein-air-la-non-pertinence-cadastrale-sanctionnee-et-approuvee\\\/#breadcrumb\"},\"inLanguage\":\"fr-FR\",\"potentialAction\":[{\"@type\":\"ReadAction\",\"target\":[\"https:\\\/\\\/www.mondocamping.com\\\/fr\\\/logements-mobiles-dans-des-installations-de-plein-air-la-non-pertinence-cadastrale-sanctionnee-et-approuvee\\\/\"]}]},{\"@type\":\"ImageObject\",\"inLanguage\":\"fr-FR\",\"@id\":\"https:\\\/\\\/www.mondocamping.com\\\/fr\\\/logements-mobiles-dans-des-installations-de-plein-air-la-non-pertinence-cadastrale-sanctionnee-et-approuvee\\\/#primaryimage\",\"url\":\"https:\\\/\\\/www.mondocamping.com\\\/wp-content\\\/uploads\\\/2024\\\/10\\\/casa-omologata-02-2.jpg\",\"contentUrl\":\"https:\\\/\\\/www.mondocamping.com\\\/wp-content\\\/uploads\\\/2024\\\/10\\\/casa-omologata-02-2.jpg\",\"width\":1200,\"height\":628,\"caption\":\"Photo credit: vpfcase.com\"},{\"@type\":\"BreadcrumbList\",\"@id\":\"https:\\\/\\\/www.mondocamping.com\\\/fr\\\/logements-mobiles-dans-des-installations-de-plein-air-la-non-pertinence-cadastrale-sanctionnee-et-approuvee\\\/#breadcrumb\",\"itemListElement\":[{\"@type\":\"ListItem\",\"position\":1,\"name\":\"Home\",\"item\":\"https:\\\/\\\/www.mondocamping.com\\\/fr\\\/\"},{\"@type\":\"ListItem\",\"position\":2,\"name\":\"Logements mobiles dans des installations de plein air : la non-pertinence cadastrale sanctionn\u00e9e et approuv\u00e9e\"}]},{\"@type\":\"WebSite\",\"@id\":\"https:\\\/\\\/www.mondocamping.com\\\/#website\",\"url\":\"https:\\\/\\\/www.mondocamping.com\\\/\",\"name\":\"Mondo Camping\",\"description\":\"Le portail d\u00e9di\u00e9 aux gestionnaires de campings et villages touristiques\",\"publisher\":{\"@id\":\"https:\\\/\\\/www.mondocamping.com\\\/#organization\"},\"potentialAction\":[{\"@type\":\"SearchAction\",\"target\":{\"@type\":\"EntryPoint\",\"urlTemplate\":\"https:\\\/\\\/www.mondocamping.com\\\/?s={search_term_string}\"},\"query-input\":{\"@type\":\"PropertyValueSpecification\",\"valueRequired\":true,\"valueName\":\"search_term_string\"}}],\"inLanguage\":\"fr-FR\"},{\"@type\":\"Organization\",\"@id\":\"https:\\\/\\\/www.mondocamping.com\\\/#organization\",\"name\":\"Mondo Camping\",\"url\":\"https:\\\/\\\/www.mondocamping.com\\\/\",\"logo\":{\"@type\":\"ImageObject\",\"inLanguage\":\"fr-FR\",\"@id\":\"https:\\\/\\\/www.mondocamping.com\\\/#\\\/schema\\\/logo\\\/image\\\/\",\"url\":\"https:\\\/\\\/www.mondocamping.com\\\/wp-content\\\/uploads\\\/2022\\\/04\\\/mondo-camping-logo-contornato-1.png\",\"contentUrl\":\"https:\\\/\\\/www.mondocamping.com\\\/wp-content\\\/uploads\\\/2022\\\/04\\\/mondo-camping-logo-contornato-1.png\",\"width\":280,\"height\":90,\"caption\":\"Mondo Camping\"},\"image\":{\"@id\":\"https:\\\/\\\/www.mondocamping.com\\\/#\\\/schema\\\/logo\\\/image\\\/\"},\"sameAs\":[\"https:\\\/\\\/www.facebook.com\\\/mondobalneare\",\"https:\\\/\\\/x.com\\\/mondobalneare\",\"https:\\\/\\\/www.instagram.com\\\/mondobalneare\\\/\",\"https:\\\/\\\/www.linkedin.com\\\/company\\\/67180810\\\/\",\"https:\\\/\\\/www.youtube.com\\\/user\\\/mondobalnearevideo\"]},{\"@type\":\"Person\",\"@id\":\"https:\\\/\\\/www.mondocamping.com\\\/#\\\/schema\\\/person\\\/01a031b8c5ef08c2204bb0e696f0a760\",\"name\":\"Mondo Camping\",\"image\":{\"@type\":\"ImageObject\",\"inLanguage\":\"fr-FR\",\"@id\":\"https:\\\/\\\/www.mondocamping.com\\\/wp-content\\\/uploads\\\/2022\\\/05\\\/cropped-icona-MONDO-CAMPING-150x150.png\",\"url\":\"https:\\\/\\\/www.mondocamping.com\\\/wp-content\\\/uploads\\\/2022\\\/05\\\/cropped-icona-MONDO-CAMPING-150x150.png\",\"contentUrl\":\"https:\\\/\\\/www.mondocamping.com\\\/wp-content\\\/uploads\\\/2022\\\/05\\\/cropped-icona-MONDO-CAMPING-150x150.png\",\"caption\":\"Mondo Camping\"},\"sameAs\":[\"https:\\\/\\\/www.mondocamping.com\\\/\",\"https:\\\/\\\/www.facebook.com\\\/mondocamping\"]}]}<\/script>\n<!-- \/ Yoast SEO plugin. -->","yoast_head_json":{"title":"Logements mobiles dans des installations de plein air : la non-pertinence cadastrale sanctionn\u00e9e et approuv\u00e9e","robots":{"index":"index","follow":"follow","max-snippet":"max-snippet:-1","max-image-preview":"max-image-preview:large","max-video-preview":"max-video-preview:-1"},"canonical":"https:\/\/www.mondocamping.com\/fr\/logements-mobiles-dans-des-installations-de-plein-air-la-non-pertinence-cadastrale-sanctionnee-et-approuvee\/","og_locale":"fr_FR","og_type":"article","og_title":"Logements mobiles dans des installations de plein air : la non-pertinence cadastrale sanctionn\u00e9e et approuv\u00e9e","og_description":"Apr\u00e8s des ann\u00e9es d&rsquo;incertitude et d&rsquo;interpr\u00e9tations subjectives d\u00e9battues par les organes administratifs, lanon-pertinence cadastrale des installations d&rsquo;h\u00e9bergement mobile install\u00e9es dans des installations d&rsquo;h\u00e9bergement touristique en plein air a \u00e9t\u00e9 d\u00e9finie, approuv\u00e9e et transpos\u00e9e dans la loi. Ainsi, \u00e0 partir du 1er janvier 2025, les structures mobiles telles que les caravanes, les maisons mobiles et tous [&hellip;]","og_url":"https:\/\/www.mondocamping.com\/fr\/logements-mobiles-dans-des-installations-de-plein-air-la-non-pertinence-cadastrale-sanctionnee-et-approuvee\/","og_site_name":"Mondo Camping","article_publisher":"https:\/\/www.facebook.com\/mondobalneare","article_author":"https:\/\/www.facebook.com\/mondocamping","article_published_time":"2024-10-09T10:13:45+00:00","article_modified_time":"2024-10-09T10:13:46+00:00","og_image":[{"width":1200,"height":628,"url":"https:\/\/www.mondocamping.com\/wp-content\/uploads\/2024\/10\/casa-omologata-02-2.jpg","type":"image\/jpeg"}],"author":"Mondo Camping","twitter_card":"summary_large_image","twitter_creator":"@mondobalneare","twitter_site":"@mondobalneare","twitter_misc":{"\u00c9crit par":"Mondo Camping","Dur\u00e9e de lecture estim\u00e9e":"2 minutes"},"schema":{"@context":"https:\/\/schema.org","@graph":[{"@type":"Article","@id":"https:\/\/www.mondocamping.com\/fr\/logements-mobiles-dans-des-installations-de-plein-air-la-non-pertinence-cadastrale-sanctionnee-et-approuvee\/#article","isPartOf":{"@id":"https:\/\/www.mondocamping.com\/fr\/logements-mobiles-dans-des-installations-de-plein-air-la-non-pertinence-cadastrale-sanctionnee-et-approuvee\/"},"author":{"name":"Mondo Camping","@id":"https:\/\/www.mondocamping.com\/#\/schema\/person\/01a031b8c5ef08c2204bb0e696f0a760"},"headline":"Logements mobiles dans des installations de plein air : la non-pertinence cadastrale sanctionn\u00e9e et approuv\u00e9e","datePublished":"2024-10-09T10:13:45+00:00","dateModified":"2024-10-09T10:13:46+00:00","mainEntityOfPage":{"@id":"https:\/\/www.mondocamping.com\/fr\/logements-mobiles-dans-des-installations-de-plein-air-la-non-pertinence-cadastrale-sanctionnee-et-approuvee\/"},"wordCount":329,"publisher":{"@id":"https:\/\/www.mondocamping.com\/#organization"},"image":{"@id":"https:\/\/www.mondocamping.com\/fr\/logements-mobiles-dans-des-installations-de-plein-air-la-non-pertinence-cadastrale-sanctionnee-et-approuvee\/#primaryimage"},"thumbnailUrl":"https:\/\/www.mondocamping.com\/wp-content\/uploads\/2024\/10\/casa-omologata-02-2.jpg","keywords":["camping","camping","Faita Federcamping","Mondo Camping","Tourisme de plein air"],"articleSection":["Actualit\u00e9"],"inLanguage":"fr-FR"},{"@type":"WebPage","@id":"https:\/\/www.mondocamping.com\/fr\/logements-mobiles-dans-des-installations-de-plein-air-la-non-pertinence-cadastrale-sanctionnee-et-approuvee\/","url":"https:\/\/www.mondocamping.com\/fr\/logements-mobiles-dans-des-installations-de-plein-air-la-non-pertinence-cadastrale-sanctionnee-et-approuvee\/","name":"Logements mobiles dans des installations de plein air : la non-pertinence cadastrale sanctionn\u00e9e et approuv\u00e9e","isPartOf":{"@id":"https:\/\/www.mondocamping.com\/#website"},"primaryImageOfPage":{"@id":"https:\/\/www.mondocamping.com\/fr\/logements-mobiles-dans-des-installations-de-plein-air-la-non-pertinence-cadastrale-sanctionnee-et-approuvee\/#primaryimage"},"image":{"@id":"https:\/\/www.mondocamping.com\/fr\/logements-mobiles-dans-des-installations-de-plein-air-la-non-pertinence-cadastrale-sanctionnee-et-approuvee\/#primaryimage"},"thumbnailUrl":"https:\/\/www.mondocamping.com\/wp-content\/uploads\/2024\/10\/casa-omologata-02-2.jpg","datePublished":"2024-10-09T10:13:45+00:00","dateModified":"2024-10-09T10:13:46+00:00","breadcrumb":{"@id":"https:\/\/www.mondocamping.com\/fr\/logements-mobiles-dans-des-installations-de-plein-air-la-non-pertinence-cadastrale-sanctionnee-et-approuvee\/#breadcrumb"},"inLanguage":"fr-FR","potentialAction":[{"@type":"ReadAction","target":["https:\/\/www.mondocamping.com\/fr\/logements-mobiles-dans-des-installations-de-plein-air-la-non-pertinence-cadastrale-sanctionnee-et-approuvee\/"]}]},{"@type":"ImageObject","inLanguage":"fr-FR","@id":"https:\/\/www.mondocamping.com\/fr\/logements-mobiles-dans-des-installations-de-plein-air-la-non-pertinence-cadastrale-sanctionnee-et-approuvee\/#primaryimage","url":"https:\/\/www.mondocamping.com\/wp-content\/uploads\/2024\/10\/casa-omologata-02-2.jpg","contentUrl":"https:\/\/www.mondocamping.com\/wp-content\/uploads\/2024\/10\/casa-omologata-02-2.jpg","width":1200,"height":628,"caption":"Photo credit: vpfcase.com"},{"@type":"BreadcrumbList","@id":"https:\/\/www.mondocamping.com\/fr\/logements-mobiles-dans-des-installations-de-plein-air-la-non-pertinence-cadastrale-sanctionnee-et-approuvee\/#breadcrumb","itemListElement":[{"@type":"ListItem","position":1,"name":"Home","item":"https:\/\/www.mondocamping.com\/fr\/"},{"@type":"ListItem","position":2,"name":"Logements mobiles dans des installations de plein air : la non-pertinence cadastrale sanctionn\u00e9e et approuv\u00e9e"}]},{"@type":"WebSite","@id":"https:\/\/www.mondocamping.com\/#website","url":"https:\/\/www.mondocamping.com\/","name":"Mondo Camping","description":"Le portail d\u00e9di\u00e9 aux gestionnaires de campings et villages touristiques","publisher":{"@id":"https:\/\/www.mondocamping.com\/#organization"},"potentialAction":[{"@type":"SearchAction","target":{"@type":"EntryPoint","urlTemplate":"https:\/\/www.mondocamping.com\/?s={search_term_string}"},"query-input":{"@type":"PropertyValueSpecification","valueRequired":true,"valueName":"search_term_string"}}],"inLanguage":"fr-FR"},{"@type":"Organization","@id":"https:\/\/www.mondocamping.com\/#organization","name":"Mondo Camping","url":"https:\/\/www.mondocamping.com\/","logo":{"@type":"ImageObject","inLanguage":"fr-FR","@id":"https:\/\/www.mondocamping.com\/#\/schema\/logo\/image\/","url":"https:\/\/www.mondocamping.com\/wp-content\/uploads\/2022\/04\/mondo-camping-logo-contornato-1.png","contentUrl":"https:\/\/www.mondocamping.com\/wp-content\/uploads\/2022\/04\/mondo-camping-logo-contornato-1.png","width":280,"height":90,"caption":"Mondo Camping"},"image":{"@id":"https:\/\/www.mondocamping.com\/#\/schema\/logo\/image\/"},"sameAs":["https:\/\/www.facebook.com\/mondobalneare","https:\/\/x.com\/mondobalneare","https:\/\/www.instagram.com\/mondobalneare\/","https:\/\/www.linkedin.com\/company\/67180810\/","https:\/\/www.youtube.com\/user\/mondobalnearevideo"]},{"@type":"Person","@id":"https:\/\/www.mondocamping.com\/#\/schema\/person\/01a031b8c5ef08c2204bb0e696f0a760","name":"Mondo Camping","image":{"@type":"ImageObject","inLanguage":"fr-FR","@id":"https:\/\/www.mondocamping.com\/wp-content\/uploads\/2022\/05\/cropped-icona-MONDO-CAMPING-150x150.png","url":"https:\/\/www.mondocamping.com\/wp-content\/uploads\/2022\/05\/cropped-icona-MONDO-CAMPING-150x150.png","contentUrl":"https:\/\/www.mondocamping.com\/wp-content\/uploads\/2022\/05\/cropped-icona-MONDO-CAMPING-150x150.png","caption":"Mondo Camping"},"sameAs":["https:\/\/www.mondocamping.com\/","https:\/\/www.facebook.com\/mondocamping"]}]}},"_links":{"self":[{"href":"https:\/\/www.mondocamping.com\/fr\/wp-json\/wp\/v2\/posts\/171126","targetHints":{"allow":["GET"]}}],"collection":[{"href":"https:\/\/www.mondocamping.com\/fr\/wp-json\/wp\/v2\/posts"}],"about":[{"href":"https:\/\/www.mondocamping.com\/fr\/wp-json\/wp\/v2\/types\/post"}],"author":[{"embeddable":true,"href":"https:\/\/www.mondocamping.com\/fr\/wp-json\/wp\/v2\/users\/5"}],"replies":[{"embeddable":true,"href":"https:\/\/www.mondocamping.com\/fr\/wp-json\/wp\/v2\/comments?post=171126"}],"version-history":[{"count":1,"href":"https:\/\/www.mondocamping.com\/fr\/wp-json\/wp\/v2\/posts\/171126\/revisions"}],"predecessor-version":[{"id":171127,"href":"https:\/\/www.mondocamping.com\/fr\/wp-json\/wp\/v2\/posts\/171126\/revisions\/171127"}],"wp:featuredmedia":[{"embeddable":true,"href":"https:\/\/www.mondocamping.com\/fr\/wp-json\/wp\/v2\/media\/171120"}],"wp:attachment":[{"href":"https:\/\/www.mondocamping.com\/fr\/wp-json\/wp\/v2\/media?parent=171126"}],"wp:term":[{"taxonomy":"category","embeddable":true,"href":"https:\/\/www.mondocamping.com\/fr\/wp-json\/wp\/v2\/categories?post=171126"},{"taxonomy":"post_tag","embeddable":true,"href":"https:\/\/www.mondocamping.com\/fr\/wp-json\/wp\/v2\/tags?post=171126"}],"curies":[{"name":"wp","href":"https:\/\/api.w.org\/{rel}","templated":true}]}}