{"id":171290,"date":"2024-10-16T18:07:56","date_gmt":"2024-10-16T16:07:56","guid":{"rendered":"https:\/\/www.mondocamping.com\/lautomne-en-glamping-des-vacances-avec-le-coeur-pour-vivre-la-nature-et-admirer-le-feuillage\/"},"modified":"2024-10-16T18:07:58","modified_gmt":"2024-10-16T16:07:58","slug":"lautomne-en-glamping-des-vacances-avec-le-coeur-pour-vivre-la-nature-et-admirer-le-feuillage","status":"publish","type":"post","link":"https:\/\/www.mondocamping.com\/fr\/lautomne-en-glamping-des-vacances-avec-le-coeur-pour-vivre-la-nature-et-admirer-le-feuillage\/","title":{"rendered":"L&rsquo;automne en glamping : des vacances avec le c\u0153ur pour vivre la nature et admirer le feuillage"},"content":{"rendered":"\n<p>Vivre les mois les plus froids de l&rsquo;ann\u00e9e en contact \u00e9troit avec la nature n&rsquo;est plus une limitation pour la derni\u00e8re g\u00e9n\u00e9ration d&rsquo;installations de glamping, mais une occasion de vivre de nouvelles aventures passionnantes et des exp\u00e9riences inoubliables avec toute la famille, en couple ou entre amis.  <\/p>\n\n<p>Des exp\u00e9riences \u00e0 vivre \u00e0 cette saison, pour en savourer l&rsquo;essence authentique, en d\u00e9couvrant que m\u00eame les jours les plus sombres peuvent offrir des spectacles color\u00e9s comme les <em>feuillages<\/em>, la beaut\u00e9 des couleurs chaudes des feuilles d&rsquo;automne qui habillent les paysages de mille nuances.<\/p>\n\n<p><strong>La nouvelle tendance des vacances en plein air, c&rsquo;est l&rsquo;automne\/hiver<\/strong>, \u00e0 passer dans le confort chaleureux des structures glamping. C&rsquo;est ainsi que la marque italo-n\u00e9erlandaise <strong>Vacanze con cuore<\/strong>, qui r\u00e9volutionne le concept de l&rsquo;habitat de luxe en plein air en limitant l&rsquo;impact sur l&rsquo;environnement gr\u00e2ce \u00e0 son mod\u00e8le d'\u00a0\u00bbh\u00f4tellerie horizontale\u00a0\u00bb, mise sur la formule <em><strong>\u00ab\u00a0la formule \u00ab\u00a0Winter Glamping<\/strong><\/em> depuis quatre ans, un concept qui d\u00e9passe le bin\u00f4me camping-\u00e9t\u00e9 et s&rsquo;\u00e9tend \u00e0 la saison froide de l&rsquo;ann\u00e9e.   <\/p>\n\n<p><strong>Un tourisme de plein air plus avanc\u00e9 d\u00e9saisonnalise sa proposition<\/strong>, comme l&rsquo;explique<em> <strong>Loek van de Loo<\/strong><\/em>cr\u00e9ateur de la marque <em>Holidays with Heart<\/em>:<em>\u00ab\u00a0Gr\u00e2ce \u00e0 des installations de plus en plus confortables et bien entretenues, comme un int\u00e9rieur domestique, nous sommes en mesure d&rsquo;ouvrir nos portes m\u00eame pendant la saison des feuillages (qui vient de commencer) et jusqu&rsquo;\u00e0 la fin des vacances de No\u00ebl.\u00a0\u00bb<\/em><\/p>\n\n<p>Elle se poursuit :  <em>\u00ab\u00a0L&rsquo;h\u00e9bergement pendant ces semaines est entour\u00e9 d&rsquo;une nature puissante et cam\u00e9l\u00e9on et d&rsquo;une vari\u00e9t\u00e9 de services de haut niveau tels que le bien-\u00eatre en plein air avec sauna et bain \u00e0 remous. Pour le plaisir du palais, le bistrot de la station vous accueille avec une tr\u00e8s belle s\u00e9lection de plats et de vins de la r\u00e9gion, et la richesse de l&rsquo;environnement vous donne l&rsquo;occasion de d\u00e9couvrir la r\u00e9gion avec des excursions naturelles et culturelles, \u00e0 deux pas de notre station. Une excellente occasion de passer un week-end alternatif pour ceux qui n&rsquo;ont jamais exp\u00e9riment\u00e9 le glamping, mais aussi une invitation \u00e0 revenir pour ceux qui nous connaissent d\u00e9j\u00e0.  <\/em>\u00ab\u00a0.  <\/p>\n\n<h2 class=\"wp-block-heading\">Automne au lac<\/h2>\n\n<p>Les exp\u00e9riences de glamping ne connaissent pas de saisons et offrent des \u00e9motions uniques, immerg\u00e9es dans de magnifiques paysages naturels tels que le <strong>lac d&rsquo;Idro<\/strong> dans la province de Brescia. C&rsquo;est ici que na\u00eet la <a href=\"https:\/\/www.lagoidroglampingboutique.com\/it\/?gad_source=1&amp;gbraid=0AAAAAC3RbBL2KNLJNj5xY4oJU1dySz3kv&amp;gclid=Cj0KCQjwyL24BhCtARIsALo0fSDeaFL15uRIB7CleZaVTrAApszBUk6ef9DIuaeA7fgsjqv2V_-KsCQaAjJjEALw_wcB\"><strong><em>Lake Idro Glamping Boutique<\/em><\/strong> <\/a>de <em>Vacanze col Cuore<\/em>, dans la ville d&rsquo;<em> Anfo<\/em>. Il s&rsquo;agit d&rsquo;un petit glamping qui vous accueille dans de confortables suites cubiques avec terrasse panoramique ou dans de grands mobil-homes pour toute la famille, situ\u00e9s \u00e0 proximit\u00e9 du bord du lac.    <\/p>\n\n<p>C&rsquo;est l&rsquo;endroit id\u00e9al pour admirer le feuillage et profiter des nombreuses activit\u00e9s de plein air de la r\u00e9gion, ou pour explorer les destinations voisines telles que le <em>mont Maniva<\/em> et <em>Bagolino<\/em>, un petit centre montagneux qui domine la <em>vall\u00e9e Sabbia<\/em>, ou pour profiter de quelques exp\u00e9riences gastronomiques et vinicoles afin de d\u00e9couvrir les sp\u00e9cialit\u00e9s locales et les d\u00e9lices d&rsquo;automne de la r\u00e9gion.  <\/p>\n\n<p><\/p>\n","protected":false},"excerpt":{"rendered":"<p>Vivre les mois les plus froids de l&rsquo;ann\u00e9e en contact \u00e9troit avec la nature n&rsquo;est plus une limitation pour la derni\u00e8re g\u00e9n\u00e9ration d&rsquo;installations de glamping, mais une occasion de vivre de nouvelles aventures passionnantes et des exp\u00e9riences inoubliables avec toute la famille, en couple ou entre amis. Des exp\u00e9riences \u00e0 vivre \u00e0 cette saison, pour [&hellip;]<\/p>\n","protected":false},"author":180,"featured_media":171280,"comment_status":"closed","ping_status":"closed","sticky":false,"template":"","format":"standard","meta":{"_acf_changed":false,"_monsterinsights_skip_tracking":false,"_monsterinsights_sitenote_active":false,"_monsterinsights_sitenote_note":"","_monsterinsights_sitenote_category":0,"footnotes":""},"categories":[4024],"tags":[4189,4210,6305,6559,4262,4079],"class_list":["post-171290","post","type-post","status-publish","format-standard","has-post-thumbnail","hentry","category-actualite","tag-camping-fr","tag-camping-fr-2","tag-des-vacances-qui-ont-du-coeur","tag-lake-hydro-glamping-boutique","tag-mondo-camping-fr","tag-tourisme-de-plein-air"],"acf":[],"yoast_head":"<!-- This site is optimized with the Yoast SEO plugin v27.5 - https:\/\/yoast.com\/product\/yoast-seo-wordpress\/ -->\n<title>L&#039;automne en glamping : des vacances avec le c\u0153ur pour vivre la nature et admirer le feuillage<\/title>\n<meta name=\"robots\" content=\"index, follow, max-snippet:-1, max-image-preview:large, max-video-preview:-1\" \/>\n<link rel=\"canonical\" href=\"https:\/\/www.mondocamping.com\/fr\/lautomne-en-glamping-des-vacances-avec-le-coeur-pour-vivre-la-nature-et-admirer-le-feuillage\/\" \/>\n<meta property=\"og:locale\" content=\"fr_FR\" \/>\n<meta property=\"og:type\" content=\"article\" \/>\n<meta property=\"og:title\" content=\"L&#039;automne en glamping : des vacances avec le c\u0153ur pour vivre la nature et admirer le feuillage\" \/>\n<meta property=\"og:description\" content=\"Vivre les mois les plus froids de l&rsquo;ann\u00e9e en contact \u00e9troit avec la nature n&rsquo;est plus une limitation pour la derni\u00e8re g\u00e9n\u00e9ration d&rsquo;installations de glamping, mais une occasion de vivre de nouvelles aventures passionnantes et des exp\u00e9riences inoubliables avec toute la famille, en couple ou entre amis. Des exp\u00e9riences \u00e0 vivre \u00e0 cette saison, pour [&hellip;]\" \/>\n<meta property=\"og:url\" content=\"https:\/\/www.mondocamping.com\/fr\/lautomne-en-glamping-des-vacances-avec-le-coeur-pour-vivre-la-nature-et-admirer-le-feuillage\/\" \/>\n<meta property=\"og:site_name\" content=\"Mondo Camping\" \/>\n<meta property=\"article:publisher\" content=\"https:\/\/www.facebook.com\/mondobalneare\" \/>\n<meta property=\"article:published_time\" content=\"2024-10-16T16:07:56+00:00\" \/>\n<meta property=\"article:modified_time\" content=\"2024-10-16T16:07:58+00:00\" \/>\n<meta property=\"og:image\" content=\"https:\/\/www.mondocamping.com\/wp-content\/uploads\/2024\/10\/VACANZE-COL-CUORE-LAGO-IDRO-Autunno24-Christmas-Glamping-Vacanze-col-Cuore-Lago-Idro-Glamping-Boutique-\u00a9Vlad-Moia_VLD8172-2.jpg\" \/>\n\t<meta property=\"og:image:width\" content=\"1200\" \/>\n\t<meta property=\"og:image:height\" content=\"628\" \/>\n\t<meta property=\"og:image:type\" content=\"image\/jpeg\" \/>\n<meta name=\"author\" content=\"Elena Bittante\" \/>\n<meta name=\"twitter:card\" content=\"summary_large_image\" \/>\n<meta name=\"twitter:creator\" content=\"@mondobalneare\" \/>\n<meta name=\"twitter:site\" content=\"@mondobalneare\" \/>\n<meta name=\"twitter:label1\" content=\"\u00c9crit par\" \/>\n\t<meta name=\"twitter:data1\" content=\"Elena Bittante\" \/>\n\t<meta name=\"twitter:label2\" content=\"Dur\u00e9e de lecture estim\u00e9e\" \/>\n\t<meta name=\"twitter:data2\" content=\"3 minutes\" \/>\n<script type=\"application\/ld+json\" class=\"yoast-schema-graph\">{\"@context\":\"https:\\\/\\\/schema.org\",\"@graph\":[{\"@type\":\"Article\",\"@id\":\"https:\\\/\\\/www.mondocamping.com\\\/fr\\\/lautomne-en-glamping-des-vacances-avec-le-coeur-pour-vivre-la-nature-et-admirer-le-feuillage\\\/#article\",\"isPartOf\":{\"@id\":\"https:\\\/\\\/www.mondocamping.com\\\/fr\\\/lautomne-en-glamping-des-vacances-avec-le-coeur-pour-vivre-la-nature-et-admirer-le-feuillage\\\/\"},\"author\":{\"name\":\"Elena Bittante\",\"@id\":\"https:\\\/\\\/www.mondocamping.com\\\/#\\\/schema\\\/person\\\/29a618cccb1b5f985a2ca4ea3a155c08\"},\"headline\":\"L&rsquo;automne en glamping : des vacances avec le c\u0153ur pour vivre la nature et admirer le feuillage\",\"datePublished\":\"2024-10-16T16:07:56+00:00\",\"dateModified\":\"2024-10-16T16:07:58+00:00\",\"mainEntityOfPage\":{\"@id\":\"https:\\\/\\\/www.mondocamping.com\\\/fr\\\/lautomne-en-glamping-des-vacances-avec-le-coeur-pour-vivre-la-nature-et-admirer-le-feuillage\\\/\"},\"wordCount\":576,\"publisher\":{\"@id\":\"https:\\\/\\\/www.mondocamping.com\\\/#organization\"},\"image\":{\"@id\":\"https:\\\/\\\/www.mondocamping.com\\\/fr\\\/lautomne-en-glamping-des-vacances-avec-le-coeur-pour-vivre-la-nature-et-admirer-le-feuillage\\\/#primaryimage\"},\"thumbnailUrl\":\"https:\\\/\\\/www.mondocamping.com\\\/wp-content\\\/uploads\\\/2024\\\/10\\\/VACANZE-COL-CUORE-LAGO-IDRO-Autunno24-Christmas-Glamping-Vacanze-col-Cuore-Lago-Idro-Glamping-Boutique-\u00a9Vlad-Moia_VLD8172-2.jpg\",\"keywords\":[\"camping\",\"camping\",\"Des vacances qui ont du c\u0153ur\",\"Lake Hydro Glamping Boutique\",\"Mondo Camping\",\"Tourisme de plein air\"],\"articleSection\":[\"Actualit\u00e9\"],\"inLanguage\":\"fr-FR\"},{\"@type\":\"WebPage\",\"@id\":\"https:\\\/\\\/www.mondocamping.com\\\/fr\\\/lautomne-en-glamping-des-vacances-avec-le-coeur-pour-vivre-la-nature-et-admirer-le-feuillage\\\/\",\"url\":\"https:\\\/\\\/www.mondocamping.com\\\/fr\\\/lautomne-en-glamping-des-vacances-avec-le-coeur-pour-vivre-la-nature-et-admirer-le-feuillage\\\/\",\"name\":\"L'automne en glamping : des vacances avec le c\u0153ur pour vivre la nature et admirer le feuillage\",\"isPartOf\":{\"@id\":\"https:\\\/\\\/www.mondocamping.com\\\/#website\"},\"primaryImageOfPage\":{\"@id\":\"https:\\\/\\\/www.mondocamping.com\\\/fr\\\/lautomne-en-glamping-des-vacances-avec-le-coeur-pour-vivre-la-nature-et-admirer-le-feuillage\\\/#primaryimage\"},\"image\":{\"@id\":\"https:\\\/\\\/www.mondocamping.com\\\/fr\\\/lautomne-en-glamping-des-vacances-avec-le-coeur-pour-vivre-la-nature-et-admirer-le-feuillage\\\/#primaryimage\"},\"thumbnailUrl\":\"https:\\\/\\\/www.mondocamping.com\\\/wp-content\\\/uploads\\\/2024\\\/10\\\/VACANZE-COL-CUORE-LAGO-IDRO-Autunno24-Christmas-Glamping-Vacanze-col-Cuore-Lago-Idro-Glamping-Boutique-\u00a9Vlad-Moia_VLD8172-2.jpg\",\"datePublished\":\"2024-10-16T16:07:56+00:00\",\"dateModified\":\"2024-10-16T16:07:58+00:00\",\"breadcrumb\":{\"@id\":\"https:\\\/\\\/www.mondocamping.com\\\/fr\\\/lautomne-en-glamping-des-vacances-avec-le-coeur-pour-vivre-la-nature-et-admirer-le-feuillage\\\/#breadcrumb\"},\"inLanguage\":\"fr-FR\",\"potentialAction\":[{\"@type\":\"ReadAction\",\"target\":[\"https:\\\/\\\/www.mondocamping.com\\\/fr\\\/lautomne-en-glamping-des-vacances-avec-le-coeur-pour-vivre-la-nature-et-admirer-le-feuillage\\\/\"]}]},{\"@type\":\"ImageObject\",\"inLanguage\":\"fr-FR\",\"@id\":\"https:\\\/\\\/www.mondocamping.com\\\/fr\\\/lautomne-en-glamping-des-vacances-avec-le-coeur-pour-vivre-la-nature-et-admirer-le-feuillage\\\/#primaryimage\",\"url\":\"https:\\\/\\\/www.mondocamping.com\\\/wp-content\\\/uploads\\\/2024\\\/10\\\/VACANZE-COL-CUORE-LAGO-IDRO-Autunno24-Christmas-Glamping-Vacanze-col-Cuore-Lago-Idro-Glamping-Boutique-\u00a9Vlad-Moia_VLD8172-2.jpg\",\"contentUrl\":\"https:\\\/\\\/www.mondocamping.com\\\/wp-content\\\/uploads\\\/2024\\\/10\\\/VACANZE-COL-CUORE-LAGO-IDRO-Autunno24-Christmas-Glamping-Vacanze-col-Cuore-Lago-Idro-Glamping-Boutique-\u00a9Vlad-Moia_VLD8172-2.jpg\",\"width\":1200,\"height\":628,\"caption\":\"Lago Idro Glamping Boutique, Vacanze col Cuore\"},{\"@type\":\"BreadcrumbList\",\"@id\":\"https:\\\/\\\/www.mondocamping.com\\\/fr\\\/lautomne-en-glamping-des-vacances-avec-le-coeur-pour-vivre-la-nature-et-admirer-le-feuillage\\\/#breadcrumb\",\"itemListElement\":[{\"@type\":\"ListItem\",\"position\":1,\"name\":\"Home\",\"item\":\"https:\\\/\\\/www.mondocamping.com\\\/fr\\\/\"},{\"@type\":\"ListItem\",\"position\":2,\"name\":\"L&rsquo;automne en glamping : des vacances avec le c\u0153ur pour vivre la nature et admirer le feuillage\"}]},{\"@type\":\"WebSite\",\"@id\":\"https:\\\/\\\/www.mondocamping.com\\\/#website\",\"url\":\"https:\\\/\\\/www.mondocamping.com\\\/\",\"name\":\"Mondo Camping\",\"description\":\"Le portail d\u00e9di\u00e9 aux gestionnaires de campings et villages touristiques\",\"publisher\":{\"@id\":\"https:\\\/\\\/www.mondocamping.com\\\/#organization\"},\"potentialAction\":[{\"@type\":\"SearchAction\",\"target\":{\"@type\":\"EntryPoint\",\"urlTemplate\":\"https:\\\/\\\/www.mondocamping.com\\\/?s={search_term_string}\"},\"query-input\":{\"@type\":\"PropertyValueSpecification\",\"valueRequired\":true,\"valueName\":\"search_term_string\"}}],\"inLanguage\":\"fr-FR\"},{\"@type\":\"Organization\",\"@id\":\"https:\\\/\\\/www.mondocamping.com\\\/#organization\",\"name\":\"Mondo Camping\",\"url\":\"https:\\\/\\\/www.mondocamping.com\\\/\",\"logo\":{\"@type\":\"ImageObject\",\"inLanguage\":\"fr-FR\",\"@id\":\"https:\\\/\\\/www.mondocamping.com\\\/#\\\/schema\\\/logo\\\/image\\\/\",\"url\":\"https:\\\/\\\/www.mondocamping.com\\\/wp-content\\\/uploads\\\/2022\\\/04\\\/mondo-camping-logo-contornato-1.png\",\"contentUrl\":\"https:\\\/\\\/www.mondocamping.com\\\/wp-content\\\/uploads\\\/2022\\\/04\\\/mondo-camping-logo-contornato-1.png\",\"width\":280,\"height\":90,\"caption\":\"Mondo Camping\"},\"image\":{\"@id\":\"https:\\\/\\\/www.mondocamping.com\\\/#\\\/schema\\\/logo\\\/image\\\/\"},\"sameAs\":[\"https:\\\/\\\/www.facebook.com\\\/mondobalneare\",\"https:\\\/\\\/x.com\\\/mondobalneare\",\"https:\\\/\\\/www.instagram.com\\\/mondobalneare\\\/\",\"https:\\\/\\\/www.linkedin.com\\\/company\\\/67180810\\\/\",\"https:\\\/\\\/www.youtube.com\\\/user\\\/mondobalnearevideo\"]},{\"@type\":\"Person\",\"@id\":\"https:\\\/\\\/www.mondocamping.com\\\/#\\\/schema\\\/person\\\/29a618cccb1b5f985a2ca4ea3a155c08\",\"name\":\"Elena Bittante\",\"image\":{\"@type\":\"ImageObject\",\"inLanguage\":\"fr-FR\",\"@id\":\"https:\\\/\\\/www.mondocamping.com\\\/wp-content\\\/uploads\\\/2024\\\/01\\\/elena-bittante-150x150.jpg\",\"url\":\"https:\\\/\\\/www.mondocamping.com\\\/wp-content\\\/uploads\\\/2024\\\/01\\\/elena-bittante-150x150.jpg\",\"contentUrl\":\"https:\\\/\\\/www.mondocamping.com\\\/wp-content\\\/uploads\\\/2024\\\/01\\\/elena-bittante-150x150.jpg\",\"caption\":\"Elena Bittante\"}}]}<\/script>\n<!-- \/ Yoast SEO plugin. -->","yoast_head_json":{"title":"L'automne en glamping : des vacances avec le c\u0153ur pour vivre la nature et admirer le feuillage","robots":{"index":"index","follow":"follow","max-snippet":"max-snippet:-1","max-image-preview":"max-image-preview:large","max-video-preview":"max-video-preview:-1"},"canonical":"https:\/\/www.mondocamping.com\/fr\/lautomne-en-glamping-des-vacances-avec-le-coeur-pour-vivre-la-nature-et-admirer-le-feuillage\/","og_locale":"fr_FR","og_type":"article","og_title":"L'automne en glamping : des vacances avec le c\u0153ur pour vivre la nature et admirer le feuillage","og_description":"Vivre les mois les plus froids de l&rsquo;ann\u00e9e en contact \u00e9troit avec la nature n&rsquo;est plus une limitation pour la derni\u00e8re g\u00e9n\u00e9ration d&rsquo;installations de glamping, mais une occasion de vivre de nouvelles aventures passionnantes et des exp\u00e9riences inoubliables avec toute la famille, en couple ou entre amis. Des exp\u00e9riences \u00e0 vivre \u00e0 cette saison, pour [&hellip;]","og_url":"https:\/\/www.mondocamping.com\/fr\/lautomne-en-glamping-des-vacances-avec-le-coeur-pour-vivre-la-nature-et-admirer-le-feuillage\/","og_site_name":"Mondo Camping","article_publisher":"https:\/\/www.facebook.com\/mondobalneare","article_published_time":"2024-10-16T16:07:56+00:00","article_modified_time":"2024-10-16T16:07:58+00:00","og_image":[{"width":1200,"height":628,"url":"https:\/\/www.mondocamping.com\/wp-content\/uploads\/2024\/10\/VACANZE-COL-CUORE-LAGO-IDRO-Autunno24-Christmas-Glamping-Vacanze-col-Cuore-Lago-Idro-Glamping-Boutique-\u00a9Vlad-Moia_VLD8172-2.jpg","type":"image\/jpeg"}],"author":"Elena Bittante","twitter_card":"summary_large_image","twitter_creator":"@mondobalneare","twitter_site":"@mondobalneare","twitter_misc":{"\u00c9crit par":"Elena Bittante","Dur\u00e9e de lecture estim\u00e9e":"3 minutes"},"schema":{"@context":"https:\/\/schema.org","@graph":[{"@type":"Article","@id":"https:\/\/www.mondocamping.com\/fr\/lautomne-en-glamping-des-vacances-avec-le-coeur-pour-vivre-la-nature-et-admirer-le-feuillage\/#article","isPartOf":{"@id":"https:\/\/www.mondocamping.com\/fr\/lautomne-en-glamping-des-vacances-avec-le-coeur-pour-vivre-la-nature-et-admirer-le-feuillage\/"},"author":{"name":"Elena Bittante","@id":"https:\/\/www.mondocamping.com\/#\/schema\/person\/29a618cccb1b5f985a2ca4ea3a155c08"},"headline":"L&rsquo;automne en glamping : des vacances avec le c\u0153ur pour vivre la nature et admirer le feuillage","datePublished":"2024-10-16T16:07:56+00:00","dateModified":"2024-10-16T16:07:58+00:00","mainEntityOfPage":{"@id":"https:\/\/www.mondocamping.com\/fr\/lautomne-en-glamping-des-vacances-avec-le-coeur-pour-vivre-la-nature-et-admirer-le-feuillage\/"},"wordCount":576,"publisher":{"@id":"https:\/\/www.mondocamping.com\/#organization"},"image":{"@id":"https:\/\/www.mondocamping.com\/fr\/lautomne-en-glamping-des-vacances-avec-le-coeur-pour-vivre-la-nature-et-admirer-le-feuillage\/#primaryimage"},"thumbnailUrl":"https:\/\/www.mondocamping.com\/wp-content\/uploads\/2024\/10\/VACANZE-COL-CUORE-LAGO-IDRO-Autunno24-Christmas-Glamping-Vacanze-col-Cuore-Lago-Idro-Glamping-Boutique-\u00a9Vlad-Moia_VLD8172-2.jpg","keywords":["camping","camping","Des vacances qui ont du c\u0153ur","Lake Hydro Glamping Boutique","Mondo Camping","Tourisme de plein air"],"articleSection":["Actualit\u00e9"],"inLanguage":"fr-FR"},{"@type":"WebPage","@id":"https:\/\/www.mondocamping.com\/fr\/lautomne-en-glamping-des-vacances-avec-le-coeur-pour-vivre-la-nature-et-admirer-le-feuillage\/","url":"https:\/\/www.mondocamping.com\/fr\/lautomne-en-glamping-des-vacances-avec-le-coeur-pour-vivre-la-nature-et-admirer-le-feuillage\/","name":"L'automne en glamping : des vacances avec le c\u0153ur pour vivre la nature et admirer le feuillage","isPartOf":{"@id":"https:\/\/www.mondocamping.com\/#website"},"primaryImageOfPage":{"@id":"https:\/\/www.mondocamping.com\/fr\/lautomne-en-glamping-des-vacances-avec-le-coeur-pour-vivre-la-nature-et-admirer-le-feuillage\/#primaryimage"},"image":{"@id":"https:\/\/www.mondocamping.com\/fr\/lautomne-en-glamping-des-vacances-avec-le-coeur-pour-vivre-la-nature-et-admirer-le-feuillage\/#primaryimage"},"thumbnailUrl":"https:\/\/www.mondocamping.com\/wp-content\/uploads\/2024\/10\/VACANZE-COL-CUORE-LAGO-IDRO-Autunno24-Christmas-Glamping-Vacanze-col-Cuore-Lago-Idro-Glamping-Boutique-\u00a9Vlad-Moia_VLD8172-2.jpg","datePublished":"2024-10-16T16:07:56+00:00","dateModified":"2024-10-16T16:07:58+00:00","breadcrumb":{"@id":"https:\/\/www.mondocamping.com\/fr\/lautomne-en-glamping-des-vacances-avec-le-coeur-pour-vivre-la-nature-et-admirer-le-feuillage\/#breadcrumb"},"inLanguage":"fr-FR","potentialAction":[{"@type":"ReadAction","target":["https:\/\/www.mondocamping.com\/fr\/lautomne-en-glamping-des-vacances-avec-le-coeur-pour-vivre-la-nature-et-admirer-le-feuillage\/"]}]},{"@type":"ImageObject","inLanguage":"fr-FR","@id":"https:\/\/www.mondocamping.com\/fr\/lautomne-en-glamping-des-vacances-avec-le-coeur-pour-vivre-la-nature-et-admirer-le-feuillage\/#primaryimage","url":"https:\/\/www.mondocamping.com\/wp-content\/uploads\/2024\/10\/VACANZE-COL-CUORE-LAGO-IDRO-Autunno24-Christmas-Glamping-Vacanze-col-Cuore-Lago-Idro-Glamping-Boutique-\u00a9Vlad-Moia_VLD8172-2.jpg","contentUrl":"https:\/\/www.mondocamping.com\/wp-content\/uploads\/2024\/10\/VACANZE-COL-CUORE-LAGO-IDRO-Autunno24-Christmas-Glamping-Vacanze-col-Cuore-Lago-Idro-Glamping-Boutique-\u00a9Vlad-Moia_VLD8172-2.jpg","width":1200,"height":628,"caption":"Lago Idro Glamping Boutique, Vacanze col Cuore"},{"@type":"BreadcrumbList","@id":"https:\/\/www.mondocamping.com\/fr\/lautomne-en-glamping-des-vacances-avec-le-coeur-pour-vivre-la-nature-et-admirer-le-feuillage\/#breadcrumb","itemListElement":[{"@type":"ListItem","position":1,"name":"Home","item":"https:\/\/www.mondocamping.com\/fr\/"},{"@type":"ListItem","position":2,"name":"L&rsquo;automne en glamping : des vacances avec le c\u0153ur pour vivre la nature et admirer le feuillage"}]},{"@type":"WebSite","@id":"https:\/\/www.mondocamping.com\/#website","url":"https:\/\/www.mondocamping.com\/","name":"Mondo Camping","description":"Le portail d\u00e9di\u00e9 aux gestionnaires de campings et villages touristiques","publisher":{"@id":"https:\/\/www.mondocamping.com\/#organization"},"potentialAction":[{"@type":"SearchAction","target":{"@type":"EntryPoint","urlTemplate":"https:\/\/www.mondocamping.com\/?s={search_term_string}"},"query-input":{"@type":"PropertyValueSpecification","valueRequired":true,"valueName":"search_term_string"}}],"inLanguage":"fr-FR"},{"@type":"Organization","@id":"https:\/\/www.mondocamping.com\/#organization","name":"Mondo Camping","url":"https:\/\/www.mondocamping.com\/","logo":{"@type":"ImageObject","inLanguage":"fr-FR","@id":"https:\/\/www.mondocamping.com\/#\/schema\/logo\/image\/","url":"https:\/\/www.mondocamping.com\/wp-content\/uploads\/2022\/04\/mondo-camping-logo-contornato-1.png","contentUrl":"https:\/\/www.mondocamping.com\/wp-content\/uploads\/2022\/04\/mondo-camping-logo-contornato-1.png","width":280,"height":90,"caption":"Mondo Camping"},"image":{"@id":"https:\/\/www.mondocamping.com\/#\/schema\/logo\/image\/"},"sameAs":["https:\/\/www.facebook.com\/mondobalneare","https:\/\/x.com\/mondobalneare","https:\/\/www.instagram.com\/mondobalneare\/","https:\/\/www.linkedin.com\/company\/67180810\/","https:\/\/www.youtube.com\/user\/mondobalnearevideo"]},{"@type":"Person","@id":"https:\/\/www.mondocamping.com\/#\/schema\/person\/29a618cccb1b5f985a2ca4ea3a155c08","name":"Elena Bittante","image":{"@type":"ImageObject","inLanguage":"fr-FR","@id":"https:\/\/www.mondocamping.com\/wp-content\/uploads\/2024\/01\/elena-bittante-150x150.jpg","url":"https:\/\/www.mondocamping.com\/wp-content\/uploads\/2024\/01\/elena-bittante-150x150.jpg","contentUrl":"https:\/\/www.mondocamping.com\/wp-content\/uploads\/2024\/01\/elena-bittante-150x150.jpg","caption":"Elena Bittante"}}]}},"_links":{"self":[{"href":"https:\/\/www.mondocamping.com\/fr\/wp-json\/wp\/v2\/posts\/171290","targetHints":{"allow":["GET"]}}],"collection":[{"href":"https:\/\/www.mondocamping.com\/fr\/wp-json\/wp\/v2\/posts"}],"about":[{"href":"https:\/\/www.mondocamping.com\/fr\/wp-json\/wp\/v2\/types\/post"}],"author":[{"embeddable":true,"href":"https:\/\/www.mondocamping.com\/fr\/wp-json\/wp\/v2\/users\/180"}],"replies":[{"embeddable":true,"href":"https:\/\/www.mondocamping.com\/fr\/wp-json\/wp\/v2\/comments?post=171290"}],"version-history":[{"count":1,"href":"https:\/\/www.mondocamping.com\/fr\/wp-json\/wp\/v2\/posts\/171290\/revisions"}],"predecessor-version":[{"id":171291,"href":"https:\/\/www.mondocamping.com\/fr\/wp-json\/wp\/v2\/posts\/171290\/revisions\/171291"}],"wp:featuredmedia":[{"embeddable":true,"href":"https:\/\/www.mondocamping.com\/fr\/wp-json\/wp\/v2\/media\/171280"}],"wp:attachment":[{"href":"https:\/\/www.mondocamping.com\/fr\/wp-json\/wp\/v2\/media?parent=171290"}],"wp:term":[{"taxonomy":"category","embeddable":true,"href":"https:\/\/www.mondocamping.com\/fr\/wp-json\/wp\/v2\/categories?post=171290"},{"taxonomy":"post_tag","embeddable":true,"href":"https:\/\/www.mondocamping.com\/fr\/wp-json\/wp\/v2\/tags?post=171290"}],"curies":[{"name":"wp","href":"https:\/\/api.w.org\/{rel}","templated":true}]}}