{"id":171371,"date":"2024-10-23T18:22:31","date_gmt":"2024-10-23T16:22:31","guid":{"rendered":"https:\/\/www.mondocamping.com\/le-salon-sett-2024-du-5-au-7-novembre-a-montpellier\/"},"modified":"2024-10-23T18:22:32","modified_gmt":"2024-10-23T16:22:32","slug":"le-salon-sett-2024-du-5-au-7-novembre-a-montpellier","status":"publish","type":"post","link":"https:\/\/www.mondocamping.com\/fr\/le-salon-sett-2024-du-5-au-7-novembre-a-montpellier\/","title":{"rendered":"Le Salon SETT 2024 : du 5 au 7 novembre \u00e0 Montpellier"},"content":{"rendered":"\n<p><strong> <\/strong>Le <strong>Salon SETT 2024<\/strong> ouvrira ses portes le <strong>5 novembre<\/strong> pour donner le coup d&rsquo;envoi de sa 45e \u00e9dition. <strong><a href=\"https:\/\/www.salonsett.com\/it\/\" target=\"_blank\" rel=\"noreferrer noopener\">45e \u00e9dition<\/a><\/strong>organis\u00e9 par la <em>F\u00e9d\u00e9ration Occitanie<\/em> en partenariat avec les f\u00e9d\u00e9rations r\u00e9gionales <em>Rh\u00f4ne-Alpes, Auvergne, Corse, Limousin, PACA et Bourgogne Franche Comt\u00e9<\/em>.<\/p>\n\n<p>Cette importante manifestation fran\u00e7aise est r\u00e9serv\u00e9e aux professionnels du secteur du plein air tels que les gestionnaires de campings, g\u00eetes, caf\u00e9s, h\u00f4tels, restaurants, chambres d&rsquo;h\u00f4tes, ainsi que les collectivit\u00e9s locales, les architectes paysagistes, les responsables techniques et tous ceux qui sont impliqu\u00e9s dans le secteur du plein air.  <\/p>\n\n<p>Une occasion de se rencontrer, de comparer et de se mettre \u00e0 jour, l&rsquo;une des plus importantes vitrines d&rsquo;Europe o\u00f9 vous trouverez tous les int\u00e9r\u00eats, les besoins et les exigences qui touchent la profession (\u00e9quipements HO.RE.CA, h\u00f4tels, restaurants, caf\u00e9s \/ Services, communication et num\u00e9rique \/ jeux et divertissements \/ piscines et bien-\u00eatre \/ lieux de vie \/ espaces verts \/ \u00e9quipements).<\/p>\n\n<p>A l&rsquo;occasion de sa <strong>45\u00e8me<\/strong><strong> \u00e9dition<\/strong>, le Salon SETT accueillera le <strong>50\u00e8me congr\u00e8s <\/strong>de la <strong><em>FNHPA (f\u00e9d\u00e9ration nationale de l&rsquo;h\u00e9bergement de plein air)<\/em><\/strong>. Cette ann\u00e9e est \u00e9galement une date hautement symbolique puisqu&rsquo;elle co\u00efncide avec le 60\u00e8me anniversaire de la f\u00e9d\u00e9ration, ce qui t\u00e9moigne de la synergie croissante entre les professionnels.   <\/p>\n\n<p>Un \u00e9v\u00e9nement qui t\u00e9moigne de la synergie entre initi\u00e9s, comme le confirme <strong><em>Nicolas Dayot<\/em><\/strong>, <strong><em>Pr\u00e9sident de la FNHPA<\/em><\/strong><em>Ce congr\u00e8s, f\u00e9d\u00e9rateur par nature, nous permettra de mesurer combien la profession reste unie et combien il est pr\u00e9cieux et n\u00e9cessaire d&rsquo;assurer notre visibilit\u00e9 et notre cr\u00e9dibilit\u00e9 aupr\u00e8s des pouvoirs publics, des services d\u00e9concentr\u00e9s de l&rsquo;Etat et des administrations locales.<\/em><\/p>\n\n<p>Il poursuit<em>: \u00ab\u00a0Cette unit\u00e9 nous a permis d&rsquo;avancer \u00e0 grands pas, dans le respect des diff\u00e9rentes facettes qui composent l&rsquo;h\u00f4tellerie de plein air et qui font ind\u00e9niablement sa richesse, des campings ind\u00e9pendants aux cha\u00eenes et groupes, naturistes ou textiles, des petits campings aux grandes structures, des sites int\u00e9rieurs aux sites c\u00f4tiers et de montagne, sans oublier les segments sp\u00e9cifiques et \u00e9mergents.<\/em> <em>Ce congr\u00e8s est un rendez-vous incontournable pour l&rsquo;ensemble de la profession, et en particulier pour les acteurs du secteur.\u00a0\u00bb<\/em><\/p>\n","protected":false},"excerpt":{"rendered":"<p>Le Salon SETT 2024 ouvrira ses portes le 5 novembre pour donner le coup d&rsquo;envoi de sa 45e \u00e9dition. 45e \u00e9ditionorganis\u00e9 par la F\u00e9d\u00e9ration Occitanie en partenariat avec les f\u00e9d\u00e9rations r\u00e9gionales Rh\u00f4ne-Alpes, Auvergne, Corse, Limousin, PACA et Bourgogne Franche Comt\u00e9. Cette importante manifestation fran\u00e7aise est r\u00e9serv\u00e9e aux professionnels du secteur du plein air tels que [&hellip;]<\/p>\n","protected":false},"author":5,"featured_media":171362,"comment_status":"closed","ping_status":"closed","sticky":false,"template":"","format":"standard","meta":{"_acf_changed":false,"_monsterinsights_skip_tracking":false,"_monsterinsights_sitenote_active":false,"_monsterinsights_sitenote_note":"","_monsterinsights_sitenote_category":0,"footnotes":""},"categories":[4292],"tags":[4189,4210,4874,4262,5274,5834,4079],"class_list":["post-171371","post","type-post","status-publish","format-standard","has-post-thumbnail","hentry","category-evenements","tag-camping-fr","tag-camping-fr-2","tag-fnhpa-fr","tag-mondo-camping-fr","tag-nicolas-dayot-fr","tag-salon-sett-2024-fr","tag-tourisme-de-plein-air"],"acf":[],"yoast_head":"<!-- This site is optimized with the Yoast SEO plugin v27.5 - https:\/\/yoast.com\/product\/yoast-seo-wordpress\/ -->\n<title>Le Salon SETT 2024 : du 5 au 7 novembre \u00e0 Montpellier<\/title>\n<meta name=\"robots\" content=\"index, follow, max-snippet:-1, max-image-preview:large, max-video-preview:-1\" \/>\n<link rel=\"canonical\" href=\"https:\/\/www.mondocamping.com\/fr\/le-salon-sett-2024-du-5-au-7-novembre-a-montpellier\/\" \/>\n<meta property=\"og:locale\" content=\"fr_FR\" \/>\n<meta property=\"og:type\" content=\"article\" \/>\n<meta property=\"og:title\" content=\"Le Salon SETT 2024 : du 5 au 7 novembre \u00e0 Montpellier\" \/>\n<meta property=\"og:description\" content=\"Le Salon SETT 2024 ouvrira ses portes le 5 novembre pour donner le coup d&rsquo;envoi de sa 45e \u00e9dition. 45e \u00e9ditionorganis\u00e9 par la F\u00e9d\u00e9ration Occitanie en partenariat avec les f\u00e9d\u00e9rations r\u00e9gionales Rh\u00f4ne-Alpes, Auvergne, Corse, Limousin, PACA et Bourgogne Franche Comt\u00e9. Cette importante manifestation fran\u00e7aise est r\u00e9serv\u00e9e aux professionnels du secteur du plein air tels que [&hellip;]\" \/>\n<meta property=\"og:url\" content=\"https:\/\/www.mondocamping.com\/fr\/le-salon-sett-2024-du-5-au-7-novembre-a-montpellier\/\" \/>\n<meta property=\"og:site_name\" content=\"Mondo Camping\" \/>\n<meta property=\"article:publisher\" content=\"https:\/\/www.facebook.com\/mondobalneare\" \/>\n<meta property=\"article:author\" content=\"https:\/\/www.facebook.com\/mondocamping\" \/>\n<meta property=\"article:published_time\" content=\"2024-10-23T16:22:31+00:00\" \/>\n<meta property=\"article:modified_time\" content=\"2024-10-23T16:22:32+00:00\" \/>\n<meta property=\"og:image\" content=\"https:\/\/www.mondocamping.com\/wp-content\/uploads\/2024\/10\/Screenshot-2024-06-03-alle-15.52.23-1140x620-1.png\" \/>\n\t<meta property=\"og:image:width\" content=\"1140\" \/>\n\t<meta property=\"og:image:height\" content=\"620\" \/>\n\t<meta property=\"og:image:type\" content=\"image\/png\" \/>\n<meta name=\"author\" content=\"Mondo Camping\" \/>\n<meta name=\"twitter:card\" content=\"summary_large_image\" \/>\n<meta name=\"twitter:creator\" content=\"@mondobalneare\" \/>\n<meta name=\"twitter:site\" content=\"@mondobalneare\" \/>\n<meta name=\"twitter:label1\" content=\"\u00c9crit par\" \/>\n\t<meta name=\"twitter:data1\" content=\"Mondo Camping\" \/>\n\t<meta name=\"twitter:label2\" content=\"Dur\u00e9e de lecture estim\u00e9e\" \/>\n\t<meta name=\"twitter:data2\" content=\"2 minutes\" \/>\n<script type=\"application\/ld+json\" class=\"yoast-schema-graph\">{\"@context\":\"https:\\\/\\\/schema.org\",\"@graph\":[{\"@type\":\"Article\",\"@id\":\"https:\\\/\\\/www.mondocamping.com\\\/fr\\\/le-salon-sett-2024-du-5-au-7-novembre-a-montpellier\\\/#article\",\"isPartOf\":{\"@id\":\"https:\\\/\\\/www.mondocamping.com\\\/fr\\\/le-salon-sett-2024-du-5-au-7-novembre-a-montpellier\\\/\"},\"author\":{\"name\":\"Mondo Camping\",\"@id\":\"https:\\\/\\\/www.mondocamping.com\\\/#\\\/schema\\\/person\\\/01a031b8c5ef08c2204bb0e696f0a760\"},\"headline\":\"Le Salon SETT 2024 : du 5 au 7 novembre \u00e0 Montpellier\",\"datePublished\":\"2024-10-23T16:22:31+00:00\",\"dateModified\":\"2024-10-23T16:22:32+00:00\",\"mainEntityOfPage\":{\"@id\":\"https:\\\/\\\/www.mondocamping.com\\\/fr\\\/le-salon-sett-2024-du-5-au-7-novembre-a-montpellier\\\/\"},\"wordCount\":401,\"publisher\":{\"@id\":\"https:\\\/\\\/www.mondocamping.com\\\/#organization\"},\"image\":{\"@id\":\"https:\\\/\\\/www.mondocamping.com\\\/fr\\\/le-salon-sett-2024-du-5-au-7-novembre-a-montpellier\\\/#primaryimage\"},\"thumbnailUrl\":\"https:\\\/\\\/www.mondocamping.com\\\/wp-content\\\/uploads\\\/2024\\\/10\\\/Screenshot-2024-06-03-alle-15.52.23-1140x620-1.png\",\"keywords\":[\"camping\",\"camping\",\"FNHPA\",\"Mondo Camping\",\"Nicolas Dayot\",\"Salon Sett 2024\",\"Tourisme de plein air\"],\"articleSection\":[\"\u00c9v\u00e9nements\"],\"inLanguage\":\"fr-FR\"},{\"@type\":\"WebPage\",\"@id\":\"https:\\\/\\\/www.mondocamping.com\\\/fr\\\/le-salon-sett-2024-du-5-au-7-novembre-a-montpellier\\\/\",\"url\":\"https:\\\/\\\/www.mondocamping.com\\\/fr\\\/le-salon-sett-2024-du-5-au-7-novembre-a-montpellier\\\/\",\"name\":\"Le Salon SETT 2024 : du 5 au 7 novembre \u00e0 Montpellier\",\"isPartOf\":{\"@id\":\"https:\\\/\\\/www.mondocamping.com\\\/#website\"},\"primaryImageOfPage\":{\"@id\":\"https:\\\/\\\/www.mondocamping.com\\\/fr\\\/le-salon-sett-2024-du-5-au-7-novembre-a-montpellier\\\/#primaryimage\"},\"image\":{\"@id\":\"https:\\\/\\\/www.mondocamping.com\\\/fr\\\/le-salon-sett-2024-du-5-au-7-novembre-a-montpellier\\\/#primaryimage\"},\"thumbnailUrl\":\"https:\\\/\\\/www.mondocamping.com\\\/wp-content\\\/uploads\\\/2024\\\/10\\\/Screenshot-2024-06-03-alle-15.52.23-1140x620-1.png\",\"datePublished\":\"2024-10-23T16:22:31+00:00\",\"dateModified\":\"2024-10-23T16:22:32+00:00\",\"breadcrumb\":{\"@id\":\"https:\\\/\\\/www.mondocamping.com\\\/fr\\\/le-salon-sett-2024-du-5-au-7-novembre-a-montpellier\\\/#breadcrumb\"},\"inLanguage\":\"fr-FR\",\"potentialAction\":[{\"@type\":\"ReadAction\",\"target\":[\"https:\\\/\\\/www.mondocamping.com\\\/fr\\\/le-salon-sett-2024-du-5-au-7-novembre-a-montpellier\\\/\"]}]},{\"@type\":\"ImageObject\",\"inLanguage\":\"fr-FR\",\"@id\":\"https:\\\/\\\/www.mondocamping.com\\\/fr\\\/le-salon-sett-2024-du-5-au-7-novembre-a-montpellier\\\/#primaryimage\",\"url\":\"https:\\\/\\\/www.mondocamping.com\\\/wp-content\\\/uploads\\\/2024\\\/10\\\/Screenshot-2024-06-03-alle-15.52.23-1140x620-1.png\",\"contentUrl\":\"https:\\\/\\\/www.mondocamping.com\\\/wp-content\\\/uploads\\\/2024\\\/10\\\/Screenshot-2024-06-03-alle-15.52.23-1140x620-1.png\",\"width\":1140,\"height\":620},{\"@type\":\"BreadcrumbList\",\"@id\":\"https:\\\/\\\/www.mondocamping.com\\\/fr\\\/le-salon-sett-2024-du-5-au-7-novembre-a-montpellier\\\/#breadcrumb\",\"itemListElement\":[{\"@type\":\"ListItem\",\"position\":1,\"name\":\"Home\",\"item\":\"https:\\\/\\\/www.mondocamping.com\\\/fr\\\/\"},{\"@type\":\"ListItem\",\"position\":2,\"name\":\"Le Salon SETT 2024 : du 5 au 7 novembre \u00e0 Montpellier\"}]},{\"@type\":\"WebSite\",\"@id\":\"https:\\\/\\\/www.mondocamping.com\\\/#website\",\"url\":\"https:\\\/\\\/www.mondocamping.com\\\/\",\"name\":\"Mondo Camping\",\"description\":\"Le portail d\u00e9di\u00e9 aux gestionnaires de campings et villages touristiques\",\"publisher\":{\"@id\":\"https:\\\/\\\/www.mondocamping.com\\\/#organization\"},\"potentialAction\":[{\"@type\":\"SearchAction\",\"target\":{\"@type\":\"EntryPoint\",\"urlTemplate\":\"https:\\\/\\\/www.mondocamping.com\\\/?s={search_term_string}\"},\"query-input\":{\"@type\":\"PropertyValueSpecification\",\"valueRequired\":true,\"valueName\":\"search_term_string\"}}],\"inLanguage\":\"fr-FR\"},{\"@type\":\"Organization\",\"@id\":\"https:\\\/\\\/www.mondocamping.com\\\/#organization\",\"name\":\"Mondo Camping\",\"url\":\"https:\\\/\\\/www.mondocamping.com\\\/\",\"logo\":{\"@type\":\"ImageObject\",\"inLanguage\":\"fr-FR\",\"@id\":\"https:\\\/\\\/www.mondocamping.com\\\/#\\\/schema\\\/logo\\\/image\\\/\",\"url\":\"https:\\\/\\\/www.mondocamping.com\\\/wp-content\\\/uploads\\\/2022\\\/04\\\/mondo-camping-logo-contornato-1.png\",\"contentUrl\":\"https:\\\/\\\/www.mondocamping.com\\\/wp-content\\\/uploads\\\/2022\\\/04\\\/mondo-camping-logo-contornato-1.png\",\"width\":280,\"height\":90,\"caption\":\"Mondo Camping\"},\"image\":{\"@id\":\"https:\\\/\\\/www.mondocamping.com\\\/#\\\/schema\\\/logo\\\/image\\\/\"},\"sameAs\":[\"https:\\\/\\\/www.facebook.com\\\/mondobalneare\",\"https:\\\/\\\/x.com\\\/mondobalneare\",\"https:\\\/\\\/www.instagram.com\\\/mondobalneare\\\/\",\"https:\\\/\\\/www.linkedin.com\\\/company\\\/67180810\\\/\",\"https:\\\/\\\/www.youtube.com\\\/user\\\/mondobalnearevideo\"]},{\"@type\":\"Person\",\"@id\":\"https:\\\/\\\/www.mondocamping.com\\\/#\\\/schema\\\/person\\\/01a031b8c5ef08c2204bb0e696f0a760\",\"name\":\"Mondo Camping\",\"image\":{\"@type\":\"ImageObject\",\"inLanguage\":\"fr-FR\",\"@id\":\"https:\\\/\\\/www.mondocamping.com\\\/wp-content\\\/uploads\\\/2022\\\/05\\\/cropped-icona-MONDO-CAMPING-150x150.png\",\"url\":\"https:\\\/\\\/www.mondocamping.com\\\/wp-content\\\/uploads\\\/2022\\\/05\\\/cropped-icona-MONDO-CAMPING-150x150.png\",\"contentUrl\":\"https:\\\/\\\/www.mondocamping.com\\\/wp-content\\\/uploads\\\/2022\\\/05\\\/cropped-icona-MONDO-CAMPING-150x150.png\",\"caption\":\"Mondo Camping\"},\"sameAs\":[\"https:\\\/\\\/www.mondocamping.com\\\/\",\"https:\\\/\\\/www.facebook.com\\\/mondocamping\"]}]}<\/script>\n<!-- \/ Yoast SEO plugin. -->","yoast_head_json":{"title":"Le Salon SETT 2024 : du 5 au 7 novembre \u00e0 Montpellier","robots":{"index":"index","follow":"follow","max-snippet":"max-snippet:-1","max-image-preview":"max-image-preview:large","max-video-preview":"max-video-preview:-1"},"canonical":"https:\/\/www.mondocamping.com\/fr\/le-salon-sett-2024-du-5-au-7-novembre-a-montpellier\/","og_locale":"fr_FR","og_type":"article","og_title":"Le Salon SETT 2024 : du 5 au 7 novembre \u00e0 Montpellier","og_description":"Le Salon SETT 2024 ouvrira ses portes le 5 novembre pour donner le coup d&rsquo;envoi de sa 45e \u00e9dition. 45e \u00e9ditionorganis\u00e9 par la F\u00e9d\u00e9ration Occitanie en partenariat avec les f\u00e9d\u00e9rations r\u00e9gionales Rh\u00f4ne-Alpes, Auvergne, Corse, Limousin, PACA et Bourgogne Franche Comt\u00e9. Cette importante manifestation fran\u00e7aise est r\u00e9serv\u00e9e aux professionnels du secteur du plein air tels que [&hellip;]","og_url":"https:\/\/www.mondocamping.com\/fr\/le-salon-sett-2024-du-5-au-7-novembre-a-montpellier\/","og_site_name":"Mondo Camping","article_publisher":"https:\/\/www.facebook.com\/mondobalneare","article_author":"https:\/\/www.facebook.com\/mondocamping","article_published_time":"2024-10-23T16:22:31+00:00","article_modified_time":"2024-10-23T16:22:32+00:00","og_image":[{"width":1140,"height":620,"url":"https:\/\/www.mondocamping.com\/wp-content\/uploads\/2024\/10\/Screenshot-2024-06-03-alle-15.52.23-1140x620-1.png","type":"image\/png"}],"author":"Mondo Camping","twitter_card":"summary_large_image","twitter_creator":"@mondobalneare","twitter_site":"@mondobalneare","twitter_misc":{"\u00c9crit par":"Mondo Camping","Dur\u00e9e de lecture estim\u00e9e":"2 minutes"},"schema":{"@context":"https:\/\/schema.org","@graph":[{"@type":"Article","@id":"https:\/\/www.mondocamping.com\/fr\/le-salon-sett-2024-du-5-au-7-novembre-a-montpellier\/#article","isPartOf":{"@id":"https:\/\/www.mondocamping.com\/fr\/le-salon-sett-2024-du-5-au-7-novembre-a-montpellier\/"},"author":{"name":"Mondo Camping","@id":"https:\/\/www.mondocamping.com\/#\/schema\/person\/01a031b8c5ef08c2204bb0e696f0a760"},"headline":"Le Salon SETT 2024 : du 5 au 7 novembre \u00e0 Montpellier","datePublished":"2024-10-23T16:22:31+00:00","dateModified":"2024-10-23T16:22:32+00:00","mainEntityOfPage":{"@id":"https:\/\/www.mondocamping.com\/fr\/le-salon-sett-2024-du-5-au-7-novembre-a-montpellier\/"},"wordCount":401,"publisher":{"@id":"https:\/\/www.mondocamping.com\/#organization"},"image":{"@id":"https:\/\/www.mondocamping.com\/fr\/le-salon-sett-2024-du-5-au-7-novembre-a-montpellier\/#primaryimage"},"thumbnailUrl":"https:\/\/www.mondocamping.com\/wp-content\/uploads\/2024\/10\/Screenshot-2024-06-03-alle-15.52.23-1140x620-1.png","keywords":["camping","camping","FNHPA","Mondo Camping","Nicolas Dayot","Salon Sett 2024","Tourisme de plein air"],"articleSection":["\u00c9v\u00e9nements"],"inLanguage":"fr-FR"},{"@type":"WebPage","@id":"https:\/\/www.mondocamping.com\/fr\/le-salon-sett-2024-du-5-au-7-novembre-a-montpellier\/","url":"https:\/\/www.mondocamping.com\/fr\/le-salon-sett-2024-du-5-au-7-novembre-a-montpellier\/","name":"Le Salon SETT 2024 : du 5 au 7 novembre \u00e0 Montpellier","isPartOf":{"@id":"https:\/\/www.mondocamping.com\/#website"},"primaryImageOfPage":{"@id":"https:\/\/www.mondocamping.com\/fr\/le-salon-sett-2024-du-5-au-7-novembre-a-montpellier\/#primaryimage"},"image":{"@id":"https:\/\/www.mondocamping.com\/fr\/le-salon-sett-2024-du-5-au-7-novembre-a-montpellier\/#primaryimage"},"thumbnailUrl":"https:\/\/www.mondocamping.com\/wp-content\/uploads\/2024\/10\/Screenshot-2024-06-03-alle-15.52.23-1140x620-1.png","datePublished":"2024-10-23T16:22:31+00:00","dateModified":"2024-10-23T16:22:32+00:00","breadcrumb":{"@id":"https:\/\/www.mondocamping.com\/fr\/le-salon-sett-2024-du-5-au-7-novembre-a-montpellier\/#breadcrumb"},"inLanguage":"fr-FR","potentialAction":[{"@type":"ReadAction","target":["https:\/\/www.mondocamping.com\/fr\/le-salon-sett-2024-du-5-au-7-novembre-a-montpellier\/"]}]},{"@type":"ImageObject","inLanguage":"fr-FR","@id":"https:\/\/www.mondocamping.com\/fr\/le-salon-sett-2024-du-5-au-7-novembre-a-montpellier\/#primaryimage","url":"https:\/\/www.mondocamping.com\/wp-content\/uploads\/2024\/10\/Screenshot-2024-06-03-alle-15.52.23-1140x620-1.png","contentUrl":"https:\/\/www.mondocamping.com\/wp-content\/uploads\/2024\/10\/Screenshot-2024-06-03-alle-15.52.23-1140x620-1.png","width":1140,"height":620},{"@type":"BreadcrumbList","@id":"https:\/\/www.mondocamping.com\/fr\/le-salon-sett-2024-du-5-au-7-novembre-a-montpellier\/#breadcrumb","itemListElement":[{"@type":"ListItem","position":1,"name":"Home","item":"https:\/\/www.mondocamping.com\/fr\/"},{"@type":"ListItem","position":2,"name":"Le Salon SETT 2024 : du 5 au 7 novembre \u00e0 Montpellier"}]},{"@type":"WebSite","@id":"https:\/\/www.mondocamping.com\/#website","url":"https:\/\/www.mondocamping.com\/","name":"Mondo Camping","description":"Le portail d\u00e9di\u00e9 aux gestionnaires de campings et villages touristiques","publisher":{"@id":"https:\/\/www.mondocamping.com\/#organization"},"potentialAction":[{"@type":"SearchAction","target":{"@type":"EntryPoint","urlTemplate":"https:\/\/www.mondocamping.com\/?s={search_term_string}"},"query-input":{"@type":"PropertyValueSpecification","valueRequired":true,"valueName":"search_term_string"}}],"inLanguage":"fr-FR"},{"@type":"Organization","@id":"https:\/\/www.mondocamping.com\/#organization","name":"Mondo Camping","url":"https:\/\/www.mondocamping.com\/","logo":{"@type":"ImageObject","inLanguage":"fr-FR","@id":"https:\/\/www.mondocamping.com\/#\/schema\/logo\/image\/","url":"https:\/\/www.mondocamping.com\/wp-content\/uploads\/2022\/04\/mondo-camping-logo-contornato-1.png","contentUrl":"https:\/\/www.mondocamping.com\/wp-content\/uploads\/2022\/04\/mondo-camping-logo-contornato-1.png","width":280,"height":90,"caption":"Mondo Camping"},"image":{"@id":"https:\/\/www.mondocamping.com\/#\/schema\/logo\/image\/"},"sameAs":["https:\/\/www.facebook.com\/mondobalneare","https:\/\/x.com\/mondobalneare","https:\/\/www.instagram.com\/mondobalneare\/","https:\/\/www.linkedin.com\/company\/67180810\/","https:\/\/www.youtube.com\/user\/mondobalnearevideo"]},{"@type":"Person","@id":"https:\/\/www.mondocamping.com\/#\/schema\/person\/01a031b8c5ef08c2204bb0e696f0a760","name":"Mondo Camping","image":{"@type":"ImageObject","inLanguage":"fr-FR","@id":"https:\/\/www.mondocamping.com\/wp-content\/uploads\/2022\/05\/cropped-icona-MONDO-CAMPING-150x150.png","url":"https:\/\/www.mondocamping.com\/wp-content\/uploads\/2022\/05\/cropped-icona-MONDO-CAMPING-150x150.png","contentUrl":"https:\/\/www.mondocamping.com\/wp-content\/uploads\/2022\/05\/cropped-icona-MONDO-CAMPING-150x150.png","caption":"Mondo Camping"},"sameAs":["https:\/\/www.mondocamping.com\/","https:\/\/www.facebook.com\/mondocamping"]}]}},"_links":{"self":[{"href":"https:\/\/www.mondocamping.com\/fr\/wp-json\/wp\/v2\/posts\/171371","targetHints":{"allow":["GET"]}}],"collection":[{"href":"https:\/\/www.mondocamping.com\/fr\/wp-json\/wp\/v2\/posts"}],"about":[{"href":"https:\/\/www.mondocamping.com\/fr\/wp-json\/wp\/v2\/types\/post"}],"author":[{"embeddable":true,"href":"https:\/\/www.mondocamping.com\/fr\/wp-json\/wp\/v2\/users\/5"}],"replies":[{"embeddable":true,"href":"https:\/\/www.mondocamping.com\/fr\/wp-json\/wp\/v2\/comments?post=171371"}],"version-history":[{"count":1,"href":"https:\/\/www.mondocamping.com\/fr\/wp-json\/wp\/v2\/posts\/171371\/revisions"}],"predecessor-version":[{"id":171372,"href":"https:\/\/www.mondocamping.com\/fr\/wp-json\/wp\/v2\/posts\/171371\/revisions\/171372"}],"wp:featuredmedia":[{"embeddable":true,"href":"https:\/\/www.mondocamping.com\/fr\/wp-json\/wp\/v2\/media\/171362"}],"wp:attachment":[{"href":"https:\/\/www.mondocamping.com\/fr\/wp-json\/wp\/v2\/media?parent=171371"}],"wp:term":[{"taxonomy":"category","embeddable":true,"href":"https:\/\/www.mondocamping.com\/fr\/wp-json\/wp\/v2\/categories?post=171371"},{"taxonomy":"post_tag","embeddable":true,"href":"https:\/\/www.mondocamping.com\/fr\/wp-json\/wp\/v2\/tags?post=171371"}],"curies":[{"name":"wp","href":"https:\/\/api.w.org\/{rel}","templated":true}]}}