{"id":171437,"date":"2024-10-28T20:57:00","date_gmt":"2024-10-28T19:57:00","guid":{"rendered":"https:\/\/www.mondocamping.com\/open-air-forum-2024-coup-denvoi-du-premier-evenement-de-la-faita\/"},"modified":"2024-10-28T20:57:01","modified_gmt":"2024-10-28T19:57:01","slug":"open-air-forum-2024-coup-denvoi-du-premier-evenement-de-la-faita","status":"publish","type":"post","link":"https:\/\/www.mondocamping.com\/fr\/open-air-forum-2024-coup-denvoi-du-premier-evenement-de-la-faita\/","title":{"rendered":"Open Air Forum 2024 : coup d&rsquo;envoi du premier \u00e9v\u00e9nement de la FAITA"},"content":{"rendered":"\n<p>L&rsquo;<strong>Open Air Forum 2024<\/strong> s&rsquo;est ouvert aujourd&rsquo;hui, 28 octobre, \u00e0 l&rsquo;Auditorium Massimo de Rome. Il s&rsquo;agit du premier \u00e9v\u00e9nement enti\u00e8rement consacr\u00e9 au secteur de l&rsquo;open air organis\u00e9 par <strong>FAITA Federcamping<\/strong>, en collaboration avec les principaux partenaires suivants <strong><em>Crippaconcept<\/em><\/strong> et <strong><em>Intesa Sanpaolo<\/em><\/strong>.   <\/p>\n\n<p>De nombreux sujets seront abord\u00e9s et de nombreux participants assisteront \u00e0 la convention. Quelques chiffres : 4 panels th\u00e9matiques diff\u00e9rents, 24 s\u00e9minaires impliquant 4 acad\u00e9mies universitaires et 38 intervenants. De nombreux partenaires de la FAITA, des acteurs institutionnels de r\u00e9f\u00e9rence du secteur, des entreprises leaders et des acteurs cl\u00e9s, ainsi que des journalistes et des professionnels de la communication seront pr\u00e9sents.  <\/p>\n\n<p>Le Forum Open Air 2024 est un rendez-vous con\u00e7u pour le <strong>dialogue et les mises \u00e0 jour sur les<\/strong><strong> aspects r\u00e9glementaires, les sc\u00e9narios de march\u00e9 et structurels, les perspectives et les outils de gestion et de d\u00e9veloppement pour le<\/strong> secteur<strong> italien<\/strong> de l&rsquo;<strong> Open Air<\/strong>, une occasion pr\u00e9cieuse de se rencontrer et de discuter des questions principales et \u00e9mergentes qui affectent le secteur.  <\/p>\n\n<p>Nous rapportons ce que le <strong>pr\u00e9sident de FAITA Federcampin Alberto Granzotto<\/strong> a d\u00e9clar\u00e9 sur <em>Camping Management Online<\/em>:<em>\u00ab\u00a0Nous avons voulu repr\u00e9senter le secteur aujourd&rsquo;hui, en imaginant ce que l&rsquo;Open Air peut et doit \u00eatre dans les prochaines ann\u00e9es : un mod\u00e8le innovant, durable et accessible d&rsquo;\u00e9conomie de l&rsquo;h\u00e9bergement touristique, qui est en pleine expansion dans toute l&rsquo;Europe et dans lequel l&rsquo;Italie devra occuper les premi\u00e8res places qui lui font concurrence pour la qualit\u00e9 et l&rsquo;exhaustivit\u00e9 de notre offre<\/em>\u00ab\u00a0.<\/p>\n","protected":false},"excerpt":{"rendered":"<p>L&rsquo;Open Air Forum 2024 s&rsquo;est ouvert aujourd&rsquo;hui, 28 octobre, \u00e0 l&rsquo;Auditorium Massimo de Rome. Il s&rsquo;agit du premier \u00e9v\u00e9nement enti\u00e8rement consacr\u00e9 au secteur de l&rsquo;open air organis\u00e9 par FAITA Federcamping, en collaboration avec les principaux partenaires suivants Crippaconcept et Intesa Sanpaolo. De nombreux sujets seront abord\u00e9s et de nombreux participants assisteront \u00e0 la convention. Quelques [&hellip;]<\/p>\n","protected":false},"author":5,"featured_media":171421,"comment_status":"closed","ping_status":"closed","sticky":false,"template":"","format":"standard","meta":{"_acf_changed":false,"_monsterinsights_skip_tracking":false,"_monsterinsights_sitenote_active":false,"_monsterinsights_sitenote_note":"","_monsterinsights_sitenote_category":0,"footnotes":""},"categories":[4024],"tags":[4189,4210,4077,4262,6138,4079],"class_list":["post-171437","post","type-post","status-publish","format-standard","has-post-thumbnail","hentry","category-actualite","tag-camping-fr","tag-camping-fr-2","tag-faita-federcamping-fr","tag-mondo-camping-fr","tag-rome-fr","tag-tourisme-de-plein-air"],"acf":[],"yoast_head":"<!-- This site is optimized with the Yoast SEO plugin v27.5 - https:\/\/yoast.com\/product\/yoast-seo-wordpress\/ -->\n<title>Open Air Forum 2024 : coup d&#039;envoi du premier \u00e9v\u00e9nement de la FAITA<\/title>\n<meta name=\"robots\" content=\"index, follow, max-snippet:-1, max-image-preview:large, max-video-preview:-1\" \/>\n<link rel=\"canonical\" href=\"https:\/\/www.mondocamping.com\/fr\/open-air-forum-2024-coup-denvoi-du-premier-evenement-de-la-faita\/\" \/>\n<meta property=\"og:locale\" content=\"fr_FR\" \/>\n<meta property=\"og:type\" content=\"article\" \/>\n<meta property=\"og:title\" content=\"Open Air Forum 2024 : coup d&#039;envoi du premier \u00e9v\u00e9nement de la FAITA\" \/>\n<meta property=\"og:description\" content=\"L&rsquo;Open Air Forum 2024 s&rsquo;est ouvert aujourd&rsquo;hui, 28 octobre, \u00e0 l&rsquo;Auditorium Massimo de Rome. Il s&rsquo;agit du premier \u00e9v\u00e9nement enti\u00e8rement consacr\u00e9 au secteur de l&rsquo;open air organis\u00e9 par FAITA Federcamping, en collaboration avec les principaux partenaires suivants Crippaconcept et Intesa Sanpaolo. De nombreux sujets seront abord\u00e9s et de nombreux participants assisteront \u00e0 la convention. Quelques [&hellip;]\" \/>\n<meta property=\"og:url\" content=\"https:\/\/www.mondocamping.com\/fr\/open-air-forum-2024-coup-denvoi-du-premier-evenement-de-la-faita\/\" \/>\n<meta property=\"og:site_name\" content=\"Mondo Camping\" \/>\n<meta property=\"article:publisher\" content=\"https:\/\/www.facebook.com\/mondobalneare\" \/>\n<meta property=\"article:author\" content=\"https:\/\/www.facebook.com\/mondocamping\" \/>\n<meta property=\"article:published_time\" content=\"2024-10-28T19:57:00+00:00\" \/>\n<meta property=\"article:modified_time\" content=\"2024-10-28T19:57:01+00:00\" \/>\n<meta property=\"og:image\" content=\"https:\/\/www.mondocamping.com\/wp-content\/uploads\/2024\/10\/Screenshot-2024-08-07-alle-12.22.31-1140x620-1.png\" \/>\n\t<meta property=\"og:image:width\" content=\"1140\" \/>\n\t<meta property=\"og:image:height\" content=\"620\" \/>\n\t<meta property=\"og:image:type\" content=\"image\/png\" \/>\n<meta name=\"author\" content=\"Mondo Camping\" \/>\n<meta name=\"twitter:card\" content=\"summary_large_image\" \/>\n<meta name=\"twitter:creator\" content=\"@mondobalneare\" \/>\n<meta name=\"twitter:site\" content=\"@mondobalneare\" \/>\n<meta name=\"twitter:label1\" content=\"\u00c9crit par\" \/>\n\t<meta name=\"twitter:data1\" content=\"Mondo Camping\" \/>\n\t<meta name=\"twitter:label2\" content=\"Dur\u00e9e de lecture estim\u00e9e\" \/>\n\t<meta name=\"twitter:data2\" content=\"1 minute\" \/>\n<script type=\"application\/ld+json\" class=\"yoast-schema-graph\">{\"@context\":\"https:\\\/\\\/schema.org\",\"@graph\":[{\"@type\":\"Article\",\"@id\":\"https:\\\/\\\/www.mondocamping.com\\\/fr\\\/open-air-forum-2024-coup-denvoi-du-premier-evenement-de-la-faita\\\/#article\",\"isPartOf\":{\"@id\":\"https:\\\/\\\/www.mondocamping.com\\\/fr\\\/open-air-forum-2024-coup-denvoi-du-premier-evenement-de-la-faita\\\/\"},\"author\":{\"name\":\"Mondo Camping\",\"@id\":\"https:\\\/\\\/www.mondocamping.com\\\/#\\\/schema\\\/person\\\/01a031b8c5ef08c2204bb0e696f0a760\"},\"headline\":\"Open Air Forum 2024 : coup d&rsquo;envoi du premier \u00e9v\u00e9nement de la FAITA\",\"datePublished\":\"2024-10-28T19:57:00+00:00\",\"dateModified\":\"2024-10-28T19:57:01+00:00\",\"mainEntityOfPage\":{\"@id\":\"https:\\\/\\\/www.mondocamping.com\\\/fr\\\/open-air-forum-2024-coup-denvoi-du-premier-evenement-de-la-faita\\\/\"},\"wordCount\":280,\"publisher\":{\"@id\":\"https:\\\/\\\/www.mondocamping.com\\\/#organization\"},\"image\":{\"@id\":\"https:\\\/\\\/www.mondocamping.com\\\/fr\\\/open-air-forum-2024-coup-denvoi-du-premier-evenement-de-la-faita\\\/#primaryimage\"},\"thumbnailUrl\":\"https:\\\/\\\/www.mondocamping.com\\\/wp-content\\\/uploads\\\/2024\\\/10\\\/Screenshot-2024-08-07-alle-12.22.31-1140x620-1.png\",\"keywords\":[\"camping\",\"camping\",\"Faita Federcamping\",\"Mondo Camping\",\"Rome\",\"Tourisme de plein air\"],\"articleSection\":[\"Actualit\u00e9\"],\"inLanguage\":\"fr-FR\"},{\"@type\":\"WebPage\",\"@id\":\"https:\\\/\\\/www.mondocamping.com\\\/fr\\\/open-air-forum-2024-coup-denvoi-du-premier-evenement-de-la-faita\\\/\",\"url\":\"https:\\\/\\\/www.mondocamping.com\\\/fr\\\/open-air-forum-2024-coup-denvoi-du-premier-evenement-de-la-faita\\\/\",\"name\":\"Open Air Forum 2024 : coup d'envoi du premier \u00e9v\u00e9nement de la FAITA\",\"isPartOf\":{\"@id\":\"https:\\\/\\\/www.mondocamping.com\\\/#website\"},\"primaryImageOfPage\":{\"@id\":\"https:\\\/\\\/www.mondocamping.com\\\/fr\\\/open-air-forum-2024-coup-denvoi-du-premier-evenement-de-la-faita\\\/#primaryimage\"},\"image\":{\"@id\":\"https:\\\/\\\/www.mondocamping.com\\\/fr\\\/open-air-forum-2024-coup-denvoi-du-premier-evenement-de-la-faita\\\/#primaryimage\"},\"thumbnailUrl\":\"https:\\\/\\\/www.mondocamping.com\\\/wp-content\\\/uploads\\\/2024\\\/10\\\/Screenshot-2024-08-07-alle-12.22.31-1140x620-1.png\",\"datePublished\":\"2024-10-28T19:57:00+00:00\",\"dateModified\":\"2024-10-28T19:57:01+00:00\",\"breadcrumb\":{\"@id\":\"https:\\\/\\\/www.mondocamping.com\\\/fr\\\/open-air-forum-2024-coup-denvoi-du-premier-evenement-de-la-faita\\\/#breadcrumb\"},\"inLanguage\":\"fr-FR\",\"potentialAction\":[{\"@type\":\"ReadAction\",\"target\":[\"https:\\\/\\\/www.mondocamping.com\\\/fr\\\/open-air-forum-2024-coup-denvoi-du-premier-evenement-de-la-faita\\\/\"]}]},{\"@type\":\"ImageObject\",\"inLanguage\":\"fr-FR\",\"@id\":\"https:\\\/\\\/www.mondocamping.com\\\/fr\\\/open-air-forum-2024-coup-denvoi-du-premier-evenement-de-la-faita\\\/#primaryimage\",\"url\":\"https:\\\/\\\/www.mondocamping.com\\\/wp-content\\\/uploads\\\/2024\\\/10\\\/Screenshot-2024-08-07-alle-12.22.31-1140x620-1.png\",\"contentUrl\":\"https:\\\/\\\/www.mondocamping.com\\\/wp-content\\\/uploads\\\/2024\\\/10\\\/Screenshot-2024-08-07-alle-12.22.31-1140x620-1.png\",\"width\":1140,\"height\":620},{\"@type\":\"BreadcrumbList\",\"@id\":\"https:\\\/\\\/www.mondocamping.com\\\/fr\\\/open-air-forum-2024-coup-denvoi-du-premier-evenement-de-la-faita\\\/#breadcrumb\",\"itemListElement\":[{\"@type\":\"ListItem\",\"position\":1,\"name\":\"Home\",\"item\":\"https:\\\/\\\/www.mondocamping.com\\\/fr\\\/\"},{\"@type\":\"ListItem\",\"position\":2,\"name\":\"Open Air Forum 2024 : coup d&rsquo;envoi du premier \u00e9v\u00e9nement de la FAITA\"}]},{\"@type\":\"WebSite\",\"@id\":\"https:\\\/\\\/www.mondocamping.com\\\/#website\",\"url\":\"https:\\\/\\\/www.mondocamping.com\\\/\",\"name\":\"Mondo Camping\",\"description\":\"Le portail d\u00e9di\u00e9 aux gestionnaires de campings et villages touristiques\",\"publisher\":{\"@id\":\"https:\\\/\\\/www.mondocamping.com\\\/#organization\"},\"potentialAction\":[{\"@type\":\"SearchAction\",\"target\":{\"@type\":\"EntryPoint\",\"urlTemplate\":\"https:\\\/\\\/www.mondocamping.com\\\/?s={search_term_string}\"},\"query-input\":{\"@type\":\"PropertyValueSpecification\",\"valueRequired\":true,\"valueName\":\"search_term_string\"}}],\"inLanguage\":\"fr-FR\"},{\"@type\":\"Organization\",\"@id\":\"https:\\\/\\\/www.mondocamping.com\\\/#organization\",\"name\":\"Mondo Camping\",\"url\":\"https:\\\/\\\/www.mondocamping.com\\\/\",\"logo\":{\"@type\":\"ImageObject\",\"inLanguage\":\"fr-FR\",\"@id\":\"https:\\\/\\\/www.mondocamping.com\\\/#\\\/schema\\\/logo\\\/image\\\/\",\"url\":\"https:\\\/\\\/www.mondocamping.com\\\/wp-content\\\/uploads\\\/2022\\\/04\\\/mondo-camping-logo-contornato-1.png\",\"contentUrl\":\"https:\\\/\\\/www.mondocamping.com\\\/wp-content\\\/uploads\\\/2022\\\/04\\\/mondo-camping-logo-contornato-1.png\",\"width\":280,\"height\":90,\"caption\":\"Mondo Camping\"},\"image\":{\"@id\":\"https:\\\/\\\/www.mondocamping.com\\\/#\\\/schema\\\/logo\\\/image\\\/\"},\"sameAs\":[\"https:\\\/\\\/www.facebook.com\\\/mondobalneare\",\"https:\\\/\\\/x.com\\\/mondobalneare\",\"https:\\\/\\\/www.instagram.com\\\/mondobalneare\\\/\",\"https:\\\/\\\/www.linkedin.com\\\/company\\\/67180810\\\/\",\"https:\\\/\\\/www.youtube.com\\\/user\\\/mondobalnearevideo\"]},{\"@type\":\"Person\",\"@id\":\"https:\\\/\\\/www.mondocamping.com\\\/#\\\/schema\\\/person\\\/01a031b8c5ef08c2204bb0e696f0a760\",\"name\":\"Mondo Camping\",\"image\":{\"@type\":\"ImageObject\",\"inLanguage\":\"fr-FR\",\"@id\":\"https:\\\/\\\/www.mondocamping.com\\\/wp-content\\\/uploads\\\/2022\\\/05\\\/cropped-icona-MONDO-CAMPING-150x150.png\",\"url\":\"https:\\\/\\\/www.mondocamping.com\\\/wp-content\\\/uploads\\\/2022\\\/05\\\/cropped-icona-MONDO-CAMPING-150x150.png\",\"contentUrl\":\"https:\\\/\\\/www.mondocamping.com\\\/wp-content\\\/uploads\\\/2022\\\/05\\\/cropped-icona-MONDO-CAMPING-150x150.png\",\"caption\":\"Mondo Camping\"},\"sameAs\":[\"https:\\\/\\\/www.mondocamping.com\\\/\",\"https:\\\/\\\/www.facebook.com\\\/mondocamping\"]}]}<\/script>\n<!-- \/ Yoast SEO plugin. -->","yoast_head_json":{"title":"Open Air Forum 2024 : coup d'envoi du premier \u00e9v\u00e9nement de la FAITA","robots":{"index":"index","follow":"follow","max-snippet":"max-snippet:-1","max-image-preview":"max-image-preview:large","max-video-preview":"max-video-preview:-1"},"canonical":"https:\/\/www.mondocamping.com\/fr\/open-air-forum-2024-coup-denvoi-du-premier-evenement-de-la-faita\/","og_locale":"fr_FR","og_type":"article","og_title":"Open Air Forum 2024 : coup d'envoi du premier \u00e9v\u00e9nement de la FAITA","og_description":"L&rsquo;Open Air Forum 2024 s&rsquo;est ouvert aujourd&rsquo;hui, 28 octobre, \u00e0 l&rsquo;Auditorium Massimo de Rome. Il s&rsquo;agit du premier \u00e9v\u00e9nement enti\u00e8rement consacr\u00e9 au secteur de l&rsquo;open air organis\u00e9 par FAITA Federcamping, en collaboration avec les principaux partenaires suivants Crippaconcept et Intesa Sanpaolo. De nombreux sujets seront abord\u00e9s et de nombreux participants assisteront \u00e0 la convention. Quelques [&hellip;]","og_url":"https:\/\/www.mondocamping.com\/fr\/open-air-forum-2024-coup-denvoi-du-premier-evenement-de-la-faita\/","og_site_name":"Mondo Camping","article_publisher":"https:\/\/www.facebook.com\/mondobalneare","article_author":"https:\/\/www.facebook.com\/mondocamping","article_published_time":"2024-10-28T19:57:00+00:00","article_modified_time":"2024-10-28T19:57:01+00:00","og_image":[{"width":1140,"height":620,"url":"https:\/\/www.mondocamping.com\/wp-content\/uploads\/2024\/10\/Screenshot-2024-08-07-alle-12.22.31-1140x620-1.png","type":"image\/png"}],"author":"Mondo Camping","twitter_card":"summary_large_image","twitter_creator":"@mondobalneare","twitter_site":"@mondobalneare","twitter_misc":{"\u00c9crit par":"Mondo Camping","Dur\u00e9e de lecture estim\u00e9e":"1 minute"},"schema":{"@context":"https:\/\/schema.org","@graph":[{"@type":"Article","@id":"https:\/\/www.mondocamping.com\/fr\/open-air-forum-2024-coup-denvoi-du-premier-evenement-de-la-faita\/#article","isPartOf":{"@id":"https:\/\/www.mondocamping.com\/fr\/open-air-forum-2024-coup-denvoi-du-premier-evenement-de-la-faita\/"},"author":{"name":"Mondo Camping","@id":"https:\/\/www.mondocamping.com\/#\/schema\/person\/01a031b8c5ef08c2204bb0e696f0a760"},"headline":"Open Air Forum 2024 : coup d&rsquo;envoi du premier \u00e9v\u00e9nement de la FAITA","datePublished":"2024-10-28T19:57:00+00:00","dateModified":"2024-10-28T19:57:01+00:00","mainEntityOfPage":{"@id":"https:\/\/www.mondocamping.com\/fr\/open-air-forum-2024-coup-denvoi-du-premier-evenement-de-la-faita\/"},"wordCount":280,"publisher":{"@id":"https:\/\/www.mondocamping.com\/#organization"},"image":{"@id":"https:\/\/www.mondocamping.com\/fr\/open-air-forum-2024-coup-denvoi-du-premier-evenement-de-la-faita\/#primaryimage"},"thumbnailUrl":"https:\/\/www.mondocamping.com\/wp-content\/uploads\/2024\/10\/Screenshot-2024-08-07-alle-12.22.31-1140x620-1.png","keywords":["camping","camping","Faita Federcamping","Mondo Camping","Rome","Tourisme de plein air"],"articleSection":["Actualit\u00e9"],"inLanguage":"fr-FR"},{"@type":"WebPage","@id":"https:\/\/www.mondocamping.com\/fr\/open-air-forum-2024-coup-denvoi-du-premier-evenement-de-la-faita\/","url":"https:\/\/www.mondocamping.com\/fr\/open-air-forum-2024-coup-denvoi-du-premier-evenement-de-la-faita\/","name":"Open Air Forum 2024 : coup d'envoi du premier \u00e9v\u00e9nement de la FAITA","isPartOf":{"@id":"https:\/\/www.mondocamping.com\/#website"},"primaryImageOfPage":{"@id":"https:\/\/www.mondocamping.com\/fr\/open-air-forum-2024-coup-denvoi-du-premier-evenement-de-la-faita\/#primaryimage"},"image":{"@id":"https:\/\/www.mondocamping.com\/fr\/open-air-forum-2024-coup-denvoi-du-premier-evenement-de-la-faita\/#primaryimage"},"thumbnailUrl":"https:\/\/www.mondocamping.com\/wp-content\/uploads\/2024\/10\/Screenshot-2024-08-07-alle-12.22.31-1140x620-1.png","datePublished":"2024-10-28T19:57:00+00:00","dateModified":"2024-10-28T19:57:01+00:00","breadcrumb":{"@id":"https:\/\/www.mondocamping.com\/fr\/open-air-forum-2024-coup-denvoi-du-premier-evenement-de-la-faita\/#breadcrumb"},"inLanguage":"fr-FR","potentialAction":[{"@type":"ReadAction","target":["https:\/\/www.mondocamping.com\/fr\/open-air-forum-2024-coup-denvoi-du-premier-evenement-de-la-faita\/"]}]},{"@type":"ImageObject","inLanguage":"fr-FR","@id":"https:\/\/www.mondocamping.com\/fr\/open-air-forum-2024-coup-denvoi-du-premier-evenement-de-la-faita\/#primaryimage","url":"https:\/\/www.mondocamping.com\/wp-content\/uploads\/2024\/10\/Screenshot-2024-08-07-alle-12.22.31-1140x620-1.png","contentUrl":"https:\/\/www.mondocamping.com\/wp-content\/uploads\/2024\/10\/Screenshot-2024-08-07-alle-12.22.31-1140x620-1.png","width":1140,"height":620},{"@type":"BreadcrumbList","@id":"https:\/\/www.mondocamping.com\/fr\/open-air-forum-2024-coup-denvoi-du-premier-evenement-de-la-faita\/#breadcrumb","itemListElement":[{"@type":"ListItem","position":1,"name":"Home","item":"https:\/\/www.mondocamping.com\/fr\/"},{"@type":"ListItem","position":2,"name":"Open Air Forum 2024 : coup d&rsquo;envoi du premier \u00e9v\u00e9nement de la FAITA"}]},{"@type":"WebSite","@id":"https:\/\/www.mondocamping.com\/#website","url":"https:\/\/www.mondocamping.com\/","name":"Mondo Camping","description":"Le portail d\u00e9di\u00e9 aux gestionnaires de campings et villages touristiques","publisher":{"@id":"https:\/\/www.mondocamping.com\/#organization"},"potentialAction":[{"@type":"SearchAction","target":{"@type":"EntryPoint","urlTemplate":"https:\/\/www.mondocamping.com\/?s={search_term_string}"},"query-input":{"@type":"PropertyValueSpecification","valueRequired":true,"valueName":"search_term_string"}}],"inLanguage":"fr-FR"},{"@type":"Organization","@id":"https:\/\/www.mondocamping.com\/#organization","name":"Mondo Camping","url":"https:\/\/www.mondocamping.com\/","logo":{"@type":"ImageObject","inLanguage":"fr-FR","@id":"https:\/\/www.mondocamping.com\/#\/schema\/logo\/image\/","url":"https:\/\/www.mondocamping.com\/wp-content\/uploads\/2022\/04\/mondo-camping-logo-contornato-1.png","contentUrl":"https:\/\/www.mondocamping.com\/wp-content\/uploads\/2022\/04\/mondo-camping-logo-contornato-1.png","width":280,"height":90,"caption":"Mondo Camping"},"image":{"@id":"https:\/\/www.mondocamping.com\/#\/schema\/logo\/image\/"},"sameAs":["https:\/\/www.facebook.com\/mondobalneare","https:\/\/x.com\/mondobalneare","https:\/\/www.instagram.com\/mondobalneare\/","https:\/\/www.linkedin.com\/company\/67180810\/","https:\/\/www.youtube.com\/user\/mondobalnearevideo"]},{"@type":"Person","@id":"https:\/\/www.mondocamping.com\/#\/schema\/person\/01a031b8c5ef08c2204bb0e696f0a760","name":"Mondo Camping","image":{"@type":"ImageObject","inLanguage":"fr-FR","@id":"https:\/\/www.mondocamping.com\/wp-content\/uploads\/2022\/05\/cropped-icona-MONDO-CAMPING-150x150.png","url":"https:\/\/www.mondocamping.com\/wp-content\/uploads\/2022\/05\/cropped-icona-MONDO-CAMPING-150x150.png","contentUrl":"https:\/\/www.mondocamping.com\/wp-content\/uploads\/2022\/05\/cropped-icona-MONDO-CAMPING-150x150.png","caption":"Mondo Camping"},"sameAs":["https:\/\/www.mondocamping.com\/","https:\/\/www.facebook.com\/mondocamping"]}]}},"_links":{"self":[{"href":"https:\/\/www.mondocamping.com\/fr\/wp-json\/wp\/v2\/posts\/171437","targetHints":{"allow":["GET"]}}],"collection":[{"href":"https:\/\/www.mondocamping.com\/fr\/wp-json\/wp\/v2\/posts"}],"about":[{"href":"https:\/\/www.mondocamping.com\/fr\/wp-json\/wp\/v2\/types\/post"}],"author":[{"embeddable":true,"href":"https:\/\/www.mondocamping.com\/fr\/wp-json\/wp\/v2\/users\/5"}],"replies":[{"embeddable":true,"href":"https:\/\/www.mondocamping.com\/fr\/wp-json\/wp\/v2\/comments?post=171437"}],"version-history":[{"count":1,"href":"https:\/\/www.mondocamping.com\/fr\/wp-json\/wp\/v2\/posts\/171437\/revisions"}],"predecessor-version":[{"id":171438,"href":"https:\/\/www.mondocamping.com\/fr\/wp-json\/wp\/v2\/posts\/171437\/revisions\/171438"}],"wp:featuredmedia":[{"embeddable":true,"href":"https:\/\/www.mondocamping.com\/fr\/wp-json\/wp\/v2\/media\/171421"}],"wp:attachment":[{"href":"https:\/\/www.mondocamping.com\/fr\/wp-json\/wp\/v2\/media?parent=171437"}],"wp:term":[{"taxonomy":"category","embeddable":true,"href":"https:\/\/www.mondocamping.com\/fr\/wp-json\/wp\/v2\/categories?post=171437"},{"taxonomy":"post_tag","embeddable":true,"href":"https:\/\/www.mondocamping.com\/fr\/wp-json\/wp\/v2\/tags?post=171437"}],"curies":[{"name":"wp","href":"https:\/\/api.w.org\/{rel}","templated":true}]}}