{"id":171450,"date":"2024-10-29T17:51:49","date_gmt":"2024-10-29T16:51:49","guid":{"rendered":"https:\/\/www.mondocamping.com\/deuxieme-journee-douverture-du-faita-open-air-forum-2024\/"},"modified":"2024-10-29T18:30:04","modified_gmt":"2024-10-29T17:30:04","slug":"deuxieme-journee-douverture-du-faita-open-air-forum-2024","status":"publish","type":"post","link":"https:\/\/www.mondocamping.com\/fr\/deuxieme-journee-douverture-du-faita-open-air-forum-2024\/","title":{"rendered":"Deuxi\u00e8me journ\u00e9e d&rsquo;ouverture du FAITA Open Air Forum 2024"},"content":{"rendered":"\n<p>L&rsquo;<em>Italie n&rsquo;est pas le pays du tourisme, mais le pays des turismes\u00a0\u00bb, <\/em>d\u00e9clare le s\u00e9nateur. \u00ab\u00a0<em>Un travail remarquable et exemplaire d&rsquo;entrepreneurs italiens qui ont totalement r\u00e9volutionn\u00e9 le secteur, m\u00eame si nous sommes tr\u00e8s en retard par rapport au reste du monde, et c&rsquo;est aussi la faute de la politique.<\/em><\/p>\n\n<p>Le deuxi\u00e8me et dernier rendez-vous du <strong>Forum Open Air 2024<\/strong> organis\u00e9 par la FAITA \u00e0 Rome s&rsquo;ouvre sur les mots de l&rsquo;<strong>honorable Gianmarco Centinaio<\/strong>, incipit d&rsquo;une autre journ\u00e9e riche en contenu. Ad maiora donc, mais avec une conscience<em>: <\/em>l&rsquo;essor de ce secteur est d\u00fb aux entrepreneurs du secteur de l&rsquo;open air. <\/p>\n\n<p>Des professionnels de plus en plus \u00e0 la page et capables de travailler en synergie, avec une compr\u00e9hension et une m\u00e9thode de communication diff\u00e9rentes. L&rsquo;Honorable Parlementaire ajoute :<em>\u00ab\u00a0Le tourisme de plein air g\u00e9n\u00e8re des revenus induits, non seulement pour la structure elle-m\u00eame, mais pour l&rsquo;ensemble des revenus induits<\/em>\u00ab\u00a0, une r\u00e9f\u00e9rence aux aspects gastronomiques et vinicoles, paysagers, culturels et sportifs impliqu\u00e9s dans le tourisme de plein air. <\/p>\n\n<p>Le plein air est donc un secteur important pour le tourisme et l&rsquo;\u00e9conomie italienne, ainsi qu&rsquo;un outil qui s&rsquo;est av\u00e9r\u00e9 tr\u00e8s utile pour le <strong>r\u00e9am\u00e9nagement de certaines zones d&rsquo;int\u00e9r\u00eat<\/strong>, des transformations qui permettent de rendre les territoires utilisables et de<strong> lutter contre le<em>surtourisme<\/em><\/strong> des destinations les plus populaires.  <\/p>\n\n<p><br \/>Comme l&rsquo;a dit le s\u00e9nateur : \u00ab\u00a0&#8230;<em>Il est inutile de faire des spots promotionnels sur les Cinque Terre si l&rsquo;on se plaint ensuite qu&rsquo;il est impossible de les vivre, il est inutile de mettre l&rsquo;accent sur la beaut\u00e9 du Colis\u00e9e si l&rsquo;on se plaint ensuite que Rome est trop peupl\u00e9e. Alors montrons autre chose, promouvons d&rsquo;autres lieux moins connus\u00a0\u00bb. <\/em><\/p>\n","protected":false},"excerpt":{"rendered":"<p>L&rsquo;Italie n&rsquo;est pas le pays du tourisme, mais le pays des turismes\u00a0\u00bb, d\u00e9clare le s\u00e9nateur. \u00ab\u00a0Un travail remarquable et exemplaire d&rsquo;entrepreneurs italiens qui ont totalement r\u00e9volutionn\u00e9 le secteur, m\u00eame si nous sommes tr\u00e8s en retard par rapport au reste du monde, et c&rsquo;est aussi la faute de la politique. Le deuxi\u00e8me et dernier rendez-vous du [&hellip;]<\/p>\n","protected":false},"author":5,"featured_media":171444,"comment_status":"closed","ping_status":"closed","sticky":false,"template":"","format":"standard","meta":{"_acf_changed":false,"_monsterinsights_skip_tracking":false,"_monsterinsights_sitenote_active":false,"_monsterinsights_sitenote_note":"","_monsterinsights_sitenote_category":0,"footnotes":""},"categories":[4024],"tags":[4210,4077,6578,4262,6138,4079],"class_list":["post-171450","post","type-post","status-publish","format-standard","has-post-thumbnail","hentry","category-actualite","tag-camping-fr-2","tag-faita-federcamping-fr","tag-forum-en-plein-air-2024","tag-mondo-camping-fr","tag-rome-fr","tag-tourisme-de-plein-air"],"acf":[],"yoast_head":"<!-- This site is optimized with the Yoast SEO plugin v27.5 - https:\/\/yoast.com\/product\/yoast-seo-wordpress\/ -->\n<title>Deuxi\u00e8me journ\u00e9e d&#039;ouverture du FAITA Open Air Forum 2024<\/title>\n<meta name=\"robots\" content=\"index, follow, max-snippet:-1, max-image-preview:large, max-video-preview:-1\" \/>\n<link rel=\"canonical\" href=\"https:\/\/www.mondocamping.com\/fr\/deuxieme-journee-douverture-du-faita-open-air-forum-2024\/\" \/>\n<meta property=\"og:locale\" content=\"fr_FR\" \/>\n<meta property=\"og:type\" content=\"article\" \/>\n<meta property=\"og:title\" content=\"Deuxi\u00e8me journ\u00e9e d&#039;ouverture du FAITA Open Air Forum 2024\" \/>\n<meta property=\"og:description\" content=\"L&rsquo;Italie n&rsquo;est pas le pays du tourisme, mais le pays des turismes\u00a0\u00bb, d\u00e9clare le s\u00e9nateur. \u00ab\u00a0Un travail remarquable et exemplaire d&rsquo;entrepreneurs italiens qui ont totalement r\u00e9volutionn\u00e9 le secteur, m\u00eame si nous sommes tr\u00e8s en retard par rapport au reste du monde, et c&rsquo;est aussi la faute de la politique. Le deuxi\u00e8me et dernier rendez-vous du [&hellip;]\" \/>\n<meta property=\"og:url\" content=\"https:\/\/www.mondocamping.com\/fr\/deuxieme-journee-douverture-du-faita-open-air-forum-2024\/\" \/>\n<meta property=\"og:site_name\" content=\"Mondo Camping\" \/>\n<meta property=\"article:publisher\" content=\"https:\/\/www.facebook.com\/mondobalneare\" \/>\n<meta property=\"article:author\" content=\"https:\/\/www.facebook.com\/mondocamping\" \/>\n<meta property=\"article:published_time\" content=\"2024-10-29T16:51:49+00:00\" \/>\n<meta property=\"article:modified_time\" content=\"2024-10-29T17:30:04+00:00\" \/>\n<meta property=\"og:image\" content=\"https:\/\/www.mondocamping.com\/wp-content\/uploads\/2024\/10\/Screenshot-2024-10-29-alle-17.44.45.png\" \/>\n\t<meta property=\"og:image:width\" content=\"1408\" \/>\n\t<meta property=\"og:image:height\" content=\"628\" \/>\n\t<meta property=\"og:image:type\" content=\"image\/png\" \/>\n<meta name=\"author\" content=\"Mondo Camping\" \/>\n<meta name=\"twitter:card\" content=\"summary_large_image\" \/>\n<meta name=\"twitter:creator\" content=\"@mondobalneare\" \/>\n<meta name=\"twitter:site\" content=\"@mondobalneare\" \/>\n<meta name=\"twitter:label1\" content=\"\u00c9crit par\" \/>\n\t<meta name=\"twitter:data1\" content=\"Mondo Camping\" \/>\n\t<meta name=\"twitter:label2\" content=\"Dur\u00e9e de lecture estim\u00e9e\" \/>\n\t<meta name=\"twitter:data2\" content=\"1 minute\" \/>\n<script type=\"application\/ld+json\" class=\"yoast-schema-graph\">{\"@context\":\"https:\\\/\\\/schema.org\",\"@graph\":[{\"@type\":\"Article\",\"@id\":\"https:\\\/\\\/www.mondocamping.com\\\/fr\\\/deuxieme-journee-douverture-du-faita-open-air-forum-2024\\\/#article\",\"isPartOf\":{\"@id\":\"https:\\\/\\\/www.mondocamping.com\\\/fr\\\/deuxieme-journee-douverture-du-faita-open-air-forum-2024\\\/\"},\"author\":{\"name\":\"Mondo Camping\",\"@id\":\"https:\\\/\\\/www.mondocamping.com\\\/#\\\/schema\\\/person\\\/01a031b8c5ef08c2204bb0e696f0a760\"},\"headline\":\"Deuxi\u00e8me journ\u00e9e d&rsquo;ouverture du FAITA Open Air Forum 2024\",\"datePublished\":\"2024-10-29T16:51:49+00:00\",\"dateModified\":\"2024-10-29T17:30:04+00:00\",\"mainEntityOfPage\":{\"@id\":\"https:\\\/\\\/www.mondocamping.com\\\/fr\\\/deuxieme-journee-douverture-du-faita-open-air-forum-2024\\\/\"},\"wordCount\":326,\"publisher\":{\"@id\":\"https:\\\/\\\/www.mondocamping.com\\\/#organization\"},\"image\":{\"@id\":\"https:\\\/\\\/www.mondocamping.com\\\/fr\\\/deuxieme-journee-douverture-du-faita-open-air-forum-2024\\\/#primaryimage\"},\"thumbnailUrl\":\"https:\\\/\\\/www.mondocamping.com\\\/wp-content\\\/uploads\\\/2024\\\/10\\\/Screenshot-2024-10-29-alle-17.44.45.png\",\"keywords\":[\"camping\",\"Faita Federcamping\",\"Forum en plein air 2024\",\"Mondo Camping\",\"Rome\",\"Tourisme de plein air\"],\"articleSection\":[\"Actualit\u00e9\"],\"inLanguage\":\"fr-FR\"},{\"@type\":\"WebPage\",\"@id\":\"https:\\\/\\\/www.mondocamping.com\\\/fr\\\/deuxieme-journee-douverture-du-faita-open-air-forum-2024\\\/\",\"url\":\"https:\\\/\\\/www.mondocamping.com\\\/fr\\\/deuxieme-journee-douverture-du-faita-open-air-forum-2024\\\/\",\"name\":\"Deuxi\u00e8me journ\u00e9e d'ouverture du FAITA Open Air Forum 2024\",\"isPartOf\":{\"@id\":\"https:\\\/\\\/www.mondocamping.com\\\/#website\"},\"primaryImageOfPage\":{\"@id\":\"https:\\\/\\\/www.mondocamping.com\\\/fr\\\/deuxieme-journee-douverture-du-faita-open-air-forum-2024\\\/#primaryimage\"},\"image\":{\"@id\":\"https:\\\/\\\/www.mondocamping.com\\\/fr\\\/deuxieme-journee-douverture-du-faita-open-air-forum-2024\\\/#primaryimage\"},\"thumbnailUrl\":\"https:\\\/\\\/www.mondocamping.com\\\/wp-content\\\/uploads\\\/2024\\\/10\\\/Screenshot-2024-10-29-alle-17.44.45.png\",\"datePublished\":\"2024-10-29T16:51:49+00:00\",\"dateModified\":\"2024-10-29T17:30:04+00:00\",\"breadcrumb\":{\"@id\":\"https:\\\/\\\/www.mondocamping.com\\\/fr\\\/deuxieme-journee-douverture-du-faita-open-air-forum-2024\\\/#breadcrumb\"},\"inLanguage\":\"fr-FR\",\"potentialAction\":[{\"@type\":\"ReadAction\",\"target\":[\"https:\\\/\\\/www.mondocamping.com\\\/fr\\\/deuxieme-journee-douverture-du-faita-open-air-forum-2024\\\/\"]}]},{\"@type\":\"ImageObject\",\"inLanguage\":\"fr-FR\",\"@id\":\"https:\\\/\\\/www.mondocamping.com\\\/fr\\\/deuxieme-journee-douverture-du-faita-open-air-forum-2024\\\/#primaryimage\",\"url\":\"https:\\\/\\\/www.mondocamping.com\\\/wp-content\\\/uploads\\\/2024\\\/10\\\/Screenshot-2024-10-29-alle-17.44.45.png\",\"contentUrl\":\"https:\\\/\\\/www.mondocamping.com\\\/wp-content\\\/uploads\\\/2024\\\/10\\\/Screenshot-2024-10-29-alle-17.44.45.png\",\"width\":1408,\"height\":628,\"caption\":\"Photo credit: Camping Management OnLine\"},{\"@type\":\"BreadcrumbList\",\"@id\":\"https:\\\/\\\/www.mondocamping.com\\\/fr\\\/deuxieme-journee-douverture-du-faita-open-air-forum-2024\\\/#breadcrumb\",\"itemListElement\":[{\"@type\":\"ListItem\",\"position\":1,\"name\":\"Home\",\"item\":\"https:\\\/\\\/www.mondocamping.com\\\/fr\\\/\"},{\"@type\":\"ListItem\",\"position\":2,\"name\":\"Deuxi\u00e8me journ\u00e9e d&#8217;ouverture du FAITA Open Air Forum 2024\"}]},{\"@type\":\"WebSite\",\"@id\":\"https:\\\/\\\/www.mondocamping.com\\\/#website\",\"url\":\"https:\\\/\\\/www.mondocamping.com\\\/\",\"name\":\"Mondo Camping\",\"description\":\"Le portail d\u00e9di\u00e9 aux gestionnaires de campings et villages touristiques\",\"publisher\":{\"@id\":\"https:\\\/\\\/www.mondocamping.com\\\/#organization\"},\"potentialAction\":[{\"@type\":\"SearchAction\",\"target\":{\"@type\":\"EntryPoint\",\"urlTemplate\":\"https:\\\/\\\/www.mondocamping.com\\\/?s={search_term_string}\"},\"query-input\":{\"@type\":\"PropertyValueSpecification\",\"valueRequired\":true,\"valueName\":\"search_term_string\"}}],\"inLanguage\":\"fr-FR\"},{\"@type\":\"Organization\",\"@id\":\"https:\\\/\\\/www.mondocamping.com\\\/#organization\",\"name\":\"Mondo Camping\",\"url\":\"https:\\\/\\\/www.mondocamping.com\\\/\",\"logo\":{\"@type\":\"ImageObject\",\"inLanguage\":\"fr-FR\",\"@id\":\"https:\\\/\\\/www.mondocamping.com\\\/#\\\/schema\\\/logo\\\/image\\\/\",\"url\":\"https:\\\/\\\/www.mondocamping.com\\\/wp-content\\\/uploads\\\/2022\\\/04\\\/mondo-camping-logo-contornato-1.png\",\"contentUrl\":\"https:\\\/\\\/www.mondocamping.com\\\/wp-content\\\/uploads\\\/2022\\\/04\\\/mondo-camping-logo-contornato-1.png\",\"width\":280,\"height\":90,\"caption\":\"Mondo Camping\"},\"image\":{\"@id\":\"https:\\\/\\\/www.mondocamping.com\\\/#\\\/schema\\\/logo\\\/image\\\/\"},\"sameAs\":[\"https:\\\/\\\/www.facebook.com\\\/mondobalneare\",\"https:\\\/\\\/x.com\\\/mondobalneare\",\"https:\\\/\\\/www.instagram.com\\\/mondobalneare\\\/\",\"https:\\\/\\\/www.linkedin.com\\\/company\\\/67180810\\\/\",\"https:\\\/\\\/www.youtube.com\\\/user\\\/mondobalnearevideo\"]},{\"@type\":\"Person\",\"@id\":\"https:\\\/\\\/www.mondocamping.com\\\/#\\\/schema\\\/person\\\/01a031b8c5ef08c2204bb0e696f0a760\",\"name\":\"Mondo Camping\",\"image\":{\"@type\":\"ImageObject\",\"inLanguage\":\"fr-FR\",\"@id\":\"https:\\\/\\\/www.mondocamping.com\\\/wp-content\\\/uploads\\\/2022\\\/05\\\/cropped-icona-MONDO-CAMPING-150x150.png\",\"url\":\"https:\\\/\\\/www.mondocamping.com\\\/wp-content\\\/uploads\\\/2022\\\/05\\\/cropped-icona-MONDO-CAMPING-150x150.png\",\"contentUrl\":\"https:\\\/\\\/www.mondocamping.com\\\/wp-content\\\/uploads\\\/2022\\\/05\\\/cropped-icona-MONDO-CAMPING-150x150.png\",\"caption\":\"Mondo Camping\"},\"sameAs\":[\"https:\\\/\\\/www.mondocamping.com\\\/\",\"https:\\\/\\\/www.facebook.com\\\/mondocamping\"]}]}<\/script>\n<!-- \/ Yoast SEO plugin. -->","yoast_head_json":{"title":"Deuxi\u00e8me journ\u00e9e d'ouverture du FAITA Open Air Forum 2024","robots":{"index":"index","follow":"follow","max-snippet":"max-snippet:-1","max-image-preview":"max-image-preview:large","max-video-preview":"max-video-preview:-1"},"canonical":"https:\/\/www.mondocamping.com\/fr\/deuxieme-journee-douverture-du-faita-open-air-forum-2024\/","og_locale":"fr_FR","og_type":"article","og_title":"Deuxi\u00e8me journ\u00e9e d'ouverture du FAITA Open Air Forum 2024","og_description":"L&rsquo;Italie n&rsquo;est pas le pays du tourisme, mais le pays des turismes\u00a0\u00bb, d\u00e9clare le s\u00e9nateur. \u00ab\u00a0Un travail remarquable et exemplaire d&rsquo;entrepreneurs italiens qui ont totalement r\u00e9volutionn\u00e9 le secteur, m\u00eame si nous sommes tr\u00e8s en retard par rapport au reste du monde, et c&rsquo;est aussi la faute de la politique. Le deuxi\u00e8me et dernier rendez-vous du [&hellip;]","og_url":"https:\/\/www.mondocamping.com\/fr\/deuxieme-journee-douverture-du-faita-open-air-forum-2024\/","og_site_name":"Mondo Camping","article_publisher":"https:\/\/www.facebook.com\/mondobalneare","article_author":"https:\/\/www.facebook.com\/mondocamping","article_published_time":"2024-10-29T16:51:49+00:00","article_modified_time":"2024-10-29T17:30:04+00:00","og_image":[{"width":1408,"height":628,"url":"https:\/\/www.mondocamping.com\/wp-content\/uploads\/2024\/10\/Screenshot-2024-10-29-alle-17.44.45.png","type":"image\/png"}],"author":"Mondo Camping","twitter_card":"summary_large_image","twitter_creator":"@mondobalneare","twitter_site":"@mondobalneare","twitter_misc":{"\u00c9crit par":"Mondo Camping","Dur\u00e9e de lecture estim\u00e9e":"1 minute"},"schema":{"@context":"https:\/\/schema.org","@graph":[{"@type":"Article","@id":"https:\/\/www.mondocamping.com\/fr\/deuxieme-journee-douverture-du-faita-open-air-forum-2024\/#article","isPartOf":{"@id":"https:\/\/www.mondocamping.com\/fr\/deuxieme-journee-douverture-du-faita-open-air-forum-2024\/"},"author":{"name":"Mondo Camping","@id":"https:\/\/www.mondocamping.com\/#\/schema\/person\/01a031b8c5ef08c2204bb0e696f0a760"},"headline":"Deuxi\u00e8me journ\u00e9e d&rsquo;ouverture du FAITA Open Air Forum 2024","datePublished":"2024-10-29T16:51:49+00:00","dateModified":"2024-10-29T17:30:04+00:00","mainEntityOfPage":{"@id":"https:\/\/www.mondocamping.com\/fr\/deuxieme-journee-douverture-du-faita-open-air-forum-2024\/"},"wordCount":326,"publisher":{"@id":"https:\/\/www.mondocamping.com\/#organization"},"image":{"@id":"https:\/\/www.mondocamping.com\/fr\/deuxieme-journee-douverture-du-faita-open-air-forum-2024\/#primaryimage"},"thumbnailUrl":"https:\/\/www.mondocamping.com\/wp-content\/uploads\/2024\/10\/Screenshot-2024-10-29-alle-17.44.45.png","keywords":["camping","Faita Federcamping","Forum en plein air 2024","Mondo Camping","Rome","Tourisme de plein air"],"articleSection":["Actualit\u00e9"],"inLanguage":"fr-FR"},{"@type":"WebPage","@id":"https:\/\/www.mondocamping.com\/fr\/deuxieme-journee-douverture-du-faita-open-air-forum-2024\/","url":"https:\/\/www.mondocamping.com\/fr\/deuxieme-journee-douverture-du-faita-open-air-forum-2024\/","name":"Deuxi\u00e8me journ\u00e9e d'ouverture du FAITA Open Air Forum 2024","isPartOf":{"@id":"https:\/\/www.mondocamping.com\/#website"},"primaryImageOfPage":{"@id":"https:\/\/www.mondocamping.com\/fr\/deuxieme-journee-douverture-du-faita-open-air-forum-2024\/#primaryimage"},"image":{"@id":"https:\/\/www.mondocamping.com\/fr\/deuxieme-journee-douverture-du-faita-open-air-forum-2024\/#primaryimage"},"thumbnailUrl":"https:\/\/www.mondocamping.com\/wp-content\/uploads\/2024\/10\/Screenshot-2024-10-29-alle-17.44.45.png","datePublished":"2024-10-29T16:51:49+00:00","dateModified":"2024-10-29T17:30:04+00:00","breadcrumb":{"@id":"https:\/\/www.mondocamping.com\/fr\/deuxieme-journee-douverture-du-faita-open-air-forum-2024\/#breadcrumb"},"inLanguage":"fr-FR","potentialAction":[{"@type":"ReadAction","target":["https:\/\/www.mondocamping.com\/fr\/deuxieme-journee-douverture-du-faita-open-air-forum-2024\/"]}]},{"@type":"ImageObject","inLanguage":"fr-FR","@id":"https:\/\/www.mondocamping.com\/fr\/deuxieme-journee-douverture-du-faita-open-air-forum-2024\/#primaryimage","url":"https:\/\/www.mondocamping.com\/wp-content\/uploads\/2024\/10\/Screenshot-2024-10-29-alle-17.44.45.png","contentUrl":"https:\/\/www.mondocamping.com\/wp-content\/uploads\/2024\/10\/Screenshot-2024-10-29-alle-17.44.45.png","width":1408,"height":628,"caption":"Photo credit: Camping Management OnLine"},{"@type":"BreadcrumbList","@id":"https:\/\/www.mondocamping.com\/fr\/deuxieme-journee-douverture-du-faita-open-air-forum-2024\/#breadcrumb","itemListElement":[{"@type":"ListItem","position":1,"name":"Home","item":"https:\/\/www.mondocamping.com\/fr\/"},{"@type":"ListItem","position":2,"name":"Deuxi\u00e8me journ\u00e9e d&#8217;ouverture du FAITA Open Air Forum 2024"}]},{"@type":"WebSite","@id":"https:\/\/www.mondocamping.com\/#website","url":"https:\/\/www.mondocamping.com\/","name":"Mondo Camping","description":"Le portail d\u00e9di\u00e9 aux gestionnaires de campings et villages touristiques","publisher":{"@id":"https:\/\/www.mondocamping.com\/#organization"},"potentialAction":[{"@type":"SearchAction","target":{"@type":"EntryPoint","urlTemplate":"https:\/\/www.mondocamping.com\/?s={search_term_string}"},"query-input":{"@type":"PropertyValueSpecification","valueRequired":true,"valueName":"search_term_string"}}],"inLanguage":"fr-FR"},{"@type":"Organization","@id":"https:\/\/www.mondocamping.com\/#organization","name":"Mondo Camping","url":"https:\/\/www.mondocamping.com\/","logo":{"@type":"ImageObject","inLanguage":"fr-FR","@id":"https:\/\/www.mondocamping.com\/#\/schema\/logo\/image\/","url":"https:\/\/www.mondocamping.com\/wp-content\/uploads\/2022\/04\/mondo-camping-logo-contornato-1.png","contentUrl":"https:\/\/www.mondocamping.com\/wp-content\/uploads\/2022\/04\/mondo-camping-logo-contornato-1.png","width":280,"height":90,"caption":"Mondo Camping"},"image":{"@id":"https:\/\/www.mondocamping.com\/#\/schema\/logo\/image\/"},"sameAs":["https:\/\/www.facebook.com\/mondobalneare","https:\/\/x.com\/mondobalneare","https:\/\/www.instagram.com\/mondobalneare\/","https:\/\/www.linkedin.com\/company\/67180810\/","https:\/\/www.youtube.com\/user\/mondobalnearevideo"]},{"@type":"Person","@id":"https:\/\/www.mondocamping.com\/#\/schema\/person\/01a031b8c5ef08c2204bb0e696f0a760","name":"Mondo Camping","image":{"@type":"ImageObject","inLanguage":"fr-FR","@id":"https:\/\/www.mondocamping.com\/wp-content\/uploads\/2022\/05\/cropped-icona-MONDO-CAMPING-150x150.png","url":"https:\/\/www.mondocamping.com\/wp-content\/uploads\/2022\/05\/cropped-icona-MONDO-CAMPING-150x150.png","contentUrl":"https:\/\/www.mondocamping.com\/wp-content\/uploads\/2022\/05\/cropped-icona-MONDO-CAMPING-150x150.png","caption":"Mondo Camping"},"sameAs":["https:\/\/www.mondocamping.com\/","https:\/\/www.facebook.com\/mondocamping"]}]}},"_links":{"self":[{"href":"https:\/\/www.mondocamping.com\/fr\/wp-json\/wp\/v2\/posts\/171450","targetHints":{"allow":["GET"]}}],"collection":[{"href":"https:\/\/www.mondocamping.com\/fr\/wp-json\/wp\/v2\/posts"}],"about":[{"href":"https:\/\/www.mondocamping.com\/fr\/wp-json\/wp\/v2\/types\/post"}],"author":[{"embeddable":true,"href":"https:\/\/www.mondocamping.com\/fr\/wp-json\/wp\/v2\/users\/5"}],"replies":[{"embeddable":true,"href":"https:\/\/www.mondocamping.com\/fr\/wp-json\/wp\/v2\/comments?post=171450"}],"version-history":[{"count":2,"href":"https:\/\/www.mondocamping.com\/fr\/wp-json\/wp\/v2\/posts\/171450\/revisions"}],"predecessor-version":[{"id":171452,"href":"https:\/\/www.mondocamping.com\/fr\/wp-json\/wp\/v2\/posts\/171450\/revisions\/171452"}],"wp:featuredmedia":[{"embeddable":true,"href":"https:\/\/www.mondocamping.com\/fr\/wp-json\/wp\/v2\/media\/171444"}],"wp:attachment":[{"href":"https:\/\/www.mondocamping.com\/fr\/wp-json\/wp\/v2\/media?parent=171450"}],"wp:term":[{"taxonomy":"category","embeddable":true,"href":"https:\/\/www.mondocamping.com\/fr\/wp-json\/wp\/v2\/categories?post=171450"},{"taxonomy":"post_tag","embeddable":true,"href":"https:\/\/www.mondocamping.com\/fr\/wp-json\/wp\/v2\/tags?post=171450"}],"curies":[{"name":"wp","href":"https:\/\/api.w.org\/{rel}","templated":true}]}}