{"id":171604,"date":"2024-11-11T15:55:07","date_gmt":"2024-11-11T14:55:07","guid":{"rendered":"https:\/\/www.mondocamping.com\/18e-congres-croate-du-camping-11-13-novembre\/"},"modified":"2024-11-11T15:55:08","modified_gmt":"2024-11-11T14:55:08","slug":"18e-congres-croate-du-camping-11-13-novembre","status":"publish","type":"post","link":"https:\/\/www.mondocamping.com\/fr\/18e-congres-croate-du-camping-11-13-novembre\/","title":{"rendered":"18e Congr\u00e8s croate du camping, 11-13 novembre"},"content":{"rendered":"\n<p>Lever de rideau sur le <strong><a href=\"https:\/\/www.camping.hr\/congress\">18e Congr\u00e8s croate du camping<\/a><\/strong>un \u00e9v\u00e9nement d&rsquo;envergure internationale qui rassemble et implique le monde europ\u00e9en du<em>plein air<\/em>, les institutions concern\u00e9es, les partenaires, ainsi que les repr\u00e9sentants des fabricants et des fournisseurs de divers \u00e9quipements et services de camping, sans oublier tous les amateurs de tourisme de plein air.  <\/p>\n\n<p>L&rsquo;\u00e9v\u00e9nement, qui se d\u00e9roulera jusqu&rsquo;au 13 novembre \u00e0 l<strong><em>H\u00f4tel Well<\/em><\/strong> de<em> <\/em><strong><em>Terme Tuhelj<\/em><\/strong>est une occasion pr\u00e9cieuse de discussion et de mise \u00e0 jour pour tous les professionnels du secteur. Des sujets d&rsquo;actualit\u00e9 et d&rsquo;avenir seront abord\u00e9s dans le monde du camping, un secteur de plus en plus comp\u00e9titif en Croatie. Des tables rondes et des conf\u00e9rences seront organis\u00e9es, avec la participation d&rsquo;experts croates et \u00e9trangers, et toutes les derni\u00e8res tendances en mati\u00e8re de services et d&rsquo;\u00e9quipements seront abord\u00e9es.  <\/p>\n\n<p>Dans le cadre du congr\u00e8s, les meilleurs campings seront \u00e9galement r\u00e9compens\u00e9s par des prix de qualit\u00e9 sp\u00e9ciaux : <strong>Best Croatian Campsites<\/strong>, <strong>OK Mini Campsites<\/strong> et le Slovenian Quality Award <strong><em>Naj Kamp Adria.<\/em><\/strong><\/p>\n\n<p>Comme chaque ann\u00e9e, le Croatian Camping Congress est un succ\u00e8s. Comme le rapporte <em>Camping.hr<\/em>: \u00a0\u00bb <em>L&rsquo;ann\u00e9e derni\u00e8re, plus de 4 400 participants se sont rencontr\u00e9s lors de cet \u00e9v\u00e9nement. Ils ont d\u00e9couvert, appris des outils et des m\u00e9thodes de promotion, rencontr\u00e9 et convenu d&rsquo;une coop\u00e9ration avec les repr\u00e9sentants du CNTB de certains des march\u00e9s europ\u00e9ens les plus importants. L&rsquo;occasion de dialoguer avec des experts \u00e9trangers et d&rsquo;\u00e9changer de nouvelles id\u00e9es pour am\u00e9liorer la qualit\u00e9 de leurs services et s&rsquo;adapter aux attentes de la client\u00e8le des campings (glamping, mobil-homes, parcs aquatiques, campings de luxe, qualit\u00e9 de service, etc.) )  <\/em>\u00ab\u00a0.<\/p>\n\n<p>L&rsquo;\u00e9dition 2024 propose \u00e9galement un <a href=\"https:\/\/www.camping.hr\/cmsmedia\/dokumenti\/Program-18th-Croatian-Camping-Congress-ENG.pdf\"><strong>programme<\/strong><\/a><strong> <\/strong>tr\u00e8s riche, des sujets d&rsquo;actualit\u00e9 tels que les derni\u00e8res technologies et l&rsquo;utilisation de l&rsquo;IA, ainsi que les nouveaux outils m\u00e9diatiques comme<em> TikTok<\/em> pour le tourisme, seront \u00e9galement abord\u00e9s.<\/p>\n\n<p><\/p>\n","protected":false},"excerpt":{"rendered":"<p>Lever de rideau sur le 18e Congr\u00e8s croate du campingun \u00e9v\u00e9nement d&rsquo;envergure internationale qui rassemble et implique le monde europ\u00e9en duplein air, les institutions concern\u00e9es, les partenaires, ainsi que les repr\u00e9sentants des fabricants et des fournisseurs de divers \u00e9quipements et services de camping, sans oublier tous les amateurs de tourisme de plein air. L&rsquo;\u00e9v\u00e9nement, qui [&hellip;]<\/p>\n","protected":false},"author":5,"featured_media":171598,"comment_status":"closed","ping_status":"closed","sticky":false,"template":"","format":"standard","meta":{"_acf_changed":false,"_monsterinsights_skip_tracking":false,"_monsterinsights_sitenote_active":false,"_monsterinsights_sitenote_note":"","_monsterinsights_sitenote_category":0,"footnotes":""},"categories":[4024],"tags":[6597,4189,4210,5878,4262],"class_list":["post-171604","post","type-post","status-publish","format-standard","has-post-thumbnail","hentry","category-actualite","tag-18e-congres-croate-du-camping","tag-camping-fr","tag-camping-fr-2","tag-croatie","tag-mondo-camping-fr"],"acf":[],"yoast_head":"<!-- This site is optimized with the Yoast SEO plugin v27.5 - https:\/\/yoast.com\/product\/yoast-seo-wordpress\/ -->\n<title>18e Congr\u00e8s croate du camping, 11-13 novembre<\/title>\n<meta name=\"robots\" content=\"index, follow, max-snippet:-1, max-image-preview:large, max-video-preview:-1\" \/>\n<link rel=\"canonical\" href=\"https:\/\/www.mondocamping.com\/fr\/18e-congres-croate-du-camping-11-13-novembre\/\" \/>\n<meta property=\"og:locale\" content=\"fr_FR\" \/>\n<meta property=\"og:type\" content=\"article\" \/>\n<meta property=\"og:title\" content=\"18e Congr\u00e8s croate du camping, 11-13 novembre\" \/>\n<meta property=\"og:description\" content=\"Lever de rideau sur le 18e Congr\u00e8s croate du campingun \u00e9v\u00e9nement d&rsquo;envergure internationale qui rassemble et implique le monde europ\u00e9en duplein air, les institutions concern\u00e9es, les partenaires, ainsi que les repr\u00e9sentants des fabricants et des fournisseurs de divers \u00e9quipements et services de camping, sans oublier tous les amateurs de tourisme de plein air. L&rsquo;\u00e9v\u00e9nement, qui [&hellip;]\" \/>\n<meta property=\"og:url\" content=\"https:\/\/www.mondocamping.com\/fr\/18e-congres-croate-du-camping-11-13-novembre\/\" \/>\n<meta property=\"og:site_name\" content=\"Mondo Camping\" \/>\n<meta property=\"article:publisher\" content=\"https:\/\/www.facebook.com\/mondobalneare\" \/>\n<meta property=\"article:author\" content=\"https:\/\/www.facebook.com\/mondocamping\" \/>\n<meta property=\"article:published_time\" content=\"2024-11-11T14:55:07+00:00\" \/>\n<meta property=\"article:modified_time\" content=\"2024-11-11T14:55:08+00:00\" \/>\n<meta property=\"og:image\" content=\"https:\/\/www.mondocamping.com\/wp-content\/uploads\/2024\/11\/Screenshot-2024-11-11-alle-15.44.58.png\" \/>\n\t<meta property=\"og:image:width\" content=\"1200\" \/>\n\t<meta property=\"og:image:height\" content=\"628\" \/>\n\t<meta property=\"og:image:type\" content=\"image\/png\" \/>\n<meta name=\"author\" content=\"Mondo Camping\" \/>\n<meta name=\"twitter:card\" content=\"summary_large_image\" \/>\n<meta name=\"twitter:creator\" content=\"@mondobalneare\" \/>\n<meta name=\"twitter:site\" content=\"@mondobalneare\" \/>\n<meta name=\"twitter:label1\" content=\"\u00c9crit par\" \/>\n\t<meta name=\"twitter:data1\" content=\"Mondo Camping\" \/>\n\t<meta name=\"twitter:label2\" content=\"Dur\u00e9e de lecture estim\u00e9e\" \/>\n\t<meta name=\"twitter:data2\" content=\"2 minutes\" \/>\n<script type=\"application\/ld+json\" class=\"yoast-schema-graph\">{\"@context\":\"https:\\\/\\\/schema.org\",\"@graph\":[{\"@type\":\"Article\",\"@id\":\"https:\\\/\\\/www.mondocamping.com\\\/fr\\\/18e-congres-croate-du-camping-11-13-novembre\\\/#article\",\"isPartOf\":{\"@id\":\"https:\\\/\\\/www.mondocamping.com\\\/fr\\\/18e-congres-croate-du-camping-11-13-novembre\\\/\"},\"author\":{\"name\":\"Mondo Camping\",\"@id\":\"https:\\\/\\\/www.mondocamping.com\\\/#\\\/schema\\\/person\\\/01a031b8c5ef08c2204bb0e696f0a760\"},\"headline\":\"18e Congr\u00e8s croate du camping, 11-13 novembre\",\"datePublished\":\"2024-11-11T14:55:07+00:00\",\"dateModified\":\"2024-11-11T14:55:08+00:00\",\"mainEntityOfPage\":{\"@id\":\"https:\\\/\\\/www.mondocamping.com\\\/fr\\\/18e-congres-croate-du-camping-11-13-novembre\\\/\"},\"wordCount\":353,\"publisher\":{\"@id\":\"https:\\\/\\\/www.mondocamping.com\\\/#organization\"},\"image\":{\"@id\":\"https:\\\/\\\/www.mondocamping.com\\\/fr\\\/18e-congres-croate-du-camping-11-13-novembre\\\/#primaryimage\"},\"thumbnailUrl\":\"https:\\\/\\\/www.mondocamping.com\\\/wp-content\\\/uploads\\\/2024\\\/11\\\/Screenshot-2024-11-11-alle-15.44.58.png\",\"keywords\":[\"18e Congr\u00e8s croate du camping\",\"camping\",\"camping\",\"Croatie\",\"Mondo Camping\"],\"articleSection\":[\"Actualit\u00e9\"],\"inLanguage\":\"fr-FR\"},{\"@type\":\"WebPage\",\"@id\":\"https:\\\/\\\/www.mondocamping.com\\\/fr\\\/18e-congres-croate-du-camping-11-13-novembre\\\/\",\"url\":\"https:\\\/\\\/www.mondocamping.com\\\/fr\\\/18e-congres-croate-du-camping-11-13-novembre\\\/\",\"name\":\"18e Congr\u00e8s croate du camping, 11-13 novembre\",\"isPartOf\":{\"@id\":\"https:\\\/\\\/www.mondocamping.com\\\/#website\"},\"primaryImageOfPage\":{\"@id\":\"https:\\\/\\\/www.mondocamping.com\\\/fr\\\/18e-congres-croate-du-camping-11-13-novembre\\\/#primaryimage\"},\"image\":{\"@id\":\"https:\\\/\\\/www.mondocamping.com\\\/fr\\\/18e-congres-croate-du-camping-11-13-novembre\\\/#primaryimage\"},\"thumbnailUrl\":\"https:\\\/\\\/www.mondocamping.com\\\/wp-content\\\/uploads\\\/2024\\\/11\\\/Screenshot-2024-11-11-alle-15.44.58.png\",\"datePublished\":\"2024-11-11T14:55:07+00:00\",\"dateModified\":\"2024-11-11T14:55:08+00:00\",\"breadcrumb\":{\"@id\":\"https:\\\/\\\/www.mondocamping.com\\\/fr\\\/18e-congres-croate-du-camping-11-13-novembre\\\/#breadcrumb\"},\"inLanguage\":\"fr-FR\",\"potentialAction\":[{\"@type\":\"ReadAction\",\"target\":[\"https:\\\/\\\/www.mondocamping.com\\\/fr\\\/18e-congres-croate-du-camping-11-13-novembre\\\/\"]}]},{\"@type\":\"ImageObject\",\"inLanguage\":\"fr-FR\",\"@id\":\"https:\\\/\\\/www.mondocamping.com\\\/fr\\\/18e-congres-croate-du-camping-11-13-novembre\\\/#primaryimage\",\"url\":\"https:\\\/\\\/www.mondocamping.com\\\/wp-content\\\/uploads\\\/2024\\\/11\\\/Screenshot-2024-11-11-alle-15.44.58.png\",\"contentUrl\":\"https:\\\/\\\/www.mondocamping.com\\\/wp-content\\\/uploads\\\/2024\\\/11\\\/Screenshot-2024-11-11-alle-15.44.58.png\",\"width\":1200,\"height\":628},{\"@type\":\"BreadcrumbList\",\"@id\":\"https:\\\/\\\/www.mondocamping.com\\\/fr\\\/18e-congres-croate-du-camping-11-13-novembre\\\/#breadcrumb\",\"itemListElement\":[{\"@type\":\"ListItem\",\"position\":1,\"name\":\"Home\",\"item\":\"https:\\\/\\\/www.mondocamping.com\\\/fr\\\/\"},{\"@type\":\"ListItem\",\"position\":2,\"name\":\"18e Congr\u00e8s croate du camping, 11-13 novembre\"}]},{\"@type\":\"WebSite\",\"@id\":\"https:\\\/\\\/www.mondocamping.com\\\/#website\",\"url\":\"https:\\\/\\\/www.mondocamping.com\\\/\",\"name\":\"Mondo Camping\",\"description\":\"Le portail d\u00e9di\u00e9 aux gestionnaires de campings et villages touristiques\",\"publisher\":{\"@id\":\"https:\\\/\\\/www.mondocamping.com\\\/#organization\"},\"potentialAction\":[{\"@type\":\"SearchAction\",\"target\":{\"@type\":\"EntryPoint\",\"urlTemplate\":\"https:\\\/\\\/www.mondocamping.com\\\/?s={search_term_string}\"},\"query-input\":{\"@type\":\"PropertyValueSpecification\",\"valueRequired\":true,\"valueName\":\"search_term_string\"}}],\"inLanguage\":\"fr-FR\"},{\"@type\":\"Organization\",\"@id\":\"https:\\\/\\\/www.mondocamping.com\\\/#organization\",\"name\":\"Mondo Camping\",\"url\":\"https:\\\/\\\/www.mondocamping.com\\\/\",\"logo\":{\"@type\":\"ImageObject\",\"inLanguage\":\"fr-FR\",\"@id\":\"https:\\\/\\\/www.mondocamping.com\\\/#\\\/schema\\\/logo\\\/image\\\/\",\"url\":\"https:\\\/\\\/www.mondocamping.com\\\/wp-content\\\/uploads\\\/2022\\\/04\\\/mondo-camping-logo-contornato-1.png\",\"contentUrl\":\"https:\\\/\\\/www.mondocamping.com\\\/wp-content\\\/uploads\\\/2022\\\/04\\\/mondo-camping-logo-contornato-1.png\",\"width\":280,\"height\":90,\"caption\":\"Mondo Camping\"},\"image\":{\"@id\":\"https:\\\/\\\/www.mondocamping.com\\\/#\\\/schema\\\/logo\\\/image\\\/\"},\"sameAs\":[\"https:\\\/\\\/www.facebook.com\\\/mondobalneare\",\"https:\\\/\\\/x.com\\\/mondobalneare\",\"https:\\\/\\\/www.instagram.com\\\/mondobalneare\\\/\",\"https:\\\/\\\/www.linkedin.com\\\/company\\\/67180810\\\/\",\"https:\\\/\\\/www.youtube.com\\\/user\\\/mondobalnearevideo\"]},{\"@type\":\"Person\",\"@id\":\"https:\\\/\\\/www.mondocamping.com\\\/#\\\/schema\\\/person\\\/01a031b8c5ef08c2204bb0e696f0a760\",\"name\":\"Mondo Camping\",\"image\":{\"@type\":\"ImageObject\",\"inLanguage\":\"fr-FR\",\"@id\":\"https:\\\/\\\/www.mondocamping.com\\\/wp-content\\\/uploads\\\/2022\\\/05\\\/cropped-icona-MONDO-CAMPING-150x150.png\",\"url\":\"https:\\\/\\\/www.mondocamping.com\\\/wp-content\\\/uploads\\\/2022\\\/05\\\/cropped-icona-MONDO-CAMPING-150x150.png\",\"contentUrl\":\"https:\\\/\\\/www.mondocamping.com\\\/wp-content\\\/uploads\\\/2022\\\/05\\\/cropped-icona-MONDO-CAMPING-150x150.png\",\"caption\":\"Mondo Camping\"},\"sameAs\":[\"https:\\\/\\\/www.mondocamping.com\\\/\",\"https:\\\/\\\/www.facebook.com\\\/mondocamping\"]}]}<\/script>\n<!-- \/ Yoast SEO plugin. -->","yoast_head_json":{"title":"18e Congr\u00e8s croate du camping, 11-13 novembre","robots":{"index":"index","follow":"follow","max-snippet":"max-snippet:-1","max-image-preview":"max-image-preview:large","max-video-preview":"max-video-preview:-1"},"canonical":"https:\/\/www.mondocamping.com\/fr\/18e-congres-croate-du-camping-11-13-novembre\/","og_locale":"fr_FR","og_type":"article","og_title":"18e Congr\u00e8s croate du camping, 11-13 novembre","og_description":"Lever de rideau sur le 18e Congr\u00e8s croate du campingun \u00e9v\u00e9nement d&rsquo;envergure internationale qui rassemble et implique le monde europ\u00e9en duplein air, les institutions concern\u00e9es, les partenaires, ainsi que les repr\u00e9sentants des fabricants et des fournisseurs de divers \u00e9quipements et services de camping, sans oublier tous les amateurs de tourisme de plein air. L&rsquo;\u00e9v\u00e9nement, qui [&hellip;]","og_url":"https:\/\/www.mondocamping.com\/fr\/18e-congres-croate-du-camping-11-13-novembre\/","og_site_name":"Mondo Camping","article_publisher":"https:\/\/www.facebook.com\/mondobalneare","article_author":"https:\/\/www.facebook.com\/mondocamping","article_published_time":"2024-11-11T14:55:07+00:00","article_modified_time":"2024-11-11T14:55:08+00:00","og_image":[{"width":1200,"height":628,"url":"https:\/\/www.mondocamping.com\/wp-content\/uploads\/2024\/11\/Screenshot-2024-11-11-alle-15.44.58.png","type":"image\/png"}],"author":"Mondo Camping","twitter_card":"summary_large_image","twitter_creator":"@mondobalneare","twitter_site":"@mondobalneare","twitter_misc":{"\u00c9crit par":"Mondo Camping","Dur\u00e9e de lecture estim\u00e9e":"2 minutes"},"schema":{"@context":"https:\/\/schema.org","@graph":[{"@type":"Article","@id":"https:\/\/www.mondocamping.com\/fr\/18e-congres-croate-du-camping-11-13-novembre\/#article","isPartOf":{"@id":"https:\/\/www.mondocamping.com\/fr\/18e-congres-croate-du-camping-11-13-novembre\/"},"author":{"name":"Mondo Camping","@id":"https:\/\/www.mondocamping.com\/#\/schema\/person\/01a031b8c5ef08c2204bb0e696f0a760"},"headline":"18e Congr\u00e8s croate du camping, 11-13 novembre","datePublished":"2024-11-11T14:55:07+00:00","dateModified":"2024-11-11T14:55:08+00:00","mainEntityOfPage":{"@id":"https:\/\/www.mondocamping.com\/fr\/18e-congres-croate-du-camping-11-13-novembre\/"},"wordCount":353,"publisher":{"@id":"https:\/\/www.mondocamping.com\/#organization"},"image":{"@id":"https:\/\/www.mondocamping.com\/fr\/18e-congres-croate-du-camping-11-13-novembre\/#primaryimage"},"thumbnailUrl":"https:\/\/www.mondocamping.com\/wp-content\/uploads\/2024\/11\/Screenshot-2024-11-11-alle-15.44.58.png","keywords":["18e Congr\u00e8s croate du camping","camping","camping","Croatie","Mondo Camping"],"articleSection":["Actualit\u00e9"],"inLanguage":"fr-FR"},{"@type":"WebPage","@id":"https:\/\/www.mondocamping.com\/fr\/18e-congres-croate-du-camping-11-13-novembre\/","url":"https:\/\/www.mondocamping.com\/fr\/18e-congres-croate-du-camping-11-13-novembre\/","name":"18e Congr\u00e8s croate du camping, 11-13 novembre","isPartOf":{"@id":"https:\/\/www.mondocamping.com\/#website"},"primaryImageOfPage":{"@id":"https:\/\/www.mondocamping.com\/fr\/18e-congres-croate-du-camping-11-13-novembre\/#primaryimage"},"image":{"@id":"https:\/\/www.mondocamping.com\/fr\/18e-congres-croate-du-camping-11-13-novembre\/#primaryimage"},"thumbnailUrl":"https:\/\/www.mondocamping.com\/wp-content\/uploads\/2024\/11\/Screenshot-2024-11-11-alle-15.44.58.png","datePublished":"2024-11-11T14:55:07+00:00","dateModified":"2024-11-11T14:55:08+00:00","breadcrumb":{"@id":"https:\/\/www.mondocamping.com\/fr\/18e-congres-croate-du-camping-11-13-novembre\/#breadcrumb"},"inLanguage":"fr-FR","potentialAction":[{"@type":"ReadAction","target":["https:\/\/www.mondocamping.com\/fr\/18e-congres-croate-du-camping-11-13-novembre\/"]}]},{"@type":"ImageObject","inLanguage":"fr-FR","@id":"https:\/\/www.mondocamping.com\/fr\/18e-congres-croate-du-camping-11-13-novembre\/#primaryimage","url":"https:\/\/www.mondocamping.com\/wp-content\/uploads\/2024\/11\/Screenshot-2024-11-11-alle-15.44.58.png","contentUrl":"https:\/\/www.mondocamping.com\/wp-content\/uploads\/2024\/11\/Screenshot-2024-11-11-alle-15.44.58.png","width":1200,"height":628},{"@type":"BreadcrumbList","@id":"https:\/\/www.mondocamping.com\/fr\/18e-congres-croate-du-camping-11-13-novembre\/#breadcrumb","itemListElement":[{"@type":"ListItem","position":1,"name":"Home","item":"https:\/\/www.mondocamping.com\/fr\/"},{"@type":"ListItem","position":2,"name":"18e Congr\u00e8s croate du camping, 11-13 novembre"}]},{"@type":"WebSite","@id":"https:\/\/www.mondocamping.com\/#website","url":"https:\/\/www.mondocamping.com\/","name":"Mondo Camping","description":"Le portail d\u00e9di\u00e9 aux gestionnaires de campings et villages touristiques","publisher":{"@id":"https:\/\/www.mondocamping.com\/#organization"},"potentialAction":[{"@type":"SearchAction","target":{"@type":"EntryPoint","urlTemplate":"https:\/\/www.mondocamping.com\/?s={search_term_string}"},"query-input":{"@type":"PropertyValueSpecification","valueRequired":true,"valueName":"search_term_string"}}],"inLanguage":"fr-FR"},{"@type":"Organization","@id":"https:\/\/www.mondocamping.com\/#organization","name":"Mondo Camping","url":"https:\/\/www.mondocamping.com\/","logo":{"@type":"ImageObject","inLanguage":"fr-FR","@id":"https:\/\/www.mondocamping.com\/#\/schema\/logo\/image\/","url":"https:\/\/www.mondocamping.com\/wp-content\/uploads\/2022\/04\/mondo-camping-logo-contornato-1.png","contentUrl":"https:\/\/www.mondocamping.com\/wp-content\/uploads\/2022\/04\/mondo-camping-logo-contornato-1.png","width":280,"height":90,"caption":"Mondo Camping"},"image":{"@id":"https:\/\/www.mondocamping.com\/#\/schema\/logo\/image\/"},"sameAs":["https:\/\/www.facebook.com\/mondobalneare","https:\/\/x.com\/mondobalneare","https:\/\/www.instagram.com\/mondobalneare\/","https:\/\/www.linkedin.com\/company\/67180810\/","https:\/\/www.youtube.com\/user\/mondobalnearevideo"]},{"@type":"Person","@id":"https:\/\/www.mondocamping.com\/#\/schema\/person\/01a031b8c5ef08c2204bb0e696f0a760","name":"Mondo Camping","image":{"@type":"ImageObject","inLanguage":"fr-FR","@id":"https:\/\/www.mondocamping.com\/wp-content\/uploads\/2022\/05\/cropped-icona-MONDO-CAMPING-150x150.png","url":"https:\/\/www.mondocamping.com\/wp-content\/uploads\/2022\/05\/cropped-icona-MONDO-CAMPING-150x150.png","contentUrl":"https:\/\/www.mondocamping.com\/wp-content\/uploads\/2022\/05\/cropped-icona-MONDO-CAMPING-150x150.png","caption":"Mondo Camping"},"sameAs":["https:\/\/www.mondocamping.com\/","https:\/\/www.facebook.com\/mondocamping"]}]}},"_links":{"self":[{"href":"https:\/\/www.mondocamping.com\/fr\/wp-json\/wp\/v2\/posts\/171604","targetHints":{"allow":["GET"]}}],"collection":[{"href":"https:\/\/www.mondocamping.com\/fr\/wp-json\/wp\/v2\/posts"}],"about":[{"href":"https:\/\/www.mondocamping.com\/fr\/wp-json\/wp\/v2\/types\/post"}],"author":[{"embeddable":true,"href":"https:\/\/www.mondocamping.com\/fr\/wp-json\/wp\/v2\/users\/5"}],"replies":[{"embeddable":true,"href":"https:\/\/www.mondocamping.com\/fr\/wp-json\/wp\/v2\/comments?post=171604"}],"version-history":[{"count":1,"href":"https:\/\/www.mondocamping.com\/fr\/wp-json\/wp\/v2\/posts\/171604\/revisions"}],"predecessor-version":[{"id":171605,"href":"https:\/\/www.mondocamping.com\/fr\/wp-json\/wp\/v2\/posts\/171604\/revisions\/171605"}],"wp:featuredmedia":[{"embeddable":true,"href":"https:\/\/www.mondocamping.com\/fr\/wp-json\/wp\/v2\/media\/171598"}],"wp:attachment":[{"href":"https:\/\/www.mondocamping.com\/fr\/wp-json\/wp\/v2\/media?parent=171604"}],"wp:term":[{"taxonomy":"category","embeddable":true,"href":"https:\/\/www.mondocamping.com\/fr\/wp-json\/wp\/v2\/categories?post=171604"},{"taxonomy":"post_tag","embeddable":true,"href":"https:\/\/www.mondocamping.com\/fr\/wp-json\/wp\/v2\/tags?post=171604"}],"curies":[{"name":"wp","href":"https:\/\/api.w.org\/{rel}","templated":true}]}}