{"id":171615,"date":"2024-11-12T16:37:20","date_gmt":"2024-11-12T15:37:20","guid":{"rendered":"https:\/\/www.mondocamping.com\/journee-du-camping-en-allemagne-du-nord-13-14-novembre-2024\/"},"modified":"2024-11-12T16:37:22","modified_gmt":"2024-11-12T15:37:22","slug":"journee-du-camping-en-allemagne-du-nord-13-14-novembre-2024","status":"publish","type":"post","link":"https:\/\/www.mondocamping.com\/fr\/journee-du-camping-en-allemagne-du-nord-13-14-novembre-2024\/","title":{"rendered":"Journ\u00e9e du camping en Allemagne du Nord, 13-14 novembre 2024"},"content":{"rendered":"\n<p>La <strong>Journ\u00e9e du camping d&rsquo;Allemagne du Nord 2024 <\/strong>accueillera quelque 400 exploitants de camping de tout le pays, des conf\u00e9renciers de haut niveau et une centaine d&rsquo;entreprises qui pr\u00e9senteront les derni\u00e8res tendances et les derniers produits du secteur.  <\/p>\n\n<p>Un \u00e9v\u00e9nement important qui comprend une vaste<strong> exposition commerciale<\/strong>, mais aussi une occasion pour de nombreux professionnels de se rencontrer et d&rsquo;\u00e9changer des id\u00e9es, la bonne occasion de cr\u00e9er des r\u00e9seaux et de d\u00e9velopper des id\u00e9es dans le but de stimuler le monde du camping dans la r\u00e9gion.  <\/p>\n\n<p><strong>La journ\u00e9e du camping en Allemagne du Nord est organis\u00e9e par six associations de camping r\u00e9gionales :  <\/strong><\/p>\n\n<ul class=\"wp-block-list\">\n<li><em>Bundesverband der Campingwirtschaft in Deutschland Land Brandenburg e.V. (BVCD-BB e.V.) ;  <\/em><\/li>\n\n\n\n<li><em>Bundesverband der Campingwirtschaft in Deutschland \/ Landesverband Mecklenburg-Vorpommern e.V. (BVCD\/MV e.V.) ;  <\/em><\/li>\n\n\n\n<li><em>Bundesverband der Campingwirtschaft in Deutschland &#8211; Landesverband Niedersachsen e.V. (BVCD-NI e.V.) ;  <\/em><\/li>\n\n\n\n<li><em>Bundesverband der Campingwirtschaft in Deutschland &#8211; Landesverband Nordrhein-Westfalen e.V. (BVCD-NRW) ;  <\/em><\/li>\n\n\n\n<li><em>Bundesverband der Campingwirtschaft in Deutschland Landesverband Sachsen-Anhalt e.V. (BVCD-SA e.V.) ;<\/em><\/li>\n\n\n\n<li><em>Bundesverband der Campingwirtschaft in Deutschland &#8211; Landesverband Schleswig-Holstein e.V. (BVCD-SH e.V.).<\/em><\/li>\n<\/ul>\n\n<p>Outre les membres des six associations de camping des \u00c9tats, la conf\u00e9rence r\u00e9unira \u00e9galement des entreprises d&rsquo;autres \u00c9tats f\u00e9d\u00e9raux.  <\/p>\n\n<p>Apr\u00e8s le succ\u00e8s de 2023, un \u00e9v\u00e9nement qui s&rsquo;est d\u00e9roul\u00e9 au <em>CongressPark <\/em>de <em>Wolfsburg <\/em>avec comme invit\u00e9 sp\u00e9cial l&rsquo;<em>Association f\u00e9d\u00e9rale de l&rsquo;industrie allemande du camping &#8211; Association du Land de Basse-Saxe <\/em>, l&rsquo;\u00e9v\u00e9nement de cette ann\u00e9e promet d&rsquo;\u00eatre une fois de plus riche en programmes<a href=\"https:\/\/www.norddeutscher-campingtag.de\/teilnehmen\/programm.html\">(lien ici).<\/a> <\/p>\n\n<p><\/p>\n","protected":false},"excerpt":{"rendered":"<p>La Journ\u00e9e du camping d&rsquo;Allemagne du Nord 2024 accueillera quelque 400 exploitants de camping de tout le pays, des conf\u00e9renciers de haut niveau et une centaine d&rsquo;entreprises qui pr\u00e9senteront les derni\u00e8res tendances et les derniers produits du secteur. Un \u00e9v\u00e9nement important qui comprend une vaste exposition commerciale, mais aussi une occasion pour de nombreux professionnels [&hellip;]<\/p>\n","protected":false},"author":5,"featured_media":171609,"comment_status":"closed","ping_status":"closed","sticky":false,"template":"","format":"standard","meta":{"_acf_changed":false,"_monsterinsights_skip_tracking":false,"_monsterinsights_sitenote_active":false,"_monsterinsights_sitenote_note":"","_monsterinsights_sitenote_category":0,"footnotes":""},"categories":[4024],"tags":[4210,4262,6599,4079],"class_list":["post-171615","post","type-post","status-publish","format-standard","has-post-thumbnail","hentry","category-actualite","tag-camping-fr-2","tag-mondo-camping-fr","tag-nord-deutscher-camping-tag-2024-fr","tag-tourisme-de-plein-air"],"acf":[],"yoast_head":"<!-- This site is optimized with the Yoast SEO plugin v27.5 - https:\/\/yoast.com\/product\/yoast-seo-wordpress\/ -->\n<title>Journ\u00e9e du camping en Allemagne du Nord, 13-14 novembre 2024<\/title>\n<meta name=\"robots\" content=\"index, follow, max-snippet:-1, max-image-preview:large, max-video-preview:-1\" \/>\n<link rel=\"canonical\" href=\"https:\/\/www.mondocamping.com\/fr\/journee-du-camping-en-allemagne-du-nord-13-14-novembre-2024\/\" \/>\n<meta property=\"og:locale\" content=\"fr_FR\" \/>\n<meta property=\"og:type\" content=\"article\" \/>\n<meta property=\"og:title\" content=\"Journ\u00e9e du camping en Allemagne du Nord, 13-14 novembre 2024\" \/>\n<meta property=\"og:description\" content=\"La Journ\u00e9e du camping d&rsquo;Allemagne du Nord 2024 accueillera quelque 400 exploitants de camping de tout le pays, des conf\u00e9renciers de haut niveau et une centaine d&rsquo;entreprises qui pr\u00e9senteront les derni\u00e8res tendances et les derniers produits du secteur. Un \u00e9v\u00e9nement important qui comprend une vaste exposition commerciale, mais aussi une occasion pour de nombreux professionnels [&hellip;]\" \/>\n<meta property=\"og:url\" content=\"https:\/\/www.mondocamping.com\/fr\/journee-du-camping-en-allemagne-du-nord-13-14-novembre-2024\/\" \/>\n<meta property=\"og:site_name\" content=\"Mondo Camping\" \/>\n<meta property=\"article:publisher\" content=\"https:\/\/www.facebook.com\/mondobalneare\" \/>\n<meta property=\"article:author\" content=\"https:\/\/www.facebook.com\/mondocamping\" \/>\n<meta property=\"article:published_time\" content=\"2024-11-12T15:37:20+00:00\" \/>\n<meta property=\"article:modified_time\" content=\"2024-11-12T15:37:22+00:00\" \/>\n<meta property=\"og:image\" content=\"https:\/\/www.mondocamping.com\/wp-content\/uploads\/2024\/11\/Screenshot-2024-11-12-alle-16.31.21.png\" \/>\n\t<meta property=\"og:image:width\" content=\"1200\" \/>\n\t<meta property=\"og:image:height\" content=\"628\" \/>\n\t<meta property=\"og:image:type\" content=\"image\/png\" \/>\n<meta name=\"author\" content=\"Mondo Camping\" \/>\n<meta name=\"twitter:card\" content=\"summary_large_image\" \/>\n<meta name=\"twitter:creator\" content=\"@mondobalneare\" \/>\n<meta name=\"twitter:site\" content=\"@mondobalneare\" \/>\n<meta name=\"twitter:label1\" content=\"\u00c9crit par\" \/>\n\t<meta name=\"twitter:data1\" content=\"Mondo Camping\" \/>\n\t<meta name=\"twitter:label2\" content=\"Dur\u00e9e de lecture estim\u00e9e\" \/>\n\t<meta name=\"twitter:data2\" content=\"1 minute\" \/>\n<script type=\"application\/ld+json\" class=\"yoast-schema-graph\">{\"@context\":\"https:\\\/\\\/schema.org\",\"@graph\":[{\"@type\":\"Article\",\"@id\":\"https:\\\/\\\/www.mondocamping.com\\\/fr\\\/journee-du-camping-en-allemagne-du-nord-13-14-novembre-2024\\\/#article\",\"isPartOf\":{\"@id\":\"https:\\\/\\\/www.mondocamping.com\\\/fr\\\/journee-du-camping-en-allemagne-du-nord-13-14-novembre-2024\\\/\"},\"author\":{\"name\":\"Mondo Camping\",\"@id\":\"https:\\\/\\\/www.mondocamping.com\\\/#\\\/schema\\\/person\\\/01a031b8c5ef08c2204bb0e696f0a760\"},\"headline\":\"Journ\u00e9e du camping en Allemagne du Nord, 13-14 novembre 2024\",\"datePublished\":\"2024-11-12T15:37:20+00:00\",\"dateModified\":\"2024-11-12T15:37:22+00:00\",\"mainEntityOfPage\":{\"@id\":\"https:\\\/\\\/www.mondocamping.com\\\/fr\\\/journee-du-camping-en-allemagne-du-nord-13-14-novembre-2024\\\/\"},\"wordCount\":284,\"publisher\":{\"@id\":\"https:\\\/\\\/www.mondocamping.com\\\/#organization\"},\"image\":{\"@id\":\"https:\\\/\\\/www.mondocamping.com\\\/fr\\\/journee-du-camping-en-allemagne-du-nord-13-14-novembre-2024\\\/#primaryimage\"},\"thumbnailUrl\":\"https:\\\/\\\/www.mondocamping.com\\\/wp-content\\\/uploads\\\/2024\\\/11\\\/Screenshot-2024-11-12-alle-16.31.21.png\",\"keywords\":[\"camping\",\"Mondo Camping\",\"Nord Deutscher Camping Tag 2024\",\"Tourisme de plein air\"],\"articleSection\":[\"Actualit\u00e9\"],\"inLanguage\":\"fr-FR\"},{\"@type\":\"WebPage\",\"@id\":\"https:\\\/\\\/www.mondocamping.com\\\/fr\\\/journee-du-camping-en-allemagne-du-nord-13-14-novembre-2024\\\/\",\"url\":\"https:\\\/\\\/www.mondocamping.com\\\/fr\\\/journee-du-camping-en-allemagne-du-nord-13-14-novembre-2024\\\/\",\"name\":\"Journ\u00e9e du camping en Allemagne du Nord, 13-14 novembre 2024\",\"isPartOf\":{\"@id\":\"https:\\\/\\\/www.mondocamping.com\\\/#website\"},\"primaryImageOfPage\":{\"@id\":\"https:\\\/\\\/www.mondocamping.com\\\/fr\\\/journee-du-camping-en-allemagne-du-nord-13-14-novembre-2024\\\/#primaryimage\"},\"image\":{\"@id\":\"https:\\\/\\\/www.mondocamping.com\\\/fr\\\/journee-du-camping-en-allemagne-du-nord-13-14-novembre-2024\\\/#primaryimage\"},\"thumbnailUrl\":\"https:\\\/\\\/www.mondocamping.com\\\/wp-content\\\/uploads\\\/2024\\\/11\\\/Screenshot-2024-11-12-alle-16.31.21.png\",\"datePublished\":\"2024-11-12T15:37:20+00:00\",\"dateModified\":\"2024-11-12T15:37:22+00:00\",\"breadcrumb\":{\"@id\":\"https:\\\/\\\/www.mondocamping.com\\\/fr\\\/journee-du-camping-en-allemagne-du-nord-13-14-novembre-2024\\\/#breadcrumb\"},\"inLanguage\":\"fr-FR\",\"potentialAction\":[{\"@type\":\"ReadAction\",\"target\":[\"https:\\\/\\\/www.mondocamping.com\\\/fr\\\/journee-du-camping-en-allemagne-du-nord-13-14-novembre-2024\\\/\"]}]},{\"@type\":\"ImageObject\",\"inLanguage\":\"fr-FR\",\"@id\":\"https:\\\/\\\/www.mondocamping.com\\\/fr\\\/journee-du-camping-en-allemagne-du-nord-13-14-novembre-2024\\\/#primaryimage\",\"url\":\"https:\\\/\\\/www.mondocamping.com\\\/wp-content\\\/uploads\\\/2024\\\/11\\\/Screenshot-2024-11-12-alle-16.31.21.png\",\"contentUrl\":\"https:\\\/\\\/www.mondocamping.com\\\/wp-content\\\/uploads\\\/2024\\\/11\\\/Screenshot-2024-11-12-alle-16.31.21.png\",\"width\":1200,\"height\":628},{\"@type\":\"BreadcrumbList\",\"@id\":\"https:\\\/\\\/www.mondocamping.com\\\/fr\\\/journee-du-camping-en-allemagne-du-nord-13-14-novembre-2024\\\/#breadcrumb\",\"itemListElement\":[{\"@type\":\"ListItem\",\"position\":1,\"name\":\"Home\",\"item\":\"https:\\\/\\\/www.mondocamping.com\\\/fr\\\/\"},{\"@type\":\"ListItem\",\"position\":2,\"name\":\"Journ\u00e9e du camping en Allemagne du Nord, 13-14 novembre 2024\"}]},{\"@type\":\"WebSite\",\"@id\":\"https:\\\/\\\/www.mondocamping.com\\\/#website\",\"url\":\"https:\\\/\\\/www.mondocamping.com\\\/\",\"name\":\"Mondo Camping\",\"description\":\"Le portail d\u00e9di\u00e9 aux gestionnaires de campings et villages touristiques\",\"publisher\":{\"@id\":\"https:\\\/\\\/www.mondocamping.com\\\/#organization\"},\"potentialAction\":[{\"@type\":\"SearchAction\",\"target\":{\"@type\":\"EntryPoint\",\"urlTemplate\":\"https:\\\/\\\/www.mondocamping.com\\\/?s={search_term_string}\"},\"query-input\":{\"@type\":\"PropertyValueSpecification\",\"valueRequired\":true,\"valueName\":\"search_term_string\"}}],\"inLanguage\":\"fr-FR\"},{\"@type\":\"Organization\",\"@id\":\"https:\\\/\\\/www.mondocamping.com\\\/#organization\",\"name\":\"Mondo Camping\",\"url\":\"https:\\\/\\\/www.mondocamping.com\\\/\",\"logo\":{\"@type\":\"ImageObject\",\"inLanguage\":\"fr-FR\",\"@id\":\"https:\\\/\\\/www.mondocamping.com\\\/#\\\/schema\\\/logo\\\/image\\\/\",\"url\":\"https:\\\/\\\/www.mondocamping.com\\\/wp-content\\\/uploads\\\/2022\\\/04\\\/mondo-camping-logo-contornato-1.png\",\"contentUrl\":\"https:\\\/\\\/www.mondocamping.com\\\/wp-content\\\/uploads\\\/2022\\\/04\\\/mondo-camping-logo-contornato-1.png\",\"width\":280,\"height\":90,\"caption\":\"Mondo Camping\"},\"image\":{\"@id\":\"https:\\\/\\\/www.mondocamping.com\\\/#\\\/schema\\\/logo\\\/image\\\/\"},\"sameAs\":[\"https:\\\/\\\/www.facebook.com\\\/mondobalneare\",\"https:\\\/\\\/x.com\\\/mondobalneare\",\"https:\\\/\\\/www.instagram.com\\\/mondobalneare\\\/\",\"https:\\\/\\\/www.linkedin.com\\\/company\\\/67180810\\\/\",\"https:\\\/\\\/www.youtube.com\\\/user\\\/mondobalnearevideo\"]},{\"@type\":\"Person\",\"@id\":\"https:\\\/\\\/www.mondocamping.com\\\/#\\\/schema\\\/person\\\/01a031b8c5ef08c2204bb0e696f0a760\",\"name\":\"Mondo Camping\",\"image\":{\"@type\":\"ImageObject\",\"inLanguage\":\"fr-FR\",\"@id\":\"https:\\\/\\\/www.mondocamping.com\\\/wp-content\\\/uploads\\\/2022\\\/05\\\/cropped-icona-MONDO-CAMPING-150x150.png\",\"url\":\"https:\\\/\\\/www.mondocamping.com\\\/wp-content\\\/uploads\\\/2022\\\/05\\\/cropped-icona-MONDO-CAMPING-150x150.png\",\"contentUrl\":\"https:\\\/\\\/www.mondocamping.com\\\/wp-content\\\/uploads\\\/2022\\\/05\\\/cropped-icona-MONDO-CAMPING-150x150.png\",\"caption\":\"Mondo Camping\"},\"sameAs\":[\"https:\\\/\\\/www.mondocamping.com\\\/\",\"https:\\\/\\\/www.facebook.com\\\/mondocamping\"]}]}<\/script>\n<!-- \/ Yoast SEO plugin. -->","yoast_head_json":{"title":"Journ\u00e9e du camping en Allemagne du Nord, 13-14 novembre 2024","robots":{"index":"index","follow":"follow","max-snippet":"max-snippet:-1","max-image-preview":"max-image-preview:large","max-video-preview":"max-video-preview:-1"},"canonical":"https:\/\/www.mondocamping.com\/fr\/journee-du-camping-en-allemagne-du-nord-13-14-novembre-2024\/","og_locale":"fr_FR","og_type":"article","og_title":"Journ\u00e9e du camping en Allemagne du Nord, 13-14 novembre 2024","og_description":"La Journ\u00e9e du camping d&rsquo;Allemagne du Nord 2024 accueillera quelque 400 exploitants de camping de tout le pays, des conf\u00e9renciers de haut niveau et une centaine d&rsquo;entreprises qui pr\u00e9senteront les derni\u00e8res tendances et les derniers produits du secteur. Un \u00e9v\u00e9nement important qui comprend une vaste exposition commerciale, mais aussi une occasion pour de nombreux professionnels [&hellip;]","og_url":"https:\/\/www.mondocamping.com\/fr\/journee-du-camping-en-allemagne-du-nord-13-14-novembre-2024\/","og_site_name":"Mondo Camping","article_publisher":"https:\/\/www.facebook.com\/mondobalneare","article_author":"https:\/\/www.facebook.com\/mondocamping","article_published_time":"2024-11-12T15:37:20+00:00","article_modified_time":"2024-11-12T15:37:22+00:00","og_image":[{"width":1200,"height":628,"url":"https:\/\/www.mondocamping.com\/wp-content\/uploads\/2024\/11\/Screenshot-2024-11-12-alle-16.31.21.png","type":"image\/png"}],"author":"Mondo Camping","twitter_card":"summary_large_image","twitter_creator":"@mondobalneare","twitter_site":"@mondobalneare","twitter_misc":{"\u00c9crit par":"Mondo Camping","Dur\u00e9e de lecture estim\u00e9e":"1 minute"},"schema":{"@context":"https:\/\/schema.org","@graph":[{"@type":"Article","@id":"https:\/\/www.mondocamping.com\/fr\/journee-du-camping-en-allemagne-du-nord-13-14-novembre-2024\/#article","isPartOf":{"@id":"https:\/\/www.mondocamping.com\/fr\/journee-du-camping-en-allemagne-du-nord-13-14-novembre-2024\/"},"author":{"name":"Mondo Camping","@id":"https:\/\/www.mondocamping.com\/#\/schema\/person\/01a031b8c5ef08c2204bb0e696f0a760"},"headline":"Journ\u00e9e du camping en Allemagne du Nord, 13-14 novembre 2024","datePublished":"2024-11-12T15:37:20+00:00","dateModified":"2024-11-12T15:37:22+00:00","mainEntityOfPage":{"@id":"https:\/\/www.mondocamping.com\/fr\/journee-du-camping-en-allemagne-du-nord-13-14-novembre-2024\/"},"wordCount":284,"publisher":{"@id":"https:\/\/www.mondocamping.com\/#organization"},"image":{"@id":"https:\/\/www.mondocamping.com\/fr\/journee-du-camping-en-allemagne-du-nord-13-14-novembre-2024\/#primaryimage"},"thumbnailUrl":"https:\/\/www.mondocamping.com\/wp-content\/uploads\/2024\/11\/Screenshot-2024-11-12-alle-16.31.21.png","keywords":["camping","Mondo Camping","Nord Deutscher Camping Tag 2024","Tourisme de plein air"],"articleSection":["Actualit\u00e9"],"inLanguage":"fr-FR"},{"@type":"WebPage","@id":"https:\/\/www.mondocamping.com\/fr\/journee-du-camping-en-allemagne-du-nord-13-14-novembre-2024\/","url":"https:\/\/www.mondocamping.com\/fr\/journee-du-camping-en-allemagne-du-nord-13-14-novembre-2024\/","name":"Journ\u00e9e du camping en Allemagne du Nord, 13-14 novembre 2024","isPartOf":{"@id":"https:\/\/www.mondocamping.com\/#website"},"primaryImageOfPage":{"@id":"https:\/\/www.mondocamping.com\/fr\/journee-du-camping-en-allemagne-du-nord-13-14-novembre-2024\/#primaryimage"},"image":{"@id":"https:\/\/www.mondocamping.com\/fr\/journee-du-camping-en-allemagne-du-nord-13-14-novembre-2024\/#primaryimage"},"thumbnailUrl":"https:\/\/www.mondocamping.com\/wp-content\/uploads\/2024\/11\/Screenshot-2024-11-12-alle-16.31.21.png","datePublished":"2024-11-12T15:37:20+00:00","dateModified":"2024-11-12T15:37:22+00:00","breadcrumb":{"@id":"https:\/\/www.mondocamping.com\/fr\/journee-du-camping-en-allemagne-du-nord-13-14-novembre-2024\/#breadcrumb"},"inLanguage":"fr-FR","potentialAction":[{"@type":"ReadAction","target":["https:\/\/www.mondocamping.com\/fr\/journee-du-camping-en-allemagne-du-nord-13-14-novembre-2024\/"]}]},{"@type":"ImageObject","inLanguage":"fr-FR","@id":"https:\/\/www.mondocamping.com\/fr\/journee-du-camping-en-allemagne-du-nord-13-14-novembre-2024\/#primaryimage","url":"https:\/\/www.mondocamping.com\/wp-content\/uploads\/2024\/11\/Screenshot-2024-11-12-alle-16.31.21.png","contentUrl":"https:\/\/www.mondocamping.com\/wp-content\/uploads\/2024\/11\/Screenshot-2024-11-12-alle-16.31.21.png","width":1200,"height":628},{"@type":"BreadcrumbList","@id":"https:\/\/www.mondocamping.com\/fr\/journee-du-camping-en-allemagne-du-nord-13-14-novembre-2024\/#breadcrumb","itemListElement":[{"@type":"ListItem","position":1,"name":"Home","item":"https:\/\/www.mondocamping.com\/fr\/"},{"@type":"ListItem","position":2,"name":"Journ\u00e9e du camping en Allemagne du Nord, 13-14 novembre 2024"}]},{"@type":"WebSite","@id":"https:\/\/www.mondocamping.com\/#website","url":"https:\/\/www.mondocamping.com\/","name":"Mondo Camping","description":"Le portail d\u00e9di\u00e9 aux gestionnaires de campings et villages touristiques","publisher":{"@id":"https:\/\/www.mondocamping.com\/#organization"},"potentialAction":[{"@type":"SearchAction","target":{"@type":"EntryPoint","urlTemplate":"https:\/\/www.mondocamping.com\/?s={search_term_string}"},"query-input":{"@type":"PropertyValueSpecification","valueRequired":true,"valueName":"search_term_string"}}],"inLanguage":"fr-FR"},{"@type":"Organization","@id":"https:\/\/www.mondocamping.com\/#organization","name":"Mondo Camping","url":"https:\/\/www.mondocamping.com\/","logo":{"@type":"ImageObject","inLanguage":"fr-FR","@id":"https:\/\/www.mondocamping.com\/#\/schema\/logo\/image\/","url":"https:\/\/www.mondocamping.com\/wp-content\/uploads\/2022\/04\/mondo-camping-logo-contornato-1.png","contentUrl":"https:\/\/www.mondocamping.com\/wp-content\/uploads\/2022\/04\/mondo-camping-logo-contornato-1.png","width":280,"height":90,"caption":"Mondo Camping"},"image":{"@id":"https:\/\/www.mondocamping.com\/#\/schema\/logo\/image\/"},"sameAs":["https:\/\/www.facebook.com\/mondobalneare","https:\/\/x.com\/mondobalneare","https:\/\/www.instagram.com\/mondobalneare\/","https:\/\/www.linkedin.com\/company\/67180810\/","https:\/\/www.youtube.com\/user\/mondobalnearevideo"]},{"@type":"Person","@id":"https:\/\/www.mondocamping.com\/#\/schema\/person\/01a031b8c5ef08c2204bb0e696f0a760","name":"Mondo Camping","image":{"@type":"ImageObject","inLanguage":"fr-FR","@id":"https:\/\/www.mondocamping.com\/wp-content\/uploads\/2022\/05\/cropped-icona-MONDO-CAMPING-150x150.png","url":"https:\/\/www.mondocamping.com\/wp-content\/uploads\/2022\/05\/cropped-icona-MONDO-CAMPING-150x150.png","contentUrl":"https:\/\/www.mondocamping.com\/wp-content\/uploads\/2022\/05\/cropped-icona-MONDO-CAMPING-150x150.png","caption":"Mondo Camping"},"sameAs":["https:\/\/www.mondocamping.com\/","https:\/\/www.facebook.com\/mondocamping"]}]}},"_links":{"self":[{"href":"https:\/\/www.mondocamping.com\/fr\/wp-json\/wp\/v2\/posts\/171615","targetHints":{"allow":["GET"]}}],"collection":[{"href":"https:\/\/www.mondocamping.com\/fr\/wp-json\/wp\/v2\/posts"}],"about":[{"href":"https:\/\/www.mondocamping.com\/fr\/wp-json\/wp\/v2\/types\/post"}],"author":[{"embeddable":true,"href":"https:\/\/www.mondocamping.com\/fr\/wp-json\/wp\/v2\/users\/5"}],"replies":[{"embeddable":true,"href":"https:\/\/www.mondocamping.com\/fr\/wp-json\/wp\/v2\/comments?post=171615"}],"version-history":[{"count":1,"href":"https:\/\/www.mondocamping.com\/fr\/wp-json\/wp\/v2\/posts\/171615\/revisions"}],"predecessor-version":[{"id":171616,"href":"https:\/\/www.mondocamping.com\/fr\/wp-json\/wp\/v2\/posts\/171615\/revisions\/171616"}],"wp:featuredmedia":[{"embeddable":true,"href":"https:\/\/www.mondocamping.com\/fr\/wp-json\/wp\/v2\/media\/171609"}],"wp:attachment":[{"href":"https:\/\/www.mondocamping.com\/fr\/wp-json\/wp\/v2\/media?parent=171615"}],"wp:term":[{"taxonomy":"category","embeddable":true,"href":"https:\/\/www.mondocamping.com\/fr\/wp-json\/wp\/v2\/categories?post=171615"},{"taxonomy":"post_tag","embeddable":true,"href":"https:\/\/www.mondocamping.com\/fr\/wp-json\/wp\/v2\/tags?post=171615"}],"curies":[{"name":"wp","href":"https:\/\/api.w.org\/{rel}","templated":true}]}}