{"id":171633,"date":"2024-11-13T17:25:02","date_gmt":"2024-11-13T16:25:02","guid":{"rendered":"https:\/\/www.mondocamping.com\/lago-idro-glamping-boutique-marche-de-noel-en-pleine-nature\/"},"modified":"2024-11-13T17:25:03","modified_gmt":"2024-11-13T16:25:03","slug":"lago-idro-glamping-boutique-marche-de-noel-en-pleine-nature","status":"publish","type":"post","link":"https:\/\/www.mondocamping.com\/fr\/lago-idro-glamping-boutique-marche-de-noel-en-pleine-nature\/","title":{"rendered":"Lago Idro Glamping Boutique : March\u00e9 de No\u00ebl en pleine nature"},"content":{"rendered":"\n<p>Du <strong>7 d\u00e9cembre 2024 au 8 janvier 2025<\/strong>, le <strong><em>Lago Idro Glamping Boutique <\/em><\/strong>\u00e0 Anfo, dans la province de Brescia, ouvrira ses portes pour l&rsquo;une des p\u00e9riodes les plus attendues de l&rsquo;ann\u00e9e, les vacances de No\u00ebl. Pour l&rsquo;occasion, les <strong>14, 15, 22 et 23 d\u00e9cembre <\/strong>, le <strong><em>MARCH\u00c9 DE NO\u00cbL<\/em><\/strong>l&rsquo;initiative que <em>Lago Idro Glamping Boutique<\/em> d\u00e9die \u00e0 tous les passionn\u00e9s du march\u00e9 de No\u00ebl.   <\/p>\n\n<p>De nombreux espaces d&rsquo;exposition proposeront des <strong>produits locaux et de l&rsquo;artisanat<\/strong>, parfaits pour offrir des cadeaux \u00e0 vos amis et \u00e0 votre famille. En outre, les march\u00e9s au bord du lac sont une occasion \u00e0 ne pas manquer pour vivre toute l&rsquo;atmosph\u00e8re magique de No\u00ebl dans un endroit magnifique, entour\u00e9 de for\u00eats et \u00e0 quelques pas des tentes safari \u00e9vocatrices du glamping.   <\/p>\n\n<p>La visite peut \u00e9galement \u00eatre l&rsquo;occasion de s&rsquo;arr\u00eater et de go\u00fbter au c\u00e9l\u00e8bre <strong>Bistrot del Lago<\/strong> et de savourer un d\u00e9jeuner, un d\u00eener ou une collation en plein air chauff\u00e9 ou \u00e0 l&rsquo;int\u00e9rieur, ainsi qu&rsquo;une promenade dans les rues d&rsquo;Anfo et le long de la rive du lac, accessible directement depuis le <em>Lago Idro Glamping Boutique.<\/em><\/p>\n\n<p>Comme nous l&rsquo;explique <em>Loek van de Loo<\/em>, fondateur de Holidays with the Heart, un groupe de stations de glamping dont fait partie<em> Lago Idro Glamping Boutique<\/em>: \u00ab\u00a0&#8230;<em>Le March\u00e9 de No\u00ebl est une initiative cr\u00e9\u00e9e pour mettre en valeur ce petit coin de nature qui vous laisse bouche b\u00e9e. Pour ma part, chaque fois que je viens ici pour travailler. Ici, nous accueillons des vacances actives et durables en contact avec la nature, nous servons et offrons des produits locaux \u00e0 nos h\u00f4tes, et nous continuons \u00e0 promouvoir la r\u00e9gion, donc un tourisme en dehors des destinations habituelles, parce que c&rsquo;est vraiment un endroit \u00e0 d\u00e9couvrir pour la richesse de la r\u00e9gion.  <\/em>\u00ab\u00a0.<\/p>\n\n<p>Une occasion de plus de passer des vacances inoubliables dans une structure exclusive en plein air qui n&rsquo;exclut pas le contact avec la nature, m\u00eame en hiver. Le <em>Lago Idro Glamping Boutique <\/em>di<em> Vacanze col cuore <\/em>met \u00e0 la disposition de ses h\u00f4tes de confortables <em>mobil-homes <\/em>chauff\u00e9s, des emplacements pour camping-cars au bord du lac, un espace bien-\u00eatre <em>en plein air<\/em> avec<em> jacuzzi<\/em>, sauna et bain \u00e0 remous en pleine nature, ainsi que le service<em>\u00ab\u00a0Bistrot del Lago<\/em>\u00ab\u00a0, toujours ouvert, m\u00eame aux clients ext\u00e9rieurs.   <\/p>\n\n<p><br\/>Le glamping est \u00e9galement situ\u00e9 dans un endroit id\u00e9al qui rend <em>Bagolino,<\/em> <em>Monte Maniva<\/em> avec ses remont\u00e9es m\u00e9caniques et toutes les initiatives gastronomiques et naturelles de la vall\u00e9e, encore plus excitantes pendant la p\u00e9riode des f\u00eates, facilement accessibles.<\/p>\n","protected":false},"excerpt":{"rendered":"<p>Du 7 d\u00e9cembre 2024 au 8 janvier 2025, le Lago Idro Glamping Boutique \u00e0 Anfo, dans la province de Brescia, ouvrira ses portes pour l&rsquo;une des p\u00e9riodes les plus attendues de l&rsquo;ann\u00e9e, les vacances de No\u00ebl. Pour l&rsquo;occasion, les 14, 15, 22 et 23 d\u00e9cembre , le MARCH\u00c9 DE NO\u00cbLl&rsquo;initiative que Lago Idro Glamping Boutique [&hellip;]<\/p>\n","protected":false},"author":5,"featured_media":171622,"comment_status":"closed","ping_status":"closed","sticky":false,"template":"","format":"standard","meta":{"_acf_changed":false,"_monsterinsights_skip_tracking":false,"_monsterinsights_sitenote_active":false,"_monsterinsights_sitenote_note":"","_monsterinsights_sitenote_category":0,"footnotes":""},"categories":[4024],"tags":[4189,4210,6603,4075,6559,4262,4079],"class_list":["post-171633","post","type-post","status-publish","format-standard","has-post-thumbnail","hentry","category-actualite","tag-camping-fr","tag-camping-fr-2","tag-des-vacances-qui-ont-du-coeur-fr","tag-glamping-fr","tag-lake-hydro-glamping-boutique","tag-mondo-camping-fr","tag-tourisme-de-plein-air"],"acf":[],"yoast_head":"<!-- This site is optimized with the Yoast SEO plugin v27.5 - https:\/\/yoast.com\/product\/yoast-seo-wordpress\/ -->\n<title>Lago Idro Glamping Boutique : March\u00e9 de No\u00ebl en pleine nature<\/title>\n<meta name=\"robots\" content=\"index, follow, max-snippet:-1, max-image-preview:large, max-video-preview:-1\" \/>\n<link rel=\"canonical\" href=\"https:\/\/www.mondocamping.com\/fr\/lago-idro-glamping-boutique-marche-de-noel-en-pleine-nature\/\" \/>\n<meta property=\"og:locale\" content=\"fr_FR\" \/>\n<meta property=\"og:type\" content=\"article\" \/>\n<meta property=\"og:title\" content=\"Lago Idro Glamping Boutique : March\u00e9 de No\u00ebl en pleine nature\" \/>\n<meta property=\"og:description\" content=\"Du 7 d\u00e9cembre 2024 au 8 janvier 2025, le Lago Idro Glamping Boutique \u00e0 Anfo, dans la province de Brescia, ouvrira ses portes pour l&rsquo;une des p\u00e9riodes les plus attendues de l&rsquo;ann\u00e9e, les vacances de No\u00ebl. Pour l&rsquo;occasion, les 14, 15, 22 et 23 d\u00e9cembre , le MARCH\u00c9 DE NO\u00cbLl&rsquo;initiative que Lago Idro Glamping Boutique [&hellip;]\" \/>\n<meta property=\"og:url\" content=\"https:\/\/www.mondocamping.com\/fr\/lago-idro-glamping-boutique-marche-de-noel-en-pleine-nature\/\" \/>\n<meta property=\"og:site_name\" content=\"Mondo Camping\" \/>\n<meta property=\"article:publisher\" content=\"https:\/\/www.facebook.com\/mondobalneare\" \/>\n<meta property=\"article:author\" content=\"https:\/\/www.facebook.com\/mondocamping\" \/>\n<meta property=\"article:published_time\" content=\"2024-11-13T16:25:02+00:00\" \/>\n<meta property=\"article:modified_time\" content=\"2024-11-13T16:25:03+00:00\" \/>\n<meta property=\"og:image\" content=\"https:\/\/www.mondocamping.com\/wp-content\/uploads\/2024\/11\/XMAS-MARKET-Lago-Idro-Glamping-Boutique_VLD2957-Edit-2.jpg\" \/>\n\t<meta property=\"og:image:width\" content=\"1200\" \/>\n\t<meta property=\"og:image:height\" content=\"628\" \/>\n\t<meta property=\"og:image:type\" content=\"image\/jpeg\" \/>\n<meta name=\"author\" content=\"Mondo Camping\" \/>\n<meta name=\"twitter:card\" content=\"summary_large_image\" \/>\n<meta name=\"twitter:creator\" content=\"@mondobalneare\" \/>\n<meta name=\"twitter:site\" content=\"@mondobalneare\" \/>\n<meta name=\"twitter:label1\" content=\"\u00c9crit par\" \/>\n\t<meta name=\"twitter:data1\" content=\"Mondo Camping\" \/>\n\t<meta name=\"twitter:label2\" content=\"Dur\u00e9e de lecture estim\u00e9e\" \/>\n\t<meta name=\"twitter:data2\" content=\"2 minutes\" \/>\n<script type=\"application\/ld+json\" class=\"yoast-schema-graph\">{\"@context\":\"https:\\\/\\\/schema.org\",\"@graph\":[{\"@type\":\"Article\",\"@id\":\"https:\\\/\\\/www.mondocamping.com\\\/fr\\\/lago-idro-glamping-boutique-marche-de-noel-en-pleine-nature\\\/#article\",\"isPartOf\":{\"@id\":\"https:\\\/\\\/www.mondocamping.com\\\/fr\\\/lago-idro-glamping-boutique-marche-de-noel-en-pleine-nature\\\/\"},\"author\":{\"name\":\"Mondo Camping\",\"@id\":\"https:\\\/\\\/www.mondocamping.com\\\/#\\\/schema\\\/person\\\/01a031b8c5ef08c2204bb0e696f0a760\"},\"headline\":\"Lago Idro Glamping Boutique : March\u00e9 de No\u00ebl en pleine nature\",\"datePublished\":\"2024-11-13T16:25:02+00:00\",\"dateModified\":\"2024-11-13T16:25:03+00:00\",\"mainEntityOfPage\":{\"@id\":\"https:\\\/\\\/www.mondocamping.com\\\/fr\\\/lago-idro-glamping-boutique-marche-de-noel-en-pleine-nature\\\/\"},\"wordCount\":460,\"publisher\":{\"@id\":\"https:\\\/\\\/www.mondocamping.com\\\/#organization\"},\"image\":{\"@id\":\"https:\\\/\\\/www.mondocamping.com\\\/fr\\\/lago-idro-glamping-boutique-marche-de-noel-en-pleine-nature\\\/#primaryimage\"},\"thumbnailUrl\":\"https:\\\/\\\/www.mondocamping.com\\\/wp-content\\\/uploads\\\/2024\\\/11\\\/XMAS-MARKET-Lago-Idro-Glamping-Boutique_VLD2957-Edit-2.jpg\",\"keywords\":[\"camping\",\"camping\",\"Des vacances qui ont du c\u0153ur\",\"glamping\",\"Lake Hydro Glamping Boutique\",\"Mondo Camping\",\"Tourisme de plein air\"],\"articleSection\":[\"Actualit\u00e9\"],\"inLanguage\":\"fr-FR\"},{\"@type\":\"WebPage\",\"@id\":\"https:\\\/\\\/www.mondocamping.com\\\/fr\\\/lago-idro-glamping-boutique-marche-de-noel-en-pleine-nature\\\/\",\"url\":\"https:\\\/\\\/www.mondocamping.com\\\/fr\\\/lago-idro-glamping-boutique-marche-de-noel-en-pleine-nature\\\/\",\"name\":\"Lago Idro Glamping Boutique : March\u00e9 de No\u00ebl en pleine nature\",\"isPartOf\":{\"@id\":\"https:\\\/\\\/www.mondocamping.com\\\/#website\"},\"primaryImageOfPage\":{\"@id\":\"https:\\\/\\\/www.mondocamping.com\\\/fr\\\/lago-idro-glamping-boutique-marche-de-noel-en-pleine-nature\\\/#primaryimage\"},\"image\":{\"@id\":\"https:\\\/\\\/www.mondocamping.com\\\/fr\\\/lago-idro-glamping-boutique-marche-de-noel-en-pleine-nature\\\/#primaryimage\"},\"thumbnailUrl\":\"https:\\\/\\\/www.mondocamping.com\\\/wp-content\\\/uploads\\\/2024\\\/11\\\/XMAS-MARKET-Lago-Idro-Glamping-Boutique_VLD2957-Edit-2.jpg\",\"datePublished\":\"2024-11-13T16:25:02+00:00\",\"dateModified\":\"2024-11-13T16:25:03+00:00\",\"breadcrumb\":{\"@id\":\"https:\\\/\\\/www.mondocamping.com\\\/fr\\\/lago-idro-glamping-boutique-marche-de-noel-en-pleine-nature\\\/#breadcrumb\"},\"inLanguage\":\"fr-FR\",\"potentialAction\":[{\"@type\":\"ReadAction\",\"target\":[\"https:\\\/\\\/www.mondocamping.com\\\/fr\\\/lago-idro-glamping-boutique-marche-de-noel-en-pleine-nature\\\/\"]}]},{\"@type\":\"ImageObject\",\"inLanguage\":\"fr-FR\",\"@id\":\"https:\\\/\\\/www.mondocamping.com\\\/fr\\\/lago-idro-glamping-boutique-marche-de-noel-en-pleine-nature\\\/#primaryimage\",\"url\":\"https:\\\/\\\/www.mondocamping.com\\\/wp-content\\\/uploads\\\/2024\\\/11\\\/XMAS-MARKET-Lago-Idro-Glamping-Boutique_VLD2957-Edit-2.jpg\",\"contentUrl\":\"https:\\\/\\\/www.mondocamping.com\\\/wp-content\\\/uploads\\\/2024\\\/11\\\/XMAS-MARKET-Lago-Idro-Glamping-Boutique_VLD2957-Edit-2.jpg\",\"width\":1200,\"height\":628},{\"@type\":\"BreadcrumbList\",\"@id\":\"https:\\\/\\\/www.mondocamping.com\\\/fr\\\/lago-idro-glamping-boutique-marche-de-noel-en-pleine-nature\\\/#breadcrumb\",\"itemListElement\":[{\"@type\":\"ListItem\",\"position\":1,\"name\":\"Home\",\"item\":\"https:\\\/\\\/www.mondocamping.com\\\/fr\\\/\"},{\"@type\":\"ListItem\",\"position\":2,\"name\":\"Lago Idro Glamping Boutique : March\u00e9 de No\u00ebl en pleine nature\"}]},{\"@type\":\"WebSite\",\"@id\":\"https:\\\/\\\/www.mondocamping.com\\\/#website\",\"url\":\"https:\\\/\\\/www.mondocamping.com\\\/\",\"name\":\"Mondo Camping\",\"description\":\"Le portail d\u00e9di\u00e9 aux gestionnaires de campings et villages touristiques\",\"publisher\":{\"@id\":\"https:\\\/\\\/www.mondocamping.com\\\/#organization\"},\"potentialAction\":[{\"@type\":\"SearchAction\",\"target\":{\"@type\":\"EntryPoint\",\"urlTemplate\":\"https:\\\/\\\/www.mondocamping.com\\\/?s={search_term_string}\"},\"query-input\":{\"@type\":\"PropertyValueSpecification\",\"valueRequired\":true,\"valueName\":\"search_term_string\"}}],\"inLanguage\":\"fr-FR\"},{\"@type\":\"Organization\",\"@id\":\"https:\\\/\\\/www.mondocamping.com\\\/#organization\",\"name\":\"Mondo Camping\",\"url\":\"https:\\\/\\\/www.mondocamping.com\\\/\",\"logo\":{\"@type\":\"ImageObject\",\"inLanguage\":\"fr-FR\",\"@id\":\"https:\\\/\\\/www.mondocamping.com\\\/#\\\/schema\\\/logo\\\/image\\\/\",\"url\":\"https:\\\/\\\/www.mondocamping.com\\\/wp-content\\\/uploads\\\/2022\\\/04\\\/mondo-camping-logo-contornato-1.png\",\"contentUrl\":\"https:\\\/\\\/www.mondocamping.com\\\/wp-content\\\/uploads\\\/2022\\\/04\\\/mondo-camping-logo-contornato-1.png\",\"width\":280,\"height\":90,\"caption\":\"Mondo Camping\"},\"image\":{\"@id\":\"https:\\\/\\\/www.mondocamping.com\\\/#\\\/schema\\\/logo\\\/image\\\/\"},\"sameAs\":[\"https:\\\/\\\/www.facebook.com\\\/mondobalneare\",\"https:\\\/\\\/x.com\\\/mondobalneare\",\"https:\\\/\\\/www.instagram.com\\\/mondobalneare\\\/\",\"https:\\\/\\\/www.linkedin.com\\\/company\\\/67180810\\\/\",\"https:\\\/\\\/www.youtube.com\\\/user\\\/mondobalnearevideo\"]},{\"@type\":\"Person\",\"@id\":\"https:\\\/\\\/www.mondocamping.com\\\/#\\\/schema\\\/person\\\/01a031b8c5ef08c2204bb0e696f0a760\",\"name\":\"Mondo Camping\",\"image\":{\"@type\":\"ImageObject\",\"inLanguage\":\"fr-FR\",\"@id\":\"https:\\\/\\\/www.mondocamping.com\\\/wp-content\\\/uploads\\\/2022\\\/05\\\/cropped-icona-MONDO-CAMPING-150x150.png\",\"url\":\"https:\\\/\\\/www.mondocamping.com\\\/wp-content\\\/uploads\\\/2022\\\/05\\\/cropped-icona-MONDO-CAMPING-150x150.png\",\"contentUrl\":\"https:\\\/\\\/www.mondocamping.com\\\/wp-content\\\/uploads\\\/2022\\\/05\\\/cropped-icona-MONDO-CAMPING-150x150.png\",\"caption\":\"Mondo Camping\"},\"sameAs\":[\"https:\\\/\\\/www.mondocamping.com\\\/\",\"https:\\\/\\\/www.facebook.com\\\/mondocamping\"]}]}<\/script>\n<!-- \/ Yoast SEO plugin. -->","yoast_head_json":{"title":"Lago Idro Glamping Boutique : March\u00e9 de No\u00ebl en pleine nature","robots":{"index":"index","follow":"follow","max-snippet":"max-snippet:-1","max-image-preview":"max-image-preview:large","max-video-preview":"max-video-preview:-1"},"canonical":"https:\/\/www.mondocamping.com\/fr\/lago-idro-glamping-boutique-marche-de-noel-en-pleine-nature\/","og_locale":"fr_FR","og_type":"article","og_title":"Lago Idro Glamping Boutique : March\u00e9 de No\u00ebl en pleine nature","og_description":"Du 7 d\u00e9cembre 2024 au 8 janvier 2025, le Lago Idro Glamping Boutique \u00e0 Anfo, dans la province de Brescia, ouvrira ses portes pour l&rsquo;une des p\u00e9riodes les plus attendues de l&rsquo;ann\u00e9e, les vacances de No\u00ebl. Pour l&rsquo;occasion, les 14, 15, 22 et 23 d\u00e9cembre , le MARCH\u00c9 DE NO\u00cbLl&rsquo;initiative que Lago Idro Glamping Boutique [&hellip;]","og_url":"https:\/\/www.mondocamping.com\/fr\/lago-idro-glamping-boutique-marche-de-noel-en-pleine-nature\/","og_site_name":"Mondo Camping","article_publisher":"https:\/\/www.facebook.com\/mondobalneare","article_author":"https:\/\/www.facebook.com\/mondocamping","article_published_time":"2024-11-13T16:25:02+00:00","article_modified_time":"2024-11-13T16:25:03+00:00","og_image":[{"width":1200,"height":628,"url":"https:\/\/www.mondocamping.com\/wp-content\/uploads\/2024\/11\/XMAS-MARKET-Lago-Idro-Glamping-Boutique_VLD2957-Edit-2.jpg","type":"image\/jpeg"}],"author":"Mondo Camping","twitter_card":"summary_large_image","twitter_creator":"@mondobalneare","twitter_site":"@mondobalneare","twitter_misc":{"\u00c9crit par":"Mondo Camping","Dur\u00e9e de lecture estim\u00e9e":"2 minutes"},"schema":{"@context":"https:\/\/schema.org","@graph":[{"@type":"Article","@id":"https:\/\/www.mondocamping.com\/fr\/lago-idro-glamping-boutique-marche-de-noel-en-pleine-nature\/#article","isPartOf":{"@id":"https:\/\/www.mondocamping.com\/fr\/lago-idro-glamping-boutique-marche-de-noel-en-pleine-nature\/"},"author":{"name":"Mondo Camping","@id":"https:\/\/www.mondocamping.com\/#\/schema\/person\/01a031b8c5ef08c2204bb0e696f0a760"},"headline":"Lago Idro Glamping Boutique : March\u00e9 de No\u00ebl en pleine nature","datePublished":"2024-11-13T16:25:02+00:00","dateModified":"2024-11-13T16:25:03+00:00","mainEntityOfPage":{"@id":"https:\/\/www.mondocamping.com\/fr\/lago-idro-glamping-boutique-marche-de-noel-en-pleine-nature\/"},"wordCount":460,"publisher":{"@id":"https:\/\/www.mondocamping.com\/#organization"},"image":{"@id":"https:\/\/www.mondocamping.com\/fr\/lago-idro-glamping-boutique-marche-de-noel-en-pleine-nature\/#primaryimage"},"thumbnailUrl":"https:\/\/www.mondocamping.com\/wp-content\/uploads\/2024\/11\/XMAS-MARKET-Lago-Idro-Glamping-Boutique_VLD2957-Edit-2.jpg","keywords":["camping","camping","Des vacances qui ont du c\u0153ur","glamping","Lake Hydro Glamping Boutique","Mondo Camping","Tourisme de plein air"],"articleSection":["Actualit\u00e9"],"inLanguage":"fr-FR"},{"@type":"WebPage","@id":"https:\/\/www.mondocamping.com\/fr\/lago-idro-glamping-boutique-marche-de-noel-en-pleine-nature\/","url":"https:\/\/www.mondocamping.com\/fr\/lago-idro-glamping-boutique-marche-de-noel-en-pleine-nature\/","name":"Lago Idro Glamping Boutique : March\u00e9 de No\u00ebl en pleine nature","isPartOf":{"@id":"https:\/\/www.mondocamping.com\/#website"},"primaryImageOfPage":{"@id":"https:\/\/www.mondocamping.com\/fr\/lago-idro-glamping-boutique-marche-de-noel-en-pleine-nature\/#primaryimage"},"image":{"@id":"https:\/\/www.mondocamping.com\/fr\/lago-idro-glamping-boutique-marche-de-noel-en-pleine-nature\/#primaryimage"},"thumbnailUrl":"https:\/\/www.mondocamping.com\/wp-content\/uploads\/2024\/11\/XMAS-MARKET-Lago-Idro-Glamping-Boutique_VLD2957-Edit-2.jpg","datePublished":"2024-11-13T16:25:02+00:00","dateModified":"2024-11-13T16:25:03+00:00","breadcrumb":{"@id":"https:\/\/www.mondocamping.com\/fr\/lago-idro-glamping-boutique-marche-de-noel-en-pleine-nature\/#breadcrumb"},"inLanguage":"fr-FR","potentialAction":[{"@type":"ReadAction","target":["https:\/\/www.mondocamping.com\/fr\/lago-idro-glamping-boutique-marche-de-noel-en-pleine-nature\/"]}]},{"@type":"ImageObject","inLanguage":"fr-FR","@id":"https:\/\/www.mondocamping.com\/fr\/lago-idro-glamping-boutique-marche-de-noel-en-pleine-nature\/#primaryimage","url":"https:\/\/www.mondocamping.com\/wp-content\/uploads\/2024\/11\/XMAS-MARKET-Lago-Idro-Glamping-Boutique_VLD2957-Edit-2.jpg","contentUrl":"https:\/\/www.mondocamping.com\/wp-content\/uploads\/2024\/11\/XMAS-MARKET-Lago-Idro-Glamping-Boutique_VLD2957-Edit-2.jpg","width":1200,"height":628},{"@type":"BreadcrumbList","@id":"https:\/\/www.mondocamping.com\/fr\/lago-idro-glamping-boutique-marche-de-noel-en-pleine-nature\/#breadcrumb","itemListElement":[{"@type":"ListItem","position":1,"name":"Home","item":"https:\/\/www.mondocamping.com\/fr\/"},{"@type":"ListItem","position":2,"name":"Lago Idro Glamping Boutique : March\u00e9 de No\u00ebl en pleine nature"}]},{"@type":"WebSite","@id":"https:\/\/www.mondocamping.com\/#website","url":"https:\/\/www.mondocamping.com\/","name":"Mondo Camping","description":"Le portail d\u00e9di\u00e9 aux gestionnaires de campings et villages touristiques","publisher":{"@id":"https:\/\/www.mondocamping.com\/#organization"},"potentialAction":[{"@type":"SearchAction","target":{"@type":"EntryPoint","urlTemplate":"https:\/\/www.mondocamping.com\/?s={search_term_string}"},"query-input":{"@type":"PropertyValueSpecification","valueRequired":true,"valueName":"search_term_string"}}],"inLanguage":"fr-FR"},{"@type":"Organization","@id":"https:\/\/www.mondocamping.com\/#organization","name":"Mondo Camping","url":"https:\/\/www.mondocamping.com\/","logo":{"@type":"ImageObject","inLanguage":"fr-FR","@id":"https:\/\/www.mondocamping.com\/#\/schema\/logo\/image\/","url":"https:\/\/www.mondocamping.com\/wp-content\/uploads\/2022\/04\/mondo-camping-logo-contornato-1.png","contentUrl":"https:\/\/www.mondocamping.com\/wp-content\/uploads\/2022\/04\/mondo-camping-logo-contornato-1.png","width":280,"height":90,"caption":"Mondo Camping"},"image":{"@id":"https:\/\/www.mondocamping.com\/#\/schema\/logo\/image\/"},"sameAs":["https:\/\/www.facebook.com\/mondobalneare","https:\/\/x.com\/mondobalneare","https:\/\/www.instagram.com\/mondobalneare\/","https:\/\/www.linkedin.com\/company\/67180810\/","https:\/\/www.youtube.com\/user\/mondobalnearevideo"]},{"@type":"Person","@id":"https:\/\/www.mondocamping.com\/#\/schema\/person\/01a031b8c5ef08c2204bb0e696f0a760","name":"Mondo Camping","image":{"@type":"ImageObject","inLanguage":"fr-FR","@id":"https:\/\/www.mondocamping.com\/wp-content\/uploads\/2022\/05\/cropped-icona-MONDO-CAMPING-150x150.png","url":"https:\/\/www.mondocamping.com\/wp-content\/uploads\/2022\/05\/cropped-icona-MONDO-CAMPING-150x150.png","contentUrl":"https:\/\/www.mondocamping.com\/wp-content\/uploads\/2022\/05\/cropped-icona-MONDO-CAMPING-150x150.png","caption":"Mondo Camping"},"sameAs":["https:\/\/www.mondocamping.com\/","https:\/\/www.facebook.com\/mondocamping"]}]}},"_links":{"self":[{"href":"https:\/\/www.mondocamping.com\/fr\/wp-json\/wp\/v2\/posts\/171633","targetHints":{"allow":["GET"]}}],"collection":[{"href":"https:\/\/www.mondocamping.com\/fr\/wp-json\/wp\/v2\/posts"}],"about":[{"href":"https:\/\/www.mondocamping.com\/fr\/wp-json\/wp\/v2\/types\/post"}],"author":[{"embeddable":true,"href":"https:\/\/www.mondocamping.com\/fr\/wp-json\/wp\/v2\/users\/5"}],"replies":[{"embeddable":true,"href":"https:\/\/www.mondocamping.com\/fr\/wp-json\/wp\/v2\/comments?post=171633"}],"version-history":[{"count":1,"href":"https:\/\/www.mondocamping.com\/fr\/wp-json\/wp\/v2\/posts\/171633\/revisions"}],"predecessor-version":[{"id":171634,"href":"https:\/\/www.mondocamping.com\/fr\/wp-json\/wp\/v2\/posts\/171633\/revisions\/171634"}],"wp:featuredmedia":[{"embeddable":true,"href":"https:\/\/www.mondocamping.com\/fr\/wp-json\/wp\/v2\/media\/171622"}],"wp:attachment":[{"href":"https:\/\/www.mondocamping.com\/fr\/wp-json\/wp\/v2\/media?parent=171633"}],"wp:term":[{"taxonomy":"category","embeddable":true,"href":"https:\/\/www.mondocamping.com\/fr\/wp-json\/wp\/v2\/categories?post=171633"},{"taxonomy":"post_tag","embeddable":true,"href":"https:\/\/www.mondocamping.com\/fr\/wp-json\/wp\/v2\/tags?post=171633"}],"curies":[{"name":"wp","href":"https:\/\/api.w.org\/{rel}","templated":true}]}}