{"id":171682,"date":"2024-11-18T09:12:00","date_gmt":"2024-11-18T08:12:00","guid":{"rendered":"https:\/\/www.mondocamping.com\/profilmi-intelligent-benches-des-meubles-intelligents-meme-au-camping\/"},"modified":"2024-11-18T09:12:01","modified_gmt":"2024-11-18T08:12:01","slug":"profilmi-intelligent-benches-des-meubles-intelligents-meme-au-camping","status":"publish","type":"post","link":"https:\/\/www.mondocamping.com\/fr\/profilmi-intelligent-benches-des-meubles-intelligents-meme-au-camping\/","title":{"rendered":"Profilmi Intelligent Benches, des meubles intelligents m\u00eame au camping"},"content":{"rendered":"\n<p>Depuis plus de 40 ans <strong>, Profilmi<\/strong> se distingue comme une entreprise innovante et tr\u00e8s cr\u00e9ative. La <strong><a href=\"https:\/\/www.profilmi.it\/panchine-intelligenti-per-arredo-urbano\/\" target=\"_blank\" rel=\"noreferrer noopener\">nouvelle g\u00e9n\u00e9ration de bancs intelligents<\/a> <\/strong>en est un nouvel exemple. Il s&rsquo;agit d&rsquo;un concept r\u00e9volutionnaire qui enrichit un simple meuble de fonctionnalit\u00e9s con\u00e7ues pour r\u00e9pondre aux besoins d&rsquo;aujourd&rsquo;hui et pour rester connect\u00e9 \u00e0 tout moment.    <\/p>\n\n<p>Les bancs intelligents Profilmi se caract\u00e9risent par leur <strong>grande polyvalence <\/strong>et leur <strong>design unique<\/strong> qui allie l&rsquo;<strong>\u00e9l\u00e9gance<\/strong> \u00e0 l&rsquo;<strong>efficacit\u00e9 \u00e9nerg\u00e9tique<\/strong> et \u00e0 l&rsquo;<strong>utilisation responsable de la technologie<\/strong>, cr\u00e9ant ainsi un \u00e9quilibre entre forme et fonction, de v\u00e9ritables propositions fonctionnelles et \u00e9co-durables.<\/p>\n\n<p>L&rsquo;innovation rencontre la tradition pour une exp\u00e9rience sans pr\u00e9c\u00e9dent : avec les bancs intelligents Profilmi, vous pouvez charger vos appareils, vous connecter \u00e0 Internet et profiter de nombreuses autres fonctions utiles. Vous d\u00e9couvrirez qu&rsquo;attendre ou se reposer sur un banc n&rsquo;a jamais \u00e9t\u00e9 aussi intelligent, m\u00eame en camping. <\/p>\n\n<h2 class=\"wp-block-heading\">Caract\u00e9ristiques Bancs intelligents Profils<\/h2>\n\n<p>Tous les mod\u00e8les de bancs intelligents Profilmi se distinguent par les caract\u00e9ristiques suivantes :  <\/p>\n\n<ul class=\"wp-block-list\">\n<li><strong>Chargement sans fil int\u00e9gr\u00e9 :<\/strong> les bancs intelligents sont \u00e9quip\u00e9s de stations de chargement sans fil, ce qui permet aux visiteurs de recharger leurs appareils mobiles rapidement et facilement.<\/li>\n\n\n\n<li><strong>Capteurs de mouvement et de lumi\u00e8re<\/strong>: gr\u00e2ce \u00e0 l&rsquo;int\u00e9gration de capteurs intelligents, les bancs s&rsquo;adaptent \u00e0 la lumi\u00e8re ambiante et peuvent s&rsquo;activer automatiquement en cas de mouvement, ce qui am\u00e9liore la s\u00e9curit\u00e9 et l&rsquo;efficacit\u00e9 \u00e9nerg\u00e9tique.<\/li>\n\n\n\n<li><strong>Connexion Wi-Fi<\/strong>: les bancs offrent des points d&rsquo;acc\u00e8s Wi-Fi via des hotspots.<\/li>\n\n\n\n<li><strong>\u00c9crans interactifs<\/strong>: certains mod\u00e8les de bancs sont \u00e9quip\u00e9s d&rsquo;\u00e9crans tactiles interactifs permettant d&rsquo;obtenir des informations locales ou relatives au camping en temps r\u00e9el, une mani\u00e8re attrayante d&rsquo;entrer en contact avec votre environnement.<\/li>\n\n\n\n<li><strong>Conception durable : <\/strong>les bancs sont fabriqu\u00e9s \u00e0 partir de mat\u00e9riaux \u00e9cologiques et de technologies respectueuses de l&rsquo;environnement. Un meuble technologique v\u00e9ritablement \u00e9cologique. <\/li>\n\n\n\n<li>Personnalisation <strong>: <\/strong>un aspect distinctif des bancs intelligents ou smart benchs est la personnalisation, de la structure aux mat\u00e9riaux qui peuvent \u00eatre adapt\u00e9s en fonction des couleurs et des finitions souhait\u00e9es.<\/li>\n<\/ul>\n<div class=\"wp-block-image\">\n<figure class=\"aligncenter size-full\"><img fetchpriority=\"high\" decoding=\"async\" width=\"646\" height=\"394\" src=\"https:\/\/www.mondocamping.com\/wp-content\/uploads\/2024\/11\/top-panchine-intelligenti-per-arredo-urbano-bis-copia-2-1.jpg\" alt=\"\" class=\"wp-image-171659\" srcset=\"https:\/\/www.mondocamping.com\/wp-content\/uploads\/2024\/11\/top-panchine-intelligenti-per-arredo-urbano-bis-copia-2-1.jpg 646w, https:\/\/www.mondocamping.com\/wp-content\/uploads\/2024\/11\/top-panchine-intelligenti-per-arredo-urbano-bis-copia-2-1-300x183.jpg 300w\" sizes=\"(max-width: 646px) 100vw, 646px\" \/><\/figure>\n<\/div>\n<h2 class=\"wp-block-heading\"><strong> <\/strong>Mod\u00e8les de bancs intelligents Profilmi<\/h2>\n\n<p>Le mod\u00e8le<strong> Smart<\/strong><strong> Greenhouse <\/strong><strong> Bench<\/strong> est \u00e9quip\u00e9 de :  <\/p>\n\n<ul class=\"wp-block-list\">\n<li>Ports de charge USB.<\/li>\n\n\n\n<li>Chargement sans fil avec la technologie QI<\/li>\n\n\n\n<li>Eclairage de nuit par LED  <\/li>\n\n\n\n<li>Internet hotspot wi-fi<\/li>\n\n\n\n<li>Chargement 230V pour les v\u00e9los et scooters \u00e9lectriques<\/li>\n\n\n\n<li>Appels d&rsquo;urgence<\/li>\n\n\n\n<li>Capteurs environnementaux et de pollution<\/li>\n\n\n\n<li>Syst\u00e8me audio avec Bluetooth<\/li>\n\n\n\n<li>Gestion intelligente des fonctions<\/li>\n<\/ul>\n\n<p><\/p>\n\n<p>La structure de Serra est en acier galvanis\u00e9 et peint par poudrage, avec la possibilit\u00e9 de personnaliser les couleurs en fonction des pr\u00e9f\u00e9rences de chacun. L&rsquo;assise et le dossier sont en W.P.C. (Wood Plastic Composite), un mat\u00e9riau composite qui allie durabilit\u00e9 environnementale et r\u00e9sistance aux intemp\u00e9ries. <\/p>\n<div class=\"wp-block-image\">\n<figure class=\"aligncenter size-full\"><img decoding=\"async\" width=\"821\" height=\"595\" src=\"https:\/\/www.mondocamping.com\/wp-content\/uploads\/2024\/11\/panchina-serra-senza-pensilina.webp\" alt=\"\" class=\"wp-image-171662\" srcset=\"https:\/\/www.mondocamping.com\/wp-content\/uploads\/2024\/11\/panchina-serra-senza-pensilina.webp 821w, https:\/\/www.mondocamping.com\/wp-content\/uploads\/2024\/11\/panchina-serra-senza-pensilina-300x217.webp 300w, https:\/\/www.mondocamping.com\/wp-content\/uploads\/2024\/11\/panchina-serra-senza-pensilina-768x557.webp 768w\" sizes=\"(max-width: 821px) 100vw, 821px\" \/><figcaption class=\"wp-element-caption\"><strong>  Banc de serre intelligent  <\/strong><\/figcaption><\/figure>\n<\/div>\n<p>Le mod\u00e8le <strong>Smart Greenhouse Bench with Shelter<\/strong>, en plus des caract\u00e9ristiques d\u00e9j\u00e0 mentionn\u00e9es, est structur\u00e9 avec un<strong> abri pivotant \u00e9quip\u00e9 de panneaux photovolta\u00efques \u00e0 \u00e9nergie solaire <\/strong>qui garantissent une recharge intelligente, durable et respectueuse de l&rsquo;environnement. Le banc est \u00e9galement \u00e9quip\u00e9 d&rsquo;un<strong> \u00e9clairage LED nocturne<\/strong>, ce qui contribue \u00e0 rendre l&rsquo;environnement encore plus accueillant et s\u00fbr. <\/p>\n<div class=\"wp-block-image\">\n<figure class=\"aligncenter size-full\"><img decoding=\"async\" width=\"821\" height=\"595\" src=\"https:\/\/www.mondocamping.com\/wp-content\/uploads\/2024\/11\/panchina-serra-con-pensilina.webp\" alt=\"\" class=\"wp-image-171665\" srcset=\"https:\/\/www.mondocamping.com\/wp-content\/uploads\/2024\/11\/panchina-serra-con-pensilina.webp 821w, https:\/\/www.mondocamping.com\/wp-content\/uploads\/2024\/11\/panchina-serra-con-pensilina-300x217.webp 300w, https:\/\/www.mondocamping.com\/wp-content\/uploads\/2024\/11\/panchina-serra-con-pensilina-768x557.webp 768w\" sizes=\"(max-width: 821px) 100vw, 821px\" \/><figcaption class=\"wp-element-caption\"><strong>Banc de serre intelligent avec auvent<\/strong><\/figcaption><\/figure>\n<\/div>\n<p>Le mod\u00e8le <strong>Mira Smart Bench<\/strong>, en plus des caract\u00e9ristiques d\u00e9j\u00e0 \u00e9num\u00e9r\u00e9es, va au-del\u00e0 de sa fonction de banc en int\u00e9grant un <strong>syst\u00e8me intelligent qui permet de partager des contenus multim\u00e9dias li\u00e9s au lieu directement sur les appareils mobiles et les PC.<\/strong> Une connexion directe avec le contexte environnant, fournissant des informations, des nouvelles et de la publicit\u00e9 en temps r\u00e9el.<\/p>\n\n<p>La version <strong>verte de Mira<\/strong> est \u00e9galement \u00e9quip\u00e9e d&rsquo;un<strong> panneau photovolta\u00efque<\/strong>, une solution respectueuse de l&rsquo;environnement qui combine un design sophistiqu\u00e9, la durabilit\u00e9 et la fonctionnalit\u00e9, \u00e9levant le concept de banc \u00e0 un nouveau niveau.<\/p>\n<div class=\"wp-block-image\">\n<figure class=\"aligncenter size-full\"><img loading=\"lazy\" decoding=\"async\" width=\"821\" height=\"595\" src=\"https:\/\/www.mondocamping.com\/wp-content\/uploads\/2024\/11\/panchina-mira.webp\" alt=\"\" class=\"wp-image-171668\" srcset=\"https:\/\/www.mondocamping.com\/wp-content\/uploads\/2024\/11\/panchina-mira.webp 821w, https:\/\/www.mondocamping.com\/wp-content\/uploads\/2024\/11\/panchina-mira-300x217.webp 300w, https:\/\/www.mondocamping.com\/wp-content\/uploads\/2024\/11\/panchina-mira-768x557.webp 768w\" sizes=\"(max-width: 821px) 100vw, 821px\" \/><figcaption class=\"wp-element-caption\"><strong>Mira Smart Bench<\/strong><\/figcaption><\/figure>\n<\/div>\n<p>Pour plus d&rsquo;informations<\/p>\n\n<div class=\"wp-block-buttons is-layout-flex wp-block-buttons-is-layout-flex\">\n<div class=\"wp-block-button\"><a class=\"wp-block-button__link wp-element-button\" href=\"https:\/\/www.profilmi.it\/contatti\/\" target=\"_blank\" rel=\"noreferrer noopener\">Contacter l&rsquo;entreprise<\/a><\/div>\n<\/div>\n\n<p><\/p>\n","protected":false},"excerpt":{"rendered":"<p>Depuis plus de 40 ans , Profilmi se distingue comme une entreprise innovante et tr\u00e8s cr\u00e9ative. La nouvelle g\u00e9n\u00e9ration de bancs intelligents en est un nouvel exemple. Il s&rsquo;agit d&rsquo;un concept r\u00e9volutionnaire qui enrichit un simple meuble de fonctionnalit\u00e9s con\u00e7ues pour r\u00e9pondre aux besoins d&rsquo;aujourd&rsquo;hui et pour rester connect\u00e9 \u00e0 tout moment. Les bancs intelligents [&hellip;]<\/p>\n","protected":false},"author":71,"featured_media":171658,"comment_status":"closed","ping_status":"closed","sticky":false,"template":"","format":"standard","meta":{"_acf_changed":false,"_monsterinsights_skip_tracking":false,"_monsterinsights_sitenote_active":false,"_monsterinsights_sitenote_note":"","_monsterinsights_sitenote_category":0,"footnotes":""},"categories":[4022],"tags":[6610,4189,4210,6536,4262,4079],"class_list":["post-171682","post","type-post","status-publish","format-standard","has-post-thumbnail","hentry","category-editoriaux","tag-bancs-intelligents","tag-camping-fr","tag-camping-fr-2","tag-le-profil","tag-mondo-camping-fr","tag-tourisme-de-plein-air"],"acf":[],"yoast_head":"<!-- This site is optimized with the Yoast SEO plugin v27.5 - https:\/\/yoast.com\/product\/yoast-seo-wordpress\/ -->\n<title>Profilmi Intelligent Benches, des meubles intelligents m\u00eame au camping<\/title>\n<meta name=\"robots\" content=\"index, follow, max-snippet:-1, max-image-preview:large, max-video-preview:-1\" \/>\n<link rel=\"canonical\" href=\"https:\/\/www.mondocamping.com\/fr\/profilmi-intelligent-benches-des-meubles-intelligents-meme-au-camping\/\" \/>\n<meta property=\"og:locale\" content=\"fr_FR\" \/>\n<meta property=\"og:type\" content=\"article\" \/>\n<meta property=\"og:title\" content=\"Profilmi Intelligent Benches, des meubles intelligents m\u00eame au camping\" \/>\n<meta property=\"og:description\" content=\"Depuis plus de 40 ans , Profilmi se distingue comme une entreprise innovante et tr\u00e8s cr\u00e9ative. La nouvelle g\u00e9n\u00e9ration de bancs intelligents en est un nouvel exemple. Il s&rsquo;agit d&rsquo;un concept r\u00e9volutionnaire qui enrichit un simple meuble de fonctionnalit\u00e9s con\u00e7ues pour r\u00e9pondre aux besoins d&rsquo;aujourd&rsquo;hui et pour rester connect\u00e9 \u00e0 tout moment. Les bancs intelligents [&hellip;]\" \/>\n<meta property=\"og:url\" content=\"https:\/\/www.mondocamping.com\/fr\/profilmi-intelligent-benches-des-meubles-intelligents-meme-au-camping\/\" \/>\n<meta property=\"og:site_name\" content=\"Mondo Camping\" \/>\n<meta property=\"article:publisher\" content=\"https:\/\/www.facebook.com\/mondobalneare\" \/>\n<meta property=\"article:published_time\" content=\"2024-11-18T08:12:00+00:00\" \/>\n<meta property=\"article:modified_time\" content=\"2024-11-18T08:12:01+00:00\" \/>\n<meta property=\"og:image\" content=\"https:\/\/www.mondocamping.com\/wp-content\/uploads\/2024\/11\/top-panchine-intelligenti-per-arredo-urbano-bis-copia-2.jpg\" \/>\n\t<meta property=\"og:image:width\" content=\"1200\" \/>\n\t<meta property=\"og:image:height\" content=\"628\" \/>\n\t<meta property=\"og:image:type\" content=\"image\/jpeg\" \/>\n<meta name=\"author\" content=\"La Profilmi\" \/>\n<meta name=\"twitter:card\" content=\"summary_large_image\" \/>\n<meta name=\"twitter:creator\" content=\"@mondobalneare\" \/>\n<meta name=\"twitter:site\" content=\"@mondobalneare\" \/>\n<meta name=\"twitter:label1\" content=\"\u00c9crit par\" \/>\n\t<meta name=\"twitter:data1\" content=\"La Profilmi\" \/>\n\t<meta name=\"twitter:label2\" content=\"Dur\u00e9e de lecture estim\u00e9e\" \/>\n\t<meta name=\"twitter:data2\" content=\"3 minutes\" \/>\n<script type=\"application\/ld+json\" class=\"yoast-schema-graph\">{\"@context\":\"https:\\\/\\\/schema.org\",\"@graph\":[{\"@type\":\"Article\",\"@id\":\"https:\\\/\\\/www.mondocamping.com\\\/fr\\\/profilmi-intelligent-benches-des-meubles-intelligents-meme-au-camping\\\/#article\",\"isPartOf\":{\"@id\":\"https:\\\/\\\/www.mondocamping.com\\\/fr\\\/profilmi-intelligent-benches-des-meubles-intelligents-meme-au-camping\\\/\"},\"author\":{\"name\":\"La Profilmi\",\"@id\":\"https:\\\/\\\/www.mondocamping.com\\\/#\\\/schema\\\/person\\\/10b990ea4b2d57d04ba096015d165b9d\"},\"headline\":\"Profilmi Intelligent Benches, des meubles intelligents m\u00eame au camping\",\"datePublished\":\"2024-11-18T08:12:00+00:00\",\"dateModified\":\"2024-11-18T08:12:01+00:00\",\"mainEntityOfPage\":{\"@id\":\"https:\\\/\\\/www.mondocamping.com\\\/fr\\\/profilmi-intelligent-benches-des-meubles-intelligents-meme-au-camping\\\/\"},\"wordCount\":682,\"publisher\":{\"@id\":\"https:\\\/\\\/www.mondocamping.com\\\/#organization\"},\"image\":{\"@id\":\"https:\\\/\\\/www.mondocamping.com\\\/fr\\\/profilmi-intelligent-benches-des-meubles-intelligents-meme-au-camping\\\/#primaryimage\"},\"thumbnailUrl\":\"https:\\\/\\\/www.mondocamping.com\\\/wp-content\\\/uploads\\\/2024\\\/11\\\/top-panchine-intelligenti-per-arredo-urbano-bis-copia-2.jpg\",\"keywords\":[\"bancs intelligents\",\"camping\",\"camping\",\"Le profil\",\"Mondo Camping\",\"Tourisme de plein air\"],\"articleSection\":[\"\u00c9ditoriaux\"],\"inLanguage\":\"fr-FR\"},{\"@type\":\"WebPage\",\"@id\":\"https:\\\/\\\/www.mondocamping.com\\\/fr\\\/profilmi-intelligent-benches-des-meubles-intelligents-meme-au-camping\\\/\",\"url\":\"https:\\\/\\\/www.mondocamping.com\\\/fr\\\/profilmi-intelligent-benches-des-meubles-intelligents-meme-au-camping\\\/\",\"name\":\"Profilmi Intelligent Benches, des meubles intelligents m\u00eame au camping\",\"isPartOf\":{\"@id\":\"https:\\\/\\\/www.mondocamping.com\\\/#website\"},\"primaryImageOfPage\":{\"@id\":\"https:\\\/\\\/www.mondocamping.com\\\/fr\\\/profilmi-intelligent-benches-des-meubles-intelligents-meme-au-camping\\\/#primaryimage\"},\"image\":{\"@id\":\"https:\\\/\\\/www.mondocamping.com\\\/fr\\\/profilmi-intelligent-benches-des-meubles-intelligents-meme-au-camping\\\/#primaryimage\"},\"thumbnailUrl\":\"https:\\\/\\\/www.mondocamping.com\\\/wp-content\\\/uploads\\\/2024\\\/11\\\/top-panchine-intelligenti-per-arredo-urbano-bis-copia-2.jpg\",\"datePublished\":\"2024-11-18T08:12:00+00:00\",\"dateModified\":\"2024-11-18T08:12:01+00:00\",\"breadcrumb\":{\"@id\":\"https:\\\/\\\/www.mondocamping.com\\\/fr\\\/profilmi-intelligent-benches-des-meubles-intelligents-meme-au-camping\\\/#breadcrumb\"},\"inLanguage\":\"fr-FR\",\"potentialAction\":[{\"@type\":\"ReadAction\",\"target\":[\"https:\\\/\\\/www.mondocamping.com\\\/fr\\\/profilmi-intelligent-benches-des-meubles-intelligents-meme-au-camping\\\/\"]}]},{\"@type\":\"ImageObject\",\"inLanguage\":\"fr-FR\",\"@id\":\"https:\\\/\\\/www.mondocamping.com\\\/fr\\\/profilmi-intelligent-benches-des-meubles-intelligents-meme-au-camping\\\/#primaryimage\",\"url\":\"https:\\\/\\\/www.mondocamping.com\\\/wp-content\\\/uploads\\\/2024\\\/11\\\/top-panchine-intelligenti-per-arredo-urbano-bis-copia-2.jpg\",\"contentUrl\":\"https:\\\/\\\/www.mondocamping.com\\\/wp-content\\\/uploads\\\/2024\\\/11\\\/top-panchine-intelligenti-per-arredo-urbano-bis-copia-2.jpg\",\"width\":1200,\"height\":628},{\"@type\":\"BreadcrumbList\",\"@id\":\"https:\\\/\\\/www.mondocamping.com\\\/fr\\\/profilmi-intelligent-benches-des-meubles-intelligents-meme-au-camping\\\/#breadcrumb\",\"itemListElement\":[{\"@type\":\"ListItem\",\"position\":1,\"name\":\"Home\",\"item\":\"https:\\\/\\\/www.mondocamping.com\\\/fr\\\/\"},{\"@type\":\"ListItem\",\"position\":2,\"name\":\"Profilmi Intelligent Benches, des meubles intelligents m\u00eame au camping\"}]},{\"@type\":\"WebSite\",\"@id\":\"https:\\\/\\\/www.mondocamping.com\\\/#website\",\"url\":\"https:\\\/\\\/www.mondocamping.com\\\/\",\"name\":\"Mondo Camping\",\"description\":\"Le portail d\u00e9di\u00e9 aux gestionnaires de campings et villages touristiques\",\"publisher\":{\"@id\":\"https:\\\/\\\/www.mondocamping.com\\\/#organization\"},\"potentialAction\":[{\"@type\":\"SearchAction\",\"target\":{\"@type\":\"EntryPoint\",\"urlTemplate\":\"https:\\\/\\\/www.mondocamping.com\\\/?s={search_term_string}\"},\"query-input\":{\"@type\":\"PropertyValueSpecification\",\"valueRequired\":true,\"valueName\":\"search_term_string\"}}],\"inLanguage\":\"fr-FR\"},{\"@type\":\"Organization\",\"@id\":\"https:\\\/\\\/www.mondocamping.com\\\/#organization\",\"name\":\"Mondo Camping\",\"url\":\"https:\\\/\\\/www.mondocamping.com\\\/\",\"logo\":{\"@type\":\"ImageObject\",\"inLanguage\":\"fr-FR\",\"@id\":\"https:\\\/\\\/www.mondocamping.com\\\/#\\\/schema\\\/logo\\\/image\\\/\",\"url\":\"https:\\\/\\\/www.mondocamping.com\\\/wp-content\\\/uploads\\\/2022\\\/04\\\/mondo-camping-logo-contornato-1.png\",\"contentUrl\":\"https:\\\/\\\/www.mondocamping.com\\\/wp-content\\\/uploads\\\/2022\\\/04\\\/mondo-camping-logo-contornato-1.png\",\"width\":280,\"height\":90,\"caption\":\"Mondo Camping\"},\"image\":{\"@id\":\"https:\\\/\\\/www.mondocamping.com\\\/#\\\/schema\\\/logo\\\/image\\\/\"},\"sameAs\":[\"https:\\\/\\\/www.facebook.com\\\/mondobalneare\",\"https:\\\/\\\/x.com\\\/mondobalneare\",\"https:\\\/\\\/www.instagram.com\\\/mondobalneare\\\/\",\"https:\\\/\\\/www.linkedin.com\\\/company\\\/67180810\\\/\",\"https:\\\/\\\/www.youtube.com\\\/user\\\/mondobalnearevideo\"]},{\"@type\":\"Person\",\"@id\":\"https:\\\/\\\/www.mondocamping.com\\\/#\\\/schema\\\/person\\\/10b990ea4b2d57d04ba096015d165b9d\",\"name\":\"La Profilmi\",\"image\":{\"@type\":\"ImageObject\",\"inLanguage\":\"fr-FR\",\"@id\":\"https:\\\/\\\/www.mondocamping.com\\\/wp-content\\\/uploads\\\/2019\\\/06\\\/profilmi-arredo-ecologico-150x150.png\",\"url\":\"https:\\\/\\\/www.mondocamping.com\\\/wp-content\\\/uploads\\\/2019\\\/06\\\/profilmi-arredo-ecologico-150x150.png\",\"contentUrl\":\"https:\\\/\\\/www.mondocamping.com\\\/wp-content\\\/uploads\\\/2019\\\/06\\\/profilmi-arredo-ecologico-150x150.png\",\"caption\":\"La Profilmi\"},\"description\":\"Tel. 0331 386043\"}]}<\/script>\n<!-- \/ Yoast SEO plugin. -->","yoast_head_json":{"title":"Profilmi Intelligent Benches, des meubles intelligents m\u00eame au camping","robots":{"index":"index","follow":"follow","max-snippet":"max-snippet:-1","max-image-preview":"max-image-preview:large","max-video-preview":"max-video-preview:-1"},"canonical":"https:\/\/www.mondocamping.com\/fr\/profilmi-intelligent-benches-des-meubles-intelligents-meme-au-camping\/","og_locale":"fr_FR","og_type":"article","og_title":"Profilmi Intelligent Benches, des meubles intelligents m\u00eame au camping","og_description":"Depuis plus de 40 ans , Profilmi se distingue comme une entreprise innovante et tr\u00e8s cr\u00e9ative. La nouvelle g\u00e9n\u00e9ration de bancs intelligents en est un nouvel exemple. Il s&rsquo;agit d&rsquo;un concept r\u00e9volutionnaire qui enrichit un simple meuble de fonctionnalit\u00e9s con\u00e7ues pour r\u00e9pondre aux besoins d&rsquo;aujourd&rsquo;hui et pour rester connect\u00e9 \u00e0 tout moment. Les bancs intelligents [&hellip;]","og_url":"https:\/\/www.mondocamping.com\/fr\/profilmi-intelligent-benches-des-meubles-intelligents-meme-au-camping\/","og_site_name":"Mondo Camping","article_publisher":"https:\/\/www.facebook.com\/mondobalneare","article_published_time":"2024-11-18T08:12:00+00:00","article_modified_time":"2024-11-18T08:12:01+00:00","og_image":[{"width":1200,"height":628,"url":"https:\/\/www.mondocamping.com\/wp-content\/uploads\/2024\/11\/top-panchine-intelligenti-per-arredo-urbano-bis-copia-2.jpg","type":"image\/jpeg"}],"author":"La Profilmi","twitter_card":"summary_large_image","twitter_creator":"@mondobalneare","twitter_site":"@mondobalneare","twitter_misc":{"\u00c9crit par":"La Profilmi","Dur\u00e9e de lecture estim\u00e9e":"3 minutes"},"schema":{"@context":"https:\/\/schema.org","@graph":[{"@type":"Article","@id":"https:\/\/www.mondocamping.com\/fr\/profilmi-intelligent-benches-des-meubles-intelligents-meme-au-camping\/#article","isPartOf":{"@id":"https:\/\/www.mondocamping.com\/fr\/profilmi-intelligent-benches-des-meubles-intelligents-meme-au-camping\/"},"author":{"name":"La Profilmi","@id":"https:\/\/www.mondocamping.com\/#\/schema\/person\/10b990ea4b2d57d04ba096015d165b9d"},"headline":"Profilmi Intelligent Benches, des meubles intelligents m\u00eame au camping","datePublished":"2024-11-18T08:12:00+00:00","dateModified":"2024-11-18T08:12:01+00:00","mainEntityOfPage":{"@id":"https:\/\/www.mondocamping.com\/fr\/profilmi-intelligent-benches-des-meubles-intelligents-meme-au-camping\/"},"wordCount":682,"publisher":{"@id":"https:\/\/www.mondocamping.com\/#organization"},"image":{"@id":"https:\/\/www.mondocamping.com\/fr\/profilmi-intelligent-benches-des-meubles-intelligents-meme-au-camping\/#primaryimage"},"thumbnailUrl":"https:\/\/www.mondocamping.com\/wp-content\/uploads\/2024\/11\/top-panchine-intelligenti-per-arredo-urbano-bis-copia-2.jpg","keywords":["bancs intelligents","camping","camping","Le profil","Mondo Camping","Tourisme de plein air"],"articleSection":["\u00c9ditoriaux"],"inLanguage":"fr-FR"},{"@type":"WebPage","@id":"https:\/\/www.mondocamping.com\/fr\/profilmi-intelligent-benches-des-meubles-intelligents-meme-au-camping\/","url":"https:\/\/www.mondocamping.com\/fr\/profilmi-intelligent-benches-des-meubles-intelligents-meme-au-camping\/","name":"Profilmi Intelligent Benches, des meubles intelligents m\u00eame au camping","isPartOf":{"@id":"https:\/\/www.mondocamping.com\/#website"},"primaryImageOfPage":{"@id":"https:\/\/www.mondocamping.com\/fr\/profilmi-intelligent-benches-des-meubles-intelligents-meme-au-camping\/#primaryimage"},"image":{"@id":"https:\/\/www.mondocamping.com\/fr\/profilmi-intelligent-benches-des-meubles-intelligents-meme-au-camping\/#primaryimage"},"thumbnailUrl":"https:\/\/www.mondocamping.com\/wp-content\/uploads\/2024\/11\/top-panchine-intelligenti-per-arredo-urbano-bis-copia-2.jpg","datePublished":"2024-11-18T08:12:00+00:00","dateModified":"2024-11-18T08:12:01+00:00","breadcrumb":{"@id":"https:\/\/www.mondocamping.com\/fr\/profilmi-intelligent-benches-des-meubles-intelligents-meme-au-camping\/#breadcrumb"},"inLanguage":"fr-FR","potentialAction":[{"@type":"ReadAction","target":["https:\/\/www.mondocamping.com\/fr\/profilmi-intelligent-benches-des-meubles-intelligents-meme-au-camping\/"]}]},{"@type":"ImageObject","inLanguage":"fr-FR","@id":"https:\/\/www.mondocamping.com\/fr\/profilmi-intelligent-benches-des-meubles-intelligents-meme-au-camping\/#primaryimage","url":"https:\/\/www.mondocamping.com\/wp-content\/uploads\/2024\/11\/top-panchine-intelligenti-per-arredo-urbano-bis-copia-2.jpg","contentUrl":"https:\/\/www.mondocamping.com\/wp-content\/uploads\/2024\/11\/top-panchine-intelligenti-per-arredo-urbano-bis-copia-2.jpg","width":1200,"height":628},{"@type":"BreadcrumbList","@id":"https:\/\/www.mondocamping.com\/fr\/profilmi-intelligent-benches-des-meubles-intelligents-meme-au-camping\/#breadcrumb","itemListElement":[{"@type":"ListItem","position":1,"name":"Home","item":"https:\/\/www.mondocamping.com\/fr\/"},{"@type":"ListItem","position":2,"name":"Profilmi Intelligent Benches, des meubles intelligents m\u00eame au camping"}]},{"@type":"WebSite","@id":"https:\/\/www.mondocamping.com\/#website","url":"https:\/\/www.mondocamping.com\/","name":"Mondo Camping","description":"Le portail d\u00e9di\u00e9 aux gestionnaires de campings et villages touristiques","publisher":{"@id":"https:\/\/www.mondocamping.com\/#organization"},"potentialAction":[{"@type":"SearchAction","target":{"@type":"EntryPoint","urlTemplate":"https:\/\/www.mondocamping.com\/?s={search_term_string}"},"query-input":{"@type":"PropertyValueSpecification","valueRequired":true,"valueName":"search_term_string"}}],"inLanguage":"fr-FR"},{"@type":"Organization","@id":"https:\/\/www.mondocamping.com\/#organization","name":"Mondo Camping","url":"https:\/\/www.mondocamping.com\/","logo":{"@type":"ImageObject","inLanguage":"fr-FR","@id":"https:\/\/www.mondocamping.com\/#\/schema\/logo\/image\/","url":"https:\/\/www.mondocamping.com\/wp-content\/uploads\/2022\/04\/mondo-camping-logo-contornato-1.png","contentUrl":"https:\/\/www.mondocamping.com\/wp-content\/uploads\/2022\/04\/mondo-camping-logo-contornato-1.png","width":280,"height":90,"caption":"Mondo Camping"},"image":{"@id":"https:\/\/www.mondocamping.com\/#\/schema\/logo\/image\/"},"sameAs":["https:\/\/www.facebook.com\/mondobalneare","https:\/\/x.com\/mondobalneare","https:\/\/www.instagram.com\/mondobalneare\/","https:\/\/www.linkedin.com\/company\/67180810\/","https:\/\/www.youtube.com\/user\/mondobalnearevideo"]},{"@type":"Person","@id":"https:\/\/www.mondocamping.com\/#\/schema\/person\/10b990ea4b2d57d04ba096015d165b9d","name":"La Profilmi","image":{"@type":"ImageObject","inLanguage":"fr-FR","@id":"https:\/\/www.mondocamping.com\/wp-content\/uploads\/2019\/06\/profilmi-arredo-ecologico-150x150.png","url":"https:\/\/www.mondocamping.com\/wp-content\/uploads\/2019\/06\/profilmi-arredo-ecologico-150x150.png","contentUrl":"https:\/\/www.mondocamping.com\/wp-content\/uploads\/2019\/06\/profilmi-arredo-ecologico-150x150.png","caption":"La Profilmi"},"description":"Tel. 0331 386043"}]}},"_links":{"self":[{"href":"https:\/\/www.mondocamping.com\/fr\/wp-json\/wp\/v2\/posts\/171682","targetHints":{"allow":["GET"]}}],"collection":[{"href":"https:\/\/www.mondocamping.com\/fr\/wp-json\/wp\/v2\/posts"}],"about":[{"href":"https:\/\/www.mondocamping.com\/fr\/wp-json\/wp\/v2\/types\/post"}],"author":[{"embeddable":true,"href":"https:\/\/www.mondocamping.com\/fr\/wp-json\/wp\/v2\/users\/71"}],"replies":[{"embeddable":true,"href":"https:\/\/www.mondocamping.com\/fr\/wp-json\/wp\/v2\/comments?post=171682"}],"version-history":[{"count":1,"href":"https:\/\/www.mondocamping.com\/fr\/wp-json\/wp\/v2\/posts\/171682\/revisions"}],"predecessor-version":[{"id":171683,"href":"https:\/\/www.mondocamping.com\/fr\/wp-json\/wp\/v2\/posts\/171682\/revisions\/171683"}],"wp:featuredmedia":[{"embeddable":true,"href":"https:\/\/www.mondocamping.com\/fr\/wp-json\/wp\/v2\/media\/171658"}],"wp:attachment":[{"href":"https:\/\/www.mondocamping.com\/fr\/wp-json\/wp\/v2\/media?parent=171682"}],"wp:term":[{"taxonomy":"category","embeddable":true,"href":"https:\/\/www.mondocamping.com\/fr\/wp-json\/wp\/v2\/categories?post=171682"},{"taxonomy":"post_tag","embeddable":true,"href":"https:\/\/www.mondocamping.com\/fr\/wp-json\/wp\/v2\/tags?post=171682"}],"curies":[{"name":"wp","href":"https:\/\/api.w.org\/{rel}","templated":true}]}}