{"id":171783,"date":"2024-11-25T17:30:14","date_gmt":"2024-11-25T16:30:14","guid":{"rendered":"https:\/\/www.mondocamping.com\/etats-generaux-du-tourisme-de-plein-air-priorite-aux-sentiers-de-montagne-le-president-de-la-cai-les-benevoles-ne-suffisent-pas-il-faut-des-ressources-de-la-part-du-gouvernement-et-des-autorite\/"},"modified":"2024-11-25T17:30:16","modified_gmt":"2024-11-25T16:30:16","slug":"etats-generaux-du-tourisme-de-plein-air-priorite-aux-sentiers-de-montagne-le-president-de-la-cai-les-benevoles-ne-suffisent-pas-il-faut-des-ressources-de-la-part-du-gouvernement-et-des-autorite","status":"publish","type":"post","link":"https:\/\/www.mondocamping.com\/fr\/etats-generaux-du-tourisme-de-plein-air-priorite-aux-sentiers-de-montagne-le-president-de-la-cai-les-benevoles-ne-suffisent-pas-il-faut-des-ressources-de-la-part-du-gouvernement-et-des-autorite\/","title":{"rendered":"\u00c9tats g\u00e9n\u00e9raux du tourisme de plein air, priorit\u00e9 aux sentiers de montagne. Le pr\u00e9sident de la Cai : \u00ab\u00a0Les b\u00e9n\u00e9voles ne suffisent pas, il faut des ressources de la part du gouvernement et des autorit\u00e9s locales\u00a0\u00bb."},"content":{"rendered":"\n<p>Plus de soixante organisations, dont des institutions, des entreprises et des associations, se sont r\u00e9unies lors des <strong>\u00c9tats g\u00e9n\u00e9raux du tourisme de plein air<\/strong>, une occasion importante de faire le point sur le <strong>monde de la marche<\/strong>, d&rsquo;\u00e9changer des bonnes pratiques et de partager des lignes directrices sur la gouvernance du r\u00e9seau italien de randonn\u00e9e.  <\/p>\n\n<p>Lorsque nous parlons de sentiers, nous ne parlons pas de simples pistes, mais d&rsquo;itin\u00e9raires qui racontent des lieux, traversent la nature et la culture des territoires, un tr\u00e9sor \u00e0 g\u00e9rer et \u00e0 prot\u00e9ger qui encourage un <strong>tourisme durable et responsable<\/strong>, un mod\u00e8le consid\u00e9r\u00e9 comme possible pour le bon d\u00e9veloppement des montagnes.  <\/p>\n\n<p>Nous rapportons les pr\u00e9cieuses paroles du <strong>pr\u00e9sident g\u00e9n\u00e9ral de la Cai, Antonio Montani<\/strong>, d\u00e9clar\u00e9es \u00e0 l&rsquo;agence Dire : \u00a0\u00bb.<em>Je suis ravie de la r\u00e9ponse que nous avons eue car tous les syndicats du secteur et tous les op\u00e9rateurs ont adh\u00e9r\u00e9 avec enthousiasme, ce qui signifie qu&rsquo;il y avait un besoin de se rencontrer, de comparer les notes, de mettre en commun les exp\u00e9riences. On parle souvent de \u00ab\u00a0mise en r\u00e9seau\u00a0\u00bb et cela reste souvent un concept abstrait. Ceci, par contre, est une fa\u00e7on de le concr\u00e9tiser et de se r\u00e9unir pour discuter des probl\u00e8mes et des opportunit\u00e9s de ce secteur.  <\/em><\/p>\n\n<p>Il pr\u00e9cise : <em>\u00ab\u00a0Le tourisme de plein air, ce n&rsquo;est pas seulement la marche, c&rsquo;est aussi l&rsquo;activit\u00e9 physique.<\/em><strong><em> <\/em><\/strong><em>La marche est une composante indispensable. M\u00eame ceux qui pratiquent d&rsquo;autres activit\u00e9s en montagne commencent souvent par marcher, de sorte que le sentier est toujours pr\u00e9sent\u00a0\u00bb. Nous insistons sur le fait que le r\u00e9seau de sentiers est l&rsquo;infrastructure sur laquelle reposent tous les sentiers.  <\/em>\u00ab\u00a0<\/p>\n\n<p>Tel \u00e9tait le th\u00e8me central des <strong>deux journ\u00e9es de la Stati Generale consacr\u00e9es aux \u00ab\u00a0Pistes, refuges et accueils\u00a0\u00bb,<\/strong> dans le but de sensibiliser les pouvoirs publics \u00e0 la n\u00e9cessit\u00e9 d&rsquo;investir dans les infrastructures qui permettent d&rsquo;y parvenir. Un engagement que le gouvernement, les municipalit\u00e9s et les r\u00e9gions doivent poursuivre en synergie. <\/p>\n\n<p>Montanari se concentre sur l&rsquo;\u00e9tat de l&rsquo;art de la marche en Italie : \u00a0\u00bb.<em>Sur les sentiers, la situation est \u00e0 la fois exceptionnelle et dramatique. Sur les 180 000 kilom\u00e8tres de sentiers italiens, 140 000 sont actuellement cartographi\u00e9s et inclus dans le cadastre national r\u00e9alis\u00e9 par le CAI pour le compte du minist\u00e8re du tourisme. Sur les 180 000 kilom\u00e8tres, un peu moins de la moiti\u00e9 est entretenue par le CAI. C&rsquo;est un fait exceptionnel, car il est r\u00e9alis\u00e9 gr\u00e2ce au travail de b\u00e9n\u00e9voles, mais c&rsquo;est aussi l&rsquo;aspect le plus dramatique, car si l&rsquo;on veut investir dans ce type de tourisme, il faut une intervention publique, comme nous commen\u00e7ons \u00e0 le voir   <\/em>\u00ab\u00a0.  <\/p>\n\n<p><strong> <\/strong>L&rsquo;objectif est \u00e9galement de cr\u00e9er un<strong>Observatoire ind\u00e9pendant du tourisme de plein air<\/strong>, dirig\u00e9 par le Cai et l&rsquo;Enit, afin de mettre de l&rsquo;ordre dans le monde de la \u00ab\u00a0marche\u00a0\u00bb, car celle-ci joue un r\u00f4le fondamental pour les territoires et pour le d\u00e9veloppement du tourisme de plein air, qui affecte \u00e9galement les activit\u00e9s qui lui sont \u00e9troitement li\u00e9es, y compris les installations de plein air.  <\/p>\n","protected":false},"excerpt":{"rendered":"<p>Plus de soixante organisations, dont des institutions, des entreprises et des associations, se sont r\u00e9unies lors des \u00c9tats g\u00e9n\u00e9raux du tourisme de plein air, une occasion importante de faire le point sur le monde de la marche, d&rsquo;\u00e9changer des bonnes pratiques et de partager des lignes directrices sur la gouvernance du r\u00e9seau italien de randonn\u00e9e. [&hellip;]<\/p>\n","protected":false},"author":5,"featured_media":171777,"comment_status":"closed","ping_status":"closed","sticky":false,"template":"","format":"standard","meta":{"_acf_changed":false,"_monsterinsights_skip_tracking":false,"_monsterinsights_sitenote_active":false,"_monsterinsights_sitenote_note":"","_monsterinsights_sitenote_category":0,"footnotes":""},"categories":[4024],"tags":[6629,6628,4210,6627,4262,4278,4079],"class_list":["post-171783","post","type-post","status-publish","format-standard","has-post-thumbnail","hentry","category-actualite","tag-antonio-montani-fr","tag-cai-fr","tag-camping-fr-2","tag-etats-generaux-du-tourisme-de-plein-air","tag-mondo-camping-fr","tag-tourisme-de-plein-air-fr","tag-tourisme-de-plein-air"],"acf":[],"yoast_head":"<!-- This site is optimized with the Yoast SEO plugin v27.5 - https:\/\/yoast.com\/product\/yoast-seo-wordpress\/ -->\n<title>\u00c9tats g\u00e9n\u00e9raux du tourisme de plein air, priorit\u00e9 aux sentiers de montagne. Le pr\u00e9sident de la Cai : &quot;Les b\u00e9n\u00e9voles ne suffisent pas, il faut des ressources de la part du gouvernement et des autorit\u00e9s locales&quot;.<\/title>\n<meta name=\"robots\" content=\"index, follow, max-snippet:-1, max-image-preview:large, max-video-preview:-1\" \/>\n<link rel=\"canonical\" href=\"https:\/\/www.mondocamping.com\/fr\/etats-generaux-du-tourisme-de-plein-air-priorite-aux-sentiers-de-montagne-le-president-de-la-cai-les-benevoles-ne-suffisent-pas-il-faut-des-ressources-de-la-part-du-gouvernement-et-des-autorite\/\" \/>\n<meta property=\"og:locale\" content=\"fr_FR\" \/>\n<meta property=\"og:type\" content=\"article\" \/>\n<meta property=\"og:title\" content=\"\u00c9tats g\u00e9n\u00e9raux du tourisme de plein air, priorit\u00e9 aux sentiers de montagne. Le pr\u00e9sident de la Cai : &quot;Les b\u00e9n\u00e9voles ne suffisent pas, il faut des ressources de la part du gouvernement et des autorit\u00e9s locales&quot;.\" \/>\n<meta property=\"og:description\" content=\"Plus de soixante organisations, dont des institutions, des entreprises et des associations, se sont r\u00e9unies lors des \u00c9tats g\u00e9n\u00e9raux du tourisme de plein air, une occasion importante de faire le point sur le monde de la marche, d&rsquo;\u00e9changer des bonnes pratiques et de partager des lignes directrices sur la gouvernance du r\u00e9seau italien de randonn\u00e9e. [&hellip;]\" \/>\n<meta property=\"og:url\" content=\"https:\/\/www.mondocamping.com\/fr\/etats-generaux-du-tourisme-de-plein-air-priorite-aux-sentiers-de-montagne-le-president-de-la-cai-les-benevoles-ne-suffisent-pas-il-faut-des-ressources-de-la-part-du-gouvernement-et-des-autorite\/\" \/>\n<meta property=\"og:site_name\" content=\"Mondo Camping\" \/>\n<meta property=\"article:publisher\" content=\"https:\/\/www.facebook.com\/mondobalneare\" \/>\n<meta property=\"article:author\" content=\"https:\/\/www.facebook.com\/mondocamping\" \/>\n<meta property=\"article:published_time\" content=\"2024-11-25T16:30:14+00:00\" \/>\n<meta property=\"article:modified_time\" content=\"2024-11-25T16:30:16+00:00\" \/>\n<meta property=\"og:image\" content=\"https:\/\/www.mondocamping.com\/wp-content\/uploads\/2024\/11\/krisjanis-mezulis-2zO0-7hgebI-unsplash-2.jpg\" \/>\n\t<meta property=\"og:image:width\" content=\"1200\" \/>\n\t<meta property=\"og:image:height\" content=\"628\" \/>\n\t<meta property=\"og:image:type\" content=\"image\/jpeg\" \/>\n<meta name=\"author\" content=\"Mondo Camping\" \/>\n<meta name=\"twitter:card\" content=\"summary_large_image\" \/>\n<meta name=\"twitter:creator\" content=\"@mondobalneare\" \/>\n<meta name=\"twitter:site\" content=\"@mondobalneare\" \/>\n<meta name=\"twitter:label1\" content=\"\u00c9crit par\" \/>\n\t<meta name=\"twitter:data1\" content=\"Mondo Camping\" \/>\n\t<meta name=\"twitter:label2\" content=\"Dur\u00e9e de lecture estim\u00e9e\" \/>\n\t<meta name=\"twitter:data2\" content=\"3 minutes\" \/>\n<script type=\"application\/ld+json\" class=\"yoast-schema-graph\">{\"@context\":\"https:\\\/\\\/schema.org\",\"@graph\":[{\"@type\":\"Article\",\"@id\":\"https:\\\/\\\/www.mondocamping.com\\\/fr\\\/etats-generaux-du-tourisme-de-plein-air-priorite-aux-sentiers-de-montagne-le-president-de-la-cai-les-benevoles-ne-suffisent-pas-il-faut-des-ressources-de-la-part-du-gouvernement-et-des-autorite\\\/#article\",\"isPartOf\":{\"@id\":\"https:\\\/\\\/www.mondocamping.com\\\/fr\\\/etats-generaux-du-tourisme-de-plein-air-priorite-aux-sentiers-de-montagne-le-president-de-la-cai-les-benevoles-ne-suffisent-pas-il-faut-des-ressources-de-la-part-du-gouvernement-et-des-autorite\\\/\"},\"author\":{\"name\":\"Mondo Camping\",\"@id\":\"https:\\\/\\\/www.mondocamping.com\\\/#\\\/schema\\\/person\\\/01a031b8c5ef08c2204bb0e696f0a760\"},\"headline\":\"\u00c9tats g\u00e9n\u00e9raux du tourisme de plein air, priorit\u00e9 aux sentiers de montagne. Le pr\u00e9sident de la Cai : \u00ab\u00a0Les b\u00e9n\u00e9voles ne suffisent pas, il faut des ressources de la part du gouvernement et des autorit\u00e9s locales\u00a0\u00bb.\",\"datePublished\":\"2024-11-25T16:30:14+00:00\",\"dateModified\":\"2024-11-25T16:30:16+00:00\",\"mainEntityOfPage\":{\"@id\":\"https:\\\/\\\/www.mondocamping.com\\\/fr\\\/etats-generaux-du-tourisme-de-plein-air-priorite-aux-sentiers-de-montagne-le-president-de-la-cai-les-benevoles-ne-suffisent-pas-il-faut-des-ressources-de-la-part-du-gouvernement-et-des-autorite\\\/\"},\"wordCount\":596,\"publisher\":{\"@id\":\"https:\\\/\\\/www.mondocamping.com\\\/#organization\"},\"image\":{\"@id\":\"https:\\\/\\\/www.mondocamping.com\\\/fr\\\/etats-generaux-du-tourisme-de-plein-air-priorite-aux-sentiers-de-montagne-le-president-de-la-cai-les-benevoles-ne-suffisent-pas-il-faut-des-ressources-de-la-part-du-gouvernement-et-des-autorite\\\/#primaryimage\"},\"thumbnailUrl\":\"https:\\\/\\\/www.mondocamping.com\\\/wp-content\\\/uploads\\\/2024\\\/11\\\/krisjanis-mezulis-2zO0-7hgebI-unsplash-2.jpg\",\"keywords\":[\"Antonio Montani\",\"Cai\",\"camping\",\"\u00e9tats g\u00e9n\u00e9raux du tourisme de plein air\",\"Mondo Camping\",\"tourisme de plein air\",\"Tourisme de plein air\"],\"articleSection\":[\"Actualit\u00e9\"],\"inLanguage\":\"fr-FR\"},{\"@type\":\"WebPage\",\"@id\":\"https:\\\/\\\/www.mondocamping.com\\\/fr\\\/etats-generaux-du-tourisme-de-plein-air-priorite-aux-sentiers-de-montagne-le-president-de-la-cai-les-benevoles-ne-suffisent-pas-il-faut-des-ressources-de-la-part-du-gouvernement-et-des-autorite\\\/\",\"url\":\"https:\\\/\\\/www.mondocamping.com\\\/fr\\\/etats-generaux-du-tourisme-de-plein-air-priorite-aux-sentiers-de-montagne-le-president-de-la-cai-les-benevoles-ne-suffisent-pas-il-faut-des-ressources-de-la-part-du-gouvernement-et-des-autorite\\\/\",\"name\":\"\u00c9tats g\u00e9n\u00e9raux du tourisme de plein air, priorit\u00e9 aux sentiers de montagne. Le pr\u00e9sident de la Cai : \\\"Les b\u00e9n\u00e9voles ne suffisent pas, il faut des ressources de la part du gouvernement et des autorit\u00e9s locales\\\".\",\"isPartOf\":{\"@id\":\"https:\\\/\\\/www.mondocamping.com\\\/#website\"},\"primaryImageOfPage\":{\"@id\":\"https:\\\/\\\/www.mondocamping.com\\\/fr\\\/etats-generaux-du-tourisme-de-plein-air-priorite-aux-sentiers-de-montagne-le-president-de-la-cai-les-benevoles-ne-suffisent-pas-il-faut-des-ressources-de-la-part-du-gouvernement-et-des-autorite\\\/#primaryimage\"},\"image\":{\"@id\":\"https:\\\/\\\/www.mondocamping.com\\\/fr\\\/etats-generaux-du-tourisme-de-plein-air-priorite-aux-sentiers-de-montagne-le-president-de-la-cai-les-benevoles-ne-suffisent-pas-il-faut-des-ressources-de-la-part-du-gouvernement-et-des-autorite\\\/#primaryimage\"},\"thumbnailUrl\":\"https:\\\/\\\/www.mondocamping.com\\\/wp-content\\\/uploads\\\/2024\\\/11\\\/krisjanis-mezulis-2zO0-7hgebI-unsplash-2.jpg\",\"datePublished\":\"2024-11-25T16:30:14+00:00\",\"dateModified\":\"2024-11-25T16:30:16+00:00\",\"breadcrumb\":{\"@id\":\"https:\\\/\\\/www.mondocamping.com\\\/fr\\\/etats-generaux-du-tourisme-de-plein-air-priorite-aux-sentiers-de-montagne-le-president-de-la-cai-les-benevoles-ne-suffisent-pas-il-faut-des-ressources-de-la-part-du-gouvernement-et-des-autorite\\\/#breadcrumb\"},\"inLanguage\":\"fr-FR\",\"potentialAction\":[{\"@type\":\"ReadAction\",\"target\":[\"https:\\\/\\\/www.mondocamping.com\\\/fr\\\/etats-generaux-du-tourisme-de-plein-air-priorite-aux-sentiers-de-montagne-le-president-de-la-cai-les-benevoles-ne-suffisent-pas-il-faut-des-ressources-de-la-part-du-gouvernement-et-des-autorite\\\/\"]}]},{\"@type\":\"ImageObject\",\"inLanguage\":\"fr-FR\",\"@id\":\"https:\\\/\\\/www.mondocamping.com\\\/fr\\\/etats-generaux-du-tourisme-de-plein-air-priorite-aux-sentiers-de-montagne-le-president-de-la-cai-les-benevoles-ne-suffisent-pas-il-faut-des-ressources-de-la-part-du-gouvernement-et-des-autorite\\\/#primaryimage\",\"url\":\"https:\\\/\\\/www.mondocamping.com\\\/wp-content\\\/uploads\\\/2024\\\/11\\\/krisjanis-mezulis-2zO0-7hgebI-unsplash-2.jpg\",\"contentUrl\":\"https:\\\/\\\/www.mondocamping.com\\\/wp-content\\\/uploads\\\/2024\\\/11\\\/krisjanis-mezulis-2zO0-7hgebI-unsplash-2.jpg\",\"width\":1200,\"height\":628},{\"@type\":\"BreadcrumbList\",\"@id\":\"https:\\\/\\\/www.mondocamping.com\\\/fr\\\/etats-generaux-du-tourisme-de-plein-air-priorite-aux-sentiers-de-montagne-le-president-de-la-cai-les-benevoles-ne-suffisent-pas-il-faut-des-ressources-de-la-part-du-gouvernement-et-des-autorite\\\/#breadcrumb\",\"itemListElement\":[{\"@type\":\"ListItem\",\"position\":1,\"name\":\"Home\",\"item\":\"https:\\\/\\\/www.mondocamping.com\\\/fr\\\/\"},{\"@type\":\"ListItem\",\"position\":2,\"name\":\"\u00c9tats g\u00e9n\u00e9raux du tourisme de plein air, priorit\u00e9 aux sentiers de montagne. Le pr\u00e9sident de la Cai : \u00ab\u00a0Les b\u00e9n\u00e9voles ne suffisent pas, il faut des ressources de la part du gouvernement et des autorit\u00e9s locales\u00a0\u00bb.\"}]},{\"@type\":\"WebSite\",\"@id\":\"https:\\\/\\\/www.mondocamping.com\\\/#website\",\"url\":\"https:\\\/\\\/www.mondocamping.com\\\/\",\"name\":\"Mondo Camping\",\"description\":\"Le portail d\u00e9di\u00e9 aux gestionnaires de campings et villages touristiques\",\"publisher\":{\"@id\":\"https:\\\/\\\/www.mondocamping.com\\\/#organization\"},\"potentialAction\":[{\"@type\":\"SearchAction\",\"target\":{\"@type\":\"EntryPoint\",\"urlTemplate\":\"https:\\\/\\\/www.mondocamping.com\\\/?s={search_term_string}\"},\"query-input\":{\"@type\":\"PropertyValueSpecification\",\"valueRequired\":true,\"valueName\":\"search_term_string\"}}],\"inLanguage\":\"fr-FR\"},{\"@type\":\"Organization\",\"@id\":\"https:\\\/\\\/www.mondocamping.com\\\/#organization\",\"name\":\"Mondo Camping\",\"url\":\"https:\\\/\\\/www.mondocamping.com\\\/\",\"logo\":{\"@type\":\"ImageObject\",\"inLanguage\":\"fr-FR\",\"@id\":\"https:\\\/\\\/www.mondocamping.com\\\/#\\\/schema\\\/logo\\\/image\\\/\",\"url\":\"https:\\\/\\\/www.mondocamping.com\\\/wp-content\\\/uploads\\\/2022\\\/04\\\/mondo-camping-logo-contornato-1.png\",\"contentUrl\":\"https:\\\/\\\/www.mondocamping.com\\\/wp-content\\\/uploads\\\/2022\\\/04\\\/mondo-camping-logo-contornato-1.png\",\"width\":280,\"height\":90,\"caption\":\"Mondo Camping\"},\"image\":{\"@id\":\"https:\\\/\\\/www.mondocamping.com\\\/#\\\/schema\\\/logo\\\/image\\\/\"},\"sameAs\":[\"https:\\\/\\\/www.facebook.com\\\/mondobalneare\",\"https:\\\/\\\/x.com\\\/mondobalneare\",\"https:\\\/\\\/www.instagram.com\\\/mondobalneare\\\/\",\"https:\\\/\\\/www.linkedin.com\\\/company\\\/67180810\\\/\",\"https:\\\/\\\/www.youtube.com\\\/user\\\/mondobalnearevideo\"]},{\"@type\":\"Person\",\"@id\":\"https:\\\/\\\/www.mondocamping.com\\\/#\\\/schema\\\/person\\\/01a031b8c5ef08c2204bb0e696f0a760\",\"name\":\"Mondo Camping\",\"image\":{\"@type\":\"ImageObject\",\"inLanguage\":\"fr-FR\",\"@id\":\"https:\\\/\\\/www.mondocamping.com\\\/wp-content\\\/uploads\\\/2022\\\/05\\\/cropped-icona-MONDO-CAMPING-150x150.png\",\"url\":\"https:\\\/\\\/www.mondocamping.com\\\/wp-content\\\/uploads\\\/2022\\\/05\\\/cropped-icona-MONDO-CAMPING-150x150.png\",\"contentUrl\":\"https:\\\/\\\/www.mondocamping.com\\\/wp-content\\\/uploads\\\/2022\\\/05\\\/cropped-icona-MONDO-CAMPING-150x150.png\",\"caption\":\"Mondo Camping\"},\"sameAs\":[\"https:\\\/\\\/www.mondocamping.com\\\/\",\"https:\\\/\\\/www.facebook.com\\\/mondocamping\"]}]}<\/script>\n<!-- \/ Yoast SEO plugin. -->","yoast_head_json":{"title":"\u00c9tats g\u00e9n\u00e9raux du tourisme de plein air, priorit\u00e9 aux sentiers de montagne. Le pr\u00e9sident de la Cai : \"Les b\u00e9n\u00e9voles ne suffisent pas, il faut des ressources de la part du gouvernement et des autorit\u00e9s locales\".","robots":{"index":"index","follow":"follow","max-snippet":"max-snippet:-1","max-image-preview":"max-image-preview:large","max-video-preview":"max-video-preview:-1"},"canonical":"https:\/\/www.mondocamping.com\/fr\/etats-generaux-du-tourisme-de-plein-air-priorite-aux-sentiers-de-montagne-le-president-de-la-cai-les-benevoles-ne-suffisent-pas-il-faut-des-ressources-de-la-part-du-gouvernement-et-des-autorite\/","og_locale":"fr_FR","og_type":"article","og_title":"\u00c9tats g\u00e9n\u00e9raux du tourisme de plein air, priorit\u00e9 aux sentiers de montagne. Le pr\u00e9sident de la Cai : \"Les b\u00e9n\u00e9voles ne suffisent pas, il faut des ressources de la part du gouvernement et des autorit\u00e9s locales\".","og_description":"Plus de soixante organisations, dont des institutions, des entreprises et des associations, se sont r\u00e9unies lors des \u00c9tats g\u00e9n\u00e9raux du tourisme de plein air, une occasion importante de faire le point sur le monde de la marche, d&rsquo;\u00e9changer des bonnes pratiques et de partager des lignes directrices sur la gouvernance du r\u00e9seau italien de randonn\u00e9e. [&hellip;]","og_url":"https:\/\/www.mondocamping.com\/fr\/etats-generaux-du-tourisme-de-plein-air-priorite-aux-sentiers-de-montagne-le-president-de-la-cai-les-benevoles-ne-suffisent-pas-il-faut-des-ressources-de-la-part-du-gouvernement-et-des-autorite\/","og_site_name":"Mondo Camping","article_publisher":"https:\/\/www.facebook.com\/mondobalneare","article_author":"https:\/\/www.facebook.com\/mondocamping","article_published_time":"2024-11-25T16:30:14+00:00","article_modified_time":"2024-11-25T16:30:16+00:00","og_image":[{"width":1200,"height":628,"url":"https:\/\/www.mondocamping.com\/wp-content\/uploads\/2024\/11\/krisjanis-mezulis-2zO0-7hgebI-unsplash-2.jpg","type":"image\/jpeg"}],"author":"Mondo Camping","twitter_card":"summary_large_image","twitter_creator":"@mondobalneare","twitter_site":"@mondobalneare","twitter_misc":{"\u00c9crit par":"Mondo Camping","Dur\u00e9e de lecture estim\u00e9e":"3 minutes"},"schema":{"@context":"https:\/\/schema.org","@graph":[{"@type":"Article","@id":"https:\/\/www.mondocamping.com\/fr\/etats-generaux-du-tourisme-de-plein-air-priorite-aux-sentiers-de-montagne-le-president-de-la-cai-les-benevoles-ne-suffisent-pas-il-faut-des-ressources-de-la-part-du-gouvernement-et-des-autorite\/#article","isPartOf":{"@id":"https:\/\/www.mondocamping.com\/fr\/etats-generaux-du-tourisme-de-plein-air-priorite-aux-sentiers-de-montagne-le-president-de-la-cai-les-benevoles-ne-suffisent-pas-il-faut-des-ressources-de-la-part-du-gouvernement-et-des-autorite\/"},"author":{"name":"Mondo Camping","@id":"https:\/\/www.mondocamping.com\/#\/schema\/person\/01a031b8c5ef08c2204bb0e696f0a760"},"headline":"\u00c9tats g\u00e9n\u00e9raux du tourisme de plein air, priorit\u00e9 aux sentiers de montagne. Le pr\u00e9sident de la Cai : \u00ab\u00a0Les b\u00e9n\u00e9voles ne suffisent pas, il faut des ressources de la part du gouvernement et des autorit\u00e9s locales\u00a0\u00bb.","datePublished":"2024-11-25T16:30:14+00:00","dateModified":"2024-11-25T16:30:16+00:00","mainEntityOfPage":{"@id":"https:\/\/www.mondocamping.com\/fr\/etats-generaux-du-tourisme-de-plein-air-priorite-aux-sentiers-de-montagne-le-president-de-la-cai-les-benevoles-ne-suffisent-pas-il-faut-des-ressources-de-la-part-du-gouvernement-et-des-autorite\/"},"wordCount":596,"publisher":{"@id":"https:\/\/www.mondocamping.com\/#organization"},"image":{"@id":"https:\/\/www.mondocamping.com\/fr\/etats-generaux-du-tourisme-de-plein-air-priorite-aux-sentiers-de-montagne-le-president-de-la-cai-les-benevoles-ne-suffisent-pas-il-faut-des-ressources-de-la-part-du-gouvernement-et-des-autorite\/#primaryimage"},"thumbnailUrl":"https:\/\/www.mondocamping.com\/wp-content\/uploads\/2024\/11\/krisjanis-mezulis-2zO0-7hgebI-unsplash-2.jpg","keywords":["Antonio Montani","Cai","camping","\u00e9tats g\u00e9n\u00e9raux du tourisme de plein air","Mondo Camping","tourisme de plein air","Tourisme de plein air"],"articleSection":["Actualit\u00e9"],"inLanguage":"fr-FR"},{"@type":"WebPage","@id":"https:\/\/www.mondocamping.com\/fr\/etats-generaux-du-tourisme-de-plein-air-priorite-aux-sentiers-de-montagne-le-president-de-la-cai-les-benevoles-ne-suffisent-pas-il-faut-des-ressources-de-la-part-du-gouvernement-et-des-autorite\/","url":"https:\/\/www.mondocamping.com\/fr\/etats-generaux-du-tourisme-de-plein-air-priorite-aux-sentiers-de-montagne-le-president-de-la-cai-les-benevoles-ne-suffisent-pas-il-faut-des-ressources-de-la-part-du-gouvernement-et-des-autorite\/","name":"\u00c9tats g\u00e9n\u00e9raux du tourisme de plein air, priorit\u00e9 aux sentiers de montagne. Le pr\u00e9sident de la Cai : \"Les b\u00e9n\u00e9voles ne suffisent pas, il faut des ressources de la part du gouvernement et des autorit\u00e9s locales\".","isPartOf":{"@id":"https:\/\/www.mondocamping.com\/#website"},"primaryImageOfPage":{"@id":"https:\/\/www.mondocamping.com\/fr\/etats-generaux-du-tourisme-de-plein-air-priorite-aux-sentiers-de-montagne-le-president-de-la-cai-les-benevoles-ne-suffisent-pas-il-faut-des-ressources-de-la-part-du-gouvernement-et-des-autorite\/#primaryimage"},"image":{"@id":"https:\/\/www.mondocamping.com\/fr\/etats-generaux-du-tourisme-de-plein-air-priorite-aux-sentiers-de-montagne-le-president-de-la-cai-les-benevoles-ne-suffisent-pas-il-faut-des-ressources-de-la-part-du-gouvernement-et-des-autorite\/#primaryimage"},"thumbnailUrl":"https:\/\/www.mondocamping.com\/wp-content\/uploads\/2024\/11\/krisjanis-mezulis-2zO0-7hgebI-unsplash-2.jpg","datePublished":"2024-11-25T16:30:14+00:00","dateModified":"2024-11-25T16:30:16+00:00","breadcrumb":{"@id":"https:\/\/www.mondocamping.com\/fr\/etats-generaux-du-tourisme-de-plein-air-priorite-aux-sentiers-de-montagne-le-president-de-la-cai-les-benevoles-ne-suffisent-pas-il-faut-des-ressources-de-la-part-du-gouvernement-et-des-autorite\/#breadcrumb"},"inLanguage":"fr-FR","potentialAction":[{"@type":"ReadAction","target":["https:\/\/www.mondocamping.com\/fr\/etats-generaux-du-tourisme-de-plein-air-priorite-aux-sentiers-de-montagne-le-president-de-la-cai-les-benevoles-ne-suffisent-pas-il-faut-des-ressources-de-la-part-du-gouvernement-et-des-autorite\/"]}]},{"@type":"ImageObject","inLanguage":"fr-FR","@id":"https:\/\/www.mondocamping.com\/fr\/etats-generaux-du-tourisme-de-plein-air-priorite-aux-sentiers-de-montagne-le-president-de-la-cai-les-benevoles-ne-suffisent-pas-il-faut-des-ressources-de-la-part-du-gouvernement-et-des-autorite\/#primaryimage","url":"https:\/\/www.mondocamping.com\/wp-content\/uploads\/2024\/11\/krisjanis-mezulis-2zO0-7hgebI-unsplash-2.jpg","contentUrl":"https:\/\/www.mondocamping.com\/wp-content\/uploads\/2024\/11\/krisjanis-mezulis-2zO0-7hgebI-unsplash-2.jpg","width":1200,"height":628},{"@type":"BreadcrumbList","@id":"https:\/\/www.mondocamping.com\/fr\/etats-generaux-du-tourisme-de-plein-air-priorite-aux-sentiers-de-montagne-le-president-de-la-cai-les-benevoles-ne-suffisent-pas-il-faut-des-ressources-de-la-part-du-gouvernement-et-des-autorite\/#breadcrumb","itemListElement":[{"@type":"ListItem","position":1,"name":"Home","item":"https:\/\/www.mondocamping.com\/fr\/"},{"@type":"ListItem","position":2,"name":"\u00c9tats g\u00e9n\u00e9raux du tourisme de plein air, priorit\u00e9 aux sentiers de montagne. Le pr\u00e9sident de la Cai : \u00ab\u00a0Les b\u00e9n\u00e9voles ne suffisent pas, il faut des ressources de la part du gouvernement et des autorit\u00e9s locales\u00a0\u00bb."}]},{"@type":"WebSite","@id":"https:\/\/www.mondocamping.com\/#website","url":"https:\/\/www.mondocamping.com\/","name":"Mondo Camping","description":"Le portail d\u00e9di\u00e9 aux gestionnaires de campings et villages touristiques","publisher":{"@id":"https:\/\/www.mondocamping.com\/#organization"},"potentialAction":[{"@type":"SearchAction","target":{"@type":"EntryPoint","urlTemplate":"https:\/\/www.mondocamping.com\/?s={search_term_string}"},"query-input":{"@type":"PropertyValueSpecification","valueRequired":true,"valueName":"search_term_string"}}],"inLanguage":"fr-FR"},{"@type":"Organization","@id":"https:\/\/www.mondocamping.com\/#organization","name":"Mondo Camping","url":"https:\/\/www.mondocamping.com\/","logo":{"@type":"ImageObject","inLanguage":"fr-FR","@id":"https:\/\/www.mondocamping.com\/#\/schema\/logo\/image\/","url":"https:\/\/www.mondocamping.com\/wp-content\/uploads\/2022\/04\/mondo-camping-logo-contornato-1.png","contentUrl":"https:\/\/www.mondocamping.com\/wp-content\/uploads\/2022\/04\/mondo-camping-logo-contornato-1.png","width":280,"height":90,"caption":"Mondo Camping"},"image":{"@id":"https:\/\/www.mondocamping.com\/#\/schema\/logo\/image\/"},"sameAs":["https:\/\/www.facebook.com\/mondobalneare","https:\/\/x.com\/mondobalneare","https:\/\/www.instagram.com\/mondobalneare\/","https:\/\/www.linkedin.com\/company\/67180810\/","https:\/\/www.youtube.com\/user\/mondobalnearevideo"]},{"@type":"Person","@id":"https:\/\/www.mondocamping.com\/#\/schema\/person\/01a031b8c5ef08c2204bb0e696f0a760","name":"Mondo Camping","image":{"@type":"ImageObject","inLanguage":"fr-FR","@id":"https:\/\/www.mondocamping.com\/wp-content\/uploads\/2022\/05\/cropped-icona-MONDO-CAMPING-150x150.png","url":"https:\/\/www.mondocamping.com\/wp-content\/uploads\/2022\/05\/cropped-icona-MONDO-CAMPING-150x150.png","contentUrl":"https:\/\/www.mondocamping.com\/wp-content\/uploads\/2022\/05\/cropped-icona-MONDO-CAMPING-150x150.png","caption":"Mondo Camping"},"sameAs":["https:\/\/www.mondocamping.com\/","https:\/\/www.facebook.com\/mondocamping"]}]}},"_links":{"self":[{"href":"https:\/\/www.mondocamping.com\/fr\/wp-json\/wp\/v2\/posts\/171783","targetHints":{"allow":["GET"]}}],"collection":[{"href":"https:\/\/www.mondocamping.com\/fr\/wp-json\/wp\/v2\/posts"}],"about":[{"href":"https:\/\/www.mondocamping.com\/fr\/wp-json\/wp\/v2\/types\/post"}],"author":[{"embeddable":true,"href":"https:\/\/www.mondocamping.com\/fr\/wp-json\/wp\/v2\/users\/5"}],"replies":[{"embeddable":true,"href":"https:\/\/www.mondocamping.com\/fr\/wp-json\/wp\/v2\/comments?post=171783"}],"version-history":[{"count":1,"href":"https:\/\/www.mondocamping.com\/fr\/wp-json\/wp\/v2\/posts\/171783\/revisions"}],"predecessor-version":[{"id":171784,"href":"https:\/\/www.mondocamping.com\/fr\/wp-json\/wp\/v2\/posts\/171783\/revisions\/171784"}],"wp:featuredmedia":[{"embeddable":true,"href":"https:\/\/www.mondocamping.com\/fr\/wp-json\/wp\/v2\/media\/171777"}],"wp:attachment":[{"href":"https:\/\/www.mondocamping.com\/fr\/wp-json\/wp\/v2\/media?parent=171783"}],"wp:term":[{"taxonomy":"category","embeddable":true,"href":"https:\/\/www.mondocamping.com\/fr\/wp-json\/wp\/v2\/categories?post=171783"},{"taxonomy":"post_tag","embeddable":true,"href":"https:\/\/www.mondocamping.com\/fr\/wp-json\/wp\/v2\/tags?post=171783"}],"curies":[{"name":"wp","href":"https:\/\/api.w.org\/{rel}","templated":true}]}}