{"id":171821,"date":"2024-11-28T11:26:20","date_gmt":"2024-11-28T10:26:20","guid":{"rendered":"https:\/\/www.mondocamping.com\/espagne-le-porte-parole-du-tourisme-au-senat-demande-la-suspension-sine-die-de-la-nouvelle-loi-sur-la-protection-des-donnees-et-de-la-vie-privee\/"},"modified":"2024-11-28T11:26:21","modified_gmt":"2024-11-28T10:26:21","slug":"espagne-le-porte-parole-du-tourisme-au-senat-demande-la-suspension-sine-die-de-la-nouvelle-loi-sur-la-protection-des-donnees-et-de-la-vie-privee","status":"publish","type":"post","link":"https:\/\/www.mondocamping.com\/fr\/espagne-le-porte-parole-du-tourisme-au-senat-demande-la-suspension-sine-die-de-la-nouvelle-loi-sur-la-protection-des-donnees-et-de-la-vie-privee\/","title":{"rendered":"Espagne : le porte-parole du tourisme au S\u00e9nat demande la suspension \u00ab\u00a0sine die\u00a0\u00bb de la nouvelle loi sur la protection des donn\u00e9es et de la vie priv\u00e9e"},"content":{"rendered":"\n<p>La nouvelle loi \u00e9tablie par le d\u00e9cret royal 933\/2021 devrait entrer en vigueur le 2 d\u00e9cembre prochain. Elle oblige les propri\u00e9taires priv\u00e9s, les h\u00f4tels et les campings \u00e0 collecter et \u00e0 communiquer au minist\u00e8re de l&rsquo;int\u00e9rieur les donn\u00e9es sensibles des voyageurs, notamment les m\u00e9thodes de paiement, les transactions financi\u00e8res, les num\u00e9ros de cartes de cr\u00e9dit, les d\u00e9tails des contrats et les coordonn\u00e9es personnelles.  <\/p>\n\n<p>Selon le minist\u00e8re de l&rsquo;Int\u00e9rieur, la loi serait n\u00e9cessaire pour renforcer la s\u00e9curit\u00e9 publique et pr\u00e9venir les activit\u00e9s terroristes et la criminalit\u00e9 organis\u00e9e. Une mesure que les commer\u00e7ants du secteur jugent \u00ab\u00a0impossible\u00a0\u00bb et source de \u00ab\u00a0chaos et de confusion\u00a0\u00bb.   <\/p>\n\n<p>Le porte-parole pour le <strong>tourisme du groupe parlementaire populaire au S\u00e9nat<\/strong> est du m\u00eame avis, <strong><em>Agust\u00edn Almod\u00f3bar<\/em><\/strong>qui a demand\u00e9 au gouvernement de suspendre ind\u00e9finiment l&rsquo;application du d\u00e9cret royal 933\/2021. Selon le leader du Parti Populaire, cette l\u00e9gislation a \u00e9t\u00e9 d\u00e9crite par le secteur comme \u00ab\u00a0disproportionn\u00e9e et impossible \u00e0 respecter\u00a0\u00bb, notamment en raison de son impact sur les travailleurs ind\u00e9pendants et les petites et moyennes entreprises (PME). <\/p>\n\n<p>Selon le s\u00e9nateur, le r\u00e8glement augmente les co\u00fbts op\u00e9rationnels et la complexit\u00e9 de la gestion d&rsquo;un secteur cl\u00e9 de l&rsquo;\u00e9conomie espagnole. Il ajoute :<em>\u00ab\u00a0La loi d\u00e9montre une profonde m\u00e9connaissance du fonctionnement du secteur du tourisme.<\/em><\/p>\n\n<p>Il ajoute que le r\u00e8glement pourrait emp\u00eacher le tourisme espagnol de continuer \u00e0 attirer des touristes internationaux, soulignant :<em>\u00ab\u00a0Il ne sert \u00e0 rien d&rsquo;\u00eatre un pays de l&rsquo;espace Schengen si les fronti\u00e8res sont d\u00e9plac\u00e9es \u00e0 chaque r\u00e9ception d&rsquo;h\u00f4tel<\/em>\u00ab\u00a0.<\/p>\n\n<p>La F\u00e9d\u00e9ration espagnole de camping (FEEC) d\u00e9clare \u00e9galement : \u00ab\u00a0&#8230;<em>Les campings, qui ont toujours coop\u00e9r\u00e9 avec les forces de l&rsquo;ordre, ont eu la surprise de devoir fournir des donn\u00e9es non officielles, qui ne figurent sur aucun document de voyage (carte d&rsquo;identit\u00e9 ou passeport), telles que le mode de paiement, les num\u00e9ros de carte de cr\u00e9dit, le num\u00e9ro de t\u00e9l\u00e9phone portable et l&rsquo;adresse.\nComme la FEEC l&rsquo;a soulign\u00e9 \u00e0 plusieurs reprises au cours des derniers mois, cela rend impossible l&rsquo;envoi automatis\u00e9 de ces donn\u00e9es, les obligeant \u00e0 s&rsquo;enregistrer et \u00e0 les envoyer manuellement, ce qui entra\u00eene une augmentation des erreurs et un travail disproportionn\u00e9 pour ceux qui doivent fournir ces informations <\/em>\u00ab\u00a0.<\/p>\n\n<p><\/p>\n","protected":false},"excerpt":{"rendered":"<p>La nouvelle loi \u00e9tablie par le d\u00e9cret royal 933\/2021 devrait entrer en vigueur le 2 d\u00e9cembre prochain. Elle oblige les propri\u00e9taires priv\u00e9s, les h\u00f4tels et les campings \u00e0 collecter et \u00e0 communiquer au minist\u00e8re de l&rsquo;int\u00e9rieur les donn\u00e9es sensibles des voyageurs, notamment les m\u00e9thodes de paiement, les transactions financi\u00e8res, les num\u00e9ros de cartes de cr\u00e9dit, [&hellip;]<\/p>\n","protected":false},"author":5,"featured_media":171802,"comment_status":"closed","ping_status":"closed","sticky":false,"template":"","format":"standard","meta":{"_acf_changed":false,"_monsterinsights_skip_tracking":false,"_monsterinsights_sitenote_active":false,"_monsterinsights_sitenote_note":"","_monsterinsights_sitenote_category":0,"footnotes":""},"categories":[4024],"tags":[4189,4210,6279,4275,4665,4262],"class_list":["post-171821","post","type-post","status-publish","format-standard","has-post-thumbnail","hentry","category-actualite","tag-camping-fr","tag-camping-fr-2","tag-campings-espagne","tag-espagne","tag-feec-fr","tag-mondo-camping-fr"],"acf":[],"yoast_head":"<!-- This site is optimized with the Yoast SEO plugin v27.5 - https:\/\/yoast.com\/product\/yoast-seo-wordpress\/ -->\n<title>Espagne : le porte-parole du tourisme au S\u00e9nat demande la suspension &quot;sine die&quot; de la nouvelle loi sur la protection des donn\u00e9es et de la vie priv\u00e9e<\/title>\n<meta name=\"robots\" content=\"index, follow, max-snippet:-1, max-image-preview:large, max-video-preview:-1\" \/>\n<link rel=\"canonical\" href=\"https:\/\/www.mondocamping.com\/fr\/espagne-le-porte-parole-du-tourisme-au-senat-demande-la-suspension-sine-die-de-la-nouvelle-loi-sur-la-protection-des-donnees-et-de-la-vie-privee\/\" \/>\n<meta property=\"og:locale\" content=\"fr_FR\" \/>\n<meta property=\"og:type\" content=\"article\" \/>\n<meta property=\"og:title\" content=\"Espagne : le porte-parole du tourisme au S\u00e9nat demande la suspension &quot;sine die&quot; de la nouvelle loi sur la protection des donn\u00e9es et de la vie priv\u00e9e\" \/>\n<meta property=\"og:description\" content=\"La nouvelle loi \u00e9tablie par le d\u00e9cret royal 933\/2021 devrait entrer en vigueur le 2 d\u00e9cembre prochain. Elle oblige les propri\u00e9taires priv\u00e9s, les h\u00f4tels et les campings \u00e0 collecter et \u00e0 communiquer au minist\u00e8re de l&rsquo;int\u00e9rieur les donn\u00e9es sensibles des voyageurs, notamment les m\u00e9thodes de paiement, les transactions financi\u00e8res, les num\u00e9ros de cartes de cr\u00e9dit, [&hellip;]\" \/>\n<meta property=\"og:url\" content=\"https:\/\/www.mondocamping.com\/fr\/espagne-le-porte-parole-du-tourisme-au-senat-demande-la-suspension-sine-die-de-la-nouvelle-loi-sur-la-protection-des-donnees-et-de-la-vie-privee\/\" \/>\n<meta property=\"og:site_name\" content=\"Mondo Camping\" \/>\n<meta property=\"article:publisher\" content=\"https:\/\/www.facebook.com\/mondobalneare\" \/>\n<meta property=\"article:author\" content=\"https:\/\/www.facebook.com\/mondocamping\" \/>\n<meta property=\"article:published_time\" content=\"2024-11-28T10:26:20+00:00\" \/>\n<meta property=\"article:modified_time\" content=\"2024-11-28T10:26:21+00:00\" \/>\n<meta property=\"og:image\" content=\"https:\/\/www.mondocamping.com\/wp-content\/uploads\/2024\/11\/Agustin-Almodobar-portavoz-de-turismo-del-PP-en-el-Senado-2.jpg\" \/>\n\t<meta property=\"og:image:width\" content=\"1200\" \/>\n\t<meta property=\"og:image:height\" content=\"628\" \/>\n\t<meta property=\"og:image:type\" content=\"image\/jpeg\" \/>\n<meta name=\"author\" content=\"Mondo Camping\" \/>\n<meta name=\"twitter:card\" content=\"summary_large_image\" \/>\n<meta name=\"twitter:creator\" content=\"@mondobalneare\" \/>\n<meta name=\"twitter:site\" content=\"@mondobalneare\" \/>\n<meta name=\"twitter:label1\" content=\"\u00c9crit par\" \/>\n\t<meta name=\"twitter:data1\" content=\"Mondo Camping\" \/>\n\t<meta name=\"twitter:label2\" content=\"Dur\u00e9e de lecture estim\u00e9e\" \/>\n\t<meta name=\"twitter:data2\" content=\"2 minutes\" \/>\n<script type=\"application\/ld+json\" class=\"yoast-schema-graph\">{\"@context\":\"https:\\\/\\\/schema.org\",\"@graph\":[{\"@type\":\"Article\",\"@id\":\"https:\\\/\\\/www.mondocamping.com\\\/fr\\\/espagne-le-porte-parole-du-tourisme-au-senat-demande-la-suspension-sine-die-de-la-nouvelle-loi-sur-la-protection-des-donnees-et-de-la-vie-privee\\\/#article\",\"isPartOf\":{\"@id\":\"https:\\\/\\\/www.mondocamping.com\\\/fr\\\/espagne-le-porte-parole-du-tourisme-au-senat-demande-la-suspension-sine-die-de-la-nouvelle-loi-sur-la-protection-des-donnees-et-de-la-vie-privee\\\/\"},\"author\":{\"name\":\"Mondo Camping\",\"@id\":\"https:\\\/\\\/www.mondocamping.com\\\/#\\\/schema\\\/person\\\/01a031b8c5ef08c2204bb0e696f0a760\"},\"headline\":\"Espagne : le porte-parole du tourisme au S\u00e9nat demande la suspension \u00ab\u00a0sine die\u00a0\u00bb de la nouvelle loi sur la protection des donn\u00e9es et de la vie priv\u00e9e\",\"datePublished\":\"2024-11-28T10:26:20+00:00\",\"dateModified\":\"2024-11-28T10:26:21+00:00\",\"mainEntityOfPage\":{\"@id\":\"https:\\\/\\\/www.mondocamping.com\\\/fr\\\/espagne-le-porte-parole-du-tourisme-au-senat-demande-la-suspension-sine-die-de-la-nouvelle-loi-sur-la-protection-des-donnees-et-de-la-vie-privee\\\/\"},\"wordCount\":439,\"publisher\":{\"@id\":\"https:\\\/\\\/www.mondocamping.com\\\/#organization\"},\"image\":{\"@id\":\"https:\\\/\\\/www.mondocamping.com\\\/fr\\\/espagne-le-porte-parole-du-tourisme-au-senat-demande-la-suspension-sine-die-de-la-nouvelle-loi-sur-la-protection-des-donnees-et-de-la-vie-privee\\\/#primaryimage\"},\"thumbnailUrl\":\"https:\\\/\\\/www.mondocamping.com\\\/wp-content\\\/uploads\\\/2024\\\/11\\\/Agustin-Almodobar-portavoz-de-turismo-del-PP-en-el-Senado-2.jpg\",\"keywords\":[\"camping\",\"camping\",\"campings Espagne\",\"Espagne\",\"FEEC\",\"Mondo Camping\"],\"articleSection\":[\"Actualit\u00e9\"],\"inLanguage\":\"fr-FR\"},{\"@type\":\"WebPage\",\"@id\":\"https:\\\/\\\/www.mondocamping.com\\\/fr\\\/espagne-le-porte-parole-du-tourisme-au-senat-demande-la-suspension-sine-die-de-la-nouvelle-loi-sur-la-protection-des-donnees-et-de-la-vie-privee\\\/\",\"url\":\"https:\\\/\\\/www.mondocamping.com\\\/fr\\\/espagne-le-porte-parole-du-tourisme-au-senat-demande-la-suspension-sine-die-de-la-nouvelle-loi-sur-la-protection-des-donnees-et-de-la-vie-privee\\\/\",\"name\":\"Espagne : le porte-parole du tourisme au S\u00e9nat demande la suspension \\\"sine die\\\" de la nouvelle loi sur la protection des donn\u00e9es et de la vie priv\u00e9e\",\"isPartOf\":{\"@id\":\"https:\\\/\\\/www.mondocamping.com\\\/#website\"},\"primaryImageOfPage\":{\"@id\":\"https:\\\/\\\/www.mondocamping.com\\\/fr\\\/espagne-le-porte-parole-du-tourisme-au-senat-demande-la-suspension-sine-die-de-la-nouvelle-loi-sur-la-protection-des-donnees-et-de-la-vie-privee\\\/#primaryimage\"},\"image\":{\"@id\":\"https:\\\/\\\/www.mondocamping.com\\\/fr\\\/espagne-le-porte-parole-du-tourisme-au-senat-demande-la-suspension-sine-die-de-la-nouvelle-loi-sur-la-protection-des-donnees-et-de-la-vie-privee\\\/#primaryimage\"},\"thumbnailUrl\":\"https:\\\/\\\/www.mondocamping.com\\\/wp-content\\\/uploads\\\/2024\\\/11\\\/Agustin-Almodobar-portavoz-de-turismo-del-PP-en-el-Senado-2.jpg\",\"datePublished\":\"2024-11-28T10:26:20+00:00\",\"dateModified\":\"2024-11-28T10:26:21+00:00\",\"breadcrumb\":{\"@id\":\"https:\\\/\\\/www.mondocamping.com\\\/fr\\\/espagne-le-porte-parole-du-tourisme-au-senat-demande-la-suspension-sine-die-de-la-nouvelle-loi-sur-la-protection-des-donnees-et-de-la-vie-privee\\\/#breadcrumb\"},\"inLanguage\":\"fr-FR\",\"potentialAction\":[{\"@type\":\"ReadAction\",\"target\":[\"https:\\\/\\\/www.mondocamping.com\\\/fr\\\/espagne-le-porte-parole-du-tourisme-au-senat-demande-la-suspension-sine-die-de-la-nouvelle-loi-sur-la-protection-des-donnees-et-de-la-vie-privee\\\/\"]}]},{\"@type\":\"ImageObject\",\"inLanguage\":\"fr-FR\",\"@id\":\"https:\\\/\\\/www.mondocamping.com\\\/fr\\\/espagne-le-porte-parole-du-tourisme-au-senat-demande-la-suspension-sine-die-de-la-nouvelle-loi-sur-la-protection-des-donnees-et-de-la-vie-privee\\\/#primaryimage\",\"url\":\"https:\\\/\\\/www.mondocamping.com\\\/wp-content\\\/uploads\\\/2024\\\/11\\\/Agustin-Almodobar-portavoz-de-turismo-del-PP-en-el-Senado-2.jpg\",\"contentUrl\":\"https:\\\/\\\/www.mondocamping.com\\\/wp-content\\\/uploads\\\/2024\\\/11\\\/Agustin-Almodobar-portavoz-de-turismo-del-PP-en-el-Senado-2.jpg\",\"width\":1200,\"height\":628},{\"@type\":\"BreadcrumbList\",\"@id\":\"https:\\\/\\\/www.mondocamping.com\\\/fr\\\/espagne-le-porte-parole-du-tourisme-au-senat-demande-la-suspension-sine-die-de-la-nouvelle-loi-sur-la-protection-des-donnees-et-de-la-vie-privee\\\/#breadcrumb\",\"itemListElement\":[{\"@type\":\"ListItem\",\"position\":1,\"name\":\"Home\",\"item\":\"https:\\\/\\\/www.mondocamping.com\\\/fr\\\/\"},{\"@type\":\"ListItem\",\"position\":2,\"name\":\"Espagne : le porte-parole du tourisme au S\u00e9nat demande la suspension \u00ab\u00a0sine die\u00a0\u00bb de la nouvelle loi sur la protection des donn\u00e9es et de la vie priv\u00e9e\"}]},{\"@type\":\"WebSite\",\"@id\":\"https:\\\/\\\/www.mondocamping.com\\\/#website\",\"url\":\"https:\\\/\\\/www.mondocamping.com\\\/\",\"name\":\"Mondo Camping\",\"description\":\"Le portail d\u00e9di\u00e9 aux gestionnaires de campings et villages touristiques\",\"publisher\":{\"@id\":\"https:\\\/\\\/www.mondocamping.com\\\/#organization\"},\"potentialAction\":[{\"@type\":\"SearchAction\",\"target\":{\"@type\":\"EntryPoint\",\"urlTemplate\":\"https:\\\/\\\/www.mondocamping.com\\\/?s={search_term_string}\"},\"query-input\":{\"@type\":\"PropertyValueSpecification\",\"valueRequired\":true,\"valueName\":\"search_term_string\"}}],\"inLanguage\":\"fr-FR\"},{\"@type\":\"Organization\",\"@id\":\"https:\\\/\\\/www.mondocamping.com\\\/#organization\",\"name\":\"Mondo Camping\",\"url\":\"https:\\\/\\\/www.mondocamping.com\\\/\",\"logo\":{\"@type\":\"ImageObject\",\"inLanguage\":\"fr-FR\",\"@id\":\"https:\\\/\\\/www.mondocamping.com\\\/#\\\/schema\\\/logo\\\/image\\\/\",\"url\":\"https:\\\/\\\/www.mondocamping.com\\\/wp-content\\\/uploads\\\/2022\\\/04\\\/mondo-camping-logo-contornato-1.png\",\"contentUrl\":\"https:\\\/\\\/www.mondocamping.com\\\/wp-content\\\/uploads\\\/2022\\\/04\\\/mondo-camping-logo-contornato-1.png\",\"width\":280,\"height\":90,\"caption\":\"Mondo Camping\"},\"image\":{\"@id\":\"https:\\\/\\\/www.mondocamping.com\\\/#\\\/schema\\\/logo\\\/image\\\/\"},\"sameAs\":[\"https:\\\/\\\/www.facebook.com\\\/mondobalneare\",\"https:\\\/\\\/x.com\\\/mondobalneare\",\"https:\\\/\\\/www.instagram.com\\\/mondobalneare\\\/\",\"https:\\\/\\\/www.linkedin.com\\\/company\\\/67180810\\\/\",\"https:\\\/\\\/www.youtube.com\\\/user\\\/mondobalnearevideo\"]},{\"@type\":\"Person\",\"@id\":\"https:\\\/\\\/www.mondocamping.com\\\/#\\\/schema\\\/person\\\/01a031b8c5ef08c2204bb0e696f0a760\",\"name\":\"Mondo Camping\",\"image\":{\"@type\":\"ImageObject\",\"inLanguage\":\"fr-FR\",\"@id\":\"https:\\\/\\\/www.mondocamping.com\\\/wp-content\\\/uploads\\\/2022\\\/05\\\/cropped-icona-MONDO-CAMPING-150x150.png\",\"url\":\"https:\\\/\\\/www.mondocamping.com\\\/wp-content\\\/uploads\\\/2022\\\/05\\\/cropped-icona-MONDO-CAMPING-150x150.png\",\"contentUrl\":\"https:\\\/\\\/www.mondocamping.com\\\/wp-content\\\/uploads\\\/2022\\\/05\\\/cropped-icona-MONDO-CAMPING-150x150.png\",\"caption\":\"Mondo Camping\"},\"sameAs\":[\"https:\\\/\\\/www.mondocamping.com\\\/\",\"https:\\\/\\\/www.facebook.com\\\/mondocamping\"]}]}<\/script>\n<!-- \/ Yoast SEO plugin. -->","yoast_head_json":{"title":"Espagne : le porte-parole du tourisme au S\u00e9nat demande la suspension \"sine die\" de la nouvelle loi sur la protection des donn\u00e9es et de la vie priv\u00e9e","robots":{"index":"index","follow":"follow","max-snippet":"max-snippet:-1","max-image-preview":"max-image-preview:large","max-video-preview":"max-video-preview:-1"},"canonical":"https:\/\/www.mondocamping.com\/fr\/espagne-le-porte-parole-du-tourisme-au-senat-demande-la-suspension-sine-die-de-la-nouvelle-loi-sur-la-protection-des-donnees-et-de-la-vie-privee\/","og_locale":"fr_FR","og_type":"article","og_title":"Espagne : le porte-parole du tourisme au S\u00e9nat demande la suspension \"sine die\" de la nouvelle loi sur la protection des donn\u00e9es et de la vie priv\u00e9e","og_description":"La nouvelle loi \u00e9tablie par le d\u00e9cret royal 933\/2021 devrait entrer en vigueur le 2 d\u00e9cembre prochain. Elle oblige les propri\u00e9taires priv\u00e9s, les h\u00f4tels et les campings \u00e0 collecter et \u00e0 communiquer au minist\u00e8re de l&rsquo;int\u00e9rieur les donn\u00e9es sensibles des voyageurs, notamment les m\u00e9thodes de paiement, les transactions financi\u00e8res, les num\u00e9ros de cartes de cr\u00e9dit, [&hellip;]","og_url":"https:\/\/www.mondocamping.com\/fr\/espagne-le-porte-parole-du-tourisme-au-senat-demande-la-suspension-sine-die-de-la-nouvelle-loi-sur-la-protection-des-donnees-et-de-la-vie-privee\/","og_site_name":"Mondo Camping","article_publisher":"https:\/\/www.facebook.com\/mondobalneare","article_author":"https:\/\/www.facebook.com\/mondocamping","article_published_time":"2024-11-28T10:26:20+00:00","article_modified_time":"2024-11-28T10:26:21+00:00","og_image":[{"width":1200,"height":628,"url":"https:\/\/www.mondocamping.com\/wp-content\/uploads\/2024\/11\/Agustin-Almodobar-portavoz-de-turismo-del-PP-en-el-Senado-2.jpg","type":"image\/jpeg"}],"author":"Mondo Camping","twitter_card":"summary_large_image","twitter_creator":"@mondobalneare","twitter_site":"@mondobalneare","twitter_misc":{"\u00c9crit par":"Mondo Camping","Dur\u00e9e de lecture estim\u00e9e":"2 minutes"},"schema":{"@context":"https:\/\/schema.org","@graph":[{"@type":"Article","@id":"https:\/\/www.mondocamping.com\/fr\/espagne-le-porte-parole-du-tourisme-au-senat-demande-la-suspension-sine-die-de-la-nouvelle-loi-sur-la-protection-des-donnees-et-de-la-vie-privee\/#article","isPartOf":{"@id":"https:\/\/www.mondocamping.com\/fr\/espagne-le-porte-parole-du-tourisme-au-senat-demande-la-suspension-sine-die-de-la-nouvelle-loi-sur-la-protection-des-donnees-et-de-la-vie-privee\/"},"author":{"name":"Mondo Camping","@id":"https:\/\/www.mondocamping.com\/#\/schema\/person\/01a031b8c5ef08c2204bb0e696f0a760"},"headline":"Espagne : le porte-parole du tourisme au S\u00e9nat demande la suspension \u00ab\u00a0sine die\u00a0\u00bb de la nouvelle loi sur la protection des donn\u00e9es et de la vie priv\u00e9e","datePublished":"2024-11-28T10:26:20+00:00","dateModified":"2024-11-28T10:26:21+00:00","mainEntityOfPage":{"@id":"https:\/\/www.mondocamping.com\/fr\/espagne-le-porte-parole-du-tourisme-au-senat-demande-la-suspension-sine-die-de-la-nouvelle-loi-sur-la-protection-des-donnees-et-de-la-vie-privee\/"},"wordCount":439,"publisher":{"@id":"https:\/\/www.mondocamping.com\/#organization"},"image":{"@id":"https:\/\/www.mondocamping.com\/fr\/espagne-le-porte-parole-du-tourisme-au-senat-demande-la-suspension-sine-die-de-la-nouvelle-loi-sur-la-protection-des-donnees-et-de-la-vie-privee\/#primaryimage"},"thumbnailUrl":"https:\/\/www.mondocamping.com\/wp-content\/uploads\/2024\/11\/Agustin-Almodobar-portavoz-de-turismo-del-PP-en-el-Senado-2.jpg","keywords":["camping","camping","campings Espagne","Espagne","FEEC","Mondo Camping"],"articleSection":["Actualit\u00e9"],"inLanguage":"fr-FR"},{"@type":"WebPage","@id":"https:\/\/www.mondocamping.com\/fr\/espagne-le-porte-parole-du-tourisme-au-senat-demande-la-suspension-sine-die-de-la-nouvelle-loi-sur-la-protection-des-donnees-et-de-la-vie-privee\/","url":"https:\/\/www.mondocamping.com\/fr\/espagne-le-porte-parole-du-tourisme-au-senat-demande-la-suspension-sine-die-de-la-nouvelle-loi-sur-la-protection-des-donnees-et-de-la-vie-privee\/","name":"Espagne : le porte-parole du tourisme au S\u00e9nat demande la suspension \"sine die\" de la nouvelle loi sur la protection des donn\u00e9es et de la vie priv\u00e9e","isPartOf":{"@id":"https:\/\/www.mondocamping.com\/#website"},"primaryImageOfPage":{"@id":"https:\/\/www.mondocamping.com\/fr\/espagne-le-porte-parole-du-tourisme-au-senat-demande-la-suspension-sine-die-de-la-nouvelle-loi-sur-la-protection-des-donnees-et-de-la-vie-privee\/#primaryimage"},"image":{"@id":"https:\/\/www.mondocamping.com\/fr\/espagne-le-porte-parole-du-tourisme-au-senat-demande-la-suspension-sine-die-de-la-nouvelle-loi-sur-la-protection-des-donnees-et-de-la-vie-privee\/#primaryimage"},"thumbnailUrl":"https:\/\/www.mondocamping.com\/wp-content\/uploads\/2024\/11\/Agustin-Almodobar-portavoz-de-turismo-del-PP-en-el-Senado-2.jpg","datePublished":"2024-11-28T10:26:20+00:00","dateModified":"2024-11-28T10:26:21+00:00","breadcrumb":{"@id":"https:\/\/www.mondocamping.com\/fr\/espagne-le-porte-parole-du-tourisme-au-senat-demande-la-suspension-sine-die-de-la-nouvelle-loi-sur-la-protection-des-donnees-et-de-la-vie-privee\/#breadcrumb"},"inLanguage":"fr-FR","potentialAction":[{"@type":"ReadAction","target":["https:\/\/www.mondocamping.com\/fr\/espagne-le-porte-parole-du-tourisme-au-senat-demande-la-suspension-sine-die-de-la-nouvelle-loi-sur-la-protection-des-donnees-et-de-la-vie-privee\/"]}]},{"@type":"ImageObject","inLanguage":"fr-FR","@id":"https:\/\/www.mondocamping.com\/fr\/espagne-le-porte-parole-du-tourisme-au-senat-demande-la-suspension-sine-die-de-la-nouvelle-loi-sur-la-protection-des-donnees-et-de-la-vie-privee\/#primaryimage","url":"https:\/\/www.mondocamping.com\/wp-content\/uploads\/2024\/11\/Agustin-Almodobar-portavoz-de-turismo-del-PP-en-el-Senado-2.jpg","contentUrl":"https:\/\/www.mondocamping.com\/wp-content\/uploads\/2024\/11\/Agustin-Almodobar-portavoz-de-turismo-del-PP-en-el-Senado-2.jpg","width":1200,"height":628},{"@type":"BreadcrumbList","@id":"https:\/\/www.mondocamping.com\/fr\/espagne-le-porte-parole-du-tourisme-au-senat-demande-la-suspension-sine-die-de-la-nouvelle-loi-sur-la-protection-des-donnees-et-de-la-vie-privee\/#breadcrumb","itemListElement":[{"@type":"ListItem","position":1,"name":"Home","item":"https:\/\/www.mondocamping.com\/fr\/"},{"@type":"ListItem","position":2,"name":"Espagne : le porte-parole du tourisme au S\u00e9nat demande la suspension \u00ab\u00a0sine die\u00a0\u00bb de la nouvelle loi sur la protection des donn\u00e9es et de la vie priv\u00e9e"}]},{"@type":"WebSite","@id":"https:\/\/www.mondocamping.com\/#website","url":"https:\/\/www.mondocamping.com\/","name":"Mondo Camping","description":"Le portail d\u00e9di\u00e9 aux gestionnaires de campings et villages touristiques","publisher":{"@id":"https:\/\/www.mondocamping.com\/#organization"},"potentialAction":[{"@type":"SearchAction","target":{"@type":"EntryPoint","urlTemplate":"https:\/\/www.mondocamping.com\/?s={search_term_string}"},"query-input":{"@type":"PropertyValueSpecification","valueRequired":true,"valueName":"search_term_string"}}],"inLanguage":"fr-FR"},{"@type":"Organization","@id":"https:\/\/www.mondocamping.com\/#organization","name":"Mondo Camping","url":"https:\/\/www.mondocamping.com\/","logo":{"@type":"ImageObject","inLanguage":"fr-FR","@id":"https:\/\/www.mondocamping.com\/#\/schema\/logo\/image\/","url":"https:\/\/www.mondocamping.com\/wp-content\/uploads\/2022\/04\/mondo-camping-logo-contornato-1.png","contentUrl":"https:\/\/www.mondocamping.com\/wp-content\/uploads\/2022\/04\/mondo-camping-logo-contornato-1.png","width":280,"height":90,"caption":"Mondo Camping"},"image":{"@id":"https:\/\/www.mondocamping.com\/#\/schema\/logo\/image\/"},"sameAs":["https:\/\/www.facebook.com\/mondobalneare","https:\/\/x.com\/mondobalneare","https:\/\/www.instagram.com\/mondobalneare\/","https:\/\/www.linkedin.com\/company\/67180810\/","https:\/\/www.youtube.com\/user\/mondobalnearevideo"]},{"@type":"Person","@id":"https:\/\/www.mondocamping.com\/#\/schema\/person\/01a031b8c5ef08c2204bb0e696f0a760","name":"Mondo Camping","image":{"@type":"ImageObject","inLanguage":"fr-FR","@id":"https:\/\/www.mondocamping.com\/wp-content\/uploads\/2022\/05\/cropped-icona-MONDO-CAMPING-150x150.png","url":"https:\/\/www.mondocamping.com\/wp-content\/uploads\/2022\/05\/cropped-icona-MONDO-CAMPING-150x150.png","contentUrl":"https:\/\/www.mondocamping.com\/wp-content\/uploads\/2022\/05\/cropped-icona-MONDO-CAMPING-150x150.png","caption":"Mondo Camping"},"sameAs":["https:\/\/www.mondocamping.com\/","https:\/\/www.facebook.com\/mondocamping"]}]}},"_links":{"self":[{"href":"https:\/\/www.mondocamping.com\/fr\/wp-json\/wp\/v2\/posts\/171821","targetHints":{"allow":["GET"]}}],"collection":[{"href":"https:\/\/www.mondocamping.com\/fr\/wp-json\/wp\/v2\/posts"}],"about":[{"href":"https:\/\/www.mondocamping.com\/fr\/wp-json\/wp\/v2\/types\/post"}],"author":[{"embeddable":true,"href":"https:\/\/www.mondocamping.com\/fr\/wp-json\/wp\/v2\/users\/5"}],"replies":[{"embeddable":true,"href":"https:\/\/www.mondocamping.com\/fr\/wp-json\/wp\/v2\/comments?post=171821"}],"version-history":[{"count":1,"href":"https:\/\/www.mondocamping.com\/fr\/wp-json\/wp\/v2\/posts\/171821\/revisions"}],"predecessor-version":[{"id":171822,"href":"https:\/\/www.mondocamping.com\/fr\/wp-json\/wp\/v2\/posts\/171821\/revisions\/171822"}],"wp:featuredmedia":[{"embeddable":true,"href":"https:\/\/www.mondocamping.com\/fr\/wp-json\/wp\/v2\/media\/171802"}],"wp:attachment":[{"href":"https:\/\/www.mondocamping.com\/fr\/wp-json\/wp\/v2\/media?parent=171821"}],"wp:term":[{"taxonomy":"category","embeddable":true,"href":"https:\/\/www.mondocamping.com\/fr\/wp-json\/wp\/v2\/categories?post=171821"},{"taxonomy":"post_tag","embeddable":true,"href":"https:\/\/www.mondocamping.com\/fr\/wp-json\/wp\/v2\/tags?post=171821"}],"curies":[{"name":"wp","href":"https:\/\/api.w.org\/{rel}","templated":true}]}}