{"id":171959,"date":"2024-12-05T17:51:33","date_gmt":"2024-12-05T16:51:33","guid":{"rendered":"https:\/\/www.mondocamping.com\/marches-de-noel-dans-les-langhe\/"},"modified":"2024-12-05T17:51:36","modified_gmt":"2024-12-05T16:51:36","slug":"marches-de-noel-dans-les-langhe","status":"publish","type":"post","link":"https:\/\/www.mondocamping.com\/fr\/marches-de-noel-dans-les-langhe\/","title":{"rendered":"March\u00e9s de No\u00ebl dans les Langhe"},"content":{"rendered":"\n<p>Cette semaine encore, Europa in camping vous emm\u00e8ne en Italie, \u00e0 la d\u00e9couverte d&rsquo;un lieu enchanteur du Pi\u00e9mont, id\u00e9al pour vivre toute la magie de No\u00ebl. Nous nous rendons dans <strong>les Langhe<\/strong>, une r\u00e9gion situ\u00e9e entre les provinces de Cuneo et d&rsquo;Asti, entre les rivi\u00e8res Belbo, Tanaro et Bormida.   <\/p>\n\n<p>Une terre au fier pass\u00e9 paysan, po\u00e9tiquement racont\u00e9e par Cesare Pavese, aim\u00e9e de tous les amateurs de bonne ch\u00e8re et de bon vin. Les vignobles des Langhe ont \u00e9t\u00e9 inscrits au patrimoine mondial de l&rsquo;Unesco et leur production n&rsquo;a plus besoin d&rsquo;\u00eatre pr\u00e9sent\u00e9e : <strong>Docetto, Nebbiolo, Barbera, Barbaresco et Barolo sont des vins mondialement connus.<\/strong> Les Langhe sont \u00e9galement r\u00e9put\u00e9es pour leurs<strong>truffes<\/strong>, pr\u00e9cieux tubercules qui enrichissent les recettes de la gastronomie locale \u00e0 partir de l&rsquo;automne.    <\/p>\n\n<p>De la <strong>Basse Zone d&rsquo;Alba<\/strong>, o\u00f9 les paysages idylliques des collines ne d\u00e9passent pas 600 m\u00e8tres d&rsquo;altitude, dessin\u00e9s par les vignobles et parsem\u00e9s de beaux ch\u00e2teaux, \u00e0 l&rsquo;<strong>Alta Langa<\/strong>, \u00e0 la fronti\u00e8re de la Ligurie, envelopp\u00e9e d&rsquo;\u00e9paisses for\u00eats qui atteignent 800 m\u00e8tres, en passant par la <strong>Langa Astigiana<\/strong> qui s&rsquo;\u00e9tend au sud de la ville d&rsquo;Asti, entre Canelli et la rivi\u00e8re Bormida. Les Langhe sont une destination tr\u00e8s pris\u00e9e toute l&rsquo;ann\u00e9e, <strong>id\u00e9ale pour les excursions en camping-car<\/strong>, mais c&rsquo;est pendant la p\u00e9riode de No\u00ebl qu&rsquo;elles r\u00e9v\u00e8lent une atmosph\u00e8re encore plus magique.   <\/p>\n\n<p>Vous y trouverez les <strong>march\u00e9s de No\u00ebl les plus c\u00e9l\u00e8bres de tout le Pi\u00e9mont<\/strong>, mais surtout l&rsquo;\u00e9v\u00e9nement le plus attendu : le <a href=\"https:\/\/www.magicopaesedinatale.com\/\"><strong>Village magique de No\u00ebl<\/strong><\/a>un \u00e9v\u00e9nement qui se d\u00e9roule dans toute la r\u00e9gion des Langhe, du Roero et du Monferrato. Une tradition tr\u00e8s appr\u00e9ci\u00e9e par les habitants et suivie \u00e0 l&rsquo;\u00e9tranger, \u00e0 tel point que <strong>le march\u00e9 de No\u00ebl d&rsquo;Asti a \u00e9t\u00e9 inclus dans les 10 march\u00e9s de No\u00ebl les plus importants d&rsquo;Europe par le portail European Best Destinations, le seul en Italie. <\/strong>  <\/p>\n\n<h2 class=\"wp-block-heading\">Les march\u00e9s de No\u00ebl d&rsquo;Asti  <\/h2>\n\n<p>Tout le monde ne sait pas qu&rsquo;<strong>Asti abrite l&rsquo;un des plus grands march\u00e9s de No\u00ebl d&rsquo;Italie<\/strong>: 130 petites maisons en bois avec beaucoup d&rsquo;artisanat local et des centaines d&rsquo;\u00e9tals r\u00e9partis dans le centre historique, o\u00f9 vous pourrez d\u00e9guster des produits locaux typiques, mais aussi de nombreux d\u00e9lices des r\u00e9gions italiennes. Plongez dans l&rsquo;esprit le plus authentique des f\u00eates de fin d&rsquo;ann\u00e9e et red\u00e9couvrez les plus belles et les plus d\u00e9licieuses traditions du Bel Paese. <\/p>\n\n<p>La ville devient la \u00ab\u00a0maison de No\u00ebl\u00a0\u00bb pour tous, et pour l&rsquo;occasion, les services ne manqueront pas pour rendre l&rsquo;exp\u00e9rience unique et confortable, sans l&rsquo;agitation : vous pouvez profiter de la navette gratuite qui relie le parking de la place Cosma Manera \u00e0 la zone de l&rsquo;\u00e9v\u00e9nement. Les d\u00e9parts ont lieu toutes les 20 minutes de 10 heures \u00e0 20 heures.   <\/p>\n\n<p><strong>Les march\u00e9s se d\u00e9rouleront jusqu&rsquo;au 22 d\u00e9cembre<\/strong>, de 10 heures \u00e0 20 heures, dans le cadre enchanteur de la Piazza Alfieri. L&rsquo;entr\u00e9e et le service de navette sont gratuits.   <\/p>\n\n<h2 class=\"wp-block-heading\">Un arr\u00eat \u00e0 Govone<\/h2>\n\n<p><strong>Govone<\/strong>, au c\u0153ur du Roero, attend toute la magie de No\u00ebl, une exp\u00e9rience merveilleuse pour tous, en particulier pour les familles avec enfants. Le village se transforme en v\u00e9ritable village enchant\u00e9 : les rues du centre et le parc du majestueux ch\u00e2teau de Savoie <strong>deviennent la cour du P\u00e8re No\u00ebl<\/strong>, avec de nombreuses animations et spectacles d\u00e9di\u00e9s. Une halte est \u00e9galement pr\u00e9vue sur la place centrale o\u00f9 sont install\u00e9es une vingtaine de maisonnettes du <strong>march\u00e9 des lutins<\/strong>. Un march\u00e9 th\u00e9matique id\u00e9al pour faire ses achats de No\u00ebl.     <\/p>\n\n<p>Amusement garanti pour les petits et rendez-vous avec la culture pour les grands : ne manquez pas la visite exclusive du <strong>ch\u00e2teau royal de Govone<\/strong> pour admirer les salles de la r\u00e9sidence class\u00e9e au patrimoine de l&rsquo;UNESCO, qui, pour l&rsquo;\u00e9dition 2024, s&rsquo;habille pour d\u00e9crire le v\u00e9ritable \u00a0\u00bb esprit de No\u00ebl \u00a0\u00bb d&rsquo;une toute nouvelle mani\u00e8re, en devenant <strong>\u00a0\u00bb Le ch\u00e2teau du Pays de la magie de No\u00ebl \u00ab\u00a0.<\/strong><strong> <\/strong><\/p>\n\n<p><\/p>\n","protected":false},"excerpt":{"rendered":"<p>Cette semaine encore, Europa in camping vous emm\u00e8ne en Italie, \u00e0 la d\u00e9couverte d&rsquo;un lieu enchanteur du Pi\u00e9mont, id\u00e9al pour vivre toute la magie de No\u00ebl. Nous nous rendons dans les Langhe, une r\u00e9gion situ\u00e9e entre les provinces de Cuneo et d&rsquo;Asti, entre les rivi\u00e8res Belbo, Tanaro et Bormida. Une terre au fier pass\u00e9 paysan, [&hellip;]<\/p>\n","protected":false},"author":5,"featured_media":171947,"comment_status":"closed","ping_status":"closed","sticky":false,"template":"","format":"standard","meta":{"_acf_changed":false,"_monsterinsights_skip_tracking":false,"_monsterinsights_sitenote_active":false,"_monsterinsights_sitenote_note":"","_monsterinsights_sitenote_category":0,"footnotes":""},"categories":[6215],"tags":[6605,4212,6622,4079,6650],"class_list":["post-171959","post","type-post","status-publish","format-standard","has-post-thumbnail","hentry","category-leurope-en-camping","tag-camping-car","tag-italie","tag-marches-de-noel","tag-tourisme-de-plein-air","tag-traditions"],"acf":[],"yoast_head":"<!-- This site is optimized with the Yoast SEO plugin v27.5 - https:\/\/yoast.com\/product\/yoast-seo-wordpress\/ -->\n<title>March\u00e9s de No\u00ebl dans les Langhe<\/title>\n<meta name=\"robots\" content=\"index, follow, max-snippet:-1, max-image-preview:large, max-video-preview:-1\" \/>\n<link rel=\"canonical\" href=\"https:\/\/www.mondocamping.com\/fr\/marches-de-noel-dans-les-langhe\/\" \/>\n<meta property=\"og:locale\" content=\"fr_FR\" \/>\n<meta property=\"og:type\" content=\"article\" \/>\n<meta property=\"og:title\" content=\"March\u00e9s de No\u00ebl dans les Langhe\" \/>\n<meta property=\"og:description\" content=\"Cette semaine encore, Europa in camping vous emm\u00e8ne en Italie, \u00e0 la d\u00e9couverte d&rsquo;un lieu enchanteur du Pi\u00e9mont, id\u00e9al pour vivre toute la magie de No\u00ebl. Nous nous rendons dans les Langhe, une r\u00e9gion situ\u00e9e entre les provinces de Cuneo et d&rsquo;Asti, entre les rivi\u00e8res Belbo, Tanaro et Bormida. Une terre au fier pass\u00e9 paysan, [&hellip;]\" \/>\n<meta property=\"og:url\" content=\"https:\/\/www.mondocamping.com\/fr\/marches-de-noel-dans-les-langhe\/\" \/>\n<meta property=\"og:site_name\" content=\"Mondo Camping\" \/>\n<meta property=\"article:publisher\" content=\"https:\/\/www.facebook.com\/mondobalneare\" \/>\n<meta property=\"article:author\" content=\"https:\/\/www.facebook.com\/mondocamping\" \/>\n<meta property=\"article:published_time\" content=\"2024-12-05T16:51:33+00:00\" \/>\n<meta property=\"article:modified_time\" content=\"2024-12-05T16:51:36+00:00\" \/>\n<meta property=\"og:image\" content=\"https:\/\/www.mondocamping.com\/wp-content\/uploads\/2024\/12\/mercatino-01.jpg-2.png\" \/>\n\t<meta property=\"og:image:width\" content=\"1200\" \/>\n\t<meta property=\"og:image:height\" content=\"628\" \/>\n\t<meta property=\"og:image:type\" content=\"image\/png\" \/>\n<meta name=\"author\" content=\"Mondo Camping\" \/>\n<meta name=\"twitter:card\" content=\"summary_large_image\" \/>\n<meta name=\"twitter:creator\" content=\"@mondobalneare\" \/>\n<meta name=\"twitter:site\" content=\"@mondobalneare\" \/>\n<meta name=\"twitter:label1\" content=\"\u00c9crit par\" \/>\n\t<meta name=\"twitter:data1\" content=\"Mondo Camping\" \/>\n\t<meta name=\"twitter:label2\" content=\"Dur\u00e9e de lecture estim\u00e9e\" \/>\n\t<meta name=\"twitter:data2\" content=\"4 minutes\" \/>\n<script type=\"application\/ld+json\" class=\"yoast-schema-graph\">{\"@context\":\"https:\\\/\\\/schema.org\",\"@graph\":[{\"@type\":\"Article\",\"@id\":\"https:\\\/\\\/www.mondocamping.com\\\/fr\\\/marches-de-noel-dans-les-langhe\\\/#article\",\"isPartOf\":{\"@id\":\"https:\\\/\\\/www.mondocamping.com\\\/fr\\\/marches-de-noel-dans-les-langhe\\\/\"},\"author\":{\"name\":\"Mondo Camping\",\"@id\":\"https:\\\/\\\/www.mondocamping.com\\\/#\\\/schema\\\/person\\\/01a031b8c5ef08c2204bb0e696f0a760\"},\"headline\":\"March\u00e9s de No\u00ebl dans les Langhe\",\"datePublished\":\"2024-12-05T16:51:33+00:00\",\"dateModified\":\"2024-12-05T16:51:36+00:00\",\"mainEntityOfPage\":{\"@id\":\"https:\\\/\\\/www.mondocamping.com\\\/fr\\\/marches-de-noel-dans-les-langhe\\\/\"},\"wordCount\":740,\"publisher\":{\"@id\":\"https:\\\/\\\/www.mondocamping.com\\\/#organization\"},\"image\":{\"@id\":\"https:\\\/\\\/www.mondocamping.com\\\/fr\\\/marches-de-noel-dans-les-langhe\\\/#primaryimage\"},\"thumbnailUrl\":\"https:\\\/\\\/www.mondocamping.com\\\/wp-content\\\/uploads\\\/2024\\\/12\\\/mercatino-01.jpg-2.png\",\"keywords\":[\"camping-car\",\"Italie\",\"March\u00e9s de No\u00ebl\",\"Tourisme de plein air\",\"traditions\"],\"articleSection\":[\"L'Europe en camping\"],\"inLanguage\":\"fr-FR\"},{\"@type\":\"WebPage\",\"@id\":\"https:\\\/\\\/www.mondocamping.com\\\/fr\\\/marches-de-noel-dans-les-langhe\\\/\",\"url\":\"https:\\\/\\\/www.mondocamping.com\\\/fr\\\/marches-de-noel-dans-les-langhe\\\/\",\"name\":\"March\u00e9s de No\u00ebl dans les Langhe\",\"isPartOf\":{\"@id\":\"https:\\\/\\\/www.mondocamping.com\\\/#website\"},\"primaryImageOfPage\":{\"@id\":\"https:\\\/\\\/www.mondocamping.com\\\/fr\\\/marches-de-noel-dans-les-langhe\\\/#primaryimage\"},\"image\":{\"@id\":\"https:\\\/\\\/www.mondocamping.com\\\/fr\\\/marches-de-noel-dans-les-langhe\\\/#primaryimage\"},\"thumbnailUrl\":\"https:\\\/\\\/www.mondocamping.com\\\/wp-content\\\/uploads\\\/2024\\\/12\\\/mercatino-01.jpg-2.png\",\"datePublished\":\"2024-12-05T16:51:33+00:00\",\"dateModified\":\"2024-12-05T16:51:36+00:00\",\"breadcrumb\":{\"@id\":\"https:\\\/\\\/www.mondocamping.com\\\/fr\\\/marches-de-noel-dans-les-langhe\\\/#breadcrumb\"},\"inLanguage\":\"fr-FR\",\"potentialAction\":[{\"@type\":\"ReadAction\",\"target\":[\"https:\\\/\\\/www.mondocamping.com\\\/fr\\\/marches-de-noel-dans-les-langhe\\\/\"]}]},{\"@type\":\"ImageObject\",\"inLanguage\":\"fr-FR\",\"@id\":\"https:\\\/\\\/www.mondocamping.com\\\/fr\\\/marches-de-noel-dans-les-langhe\\\/#primaryimage\",\"url\":\"https:\\\/\\\/www.mondocamping.com\\\/wp-content\\\/uploads\\\/2024\\\/12\\\/mercatino-01.jpg-2.png\",\"contentUrl\":\"https:\\\/\\\/www.mondocamping.com\\\/wp-content\\\/uploads\\\/2024\\\/12\\\/mercatino-01.jpg-2.png\",\"width\":1200,\"height\":628,\"caption\":\"Mercatini Asti, photo credit: magicopaesedinatale.com\"},{\"@type\":\"BreadcrumbList\",\"@id\":\"https:\\\/\\\/www.mondocamping.com\\\/fr\\\/marches-de-noel-dans-les-langhe\\\/#breadcrumb\",\"itemListElement\":[{\"@type\":\"ListItem\",\"position\":1,\"name\":\"Home\",\"item\":\"https:\\\/\\\/www.mondocamping.com\\\/fr\\\/\"},{\"@type\":\"ListItem\",\"position\":2,\"name\":\"March\u00e9s de No\u00ebl dans les Langhe\"}]},{\"@type\":\"WebSite\",\"@id\":\"https:\\\/\\\/www.mondocamping.com\\\/#website\",\"url\":\"https:\\\/\\\/www.mondocamping.com\\\/\",\"name\":\"Mondo Camping\",\"description\":\"Le portail d\u00e9di\u00e9 aux gestionnaires de campings et villages touristiques\",\"publisher\":{\"@id\":\"https:\\\/\\\/www.mondocamping.com\\\/#organization\"},\"potentialAction\":[{\"@type\":\"SearchAction\",\"target\":{\"@type\":\"EntryPoint\",\"urlTemplate\":\"https:\\\/\\\/www.mondocamping.com\\\/?s={search_term_string}\"},\"query-input\":{\"@type\":\"PropertyValueSpecification\",\"valueRequired\":true,\"valueName\":\"search_term_string\"}}],\"inLanguage\":\"fr-FR\"},{\"@type\":\"Organization\",\"@id\":\"https:\\\/\\\/www.mondocamping.com\\\/#organization\",\"name\":\"Mondo Camping\",\"url\":\"https:\\\/\\\/www.mondocamping.com\\\/\",\"logo\":{\"@type\":\"ImageObject\",\"inLanguage\":\"fr-FR\",\"@id\":\"https:\\\/\\\/www.mondocamping.com\\\/#\\\/schema\\\/logo\\\/image\\\/\",\"url\":\"https:\\\/\\\/www.mondocamping.com\\\/wp-content\\\/uploads\\\/2022\\\/04\\\/mondo-camping-logo-contornato-1.png\",\"contentUrl\":\"https:\\\/\\\/www.mondocamping.com\\\/wp-content\\\/uploads\\\/2022\\\/04\\\/mondo-camping-logo-contornato-1.png\",\"width\":280,\"height\":90,\"caption\":\"Mondo Camping\"},\"image\":{\"@id\":\"https:\\\/\\\/www.mondocamping.com\\\/#\\\/schema\\\/logo\\\/image\\\/\"},\"sameAs\":[\"https:\\\/\\\/www.facebook.com\\\/mondobalneare\",\"https:\\\/\\\/x.com\\\/mondobalneare\",\"https:\\\/\\\/www.instagram.com\\\/mondobalneare\\\/\",\"https:\\\/\\\/www.linkedin.com\\\/company\\\/67180810\\\/\",\"https:\\\/\\\/www.youtube.com\\\/user\\\/mondobalnearevideo\"]},{\"@type\":\"Person\",\"@id\":\"https:\\\/\\\/www.mondocamping.com\\\/#\\\/schema\\\/person\\\/01a031b8c5ef08c2204bb0e696f0a760\",\"name\":\"Mondo Camping\",\"image\":{\"@type\":\"ImageObject\",\"inLanguage\":\"fr-FR\",\"@id\":\"https:\\\/\\\/www.mondocamping.com\\\/wp-content\\\/uploads\\\/2022\\\/05\\\/cropped-icona-MONDO-CAMPING-150x150.png\",\"url\":\"https:\\\/\\\/www.mondocamping.com\\\/wp-content\\\/uploads\\\/2022\\\/05\\\/cropped-icona-MONDO-CAMPING-150x150.png\",\"contentUrl\":\"https:\\\/\\\/www.mondocamping.com\\\/wp-content\\\/uploads\\\/2022\\\/05\\\/cropped-icona-MONDO-CAMPING-150x150.png\",\"caption\":\"Mondo Camping\"},\"sameAs\":[\"https:\\\/\\\/www.mondocamping.com\\\/\",\"https:\\\/\\\/www.facebook.com\\\/mondocamping\"]}]}<\/script>\n<!-- \/ Yoast SEO plugin. -->","yoast_head_json":{"title":"March\u00e9s de No\u00ebl dans les Langhe","robots":{"index":"index","follow":"follow","max-snippet":"max-snippet:-1","max-image-preview":"max-image-preview:large","max-video-preview":"max-video-preview:-1"},"canonical":"https:\/\/www.mondocamping.com\/fr\/marches-de-noel-dans-les-langhe\/","og_locale":"fr_FR","og_type":"article","og_title":"March\u00e9s de No\u00ebl dans les Langhe","og_description":"Cette semaine encore, Europa in camping vous emm\u00e8ne en Italie, \u00e0 la d\u00e9couverte d&rsquo;un lieu enchanteur du Pi\u00e9mont, id\u00e9al pour vivre toute la magie de No\u00ebl. Nous nous rendons dans les Langhe, une r\u00e9gion situ\u00e9e entre les provinces de Cuneo et d&rsquo;Asti, entre les rivi\u00e8res Belbo, Tanaro et Bormida. Une terre au fier pass\u00e9 paysan, [&hellip;]","og_url":"https:\/\/www.mondocamping.com\/fr\/marches-de-noel-dans-les-langhe\/","og_site_name":"Mondo Camping","article_publisher":"https:\/\/www.facebook.com\/mondobalneare","article_author":"https:\/\/www.facebook.com\/mondocamping","article_published_time":"2024-12-05T16:51:33+00:00","article_modified_time":"2024-12-05T16:51:36+00:00","og_image":[{"width":1200,"height":628,"url":"https:\/\/www.mondocamping.com\/wp-content\/uploads\/2024\/12\/mercatino-01.jpg-2.png","type":"image\/png"}],"author":"Mondo Camping","twitter_card":"summary_large_image","twitter_creator":"@mondobalneare","twitter_site":"@mondobalneare","twitter_misc":{"\u00c9crit par":"Mondo Camping","Dur\u00e9e de lecture estim\u00e9e":"4 minutes"},"schema":{"@context":"https:\/\/schema.org","@graph":[{"@type":"Article","@id":"https:\/\/www.mondocamping.com\/fr\/marches-de-noel-dans-les-langhe\/#article","isPartOf":{"@id":"https:\/\/www.mondocamping.com\/fr\/marches-de-noel-dans-les-langhe\/"},"author":{"name":"Mondo Camping","@id":"https:\/\/www.mondocamping.com\/#\/schema\/person\/01a031b8c5ef08c2204bb0e696f0a760"},"headline":"March\u00e9s de No\u00ebl dans les Langhe","datePublished":"2024-12-05T16:51:33+00:00","dateModified":"2024-12-05T16:51:36+00:00","mainEntityOfPage":{"@id":"https:\/\/www.mondocamping.com\/fr\/marches-de-noel-dans-les-langhe\/"},"wordCount":740,"publisher":{"@id":"https:\/\/www.mondocamping.com\/#organization"},"image":{"@id":"https:\/\/www.mondocamping.com\/fr\/marches-de-noel-dans-les-langhe\/#primaryimage"},"thumbnailUrl":"https:\/\/www.mondocamping.com\/wp-content\/uploads\/2024\/12\/mercatino-01.jpg-2.png","keywords":["camping-car","Italie","March\u00e9s de No\u00ebl","Tourisme de plein air","traditions"],"articleSection":["L'Europe en camping"],"inLanguage":"fr-FR"},{"@type":"WebPage","@id":"https:\/\/www.mondocamping.com\/fr\/marches-de-noel-dans-les-langhe\/","url":"https:\/\/www.mondocamping.com\/fr\/marches-de-noel-dans-les-langhe\/","name":"March\u00e9s de No\u00ebl dans les Langhe","isPartOf":{"@id":"https:\/\/www.mondocamping.com\/#website"},"primaryImageOfPage":{"@id":"https:\/\/www.mondocamping.com\/fr\/marches-de-noel-dans-les-langhe\/#primaryimage"},"image":{"@id":"https:\/\/www.mondocamping.com\/fr\/marches-de-noel-dans-les-langhe\/#primaryimage"},"thumbnailUrl":"https:\/\/www.mondocamping.com\/wp-content\/uploads\/2024\/12\/mercatino-01.jpg-2.png","datePublished":"2024-12-05T16:51:33+00:00","dateModified":"2024-12-05T16:51:36+00:00","breadcrumb":{"@id":"https:\/\/www.mondocamping.com\/fr\/marches-de-noel-dans-les-langhe\/#breadcrumb"},"inLanguage":"fr-FR","potentialAction":[{"@type":"ReadAction","target":["https:\/\/www.mondocamping.com\/fr\/marches-de-noel-dans-les-langhe\/"]}]},{"@type":"ImageObject","inLanguage":"fr-FR","@id":"https:\/\/www.mondocamping.com\/fr\/marches-de-noel-dans-les-langhe\/#primaryimage","url":"https:\/\/www.mondocamping.com\/wp-content\/uploads\/2024\/12\/mercatino-01.jpg-2.png","contentUrl":"https:\/\/www.mondocamping.com\/wp-content\/uploads\/2024\/12\/mercatino-01.jpg-2.png","width":1200,"height":628,"caption":"Mercatini Asti, photo credit: magicopaesedinatale.com"},{"@type":"BreadcrumbList","@id":"https:\/\/www.mondocamping.com\/fr\/marches-de-noel-dans-les-langhe\/#breadcrumb","itemListElement":[{"@type":"ListItem","position":1,"name":"Home","item":"https:\/\/www.mondocamping.com\/fr\/"},{"@type":"ListItem","position":2,"name":"March\u00e9s de No\u00ebl dans les Langhe"}]},{"@type":"WebSite","@id":"https:\/\/www.mondocamping.com\/#website","url":"https:\/\/www.mondocamping.com\/","name":"Mondo Camping","description":"Le portail d\u00e9di\u00e9 aux gestionnaires de campings et villages touristiques","publisher":{"@id":"https:\/\/www.mondocamping.com\/#organization"},"potentialAction":[{"@type":"SearchAction","target":{"@type":"EntryPoint","urlTemplate":"https:\/\/www.mondocamping.com\/?s={search_term_string}"},"query-input":{"@type":"PropertyValueSpecification","valueRequired":true,"valueName":"search_term_string"}}],"inLanguage":"fr-FR"},{"@type":"Organization","@id":"https:\/\/www.mondocamping.com\/#organization","name":"Mondo Camping","url":"https:\/\/www.mondocamping.com\/","logo":{"@type":"ImageObject","inLanguage":"fr-FR","@id":"https:\/\/www.mondocamping.com\/#\/schema\/logo\/image\/","url":"https:\/\/www.mondocamping.com\/wp-content\/uploads\/2022\/04\/mondo-camping-logo-contornato-1.png","contentUrl":"https:\/\/www.mondocamping.com\/wp-content\/uploads\/2022\/04\/mondo-camping-logo-contornato-1.png","width":280,"height":90,"caption":"Mondo Camping"},"image":{"@id":"https:\/\/www.mondocamping.com\/#\/schema\/logo\/image\/"},"sameAs":["https:\/\/www.facebook.com\/mondobalneare","https:\/\/x.com\/mondobalneare","https:\/\/www.instagram.com\/mondobalneare\/","https:\/\/www.linkedin.com\/company\/67180810\/","https:\/\/www.youtube.com\/user\/mondobalnearevideo"]},{"@type":"Person","@id":"https:\/\/www.mondocamping.com\/#\/schema\/person\/01a031b8c5ef08c2204bb0e696f0a760","name":"Mondo Camping","image":{"@type":"ImageObject","inLanguage":"fr-FR","@id":"https:\/\/www.mondocamping.com\/wp-content\/uploads\/2022\/05\/cropped-icona-MONDO-CAMPING-150x150.png","url":"https:\/\/www.mondocamping.com\/wp-content\/uploads\/2022\/05\/cropped-icona-MONDO-CAMPING-150x150.png","contentUrl":"https:\/\/www.mondocamping.com\/wp-content\/uploads\/2022\/05\/cropped-icona-MONDO-CAMPING-150x150.png","caption":"Mondo Camping"},"sameAs":["https:\/\/www.mondocamping.com\/","https:\/\/www.facebook.com\/mondocamping"]}]}},"_links":{"self":[{"href":"https:\/\/www.mondocamping.com\/fr\/wp-json\/wp\/v2\/posts\/171959","targetHints":{"allow":["GET"]}}],"collection":[{"href":"https:\/\/www.mondocamping.com\/fr\/wp-json\/wp\/v2\/posts"}],"about":[{"href":"https:\/\/www.mondocamping.com\/fr\/wp-json\/wp\/v2\/types\/post"}],"author":[{"embeddable":true,"href":"https:\/\/www.mondocamping.com\/fr\/wp-json\/wp\/v2\/users\/5"}],"replies":[{"embeddable":true,"href":"https:\/\/www.mondocamping.com\/fr\/wp-json\/wp\/v2\/comments?post=171959"}],"version-history":[{"count":1,"href":"https:\/\/www.mondocamping.com\/fr\/wp-json\/wp\/v2\/posts\/171959\/revisions"}],"predecessor-version":[{"id":171960,"href":"https:\/\/www.mondocamping.com\/fr\/wp-json\/wp\/v2\/posts\/171959\/revisions\/171960"}],"wp:featuredmedia":[{"embeddable":true,"href":"https:\/\/www.mondocamping.com\/fr\/wp-json\/wp\/v2\/media\/171947"}],"wp:attachment":[{"href":"https:\/\/www.mondocamping.com\/fr\/wp-json\/wp\/v2\/media?parent=171959"}],"wp:term":[{"taxonomy":"category","embeddable":true,"href":"https:\/\/www.mondocamping.com\/fr\/wp-json\/wp\/v2\/categories?post=171959"},{"taxonomy":"post_tag","embeddable":true,"href":"https:\/\/www.mondocamping.com\/fr\/wp-json\/wp\/v2\/tags?post=171959"}],"curies":[{"name":"wp","href":"https:\/\/api.w.org\/{rel}","templated":true}]}}