{"id":172032,"date":"2024-12-11T16:39:37","date_gmt":"2024-12-11T15:39:37","guid":{"rendered":"https:\/\/www.mondocamping.com\/venetie-nouvel-appel-du-feder-2021-2027-pour-promouvoir-le-tourisme-regional\/"},"modified":"2024-12-11T16:39:40","modified_gmt":"2024-12-11T15:39:40","slug":"venetie-nouvel-appel-du-feder-2021-2027-pour-promouvoir-le-tourisme-regional","status":"publish","type":"post","link":"https:\/\/www.mondocamping.com\/fr\/venetie-nouvel-appel-du-feder-2021-2027-pour-promouvoir-le-tourisme-regional\/","title":{"rendered":"V\u00e9n\u00e9tie : nouvel appel du FEDER 2021-2027 pour promouvoir le tourisme r\u00e9gional"},"content":{"rendered":"\n<p>La V\u00e9n\u00e9tie mise \u00e0 nouveau sur le tourisme, fleuron d&rsquo;une r\u00e9gion qui s&rsquo;enorgueillit de poss\u00e9der la premi\u00e8re destination baln\u00e9aire d&rsquo;Italie, Cavallino-Treporti. Sur proposition du<strong>conseiller au tourisme Federico Caner,<\/strong> le conseil r\u00e9gional a approuv\u00e9 la r\u00e9solution annon\u00e7ant l&rsquo;<strong>ouverture de la deuxi\u00e8me \u00e9dition de l&rsquo;appel d\u00e9di\u00e9 \u00e0 la cr\u00e9ation et au d\u00e9veloppement d&rsquo;agr\u00e9gations de PME pour promouvoir le tourisme sur les march\u00e9s nationaux et internationaux.<\/strong>  <\/p>\n\n<p>L&rsquo;initiative, dot\u00e9e d&rsquo;un <strong>budget total de 4,8 millions d&rsquo;euros<\/strong>, vise \u00e0 soutenir des projets innovants et partag\u00e9s par des r\u00e9seaux d&rsquo;entreprises, des ATI, des ATS et des consortiums, qui mettent en valeur les destinations et les produits touristiques de la r\u00e9gion, une opportunit\u00e9 int\u00e9ressante \u00e9galement pour les nombreuses r\u00e9alit\u00e9s de plein air pr\u00e9sentes dans toute la r\u00e9gion.  <\/p>\n\n<p>Le conseiller Caner d\u00e9clare : \u00ab\u00a0&#8230;<em>Cette deuxi\u00e8me \u00e9dition de l&rsquo;appel \u00e0 propositions repr\u00e9sente une opportunit\u00e9 unique pour les entreprises touristiques de notre r\u00e9gion. Nous avons en effet allou\u00e9 de nouvelles ressources pour favoriser la comp\u00e9titivit\u00e9 et la durabilit\u00e9 des PME de V\u00e9n\u00e9tie, en leur permettant d&rsquo;\u00e9tendre leur pr\u00e9sence sur les march\u00e9s internationaux et de renforcer l&rsquo;attractivit\u00e9 de notre patrimoine culturel et touristique. Toutes les entreprises int\u00e9ress\u00e9es peuvent participer aux agr\u00e9gations afin de saisir cette opportunit\u00e9 de croissance partag\u00e9e\u00a0\u00bb.  <\/em>.<\/p>\n\n<p>Il pr\u00e9cise \u00e9galement :<em>Cet appel \u00e0 propositions vise \u00e0 encourager la cr\u00e9ation de r\u00e9seaux et de consortiums pour la promotion du tourisme et de la culture dans la r\u00e9gion de la V\u00e9n\u00e9tie, conform\u00e9ment \u00e0 la marque \u00ab\u00a0V\u00e9n\u00e9tie, terre de Venise\u00a0\u00bb. Sur un budget total de 4,8 millions d&rsquo;euros, 3,8 millions d&rsquo;euros sont allou\u00e9s \u00e0 des projets d&rsquo;agr\u00e9gations compos\u00e9es d&rsquo;au moins 15 PME et 1 million d&rsquo;euros \u00e0 des projets visant des march\u00e9s \u00e0 long terme, r\u00e9alis\u00e9s par des r\u00e9seaux d&rsquo;au moins 5 consortiums ou agr\u00e9gations comptant au moins 15 micro, petites et moyennes entreprises en leur sein. Les activit\u00e9s \u00e9ligibles comprennent la participation \u00e0 des foires commerciales, l&rsquo;organisation d&rsquo;\u00e9v\u00e9nements promotionnels et l&rsquo;implication de cadres sp\u00e9cialis\u00e9s. <\/em>\u00ab\u00a0.<\/p>\n\n<p>L&rsquo;avis est d\u00e9j\u00e0 disponible sur le site <strong>r\u00e9gional Bur<\/strong> et la demande de soutien doit \u00eatre remplie et soumise exclusivement par voie \u00e9lectronique, \u00e0 travers le <strong>Syst\u00e8me d&rsquo;Information pour la Programmation des Fonds de la R\u00e9gion (Fondi.RVE),<\/strong> pour y acc\u00e9der cliquez<strong><a href=\"https:\/\/www.regione.veneto.it\/web\/programmi-comunitari\/sistemainformativofondirve\" target=\"_blank\" rel=\"noreferrer noopener\"> ici<\/a><\/strong>.<\/p>\n\n<p>L&rsquo;ouverture des d\u00e9lais pour la compilation et la soumission de la demande de soutien est pr\u00e9vue du <strong>20 d\u00e9cembre 2024 <\/strong>\u00e0 <strong>10 heures <\/strong>jusqu&rsquo;au <strong>28 mai 2025 \u00e0 17 heures.<\/strong><\/p>\n\n<p><\/p>\n","protected":false},"excerpt":{"rendered":"<p>La V\u00e9n\u00e9tie mise \u00e0 nouveau sur le tourisme, fleuron d&rsquo;une r\u00e9gion qui s&rsquo;enorgueillit de poss\u00e9der la premi\u00e8re destination baln\u00e9aire d&rsquo;Italie, Cavallino-Treporti. Sur proposition duconseiller au tourisme Federico Caner, le conseil r\u00e9gional a approuv\u00e9 la r\u00e9solution annon\u00e7ant l&rsquo;ouverture de la deuxi\u00e8me \u00e9dition de l&rsquo;appel d\u00e9di\u00e9 \u00e0 la cr\u00e9ation et au d\u00e9veloppement d&rsquo;agr\u00e9gations de PME pour promouvoir [&hellip;]<\/p>\n","protected":false},"author":5,"featured_media":171991,"comment_status":"closed","ping_status":"closed","sticky":false,"template":"","format":"standard","meta":{"_acf_changed":false,"_monsterinsights_skip_tracking":false,"_monsterinsights_sitenote_active":false,"_monsterinsights_sitenote_note":"","_monsterinsights_sitenote_category":0,"footnotes":""},"categories":[4024],"tags":[6680,4210,4262,6681,4079,6283],"class_list":["post-172032","post","type-post","status-publish","format-standard","has-post-thumbnail","hentry","category-actualite","tag-appel-du-feder-2021-2027","tag-camping-fr-2","tag-mondo-camping-fr","tag-pme","tag-tourisme-de-plein-air","tag-venetie"],"acf":[],"yoast_head":"<!-- This site is optimized with the Yoast SEO plugin v27.5 - https:\/\/yoast.com\/product\/yoast-seo-wordpress\/ -->\n<title>V\u00e9n\u00e9tie : nouvel appel du FEDER 2021-2027 pour promouvoir le tourisme r\u00e9gional<\/title>\n<meta name=\"robots\" content=\"index, follow, max-snippet:-1, max-image-preview:large, max-video-preview:-1\" \/>\n<link rel=\"canonical\" href=\"https:\/\/www.mondocamping.com\/fr\/venetie-nouvel-appel-du-feder-2021-2027-pour-promouvoir-le-tourisme-regional\/\" \/>\n<meta property=\"og:locale\" content=\"fr_FR\" \/>\n<meta property=\"og:type\" content=\"article\" \/>\n<meta property=\"og:title\" content=\"V\u00e9n\u00e9tie : nouvel appel du FEDER 2021-2027 pour promouvoir le tourisme r\u00e9gional\" \/>\n<meta property=\"og:description\" content=\"La V\u00e9n\u00e9tie mise \u00e0 nouveau sur le tourisme, fleuron d&rsquo;une r\u00e9gion qui s&rsquo;enorgueillit de poss\u00e9der la premi\u00e8re destination baln\u00e9aire d&rsquo;Italie, Cavallino-Treporti. Sur proposition duconseiller au tourisme Federico Caner, le conseil r\u00e9gional a approuv\u00e9 la r\u00e9solution annon\u00e7ant l&rsquo;ouverture de la deuxi\u00e8me \u00e9dition de l&rsquo;appel d\u00e9di\u00e9 \u00e0 la cr\u00e9ation et au d\u00e9veloppement d&rsquo;agr\u00e9gations de PME pour promouvoir [&hellip;]\" \/>\n<meta property=\"og:url\" content=\"https:\/\/www.mondocamping.com\/fr\/venetie-nouvel-appel-du-feder-2021-2027-pour-promouvoir-le-tourisme-regional\/\" \/>\n<meta property=\"og:site_name\" content=\"Mondo Camping\" \/>\n<meta property=\"article:publisher\" content=\"https:\/\/www.facebook.com\/mondobalneare\" \/>\n<meta property=\"article:author\" content=\"https:\/\/www.facebook.com\/mondocamping\" \/>\n<meta property=\"article:published_time\" content=\"2024-12-11T15:39:37+00:00\" \/>\n<meta property=\"article:modified_time\" content=\"2024-12-11T15:39:40+00:00\" \/>\n<meta property=\"og:image\" content=\"https:\/\/www.mondocamping.com\/wp-content\/uploads\/2024\/12\/john-schnobrich-2FPjlAyMQTA-unsplash-2.jpg\" \/>\n\t<meta property=\"og:image:width\" content=\"1200\" \/>\n\t<meta property=\"og:image:height\" content=\"628\" \/>\n\t<meta property=\"og:image:type\" content=\"image\/jpeg\" \/>\n<meta name=\"author\" content=\"Mondo Camping\" \/>\n<meta name=\"twitter:card\" content=\"summary_large_image\" \/>\n<meta name=\"twitter:creator\" content=\"@mondobalneare\" \/>\n<meta name=\"twitter:site\" content=\"@mondobalneare\" \/>\n<meta name=\"twitter:label1\" content=\"\u00c9crit par\" \/>\n\t<meta name=\"twitter:data1\" content=\"Mondo Camping\" \/>\n\t<meta name=\"twitter:label2\" content=\"Dur\u00e9e de lecture estim\u00e9e\" \/>\n\t<meta name=\"twitter:data2\" content=\"2 minutes\" \/>\n<script type=\"application\/ld+json\" class=\"yoast-schema-graph\">{\"@context\":\"https:\\\/\\\/schema.org\",\"@graph\":[{\"@type\":\"Article\",\"@id\":\"https:\\\/\\\/www.mondocamping.com\\\/fr\\\/venetie-nouvel-appel-du-feder-2021-2027-pour-promouvoir-le-tourisme-regional\\\/#article\",\"isPartOf\":{\"@id\":\"https:\\\/\\\/www.mondocamping.com\\\/fr\\\/venetie-nouvel-appel-du-feder-2021-2027-pour-promouvoir-le-tourisme-regional\\\/\"},\"author\":{\"name\":\"Mondo Camping\",\"@id\":\"https:\\\/\\\/www.mondocamping.com\\\/#\\\/schema\\\/person\\\/01a031b8c5ef08c2204bb0e696f0a760\"},\"headline\":\"V\u00e9n\u00e9tie : nouvel appel du FEDER 2021-2027 pour promouvoir le tourisme r\u00e9gional\",\"datePublished\":\"2024-12-11T15:39:37+00:00\",\"dateModified\":\"2024-12-11T15:39:40+00:00\",\"mainEntityOfPage\":{\"@id\":\"https:\\\/\\\/www.mondocamping.com\\\/fr\\\/venetie-nouvel-appel-du-feder-2021-2027-pour-promouvoir-le-tourisme-regional\\\/\"},\"wordCount\":464,\"publisher\":{\"@id\":\"https:\\\/\\\/www.mondocamping.com\\\/#organization\"},\"image\":{\"@id\":\"https:\\\/\\\/www.mondocamping.com\\\/fr\\\/venetie-nouvel-appel-du-feder-2021-2027-pour-promouvoir-le-tourisme-regional\\\/#primaryimage\"},\"thumbnailUrl\":\"https:\\\/\\\/www.mondocamping.com\\\/wp-content\\\/uploads\\\/2024\\\/12\\\/john-schnobrich-2FPjlAyMQTA-unsplash-2.jpg\",\"keywords\":[\"Appel du FEDER 2021-2027\",\"camping\",\"Mondo Camping\",\"PME\",\"Tourisme de plein air\",\"V\u00e9n\u00e9tie\"],\"articleSection\":[\"Actualit\u00e9\"],\"inLanguage\":\"fr-FR\"},{\"@type\":\"WebPage\",\"@id\":\"https:\\\/\\\/www.mondocamping.com\\\/fr\\\/venetie-nouvel-appel-du-feder-2021-2027-pour-promouvoir-le-tourisme-regional\\\/\",\"url\":\"https:\\\/\\\/www.mondocamping.com\\\/fr\\\/venetie-nouvel-appel-du-feder-2021-2027-pour-promouvoir-le-tourisme-regional\\\/\",\"name\":\"V\u00e9n\u00e9tie : nouvel appel du FEDER 2021-2027 pour promouvoir le tourisme r\u00e9gional\",\"isPartOf\":{\"@id\":\"https:\\\/\\\/www.mondocamping.com\\\/#website\"},\"primaryImageOfPage\":{\"@id\":\"https:\\\/\\\/www.mondocamping.com\\\/fr\\\/venetie-nouvel-appel-du-feder-2021-2027-pour-promouvoir-le-tourisme-regional\\\/#primaryimage\"},\"image\":{\"@id\":\"https:\\\/\\\/www.mondocamping.com\\\/fr\\\/venetie-nouvel-appel-du-feder-2021-2027-pour-promouvoir-le-tourisme-regional\\\/#primaryimage\"},\"thumbnailUrl\":\"https:\\\/\\\/www.mondocamping.com\\\/wp-content\\\/uploads\\\/2024\\\/12\\\/john-schnobrich-2FPjlAyMQTA-unsplash-2.jpg\",\"datePublished\":\"2024-12-11T15:39:37+00:00\",\"dateModified\":\"2024-12-11T15:39:40+00:00\",\"breadcrumb\":{\"@id\":\"https:\\\/\\\/www.mondocamping.com\\\/fr\\\/venetie-nouvel-appel-du-feder-2021-2027-pour-promouvoir-le-tourisme-regional\\\/#breadcrumb\"},\"inLanguage\":\"fr-FR\",\"potentialAction\":[{\"@type\":\"ReadAction\",\"target\":[\"https:\\\/\\\/www.mondocamping.com\\\/fr\\\/venetie-nouvel-appel-du-feder-2021-2027-pour-promouvoir-le-tourisme-regional\\\/\"]}]},{\"@type\":\"ImageObject\",\"inLanguage\":\"fr-FR\",\"@id\":\"https:\\\/\\\/www.mondocamping.com\\\/fr\\\/venetie-nouvel-appel-du-feder-2021-2027-pour-promouvoir-le-tourisme-regional\\\/#primaryimage\",\"url\":\"https:\\\/\\\/www.mondocamping.com\\\/wp-content\\\/uploads\\\/2024\\\/12\\\/john-schnobrich-2FPjlAyMQTA-unsplash-2.jpg\",\"contentUrl\":\"https:\\\/\\\/www.mondocamping.com\\\/wp-content\\\/uploads\\\/2024\\\/12\\\/john-schnobrich-2FPjlAyMQTA-unsplash-2.jpg\",\"width\":1200,\"height\":628},{\"@type\":\"BreadcrumbList\",\"@id\":\"https:\\\/\\\/www.mondocamping.com\\\/fr\\\/venetie-nouvel-appel-du-feder-2021-2027-pour-promouvoir-le-tourisme-regional\\\/#breadcrumb\",\"itemListElement\":[{\"@type\":\"ListItem\",\"position\":1,\"name\":\"Home\",\"item\":\"https:\\\/\\\/www.mondocamping.com\\\/fr\\\/\"},{\"@type\":\"ListItem\",\"position\":2,\"name\":\"V\u00e9n\u00e9tie : nouvel appel du FEDER 2021-2027 pour promouvoir le tourisme r\u00e9gional\"}]},{\"@type\":\"WebSite\",\"@id\":\"https:\\\/\\\/www.mondocamping.com\\\/#website\",\"url\":\"https:\\\/\\\/www.mondocamping.com\\\/\",\"name\":\"Mondo Camping\",\"description\":\"Le portail d\u00e9di\u00e9 aux gestionnaires de campings et villages touristiques\",\"publisher\":{\"@id\":\"https:\\\/\\\/www.mondocamping.com\\\/#organization\"},\"potentialAction\":[{\"@type\":\"SearchAction\",\"target\":{\"@type\":\"EntryPoint\",\"urlTemplate\":\"https:\\\/\\\/www.mondocamping.com\\\/?s={search_term_string}\"},\"query-input\":{\"@type\":\"PropertyValueSpecification\",\"valueRequired\":true,\"valueName\":\"search_term_string\"}}],\"inLanguage\":\"fr-FR\"},{\"@type\":\"Organization\",\"@id\":\"https:\\\/\\\/www.mondocamping.com\\\/#organization\",\"name\":\"Mondo Camping\",\"url\":\"https:\\\/\\\/www.mondocamping.com\\\/\",\"logo\":{\"@type\":\"ImageObject\",\"inLanguage\":\"fr-FR\",\"@id\":\"https:\\\/\\\/www.mondocamping.com\\\/#\\\/schema\\\/logo\\\/image\\\/\",\"url\":\"https:\\\/\\\/www.mondocamping.com\\\/wp-content\\\/uploads\\\/2022\\\/04\\\/mondo-camping-logo-contornato-1.png\",\"contentUrl\":\"https:\\\/\\\/www.mondocamping.com\\\/wp-content\\\/uploads\\\/2022\\\/04\\\/mondo-camping-logo-contornato-1.png\",\"width\":280,\"height\":90,\"caption\":\"Mondo Camping\"},\"image\":{\"@id\":\"https:\\\/\\\/www.mondocamping.com\\\/#\\\/schema\\\/logo\\\/image\\\/\"},\"sameAs\":[\"https:\\\/\\\/www.facebook.com\\\/mondobalneare\",\"https:\\\/\\\/x.com\\\/mondobalneare\",\"https:\\\/\\\/www.instagram.com\\\/mondobalneare\\\/\",\"https:\\\/\\\/www.linkedin.com\\\/company\\\/67180810\\\/\",\"https:\\\/\\\/www.youtube.com\\\/user\\\/mondobalnearevideo\"]},{\"@type\":\"Person\",\"@id\":\"https:\\\/\\\/www.mondocamping.com\\\/#\\\/schema\\\/person\\\/01a031b8c5ef08c2204bb0e696f0a760\",\"name\":\"Mondo Camping\",\"image\":{\"@type\":\"ImageObject\",\"inLanguage\":\"fr-FR\",\"@id\":\"https:\\\/\\\/www.mondocamping.com\\\/wp-content\\\/uploads\\\/2022\\\/05\\\/cropped-icona-MONDO-CAMPING-150x150.png\",\"url\":\"https:\\\/\\\/www.mondocamping.com\\\/wp-content\\\/uploads\\\/2022\\\/05\\\/cropped-icona-MONDO-CAMPING-150x150.png\",\"contentUrl\":\"https:\\\/\\\/www.mondocamping.com\\\/wp-content\\\/uploads\\\/2022\\\/05\\\/cropped-icona-MONDO-CAMPING-150x150.png\",\"caption\":\"Mondo Camping\"},\"sameAs\":[\"https:\\\/\\\/www.mondocamping.com\\\/\",\"https:\\\/\\\/www.facebook.com\\\/mondocamping\"]}]}<\/script>\n<!-- \/ Yoast SEO plugin. -->","yoast_head_json":{"title":"V\u00e9n\u00e9tie : nouvel appel du FEDER 2021-2027 pour promouvoir le tourisme r\u00e9gional","robots":{"index":"index","follow":"follow","max-snippet":"max-snippet:-1","max-image-preview":"max-image-preview:large","max-video-preview":"max-video-preview:-1"},"canonical":"https:\/\/www.mondocamping.com\/fr\/venetie-nouvel-appel-du-feder-2021-2027-pour-promouvoir-le-tourisme-regional\/","og_locale":"fr_FR","og_type":"article","og_title":"V\u00e9n\u00e9tie : nouvel appel du FEDER 2021-2027 pour promouvoir le tourisme r\u00e9gional","og_description":"La V\u00e9n\u00e9tie mise \u00e0 nouveau sur le tourisme, fleuron d&rsquo;une r\u00e9gion qui s&rsquo;enorgueillit de poss\u00e9der la premi\u00e8re destination baln\u00e9aire d&rsquo;Italie, Cavallino-Treporti. Sur proposition duconseiller au tourisme Federico Caner, le conseil r\u00e9gional a approuv\u00e9 la r\u00e9solution annon\u00e7ant l&rsquo;ouverture de la deuxi\u00e8me \u00e9dition de l&rsquo;appel d\u00e9di\u00e9 \u00e0 la cr\u00e9ation et au d\u00e9veloppement d&rsquo;agr\u00e9gations de PME pour promouvoir [&hellip;]","og_url":"https:\/\/www.mondocamping.com\/fr\/venetie-nouvel-appel-du-feder-2021-2027-pour-promouvoir-le-tourisme-regional\/","og_site_name":"Mondo Camping","article_publisher":"https:\/\/www.facebook.com\/mondobalneare","article_author":"https:\/\/www.facebook.com\/mondocamping","article_published_time":"2024-12-11T15:39:37+00:00","article_modified_time":"2024-12-11T15:39:40+00:00","og_image":[{"width":1200,"height":628,"url":"https:\/\/www.mondocamping.com\/wp-content\/uploads\/2024\/12\/john-schnobrich-2FPjlAyMQTA-unsplash-2.jpg","type":"image\/jpeg"}],"author":"Mondo Camping","twitter_card":"summary_large_image","twitter_creator":"@mondobalneare","twitter_site":"@mondobalneare","twitter_misc":{"\u00c9crit par":"Mondo Camping","Dur\u00e9e de lecture estim\u00e9e":"2 minutes"},"schema":{"@context":"https:\/\/schema.org","@graph":[{"@type":"Article","@id":"https:\/\/www.mondocamping.com\/fr\/venetie-nouvel-appel-du-feder-2021-2027-pour-promouvoir-le-tourisme-regional\/#article","isPartOf":{"@id":"https:\/\/www.mondocamping.com\/fr\/venetie-nouvel-appel-du-feder-2021-2027-pour-promouvoir-le-tourisme-regional\/"},"author":{"name":"Mondo Camping","@id":"https:\/\/www.mondocamping.com\/#\/schema\/person\/01a031b8c5ef08c2204bb0e696f0a760"},"headline":"V\u00e9n\u00e9tie : nouvel appel du FEDER 2021-2027 pour promouvoir le tourisme r\u00e9gional","datePublished":"2024-12-11T15:39:37+00:00","dateModified":"2024-12-11T15:39:40+00:00","mainEntityOfPage":{"@id":"https:\/\/www.mondocamping.com\/fr\/venetie-nouvel-appel-du-feder-2021-2027-pour-promouvoir-le-tourisme-regional\/"},"wordCount":464,"publisher":{"@id":"https:\/\/www.mondocamping.com\/#organization"},"image":{"@id":"https:\/\/www.mondocamping.com\/fr\/venetie-nouvel-appel-du-feder-2021-2027-pour-promouvoir-le-tourisme-regional\/#primaryimage"},"thumbnailUrl":"https:\/\/www.mondocamping.com\/wp-content\/uploads\/2024\/12\/john-schnobrich-2FPjlAyMQTA-unsplash-2.jpg","keywords":["Appel du FEDER 2021-2027","camping","Mondo Camping","PME","Tourisme de plein air","V\u00e9n\u00e9tie"],"articleSection":["Actualit\u00e9"],"inLanguage":"fr-FR"},{"@type":"WebPage","@id":"https:\/\/www.mondocamping.com\/fr\/venetie-nouvel-appel-du-feder-2021-2027-pour-promouvoir-le-tourisme-regional\/","url":"https:\/\/www.mondocamping.com\/fr\/venetie-nouvel-appel-du-feder-2021-2027-pour-promouvoir-le-tourisme-regional\/","name":"V\u00e9n\u00e9tie : nouvel appel du FEDER 2021-2027 pour promouvoir le tourisme r\u00e9gional","isPartOf":{"@id":"https:\/\/www.mondocamping.com\/#website"},"primaryImageOfPage":{"@id":"https:\/\/www.mondocamping.com\/fr\/venetie-nouvel-appel-du-feder-2021-2027-pour-promouvoir-le-tourisme-regional\/#primaryimage"},"image":{"@id":"https:\/\/www.mondocamping.com\/fr\/venetie-nouvel-appel-du-feder-2021-2027-pour-promouvoir-le-tourisme-regional\/#primaryimage"},"thumbnailUrl":"https:\/\/www.mondocamping.com\/wp-content\/uploads\/2024\/12\/john-schnobrich-2FPjlAyMQTA-unsplash-2.jpg","datePublished":"2024-12-11T15:39:37+00:00","dateModified":"2024-12-11T15:39:40+00:00","breadcrumb":{"@id":"https:\/\/www.mondocamping.com\/fr\/venetie-nouvel-appel-du-feder-2021-2027-pour-promouvoir-le-tourisme-regional\/#breadcrumb"},"inLanguage":"fr-FR","potentialAction":[{"@type":"ReadAction","target":["https:\/\/www.mondocamping.com\/fr\/venetie-nouvel-appel-du-feder-2021-2027-pour-promouvoir-le-tourisme-regional\/"]}]},{"@type":"ImageObject","inLanguage":"fr-FR","@id":"https:\/\/www.mondocamping.com\/fr\/venetie-nouvel-appel-du-feder-2021-2027-pour-promouvoir-le-tourisme-regional\/#primaryimage","url":"https:\/\/www.mondocamping.com\/wp-content\/uploads\/2024\/12\/john-schnobrich-2FPjlAyMQTA-unsplash-2.jpg","contentUrl":"https:\/\/www.mondocamping.com\/wp-content\/uploads\/2024\/12\/john-schnobrich-2FPjlAyMQTA-unsplash-2.jpg","width":1200,"height":628},{"@type":"BreadcrumbList","@id":"https:\/\/www.mondocamping.com\/fr\/venetie-nouvel-appel-du-feder-2021-2027-pour-promouvoir-le-tourisme-regional\/#breadcrumb","itemListElement":[{"@type":"ListItem","position":1,"name":"Home","item":"https:\/\/www.mondocamping.com\/fr\/"},{"@type":"ListItem","position":2,"name":"V\u00e9n\u00e9tie : nouvel appel du FEDER 2021-2027 pour promouvoir le tourisme r\u00e9gional"}]},{"@type":"WebSite","@id":"https:\/\/www.mondocamping.com\/#website","url":"https:\/\/www.mondocamping.com\/","name":"Mondo Camping","description":"Le portail d\u00e9di\u00e9 aux gestionnaires de campings et villages touristiques","publisher":{"@id":"https:\/\/www.mondocamping.com\/#organization"},"potentialAction":[{"@type":"SearchAction","target":{"@type":"EntryPoint","urlTemplate":"https:\/\/www.mondocamping.com\/?s={search_term_string}"},"query-input":{"@type":"PropertyValueSpecification","valueRequired":true,"valueName":"search_term_string"}}],"inLanguage":"fr-FR"},{"@type":"Organization","@id":"https:\/\/www.mondocamping.com\/#organization","name":"Mondo Camping","url":"https:\/\/www.mondocamping.com\/","logo":{"@type":"ImageObject","inLanguage":"fr-FR","@id":"https:\/\/www.mondocamping.com\/#\/schema\/logo\/image\/","url":"https:\/\/www.mondocamping.com\/wp-content\/uploads\/2022\/04\/mondo-camping-logo-contornato-1.png","contentUrl":"https:\/\/www.mondocamping.com\/wp-content\/uploads\/2022\/04\/mondo-camping-logo-contornato-1.png","width":280,"height":90,"caption":"Mondo Camping"},"image":{"@id":"https:\/\/www.mondocamping.com\/#\/schema\/logo\/image\/"},"sameAs":["https:\/\/www.facebook.com\/mondobalneare","https:\/\/x.com\/mondobalneare","https:\/\/www.instagram.com\/mondobalneare\/","https:\/\/www.linkedin.com\/company\/67180810\/","https:\/\/www.youtube.com\/user\/mondobalnearevideo"]},{"@type":"Person","@id":"https:\/\/www.mondocamping.com\/#\/schema\/person\/01a031b8c5ef08c2204bb0e696f0a760","name":"Mondo Camping","image":{"@type":"ImageObject","inLanguage":"fr-FR","@id":"https:\/\/www.mondocamping.com\/wp-content\/uploads\/2022\/05\/cropped-icona-MONDO-CAMPING-150x150.png","url":"https:\/\/www.mondocamping.com\/wp-content\/uploads\/2022\/05\/cropped-icona-MONDO-CAMPING-150x150.png","contentUrl":"https:\/\/www.mondocamping.com\/wp-content\/uploads\/2022\/05\/cropped-icona-MONDO-CAMPING-150x150.png","caption":"Mondo Camping"},"sameAs":["https:\/\/www.mondocamping.com\/","https:\/\/www.facebook.com\/mondocamping"]}]}},"_links":{"self":[{"href":"https:\/\/www.mondocamping.com\/fr\/wp-json\/wp\/v2\/posts\/172032","targetHints":{"allow":["GET"]}}],"collection":[{"href":"https:\/\/www.mondocamping.com\/fr\/wp-json\/wp\/v2\/posts"}],"about":[{"href":"https:\/\/www.mondocamping.com\/fr\/wp-json\/wp\/v2\/types\/post"}],"author":[{"embeddable":true,"href":"https:\/\/www.mondocamping.com\/fr\/wp-json\/wp\/v2\/users\/5"}],"replies":[{"embeddable":true,"href":"https:\/\/www.mondocamping.com\/fr\/wp-json\/wp\/v2\/comments?post=172032"}],"version-history":[{"count":1,"href":"https:\/\/www.mondocamping.com\/fr\/wp-json\/wp\/v2\/posts\/172032\/revisions"}],"predecessor-version":[{"id":172033,"href":"https:\/\/www.mondocamping.com\/fr\/wp-json\/wp\/v2\/posts\/172032\/revisions\/172033"}],"wp:featuredmedia":[{"embeddable":true,"href":"https:\/\/www.mondocamping.com\/fr\/wp-json\/wp\/v2\/media\/171991"}],"wp:attachment":[{"href":"https:\/\/www.mondocamping.com\/fr\/wp-json\/wp\/v2\/media?parent=172032"}],"wp:term":[{"taxonomy":"category","embeddable":true,"href":"https:\/\/www.mondocamping.com\/fr\/wp-json\/wp\/v2\/categories?post=172032"},{"taxonomy":"post_tag","embeddable":true,"href":"https:\/\/www.mondocamping.com\/fr\/wp-json\/wp\/v2\/tags?post=172032"}],"curies":[{"name":"wp","href":"https:\/\/api.w.org\/{rel}","templated":true}]}}